{"id":202743,"date":"2023-02-09T12:50:00","date_gmt":"2023-02-09T12:50:00","guid":{"rendered":"https:\/\/www.webdo.tn\/fr\/blog\/mortadha-ben-ouannes-raconte-la-nuit-d-horreur-vecue-a-hatay\/202743\/"},"modified":"2025-05-20T22:59:13","modified_gmt":"2025-05-20T22:59:13","slug":"mortadha-ben-ouannes-raconte-la-nuit-d-horreur-vecue-a-hatay","status":"publish","type":"post","link":"https:\/\/www.webdo.tn\/fr\/actualite\/national\/mortadha-ben-ouannes-raconte-la-nuit-d-horreur-vecue-a-hatay\/202743\/","title":{"rendered":"Mortadha Ben Ouann\u00e8s raconte la nuit d\u2019horreur v\u00e9cue \u00e0 Hatay"},"content":{"rendered":"<p>L\u2019international tunisien Mortadha Ben Ouann\u00e8s est revenu sur la nuit d\u2019horreur v\u00e9cue \u00e0 Hatay o\u00f9 son \u00e9quipe disputait, dimanche soir, un match de la S\u00fcper Lig.<\/p>\n<p>\t\t\t\t\t\t\t\t\tEn d\u00e9placement \u00e0 Hatay o\u00f9 son \u00e9quipe Kasimpasa, disputait, dimanche soir, un match contre l\u2019\u00e9quipe locale, Hatayspor, l\u2019ex-Etoil\u00e9 \u00e9tait \u00e0 l\u2019h\u00f4tel au moment du s\u00e9isme. Il revient, en \u00e9moi, sur ce qui s\u2019est pass\u00e9 cette nuit-l\u00e0 :<\/p>\n<p>\u00ab\u00a0La direction de l\u2019\u00e9quipe a pr\u00e9f\u00e9r\u00e9 que nous passions la nuit dans la province de Hatay apr\u00e8s le match plut\u00f4t que de retourner \u00e0 Istanbul. Vers 4h30 du matin, nous avons \u00e9t\u00e9 r\u00e9veill\u00e9s par des bruits assourdissants, accompagn\u00e9s de violents tremblements. Nous avons tous quitt\u00e9 les chambres de peur que l\u2019h\u00f4tel ne s&rsquo;effondre. Heureusement, il n&rsquo;y a pas eu de bless\u00e9s dans l&rsquo;\u00e9quipe puisque nous sommes sortis rapidement\u00a0\u00bb.<\/p>\n<p>Et de continuer : \u00ab\u00a0Nous avons v\u00e9cu des moments tr\u00e8s difficiles. Nous avons pr\u00e9f\u00e9r\u00e9 rester dans le bus de peur d&rsquo;autres secousses qui pourraient provoquer l&rsquo;effondrement de la r\u00e9sidence. Le retour \u00e0 Istanbul en bus n&rsquo;a pas \u00e9t\u00e9 possible en raison de la distance, et les d\u00e9g\u00e2ts caus\u00e9s sur le r\u00e9seau routier, dans le sud de la Turquie notamment. Il n&rsquo;a pas \u00e9t\u00e9 non plus possible de traverser l&rsquo;a\u00e9roport de la ville en raison des d\u00e9g\u00e2ts qu&rsquo;il a subis \u00e0 la suite du tremblement de terre.<\/p>\n<p>Nous avons d\u00fb d\u00e9m\u00e9nager dans un petit a\u00e9roport qui n&rsquo;a pas subi beaucoup de d\u00e9g\u00e2ts, ce qui nous a finalement permis de nous rendre \u00e0 Istanbul en avion priv\u00e9. Le cauchemar a pris fin apr\u00e8s l&rsquo;arriv\u00e9e de notre avion \u00e0 Istanbul, quand nous avons pu rejoindre nos maisons, m\u00eame si notre \u00e9tions encore sous le choc\u00a0\u00bb.<\/p>\n<p>L\u2019international tunisien a compati \u00e0 la disparition du gardien de but de Matalyaspor : \u00ab\u00a0Nous avons tous \u00e9t\u00e9 attrist\u00e9s par la mort d&rsquo;Ahmed Ayoub Turkslan, consid\u00e9r\u00e9e comme l&rsquo;une des stars les plus en vue de la ligue turque. Actuellement, la situation est stable \u00e0 Istanbul, et aucune mesure exceptionnelle n&rsquo;a \u00e9t\u00e9 prise, contrairement \u00e0 ce qui s&rsquo;est pass\u00e9 dans le sud de la Turquie.Nous continuons \u00e0 nous entra\u00eener normalement, en attendant que le championnat de la ligue reprenne son activit\u00e9\u00a0\u00bb.<\/p>\n<p>Plus de peur que de mal, heureusement, pour l\u2019international tunisien avec l\u2019espoir de voir la Turquie et la Syrie se remettre vite de ce terrible \u00e9cueil.<\/p>\n","protected":false},"excerpt":{"rendered":"<p>L\u2019international tunisien Mortadha Ben Ouann\u00e8s est revenu sur la nuit d\u2019horreur v\u00e9cue \u00e0 Hatay o\u00f9 son \u00e9quipe disputait, dimanche soir, un match de la S\u00fcper Lig.<\/p>\n","protected":false},"author":3188,"featured_media":277727,"comment_status":"open","ping_status":"closed","sticky":false,"template":"","format":"standard","meta":{"footnotes":""},"categories":[44],"tags":[9328,7271,3550],"class_list":["post-202743","post","type-post","status-publish","format-standard","has-post-thumbnail","hentry","category-national","tag-mortadha-ben-ouannes","tag-seisme","tag-turquie"],"yoast_head":"<!-- This site is optimized with the Yoast SEO Premium plugin v27.4 (Yoast SEO v27.5) - https:\/\/yoast.com\/product\/yoast-seo-premium-wordpress\/ -->\n<title>Mortadha Ben Ouann\u00e8s raconte la nuit d\u2019horreur v\u00e9cue \u00e0 Hatay<\/title>\n<meta name=\"description\" content=\"L\u2019international tunisien Mortadha Ben Ouann\u00e8s est revenu sur la nuit d\u2019horreur v\u00e9cue \u00e0 Hatay o\u00f9 son \u00e9quipe disputait, dimanche soir, un match de la S\u00fcper Lig.\" \/>\n<link rel=\"canonical\" href=\"https:\/\/www.webdo.tn\/fr\/actualite\/national\/mortadha-ben-ouannes-raconte-la-nuit-d-horreur-vecue-a-hatay\/202743\/\" \/>\n<meta property=\"og:locale\" content=\"fr_FR\" \/>\n<meta property=\"og:type\" content=\"article\" \/>\n<meta property=\"og:title\" content=\"Mortadha Ben Ouann\u00e8s raconte la nuit d\u2019horreur v\u00e9cue \u00e0 Hatay\" \/>\n<meta property=\"og:description\" content=\"L\u2019international tunisien Mortadha Ben Ouann\u00e8s est revenu sur la nuit d\u2019horreur v\u00e9cue \u00e0 Hatay o\u00f9 son \u00e9quipe disputait, dimanche soir, un match de la S\u00fcper Lig.\" \/>\n<meta property=\"og:url\" content=\"https:\/\/www.webdo.tn\/fr\/actualite\/national\/mortadha-ben-ouannes-raconte-la-nuit-d-horreur-vecue-a-hatay\/202743\/\" \/>\n<meta property=\"og:site_name\" content=\"webdo\" \/>\n<meta property=\"article:publisher\" content=\"https:\/\/www.facebook.com\/webdotn\" \/>\n<meta property=\"article:published_time\" content=\"2023-02-09T12:50:00+00:00\" \/>\n<meta property=\"article:modified_time\" content=\"2025-05-20T22:59:13+00:00\" \/>\n<meta property=\"og:image\" content=\"https:\/\/www.webdo.tn\/fr\/wp-content\/uploads\/2023\/02\/216fafc921aeb9948142b89a6a9f8fed.jpg\" \/>\n\t<meta property=\"og:image:width\" content=\"750\" \/>\n\t<meta property=\"og:image:height\" content=\"400\" \/>\n\t<meta property=\"og:image:type\" content=\"image\/jpeg\" \/>\n<meta name=\"author\" content=\"Ramzi\" \/>\n<meta name=\"twitter:card\" content=\"summary_large_image\" \/>\n<meta name=\"twitter:creator\" content=\"@webdo_tn\" \/>\n<meta name=\"twitter:site\" content=\"@webdo_tn\" \/>\n<meta name=\"twitter:label1\" content=\"\u00c9crit par\" \/>\n\t<meta name=\"twitter:data1\" content=\"Ramzi\" \/>\n\t<meta name=\"twitter:label2\" content=\"Dur\u00e9e de lecture estim\u00e9e\" \/>\n\t<meta name=\"twitter:data2\" content=\"2 minutes\" \/>\n<script type=\"application\/ld+json\" class=\"yoast-schema-graph\">{\"@context\":\"https:\\\/\\\/schema.org\",\"@graph\":[{\"@type\":\"NewsArticle\",\"@id\":\"https:\\\/\\\/www.webdo.tn\\\/fr\\\/actualite\\\/national\\\/mortadha-ben-ouannes-raconte-la-nuit-d-horreur-vecue-a-hatay\\\/202743\\\/#article\",\"isPartOf\":{\"@id\":\"https:\\\/\\\/www.webdo.tn\\\/fr\\\/actualite\\\/national\\\/mortadha-ben-ouannes-raconte-la-nuit-d-horreur-vecue-a-hatay\\\/202743\\\/\"},\"author\":{\"name\":\"Ramzi\",\"@id\":\"https:\\\/\\\/www.webdo.tn\\\/fr\\\/#\\\/schema\\\/person\\\/590cb5f81adcfde6385530fdbdf468e2\"},\"headline\":\"Mortadha Ben Ouann\u00e8s raconte la nuit d\u2019horreur v\u00e9cue \u00e0 Hatay\",\"datePublished\":\"2023-02-09T12:50:00+00:00\",\"dateModified\":\"2025-05-20T22:59:13+00:00\",\"mainEntityOfPage\":{\"@id\":\"https:\\\/\\\/www.webdo.tn\\\/fr\\\/actualite\\\/national\\\/mortadha-ben-ouannes-raconte-la-nuit-d-horreur-vecue-a-hatay\\\/202743\\\/\"},\"wordCount\":442,\"commentCount\":0,\"publisher\":{\"@id\":\"https:\\\/\\\/www.webdo.tn\\\/fr\\\/#organization\"},\"image\":{\"@id\":\"https:\\\/\\\/www.webdo.tn\\\/fr\\\/actualite\\\/national\\\/mortadha-ben-ouannes-raconte-la-nuit-d-horreur-vecue-a-hatay\\\/202743\\\/#primaryimage\"},\"thumbnailUrl\":\"https:\\\/\\\/www.webdo.tn\\\/fr\\\/wp-content\\\/uploads\\\/2023\\\/02\\\/216fafc921aeb9948142b89a6a9f8fed.jpg\",\"keywords\":[\"Mortadha Ben Ouann\u00e8s\",\"s\u00e9isme\",\"Turquie\"],\"articleSection\":[\"National\"],\"inLanguage\":\"fr-FR\"},{\"@type\":\"WebPage\",\"@id\":\"https:\\\/\\\/www.webdo.tn\\\/fr\\\/actualite\\\/national\\\/mortadha-ben-ouannes-raconte-la-nuit-d-horreur-vecue-a-hatay\\\/202743\\\/\",\"url\":\"https:\\\/\\\/www.webdo.tn\\\/fr\\\/actualite\\\/national\\\/mortadha-ben-ouannes-raconte-la-nuit-d-horreur-vecue-a-hatay\\\/202743\\\/\",\"name\":\"Mortadha Ben Ouann\u00e8s raconte la nuit d\u2019horreur v\u00e9cue \u00e0 Hatay\",\"isPartOf\":{\"@id\":\"https:\\\/\\\/www.webdo.tn\\\/fr\\\/#website\"},\"primaryImageOfPage\":{\"@id\":\"https:\\\/\\\/www.webdo.tn\\\/fr\\\/actualite\\\/national\\\/mortadha-ben-ouannes-raconte-la-nuit-d-horreur-vecue-a-hatay\\\/202743\\\/#primaryimage\"},\"image\":{\"@id\":\"https:\\\/\\\/www.webdo.tn\\\/fr\\\/actualite\\\/national\\\/mortadha-ben-ouannes-raconte-la-nuit-d-horreur-vecue-a-hatay\\\/202743\\\/#primaryimage\"},\"thumbnailUrl\":\"https:\\\/\\\/www.webdo.tn\\\/fr\\\/wp-content\\\/uploads\\\/2023\\\/02\\\/216fafc921aeb9948142b89a6a9f8fed.jpg\",\"datePublished\":\"2023-02-09T12:50:00+00:00\",\"dateModified\":\"2025-05-20T22:59:13+00:00\",\"description\":\"L\u2019international tunisien Mortadha Ben Ouann\u00e8s est revenu sur la nuit d\u2019horreur v\u00e9cue \u00e0 Hatay o\u00f9 son \u00e9quipe disputait, dimanche soir, un match de la S\u00fcper Lig.\",\"breadcrumb\":{\"@id\":\"https:\\\/\\\/www.webdo.tn\\\/fr\\\/actualite\\\/national\\\/mortadha-ben-ouannes-raconte-la-nuit-d-horreur-vecue-a-hatay\\\/202743\\\/#breadcrumb\"},\"inLanguage\":\"fr-FR\",\"potentialAction\":[{\"@type\":\"ReadAction\",\"target\":[\"https:\\\/\\\/www.webdo.tn\\\/fr\\\/actualite\\\/national\\\/mortadha-ben-ouannes-raconte-la-nuit-d-horreur-vecue-a-hatay\\\/202743\\\/\"]}]},{\"@type\":\"ImageObject\",\"inLanguage\":\"fr-FR\",\"@id\":\"https:\\\/\\\/www.webdo.tn\\\/fr\\\/actualite\\\/national\\\/mortadha-ben-ouannes-raconte-la-nuit-d-horreur-vecue-a-hatay\\\/202743\\\/#primaryimage\",\"url\":\"https:\\\/\\\/www.webdo.tn\\\/fr\\\/wp-content\\\/uploads\\\/2023\\\/02\\\/216fafc921aeb9948142b89a6a9f8fed.jpg\",\"contentUrl\":\"https:\\\/\\\/www.webdo.tn\\\/fr\\\/wp-content\\\/uploads\\\/2023\\\/02\\\/216fafc921aeb9948142b89a6a9f8fed.jpg\",\"width\":750,\"height\":400,\"caption\":\"Mortadha Ben Ouann\u00e8s raconte la nuit d\u2019horreur v\u00e9cue \u00e0 Hatay\"},{\"@type\":\"BreadcrumbList\",\"@id\":\"https:\\\/\\\/www.webdo.tn\\\/fr\\\/actualite\\\/national\\\/mortadha-ben-ouannes-raconte-la-nuit-d-horreur-vecue-a-hatay\\\/202743\\\/#breadcrumb\",\"itemListElement\":[{\"@type\":\"ListItem\",\"position\":1,\"name\":\"Accueil\",\"item\":\"https:\\\/\\\/www.webdo.tn\\\/fr\\\/\"},{\"@type\":\"ListItem\",\"position\":2,\"name\":\"Mortadha Ben Ouann\u00e8s raconte la nuit d\u2019horreur v\u00e9cue \u00e0 Hatay\"}]},{\"@type\":\"WebSite\",\"@id\":\"https:\\\/\\\/www.webdo.tn\\\/fr\\\/#website\",\"url\":\"https:\\\/\\\/www.webdo.tn\\\/fr\\\/\",\"name\":\"webdo\",\"description\":\"Tunisie - News en Tunisie et \u00e0 l&#039;international sur Webdo.tn\",\"publisher\":{\"@id\":\"https:\\\/\\\/www.webdo.tn\\\/fr\\\/#organization\"},\"potentialAction\":[{\"@type\":\"SearchAction\",\"target\":{\"@type\":\"EntryPoint\",\"urlTemplate\":\"https:\\\/\\\/www.webdo.tn\\\/fr\\\/?s={search_term_string}\"},\"query-input\":{\"@type\":\"PropertyValueSpecification\",\"valueRequired\":true,\"valueName\":\"search_term_string\"}}],\"inLanguage\":\"fr-FR\"},{\"@type\":\"Organization\",\"@id\":\"https:\\\/\\\/www.webdo.tn\\\/fr\\\/#organization\",\"name\":\"Webdo\",\"alternateName\":\"Webdo.tn\",\"url\":\"https:\\\/\\\/www.webdo.tn\\\/fr\\\/\",\"logo\":{\"@type\":\"ImageObject\",\"inLanguage\":\"fr-FR\",\"@id\":\"https:\\\/\\\/www.webdo.tn\\\/fr\\\/#\\\/schema\\\/logo\\\/image\\\/\",\"url\":\"https:\\\/\\\/www.webdo.tn\\\/fr\\\/wp-content\\\/uploads\\\/2025\\\/06\\\/Webdo-Tunisie_168377.jpg\",\"contentUrl\":\"https:\\\/\\\/www.webdo.tn\\\/fr\\\/wp-content\\\/uploads\\\/2025\\\/06\\\/Webdo-Tunisie_168377.jpg\",\"width\":301,\"height\":301,\"caption\":\"Webdo\"},\"image\":{\"@id\":\"https:\\\/\\\/www.webdo.tn\\\/fr\\\/#\\\/schema\\\/logo\\\/image\\\/\"},\"sameAs\":[\"https:\\\/\\\/www.facebook.com\\\/webdotn\",\"https:\\\/\\\/x.com\\\/webdo_tn\"],\"description\":\"Webdo est un m\u00e9dia num\u00e9rique tunisien fond\u00e9 en 2010, sp\u00e9cialis\u00e9 dans l\u2019actualit\u00e9 nationale et internationale, l\u2019\u00e9conomie, la soci\u00e9t\u00e9 et les analyses politiques. Le site s\u2019adresse \u00e0 un large public francophone et couvre l\u2019information tunisienne en temps r\u00e9el.\",\"email\":\"redac@webdo.tn\",\"legalName\":\"YNJ SARL\",\"foundingDate\":\"2010-09-06\",\"numberOfEmployees\":{\"@type\":\"QuantitativeValue\",\"minValue\":\"11\",\"maxValue\":\"50\"}},{\"@type\":\"Person\",\"@id\":\"https:\\\/\\\/www.webdo.tn\\\/fr\\\/#\\\/schema\\\/person\\\/590cb5f81adcfde6385530fdbdf468e2\",\"name\":\"Ramzi\",\"image\":{\"@type\":\"ImageObject\",\"inLanguage\":\"fr-FR\",\"@id\":\"https:\\\/\\\/secure.gravatar.com\\\/avatar\\\/48df7d18915e10cf866ba8e27604c81ff9243fd52704a1d210c3e387e1cb8d87?s=96&d=mm&r=g\",\"url\":\"https:\\\/\\\/secure.gravatar.com\\\/avatar\\\/48df7d18915e10cf866ba8e27604c81ff9243fd52704a1d210c3e387e1cb8d87?s=96&d=mm&r=g\",\"contentUrl\":\"https:\\\/\\\/secure.gravatar.com\\\/avatar\\\/48df7d18915e10cf866ba8e27604c81ff9243fd52704a1d210c3e387e1cb8d87?s=96&d=mm&r=g\",\"caption\":\"Ramzi\"},\"url\":\"https:\\\/\\\/www.webdo.tn\\\/fr\\\/actualite\\\/author\\\/ramzi\\\/\"}]}<\/script>\n<!-- \/ Yoast SEO Premium plugin. -->","yoast_head_json":{"title":"Mortadha Ben Ouann\u00e8s raconte la nuit d\u2019horreur v\u00e9cue \u00e0 Hatay","description":"L\u2019international tunisien Mortadha Ben Ouann\u00e8s est revenu sur la nuit d\u2019horreur v\u00e9cue \u00e0 Hatay o\u00f9 son \u00e9quipe disputait, dimanche soir, un match de la S\u00fcper Lig.","canonical":"https:\/\/www.webdo.tn\/fr\/actualite\/national\/mortadha-ben-ouannes-raconte-la-nuit-d-horreur-vecue-a-hatay\/202743\/","og_locale":"fr_FR","og_type":"article","og_title":"Mortadha Ben Ouann\u00e8s raconte la nuit d\u2019horreur v\u00e9cue \u00e0 Hatay","og_description":"L\u2019international tunisien Mortadha Ben Ouann\u00e8s est revenu sur la nuit d\u2019horreur v\u00e9cue \u00e0 Hatay o\u00f9 son \u00e9quipe disputait, dimanche soir, un match de la S\u00fcper Lig.","og_url":"https:\/\/www.webdo.tn\/fr\/actualite\/national\/mortadha-ben-ouannes-raconte-la-nuit-d-horreur-vecue-a-hatay\/202743\/","og_site_name":"webdo","article_publisher":"https:\/\/www.facebook.com\/webdotn","article_published_time":"2023-02-09T12:50:00+00:00","article_modified_time":"2025-05-20T22:59:13+00:00","og_image":[{"width":750,"height":400,"url":"https:\/\/www.webdo.tn\/fr\/wp-content\/uploads\/2023\/02\/216fafc921aeb9948142b89a6a9f8fed.jpg","type":"image\/jpeg"}],"author":"Ramzi","twitter_card":"summary_large_image","twitter_creator":"@webdo_tn","twitter_site":"@webdo_tn","twitter_misc":{"\u00c9crit par":"Ramzi","Dur\u00e9e de lecture estim\u00e9e":"2 minutes"},"schema":{"@context":"https:\/\/schema.org","@graph":[{"@type":"NewsArticle","@id":"https:\/\/www.webdo.tn\/fr\/actualite\/national\/mortadha-ben-ouannes-raconte-la-nuit-d-horreur-vecue-a-hatay\/202743\/#article","isPartOf":{"@id":"https:\/\/www.webdo.tn\/fr\/actualite\/national\/mortadha-ben-ouannes-raconte-la-nuit-d-horreur-vecue-a-hatay\/202743\/"},"author":{"name":"Ramzi","@id":"https:\/\/www.webdo.tn\/fr\/#\/schema\/person\/590cb5f81adcfde6385530fdbdf468e2"},"headline":"Mortadha Ben Ouann\u00e8s raconte la nuit d\u2019horreur v\u00e9cue \u00e0 Hatay","datePublished":"2023-02-09T12:50:00+00:00","dateModified":"2025-05-20T22:59:13+00:00","mainEntityOfPage":{"@id":"https:\/\/www.webdo.tn\/fr\/actualite\/national\/mortadha-ben-ouannes-raconte-la-nuit-d-horreur-vecue-a-hatay\/202743\/"},"wordCount":442,"commentCount":0,"publisher":{"@id":"https:\/\/www.webdo.tn\/fr\/#organization"},"image":{"@id":"https:\/\/www.webdo.tn\/fr\/actualite\/national\/mortadha-ben-ouannes-raconte-la-nuit-d-horreur-vecue-a-hatay\/202743\/#primaryimage"},"thumbnailUrl":"https:\/\/www.webdo.tn\/fr\/wp-content\/uploads\/2023\/02\/216fafc921aeb9948142b89a6a9f8fed.jpg","keywords":["Mortadha Ben Ouann\u00e8s","s\u00e9isme","Turquie"],"articleSection":["National"],"inLanguage":"fr-FR"},{"@type":"WebPage","@id":"https:\/\/www.webdo.tn\/fr\/actualite\/national\/mortadha-ben-ouannes-raconte-la-nuit-d-horreur-vecue-a-hatay\/202743\/","url":"https:\/\/www.webdo.tn\/fr\/actualite\/national\/mortadha-ben-ouannes-raconte-la-nuit-d-horreur-vecue-a-hatay\/202743\/","name":"Mortadha Ben Ouann\u00e8s raconte la nuit d\u2019horreur v\u00e9cue \u00e0 Hatay","isPartOf":{"@id":"https:\/\/www.webdo.tn\/fr\/#website"},"primaryImageOfPage":{"@id":"https:\/\/www.webdo.tn\/fr\/actualite\/national\/mortadha-ben-ouannes-raconte-la-nuit-d-horreur-vecue-a-hatay\/202743\/#primaryimage"},"image":{"@id":"https:\/\/www.webdo.tn\/fr\/actualite\/national\/mortadha-ben-ouannes-raconte-la-nuit-d-horreur-vecue-a-hatay\/202743\/#primaryimage"},"thumbnailUrl":"https:\/\/www.webdo.tn\/fr\/wp-content\/uploads\/2023\/02\/216fafc921aeb9948142b89a6a9f8fed.jpg","datePublished":"2023-02-09T12:50:00+00:00","dateModified":"2025-05-20T22:59:13+00:00","description":"L\u2019international tunisien Mortadha Ben Ouann\u00e8s est revenu sur la nuit d\u2019horreur v\u00e9cue \u00e0 Hatay o\u00f9 son \u00e9quipe disputait, dimanche soir, un match de la S\u00fcper Lig.","breadcrumb":{"@id":"https:\/\/www.webdo.tn\/fr\/actualite\/national\/mortadha-ben-ouannes-raconte-la-nuit-d-horreur-vecue-a-hatay\/202743\/#breadcrumb"},"inLanguage":"fr-FR","potentialAction":[{"@type":"ReadAction","target":["https:\/\/www.webdo.tn\/fr\/actualite\/national\/mortadha-ben-ouannes-raconte-la-nuit-d-horreur-vecue-a-hatay\/202743\/"]}]},{"@type":"ImageObject","inLanguage":"fr-FR","@id":"https:\/\/www.webdo.tn\/fr\/actualite\/national\/mortadha-ben-ouannes-raconte-la-nuit-d-horreur-vecue-a-hatay\/202743\/#primaryimage","url":"https:\/\/www.webdo.tn\/fr\/wp-content\/uploads\/2023\/02\/216fafc921aeb9948142b89a6a9f8fed.jpg","contentUrl":"https:\/\/www.webdo.tn\/fr\/wp-content\/uploads\/2023\/02\/216fafc921aeb9948142b89a6a9f8fed.jpg","width":750,"height":400,"caption":"Mortadha Ben Ouann\u00e8s raconte la nuit d\u2019horreur v\u00e9cue \u00e0 Hatay"},{"@type":"BreadcrumbList","@id":"https:\/\/www.webdo.tn\/fr\/actualite\/national\/mortadha-ben-ouannes-raconte-la-nuit-d-horreur-vecue-a-hatay\/202743\/#breadcrumb","itemListElement":[{"@type":"ListItem","position":1,"name":"Accueil","item":"https:\/\/www.webdo.tn\/fr\/"},{"@type":"ListItem","position":2,"name":"Mortadha Ben Ouann\u00e8s raconte la nuit d\u2019horreur v\u00e9cue \u00e0 Hatay"}]},{"@type":"WebSite","@id":"https:\/\/www.webdo.tn\/fr\/#website","url":"https:\/\/www.webdo.tn\/fr\/","name":"webdo","description":"Tunisie - News en Tunisie et \u00e0 l&#039;international sur Webdo.tn","publisher":{"@id":"https:\/\/www.webdo.tn\/fr\/#organization"},"potentialAction":[{"@type":"SearchAction","target":{"@type":"EntryPoint","urlTemplate":"https:\/\/www.webdo.tn\/fr\/?s={search_term_string}"},"query-input":{"@type":"PropertyValueSpecification","valueRequired":true,"valueName":"search_term_string"}}],"inLanguage":"fr-FR"},{"@type":"Organization","@id":"https:\/\/www.webdo.tn\/fr\/#organization","name":"Webdo","alternateName":"Webdo.tn","url":"https:\/\/www.webdo.tn\/fr\/","logo":{"@type":"ImageObject","inLanguage":"fr-FR","@id":"https:\/\/www.webdo.tn\/fr\/#\/schema\/logo\/image\/","url":"https:\/\/www.webdo.tn\/fr\/wp-content\/uploads\/2025\/06\/Webdo-Tunisie_168377.jpg","contentUrl":"https:\/\/www.webdo.tn\/fr\/wp-content\/uploads\/2025\/06\/Webdo-Tunisie_168377.jpg","width":301,"height":301,"caption":"Webdo"},"image":{"@id":"https:\/\/www.webdo.tn\/fr\/#\/schema\/logo\/image\/"},"sameAs":["https:\/\/www.facebook.com\/webdotn","https:\/\/x.com\/webdo_tn"],"description":"Webdo est un m\u00e9dia num\u00e9rique tunisien fond\u00e9 en 2010, sp\u00e9cialis\u00e9 dans l\u2019actualit\u00e9 nationale et internationale, l\u2019\u00e9conomie, la soci\u00e9t\u00e9 et les analyses politiques. Le site s\u2019adresse \u00e0 un large public francophone et couvre l\u2019information tunisienne en temps r\u00e9el.","email":"redac@webdo.tn","legalName":"YNJ SARL","foundingDate":"2010-09-06","numberOfEmployees":{"@type":"QuantitativeValue","minValue":"11","maxValue":"50"}},{"@type":"Person","@id":"https:\/\/www.webdo.tn\/fr\/#\/schema\/person\/590cb5f81adcfde6385530fdbdf468e2","name":"Ramzi","image":{"@type":"ImageObject","inLanguage":"fr-FR","@id":"https:\/\/secure.gravatar.com\/avatar\/48df7d18915e10cf866ba8e27604c81ff9243fd52704a1d210c3e387e1cb8d87?s=96&d=mm&r=g","url":"https:\/\/secure.gravatar.com\/avatar\/48df7d18915e10cf866ba8e27604c81ff9243fd52704a1d210c3e387e1cb8d87?s=96&d=mm&r=g","contentUrl":"https:\/\/secure.gravatar.com\/avatar\/48df7d18915e10cf866ba8e27604c81ff9243fd52704a1d210c3e387e1cb8d87?s=96&d=mm&r=g","caption":"Ramzi"},"url":"https:\/\/www.webdo.tn\/fr\/actualite\/author\/ramzi\/"}]}},"_links":{"self":[{"href":"https:\/\/www.webdo.tn\/fr\/wp-json\/wp\/v2\/posts\/202743","targetHints":{"allow":["GET"]}}],"collection":[{"href":"https:\/\/www.webdo.tn\/fr\/wp-json\/wp\/v2\/posts"}],"about":[{"href":"https:\/\/www.webdo.tn\/fr\/wp-json\/wp\/v2\/types\/post"}],"author":[{"embeddable":true,"href":"https:\/\/www.webdo.tn\/fr\/wp-json\/wp\/v2\/users\/3188"}],"replies":[{"embeddable":true,"href":"https:\/\/www.webdo.tn\/fr\/wp-json\/wp\/v2\/comments?post=202743"}],"version-history":[{"count":0,"href":"https:\/\/www.webdo.tn\/fr\/wp-json\/wp\/v2\/posts\/202743\/revisions"}],"wp:featuredmedia":[{"embeddable":true,"href":"https:\/\/www.webdo.tn\/fr\/wp-json\/wp\/v2\/media\/277727"}],"wp:attachment":[{"href":"https:\/\/www.webdo.tn\/fr\/wp-json\/wp\/v2\/media?parent=202743"}],"wp:term":[{"taxonomy":"category","embeddable":true,"href":"https:\/\/www.webdo.tn\/fr\/wp-json\/wp\/v2\/categories?post=202743"},{"taxonomy":"post_tag","embeddable":true,"href":"https:\/\/www.webdo.tn\/fr\/wp-json\/wp\/v2\/tags?post=202743"}],"curies":[{"name":"wp","href":"https:\/\/api.w.org\/{rel}","templated":true}]}}