{"id":202734,"date":"2023-02-09T09:58:00","date_gmt":"2023-02-09T09:58:00","guid":{"rendered":"https:\/\/www.webdo.tn\/fr\/blog\/la-militante-franco-algerienne-amira-bouraoui-exfiltree-vers-lyon-apres-une-intervention-de-kais-saied\/202734\/"},"modified":"2025-05-20T22:07:26","modified_gmt":"2025-05-20T22:07:26","slug":"la-militante-franco-algerienne-amira-bouraoui-exfiltree-vers-lyon-apres-une-intervention-de-kais-saied","status":"publish","type":"post","link":"https:\/\/www.webdo.tn\/fr\/actualite\/international\/la-militante-franco-algerienne-amira-bouraoui-exfiltree-vers-lyon-apres-une-intervention-de-kais-saied\/202734\/","title":{"rendered":"La militante franco-alg\u00e9rienne, Amira Bouraoui exfiltr\u00e9e vers Lyon apr\u00e8s une intervention de Kais Saied"},"content":{"rendered":"<p>Arr\u00eat\u00e9e, vendredi \u00e0 Tunis  pour entr\u00e9e ill\u00e9gale sur le territoire tunisien, la militante franco-alg\u00e9rienne, condamn\u00e9e en Alg\u00e9rie, a quitt\u00e9 Tunis pour Lyon lundi. Une exfiltration qui a provoqu\u00e9 la col\u00e8re d&rsquo;Alger.<\/p>\n<p>\t\t\t\t\t\t\t\t\tRetour sur l\u2019affaire ! Amira Bouraoui, militante franco-alg\u00e9rienne et opposante \u00e0 l\u2019ancien pr\u00e9sident alg\u00e9rien, Abdelaziz Bouteflika est arr\u00eat\u00e9e, vendredi 3 f\u00e9vrier 2023 \u00e0 Tunis et plac\u00e9e en garde \u00e0 vue \u00e0 la direction g\u00e9n\u00e9rale des fronti\u00e8res et des \u00e9trangers.<\/p>\n<p>Elle est accus\u00e9e d\u2019avoir franchi ill\u00e9galement la fronti\u00e8re tunisienne, et est entendue, lundi 6 f\u00e9vrier par la juge en charge de l\u2019affaire au tribunal cantonal de Tunis. Suite \u00e0 cette audition, la juge d\u00e9cide de la relaxer et de reporter l\u2019examen du dossier au 23 f\u00e9vrier.<\/p>\n<p>Apr\u00e8s son audition, Amira Bouraoui est de nouveau interpell\u00e9e par les agents de la police judiciaire et devait evait \u00eatre expuls\u00e9e vers l\u2019Alg\u00e9rie. Elle est lib\u00e9r\u00e9e quelques heures plus-tard et d\u00e9cide alors de prendre un vol pour la France.<\/p>\n<p>Selon \u00ab\u00a0Le Monde\u00a0\u00bb Amira Bouraoui aurait m\u00eame \u00e9t\u00e9 plac\u00e9e en lieu s\u00fbr sous la protection des autorit\u00e9s fran\u00e7aises apr\u00e8s une intervention diplomatique sachant qu\u2019elle est poursuivie en Alg\u00e9rie pour deux affaires.<\/p>\n<p>Amira Bouraoui a \u00e9t\u00e9 condamn\u00e9e en 2021 \u00e0 deux ans de prison. Elle a \u00e9t\u00e9 accus\u00e9e d\u2019outrage \u00e0 un fonctionnaire dans l\u2019exercice de ses fonctions et atteinte \u00e0 la personne du pr\u00e9sident de la R\u00e9publique ainsi que de diffusion de publications susceptibles de porter atteinte \u00e0 l\u2019ordre public et atteinte aux pr\u00e9ceptes de l\u2019Islam et au Proph\u00e8te.<\/p>\n<p>A partie de l\u00e0, le pr\u00e9sident alg\u00e9rien, Abdelmadjid Tebboune, ordonne le rappel de l\u2019ambassadeur de son pays en France, Sa\u00efd Moussa, pour consultations suite \u00e0 la participation de diplomates, de consuls et d&rsquo;agents de s\u00e9curit\u00e9 fran\u00e7ais dans l\u2019exfiltration d\u2019Amira Bouraoui.<\/p>\n<p>D\u2019apr\u00e8s le quotidien fran\u00e7ais \u00ab\u00a0Le Monde\u00a0\u00bb, Amira Bouraoui a quitt\u00e9 le territoire tunisien pour Lyon, lundi soir, apr\u00e8s avoir obtenu l\u2019autorisation de rejoindre la France par le pr\u00e9sident de la R\u00e9publique, Kais Saied.<\/p>\n<p>\u00ab\u00a0Le Monde ajoute qu\u2019apr\u00e8s l\u2019arrestation de la militante, Paris est intervenu aupr\u00e8s de la pr\u00e9sidence de la R\u00e9publique tunisienne pour emp\u00eacher son expulsion vers l\u2019Alg\u00e9rie.<\/p>\n<p>\u00ab\u00a0Mme Bouraoui a quitt\u00e9 Tunis, lundi 6 f\u00e9vrier dans la soir\u00e9e, \u00e0 bord d\u2019un vol de la compagnie Transavia en direction de Lyon, apr\u00e8s des heures de n\u00e9gociations serr\u00e9es entre les autorit\u00e9s fran\u00e7aises et tunisiennes\u00a0\u00bb, indique le quotidien fran\u00e7ais.<\/p>\n<p>\u00ab\u00a0Binationale, elle a, gr\u00e2ce \u00e0 sa nationalit\u00e9 fran\u00e7aise, la protection diplomatique de Paris qui, apr\u00e8s l\u2019avoir accueillie quelques heures \u00e0 l\u2019ambassade de France \u00e0 Tunis, a obtenu du pr\u00e9sident tunisien, Ka\u00efs Sa\u00efed, l\u2019autorisation de la laisser rejoindre la France au lieu de l\u2019extradition vers Alger \u00e0 laquelle elle semblait initialement vou\u00e9e\u00a0\u00bb.<\/p>\n","protected":false},"excerpt":{"rendered":"<p>Arr\u00eat\u00e9e, vendredi \u00e0 Tunis  pour entr\u00e9e ill\u00e9gale sur le territoire tunisien, la militante franco-alg\u00e9rienne, condamn\u00e9e en Alg\u00e9rie, a quitt\u00e9 Tunis pour Lyon lundi&#8230;<\/p>\n","protected":false},"author":3162,"featured_media":277723,"comment_status":"open","ping_status":"closed","sticky":false,"template":"","format":"standard","meta":{"footnotes":""},"categories":[2598],"tags":[2907,8808,9325,2998,2608],"class_list":["post-202734","post","type-post","status-publish","format-standard","has-post-thumbnail","hentry","category-international","tag-algerie","tag-amira-bouraoui","tag-exfiltration","tag-france","tag-tunisie"],"yoast_head":"<!-- This site is optimized with the Yoast SEO Premium plugin v27.5 (Yoast SEO v27.5) - https:\/\/yoast.com\/product\/yoast-seo-premium-wordpress\/ -->\n<title>La militante franco-alg\u00e9rienne, Amira Bouraoui exfiltr\u00e9e vers Lyon apr\u00e8s une intervention de Kais Saied<\/title>\n<meta name=\"description\" content=\"Arr\u00eat\u00e9e, vendredi \u00e0 Tunis pour entr\u00e9e ill\u00e9gale sur le territoire tunisien, la militante franco-alg\u00e9rienne, condamn\u00e9e en Alg\u00e9rie, a quitt\u00e9 Tunis pour Lyon lundi...\" \/>\n<link rel=\"canonical\" href=\"https:\/\/www.webdo.tn\/fr\/actualite\/international\/la-militante-franco-algerienne-amira-bouraoui-exfiltree-vers-lyon-apres-une-intervention-de-kais-saied\/202734\/\" \/>\n<meta property=\"og:locale\" content=\"fr_FR\" \/>\n<meta property=\"og:type\" content=\"article\" \/>\n<meta property=\"og:title\" content=\"La militante franco-alg\u00e9rienne, Amira Bouraoui exfiltr\u00e9e vers Lyon apr\u00e8s une intervention de Kais Saied\" \/>\n<meta property=\"og:description\" content=\"Arr\u00eat\u00e9e, vendredi \u00e0 Tunis pour entr\u00e9e ill\u00e9gale sur le territoire tunisien, la militante franco-alg\u00e9rienne, condamn\u00e9e en Alg\u00e9rie, a quitt\u00e9 Tunis pour Lyon lundi...\" \/>\n<meta property=\"og:url\" content=\"https:\/\/www.webdo.tn\/fr\/actualite\/international\/la-militante-franco-algerienne-amira-bouraoui-exfiltree-vers-lyon-apres-une-intervention-de-kais-saied\/202734\/\" \/>\n<meta property=\"og:site_name\" content=\"webdo\" \/>\n<meta property=\"article:publisher\" content=\"https:\/\/www.facebook.com\/webdotn\" \/>\n<meta property=\"article:published_time\" content=\"2023-02-09T09:58:00+00:00\" \/>\n<meta property=\"article:modified_time\" content=\"2025-05-20T22:07:26+00:00\" \/>\n<meta property=\"og:image\" content=\"https:\/\/www.webdo.tn\/fr\/wp-content\/uploads\/2023\/02\/57e2463c7e3272b4817dcddd1891f412.jpg\" \/>\n\t<meta property=\"og:image:width\" content=\"664\" \/>\n\t<meta property=\"og:image:height\" content=\"354\" \/>\n\t<meta property=\"og:image:type\" content=\"image\/jpeg\" \/>\n<meta name=\"author\" content=\"MC\" \/>\n<meta name=\"twitter:card\" content=\"summary_large_image\" \/>\n<meta name=\"twitter:creator\" content=\"@webdo_tn\" \/>\n<meta name=\"twitter:site\" content=\"@webdo_tn\" \/>\n<meta name=\"twitter:label1\" content=\"\u00c9crit par\" \/>\n\t<meta name=\"twitter:data1\" content=\"MC\" \/>\n\t<meta name=\"twitter:label2\" content=\"Dur\u00e9e de lecture estim\u00e9e\" \/>\n\t<meta name=\"twitter:data2\" content=\"3 minutes\" \/>\n<script type=\"application\/ld+json\" class=\"yoast-schema-graph\">{\"@context\":\"https:\\\/\\\/schema.org\",\"@graph\":[{\"@type\":\"NewsArticle\",\"@id\":\"https:\\\/\\\/www.webdo.tn\\\/fr\\\/actualite\\\/international\\\/la-militante-franco-algerienne-amira-bouraoui-exfiltree-vers-lyon-apres-une-intervention-de-kais-saied\\\/202734\\\/#article\",\"isPartOf\":{\"@id\":\"https:\\\/\\\/www.webdo.tn\\\/fr\\\/actualite\\\/international\\\/la-militante-franco-algerienne-amira-bouraoui-exfiltree-vers-lyon-apres-une-intervention-de-kais-saied\\\/202734\\\/\"},\"author\":{\"name\":\"MC\",\"@id\":\"https:\\\/\\\/www.webdo.tn\\\/fr\\\/#\\\/schema\\\/person\\\/2c4929cbf5a809e3bd38617c6ce150f6\"},\"headline\":\"La militante franco-alg\u00e9rienne, Amira Bouraoui exfiltr\u00e9e vers Lyon apr\u00e8s une intervention de Kais Saied\",\"datePublished\":\"2023-02-09T09:58:00+00:00\",\"dateModified\":\"2025-05-20T22:07:26+00:00\",\"mainEntityOfPage\":{\"@id\":\"https:\\\/\\\/www.webdo.tn\\\/fr\\\/actualite\\\/international\\\/la-militante-franco-algerienne-amira-bouraoui-exfiltree-vers-lyon-apres-une-intervention-de-kais-saied\\\/202734\\\/\"},\"wordCount\":526,\"commentCount\":0,\"publisher\":{\"@id\":\"https:\\\/\\\/www.webdo.tn\\\/fr\\\/#organization\"},\"image\":{\"@id\":\"https:\\\/\\\/www.webdo.tn\\\/fr\\\/actualite\\\/international\\\/la-militante-franco-algerienne-amira-bouraoui-exfiltree-vers-lyon-apres-une-intervention-de-kais-saied\\\/202734\\\/#primaryimage\"},\"thumbnailUrl\":\"https:\\\/\\\/www.webdo.tn\\\/fr\\\/wp-content\\\/uploads\\\/2023\\\/02\\\/57e2463c7e3272b4817dcddd1891f412.jpg\",\"keywords\":[\"Alg\u00e9rie\",\"amira bouraoui\",\"exfiltration\",\"france\",\"Tunisie\"],\"articleSection\":[\"International\"],\"inLanguage\":\"fr-FR\"},{\"@type\":\"WebPage\",\"@id\":\"https:\\\/\\\/www.webdo.tn\\\/fr\\\/actualite\\\/international\\\/la-militante-franco-algerienne-amira-bouraoui-exfiltree-vers-lyon-apres-une-intervention-de-kais-saied\\\/202734\\\/\",\"url\":\"https:\\\/\\\/www.webdo.tn\\\/fr\\\/actualite\\\/international\\\/la-militante-franco-algerienne-amira-bouraoui-exfiltree-vers-lyon-apres-une-intervention-de-kais-saied\\\/202734\\\/\",\"name\":\"La militante franco-alg\u00e9rienne, Amira Bouraoui exfiltr\u00e9e vers Lyon apr\u00e8s une intervention de Kais Saied\",\"isPartOf\":{\"@id\":\"https:\\\/\\\/www.webdo.tn\\\/fr\\\/#website\"},\"primaryImageOfPage\":{\"@id\":\"https:\\\/\\\/www.webdo.tn\\\/fr\\\/actualite\\\/international\\\/la-militante-franco-algerienne-amira-bouraoui-exfiltree-vers-lyon-apres-une-intervention-de-kais-saied\\\/202734\\\/#primaryimage\"},\"image\":{\"@id\":\"https:\\\/\\\/www.webdo.tn\\\/fr\\\/actualite\\\/international\\\/la-militante-franco-algerienne-amira-bouraoui-exfiltree-vers-lyon-apres-une-intervention-de-kais-saied\\\/202734\\\/#primaryimage\"},\"thumbnailUrl\":\"https:\\\/\\\/www.webdo.tn\\\/fr\\\/wp-content\\\/uploads\\\/2023\\\/02\\\/57e2463c7e3272b4817dcddd1891f412.jpg\",\"datePublished\":\"2023-02-09T09:58:00+00:00\",\"dateModified\":\"2025-05-20T22:07:26+00:00\",\"description\":\"Arr\u00eat\u00e9e, vendredi \u00e0 Tunis pour entr\u00e9e ill\u00e9gale sur le territoire tunisien, la militante franco-alg\u00e9rienne, condamn\u00e9e en Alg\u00e9rie, a quitt\u00e9 Tunis pour Lyon lundi...\",\"breadcrumb\":{\"@id\":\"https:\\\/\\\/www.webdo.tn\\\/fr\\\/actualite\\\/international\\\/la-militante-franco-algerienne-amira-bouraoui-exfiltree-vers-lyon-apres-une-intervention-de-kais-saied\\\/202734\\\/#breadcrumb\"},\"inLanguage\":\"fr-FR\",\"potentialAction\":[{\"@type\":\"ReadAction\",\"target\":[\"https:\\\/\\\/www.webdo.tn\\\/fr\\\/actualite\\\/international\\\/la-militante-franco-algerienne-amira-bouraoui-exfiltree-vers-lyon-apres-une-intervention-de-kais-saied\\\/202734\\\/\"]}]},{\"@type\":\"ImageObject\",\"inLanguage\":\"fr-FR\",\"@id\":\"https:\\\/\\\/www.webdo.tn\\\/fr\\\/actualite\\\/international\\\/la-militante-franco-algerienne-amira-bouraoui-exfiltree-vers-lyon-apres-une-intervention-de-kais-saied\\\/202734\\\/#primaryimage\",\"url\":\"https:\\\/\\\/www.webdo.tn\\\/fr\\\/wp-content\\\/uploads\\\/2023\\\/02\\\/57e2463c7e3272b4817dcddd1891f412.jpg\",\"contentUrl\":\"https:\\\/\\\/www.webdo.tn\\\/fr\\\/wp-content\\\/uploads\\\/2023\\\/02\\\/57e2463c7e3272b4817dcddd1891f412.jpg\",\"width\":664,\"height\":354,\"caption\":\"Amira Bouraoui (AP)\"},{\"@type\":\"BreadcrumbList\",\"@id\":\"https:\\\/\\\/www.webdo.tn\\\/fr\\\/actualite\\\/international\\\/la-militante-franco-algerienne-amira-bouraoui-exfiltree-vers-lyon-apres-une-intervention-de-kais-saied\\\/202734\\\/#breadcrumb\",\"itemListElement\":[{\"@type\":\"ListItem\",\"position\":1,\"name\":\"Accueil\",\"item\":\"https:\\\/\\\/www.webdo.tn\\\/fr\\\/\"},{\"@type\":\"ListItem\",\"position\":2,\"name\":\"La militante franco-alg\u00e9rienne, Amira Bouraoui exfiltr\u00e9e vers Lyon apr\u00e8s une intervention de Kais Saied\"}]},{\"@type\":\"WebSite\",\"@id\":\"https:\\\/\\\/www.webdo.tn\\\/fr\\\/#website\",\"url\":\"https:\\\/\\\/www.webdo.tn\\\/fr\\\/\",\"name\":\"webdo\",\"description\":\"Tunisie - News en Tunisie et \u00e0 l&#039;international sur Webdo.tn\",\"publisher\":{\"@id\":\"https:\\\/\\\/www.webdo.tn\\\/fr\\\/#organization\"},\"potentialAction\":[{\"@type\":\"SearchAction\",\"target\":{\"@type\":\"EntryPoint\",\"urlTemplate\":\"https:\\\/\\\/www.webdo.tn\\\/fr\\\/?s={search_term_string}\"},\"query-input\":{\"@type\":\"PropertyValueSpecification\",\"valueRequired\":true,\"valueName\":\"search_term_string\"}}],\"inLanguage\":\"fr-FR\"},{\"@type\":\"Organization\",\"@id\":\"https:\\\/\\\/www.webdo.tn\\\/fr\\\/#organization\",\"name\":\"Webdo\",\"alternateName\":\"Webdo.tn\",\"url\":\"https:\\\/\\\/www.webdo.tn\\\/fr\\\/\",\"logo\":{\"@type\":\"ImageObject\",\"inLanguage\":\"fr-FR\",\"@id\":\"https:\\\/\\\/www.webdo.tn\\\/fr\\\/#\\\/schema\\\/logo\\\/image\\\/\",\"url\":\"https:\\\/\\\/www.webdo.tn\\\/fr\\\/wp-content\\\/uploads\\\/2025\\\/06\\\/Webdo-Tunisie_168377.jpg\",\"contentUrl\":\"https:\\\/\\\/www.webdo.tn\\\/fr\\\/wp-content\\\/uploads\\\/2025\\\/06\\\/Webdo-Tunisie_168377.jpg\",\"width\":301,\"height\":301,\"caption\":\"Webdo\"},\"image\":{\"@id\":\"https:\\\/\\\/www.webdo.tn\\\/fr\\\/#\\\/schema\\\/logo\\\/image\\\/\"},\"sameAs\":[\"https:\\\/\\\/www.facebook.com\\\/webdotn\",\"https:\\\/\\\/x.com\\\/webdo_tn\"],\"description\":\"Webdo est un m\u00e9dia num\u00e9rique tunisien fond\u00e9 en 2010, sp\u00e9cialis\u00e9 dans l\u2019actualit\u00e9 nationale et internationale, l\u2019\u00e9conomie, la soci\u00e9t\u00e9 et les analyses politiques. Le site s\u2019adresse \u00e0 un large public francophone et couvre l\u2019information tunisienne en temps r\u00e9el.\",\"email\":\"redac@webdo.tn\",\"legalName\":\"YNJ SARL\",\"foundingDate\":\"2010-09-06\",\"numberOfEmployees\":{\"@type\":\"QuantitativeValue\",\"minValue\":\"11\",\"maxValue\":\"50\"}},{\"@type\":\"Person\",\"@id\":\"https:\\\/\\\/www.webdo.tn\\\/fr\\\/#\\\/schema\\\/person\\\/2c4929cbf5a809e3bd38617c6ce150f6\",\"name\":\"MC\",\"image\":{\"@type\":\"ImageObject\",\"inLanguage\":\"fr-FR\",\"@id\":\"https:\\\/\\\/secure.gravatar.com\\\/avatar\\\/a545bbb6f84efdd5553dbbc2895e3ca8f1d12c5215e00a041c9670b54aa9b18a?s=96&d=mm&r=g\",\"url\":\"https:\\\/\\\/secure.gravatar.com\\\/avatar\\\/a545bbb6f84efdd5553dbbc2895e3ca8f1d12c5215e00a041c9670b54aa9b18a?s=96&d=mm&r=g\",\"contentUrl\":\"https:\\\/\\\/secure.gravatar.com\\\/avatar\\\/a545bbb6f84efdd5553dbbc2895e3ca8f1d12c5215e00a041c9670b54aa9b18a?s=96&d=mm&r=g\",\"caption\":\"MC\"},\"url\":\"https:\\\/\\\/www.webdo.tn\\\/fr\\\/actualite\\\/author\\\/mc\\\/\"}]}<\/script>\n<!-- \/ Yoast SEO Premium plugin. -->","yoast_head_json":{"title":"La militante franco-alg\u00e9rienne, Amira Bouraoui exfiltr\u00e9e vers Lyon apr\u00e8s une intervention de Kais Saied","description":"Arr\u00eat\u00e9e, vendredi \u00e0 Tunis pour entr\u00e9e ill\u00e9gale sur le territoire tunisien, la militante franco-alg\u00e9rienne, condamn\u00e9e en Alg\u00e9rie, a quitt\u00e9 Tunis pour Lyon lundi...","canonical":"https:\/\/www.webdo.tn\/fr\/actualite\/international\/la-militante-franco-algerienne-amira-bouraoui-exfiltree-vers-lyon-apres-une-intervention-de-kais-saied\/202734\/","og_locale":"fr_FR","og_type":"article","og_title":"La militante franco-alg\u00e9rienne, Amira Bouraoui exfiltr\u00e9e vers Lyon apr\u00e8s une intervention de Kais Saied","og_description":"Arr\u00eat\u00e9e, vendredi \u00e0 Tunis pour entr\u00e9e ill\u00e9gale sur le territoire tunisien, la militante franco-alg\u00e9rienne, condamn\u00e9e en Alg\u00e9rie, a quitt\u00e9 Tunis pour Lyon lundi...","og_url":"https:\/\/www.webdo.tn\/fr\/actualite\/international\/la-militante-franco-algerienne-amira-bouraoui-exfiltree-vers-lyon-apres-une-intervention-de-kais-saied\/202734\/","og_site_name":"webdo","article_publisher":"https:\/\/www.facebook.com\/webdotn","article_published_time":"2023-02-09T09:58:00+00:00","article_modified_time":"2025-05-20T22:07:26+00:00","og_image":[{"width":664,"height":354,"url":"https:\/\/www.webdo.tn\/fr\/wp-content\/uploads\/2023\/02\/57e2463c7e3272b4817dcddd1891f412.jpg","type":"image\/jpeg"}],"author":"MC","twitter_card":"summary_large_image","twitter_creator":"@webdo_tn","twitter_site":"@webdo_tn","twitter_misc":{"\u00c9crit par":"MC","Dur\u00e9e de lecture estim\u00e9e":"3 minutes"},"schema":{"@context":"https:\/\/schema.org","@graph":[{"@type":"NewsArticle","@id":"https:\/\/www.webdo.tn\/fr\/actualite\/international\/la-militante-franco-algerienne-amira-bouraoui-exfiltree-vers-lyon-apres-une-intervention-de-kais-saied\/202734\/#article","isPartOf":{"@id":"https:\/\/www.webdo.tn\/fr\/actualite\/international\/la-militante-franco-algerienne-amira-bouraoui-exfiltree-vers-lyon-apres-une-intervention-de-kais-saied\/202734\/"},"author":{"name":"MC","@id":"https:\/\/www.webdo.tn\/fr\/#\/schema\/person\/2c4929cbf5a809e3bd38617c6ce150f6"},"headline":"La militante franco-alg\u00e9rienne, Amira Bouraoui exfiltr\u00e9e vers Lyon apr\u00e8s une intervention de Kais Saied","datePublished":"2023-02-09T09:58:00+00:00","dateModified":"2025-05-20T22:07:26+00:00","mainEntityOfPage":{"@id":"https:\/\/www.webdo.tn\/fr\/actualite\/international\/la-militante-franco-algerienne-amira-bouraoui-exfiltree-vers-lyon-apres-une-intervention-de-kais-saied\/202734\/"},"wordCount":526,"commentCount":0,"publisher":{"@id":"https:\/\/www.webdo.tn\/fr\/#organization"},"image":{"@id":"https:\/\/www.webdo.tn\/fr\/actualite\/international\/la-militante-franco-algerienne-amira-bouraoui-exfiltree-vers-lyon-apres-une-intervention-de-kais-saied\/202734\/#primaryimage"},"thumbnailUrl":"https:\/\/www.webdo.tn\/fr\/wp-content\/uploads\/2023\/02\/57e2463c7e3272b4817dcddd1891f412.jpg","keywords":["Alg\u00e9rie","amira bouraoui","exfiltration","france","Tunisie"],"articleSection":["International"],"inLanguage":"fr-FR"},{"@type":"WebPage","@id":"https:\/\/www.webdo.tn\/fr\/actualite\/international\/la-militante-franco-algerienne-amira-bouraoui-exfiltree-vers-lyon-apres-une-intervention-de-kais-saied\/202734\/","url":"https:\/\/www.webdo.tn\/fr\/actualite\/international\/la-militante-franco-algerienne-amira-bouraoui-exfiltree-vers-lyon-apres-une-intervention-de-kais-saied\/202734\/","name":"La militante franco-alg\u00e9rienne, Amira Bouraoui exfiltr\u00e9e vers Lyon apr\u00e8s une intervention de Kais Saied","isPartOf":{"@id":"https:\/\/www.webdo.tn\/fr\/#website"},"primaryImageOfPage":{"@id":"https:\/\/www.webdo.tn\/fr\/actualite\/international\/la-militante-franco-algerienne-amira-bouraoui-exfiltree-vers-lyon-apres-une-intervention-de-kais-saied\/202734\/#primaryimage"},"image":{"@id":"https:\/\/www.webdo.tn\/fr\/actualite\/international\/la-militante-franco-algerienne-amira-bouraoui-exfiltree-vers-lyon-apres-une-intervention-de-kais-saied\/202734\/#primaryimage"},"thumbnailUrl":"https:\/\/www.webdo.tn\/fr\/wp-content\/uploads\/2023\/02\/57e2463c7e3272b4817dcddd1891f412.jpg","datePublished":"2023-02-09T09:58:00+00:00","dateModified":"2025-05-20T22:07:26+00:00","description":"Arr\u00eat\u00e9e, vendredi \u00e0 Tunis pour entr\u00e9e ill\u00e9gale sur le territoire tunisien, la militante franco-alg\u00e9rienne, condamn\u00e9e en Alg\u00e9rie, a quitt\u00e9 Tunis pour Lyon lundi...","breadcrumb":{"@id":"https:\/\/www.webdo.tn\/fr\/actualite\/international\/la-militante-franco-algerienne-amira-bouraoui-exfiltree-vers-lyon-apres-une-intervention-de-kais-saied\/202734\/#breadcrumb"},"inLanguage":"fr-FR","potentialAction":[{"@type":"ReadAction","target":["https:\/\/www.webdo.tn\/fr\/actualite\/international\/la-militante-franco-algerienne-amira-bouraoui-exfiltree-vers-lyon-apres-une-intervention-de-kais-saied\/202734\/"]}]},{"@type":"ImageObject","inLanguage":"fr-FR","@id":"https:\/\/www.webdo.tn\/fr\/actualite\/international\/la-militante-franco-algerienne-amira-bouraoui-exfiltree-vers-lyon-apres-une-intervention-de-kais-saied\/202734\/#primaryimage","url":"https:\/\/www.webdo.tn\/fr\/wp-content\/uploads\/2023\/02\/57e2463c7e3272b4817dcddd1891f412.jpg","contentUrl":"https:\/\/www.webdo.tn\/fr\/wp-content\/uploads\/2023\/02\/57e2463c7e3272b4817dcddd1891f412.jpg","width":664,"height":354,"caption":"Amira Bouraoui (AP)"},{"@type":"BreadcrumbList","@id":"https:\/\/www.webdo.tn\/fr\/actualite\/international\/la-militante-franco-algerienne-amira-bouraoui-exfiltree-vers-lyon-apres-une-intervention-de-kais-saied\/202734\/#breadcrumb","itemListElement":[{"@type":"ListItem","position":1,"name":"Accueil","item":"https:\/\/www.webdo.tn\/fr\/"},{"@type":"ListItem","position":2,"name":"La militante franco-alg\u00e9rienne, Amira Bouraoui exfiltr\u00e9e vers Lyon apr\u00e8s une intervention de Kais Saied"}]},{"@type":"WebSite","@id":"https:\/\/www.webdo.tn\/fr\/#website","url":"https:\/\/www.webdo.tn\/fr\/","name":"webdo","description":"Tunisie - News en Tunisie et \u00e0 l&#039;international sur Webdo.tn","publisher":{"@id":"https:\/\/www.webdo.tn\/fr\/#organization"},"potentialAction":[{"@type":"SearchAction","target":{"@type":"EntryPoint","urlTemplate":"https:\/\/www.webdo.tn\/fr\/?s={search_term_string}"},"query-input":{"@type":"PropertyValueSpecification","valueRequired":true,"valueName":"search_term_string"}}],"inLanguage":"fr-FR"},{"@type":"Organization","@id":"https:\/\/www.webdo.tn\/fr\/#organization","name":"Webdo","alternateName":"Webdo.tn","url":"https:\/\/www.webdo.tn\/fr\/","logo":{"@type":"ImageObject","inLanguage":"fr-FR","@id":"https:\/\/www.webdo.tn\/fr\/#\/schema\/logo\/image\/","url":"https:\/\/www.webdo.tn\/fr\/wp-content\/uploads\/2025\/06\/Webdo-Tunisie_168377.jpg","contentUrl":"https:\/\/www.webdo.tn\/fr\/wp-content\/uploads\/2025\/06\/Webdo-Tunisie_168377.jpg","width":301,"height":301,"caption":"Webdo"},"image":{"@id":"https:\/\/www.webdo.tn\/fr\/#\/schema\/logo\/image\/"},"sameAs":["https:\/\/www.facebook.com\/webdotn","https:\/\/x.com\/webdo_tn"],"description":"Webdo est un m\u00e9dia num\u00e9rique tunisien fond\u00e9 en 2010, sp\u00e9cialis\u00e9 dans l\u2019actualit\u00e9 nationale et internationale, l\u2019\u00e9conomie, la soci\u00e9t\u00e9 et les analyses politiques. Le site s\u2019adresse \u00e0 un large public francophone et couvre l\u2019information tunisienne en temps r\u00e9el.","email":"redac@webdo.tn","legalName":"YNJ SARL","foundingDate":"2010-09-06","numberOfEmployees":{"@type":"QuantitativeValue","minValue":"11","maxValue":"50"}},{"@type":"Person","@id":"https:\/\/www.webdo.tn\/fr\/#\/schema\/person\/2c4929cbf5a809e3bd38617c6ce150f6","name":"MC","image":{"@type":"ImageObject","inLanguage":"fr-FR","@id":"https:\/\/secure.gravatar.com\/avatar\/a545bbb6f84efdd5553dbbc2895e3ca8f1d12c5215e00a041c9670b54aa9b18a?s=96&d=mm&r=g","url":"https:\/\/secure.gravatar.com\/avatar\/a545bbb6f84efdd5553dbbc2895e3ca8f1d12c5215e00a041c9670b54aa9b18a?s=96&d=mm&r=g","contentUrl":"https:\/\/secure.gravatar.com\/avatar\/a545bbb6f84efdd5553dbbc2895e3ca8f1d12c5215e00a041c9670b54aa9b18a?s=96&d=mm&r=g","caption":"MC"},"url":"https:\/\/www.webdo.tn\/fr\/actualite\/author\/mc\/"}]}},"_links":{"self":[{"href":"https:\/\/www.webdo.tn\/fr\/wp-json\/wp\/v2\/posts\/202734","targetHints":{"allow":["GET"]}}],"collection":[{"href":"https:\/\/www.webdo.tn\/fr\/wp-json\/wp\/v2\/posts"}],"about":[{"href":"https:\/\/www.webdo.tn\/fr\/wp-json\/wp\/v2\/types\/post"}],"author":[{"embeddable":true,"href":"https:\/\/www.webdo.tn\/fr\/wp-json\/wp\/v2\/users\/3162"}],"replies":[{"embeddable":true,"href":"https:\/\/www.webdo.tn\/fr\/wp-json\/wp\/v2\/comments?post=202734"}],"version-history":[{"count":0,"href":"https:\/\/www.webdo.tn\/fr\/wp-json\/wp\/v2\/posts\/202734\/revisions"}],"wp:featuredmedia":[{"embeddable":true,"href":"https:\/\/www.webdo.tn\/fr\/wp-json\/wp\/v2\/media\/277723"}],"wp:attachment":[{"href":"https:\/\/www.webdo.tn\/fr\/wp-json\/wp\/v2\/media?parent=202734"}],"wp:term":[{"taxonomy":"category","embeddable":true,"href":"https:\/\/www.webdo.tn\/fr\/wp-json\/wp\/v2\/categories?post=202734"},{"taxonomy":"post_tag","embeddable":true,"href":"https:\/\/www.webdo.tn\/fr\/wp-json\/wp\/v2\/tags?post=202734"}],"curies":[{"name":"wp","href":"https:\/\/api.w.org\/{rel}","templated":true}]}}