{"id":202731,"date":"2023-02-09T09:22:00","date_gmt":"2023-02-09T09:22:00","guid":{"rendered":"https:\/\/www.webdo.tn\/fr\/blog\/tunisie-des-chutes-de-neige-prevues-sur-l-ouest-du-pays\/202731\/"},"modified":"2025-05-20T22:07:25","modified_gmt":"2025-05-20T22:07:25","slug":"tunisie-des-chutes-de-neige-prevues-sur-l-ouest-du-pays","status":"publish","type":"post","link":"https:\/\/www.webdo.tn\/fr\/actualite\/national\/tunisie-des-chutes-de-neige-prevues-sur-l-ouest-du-pays\/202731\/","title":{"rendered":"Tunisie : Des chutes de neige pr\u00e9vues sur l\u2019ouest du pays"},"content":{"rendered":"<p>Ce jeudi 9 f\u00e9vrier 2023, l\u2019Institut national de la m\u00e9t\u00e9orologie pr\u00e9voit des pluies qui vont s\u2019abattre, sur diff\u00e9rentes r\u00e9gions du pays notamment au nord et localement au centre et au sud.<\/p>\n<p>\t\t\t\t\t\t\t\t\tDes chutes de neige sont \u00e9galement pr\u00e9vues sur les hauteurs ouest cette nuit. Par ailleurs, un vent fort et glacial d&rsquo;une vitesse de 60km\/h soufflera sur les r\u00e9gions c\u00f4ti\u00e8res.<\/p>\n<p>Les temp\u00e9ratures seront relativement en baisse, entre 6 et 11 degr\u00e9s au nord et sur les hauteurs et entre 11 et 16 degr\u00e9s sur le reste des r\u00e9gions.<\/p>\n","protected":false},"excerpt":{"rendered":"<p>Ce jeudi 9 f\u00e9vrier 2023, l\u2019Institut national de la m\u00e9t\u00e9orologie pr\u00e9voit des pluies qui vont s\u2019abattre, sur diff\u00e9rentes r\u00e9gions du pays notamment au nord et loca&#8230;<\/p>\n","protected":false},"author":3162,"featured_media":277722,"comment_status":"open","ping_status":"closed","sticky":false,"template":"","format":"standard","meta":{"footnotes":""},"categories":[44],"tags":[4420,2670,4359,2671,9324],"class_list":["post-202731","post","type-post","status-publish","format-standard","has-post-thumbnail","hentry","category-national","tag-froid","tag-meteo","tag-neige","tag-pluie","tag-temperatues"],"yoast_head":"<!-- This site is optimized with the Yoast SEO Premium plugin v27.5 (Yoast SEO v27.5) - https:\/\/yoast.com\/product\/yoast-seo-premium-wordpress\/ -->\n<title>Tunisie : Des chutes de neige pr\u00e9vues sur l\u2019ouest du pays<\/title>\n<meta name=\"description\" content=\"Ce jeudi 9 f\u00e9vrier 2023, l\u2019Institut national de la m\u00e9t\u00e9orologie pr\u00e9voit des pluies qui vont s\u2019abattre, sur diff\u00e9rentes r\u00e9gions du pays notamment au nord et loca...\" \/>\n<link rel=\"canonical\" href=\"https:\/\/www.webdo.tn\/fr\/actualite\/national\/tunisie-des-chutes-de-neige-prevues-sur-l-ouest-du-pays\/202731\/\" \/>\n<meta property=\"og:locale\" content=\"fr_FR\" \/>\n<meta property=\"og:type\" content=\"article\" \/>\n<meta property=\"og:title\" content=\"Tunisie : Des chutes de neige pr\u00e9vues sur l\u2019ouest du pays\" \/>\n<meta property=\"og:description\" content=\"Ce jeudi 9 f\u00e9vrier 2023, l\u2019Institut national de la m\u00e9t\u00e9orologie pr\u00e9voit des pluies qui vont s\u2019abattre, sur diff\u00e9rentes r\u00e9gions du pays notamment au nord et loca...\" \/>\n<meta property=\"og:url\" content=\"https:\/\/www.webdo.tn\/fr\/actualite\/national\/tunisie-des-chutes-de-neige-prevues-sur-l-ouest-du-pays\/202731\/\" \/>\n<meta property=\"og:site_name\" content=\"webdo\" \/>\n<meta property=\"article:publisher\" content=\"https:\/\/www.facebook.com\/webdotn\" \/>\n<meta property=\"article:published_time\" content=\"2023-02-09T09:22:00+00:00\" \/>\n<meta property=\"article:modified_time\" content=\"2025-05-20T22:07:25+00:00\" \/>\n<meta property=\"og:image\" content=\"https:\/\/www.webdo.tn\/fr\/wp-content\/uploads\/2023\/02\/e392a94352439f343e8798f53143cf24.jpg\" \/>\n\t<meta property=\"og:image:width\" content=\"750\" \/>\n\t<meta property=\"og:image:height\" content=\"400\" \/>\n\t<meta property=\"og:image:type\" content=\"image\/jpeg\" \/>\n<meta name=\"author\" content=\"MC\" \/>\n<meta name=\"twitter:card\" content=\"summary_large_image\" \/>\n<meta name=\"twitter:creator\" content=\"@webdo_tn\" \/>\n<meta name=\"twitter:site\" content=\"@webdo_tn\" \/>\n<meta name=\"twitter:label1\" content=\"\u00c9crit par\" \/>\n\t<meta name=\"twitter:data1\" content=\"MC\" \/>\n<script type=\"application\/ld+json\" class=\"yoast-schema-graph\">{\"@context\":\"https:\\\/\\\/schema.org\",\"@graph\":[{\"@type\":\"NewsArticle\",\"@id\":\"https:\\\/\\\/www.webdo.tn\\\/fr\\\/actualite\\\/national\\\/tunisie-des-chutes-de-neige-prevues-sur-l-ouest-du-pays\\\/202731\\\/#article\",\"isPartOf\":{\"@id\":\"https:\\\/\\\/www.webdo.tn\\\/fr\\\/actualite\\\/national\\\/tunisie-des-chutes-de-neige-prevues-sur-l-ouest-du-pays\\\/202731\\\/\"},\"author\":{\"name\":\"MC\",\"@id\":\"https:\\\/\\\/www.webdo.tn\\\/fr\\\/#\\\/schema\\\/person\\\/2c4929cbf5a809e3bd38617c6ce150f6\"},\"headline\":\"Tunisie : Des chutes de neige pr\u00e9vues sur l\u2019ouest du pays\",\"datePublished\":\"2023-02-09T09:22:00+00:00\",\"dateModified\":\"2025-05-20T22:07:25+00:00\",\"mainEntityOfPage\":{\"@id\":\"https:\\\/\\\/www.webdo.tn\\\/fr\\\/actualite\\\/national\\\/tunisie-des-chutes-de-neige-prevues-sur-l-ouest-du-pays\\\/202731\\\/\"},\"wordCount\":112,\"commentCount\":0,\"publisher\":{\"@id\":\"https:\\\/\\\/www.webdo.tn\\\/fr\\\/#organization\"},\"image\":{\"@id\":\"https:\\\/\\\/www.webdo.tn\\\/fr\\\/actualite\\\/national\\\/tunisie-des-chutes-de-neige-prevues-sur-l-ouest-du-pays\\\/202731\\\/#primaryimage\"},\"thumbnailUrl\":\"https:\\\/\\\/www.webdo.tn\\\/fr\\\/wp-content\\\/uploads\\\/2023\\\/02\\\/e392a94352439f343e8798f53143cf24.jpg\",\"keywords\":[\"froid\",\"m\u00e9t\u00e9o\",\"neige\",\"Pluie\",\"temp\u00e9ratues\"],\"articleSection\":[\"National\"],\"inLanguage\":\"fr-FR\"},{\"@type\":\"WebPage\",\"@id\":\"https:\\\/\\\/www.webdo.tn\\\/fr\\\/actualite\\\/national\\\/tunisie-des-chutes-de-neige-prevues-sur-l-ouest-du-pays\\\/202731\\\/\",\"url\":\"https:\\\/\\\/www.webdo.tn\\\/fr\\\/actualite\\\/national\\\/tunisie-des-chutes-de-neige-prevues-sur-l-ouest-du-pays\\\/202731\\\/\",\"name\":\"Tunisie : Des chutes de neige pr\u00e9vues sur l\u2019ouest du pays\",\"isPartOf\":{\"@id\":\"https:\\\/\\\/www.webdo.tn\\\/fr\\\/#website\"},\"primaryImageOfPage\":{\"@id\":\"https:\\\/\\\/www.webdo.tn\\\/fr\\\/actualite\\\/national\\\/tunisie-des-chutes-de-neige-prevues-sur-l-ouest-du-pays\\\/202731\\\/#primaryimage\"},\"image\":{\"@id\":\"https:\\\/\\\/www.webdo.tn\\\/fr\\\/actualite\\\/national\\\/tunisie-des-chutes-de-neige-prevues-sur-l-ouest-du-pays\\\/202731\\\/#primaryimage\"},\"thumbnailUrl\":\"https:\\\/\\\/www.webdo.tn\\\/fr\\\/wp-content\\\/uploads\\\/2023\\\/02\\\/e392a94352439f343e8798f53143cf24.jpg\",\"datePublished\":\"2023-02-09T09:22:00+00:00\",\"dateModified\":\"2025-05-20T22:07:25+00:00\",\"description\":\"Ce jeudi 9 f\u00e9vrier 2023, l\u2019Institut national de la m\u00e9t\u00e9orologie pr\u00e9voit des pluies qui vont s\u2019abattre, sur diff\u00e9rentes r\u00e9gions du pays notamment au nord et loca...\",\"breadcrumb\":{\"@id\":\"https:\\\/\\\/www.webdo.tn\\\/fr\\\/actualite\\\/national\\\/tunisie-des-chutes-de-neige-prevues-sur-l-ouest-du-pays\\\/202731\\\/#breadcrumb\"},\"inLanguage\":\"fr-FR\",\"potentialAction\":[{\"@type\":\"ReadAction\",\"target\":[\"https:\\\/\\\/www.webdo.tn\\\/fr\\\/actualite\\\/national\\\/tunisie-des-chutes-de-neige-prevues-sur-l-ouest-du-pays\\\/202731\\\/\"]}]},{\"@type\":\"ImageObject\",\"inLanguage\":\"fr-FR\",\"@id\":\"https:\\\/\\\/www.webdo.tn\\\/fr\\\/actualite\\\/national\\\/tunisie-des-chutes-de-neige-prevues-sur-l-ouest-du-pays\\\/202731\\\/#primaryimage\",\"url\":\"https:\\\/\\\/www.webdo.tn\\\/fr\\\/wp-content\\\/uploads\\\/2023\\\/02\\\/e392a94352439f343e8798f53143cf24.jpg\",\"contentUrl\":\"https:\\\/\\\/www.webdo.tn\\\/fr\\\/wp-content\\\/uploads\\\/2023\\\/02\\\/e392a94352439f343e8798f53143cf24.jpg\",\"width\":750,\"height\":400,\"caption\":\"Tunisie : Des chutes de neige pr\u00e9vues sur l\u2019ouest du pays\"},{\"@type\":\"BreadcrumbList\",\"@id\":\"https:\\\/\\\/www.webdo.tn\\\/fr\\\/actualite\\\/national\\\/tunisie-des-chutes-de-neige-prevues-sur-l-ouest-du-pays\\\/202731\\\/#breadcrumb\",\"itemListElement\":[{\"@type\":\"ListItem\",\"position\":1,\"name\":\"Accueil\",\"item\":\"https:\\\/\\\/www.webdo.tn\\\/fr\\\/\"},{\"@type\":\"ListItem\",\"position\":2,\"name\":\"Tunisie : Des chutes de neige pr\u00e9vues sur l\u2019ouest du pays\"}]},{\"@type\":\"WebSite\",\"@id\":\"https:\\\/\\\/www.webdo.tn\\\/fr\\\/#website\",\"url\":\"https:\\\/\\\/www.webdo.tn\\\/fr\\\/\",\"name\":\"webdo\",\"description\":\"Tunisie - News en Tunisie et \u00e0 l&#039;international sur Webdo.tn\",\"publisher\":{\"@id\":\"https:\\\/\\\/www.webdo.tn\\\/fr\\\/#organization\"},\"potentialAction\":[{\"@type\":\"SearchAction\",\"target\":{\"@type\":\"EntryPoint\",\"urlTemplate\":\"https:\\\/\\\/www.webdo.tn\\\/fr\\\/?s={search_term_string}\"},\"query-input\":{\"@type\":\"PropertyValueSpecification\",\"valueRequired\":true,\"valueName\":\"search_term_string\"}}],\"inLanguage\":\"fr-FR\"},{\"@type\":\"Organization\",\"@id\":\"https:\\\/\\\/www.webdo.tn\\\/fr\\\/#organization\",\"name\":\"Webdo\",\"alternateName\":\"Webdo.tn\",\"url\":\"https:\\\/\\\/www.webdo.tn\\\/fr\\\/\",\"logo\":{\"@type\":\"ImageObject\",\"inLanguage\":\"fr-FR\",\"@id\":\"https:\\\/\\\/www.webdo.tn\\\/fr\\\/#\\\/schema\\\/logo\\\/image\\\/\",\"url\":\"https:\\\/\\\/www.webdo.tn\\\/fr\\\/wp-content\\\/uploads\\\/2025\\\/06\\\/Webdo-Tunisie_168377.jpg\",\"contentUrl\":\"https:\\\/\\\/www.webdo.tn\\\/fr\\\/wp-content\\\/uploads\\\/2025\\\/06\\\/Webdo-Tunisie_168377.jpg\",\"width\":301,\"height\":301,\"caption\":\"Webdo\"},\"image\":{\"@id\":\"https:\\\/\\\/www.webdo.tn\\\/fr\\\/#\\\/schema\\\/logo\\\/image\\\/\"},\"sameAs\":[\"https:\\\/\\\/www.facebook.com\\\/webdotn\",\"https:\\\/\\\/x.com\\\/webdo_tn\"],\"description\":\"Webdo est un m\u00e9dia num\u00e9rique tunisien fond\u00e9 en 2010, sp\u00e9cialis\u00e9 dans l\u2019actualit\u00e9 nationale et internationale, l\u2019\u00e9conomie, la soci\u00e9t\u00e9 et les analyses politiques. Le site s\u2019adresse \u00e0 un large public francophone et couvre l\u2019information tunisienne en temps r\u00e9el.\",\"email\":\"redac@webdo.tn\",\"legalName\":\"YNJ SARL\",\"foundingDate\":\"2010-09-06\",\"numberOfEmployees\":{\"@type\":\"QuantitativeValue\",\"minValue\":\"11\",\"maxValue\":\"50\"}},{\"@type\":\"Person\",\"@id\":\"https:\\\/\\\/www.webdo.tn\\\/fr\\\/#\\\/schema\\\/person\\\/2c4929cbf5a809e3bd38617c6ce150f6\",\"name\":\"MC\",\"image\":{\"@type\":\"ImageObject\",\"inLanguage\":\"fr-FR\",\"@id\":\"https:\\\/\\\/secure.gravatar.com\\\/avatar\\\/a545bbb6f84efdd5553dbbc2895e3ca8f1d12c5215e00a041c9670b54aa9b18a?s=96&d=mm&r=g\",\"url\":\"https:\\\/\\\/secure.gravatar.com\\\/avatar\\\/a545bbb6f84efdd5553dbbc2895e3ca8f1d12c5215e00a041c9670b54aa9b18a?s=96&d=mm&r=g\",\"contentUrl\":\"https:\\\/\\\/secure.gravatar.com\\\/avatar\\\/a545bbb6f84efdd5553dbbc2895e3ca8f1d12c5215e00a041c9670b54aa9b18a?s=96&d=mm&r=g\",\"caption\":\"MC\"},\"url\":\"https:\\\/\\\/www.webdo.tn\\\/fr\\\/actualite\\\/author\\\/mc\\\/\"}]}<\/script>\n<!-- \/ Yoast SEO Premium plugin. -->","yoast_head_json":{"title":"Tunisie : Des chutes de neige pr\u00e9vues sur l\u2019ouest du pays","description":"Ce jeudi 9 f\u00e9vrier 2023, l\u2019Institut national de la m\u00e9t\u00e9orologie pr\u00e9voit des pluies qui vont s\u2019abattre, sur diff\u00e9rentes r\u00e9gions du pays notamment au nord et loca...","canonical":"https:\/\/www.webdo.tn\/fr\/actualite\/national\/tunisie-des-chutes-de-neige-prevues-sur-l-ouest-du-pays\/202731\/","og_locale":"fr_FR","og_type":"article","og_title":"Tunisie : Des chutes de neige pr\u00e9vues sur l\u2019ouest du pays","og_description":"Ce jeudi 9 f\u00e9vrier 2023, l\u2019Institut national de la m\u00e9t\u00e9orologie pr\u00e9voit des pluies qui vont s\u2019abattre, sur diff\u00e9rentes r\u00e9gions du pays notamment au nord et loca...","og_url":"https:\/\/www.webdo.tn\/fr\/actualite\/national\/tunisie-des-chutes-de-neige-prevues-sur-l-ouest-du-pays\/202731\/","og_site_name":"webdo","article_publisher":"https:\/\/www.facebook.com\/webdotn","article_published_time":"2023-02-09T09:22:00+00:00","article_modified_time":"2025-05-20T22:07:25+00:00","og_image":[{"width":750,"height":400,"url":"https:\/\/www.webdo.tn\/fr\/wp-content\/uploads\/2023\/02\/e392a94352439f343e8798f53143cf24.jpg","type":"image\/jpeg"}],"author":"MC","twitter_card":"summary_large_image","twitter_creator":"@webdo_tn","twitter_site":"@webdo_tn","twitter_misc":{"\u00c9crit par":"MC"},"schema":{"@context":"https:\/\/schema.org","@graph":[{"@type":"NewsArticle","@id":"https:\/\/www.webdo.tn\/fr\/actualite\/national\/tunisie-des-chutes-de-neige-prevues-sur-l-ouest-du-pays\/202731\/#article","isPartOf":{"@id":"https:\/\/www.webdo.tn\/fr\/actualite\/national\/tunisie-des-chutes-de-neige-prevues-sur-l-ouest-du-pays\/202731\/"},"author":{"name":"MC","@id":"https:\/\/www.webdo.tn\/fr\/#\/schema\/person\/2c4929cbf5a809e3bd38617c6ce150f6"},"headline":"Tunisie : Des chutes de neige pr\u00e9vues sur l\u2019ouest du pays","datePublished":"2023-02-09T09:22:00+00:00","dateModified":"2025-05-20T22:07:25+00:00","mainEntityOfPage":{"@id":"https:\/\/www.webdo.tn\/fr\/actualite\/national\/tunisie-des-chutes-de-neige-prevues-sur-l-ouest-du-pays\/202731\/"},"wordCount":112,"commentCount":0,"publisher":{"@id":"https:\/\/www.webdo.tn\/fr\/#organization"},"image":{"@id":"https:\/\/www.webdo.tn\/fr\/actualite\/national\/tunisie-des-chutes-de-neige-prevues-sur-l-ouest-du-pays\/202731\/#primaryimage"},"thumbnailUrl":"https:\/\/www.webdo.tn\/fr\/wp-content\/uploads\/2023\/02\/e392a94352439f343e8798f53143cf24.jpg","keywords":["froid","m\u00e9t\u00e9o","neige","Pluie","temp\u00e9ratues"],"articleSection":["National"],"inLanguage":"fr-FR"},{"@type":"WebPage","@id":"https:\/\/www.webdo.tn\/fr\/actualite\/national\/tunisie-des-chutes-de-neige-prevues-sur-l-ouest-du-pays\/202731\/","url":"https:\/\/www.webdo.tn\/fr\/actualite\/national\/tunisie-des-chutes-de-neige-prevues-sur-l-ouest-du-pays\/202731\/","name":"Tunisie : Des chutes de neige pr\u00e9vues sur l\u2019ouest du pays","isPartOf":{"@id":"https:\/\/www.webdo.tn\/fr\/#website"},"primaryImageOfPage":{"@id":"https:\/\/www.webdo.tn\/fr\/actualite\/national\/tunisie-des-chutes-de-neige-prevues-sur-l-ouest-du-pays\/202731\/#primaryimage"},"image":{"@id":"https:\/\/www.webdo.tn\/fr\/actualite\/national\/tunisie-des-chutes-de-neige-prevues-sur-l-ouest-du-pays\/202731\/#primaryimage"},"thumbnailUrl":"https:\/\/www.webdo.tn\/fr\/wp-content\/uploads\/2023\/02\/e392a94352439f343e8798f53143cf24.jpg","datePublished":"2023-02-09T09:22:00+00:00","dateModified":"2025-05-20T22:07:25+00:00","description":"Ce jeudi 9 f\u00e9vrier 2023, l\u2019Institut national de la m\u00e9t\u00e9orologie pr\u00e9voit des pluies qui vont s\u2019abattre, sur diff\u00e9rentes r\u00e9gions du pays notamment au nord et loca...","breadcrumb":{"@id":"https:\/\/www.webdo.tn\/fr\/actualite\/national\/tunisie-des-chutes-de-neige-prevues-sur-l-ouest-du-pays\/202731\/#breadcrumb"},"inLanguage":"fr-FR","potentialAction":[{"@type":"ReadAction","target":["https:\/\/www.webdo.tn\/fr\/actualite\/national\/tunisie-des-chutes-de-neige-prevues-sur-l-ouest-du-pays\/202731\/"]}]},{"@type":"ImageObject","inLanguage":"fr-FR","@id":"https:\/\/www.webdo.tn\/fr\/actualite\/national\/tunisie-des-chutes-de-neige-prevues-sur-l-ouest-du-pays\/202731\/#primaryimage","url":"https:\/\/www.webdo.tn\/fr\/wp-content\/uploads\/2023\/02\/e392a94352439f343e8798f53143cf24.jpg","contentUrl":"https:\/\/www.webdo.tn\/fr\/wp-content\/uploads\/2023\/02\/e392a94352439f343e8798f53143cf24.jpg","width":750,"height":400,"caption":"Tunisie : Des chutes de neige pr\u00e9vues sur l\u2019ouest du pays"},{"@type":"BreadcrumbList","@id":"https:\/\/www.webdo.tn\/fr\/actualite\/national\/tunisie-des-chutes-de-neige-prevues-sur-l-ouest-du-pays\/202731\/#breadcrumb","itemListElement":[{"@type":"ListItem","position":1,"name":"Accueil","item":"https:\/\/www.webdo.tn\/fr\/"},{"@type":"ListItem","position":2,"name":"Tunisie : Des chutes de neige pr\u00e9vues sur l\u2019ouest du pays"}]},{"@type":"WebSite","@id":"https:\/\/www.webdo.tn\/fr\/#website","url":"https:\/\/www.webdo.tn\/fr\/","name":"webdo","description":"Tunisie - News en Tunisie et \u00e0 l&#039;international sur Webdo.tn","publisher":{"@id":"https:\/\/www.webdo.tn\/fr\/#organization"},"potentialAction":[{"@type":"SearchAction","target":{"@type":"EntryPoint","urlTemplate":"https:\/\/www.webdo.tn\/fr\/?s={search_term_string}"},"query-input":{"@type":"PropertyValueSpecification","valueRequired":true,"valueName":"search_term_string"}}],"inLanguage":"fr-FR"},{"@type":"Organization","@id":"https:\/\/www.webdo.tn\/fr\/#organization","name":"Webdo","alternateName":"Webdo.tn","url":"https:\/\/www.webdo.tn\/fr\/","logo":{"@type":"ImageObject","inLanguage":"fr-FR","@id":"https:\/\/www.webdo.tn\/fr\/#\/schema\/logo\/image\/","url":"https:\/\/www.webdo.tn\/fr\/wp-content\/uploads\/2025\/06\/Webdo-Tunisie_168377.jpg","contentUrl":"https:\/\/www.webdo.tn\/fr\/wp-content\/uploads\/2025\/06\/Webdo-Tunisie_168377.jpg","width":301,"height":301,"caption":"Webdo"},"image":{"@id":"https:\/\/www.webdo.tn\/fr\/#\/schema\/logo\/image\/"},"sameAs":["https:\/\/www.facebook.com\/webdotn","https:\/\/x.com\/webdo_tn"],"description":"Webdo est un m\u00e9dia num\u00e9rique tunisien fond\u00e9 en 2010, sp\u00e9cialis\u00e9 dans l\u2019actualit\u00e9 nationale et internationale, l\u2019\u00e9conomie, la soci\u00e9t\u00e9 et les analyses politiques. Le site s\u2019adresse \u00e0 un large public francophone et couvre l\u2019information tunisienne en temps r\u00e9el.","email":"redac@webdo.tn","legalName":"YNJ SARL","foundingDate":"2010-09-06","numberOfEmployees":{"@type":"QuantitativeValue","minValue":"11","maxValue":"50"}},{"@type":"Person","@id":"https:\/\/www.webdo.tn\/fr\/#\/schema\/person\/2c4929cbf5a809e3bd38617c6ce150f6","name":"MC","image":{"@type":"ImageObject","inLanguage":"fr-FR","@id":"https:\/\/secure.gravatar.com\/avatar\/a545bbb6f84efdd5553dbbc2895e3ca8f1d12c5215e00a041c9670b54aa9b18a?s=96&d=mm&r=g","url":"https:\/\/secure.gravatar.com\/avatar\/a545bbb6f84efdd5553dbbc2895e3ca8f1d12c5215e00a041c9670b54aa9b18a?s=96&d=mm&r=g","contentUrl":"https:\/\/secure.gravatar.com\/avatar\/a545bbb6f84efdd5553dbbc2895e3ca8f1d12c5215e00a041c9670b54aa9b18a?s=96&d=mm&r=g","caption":"MC"},"url":"https:\/\/www.webdo.tn\/fr\/actualite\/author\/mc\/"}]}},"_links":{"self":[{"href":"https:\/\/www.webdo.tn\/fr\/wp-json\/wp\/v2\/posts\/202731","targetHints":{"allow":["GET"]}}],"collection":[{"href":"https:\/\/www.webdo.tn\/fr\/wp-json\/wp\/v2\/posts"}],"about":[{"href":"https:\/\/www.webdo.tn\/fr\/wp-json\/wp\/v2\/types\/post"}],"author":[{"embeddable":true,"href":"https:\/\/www.webdo.tn\/fr\/wp-json\/wp\/v2\/users\/3162"}],"replies":[{"embeddable":true,"href":"https:\/\/www.webdo.tn\/fr\/wp-json\/wp\/v2\/comments?post=202731"}],"version-history":[{"count":0,"href":"https:\/\/www.webdo.tn\/fr\/wp-json\/wp\/v2\/posts\/202731\/revisions"}],"wp:featuredmedia":[{"embeddable":true,"href":"https:\/\/www.webdo.tn\/fr\/wp-json\/wp\/v2\/media\/277722"}],"wp:attachment":[{"href":"https:\/\/www.webdo.tn\/fr\/wp-json\/wp\/v2\/media?parent=202731"}],"wp:term":[{"taxonomy":"category","embeddable":true,"href":"https:\/\/www.webdo.tn\/fr\/wp-json\/wp\/v2\/categories?post=202731"},{"taxonomy":"post_tag","embeddable":true,"href":"https:\/\/www.webdo.tn\/fr\/wp-json\/wp\/v2\/tags?post=202731"}],"curies":[{"name":"wp","href":"https:\/\/api.w.org\/{rel}","templated":true}]}}