{"id":202729,"date":"2023-02-09T08:58:00","date_gmt":"2023-02-09T08:58:00","guid":{"rendered":"https:\/\/www.webdo.tn\/fr\/blog\/grand-prix-de-tunis-de-para-athletisme-34-medailles-dont-16-en-or-pour-la-tunisie\/202729\/"},"modified":"2025-05-20T22:07:25","modified_gmt":"2025-05-20T22:07:25","slug":"grand-prix-de-tunis-de-para-athletisme-34-medailles-dont-16-en-or-pour-la-tunisie","status":"publish","type":"post","link":"https:\/\/www.webdo.tn\/fr\/actualite\/sport\/grand-prix-de-tunis-de-para-athletisme-34-medailles-dont-16-en-or-pour-la-tunisie\/202729\/","title":{"rendered":"Grand Prix de Tunis de para-athl\u00e9tisme : 34 m\u00e9dailles dont 16 en or pour la Tunisie"},"content":{"rendered":"<p>Le Grand Prix de Tunis de para-athl\u00e9tisme s\u2019est achev\u00e9, hier avec la 3\u00e8me  et derni\u00e8re journ\u00e9e au cours de laquelle les athl\u00e8tes tunisiens se sont illustr\u00e9s en d\u00e9crochant 9 nouvelles m\u00e9dailles qui s\u2019ajoutent aux 23 d\u00e9croch\u00e9es lors des deux premi\u00e8res journ\u00e9es.<\/p>\n<p>\t\t\t\t\t\t\t\t\tAvec un total de 34 m\u00e9dailles (16 or, 10 argent et 8 bronze) la Tunisie termine la comp\u00e9tition en haut du podium devant l&rsquo;Irak et ses 15 m\u00e9dailles (8 or, 5 argent, 2 bronze), l&rsquo;Ouzb\u00e9kistan (14 m\u00e9dailles), le Maroc (11 m\u00e9dailles) et l&rsquo;Arabie Saoudite (8 m\u00e9dailles).<\/p>\n<p>Hier, les Tunisiens ont d\u00e9croch\u00e9 6 m\u00e9dailles d\u2019or. Fadhila Naffeti au lancer du poids (F54), Raouaa Tlili au lancer du disque (F41), Mohamed Farhat Chida au saut en longueur et au 400m (T38), Sonia Mansour au 400m (T38) et Wajdi Boukhili au 5000m (T12).<\/p>\n<p>L&rsquo;argent est, en outre, revenu \u00e0 Hatem Nasrallah au 5000m (T12), Mabrouka Hmida au lancer du poids (F54) et Fethia Amaimia au lancer du disque (F41). Amir Soltani (F11) et Maroua Brahmi (F32) se sont quant \u00e0 eux content\u00e9s du bronze.<\/p>\n<p>Quinze pays ont particip\u00e9 \u00e0 cette joute dont la Tunisie, l&rsquo;Irak, l&rsquo;Ouzb\u00e9kistan, le Maroc, l&rsquo;Arabie Saoudite, l&rsquo;Inde, la Malaisie, l&rsquo;Angola, le Qatar, l&rsquo;Alg\u00e9rie, la Turquie, la France, la Guin\u00e9e, la Roumanie et l&rsquo;Espagne.<\/p>\n","protected":false},"excerpt":{"rendered":"<p>Le Grand Prix de Tunis de para-athl\u00e9tisme s\u2019est achev\u00e9, hier avec la 3\u00e8me  et derni\u00e8re journ\u00e9e au cours de laquelle les athl\u00e8tes tunisiens se sont illustr\u00e9s en&#8230;<\/p>\n","protected":false},"author":3162,"featured_media":277720,"comment_status":"open","ping_status":"closed","sticky":false,"template":"","format":"standard","meta":{"footnotes":""},"categories":[2593],"tags":[8810,2666,6478],"class_list":["post-202729","post","type-post","status-publish","format-standard","has-post-thumbnail","hentry","category-sport","tag-grand-prix-de-tunis","tag-medailles","tag-para-athletisme"],"yoast_head":"<!-- This site is optimized with the Yoast SEO Premium plugin v27.4 (Yoast SEO v27.5) - https:\/\/yoast.com\/product\/yoast-seo-premium-wordpress\/ -->\n<title>Grand Prix de Tunis de para-athl\u00e9tisme : 34 m\u00e9dailles dont 16 en or pour la Tunisie<\/title>\n<meta name=\"description\" content=\"Le Grand Prix de Tunis de para-athl\u00e9tisme s\u2019est achev\u00e9, hier avec la 3\u00e8me et derni\u00e8re journ\u00e9e au cours de laquelle les athl\u00e8tes tunisiens se sont illustr\u00e9s en...\" \/>\n<link rel=\"canonical\" href=\"https:\/\/www.webdo.tn\/fr\/actualite\/sport\/grand-prix-de-tunis-de-para-athletisme-34-medailles-dont-16-en-or-pour-la-tunisie\/202729\/\" \/>\n<meta property=\"og:locale\" content=\"fr_FR\" \/>\n<meta property=\"og:type\" content=\"article\" \/>\n<meta property=\"og:title\" content=\"Grand Prix de Tunis de para-athl\u00e9tisme : 34 m\u00e9dailles dont 16 en or pour la Tunisie\" \/>\n<meta property=\"og:description\" content=\"Le Grand Prix de Tunis de para-athl\u00e9tisme s\u2019est achev\u00e9, hier avec la 3\u00e8me et derni\u00e8re journ\u00e9e au cours de laquelle les athl\u00e8tes tunisiens se sont illustr\u00e9s en...\" \/>\n<meta property=\"og:url\" content=\"https:\/\/www.webdo.tn\/fr\/actualite\/sport\/grand-prix-de-tunis-de-para-athletisme-34-medailles-dont-16-en-or-pour-la-tunisie\/202729\/\" \/>\n<meta property=\"og:site_name\" content=\"webdo\" \/>\n<meta property=\"article:publisher\" content=\"https:\/\/www.facebook.com\/webdotn\" \/>\n<meta property=\"article:published_time\" content=\"2023-02-09T08:58:00+00:00\" \/>\n<meta property=\"article:modified_time\" content=\"2025-05-20T22:07:25+00:00\" \/>\n<meta property=\"og:image\" content=\"https:\/\/www.webdo.tn\/fr\/wp-content\/uploads\/2023\/02\/55918cc25af426ec2c13c6f782fc1b17.jpg\" \/>\n\t<meta property=\"og:image:width\" content=\"750\" \/>\n\t<meta property=\"og:image:height\" content=\"400\" \/>\n\t<meta property=\"og:image:type\" content=\"image\/jpeg\" \/>\n<meta name=\"author\" content=\"MC\" \/>\n<meta name=\"twitter:card\" content=\"summary_large_image\" \/>\n<meta name=\"twitter:creator\" content=\"@webdo_tn\" \/>\n<meta name=\"twitter:site\" content=\"@webdo_tn\" \/>\n<meta name=\"twitter:label1\" content=\"\u00c9crit par\" \/>\n\t<meta name=\"twitter:data1\" content=\"MC\" \/>\n\t<meta name=\"twitter:label2\" content=\"Dur\u00e9e de lecture estim\u00e9e\" \/>\n\t<meta name=\"twitter:data2\" content=\"1 minute\" \/>\n<script type=\"application\/ld+json\" class=\"yoast-schema-graph\">{\"@context\":\"https:\\\/\\\/schema.org\",\"@graph\":[{\"@type\":\"NewsArticle\",\"@id\":\"https:\\\/\\\/www.webdo.tn\\\/fr\\\/actualite\\\/sport\\\/grand-prix-de-tunis-de-para-athletisme-34-medailles-dont-16-en-or-pour-la-tunisie\\\/202729\\\/#article\",\"isPartOf\":{\"@id\":\"https:\\\/\\\/www.webdo.tn\\\/fr\\\/actualite\\\/sport\\\/grand-prix-de-tunis-de-para-athletisme-34-medailles-dont-16-en-or-pour-la-tunisie\\\/202729\\\/\"},\"author\":{\"name\":\"MC\",\"@id\":\"https:\\\/\\\/www.webdo.tn\\\/fr\\\/#\\\/schema\\\/person\\\/2c4929cbf5a809e3bd38617c6ce150f6\"},\"headline\":\"Grand Prix de Tunis de para-athl\u00e9tisme : 34 m\u00e9dailles dont 16 en or pour la Tunisie\",\"datePublished\":\"2023-02-09T08:58:00+00:00\",\"dateModified\":\"2025-05-20T22:07:25+00:00\",\"mainEntityOfPage\":{\"@id\":\"https:\\\/\\\/www.webdo.tn\\\/fr\\\/actualite\\\/sport\\\/grand-prix-de-tunis-de-para-athletisme-34-medailles-dont-16-en-or-pour-la-tunisie\\\/202729\\\/\"},\"wordCount\":241,\"commentCount\":0,\"publisher\":{\"@id\":\"https:\\\/\\\/www.webdo.tn\\\/fr\\\/#organization\"},\"image\":{\"@id\":\"https:\\\/\\\/www.webdo.tn\\\/fr\\\/actualite\\\/sport\\\/grand-prix-de-tunis-de-para-athletisme-34-medailles-dont-16-en-or-pour-la-tunisie\\\/202729\\\/#primaryimage\"},\"thumbnailUrl\":\"https:\\\/\\\/www.webdo.tn\\\/fr\\\/wp-content\\\/uploads\\\/2023\\\/02\\\/55918cc25af426ec2c13c6f782fc1b17.jpg\",\"keywords\":[\"grand prix de tunis\",\"m\u00e9dailles\",\"para-athl\u00e9tisme\"],\"articleSection\":[\"Sport\"],\"inLanguage\":\"fr-FR\"},{\"@type\":\"WebPage\",\"@id\":\"https:\\\/\\\/www.webdo.tn\\\/fr\\\/actualite\\\/sport\\\/grand-prix-de-tunis-de-para-athletisme-34-medailles-dont-16-en-or-pour-la-tunisie\\\/202729\\\/\",\"url\":\"https:\\\/\\\/www.webdo.tn\\\/fr\\\/actualite\\\/sport\\\/grand-prix-de-tunis-de-para-athletisme-34-medailles-dont-16-en-or-pour-la-tunisie\\\/202729\\\/\",\"name\":\"Grand Prix de Tunis de para-athl\u00e9tisme : 34 m\u00e9dailles dont 16 en or pour la Tunisie\",\"isPartOf\":{\"@id\":\"https:\\\/\\\/www.webdo.tn\\\/fr\\\/#website\"},\"primaryImageOfPage\":{\"@id\":\"https:\\\/\\\/www.webdo.tn\\\/fr\\\/actualite\\\/sport\\\/grand-prix-de-tunis-de-para-athletisme-34-medailles-dont-16-en-or-pour-la-tunisie\\\/202729\\\/#primaryimage\"},\"image\":{\"@id\":\"https:\\\/\\\/www.webdo.tn\\\/fr\\\/actualite\\\/sport\\\/grand-prix-de-tunis-de-para-athletisme-34-medailles-dont-16-en-or-pour-la-tunisie\\\/202729\\\/#primaryimage\"},\"thumbnailUrl\":\"https:\\\/\\\/www.webdo.tn\\\/fr\\\/wp-content\\\/uploads\\\/2023\\\/02\\\/55918cc25af426ec2c13c6f782fc1b17.jpg\",\"datePublished\":\"2023-02-09T08:58:00+00:00\",\"dateModified\":\"2025-05-20T22:07:25+00:00\",\"description\":\"Le Grand Prix de Tunis de para-athl\u00e9tisme s\u2019est achev\u00e9, hier avec la 3\u00e8me et derni\u00e8re journ\u00e9e au cours de laquelle les athl\u00e8tes tunisiens se sont illustr\u00e9s en...\",\"breadcrumb\":{\"@id\":\"https:\\\/\\\/www.webdo.tn\\\/fr\\\/actualite\\\/sport\\\/grand-prix-de-tunis-de-para-athletisme-34-medailles-dont-16-en-or-pour-la-tunisie\\\/202729\\\/#breadcrumb\"},\"inLanguage\":\"fr-FR\",\"potentialAction\":[{\"@type\":\"ReadAction\",\"target\":[\"https:\\\/\\\/www.webdo.tn\\\/fr\\\/actualite\\\/sport\\\/grand-prix-de-tunis-de-para-athletisme-34-medailles-dont-16-en-or-pour-la-tunisie\\\/202729\\\/\"]}]},{\"@type\":\"ImageObject\",\"inLanguage\":\"fr-FR\",\"@id\":\"https:\\\/\\\/www.webdo.tn\\\/fr\\\/actualite\\\/sport\\\/grand-prix-de-tunis-de-para-athletisme-34-medailles-dont-16-en-or-pour-la-tunisie\\\/202729\\\/#primaryimage\",\"url\":\"https:\\\/\\\/www.webdo.tn\\\/fr\\\/wp-content\\\/uploads\\\/2023\\\/02\\\/55918cc25af426ec2c13c6f782fc1b17.jpg\",\"contentUrl\":\"https:\\\/\\\/www.webdo.tn\\\/fr\\\/wp-content\\\/uploads\\\/2023\\\/02\\\/55918cc25af426ec2c13c6f782fc1b17.jpg\",\"width\":750,\"height\":400,\"caption\":\"Grand Prix de Tunis de para-athl\u00e9tisme : 34 m\u00e9dailles dont 16 en or pour la Tunisie\"},{\"@type\":\"BreadcrumbList\",\"@id\":\"https:\\\/\\\/www.webdo.tn\\\/fr\\\/actualite\\\/sport\\\/grand-prix-de-tunis-de-para-athletisme-34-medailles-dont-16-en-or-pour-la-tunisie\\\/202729\\\/#breadcrumb\",\"itemListElement\":[{\"@type\":\"ListItem\",\"position\":1,\"name\":\"Accueil\",\"item\":\"https:\\\/\\\/www.webdo.tn\\\/fr\\\/\"},{\"@type\":\"ListItem\",\"position\":2,\"name\":\"Grand Prix de Tunis de para-athl\u00e9tisme : 34 m\u00e9dailles dont 16 en or pour la Tunisie\"}]},{\"@type\":\"WebSite\",\"@id\":\"https:\\\/\\\/www.webdo.tn\\\/fr\\\/#website\",\"url\":\"https:\\\/\\\/www.webdo.tn\\\/fr\\\/\",\"name\":\"webdo\",\"description\":\"Tunisie - News en Tunisie et \u00e0 l&#039;international sur Webdo.tn\",\"publisher\":{\"@id\":\"https:\\\/\\\/www.webdo.tn\\\/fr\\\/#organization\"},\"potentialAction\":[{\"@type\":\"SearchAction\",\"target\":{\"@type\":\"EntryPoint\",\"urlTemplate\":\"https:\\\/\\\/www.webdo.tn\\\/fr\\\/?s={search_term_string}\"},\"query-input\":{\"@type\":\"PropertyValueSpecification\",\"valueRequired\":true,\"valueName\":\"search_term_string\"}}],\"inLanguage\":\"fr-FR\"},{\"@type\":\"Organization\",\"@id\":\"https:\\\/\\\/www.webdo.tn\\\/fr\\\/#organization\",\"name\":\"Webdo\",\"alternateName\":\"Webdo.tn\",\"url\":\"https:\\\/\\\/www.webdo.tn\\\/fr\\\/\",\"logo\":{\"@type\":\"ImageObject\",\"inLanguage\":\"fr-FR\",\"@id\":\"https:\\\/\\\/www.webdo.tn\\\/fr\\\/#\\\/schema\\\/logo\\\/image\\\/\",\"url\":\"https:\\\/\\\/www.webdo.tn\\\/fr\\\/wp-content\\\/uploads\\\/2025\\\/06\\\/Webdo-Tunisie_168377.jpg\",\"contentUrl\":\"https:\\\/\\\/www.webdo.tn\\\/fr\\\/wp-content\\\/uploads\\\/2025\\\/06\\\/Webdo-Tunisie_168377.jpg\",\"width\":301,\"height\":301,\"caption\":\"Webdo\"},\"image\":{\"@id\":\"https:\\\/\\\/www.webdo.tn\\\/fr\\\/#\\\/schema\\\/logo\\\/image\\\/\"},\"sameAs\":[\"https:\\\/\\\/www.facebook.com\\\/webdotn\",\"https:\\\/\\\/x.com\\\/webdo_tn\"],\"description\":\"Webdo est un m\u00e9dia num\u00e9rique tunisien fond\u00e9 en 2010, sp\u00e9cialis\u00e9 dans l\u2019actualit\u00e9 nationale et internationale, l\u2019\u00e9conomie, la soci\u00e9t\u00e9 et les analyses politiques. Le site s\u2019adresse \u00e0 un large public francophone et couvre l\u2019information tunisienne en temps r\u00e9el.\",\"email\":\"redac@webdo.tn\",\"legalName\":\"YNJ SARL\",\"foundingDate\":\"2010-09-06\",\"numberOfEmployees\":{\"@type\":\"QuantitativeValue\",\"minValue\":\"11\",\"maxValue\":\"50\"}},{\"@type\":\"Person\",\"@id\":\"https:\\\/\\\/www.webdo.tn\\\/fr\\\/#\\\/schema\\\/person\\\/2c4929cbf5a809e3bd38617c6ce150f6\",\"name\":\"MC\",\"image\":{\"@type\":\"ImageObject\",\"inLanguage\":\"fr-FR\",\"@id\":\"https:\\\/\\\/secure.gravatar.com\\\/avatar\\\/a545bbb6f84efdd5553dbbc2895e3ca8f1d12c5215e00a041c9670b54aa9b18a?s=96&d=mm&r=g\",\"url\":\"https:\\\/\\\/secure.gravatar.com\\\/avatar\\\/a545bbb6f84efdd5553dbbc2895e3ca8f1d12c5215e00a041c9670b54aa9b18a?s=96&d=mm&r=g\",\"contentUrl\":\"https:\\\/\\\/secure.gravatar.com\\\/avatar\\\/a545bbb6f84efdd5553dbbc2895e3ca8f1d12c5215e00a041c9670b54aa9b18a?s=96&d=mm&r=g\",\"caption\":\"MC\"},\"url\":\"https:\\\/\\\/www.webdo.tn\\\/fr\\\/actualite\\\/author\\\/mc\\\/\"}]}<\/script>\n<!-- \/ Yoast SEO Premium plugin. -->","yoast_head_json":{"title":"Grand Prix de Tunis de para-athl\u00e9tisme : 34 m\u00e9dailles dont 16 en or pour la Tunisie","description":"Le Grand Prix de Tunis de para-athl\u00e9tisme s\u2019est achev\u00e9, hier avec la 3\u00e8me et derni\u00e8re journ\u00e9e au cours de laquelle les athl\u00e8tes tunisiens se sont illustr\u00e9s en...","canonical":"https:\/\/www.webdo.tn\/fr\/actualite\/sport\/grand-prix-de-tunis-de-para-athletisme-34-medailles-dont-16-en-or-pour-la-tunisie\/202729\/","og_locale":"fr_FR","og_type":"article","og_title":"Grand Prix de Tunis de para-athl\u00e9tisme : 34 m\u00e9dailles dont 16 en or pour la Tunisie","og_description":"Le Grand Prix de Tunis de para-athl\u00e9tisme s\u2019est achev\u00e9, hier avec la 3\u00e8me et derni\u00e8re journ\u00e9e au cours de laquelle les athl\u00e8tes tunisiens se sont illustr\u00e9s en...","og_url":"https:\/\/www.webdo.tn\/fr\/actualite\/sport\/grand-prix-de-tunis-de-para-athletisme-34-medailles-dont-16-en-or-pour-la-tunisie\/202729\/","og_site_name":"webdo","article_publisher":"https:\/\/www.facebook.com\/webdotn","article_published_time":"2023-02-09T08:58:00+00:00","article_modified_time":"2025-05-20T22:07:25+00:00","og_image":[{"width":750,"height":400,"url":"https:\/\/www.webdo.tn\/fr\/wp-content\/uploads\/2023\/02\/55918cc25af426ec2c13c6f782fc1b17.jpg","type":"image\/jpeg"}],"author":"MC","twitter_card":"summary_large_image","twitter_creator":"@webdo_tn","twitter_site":"@webdo_tn","twitter_misc":{"\u00c9crit par":"MC","Dur\u00e9e de lecture estim\u00e9e":"1 minute"},"schema":{"@context":"https:\/\/schema.org","@graph":[{"@type":"NewsArticle","@id":"https:\/\/www.webdo.tn\/fr\/actualite\/sport\/grand-prix-de-tunis-de-para-athletisme-34-medailles-dont-16-en-or-pour-la-tunisie\/202729\/#article","isPartOf":{"@id":"https:\/\/www.webdo.tn\/fr\/actualite\/sport\/grand-prix-de-tunis-de-para-athletisme-34-medailles-dont-16-en-or-pour-la-tunisie\/202729\/"},"author":{"name":"MC","@id":"https:\/\/www.webdo.tn\/fr\/#\/schema\/person\/2c4929cbf5a809e3bd38617c6ce150f6"},"headline":"Grand Prix de Tunis de para-athl\u00e9tisme : 34 m\u00e9dailles dont 16 en or pour la Tunisie","datePublished":"2023-02-09T08:58:00+00:00","dateModified":"2025-05-20T22:07:25+00:00","mainEntityOfPage":{"@id":"https:\/\/www.webdo.tn\/fr\/actualite\/sport\/grand-prix-de-tunis-de-para-athletisme-34-medailles-dont-16-en-or-pour-la-tunisie\/202729\/"},"wordCount":241,"commentCount":0,"publisher":{"@id":"https:\/\/www.webdo.tn\/fr\/#organization"},"image":{"@id":"https:\/\/www.webdo.tn\/fr\/actualite\/sport\/grand-prix-de-tunis-de-para-athletisme-34-medailles-dont-16-en-or-pour-la-tunisie\/202729\/#primaryimage"},"thumbnailUrl":"https:\/\/www.webdo.tn\/fr\/wp-content\/uploads\/2023\/02\/55918cc25af426ec2c13c6f782fc1b17.jpg","keywords":["grand prix de tunis","m\u00e9dailles","para-athl\u00e9tisme"],"articleSection":["Sport"],"inLanguage":"fr-FR"},{"@type":"WebPage","@id":"https:\/\/www.webdo.tn\/fr\/actualite\/sport\/grand-prix-de-tunis-de-para-athletisme-34-medailles-dont-16-en-or-pour-la-tunisie\/202729\/","url":"https:\/\/www.webdo.tn\/fr\/actualite\/sport\/grand-prix-de-tunis-de-para-athletisme-34-medailles-dont-16-en-or-pour-la-tunisie\/202729\/","name":"Grand Prix de Tunis de para-athl\u00e9tisme : 34 m\u00e9dailles dont 16 en or pour la Tunisie","isPartOf":{"@id":"https:\/\/www.webdo.tn\/fr\/#website"},"primaryImageOfPage":{"@id":"https:\/\/www.webdo.tn\/fr\/actualite\/sport\/grand-prix-de-tunis-de-para-athletisme-34-medailles-dont-16-en-or-pour-la-tunisie\/202729\/#primaryimage"},"image":{"@id":"https:\/\/www.webdo.tn\/fr\/actualite\/sport\/grand-prix-de-tunis-de-para-athletisme-34-medailles-dont-16-en-or-pour-la-tunisie\/202729\/#primaryimage"},"thumbnailUrl":"https:\/\/www.webdo.tn\/fr\/wp-content\/uploads\/2023\/02\/55918cc25af426ec2c13c6f782fc1b17.jpg","datePublished":"2023-02-09T08:58:00+00:00","dateModified":"2025-05-20T22:07:25+00:00","description":"Le Grand Prix de Tunis de para-athl\u00e9tisme s\u2019est achev\u00e9, hier avec la 3\u00e8me et derni\u00e8re journ\u00e9e au cours de laquelle les athl\u00e8tes tunisiens se sont illustr\u00e9s en...","breadcrumb":{"@id":"https:\/\/www.webdo.tn\/fr\/actualite\/sport\/grand-prix-de-tunis-de-para-athletisme-34-medailles-dont-16-en-or-pour-la-tunisie\/202729\/#breadcrumb"},"inLanguage":"fr-FR","potentialAction":[{"@type":"ReadAction","target":["https:\/\/www.webdo.tn\/fr\/actualite\/sport\/grand-prix-de-tunis-de-para-athletisme-34-medailles-dont-16-en-or-pour-la-tunisie\/202729\/"]}]},{"@type":"ImageObject","inLanguage":"fr-FR","@id":"https:\/\/www.webdo.tn\/fr\/actualite\/sport\/grand-prix-de-tunis-de-para-athletisme-34-medailles-dont-16-en-or-pour-la-tunisie\/202729\/#primaryimage","url":"https:\/\/www.webdo.tn\/fr\/wp-content\/uploads\/2023\/02\/55918cc25af426ec2c13c6f782fc1b17.jpg","contentUrl":"https:\/\/www.webdo.tn\/fr\/wp-content\/uploads\/2023\/02\/55918cc25af426ec2c13c6f782fc1b17.jpg","width":750,"height":400,"caption":"Grand Prix de Tunis de para-athl\u00e9tisme : 34 m\u00e9dailles dont 16 en or pour la Tunisie"},{"@type":"BreadcrumbList","@id":"https:\/\/www.webdo.tn\/fr\/actualite\/sport\/grand-prix-de-tunis-de-para-athletisme-34-medailles-dont-16-en-or-pour-la-tunisie\/202729\/#breadcrumb","itemListElement":[{"@type":"ListItem","position":1,"name":"Accueil","item":"https:\/\/www.webdo.tn\/fr\/"},{"@type":"ListItem","position":2,"name":"Grand Prix de Tunis de para-athl\u00e9tisme : 34 m\u00e9dailles dont 16 en or pour la Tunisie"}]},{"@type":"WebSite","@id":"https:\/\/www.webdo.tn\/fr\/#website","url":"https:\/\/www.webdo.tn\/fr\/","name":"webdo","description":"Tunisie - News en Tunisie et \u00e0 l&#039;international sur Webdo.tn","publisher":{"@id":"https:\/\/www.webdo.tn\/fr\/#organization"},"potentialAction":[{"@type":"SearchAction","target":{"@type":"EntryPoint","urlTemplate":"https:\/\/www.webdo.tn\/fr\/?s={search_term_string}"},"query-input":{"@type":"PropertyValueSpecification","valueRequired":true,"valueName":"search_term_string"}}],"inLanguage":"fr-FR"},{"@type":"Organization","@id":"https:\/\/www.webdo.tn\/fr\/#organization","name":"Webdo","alternateName":"Webdo.tn","url":"https:\/\/www.webdo.tn\/fr\/","logo":{"@type":"ImageObject","inLanguage":"fr-FR","@id":"https:\/\/www.webdo.tn\/fr\/#\/schema\/logo\/image\/","url":"https:\/\/www.webdo.tn\/fr\/wp-content\/uploads\/2025\/06\/Webdo-Tunisie_168377.jpg","contentUrl":"https:\/\/www.webdo.tn\/fr\/wp-content\/uploads\/2025\/06\/Webdo-Tunisie_168377.jpg","width":301,"height":301,"caption":"Webdo"},"image":{"@id":"https:\/\/www.webdo.tn\/fr\/#\/schema\/logo\/image\/"},"sameAs":["https:\/\/www.facebook.com\/webdotn","https:\/\/x.com\/webdo_tn"],"description":"Webdo est un m\u00e9dia num\u00e9rique tunisien fond\u00e9 en 2010, sp\u00e9cialis\u00e9 dans l\u2019actualit\u00e9 nationale et internationale, l\u2019\u00e9conomie, la soci\u00e9t\u00e9 et les analyses politiques. Le site s\u2019adresse \u00e0 un large public francophone et couvre l\u2019information tunisienne en temps r\u00e9el.","email":"redac@webdo.tn","legalName":"YNJ SARL","foundingDate":"2010-09-06","numberOfEmployees":{"@type":"QuantitativeValue","minValue":"11","maxValue":"50"}},{"@type":"Person","@id":"https:\/\/www.webdo.tn\/fr\/#\/schema\/person\/2c4929cbf5a809e3bd38617c6ce150f6","name":"MC","image":{"@type":"ImageObject","inLanguage":"fr-FR","@id":"https:\/\/secure.gravatar.com\/avatar\/a545bbb6f84efdd5553dbbc2895e3ca8f1d12c5215e00a041c9670b54aa9b18a?s=96&d=mm&r=g","url":"https:\/\/secure.gravatar.com\/avatar\/a545bbb6f84efdd5553dbbc2895e3ca8f1d12c5215e00a041c9670b54aa9b18a?s=96&d=mm&r=g","contentUrl":"https:\/\/secure.gravatar.com\/avatar\/a545bbb6f84efdd5553dbbc2895e3ca8f1d12c5215e00a041c9670b54aa9b18a?s=96&d=mm&r=g","caption":"MC"},"url":"https:\/\/www.webdo.tn\/fr\/actualite\/author\/mc\/"}]}},"_links":{"self":[{"href":"https:\/\/www.webdo.tn\/fr\/wp-json\/wp\/v2\/posts\/202729","targetHints":{"allow":["GET"]}}],"collection":[{"href":"https:\/\/www.webdo.tn\/fr\/wp-json\/wp\/v2\/posts"}],"about":[{"href":"https:\/\/www.webdo.tn\/fr\/wp-json\/wp\/v2\/types\/post"}],"author":[{"embeddable":true,"href":"https:\/\/www.webdo.tn\/fr\/wp-json\/wp\/v2\/users\/3162"}],"replies":[{"embeddable":true,"href":"https:\/\/www.webdo.tn\/fr\/wp-json\/wp\/v2\/comments?post=202729"}],"version-history":[{"count":0,"href":"https:\/\/www.webdo.tn\/fr\/wp-json\/wp\/v2\/posts\/202729\/revisions"}],"wp:featuredmedia":[{"embeddable":true,"href":"https:\/\/www.webdo.tn\/fr\/wp-json\/wp\/v2\/media\/277720"}],"wp:attachment":[{"href":"https:\/\/www.webdo.tn\/fr\/wp-json\/wp\/v2\/media?parent=202729"}],"wp:term":[{"taxonomy":"category","embeddable":true,"href":"https:\/\/www.webdo.tn\/fr\/wp-json\/wp\/v2\/categories?post=202729"},{"taxonomy":"post_tag","embeddable":true,"href":"https:\/\/www.webdo.tn\/fr\/wp-json\/wp\/v2\/tags?post=202729"}],"curies":[{"name":"wp","href":"https:\/\/api.w.org\/{rel}","templated":true}]}}