{"id":202721,"date":"2023-02-08T19:30:00","date_gmt":"2023-02-08T19:30:00","guid":{"rendered":"https:\/\/www.webdo.tn\/fr\/actualite\/blog\/seisme-en-turquie-et-en-syrie-appels-aux-dons-au-profit-des-victimes\/202721\/"},"modified":"2025-06-04T18:06:44","modified_gmt":"2025-06-04T18:06:44","slug":"seisme-en-turquie-et-en-syrie-appels-aux-dons-au-profit-des-victimes","status":"publish","type":"post","link":"https:\/\/www.webdo.tn\/fr\/actualite\/national\/seisme-en-turquie-et-en-syrie-appels-aux-dons-au-profit-des-victimes\/202721\/","title":{"rendered":"S\u00e9isme en Turquie et en Syrie : Appels aux dons au profit des victimes"},"content":{"rendered":"<p>La pr\u00e9sidence du gouvernement a lanc\u00e9, ce mercredi 8 f\u00e9vrier 2023, un appel aux dons au profit des bless\u00e9s et victimes du s\u00e9isme d\u00e9vastateur ayant fait des milliers de morts en Turquie et en Syrie.<\/p>\n<p> Le communiqu\u00e9 de la pr\u00e9sidence du gouvernement pr\u00e9cise que cet appel\u00a0concerne les Tunisiens r\u00e9sidents en Tunisie et la diaspora tunisienne \u00e0 l\u2019\u00e9tranger.<\/p>\n<p>Les virements bancaires doivent \u00eatre faits sur le compte de l\u2019Union tunisienne de solidarit\u00e9 sociale (UTSS)<\/p>\n<p>RIB : 10113108000707078855<\/p>\n<p>IBAN : TN59 10113108000707078855<\/p>\n<p>SWIFT\/BIC : STBKTNTT<\/p>\n<p>Les dons en nature (nourriture, couvertures, m\u00e9dicaments et mat\u00e9riel de premiers secours)\u00a0devront \u00eatre d\u00e9pos\u00e9s au si\u00e8ge de l&rsquo;Union \u00e0 Cit\u00e9 El Khadhra o\u00f9 aupr\u00e8s des comit\u00e9s r\u00e9gionaux et locaux de solidarit\u00e9 sociale pr\u00e9sents dans tous les gouvernorats de la R\u00e9publique.<\/p>\n<p>De plus, le conseil national de l\u2019ordre des Pharmaciens de Tunisie (CNOPT) a lanc\u00e9 une campagne de collecte de dons aupr\u00e8s des pharmaciens et des \u00e9tablissements pharmaceutiques au profit des populations syrienne et turque touch\u00e9es par le s\u00e9isme.\u00a0Le CNOPT a fait savoir, dans un appel urgent, qu\u2019il est possible de faire un don par ch\u00e8que bancaire au si\u00e8ge du conseil ou aux si\u00e8ges des conseils r\u00e9gionaux, ainsi que sur le compte num\u00e9ro 07309007510556998236 ouvert \u00e0 Aman Bank, agence Alain Savary.<\/p>\n","protected":false},"excerpt":{"rendered":"<p>La pr\u00e9sidence du gouvernement a lanc\u00e9, ce mercredi 8 f\u00e9vrier 2023, un appel aux dons au profit des bless\u00e9s et victimes du s\u00e9isme d\u00e9vastateur ayant fait des mill&#8230;<\/p>\n","protected":false},"author":3162,"featured_media":348170,"comment_status":"open","ping_status":"closed","sticky":false,"template":"","format":"standard","meta":{"footnotes":""},"categories":[44],"tags":[11390,7271,3504,2608,3550],"class_list":["post-202721","post","type-post","status-publish","format-standard","has-post-thumbnail","hentry","category-national","tag-appel-aux-dons","tag-seisme","tag-syrie","tag-tunisie","tag-turquie"],"yoast_head":"<!-- This site is optimized with the Yoast SEO Premium plugin v27.4 (Yoast SEO v27.5) - https:\/\/yoast.com\/product\/yoast-seo-premium-wordpress\/ -->\n<title>S\u00e9isme en Turquie et en Syrie : Appels aux dons au profit des victimes<\/title>\n<meta name=\"description\" content=\"La pr\u00e9sidence du gouvernement a lanc\u00e9, ce mercredi 8 f\u00e9vrier 2023, un appel aux dons au profit des bless\u00e9s et victimes du s\u00e9isme d\u00e9vastateur ayant fait des mill...\" \/>\n<link rel=\"canonical\" href=\"https:\/\/www.webdo.tn\/fr\/actualite\/national\/seisme-en-turquie-et-en-syrie-appels-aux-dons-au-profit-des-victimes\/202721\/\" \/>\n<meta property=\"og:locale\" content=\"fr_FR\" \/>\n<meta property=\"og:type\" content=\"article\" \/>\n<meta property=\"og:title\" content=\"S\u00e9isme en Turquie et en Syrie : Appels aux dons au profit des victimes\" \/>\n<meta property=\"og:description\" content=\"La pr\u00e9sidence du gouvernement a lanc\u00e9, ce mercredi 8 f\u00e9vrier 2023, un appel aux dons au profit des bless\u00e9s et victimes du s\u00e9isme d\u00e9vastateur ayant fait des mill...\" \/>\n<meta property=\"og:url\" content=\"https:\/\/www.webdo.tn\/fr\/actualite\/national\/seisme-en-turquie-et-en-syrie-appels-aux-dons-au-profit-des-victimes\/202721\/\" \/>\n<meta property=\"og:site_name\" content=\"webdo\" \/>\n<meta property=\"article:publisher\" content=\"https:\/\/www.facebook.com\/webdotn\" \/>\n<meta property=\"article:published_time\" content=\"2023-02-08T19:30:00+00:00\" \/>\n<meta property=\"article:modified_time\" content=\"2025-06-04T18:06:44+00:00\" \/>\n<meta property=\"og:image\" content=\"https:\/\/www.webdo.tn\/fr\/wp-content\/uploads\/2023\/02\/b5ac88803f292e13741c95f54a231235.jpg\" \/>\n\t<meta property=\"og:image:width\" content=\"750\" \/>\n\t<meta property=\"og:image:height\" content=\"400\" \/>\n\t<meta property=\"og:image:type\" content=\"image\/jpeg\" \/>\n<meta name=\"author\" content=\"MC\" \/>\n<meta name=\"twitter:card\" content=\"summary_large_image\" \/>\n<meta name=\"twitter:creator\" content=\"@webdo_tn\" \/>\n<meta name=\"twitter:site\" content=\"@webdo_tn\" \/>\n<meta name=\"twitter:label1\" content=\"\u00c9crit par\" \/>\n\t<meta name=\"twitter:data1\" content=\"MC\" \/>\n\t<meta name=\"twitter:label2\" content=\"Dur\u00e9e de lecture estim\u00e9e\" \/>\n\t<meta name=\"twitter:data2\" content=\"1 minute\" \/>\n<script type=\"application\/ld+json\" class=\"yoast-schema-graph\">{\"@context\":\"https:\\\/\\\/schema.org\",\"@graph\":[{\"@type\":\"NewsArticle\",\"@id\":\"https:\\\/\\\/www.webdo.tn\\\/fr\\\/actualite\\\/national\\\/seisme-en-turquie-et-en-syrie-appels-aux-dons-au-profit-des-victimes\\\/202721\\\/#article\",\"isPartOf\":{\"@id\":\"https:\\\/\\\/www.webdo.tn\\\/fr\\\/actualite\\\/national\\\/seisme-en-turquie-et-en-syrie-appels-aux-dons-au-profit-des-victimes\\\/202721\\\/\"},\"author\":{\"name\":\"MC\",\"@id\":\"https:\\\/\\\/www.webdo.tn\\\/fr\\\/#\\\/schema\\\/person\\\/2c4929cbf5a809e3bd38617c6ce150f6\"},\"headline\":\"S\u00e9isme en Turquie et en Syrie : Appels aux dons au profit des victimes\",\"datePublished\":\"2023-02-08T19:30:00+00:00\",\"dateModified\":\"2025-06-04T18:06:44+00:00\",\"mainEntityOfPage\":{\"@id\":\"https:\\\/\\\/www.webdo.tn\\\/fr\\\/actualite\\\/national\\\/seisme-en-turquie-et-en-syrie-appels-aux-dons-au-profit-des-victimes\\\/202721\\\/\"},\"wordCount\":241,\"commentCount\":0,\"publisher\":{\"@id\":\"https:\\\/\\\/www.webdo.tn\\\/fr\\\/#organization\"},\"image\":{\"@id\":\"https:\\\/\\\/www.webdo.tn\\\/fr\\\/actualite\\\/national\\\/seisme-en-turquie-et-en-syrie-appels-aux-dons-au-profit-des-victimes\\\/202721\\\/#primaryimage\"},\"thumbnailUrl\":\"https:\\\/\\\/www.webdo.tn\\\/fr\\\/wp-content\\\/uploads\\\/2023\\\/02\\\/b5ac88803f292e13741c95f54a231235.jpg\",\"keywords\":[\"appel aux dons\",\"s\u00e9isme\",\"syrie\",\"Tunisie\",\"Turquie\"],\"articleSection\":[\"National\"],\"inLanguage\":\"fr-FR\"},{\"@type\":\"WebPage\",\"@id\":\"https:\\\/\\\/www.webdo.tn\\\/fr\\\/actualite\\\/national\\\/seisme-en-turquie-et-en-syrie-appels-aux-dons-au-profit-des-victimes\\\/202721\\\/\",\"url\":\"https:\\\/\\\/www.webdo.tn\\\/fr\\\/actualite\\\/national\\\/seisme-en-turquie-et-en-syrie-appels-aux-dons-au-profit-des-victimes\\\/202721\\\/\",\"name\":\"S\u00e9isme en Turquie et en Syrie : Appels aux dons au profit des victimes\",\"isPartOf\":{\"@id\":\"https:\\\/\\\/www.webdo.tn\\\/fr\\\/#website\"},\"primaryImageOfPage\":{\"@id\":\"https:\\\/\\\/www.webdo.tn\\\/fr\\\/actualite\\\/national\\\/seisme-en-turquie-et-en-syrie-appels-aux-dons-au-profit-des-victimes\\\/202721\\\/#primaryimage\"},\"image\":{\"@id\":\"https:\\\/\\\/www.webdo.tn\\\/fr\\\/actualite\\\/national\\\/seisme-en-turquie-et-en-syrie-appels-aux-dons-au-profit-des-victimes\\\/202721\\\/#primaryimage\"},\"thumbnailUrl\":\"https:\\\/\\\/www.webdo.tn\\\/fr\\\/wp-content\\\/uploads\\\/2023\\\/02\\\/b5ac88803f292e13741c95f54a231235.jpg\",\"datePublished\":\"2023-02-08T19:30:00+00:00\",\"dateModified\":\"2025-06-04T18:06:44+00:00\",\"description\":\"La pr\u00e9sidence du gouvernement a lanc\u00e9, ce mercredi 8 f\u00e9vrier 2023, un appel aux dons au profit des bless\u00e9s et victimes du s\u00e9isme d\u00e9vastateur ayant fait des mill...\",\"breadcrumb\":{\"@id\":\"https:\\\/\\\/www.webdo.tn\\\/fr\\\/actualite\\\/national\\\/seisme-en-turquie-et-en-syrie-appels-aux-dons-au-profit-des-victimes\\\/202721\\\/#breadcrumb\"},\"inLanguage\":\"fr-FR\",\"potentialAction\":[{\"@type\":\"ReadAction\",\"target\":[\"https:\\\/\\\/www.webdo.tn\\\/fr\\\/actualite\\\/national\\\/seisme-en-turquie-et-en-syrie-appels-aux-dons-au-profit-des-victimes\\\/202721\\\/\"]}]},{\"@type\":\"ImageObject\",\"inLanguage\":\"fr-FR\",\"@id\":\"https:\\\/\\\/www.webdo.tn\\\/fr\\\/actualite\\\/national\\\/seisme-en-turquie-et-en-syrie-appels-aux-dons-au-profit-des-victimes\\\/202721\\\/#primaryimage\",\"url\":\"https:\\\/\\\/www.webdo.tn\\\/fr\\\/wp-content\\\/uploads\\\/2023\\\/02\\\/b5ac88803f292e13741c95f54a231235.jpg\",\"contentUrl\":\"https:\\\/\\\/www.webdo.tn\\\/fr\\\/wp-content\\\/uploads\\\/2023\\\/02\\\/b5ac88803f292e13741c95f54a231235.jpg\",\"width\":750,\"height\":400,\"caption\":\"S\u00e9isme en Turquie et en Syrie : Appels aux dons au profit des victimes\"},{\"@type\":\"BreadcrumbList\",\"@id\":\"https:\\\/\\\/www.webdo.tn\\\/fr\\\/actualite\\\/national\\\/seisme-en-turquie-et-en-syrie-appels-aux-dons-au-profit-des-victimes\\\/202721\\\/#breadcrumb\",\"itemListElement\":[{\"@type\":\"ListItem\",\"position\":1,\"name\":\"Accueil\",\"item\":\"https:\\\/\\\/www.webdo.tn\\\/fr\\\/\"},{\"@type\":\"ListItem\",\"position\":2,\"name\":\"S\u00e9isme en Turquie et en Syrie : Appels aux dons au profit des victimes\"}]},{\"@type\":\"WebSite\",\"@id\":\"https:\\\/\\\/www.webdo.tn\\\/fr\\\/#website\",\"url\":\"https:\\\/\\\/www.webdo.tn\\\/fr\\\/\",\"name\":\"webdo\",\"description\":\"Tunisie - News en Tunisie et \u00e0 l&#039;international sur Webdo.tn\",\"publisher\":{\"@id\":\"https:\\\/\\\/www.webdo.tn\\\/fr\\\/#organization\"},\"potentialAction\":[{\"@type\":\"SearchAction\",\"target\":{\"@type\":\"EntryPoint\",\"urlTemplate\":\"https:\\\/\\\/www.webdo.tn\\\/fr\\\/?s={search_term_string}\"},\"query-input\":{\"@type\":\"PropertyValueSpecification\",\"valueRequired\":true,\"valueName\":\"search_term_string\"}}],\"inLanguage\":\"fr-FR\"},{\"@type\":\"Organization\",\"@id\":\"https:\\\/\\\/www.webdo.tn\\\/fr\\\/#organization\",\"name\":\"Webdo\",\"alternateName\":\"Webdo.tn\",\"url\":\"https:\\\/\\\/www.webdo.tn\\\/fr\\\/\",\"logo\":{\"@type\":\"ImageObject\",\"inLanguage\":\"fr-FR\",\"@id\":\"https:\\\/\\\/www.webdo.tn\\\/fr\\\/#\\\/schema\\\/logo\\\/image\\\/\",\"url\":\"https:\\\/\\\/www.webdo.tn\\\/fr\\\/wp-content\\\/uploads\\\/2025\\\/06\\\/Webdo-Tunisie_168377.jpg\",\"contentUrl\":\"https:\\\/\\\/www.webdo.tn\\\/fr\\\/wp-content\\\/uploads\\\/2025\\\/06\\\/Webdo-Tunisie_168377.jpg\",\"width\":301,\"height\":301,\"caption\":\"Webdo\"},\"image\":{\"@id\":\"https:\\\/\\\/www.webdo.tn\\\/fr\\\/#\\\/schema\\\/logo\\\/image\\\/\"},\"sameAs\":[\"https:\\\/\\\/www.facebook.com\\\/webdotn\",\"https:\\\/\\\/x.com\\\/webdo_tn\"],\"description\":\"Webdo est un m\u00e9dia num\u00e9rique tunisien fond\u00e9 en 2010, sp\u00e9cialis\u00e9 dans l\u2019actualit\u00e9 nationale et internationale, l\u2019\u00e9conomie, la soci\u00e9t\u00e9 et les analyses politiques. Le site s\u2019adresse \u00e0 un large public francophone et couvre l\u2019information tunisienne en temps r\u00e9el.\",\"email\":\"redac@webdo.tn\",\"legalName\":\"YNJ SARL\",\"foundingDate\":\"2010-09-06\",\"numberOfEmployees\":{\"@type\":\"QuantitativeValue\",\"minValue\":\"11\",\"maxValue\":\"50\"}},{\"@type\":\"Person\",\"@id\":\"https:\\\/\\\/www.webdo.tn\\\/fr\\\/#\\\/schema\\\/person\\\/2c4929cbf5a809e3bd38617c6ce150f6\",\"name\":\"MC\",\"image\":{\"@type\":\"ImageObject\",\"inLanguage\":\"fr-FR\",\"@id\":\"https:\\\/\\\/secure.gravatar.com\\\/avatar\\\/a545bbb6f84efdd5553dbbc2895e3ca8f1d12c5215e00a041c9670b54aa9b18a?s=96&d=mm&r=g\",\"url\":\"https:\\\/\\\/secure.gravatar.com\\\/avatar\\\/a545bbb6f84efdd5553dbbc2895e3ca8f1d12c5215e00a041c9670b54aa9b18a?s=96&d=mm&r=g\",\"contentUrl\":\"https:\\\/\\\/secure.gravatar.com\\\/avatar\\\/a545bbb6f84efdd5553dbbc2895e3ca8f1d12c5215e00a041c9670b54aa9b18a?s=96&d=mm&r=g\",\"caption\":\"MC\"},\"url\":\"https:\\\/\\\/www.webdo.tn\\\/fr\\\/actualite\\\/author\\\/mc\\\/\"}]}<\/script>\n<!-- \/ Yoast SEO Premium plugin. -->","yoast_head_json":{"title":"S\u00e9isme en Turquie et en Syrie : Appels aux dons au profit des victimes","description":"La pr\u00e9sidence du gouvernement a lanc\u00e9, ce mercredi 8 f\u00e9vrier 2023, un appel aux dons au profit des bless\u00e9s et victimes du s\u00e9isme d\u00e9vastateur ayant fait des mill...","canonical":"https:\/\/www.webdo.tn\/fr\/actualite\/national\/seisme-en-turquie-et-en-syrie-appels-aux-dons-au-profit-des-victimes\/202721\/","og_locale":"fr_FR","og_type":"article","og_title":"S\u00e9isme en Turquie et en Syrie : Appels aux dons au profit des victimes","og_description":"La pr\u00e9sidence du gouvernement a lanc\u00e9, ce mercredi 8 f\u00e9vrier 2023, un appel aux dons au profit des bless\u00e9s et victimes du s\u00e9isme d\u00e9vastateur ayant fait des mill...","og_url":"https:\/\/www.webdo.tn\/fr\/actualite\/national\/seisme-en-turquie-et-en-syrie-appels-aux-dons-au-profit-des-victimes\/202721\/","og_site_name":"webdo","article_publisher":"https:\/\/www.facebook.com\/webdotn","article_published_time":"2023-02-08T19:30:00+00:00","article_modified_time":"2025-06-04T18:06:44+00:00","og_image":[{"width":750,"height":400,"url":"https:\/\/www.webdo.tn\/fr\/wp-content\/uploads\/2023\/02\/b5ac88803f292e13741c95f54a231235.jpg","type":"image\/jpeg"}],"author":"MC","twitter_card":"summary_large_image","twitter_creator":"@webdo_tn","twitter_site":"@webdo_tn","twitter_misc":{"\u00c9crit par":"MC","Dur\u00e9e de lecture estim\u00e9e":"1 minute"},"schema":{"@context":"https:\/\/schema.org","@graph":[{"@type":"NewsArticle","@id":"https:\/\/www.webdo.tn\/fr\/actualite\/national\/seisme-en-turquie-et-en-syrie-appels-aux-dons-au-profit-des-victimes\/202721\/#article","isPartOf":{"@id":"https:\/\/www.webdo.tn\/fr\/actualite\/national\/seisme-en-turquie-et-en-syrie-appels-aux-dons-au-profit-des-victimes\/202721\/"},"author":{"name":"MC","@id":"https:\/\/www.webdo.tn\/fr\/#\/schema\/person\/2c4929cbf5a809e3bd38617c6ce150f6"},"headline":"S\u00e9isme en Turquie et en Syrie : Appels aux dons au profit des victimes","datePublished":"2023-02-08T19:30:00+00:00","dateModified":"2025-06-04T18:06:44+00:00","mainEntityOfPage":{"@id":"https:\/\/www.webdo.tn\/fr\/actualite\/national\/seisme-en-turquie-et-en-syrie-appels-aux-dons-au-profit-des-victimes\/202721\/"},"wordCount":241,"commentCount":0,"publisher":{"@id":"https:\/\/www.webdo.tn\/fr\/#organization"},"image":{"@id":"https:\/\/www.webdo.tn\/fr\/actualite\/national\/seisme-en-turquie-et-en-syrie-appels-aux-dons-au-profit-des-victimes\/202721\/#primaryimage"},"thumbnailUrl":"https:\/\/www.webdo.tn\/fr\/wp-content\/uploads\/2023\/02\/b5ac88803f292e13741c95f54a231235.jpg","keywords":["appel aux dons","s\u00e9isme","syrie","Tunisie","Turquie"],"articleSection":["National"],"inLanguage":"fr-FR"},{"@type":"WebPage","@id":"https:\/\/www.webdo.tn\/fr\/actualite\/national\/seisme-en-turquie-et-en-syrie-appels-aux-dons-au-profit-des-victimes\/202721\/","url":"https:\/\/www.webdo.tn\/fr\/actualite\/national\/seisme-en-turquie-et-en-syrie-appels-aux-dons-au-profit-des-victimes\/202721\/","name":"S\u00e9isme en Turquie et en Syrie : Appels aux dons au profit des victimes","isPartOf":{"@id":"https:\/\/www.webdo.tn\/fr\/#website"},"primaryImageOfPage":{"@id":"https:\/\/www.webdo.tn\/fr\/actualite\/national\/seisme-en-turquie-et-en-syrie-appels-aux-dons-au-profit-des-victimes\/202721\/#primaryimage"},"image":{"@id":"https:\/\/www.webdo.tn\/fr\/actualite\/national\/seisme-en-turquie-et-en-syrie-appels-aux-dons-au-profit-des-victimes\/202721\/#primaryimage"},"thumbnailUrl":"https:\/\/www.webdo.tn\/fr\/wp-content\/uploads\/2023\/02\/b5ac88803f292e13741c95f54a231235.jpg","datePublished":"2023-02-08T19:30:00+00:00","dateModified":"2025-06-04T18:06:44+00:00","description":"La pr\u00e9sidence du gouvernement a lanc\u00e9, ce mercredi 8 f\u00e9vrier 2023, un appel aux dons au profit des bless\u00e9s et victimes du s\u00e9isme d\u00e9vastateur ayant fait des mill...","breadcrumb":{"@id":"https:\/\/www.webdo.tn\/fr\/actualite\/national\/seisme-en-turquie-et-en-syrie-appels-aux-dons-au-profit-des-victimes\/202721\/#breadcrumb"},"inLanguage":"fr-FR","potentialAction":[{"@type":"ReadAction","target":["https:\/\/www.webdo.tn\/fr\/actualite\/national\/seisme-en-turquie-et-en-syrie-appels-aux-dons-au-profit-des-victimes\/202721\/"]}]},{"@type":"ImageObject","inLanguage":"fr-FR","@id":"https:\/\/www.webdo.tn\/fr\/actualite\/national\/seisme-en-turquie-et-en-syrie-appels-aux-dons-au-profit-des-victimes\/202721\/#primaryimage","url":"https:\/\/www.webdo.tn\/fr\/wp-content\/uploads\/2023\/02\/b5ac88803f292e13741c95f54a231235.jpg","contentUrl":"https:\/\/www.webdo.tn\/fr\/wp-content\/uploads\/2023\/02\/b5ac88803f292e13741c95f54a231235.jpg","width":750,"height":400,"caption":"S\u00e9isme en Turquie et en Syrie : Appels aux dons au profit des victimes"},{"@type":"BreadcrumbList","@id":"https:\/\/www.webdo.tn\/fr\/actualite\/national\/seisme-en-turquie-et-en-syrie-appels-aux-dons-au-profit-des-victimes\/202721\/#breadcrumb","itemListElement":[{"@type":"ListItem","position":1,"name":"Accueil","item":"https:\/\/www.webdo.tn\/fr\/"},{"@type":"ListItem","position":2,"name":"S\u00e9isme en Turquie et en Syrie : Appels aux dons au profit des victimes"}]},{"@type":"WebSite","@id":"https:\/\/www.webdo.tn\/fr\/#website","url":"https:\/\/www.webdo.tn\/fr\/","name":"webdo","description":"Tunisie - News en Tunisie et \u00e0 l&#039;international sur Webdo.tn","publisher":{"@id":"https:\/\/www.webdo.tn\/fr\/#organization"},"potentialAction":[{"@type":"SearchAction","target":{"@type":"EntryPoint","urlTemplate":"https:\/\/www.webdo.tn\/fr\/?s={search_term_string}"},"query-input":{"@type":"PropertyValueSpecification","valueRequired":true,"valueName":"search_term_string"}}],"inLanguage":"fr-FR"},{"@type":"Organization","@id":"https:\/\/www.webdo.tn\/fr\/#organization","name":"Webdo","alternateName":"Webdo.tn","url":"https:\/\/www.webdo.tn\/fr\/","logo":{"@type":"ImageObject","inLanguage":"fr-FR","@id":"https:\/\/www.webdo.tn\/fr\/#\/schema\/logo\/image\/","url":"https:\/\/www.webdo.tn\/fr\/wp-content\/uploads\/2025\/06\/Webdo-Tunisie_168377.jpg","contentUrl":"https:\/\/www.webdo.tn\/fr\/wp-content\/uploads\/2025\/06\/Webdo-Tunisie_168377.jpg","width":301,"height":301,"caption":"Webdo"},"image":{"@id":"https:\/\/www.webdo.tn\/fr\/#\/schema\/logo\/image\/"},"sameAs":["https:\/\/www.facebook.com\/webdotn","https:\/\/x.com\/webdo_tn"],"description":"Webdo est un m\u00e9dia num\u00e9rique tunisien fond\u00e9 en 2010, sp\u00e9cialis\u00e9 dans l\u2019actualit\u00e9 nationale et internationale, l\u2019\u00e9conomie, la soci\u00e9t\u00e9 et les analyses politiques. Le site s\u2019adresse \u00e0 un large public francophone et couvre l\u2019information tunisienne en temps r\u00e9el.","email":"redac@webdo.tn","legalName":"YNJ SARL","foundingDate":"2010-09-06","numberOfEmployees":{"@type":"QuantitativeValue","minValue":"11","maxValue":"50"}},{"@type":"Person","@id":"https:\/\/www.webdo.tn\/fr\/#\/schema\/person\/2c4929cbf5a809e3bd38617c6ce150f6","name":"MC","image":{"@type":"ImageObject","inLanguage":"fr-FR","@id":"https:\/\/secure.gravatar.com\/avatar\/a545bbb6f84efdd5553dbbc2895e3ca8f1d12c5215e00a041c9670b54aa9b18a?s=96&d=mm&r=g","url":"https:\/\/secure.gravatar.com\/avatar\/a545bbb6f84efdd5553dbbc2895e3ca8f1d12c5215e00a041c9670b54aa9b18a?s=96&d=mm&r=g","contentUrl":"https:\/\/secure.gravatar.com\/avatar\/a545bbb6f84efdd5553dbbc2895e3ca8f1d12c5215e00a041c9670b54aa9b18a?s=96&d=mm&r=g","caption":"MC"},"url":"https:\/\/www.webdo.tn\/fr\/actualite\/author\/mc\/"}]}},"_links":{"self":[{"href":"https:\/\/www.webdo.tn\/fr\/wp-json\/wp\/v2\/posts\/202721","targetHints":{"allow":["GET"]}}],"collection":[{"href":"https:\/\/www.webdo.tn\/fr\/wp-json\/wp\/v2\/posts"}],"about":[{"href":"https:\/\/www.webdo.tn\/fr\/wp-json\/wp\/v2\/types\/post"}],"author":[{"embeddable":true,"href":"https:\/\/www.webdo.tn\/fr\/wp-json\/wp\/v2\/users\/3162"}],"replies":[{"embeddable":true,"href":"https:\/\/www.webdo.tn\/fr\/wp-json\/wp\/v2\/comments?post=202721"}],"version-history":[{"count":0,"href":"https:\/\/www.webdo.tn\/fr\/wp-json\/wp\/v2\/posts\/202721\/revisions"}],"wp:featuredmedia":[{"embeddable":true,"href":"https:\/\/www.webdo.tn\/fr\/wp-json\/wp\/v2\/media\/348170"}],"wp:attachment":[{"href":"https:\/\/www.webdo.tn\/fr\/wp-json\/wp\/v2\/media?parent=202721"}],"wp:term":[{"taxonomy":"category","embeddable":true,"href":"https:\/\/www.webdo.tn\/fr\/wp-json\/wp\/v2\/categories?post=202721"},{"taxonomy":"post_tag","embeddable":true,"href":"https:\/\/www.webdo.tn\/fr\/wp-json\/wp\/v2\/tags?post=202721"}],"curies":[{"name":"wp","href":"https:\/\/api.w.org\/{rel}","templated":true}]}}