{"id":202720,"date":"2023-02-08T18:28:00","date_gmt":"2023-02-08T18:28:00","guid":{"rendered":"https:\/\/www.webdo.tn\/fr\/actualite\/blog\/aeroflot-annonce-la-reprise-de-ses-vols-reguliers-vers-la-tunisie\/202720\/"},"modified":"2025-06-04T18:06:40","modified_gmt":"2025-06-04T18:06:40","slug":"aeroflot-annonce-la-reprise-de-ses-vols-reguliers-vers-la-tunisie","status":"publish","type":"post","link":"https:\/\/www.webdo.tn\/fr\/actualite\/national\/aeroflot-annonce-la-reprise-de-ses-vols-reguliers-vers-la-tunisie\/202720\/","title":{"rendered":"Aeroflot annonce la reprise de ses vols r\u00e9guliers vers la Tunisie"},"content":{"rendered":"<p>A partir de l&rsquo;\u00e9t\u00e9 2023, la compagnie a\u00e9rienne russe Aeroflot reprendra officiellement ses vols vers la Tunisie.<\/p>\n<p> La reprise des vols r\u00e9guliers vers la Tunisie\u00a0de la\u00a0plus importante compagnie a\u00e9rienne russe est fix\u00e9e officiellement au 30 Mai 2023 et se fera\u00a0\u00e0 l&rsquo;a\u00e9roport international d&rsquo;Enfidha-Hammamet.<\/p>\n<p>Les vols \u00e0 destination de la populaire station baln\u00e9aire m\u00e9diterran\u00e9enne seront assur\u00e9s par\u00a0Airbus A330, \u00e0 partir de Moscou,\u00a0trois fois par semaine, les mardis, jeudis et dimanches.<\/p>\n","protected":false},"excerpt":{"rendered":"<p>A partir de l&rsquo;\u00e9t\u00e9 2023, la compagnie a\u00e9rienne russe Aeroflot reprendra officiellement ses vols vers la Tunisie.<\/p>\n","protected":false},"author":3162,"featured_media":348168,"comment_status":"open","ping_status":"closed","sticky":false,"template":"","format":"standard","meta":{"footnotes":""},"categories":[44],"tags":[11389,3607,7412,2798,2608,3603],"class_list":["post-202720","post","type-post","status-publish","format-standard","has-post-thumbnail","hentry","category-national","tag-aeroflot","tag-hammamet","tag-reprise","tag-tourisme","tag-tunisie","tag-vols"],"yoast_head":"<!-- This site is optimized with the Yoast SEO Premium plugin v27.5 (Yoast SEO v27.5) - https:\/\/yoast.com\/product\/yoast-seo-premium-wordpress\/ -->\n<title>Aeroflot annonce la reprise de ses vols r\u00e9guliers vers la Tunisie<\/title>\n<meta name=\"description\" content=\"A partir de l&#039;\u00e9t\u00e9 2023, la compagnie a\u00e9rienne russe Aeroflot reprendra officiellement ses vols vers la Tunisie.\" \/>\n<link rel=\"canonical\" href=\"https:\/\/www.webdo.tn\/fr\/actualite\/national\/aeroflot-annonce-la-reprise-de-ses-vols-reguliers-vers-la-tunisie\/202720\/\" \/>\n<meta property=\"og:locale\" content=\"fr_FR\" \/>\n<meta property=\"og:type\" content=\"article\" \/>\n<meta property=\"og:title\" content=\"Aeroflot annonce la reprise de ses vols r\u00e9guliers vers la Tunisie\" \/>\n<meta property=\"og:description\" content=\"A partir de l&#039;\u00e9t\u00e9 2023, la compagnie a\u00e9rienne russe Aeroflot reprendra officiellement ses vols vers la Tunisie.\" \/>\n<meta property=\"og:url\" content=\"https:\/\/www.webdo.tn\/fr\/actualite\/national\/aeroflot-annonce-la-reprise-de-ses-vols-reguliers-vers-la-tunisie\/202720\/\" \/>\n<meta property=\"og:site_name\" content=\"webdo\" \/>\n<meta property=\"article:publisher\" content=\"https:\/\/www.facebook.com\/webdotn\" \/>\n<meta property=\"article:published_time\" content=\"2023-02-08T18:28:00+00:00\" \/>\n<meta property=\"article:modified_time\" content=\"2025-06-04T18:06:40+00:00\" \/>\n<meta property=\"og:image\" content=\"https:\/\/www.webdo.tn\/fr\/wp-content\/uploads\/2023\/02\/2e17cb88c10afda6e23b623d4fd09650.jpeg\" \/>\n\t<meta property=\"og:image:width\" content=\"750\" \/>\n\t<meta property=\"og:image:height\" content=\"400\" \/>\n\t<meta property=\"og:image:type\" content=\"image\/jpeg\" \/>\n<meta name=\"author\" content=\"MC\" \/>\n<meta name=\"twitter:card\" content=\"summary_large_image\" \/>\n<meta name=\"twitter:creator\" content=\"@webdo_tn\" \/>\n<meta name=\"twitter:site\" content=\"@webdo_tn\" \/>\n<meta name=\"twitter:label1\" content=\"\u00c9crit par\" \/>\n\t<meta name=\"twitter:data1\" content=\"MC\" \/>\n<script type=\"application\/ld+json\" class=\"yoast-schema-graph\">{\"@context\":\"https:\\\/\\\/schema.org\",\"@graph\":[{\"@type\":\"NewsArticle\",\"@id\":\"https:\\\/\\\/www.webdo.tn\\\/fr\\\/actualite\\\/national\\\/aeroflot-annonce-la-reprise-de-ses-vols-reguliers-vers-la-tunisie\\\/202720\\\/#article\",\"isPartOf\":{\"@id\":\"https:\\\/\\\/www.webdo.tn\\\/fr\\\/actualite\\\/national\\\/aeroflot-annonce-la-reprise-de-ses-vols-reguliers-vers-la-tunisie\\\/202720\\\/\"},\"author\":{\"name\":\"MC\",\"@id\":\"https:\\\/\\\/www.webdo.tn\\\/fr\\\/#\\\/schema\\\/person\\\/2c4929cbf5a809e3bd38617c6ce150f6\"},\"headline\":\"Aeroflot annonce la reprise de ses vols r\u00e9guliers vers la Tunisie\",\"datePublished\":\"2023-02-08T18:28:00+00:00\",\"dateModified\":\"2025-06-04T18:06:40+00:00\",\"mainEntityOfPage\":{\"@id\":\"https:\\\/\\\/www.webdo.tn\\\/fr\\\/actualite\\\/national\\\/aeroflot-annonce-la-reprise-de-ses-vols-reguliers-vers-la-tunisie\\\/202720\\\/\"},\"wordCount\":92,\"commentCount\":0,\"publisher\":{\"@id\":\"https:\\\/\\\/www.webdo.tn\\\/fr\\\/#organization\"},\"image\":{\"@id\":\"https:\\\/\\\/www.webdo.tn\\\/fr\\\/actualite\\\/national\\\/aeroflot-annonce-la-reprise-de-ses-vols-reguliers-vers-la-tunisie\\\/202720\\\/#primaryimage\"},\"thumbnailUrl\":\"https:\\\/\\\/www.webdo.tn\\\/fr\\\/wp-content\\\/uploads\\\/2023\\\/02\\\/2e17cb88c10afda6e23b623d4fd09650.jpeg\",\"keywords\":[\"Aeroflot\",\"hammamet\",\"reprise\",\"Tourisme\",\"Tunisie\",\"vols\"],\"articleSection\":[\"National\"],\"inLanguage\":\"fr-FR\"},{\"@type\":\"WebPage\",\"@id\":\"https:\\\/\\\/www.webdo.tn\\\/fr\\\/actualite\\\/national\\\/aeroflot-annonce-la-reprise-de-ses-vols-reguliers-vers-la-tunisie\\\/202720\\\/\",\"url\":\"https:\\\/\\\/www.webdo.tn\\\/fr\\\/actualite\\\/national\\\/aeroflot-annonce-la-reprise-de-ses-vols-reguliers-vers-la-tunisie\\\/202720\\\/\",\"name\":\"Aeroflot annonce la reprise de ses vols r\u00e9guliers vers la Tunisie\",\"isPartOf\":{\"@id\":\"https:\\\/\\\/www.webdo.tn\\\/fr\\\/#website\"},\"primaryImageOfPage\":{\"@id\":\"https:\\\/\\\/www.webdo.tn\\\/fr\\\/actualite\\\/national\\\/aeroflot-annonce-la-reprise-de-ses-vols-reguliers-vers-la-tunisie\\\/202720\\\/#primaryimage\"},\"image\":{\"@id\":\"https:\\\/\\\/www.webdo.tn\\\/fr\\\/actualite\\\/national\\\/aeroflot-annonce-la-reprise-de-ses-vols-reguliers-vers-la-tunisie\\\/202720\\\/#primaryimage\"},\"thumbnailUrl\":\"https:\\\/\\\/www.webdo.tn\\\/fr\\\/wp-content\\\/uploads\\\/2023\\\/02\\\/2e17cb88c10afda6e23b623d4fd09650.jpeg\",\"datePublished\":\"2023-02-08T18:28:00+00:00\",\"dateModified\":\"2025-06-04T18:06:40+00:00\",\"description\":\"A partir de l'\u00e9t\u00e9 2023, la compagnie a\u00e9rienne russe Aeroflot reprendra officiellement ses vols vers la Tunisie.\",\"breadcrumb\":{\"@id\":\"https:\\\/\\\/www.webdo.tn\\\/fr\\\/actualite\\\/national\\\/aeroflot-annonce-la-reprise-de-ses-vols-reguliers-vers-la-tunisie\\\/202720\\\/#breadcrumb\"},\"inLanguage\":\"fr-FR\",\"potentialAction\":[{\"@type\":\"ReadAction\",\"target\":[\"https:\\\/\\\/www.webdo.tn\\\/fr\\\/actualite\\\/national\\\/aeroflot-annonce-la-reprise-de-ses-vols-reguliers-vers-la-tunisie\\\/202720\\\/\"]}]},{\"@type\":\"ImageObject\",\"inLanguage\":\"fr-FR\",\"@id\":\"https:\\\/\\\/www.webdo.tn\\\/fr\\\/actualite\\\/national\\\/aeroflot-annonce-la-reprise-de-ses-vols-reguliers-vers-la-tunisie\\\/202720\\\/#primaryimage\",\"url\":\"https:\\\/\\\/www.webdo.tn\\\/fr\\\/wp-content\\\/uploads\\\/2023\\\/02\\\/2e17cb88c10afda6e23b623d4fd09650.jpeg\",\"contentUrl\":\"https:\\\/\\\/www.webdo.tn\\\/fr\\\/wp-content\\\/uploads\\\/2023\\\/02\\\/2e17cb88c10afda6e23b623d4fd09650.jpeg\",\"width\":750,\"height\":400,\"caption\":\"Aeroflot annonce la reprise de ses vols r\u00e9guliers vers la Tunisie\"},{\"@type\":\"BreadcrumbList\",\"@id\":\"https:\\\/\\\/www.webdo.tn\\\/fr\\\/actualite\\\/national\\\/aeroflot-annonce-la-reprise-de-ses-vols-reguliers-vers-la-tunisie\\\/202720\\\/#breadcrumb\",\"itemListElement\":[{\"@type\":\"ListItem\",\"position\":1,\"name\":\"Accueil\",\"item\":\"https:\\\/\\\/www.webdo.tn\\\/fr\\\/\"},{\"@type\":\"ListItem\",\"position\":2,\"name\":\"Aeroflot annonce la reprise de ses vols r\u00e9guliers vers la Tunisie\"}]},{\"@type\":\"WebSite\",\"@id\":\"https:\\\/\\\/www.webdo.tn\\\/fr\\\/#website\",\"url\":\"https:\\\/\\\/www.webdo.tn\\\/fr\\\/\",\"name\":\"webdo\",\"description\":\"Tunisie - News en Tunisie et \u00e0 l&#039;international sur Webdo.tn\",\"publisher\":{\"@id\":\"https:\\\/\\\/www.webdo.tn\\\/fr\\\/#organization\"},\"potentialAction\":[{\"@type\":\"SearchAction\",\"target\":{\"@type\":\"EntryPoint\",\"urlTemplate\":\"https:\\\/\\\/www.webdo.tn\\\/fr\\\/?s={search_term_string}\"},\"query-input\":{\"@type\":\"PropertyValueSpecification\",\"valueRequired\":true,\"valueName\":\"search_term_string\"}}],\"inLanguage\":\"fr-FR\"},{\"@type\":\"Organization\",\"@id\":\"https:\\\/\\\/www.webdo.tn\\\/fr\\\/#organization\",\"name\":\"Webdo\",\"alternateName\":\"Webdo.tn\",\"url\":\"https:\\\/\\\/www.webdo.tn\\\/fr\\\/\",\"logo\":{\"@type\":\"ImageObject\",\"inLanguage\":\"fr-FR\",\"@id\":\"https:\\\/\\\/www.webdo.tn\\\/fr\\\/#\\\/schema\\\/logo\\\/image\\\/\",\"url\":\"https:\\\/\\\/www.webdo.tn\\\/fr\\\/wp-content\\\/uploads\\\/2025\\\/06\\\/Webdo-Tunisie_168377.jpg\",\"contentUrl\":\"https:\\\/\\\/www.webdo.tn\\\/fr\\\/wp-content\\\/uploads\\\/2025\\\/06\\\/Webdo-Tunisie_168377.jpg\",\"width\":301,\"height\":301,\"caption\":\"Webdo\"},\"image\":{\"@id\":\"https:\\\/\\\/www.webdo.tn\\\/fr\\\/#\\\/schema\\\/logo\\\/image\\\/\"},\"sameAs\":[\"https:\\\/\\\/www.facebook.com\\\/webdotn\",\"https:\\\/\\\/x.com\\\/webdo_tn\"],\"description\":\"Webdo est un m\u00e9dia num\u00e9rique tunisien fond\u00e9 en 2010, sp\u00e9cialis\u00e9 dans l\u2019actualit\u00e9 nationale et internationale, l\u2019\u00e9conomie, la soci\u00e9t\u00e9 et les analyses politiques. Le site s\u2019adresse \u00e0 un large public francophone et couvre l\u2019information tunisienne en temps r\u00e9el.\",\"email\":\"redac@webdo.tn\",\"legalName\":\"YNJ SARL\",\"foundingDate\":\"2010-09-06\",\"numberOfEmployees\":{\"@type\":\"QuantitativeValue\",\"minValue\":\"11\",\"maxValue\":\"50\"}},{\"@type\":\"Person\",\"@id\":\"https:\\\/\\\/www.webdo.tn\\\/fr\\\/#\\\/schema\\\/person\\\/2c4929cbf5a809e3bd38617c6ce150f6\",\"name\":\"MC\",\"image\":{\"@type\":\"ImageObject\",\"inLanguage\":\"fr-FR\",\"@id\":\"https:\\\/\\\/secure.gravatar.com\\\/avatar\\\/a545bbb6f84efdd5553dbbc2895e3ca8f1d12c5215e00a041c9670b54aa9b18a?s=96&d=mm&r=g\",\"url\":\"https:\\\/\\\/secure.gravatar.com\\\/avatar\\\/a545bbb6f84efdd5553dbbc2895e3ca8f1d12c5215e00a041c9670b54aa9b18a?s=96&d=mm&r=g\",\"contentUrl\":\"https:\\\/\\\/secure.gravatar.com\\\/avatar\\\/a545bbb6f84efdd5553dbbc2895e3ca8f1d12c5215e00a041c9670b54aa9b18a?s=96&d=mm&r=g\",\"caption\":\"MC\"},\"url\":\"https:\\\/\\\/www.webdo.tn\\\/fr\\\/actualite\\\/author\\\/mc\\\/\"}]}<\/script>\n<!-- \/ Yoast SEO Premium plugin. -->","yoast_head_json":{"title":"Aeroflot annonce la reprise de ses vols r\u00e9guliers vers la Tunisie","description":"A partir de l'\u00e9t\u00e9 2023, la compagnie a\u00e9rienne russe Aeroflot reprendra officiellement ses vols vers la Tunisie.","canonical":"https:\/\/www.webdo.tn\/fr\/actualite\/national\/aeroflot-annonce-la-reprise-de-ses-vols-reguliers-vers-la-tunisie\/202720\/","og_locale":"fr_FR","og_type":"article","og_title":"Aeroflot annonce la reprise de ses vols r\u00e9guliers vers la Tunisie","og_description":"A partir de l'\u00e9t\u00e9 2023, la compagnie a\u00e9rienne russe Aeroflot reprendra officiellement ses vols vers la Tunisie.","og_url":"https:\/\/www.webdo.tn\/fr\/actualite\/national\/aeroflot-annonce-la-reprise-de-ses-vols-reguliers-vers-la-tunisie\/202720\/","og_site_name":"webdo","article_publisher":"https:\/\/www.facebook.com\/webdotn","article_published_time":"2023-02-08T18:28:00+00:00","article_modified_time":"2025-06-04T18:06:40+00:00","og_image":[{"width":750,"height":400,"url":"https:\/\/www.webdo.tn\/fr\/wp-content\/uploads\/2023\/02\/2e17cb88c10afda6e23b623d4fd09650.jpeg","type":"image\/jpeg"}],"author":"MC","twitter_card":"summary_large_image","twitter_creator":"@webdo_tn","twitter_site":"@webdo_tn","twitter_misc":{"\u00c9crit par":"MC"},"schema":{"@context":"https:\/\/schema.org","@graph":[{"@type":"NewsArticle","@id":"https:\/\/www.webdo.tn\/fr\/actualite\/national\/aeroflot-annonce-la-reprise-de-ses-vols-reguliers-vers-la-tunisie\/202720\/#article","isPartOf":{"@id":"https:\/\/www.webdo.tn\/fr\/actualite\/national\/aeroflot-annonce-la-reprise-de-ses-vols-reguliers-vers-la-tunisie\/202720\/"},"author":{"name":"MC","@id":"https:\/\/www.webdo.tn\/fr\/#\/schema\/person\/2c4929cbf5a809e3bd38617c6ce150f6"},"headline":"Aeroflot annonce la reprise de ses vols r\u00e9guliers vers la Tunisie","datePublished":"2023-02-08T18:28:00+00:00","dateModified":"2025-06-04T18:06:40+00:00","mainEntityOfPage":{"@id":"https:\/\/www.webdo.tn\/fr\/actualite\/national\/aeroflot-annonce-la-reprise-de-ses-vols-reguliers-vers-la-tunisie\/202720\/"},"wordCount":92,"commentCount":0,"publisher":{"@id":"https:\/\/www.webdo.tn\/fr\/#organization"},"image":{"@id":"https:\/\/www.webdo.tn\/fr\/actualite\/national\/aeroflot-annonce-la-reprise-de-ses-vols-reguliers-vers-la-tunisie\/202720\/#primaryimage"},"thumbnailUrl":"https:\/\/www.webdo.tn\/fr\/wp-content\/uploads\/2023\/02\/2e17cb88c10afda6e23b623d4fd09650.jpeg","keywords":["Aeroflot","hammamet","reprise","Tourisme","Tunisie","vols"],"articleSection":["National"],"inLanguage":"fr-FR"},{"@type":"WebPage","@id":"https:\/\/www.webdo.tn\/fr\/actualite\/national\/aeroflot-annonce-la-reprise-de-ses-vols-reguliers-vers-la-tunisie\/202720\/","url":"https:\/\/www.webdo.tn\/fr\/actualite\/national\/aeroflot-annonce-la-reprise-de-ses-vols-reguliers-vers-la-tunisie\/202720\/","name":"Aeroflot annonce la reprise de ses vols r\u00e9guliers vers la Tunisie","isPartOf":{"@id":"https:\/\/www.webdo.tn\/fr\/#website"},"primaryImageOfPage":{"@id":"https:\/\/www.webdo.tn\/fr\/actualite\/national\/aeroflot-annonce-la-reprise-de-ses-vols-reguliers-vers-la-tunisie\/202720\/#primaryimage"},"image":{"@id":"https:\/\/www.webdo.tn\/fr\/actualite\/national\/aeroflot-annonce-la-reprise-de-ses-vols-reguliers-vers-la-tunisie\/202720\/#primaryimage"},"thumbnailUrl":"https:\/\/www.webdo.tn\/fr\/wp-content\/uploads\/2023\/02\/2e17cb88c10afda6e23b623d4fd09650.jpeg","datePublished":"2023-02-08T18:28:00+00:00","dateModified":"2025-06-04T18:06:40+00:00","description":"A partir de l'\u00e9t\u00e9 2023, la compagnie a\u00e9rienne russe Aeroflot reprendra officiellement ses vols vers la Tunisie.","breadcrumb":{"@id":"https:\/\/www.webdo.tn\/fr\/actualite\/national\/aeroflot-annonce-la-reprise-de-ses-vols-reguliers-vers-la-tunisie\/202720\/#breadcrumb"},"inLanguage":"fr-FR","potentialAction":[{"@type":"ReadAction","target":["https:\/\/www.webdo.tn\/fr\/actualite\/national\/aeroflot-annonce-la-reprise-de-ses-vols-reguliers-vers-la-tunisie\/202720\/"]}]},{"@type":"ImageObject","inLanguage":"fr-FR","@id":"https:\/\/www.webdo.tn\/fr\/actualite\/national\/aeroflot-annonce-la-reprise-de-ses-vols-reguliers-vers-la-tunisie\/202720\/#primaryimage","url":"https:\/\/www.webdo.tn\/fr\/wp-content\/uploads\/2023\/02\/2e17cb88c10afda6e23b623d4fd09650.jpeg","contentUrl":"https:\/\/www.webdo.tn\/fr\/wp-content\/uploads\/2023\/02\/2e17cb88c10afda6e23b623d4fd09650.jpeg","width":750,"height":400,"caption":"Aeroflot annonce la reprise de ses vols r\u00e9guliers vers la Tunisie"},{"@type":"BreadcrumbList","@id":"https:\/\/www.webdo.tn\/fr\/actualite\/national\/aeroflot-annonce-la-reprise-de-ses-vols-reguliers-vers-la-tunisie\/202720\/#breadcrumb","itemListElement":[{"@type":"ListItem","position":1,"name":"Accueil","item":"https:\/\/www.webdo.tn\/fr\/"},{"@type":"ListItem","position":2,"name":"Aeroflot annonce la reprise de ses vols r\u00e9guliers vers la Tunisie"}]},{"@type":"WebSite","@id":"https:\/\/www.webdo.tn\/fr\/#website","url":"https:\/\/www.webdo.tn\/fr\/","name":"webdo","description":"Tunisie - News en Tunisie et \u00e0 l&#039;international sur Webdo.tn","publisher":{"@id":"https:\/\/www.webdo.tn\/fr\/#organization"},"potentialAction":[{"@type":"SearchAction","target":{"@type":"EntryPoint","urlTemplate":"https:\/\/www.webdo.tn\/fr\/?s={search_term_string}"},"query-input":{"@type":"PropertyValueSpecification","valueRequired":true,"valueName":"search_term_string"}}],"inLanguage":"fr-FR"},{"@type":"Organization","@id":"https:\/\/www.webdo.tn\/fr\/#organization","name":"Webdo","alternateName":"Webdo.tn","url":"https:\/\/www.webdo.tn\/fr\/","logo":{"@type":"ImageObject","inLanguage":"fr-FR","@id":"https:\/\/www.webdo.tn\/fr\/#\/schema\/logo\/image\/","url":"https:\/\/www.webdo.tn\/fr\/wp-content\/uploads\/2025\/06\/Webdo-Tunisie_168377.jpg","contentUrl":"https:\/\/www.webdo.tn\/fr\/wp-content\/uploads\/2025\/06\/Webdo-Tunisie_168377.jpg","width":301,"height":301,"caption":"Webdo"},"image":{"@id":"https:\/\/www.webdo.tn\/fr\/#\/schema\/logo\/image\/"},"sameAs":["https:\/\/www.facebook.com\/webdotn","https:\/\/x.com\/webdo_tn"],"description":"Webdo est un m\u00e9dia num\u00e9rique tunisien fond\u00e9 en 2010, sp\u00e9cialis\u00e9 dans l\u2019actualit\u00e9 nationale et internationale, l\u2019\u00e9conomie, la soci\u00e9t\u00e9 et les analyses politiques. Le site s\u2019adresse \u00e0 un large public francophone et couvre l\u2019information tunisienne en temps r\u00e9el.","email":"redac@webdo.tn","legalName":"YNJ SARL","foundingDate":"2010-09-06","numberOfEmployees":{"@type":"QuantitativeValue","minValue":"11","maxValue":"50"}},{"@type":"Person","@id":"https:\/\/www.webdo.tn\/fr\/#\/schema\/person\/2c4929cbf5a809e3bd38617c6ce150f6","name":"MC","image":{"@type":"ImageObject","inLanguage":"fr-FR","@id":"https:\/\/secure.gravatar.com\/avatar\/a545bbb6f84efdd5553dbbc2895e3ca8f1d12c5215e00a041c9670b54aa9b18a?s=96&d=mm&r=g","url":"https:\/\/secure.gravatar.com\/avatar\/a545bbb6f84efdd5553dbbc2895e3ca8f1d12c5215e00a041c9670b54aa9b18a?s=96&d=mm&r=g","contentUrl":"https:\/\/secure.gravatar.com\/avatar\/a545bbb6f84efdd5553dbbc2895e3ca8f1d12c5215e00a041c9670b54aa9b18a?s=96&d=mm&r=g","caption":"MC"},"url":"https:\/\/www.webdo.tn\/fr\/actualite\/author\/mc\/"}]}},"_links":{"self":[{"href":"https:\/\/www.webdo.tn\/fr\/wp-json\/wp\/v2\/posts\/202720","targetHints":{"allow":["GET"]}}],"collection":[{"href":"https:\/\/www.webdo.tn\/fr\/wp-json\/wp\/v2\/posts"}],"about":[{"href":"https:\/\/www.webdo.tn\/fr\/wp-json\/wp\/v2\/types\/post"}],"author":[{"embeddable":true,"href":"https:\/\/www.webdo.tn\/fr\/wp-json\/wp\/v2\/users\/3162"}],"replies":[{"embeddable":true,"href":"https:\/\/www.webdo.tn\/fr\/wp-json\/wp\/v2\/comments?post=202720"}],"version-history":[{"count":0,"href":"https:\/\/www.webdo.tn\/fr\/wp-json\/wp\/v2\/posts\/202720\/revisions"}],"wp:featuredmedia":[{"embeddable":true,"href":"https:\/\/www.webdo.tn\/fr\/wp-json\/wp\/v2\/media\/348168"}],"wp:attachment":[{"href":"https:\/\/www.webdo.tn\/fr\/wp-json\/wp\/v2\/media?parent=202720"}],"wp:term":[{"taxonomy":"category","embeddable":true,"href":"https:\/\/www.webdo.tn\/fr\/wp-json\/wp\/v2\/categories?post=202720"},{"taxonomy":"post_tag","embeddable":true,"href":"https:\/\/www.webdo.tn\/fr\/wp-json\/wp\/v2\/tags?post=202720"}],"curies":[{"name":"wp","href":"https:\/\/api.w.org\/{rel}","templated":true}]}}