{"id":202710,"date":"2023-02-08T14:35:00","date_gmt":"2023-02-08T14:35:00","guid":{"rendered":"https:\/\/www.webdo.tn\/fr\/actualite\/blog\/seisme-la-tunisie-concentre-ses-aides-sur-la-syrie\/202710\/"},"modified":"2025-06-04T18:06:35","modified_gmt":"2025-06-04T18:06:35","slug":"seisme-la-tunisie-concentre-ses-aides-sur-la-syrie","status":"publish","type":"post","link":"https:\/\/www.webdo.tn\/fr\/actualite\/national\/seisme-la-tunisie-concentre-ses-aides-sur-la-syrie\/202710\/","title":{"rendered":"S\u00e9isme : La Tunisie concentre ses aides sur la Syrie"},"content":{"rendered":"<p>Alors que deux avions d\u2019aides ont \u00e9t\u00e9 d\u00e9j\u00e0 envoy\u00e9s en Syrie et en Turquie, un troisi\u00e8me prendra ce mercredi 8 f\u00e9vrier 2023 la direction de Damas.<\/p>\n<p> Il semble que la Tunisie concentre ses aides sur la Syrie, moins touch\u00e9e par ce s\u00e9isme, mais qui souffre \u00e9norm\u00e9ment du manque d\u2019approvisionnements en produits alimentaires et en m\u00e9dicaments.\u00a0<\/p>\n<p>Selon la pr\u00e9sidence du gouvernement, un troisi\u00e8me avion sera d\u00e9p\u00each\u00e9 ce mercredi en Syrie pour acheminer de nouvelles aides, dont notamment des produits alimentaires, des m\u00e9dicaments et des couvertures.\u00a0<\/p>\n<p>Au total, 28 tonnes d&rsquo;aides ont \u00e9t\u00e9 jusque-l\u00e0 envoy\u00e9es par le gouvernement tunisien \u00e0 ces deux pays, sinistr\u00e9s par le s\u00e9isme.<\/p>\n","protected":false},"excerpt":{"rendered":"<p>Alors que deux avions d\u2019aides ont \u00e9t\u00e9 d\u00e9j\u00e0 envoy\u00e9s en Syrie et en Turquie, un troisi\u00e8me prendra ce mercredi 8 f\u00e9vrier 2023 la direction de Damas.<\/p>\n","protected":false},"author":3162,"featured_media":348164,"comment_status":"open","ping_status":"closed","sticky":false,"template":"","format":"standard","meta":{"footnotes":""},"categories":[44],"tags":[7198,7271,3504,2608],"class_list":["post-202710","post","type-post","status-publish","format-standard","has-post-thumbnail","hentry","category-national","tag-aides","tag-seisme","tag-syrie","tag-tunisie"],"yoast_head":"<!-- This site is optimized with the Yoast SEO Premium plugin v27.4 (Yoast SEO v27.5) - https:\/\/yoast.com\/product\/yoast-seo-premium-wordpress\/ -->\n<title>S\u00e9isme : La Tunisie concentre ses aides sur la Syrie<\/title>\n<meta name=\"description\" content=\"Alors que deux avions d\u2019aides ont \u00e9t\u00e9 d\u00e9j\u00e0 envoy\u00e9s en Syrie et en Turquie, un troisi\u00e8me prendra ce mercredi 8 f\u00e9vrier 2023 la direction de Damas.\" \/>\n<link rel=\"canonical\" href=\"https:\/\/www.webdo.tn\/fr\/actualite\/national\/seisme-la-tunisie-concentre-ses-aides-sur-la-syrie\/202710\/\" \/>\n<meta property=\"og:locale\" content=\"fr_FR\" \/>\n<meta property=\"og:type\" content=\"article\" \/>\n<meta property=\"og:title\" content=\"S\u00e9isme : La Tunisie concentre ses aides sur la Syrie\" \/>\n<meta property=\"og:description\" content=\"Alors que deux avions d\u2019aides ont \u00e9t\u00e9 d\u00e9j\u00e0 envoy\u00e9s en Syrie et en Turquie, un troisi\u00e8me prendra ce mercredi 8 f\u00e9vrier 2023 la direction de Damas.\" \/>\n<meta property=\"og:url\" content=\"https:\/\/www.webdo.tn\/fr\/actualite\/national\/seisme-la-tunisie-concentre-ses-aides-sur-la-syrie\/202710\/\" \/>\n<meta property=\"og:site_name\" content=\"webdo\" \/>\n<meta property=\"article:publisher\" content=\"https:\/\/www.facebook.com\/webdotn\" \/>\n<meta property=\"article:published_time\" content=\"2023-02-08T14:35:00+00:00\" \/>\n<meta property=\"article:modified_time\" content=\"2025-06-04T18:06:35+00:00\" \/>\n<meta property=\"og:image\" content=\"https:\/\/www.webdo.tn\/fr\/wp-content\/uploads\/2023\/02\/b51b541f499c07c3794a886d77cee1d7.jpg\" \/>\n\t<meta property=\"og:image:width\" content=\"750\" \/>\n\t<meta property=\"og:image:height\" content=\"400\" \/>\n\t<meta property=\"og:image:type\" content=\"image\/jpeg\" \/>\n<meta name=\"author\" content=\"MC\" \/>\n<meta name=\"twitter:card\" content=\"summary_large_image\" \/>\n<meta name=\"twitter:creator\" content=\"@webdo_tn\" \/>\n<meta name=\"twitter:site\" content=\"@webdo_tn\" \/>\n<meta name=\"twitter:label1\" content=\"\u00c9crit par\" \/>\n\t<meta name=\"twitter:data1\" content=\"MC\" \/>\n\t<meta name=\"twitter:label2\" content=\"Dur\u00e9e de lecture estim\u00e9e\" \/>\n\t<meta name=\"twitter:data2\" content=\"1 minute\" \/>\n<script type=\"application\/ld+json\" class=\"yoast-schema-graph\">{\"@context\":\"https:\\\/\\\/schema.org\",\"@graph\":[{\"@type\":\"NewsArticle\",\"@id\":\"https:\\\/\\\/www.webdo.tn\\\/fr\\\/actualite\\\/national\\\/seisme-la-tunisie-concentre-ses-aides-sur-la-syrie\\\/202710\\\/#article\",\"isPartOf\":{\"@id\":\"https:\\\/\\\/www.webdo.tn\\\/fr\\\/actualite\\\/national\\\/seisme-la-tunisie-concentre-ses-aides-sur-la-syrie\\\/202710\\\/\"},\"author\":{\"name\":\"MC\",\"@id\":\"https:\\\/\\\/www.webdo.tn\\\/fr\\\/#\\\/schema\\\/person\\\/2c4929cbf5a809e3bd38617c6ce150f6\"},\"headline\":\"S\u00e9isme : La Tunisie concentre ses aides sur la Syrie\",\"datePublished\":\"2023-02-08T14:35:00+00:00\",\"dateModified\":\"2025-06-04T18:06:35+00:00\",\"mainEntityOfPage\":{\"@id\":\"https:\\\/\\\/www.webdo.tn\\\/fr\\\/actualite\\\/national\\\/seisme-la-tunisie-concentre-ses-aides-sur-la-syrie\\\/202710\\\/\"},\"wordCount\":130,\"commentCount\":0,\"publisher\":{\"@id\":\"https:\\\/\\\/www.webdo.tn\\\/fr\\\/#organization\"},\"image\":{\"@id\":\"https:\\\/\\\/www.webdo.tn\\\/fr\\\/actualite\\\/national\\\/seisme-la-tunisie-concentre-ses-aides-sur-la-syrie\\\/202710\\\/#primaryimage\"},\"thumbnailUrl\":\"https:\\\/\\\/www.webdo.tn\\\/fr\\\/wp-content\\\/uploads\\\/2023\\\/02\\\/b51b541f499c07c3794a886d77cee1d7.jpg\",\"keywords\":[\"Aides\",\"s\u00e9isme\",\"syrie\",\"Tunisie\"],\"articleSection\":[\"National\"],\"inLanguage\":\"fr-FR\"},{\"@type\":\"WebPage\",\"@id\":\"https:\\\/\\\/www.webdo.tn\\\/fr\\\/actualite\\\/national\\\/seisme-la-tunisie-concentre-ses-aides-sur-la-syrie\\\/202710\\\/\",\"url\":\"https:\\\/\\\/www.webdo.tn\\\/fr\\\/actualite\\\/national\\\/seisme-la-tunisie-concentre-ses-aides-sur-la-syrie\\\/202710\\\/\",\"name\":\"S\u00e9isme : La Tunisie concentre ses aides sur la Syrie\",\"isPartOf\":{\"@id\":\"https:\\\/\\\/www.webdo.tn\\\/fr\\\/#website\"},\"primaryImageOfPage\":{\"@id\":\"https:\\\/\\\/www.webdo.tn\\\/fr\\\/actualite\\\/national\\\/seisme-la-tunisie-concentre-ses-aides-sur-la-syrie\\\/202710\\\/#primaryimage\"},\"image\":{\"@id\":\"https:\\\/\\\/www.webdo.tn\\\/fr\\\/actualite\\\/national\\\/seisme-la-tunisie-concentre-ses-aides-sur-la-syrie\\\/202710\\\/#primaryimage\"},\"thumbnailUrl\":\"https:\\\/\\\/www.webdo.tn\\\/fr\\\/wp-content\\\/uploads\\\/2023\\\/02\\\/b51b541f499c07c3794a886d77cee1d7.jpg\",\"datePublished\":\"2023-02-08T14:35:00+00:00\",\"dateModified\":\"2025-06-04T18:06:35+00:00\",\"description\":\"Alors que deux avions d\u2019aides ont \u00e9t\u00e9 d\u00e9j\u00e0 envoy\u00e9s en Syrie et en Turquie, un troisi\u00e8me prendra ce mercredi 8 f\u00e9vrier 2023 la direction de Damas.\",\"breadcrumb\":{\"@id\":\"https:\\\/\\\/www.webdo.tn\\\/fr\\\/actualite\\\/national\\\/seisme-la-tunisie-concentre-ses-aides-sur-la-syrie\\\/202710\\\/#breadcrumb\"},\"inLanguage\":\"fr-FR\",\"potentialAction\":[{\"@type\":\"ReadAction\",\"target\":[\"https:\\\/\\\/www.webdo.tn\\\/fr\\\/actualite\\\/national\\\/seisme-la-tunisie-concentre-ses-aides-sur-la-syrie\\\/202710\\\/\"]}]},{\"@type\":\"ImageObject\",\"inLanguage\":\"fr-FR\",\"@id\":\"https:\\\/\\\/www.webdo.tn\\\/fr\\\/actualite\\\/national\\\/seisme-la-tunisie-concentre-ses-aides-sur-la-syrie\\\/202710\\\/#primaryimage\",\"url\":\"https:\\\/\\\/www.webdo.tn\\\/fr\\\/wp-content\\\/uploads\\\/2023\\\/02\\\/b51b541f499c07c3794a886d77cee1d7.jpg\",\"contentUrl\":\"https:\\\/\\\/www.webdo.tn\\\/fr\\\/wp-content\\\/uploads\\\/2023\\\/02\\\/b51b541f499c07c3794a886d77cee1d7.jpg\",\"width\":750,\"height\":400,\"caption\":\"Aides\"},{\"@type\":\"BreadcrumbList\",\"@id\":\"https:\\\/\\\/www.webdo.tn\\\/fr\\\/actualite\\\/national\\\/seisme-la-tunisie-concentre-ses-aides-sur-la-syrie\\\/202710\\\/#breadcrumb\",\"itemListElement\":[{\"@type\":\"ListItem\",\"position\":1,\"name\":\"Accueil\",\"item\":\"https:\\\/\\\/www.webdo.tn\\\/fr\\\/\"},{\"@type\":\"ListItem\",\"position\":2,\"name\":\"S\u00e9isme : La Tunisie concentre ses aides sur la Syrie\"}]},{\"@type\":\"WebSite\",\"@id\":\"https:\\\/\\\/www.webdo.tn\\\/fr\\\/#website\",\"url\":\"https:\\\/\\\/www.webdo.tn\\\/fr\\\/\",\"name\":\"webdo\",\"description\":\"Tunisie - News en Tunisie et \u00e0 l&#039;international sur Webdo.tn\",\"publisher\":{\"@id\":\"https:\\\/\\\/www.webdo.tn\\\/fr\\\/#organization\"},\"potentialAction\":[{\"@type\":\"SearchAction\",\"target\":{\"@type\":\"EntryPoint\",\"urlTemplate\":\"https:\\\/\\\/www.webdo.tn\\\/fr\\\/?s={search_term_string}\"},\"query-input\":{\"@type\":\"PropertyValueSpecification\",\"valueRequired\":true,\"valueName\":\"search_term_string\"}}],\"inLanguage\":\"fr-FR\"},{\"@type\":\"Organization\",\"@id\":\"https:\\\/\\\/www.webdo.tn\\\/fr\\\/#organization\",\"name\":\"Webdo\",\"alternateName\":\"Webdo.tn\",\"url\":\"https:\\\/\\\/www.webdo.tn\\\/fr\\\/\",\"logo\":{\"@type\":\"ImageObject\",\"inLanguage\":\"fr-FR\",\"@id\":\"https:\\\/\\\/www.webdo.tn\\\/fr\\\/#\\\/schema\\\/logo\\\/image\\\/\",\"url\":\"https:\\\/\\\/www.webdo.tn\\\/fr\\\/wp-content\\\/uploads\\\/2025\\\/06\\\/Webdo-Tunisie_168377.jpg\",\"contentUrl\":\"https:\\\/\\\/www.webdo.tn\\\/fr\\\/wp-content\\\/uploads\\\/2025\\\/06\\\/Webdo-Tunisie_168377.jpg\",\"width\":301,\"height\":301,\"caption\":\"Webdo\"},\"image\":{\"@id\":\"https:\\\/\\\/www.webdo.tn\\\/fr\\\/#\\\/schema\\\/logo\\\/image\\\/\"},\"sameAs\":[\"https:\\\/\\\/www.facebook.com\\\/webdotn\",\"https:\\\/\\\/x.com\\\/webdo_tn\"],\"description\":\"Webdo est un m\u00e9dia num\u00e9rique tunisien fond\u00e9 en 2010, sp\u00e9cialis\u00e9 dans l\u2019actualit\u00e9 nationale et internationale, l\u2019\u00e9conomie, la soci\u00e9t\u00e9 et les analyses politiques. Le site s\u2019adresse \u00e0 un large public francophone et couvre l\u2019information tunisienne en temps r\u00e9el.\",\"email\":\"redac@webdo.tn\",\"legalName\":\"YNJ SARL\",\"foundingDate\":\"2010-09-06\",\"numberOfEmployees\":{\"@type\":\"QuantitativeValue\",\"minValue\":\"11\",\"maxValue\":\"50\"}},{\"@type\":\"Person\",\"@id\":\"https:\\\/\\\/www.webdo.tn\\\/fr\\\/#\\\/schema\\\/person\\\/2c4929cbf5a809e3bd38617c6ce150f6\",\"name\":\"MC\",\"image\":{\"@type\":\"ImageObject\",\"inLanguage\":\"fr-FR\",\"@id\":\"https:\\\/\\\/secure.gravatar.com\\\/avatar\\\/a545bbb6f84efdd5553dbbc2895e3ca8f1d12c5215e00a041c9670b54aa9b18a?s=96&d=mm&r=g\",\"url\":\"https:\\\/\\\/secure.gravatar.com\\\/avatar\\\/a545bbb6f84efdd5553dbbc2895e3ca8f1d12c5215e00a041c9670b54aa9b18a?s=96&d=mm&r=g\",\"contentUrl\":\"https:\\\/\\\/secure.gravatar.com\\\/avatar\\\/a545bbb6f84efdd5553dbbc2895e3ca8f1d12c5215e00a041c9670b54aa9b18a?s=96&d=mm&r=g\",\"caption\":\"MC\"},\"url\":\"https:\\\/\\\/www.webdo.tn\\\/fr\\\/actualite\\\/author\\\/mc\\\/\"}]}<\/script>\n<!-- \/ Yoast SEO Premium plugin. -->","yoast_head_json":{"title":"S\u00e9isme : La Tunisie concentre ses aides sur la Syrie","description":"Alors que deux avions d\u2019aides ont \u00e9t\u00e9 d\u00e9j\u00e0 envoy\u00e9s en Syrie et en Turquie, un troisi\u00e8me prendra ce mercredi 8 f\u00e9vrier 2023 la direction de Damas.","canonical":"https:\/\/www.webdo.tn\/fr\/actualite\/national\/seisme-la-tunisie-concentre-ses-aides-sur-la-syrie\/202710\/","og_locale":"fr_FR","og_type":"article","og_title":"S\u00e9isme : La Tunisie concentre ses aides sur la Syrie","og_description":"Alors que deux avions d\u2019aides ont \u00e9t\u00e9 d\u00e9j\u00e0 envoy\u00e9s en Syrie et en Turquie, un troisi\u00e8me prendra ce mercredi 8 f\u00e9vrier 2023 la direction de Damas.","og_url":"https:\/\/www.webdo.tn\/fr\/actualite\/national\/seisme-la-tunisie-concentre-ses-aides-sur-la-syrie\/202710\/","og_site_name":"webdo","article_publisher":"https:\/\/www.facebook.com\/webdotn","article_published_time":"2023-02-08T14:35:00+00:00","article_modified_time":"2025-06-04T18:06:35+00:00","og_image":[{"width":750,"height":400,"url":"https:\/\/www.webdo.tn\/fr\/wp-content\/uploads\/2023\/02\/b51b541f499c07c3794a886d77cee1d7.jpg","type":"image\/jpeg"}],"author":"MC","twitter_card":"summary_large_image","twitter_creator":"@webdo_tn","twitter_site":"@webdo_tn","twitter_misc":{"\u00c9crit par":"MC","Dur\u00e9e de lecture estim\u00e9e":"1 minute"},"schema":{"@context":"https:\/\/schema.org","@graph":[{"@type":"NewsArticle","@id":"https:\/\/www.webdo.tn\/fr\/actualite\/national\/seisme-la-tunisie-concentre-ses-aides-sur-la-syrie\/202710\/#article","isPartOf":{"@id":"https:\/\/www.webdo.tn\/fr\/actualite\/national\/seisme-la-tunisie-concentre-ses-aides-sur-la-syrie\/202710\/"},"author":{"name":"MC","@id":"https:\/\/www.webdo.tn\/fr\/#\/schema\/person\/2c4929cbf5a809e3bd38617c6ce150f6"},"headline":"S\u00e9isme : La Tunisie concentre ses aides sur la Syrie","datePublished":"2023-02-08T14:35:00+00:00","dateModified":"2025-06-04T18:06:35+00:00","mainEntityOfPage":{"@id":"https:\/\/www.webdo.tn\/fr\/actualite\/national\/seisme-la-tunisie-concentre-ses-aides-sur-la-syrie\/202710\/"},"wordCount":130,"commentCount":0,"publisher":{"@id":"https:\/\/www.webdo.tn\/fr\/#organization"},"image":{"@id":"https:\/\/www.webdo.tn\/fr\/actualite\/national\/seisme-la-tunisie-concentre-ses-aides-sur-la-syrie\/202710\/#primaryimage"},"thumbnailUrl":"https:\/\/www.webdo.tn\/fr\/wp-content\/uploads\/2023\/02\/b51b541f499c07c3794a886d77cee1d7.jpg","keywords":["Aides","s\u00e9isme","syrie","Tunisie"],"articleSection":["National"],"inLanguage":"fr-FR"},{"@type":"WebPage","@id":"https:\/\/www.webdo.tn\/fr\/actualite\/national\/seisme-la-tunisie-concentre-ses-aides-sur-la-syrie\/202710\/","url":"https:\/\/www.webdo.tn\/fr\/actualite\/national\/seisme-la-tunisie-concentre-ses-aides-sur-la-syrie\/202710\/","name":"S\u00e9isme : La Tunisie concentre ses aides sur la Syrie","isPartOf":{"@id":"https:\/\/www.webdo.tn\/fr\/#website"},"primaryImageOfPage":{"@id":"https:\/\/www.webdo.tn\/fr\/actualite\/national\/seisme-la-tunisie-concentre-ses-aides-sur-la-syrie\/202710\/#primaryimage"},"image":{"@id":"https:\/\/www.webdo.tn\/fr\/actualite\/national\/seisme-la-tunisie-concentre-ses-aides-sur-la-syrie\/202710\/#primaryimage"},"thumbnailUrl":"https:\/\/www.webdo.tn\/fr\/wp-content\/uploads\/2023\/02\/b51b541f499c07c3794a886d77cee1d7.jpg","datePublished":"2023-02-08T14:35:00+00:00","dateModified":"2025-06-04T18:06:35+00:00","description":"Alors que deux avions d\u2019aides ont \u00e9t\u00e9 d\u00e9j\u00e0 envoy\u00e9s en Syrie et en Turquie, un troisi\u00e8me prendra ce mercredi 8 f\u00e9vrier 2023 la direction de Damas.","breadcrumb":{"@id":"https:\/\/www.webdo.tn\/fr\/actualite\/national\/seisme-la-tunisie-concentre-ses-aides-sur-la-syrie\/202710\/#breadcrumb"},"inLanguage":"fr-FR","potentialAction":[{"@type":"ReadAction","target":["https:\/\/www.webdo.tn\/fr\/actualite\/national\/seisme-la-tunisie-concentre-ses-aides-sur-la-syrie\/202710\/"]}]},{"@type":"ImageObject","inLanguage":"fr-FR","@id":"https:\/\/www.webdo.tn\/fr\/actualite\/national\/seisme-la-tunisie-concentre-ses-aides-sur-la-syrie\/202710\/#primaryimage","url":"https:\/\/www.webdo.tn\/fr\/wp-content\/uploads\/2023\/02\/b51b541f499c07c3794a886d77cee1d7.jpg","contentUrl":"https:\/\/www.webdo.tn\/fr\/wp-content\/uploads\/2023\/02\/b51b541f499c07c3794a886d77cee1d7.jpg","width":750,"height":400,"caption":"Aides"},{"@type":"BreadcrumbList","@id":"https:\/\/www.webdo.tn\/fr\/actualite\/national\/seisme-la-tunisie-concentre-ses-aides-sur-la-syrie\/202710\/#breadcrumb","itemListElement":[{"@type":"ListItem","position":1,"name":"Accueil","item":"https:\/\/www.webdo.tn\/fr\/"},{"@type":"ListItem","position":2,"name":"S\u00e9isme : La Tunisie concentre ses aides sur la Syrie"}]},{"@type":"WebSite","@id":"https:\/\/www.webdo.tn\/fr\/#website","url":"https:\/\/www.webdo.tn\/fr\/","name":"webdo","description":"Tunisie - News en Tunisie et \u00e0 l&#039;international sur Webdo.tn","publisher":{"@id":"https:\/\/www.webdo.tn\/fr\/#organization"},"potentialAction":[{"@type":"SearchAction","target":{"@type":"EntryPoint","urlTemplate":"https:\/\/www.webdo.tn\/fr\/?s={search_term_string}"},"query-input":{"@type":"PropertyValueSpecification","valueRequired":true,"valueName":"search_term_string"}}],"inLanguage":"fr-FR"},{"@type":"Organization","@id":"https:\/\/www.webdo.tn\/fr\/#organization","name":"Webdo","alternateName":"Webdo.tn","url":"https:\/\/www.webdo.tn\/fr\/","logo":{"@type":"ImageObject","inLanguage":"fr-FR","@id":"https:\/\/www.webdo.tn\/fr\/#\/schema\/logo\/image\/","url":"https:\/\/www.webdo.tn\/fr\/wp-content\/uploads\/2025\/06\/Webdo-Tunisie_168377.jpg","contentUrl":"https:\/\/www.webdo.tn\/fr\/wp-content\/uploads\/2025\/06\/Webdo-Tunisie_168377.jpg","width":301,"height":301,"caption":"Webdo"},"image":{"@id":"https:\/\/www.webdo.tn\/fr\/#\/schema\/logo\/image\/"},"sameAs":["https:\/\/www.facebook.com\/webdotn","https:\/\/x.com\/webdo_tn"],"description":"Webdo est un m\u00e9dia num\u00e9rique tunisien fond\u00e9 en 2010, sp\u00e9cialis\u00e9 dans l\u2019actualit\u00e9 nationale et internationale, l\u2019\u00e9conomie, la soci\u00e9t\u00e9 et les analyses politiques. Le site s\u2019adresse \u00e0 un large public francophone et couvre l\u2019information tunisienne en temps r\u00e9el.","email":"redac@webdo.tn","legalName":"YNJ SARL","foundingDate":"2010-09-06","numberOfEmployees":{"@type":"QuantitativeValue","minValue":"11","maxValue":"50"}},{"@type":"Person","@id":"https:\/\/www.webdo.tn\/fr\/#\/schema\/person\/2c4929cbf5a809e3bd38617c6ce150f6","name":"MC","image":{"@type":"ImageObject","inLanguage":"fr-FR","@id":"https:\/\/secure.gravatar.com\/avatar\/a545bbb6f84efdd5553dbbc2895e3ca8f1d12c5215e00a041c9670b54aa9b18a?s=96&d=mm&r=g","url":"https:\/\/secure.gravatar.com\/avatar\/a545bbb6f84efdd5553dbbc2895e3ca8f1d12c5215e00a041c9670b54aa9b18a?s=96&d=mm&r=g","contentUrl":"https:\/\/secure.gravatar.com\/avatar\/a545bbb6f84efdd5553dbbc2895e3ca8f1d12c5215e00a041c9670b54aa9b18a?s=96&d=mm&r=g","caption":"MC"},"url":"https:\/\/www.webdo.tn\/fr\/actualite\/author\/mc\/"}]}},"_links":{"self":[{"href":"https:\/\/www.webdo.tn\/fr\/wp-json\/wp\/v2\/posts\/202710","targetHints":{"allow":["GET"]}}],"collection":[{"href":"https:\/\/www.webdo.tn\/fr\/wp-json\/wp\/v2\/posts"}],"about":[{"href":"https:\/\/www.webdo.tn\/fr\/wp-json\/wp\/v2\/types\/post"}],"author":[{"embeddable":true,"href":"https:\/\/www.webdo.tn\/fr\/wp-json\/wp\/v2\/users\/3162"}],"replies":[{"embeddable":true,"href":"https:\/\/www.webdo.tn\/fr\/wp-json\/wp\/v2\/comments?post=202710"}],"version-history":[{"count":0,"href":"https:\/\/www.webdo.tn\/fr\/wp-json\/wp\/v2\/posts\/202710\/revisions"}],"wp:featuredmedia":[{"embeddable":true,"href":"https:\/\/www.webdo.tn\/fr\/wp-json\/wp\/v2\/media\/348164"}],"wp:attachment":[{"href":"https:\/\/www.webdo.tn\/fr\/wp-json\/wp\/v2\/media?parent=202710"}],"wp:term":[{"taxonomy":"category","embeddable":true,"href":"https:\/\/www.webdo.tn\/fr\/wp-json\/wp\/v2\/categories?post=202710"},{"taxonomy":"post_tag","embeddable":true,"href":"https:\/\/www.webdo.tn\/fr\/wp-json\/wp\/v2\/tags?post=202710"}],"curies":[{"name":"wp","href":"https:\/\/api.w.org\/{rel}","templated":true}]}}