{"id":202703,"date":"2023-02-08T11:37:00","date_gmt":"2023-02-08T11:37:00","guid":{"rendered":"https:\/\/www.webdo.tn\/fr\/blog\/seisme-des-tunisiens-legerement-blesses-en-syrie\/202703\/"},"modified":"2025-05-20T22:49:00","modified_gmt":"2025-05-20T22:49:00","slug":"seisme-des-tunisiens-legerement-blesses-en-syrie","status":"publish","type":"post","link":"https:\/\/www.webdo.tn\/fr\/actualite\/national\/seisme-des-tunisiens-legerement-blesses-en-syrie\/202703\/","title":{"rendered":"S\u00e9isme : Des Tunisiens l\u00e9g\u00e8rement bless\u00e9s en Syrie"},"content":{"rendered":"<p>Alors que jusqu\u2019\u00e0 pr\u00e9sent, les autorit\u00e9s affirment qu\u2019aucun Tunisien n\u2019a perdu la vie dans le s\u00e9isme qui a frapp\u00e9 la Turquie et la Syrie, certains ressortissants tunisiens ont \u00e9t\u00e9 bless\u00e9s.<\/p>\n<p>\t\t\t\t\t\t\t\t\tC\u2019est le pr\u00e9sident de l&rsquo;\u00ab Association de sauvetage des Tunisiens bloqu\u00e9s \u00e0 l&rsquo;\u00e9tranger \u00bb, Ikbal Ben Rejeb qui confirme ces informations. Selon ses dires, un nombre de Tunisiens ont \u00e9t\u00e9 bless\u00e9s dans ce s\u00e9isme en Syrie.\u00a0<\/p>\n<p>S\u2019exprimant sur les ondes de Diwan FM, il a expliqu\u00e9 qu\u2019ils ont \u00e9t\u00e9 l\u00e9g\u00e8rement bless\u00e9s suite \u00e0 des chutes d\u2019objets provoqu\u00e9es par cet important tremblement.\u00a0<\/p>\n<p>Rappelons que deux ressortissants tunisiens qui \u00e9taient port\u00e9s disparus en Turquie depuis lundi, ont \u00e9t\u00e9 retrouv\u00e9s sains et saufs.\u00a0<\/p>\n<p>Par ailleurs, le Consulat g\u00e9n\u00e9ral de Tunisie \u00e0 Istanbul a confirm\u00e9 avoir pu contacter le jeune Tunisien Rami MMsaddek, footballeur \u00e0 Hatay, alors que sa famille avait perdu tout contact avec lui apr\u00e8s le s\u00e9isme.<\/p>\n<p>Rappelons qu\u2019\u00e0 l\u2019heure actuelle aucun Tunisien ne fait partie des victimes des s\u00e9ismes en Turquie et en Syrie \u00e0 l\u2019heure o\u00f9 le bilan s\u2019est alourdi \u00e0 pr\u00e8s de 10000 morts et 50.000 bless\u00e9s.<\/p>\n","protected":false},"excerpt":{"rendered":"<p>Alors que jusqu\u2019\u00e0 pr\u00e9sent, les autorit\u00e9s affirment qu\u2019aucun Tunisien n\u2019a perdu la vie dans le s\u00e9isme qui a frapp\u00e9 la Turquie et la Syrie, certains ressortissant&#8230;<\/p>\n","protected":false},"author":3175,"featured_media":277718,"comment_status":"open","ping_status":"closed","sticky":false,"template":"","format":"standard","meta":{"footnotes":""},"categories":[44],"tags":[2928,7271,3504,3317],"class_list":["post-202703","post","type-post","status-publish","format-standard","has-post-thumbnail","hentry","category-national","tag-blesses","tag-seisme","tag-syrie","tag-tunisiens"],"yoast_head":"<!-- This site is optimized with the Yoast SEO Premium plugin v27.4 (Yoast SEO v27.5) - https:\/\/yoast.com\/product\/yoast-seo-premium-wordpress\/ -->\n<title>S\u00e9isme : Des Tunisiens l\u00e9g\u00e8rement bless\u00e9s en Syrie<\/title>\n<meta name=\"description\" content=\"Alors que jusqu\u2019\u00e0 pr\u00e9sent, les autorit\u00e9s affirment qu\u2019aucun Tunisien n\u2019a perdu la vie dans le s\u00e9isme qui a frapp\u00e9 la Turquie et la Syrie, certains ressortissant...\" \/>\n<link rel=\"canonical\" href=\"https:\/\/www.webdo.tn\/fr\/actualite\/national\/seisme-des-tunisiens-legerement-blesses-en-syrie\/202703\/\" \/>\n<meta property=\"og:locale\" content=\"fr_FR\" \/>\n<meta property=\"og:type\" content=\"article\" \/>\n<meta property=\"og:title\" content=\"S\u00e9isme : Des Tunisiens l\u00e9g\u00e8rement bless\u00e9s en Syrie\" \/>\n<meta property=\"og:description\" content=\"Alors que jusqu\u2019\u00e0 pr\u00e9sent, les autorit\u00e9s affirment qu\u2019aucun Tunisien n\u2019a perdu la vie dans le s\u00e9isme qui a frapp\u00e9 la Turquie et la Syrie, certains ressortissant...\" \/>\n<meta property=\"og:url\" content=\"https:\/\/www.webdo.tn\/fr\/actualite\/national\/seisme-des-tunisiens-legerement-blesses-en-syrie\/202703\/\" \/>\n<meta property=\"og:site_name\" content=\"webdo\" \/>\n<meta property=\"article:publisher\" content=\"https:\/\/www.facebook.com\/webdotn\" \/>\n<meta property=\"article:published_time\" content=\"2023-02-08T11:37:00+00:00\" \/>\n<meta property=\"article:modified_time\" content=\"2025-05-20T22:49:00+00:00\" \/>\n<meta property=\"og:image\" content=\"https:\/\/www.webdo.tn\/fr\/wp-content\/uploads\/2023\/02\/a4ad471c683a814191b6519136bfda0e.jpg\" \/>\n\t<meta property=\"og:image:width\" content=\"750\" \/>\n\t<meta property=\"og:image:height\" content=\"400\" \/>\n\t<meta property=\"og:image:type\" content=\"image\/jpeg\" \/>\n<meta name=\"author\" content=\"CL\" \/>\n<meta name=\"twitter:card\" content=\"summary_large_image\" \/>\n<meta name=\"twitter:creator\" content=\"@webdo_tn\" \/>\n<meta name=\"twitter:site\" content=\"@webdo_tn\" \/>\n<meta name=\"twitter:label1\" content=\"\u00c9crit par\" \/>\n\t<meta name=\"twitter:data1\" content=\"CL\" \/>\n\t<meta name=\"twitter:label2\" content=\"Dur\u00e9e de lecture estim\u00e9e\" \/>\n\t<meta name=\"twitter:data2\" content=\"1 minute\" \/>\n<script type=\"application\/ld+json\" class=\"yoast-schema-graph\">{\"@context\":\"https:\\\/\\\/schema.org\",\"@graph\":[{\"@type\":\"NewsArticle\",\"@id\":\"https:\\\/\\\/www.webdo.tn\\\/fr\\\/actualite\\\/national\\\/seisme-des-tunisiens-legerement-blesses-en-syrie\\\/202703\\\/#article\",\"isPartOf\":{\"@id\":\"https:\\\/\\\/www.webdo.tn\\\/fr\\\/actualite\\\/national\\\/seisme-des-tunisiens-legerement-blesses-en-syrie\\\/202703\\\/\"},\"author\":{\"name\":\"CL\",\"@id\":\"https:\\\/\\\/www.webdo.tn\\\/fr\\\/#\\\/schema\\\/person\\\/f35b42a42c5e2511bbd282959d6385cc\"},\"headline\":\"S\u00e9isme : Des Tunisiens l\u00e9g\u00e8rement bless\u00e9s en Syrie\",\"datePublished\":\"2023-02-08T11:37:00+00:00\",\"dateModified\":\"2025-05-20T22:49:00+00:00\",\"mainEntityOfPage\":{\"@id\":\"https:\\\/\\\/www.webdo.tn\\\/fr\\\/actualite\\\/national\\\/seisme-des-tunisiens-legerement-blesses-en-syrie\\\/202703\\\/\"},\"wordCount\":211,\"commentCount\":0,\"publisher\":{\"@id\":\"https:\\\/\\\/www.webdo.tn\\\/fr\\\/#organization\"},\"image\":{\"@id\":\"https:\\\/\\\/www.webdo.tn\\\/fr\\\/actualite\\\/national\\\/seisme-des-tunisiens-legerement-blesses-en-syrie\\\/202703\\\/#primaryimage\"},\"thumbnailUrl\":\"https:\\\/\\\/www.webdo.tn\\\/fr\\\/wp-content\\\/uploads\\\/2023\\\/02\\\/a4ad471c683a814191b6519136bfda0e.jpg\",\"keywords\":[\"bless\u00e9s\",\"s\u00e9isme\",\"syrie\",\"Tunisiens\"],\"articleSection\":[\"National\"],\"inLanguage\":\"fr-FR\"},{\"@type\":\"WebPage\",\"@id\":\"https:\\\/\\\/www.webdo.tn\\\/fr\\\/actualite\\\/national\\\/seisme-des-tunisiens-legerement-blesses-en-syrie\\\/202703\\\/\",\"url\":\"https:\\\/\\\/www.webdo.tn\\\/fr\\\/actualite\\\/national\\\/seisme-des-tunisiens-legerement-blesses-en-syrie\\\/202703\\\/\",\"name\":\"S\u00e9isme : Des Tunisiens l\u00e9g\u00e8rement bless\u00e9s en Syrie\",\"isPartOf\":{\"@id\":\"https:\\\/\\\/www.webdo.tn\\\/fr\\\/#website\"},\"primaryImageOfPage\":{\"@id\":\"https:\\\/\\\/www.webdo.tn\\\/fr\\\/actualite\\\/national\\\/seisme-des-tunisiens-legerement-blesses-en-syrie\\\/202703\\\/#primaryimage\"},\"image\":{\"@id\":\"https:\\\/\\\/www.webdo.tn\\\/fr\\\/actualite\\\/national\\\/seisme-des-tunisiens-legerement-blesses-en-syrie\\\/202703\\\/#primaryimage\"},\"thumbnailUrl\":\"https:\\\/\\\/www.webdo.tn\\\/fr\\\/wp-content\\\/uploads\\\/2023\\\/02\\\/a4ad471c683a814191b6519136bfda0e.jpg\",\"datePublished\":\"2023-02-08T11:37:00+00:00\",\"dateModified\":\"2025-05-20T22:49:00+00:00\",\"description\":\"Alors que jusqu\u2019\u00e0 pr\u00e9sent, les autorit\u00e9s affirment qu\u2019aucun Tunisien n\u2019a perdu la vie dans le s\u00e9isme qui a frapp\u00e9 la Turquie et la Syrie, certains ressortissant...\",\"breadcrumb\":{\"@id\":\"https:\\\/\\\/www.webdo.tn\\\/fr\\\/actualite\\\/national\\\/seisme-des-tunisiens-legerement-blesses-en-syrie\\\/202703\\\/#breadcrumb\"},\"inLanguage\":\"fr-FR\",\"potentialAction\":[{\"@type\":\"ReadAction\",\"target\":[\"https:\\\/\\\/www.webdo.tn\\\/fr\\\/actualite\\\/national\\\/seisme-des-tunisiens-legerement-blesses-en-syrie\\\/202703\\\/\"]}]},{\"@type\":\"ImageObject\",\"inLanguage\":\"fr-FR\",\"@id\":\"https:\\\/\\\/www.webdo.tn\\\/fr\\\/actualite\\\/national\\\/seisme-des-tunisiens-legerement-blesses-en-syrie\\\/202703\\\/#primaryimage\",\"url\":\"https:\\\/\\\/www.webdo.tn\\\/fr\\\/wp-content\\\/uploads\\\/2023\\\/02\\\/a4ad471c683a814191b6519136bfda0e.jpg\",\"contentUrl\":\"https:\\\/\\\/www.webdo.tn\\\/fr\\\/wp-content\\\/uploads\\\/2023\\\/02\\\/a4ad471c683a814191b6519136bfda0e.jpg\",\"width\":750,\"height\":400,\"caption\":\"S\u00e9isme\"},{\"@type\":\"BreadcrumbList\",\"@id\":\"https:\\\/\\\/www.webdo.tn\\\/fr\\\/actualite\\\/national\\\/seisme-des-tunisiens-legerement-blesses-en-syrie\\\/202703\\\/#breadcrumb\",\"itemListElement\":[{\"@type\":\"ListItem\",\"position\":1,\"name\":\"Accueil\",\"item\":\"https:\\\/\\\/www.webdo.tn\\\/fr\\\/\"},{\"@type\":\"ListItem\",\"position\":2,\"name\":\"S\u00e9isme : Des Tunisiens l\u00e9g\u00e8rement bless\u00e9s en Syrie\"}]},{\"@type\":\"WebSite\",\"@id\":\"https:\\\/\\\/www.webdo.tn\\\/fr\\\/#website\",\"url\":\"https:\\\/\\\/www.webdo.tn\\\/fr\\\/\",\"name\":\"webdo\",\"description\":\"Tunisie - News en Tunisie et \u00e0 l&#039;international sur Webdo.tn\",\"publisher\":{\"@id\":\"https:\\\/\\\/www.webdo.tn\\\/fr\\\/#organization\"},\"potentialAction\":[{\"@type\":\"SearchAction\",\"target\":{\"@type\":\"EntryPoint\",\"urlTemplate\":\"https:\\\/\\\/www.webdo.tn\\\/fr\\\/?s={search_term_string}\"},\"query-input\":{\"@type\":\"PropertyValueSpecification\",\"valueRequired\":true,\"valueName\":\"search_term_string\"}}],\"inLanguage\":\"fr-FR\"},{\"@type\":\"Organization\",\"@id\":\"https:\\\/\\\/www.webdo.tn\\\/fr\\\/#organization\",\"name\":\"Webdo\",\"alternateName\":\"Webdo.tn\",\"url\":\"https:\\\/\\\/www.webdo.tn\\\/fr\\\/\",\"logo\":{\"@type\":\"ImageObject\",\"inLanguage\":\"fr-FR\",\"@id\":\"https:\\\/\\\/www.webdo.tn\\\/fr\\\/#\\\/schema\\\/logo\\\/image\\\/\",\"url\":\"https:\\\/\\\/www.webdo.tn\\\/fr\\\/wp-content\\\/uploads\\\/2025\\\/06\\\/Webdo-Tunisie_168377.jpg\",\"contentUrl\":\"https:\\\/\\\/www.webdo.tn\\\/fr\\\/wp-content\\\/uploads\\\/2025\\\/06\\\/Webdo-Tunisie_168377.jpg\",\"width\":301,\"height\":301,\"caption\":\"Webdo\"},\"image\":{\"@id\":\"https:\\\/\\\/www.webdo.tn\\\/fr\\\/#\\\/schema\\\/logo\\\/image\\\/\"},\"sameAs\":[\"https:\\\/\\\/www.facebook.com\\\/webdotn\",\"https:\\\/\\\/x.com\\\/webdo_tn\"],\"description\":\"Webdo est un m\u00e9dia num\u00e9rique tunisien fond\u00e9 en 2010, sp\u00e9cialis\u00e9 dans l\u2019actualit\u00e9 nationale et internationale, l\u2019\u00e9conomie, la soci\u00e9t\u00e9 et les analyses politiques. Le site s\u2019adresse \u00e0 un large public francophone et couvre l\u2019information tunisienne en temps r\u00e9el.\",\"email\":\"redac@webdo.tn\",\"legalName\":\"YNJ SARL\",\"foundingDate\":\"2010-09-06\",\"numberOfEmployees\":{\"@type\":\"QuantitativeValue\",\"minValue\":\"11\",\"maxValue\":\"50\"}},{\"@type\":\"Person\",\"@id\":\"https:\\\/\\\/www.webdo.tn\\\/fr\\\/#\\\/schema\\\/person\\\/f35b42a42c5e2511bbd282959d6385cc\",\"name\":\"CL\",\"image\":{\"@type\":\"ImageObject\",\"inLanguage\":\"fr-FR\",\"@id\":\"https:\\\/\\\/secure.gravatar.com\\\/avatar\\\/1447a49909b67aa657c488aec6512e1dd6143a480c1ecfee9b5b5cd74eb3b59e?s=96&d=mm&r=g\",\"url\":\"https:\\\/\\\/secure.gravatar.com\\\/avatar\\\/1447a49909b67aa657c488aec6512e1dd6143a480c1ecfee9b5b5cd74eb3b59e?s=96&d=mm&r=g\",\"contentUrl\":\"https:\\\/\\\/secure.gravatar.com\\\/avatar\\\/1447a49909b67aa657c488aec6512e1dd6143a480c1ecfee9b5b5cd74eb3b59e?s=96&d=mm&r=g\",\"caption\":\"CL\"},\"url\":\"https:\\\/\\\/www.webdo.tn\\\/fr\\\/actualite\\\/author\\\/cl\\\/\"}]}<\/script>\n<!-- \/ Yoast SEO Premium plugin. -->","yoast_head_json":{"title":"S\u00e9isme : Des Tunisiens l\u00e9g\u00e8rement bless\u00e9s en Syrie","description":"Alors que jusqu\u2019\u00e0 pr\u00e9sent, les autorit\u00e9s affirment qu\u2019aucun Tunisien n\u2019a perdu la vie dans le s\u00e9isme qui a frapp\u00e9 la Turquie et la Syrie, certains ressortissant...","canonical":"https:\/\/www.webdo.tn\/fr\/actualite\/national\/seisme-des-tunisiens-legerement-blesses-en-syrie\/202703\/","og_locale":"fr_FR","og_type":"article","og_title":"S\u00e9isme : Des Tunisiens l\u00e9g\u00e8rement bless\u00e9s en Syrie","og_description":"Alors que jusqu\u2019\u00e0 pr\u00e9sent, les autorit\u00e9s affirment qu\u2019aucun Tunisien n\u2019a perdu la vie dans le s\u00e9isme qui a frapp\u00e9 la Turquie et la Syrie, certains ressortissant...","og_url":"https:\/\/www.webdo.tn\/fr\/actualite\/national\/seisme-des-tunisiens-legerement-blesses-en-syrie\/202703\/","og_site_name":"webdo","article_publisher":"https:\/\/www.facebook.com\/webdotn","article_published_time":"2023-02-08T11:37:00+00:00","article_modified_time":"2025-05-20T22:49:00+00:00","og_image":[{"width":750,"height":400,"url":"https:\/\/www.webdo.tn\/fr\/wp-content\/uploads\/2023\/02\/a4ad471c683a814191b6519136bfda0e.jpg","type":"image\/jpeg"}],"author":"CL","twitter_card":"summary_large_image","twitter_creator":"@webdo_tn","twitter_site":"@webdo_tn","twitter_misc":{"\u00c9crit par":"CL","Dur\u00e9e de lecture estim\u00e9e":"1 minute"},"schema":{"@context":"https:\/\/schema.org","@graph":[{"@type":"NewsArticle","@id":"https:\/\/www.webdo.tn\/fr\/actualite\/national\/seisme-des-tunisiens-legerement-blesses-en-syrie\/202703\/#article","isPartOf":{"@id":"https:\/\/www.webdo.tn\/fr\/actualite\/national\/seisme-des-tunisiens-legerement-blesses-en-syrie\/202703\/"},"author":{"name":"CL","@id":"https:\/\/www.webdo.tn\/fr\/#\/schema\/person\/f35b42a42c5e2511bbd282959d6385cc"},"headline":"S\u00e9isme : Des Tunisiens l\u00e9g\u00e8rement bless\u00e9s en Syrie","datePublished":"2023-02-08T11:37:00+00:00","dateModified":"2025-05-20T22:49:00+00:00","mainEntityOfPage":{"@id":"https:\/\/www.webdo.tn\/fr\/actualite\/national\/seisme-des-tunisiens-legerement-blesses-en-syrie\/202703\/"},"wordCount":211,"commentCount":0,"publisher":{"@id":"https:\/\/www.webdo.tn\/fr\/#organization"},"image":{"@id":"https:\/\/www.webdo.tn\/fr\/actualite\/national\/seisme-des-tunisiens-legerement-blesses-en-syrie\/202703\/#primaryimage"},"thumbnailUrl":"https:\/\/www.webdo.tn\/fr\/wp-content\/uploads\/2023\/02\/a4ad471c683a814191b6519136bfda0e.jpg","keywords":["bless\u00e9s","s\u00e9isme","syrie","Tunisiens"],"articleSection":["National"],"inLanguage":"fr-FR"},{"@type":"WebPage","@id":"https:\/\/www.webdo.tn\/fr\/actualite\/national\/seisme-des-tunisiens-legerement-blesses-en-syrie\/202703\/","url":"https:\/\/www.webdo.tn\/fr\/actualite\/national\/seisme-des-tunisiens-legerement-blesses-en-syrie\/202703\/","name":"S\u00e9isme : Des Tunisiens l\u00e9g\u00e8rement bless\u00e9s en Syrie","isPartOf":{"@id":"https:\/\/www.webdo.tn\/fr\/#website"},"primaryImageOfPage":{"@id":"https:\/\/www.webdo.tn\/fr\/actualite\/national\/seisme-des-tunisiens-legerement-blesses-en-syrie\/202703\/#primaryimage"},"image":{"@id":"https:\/\/www.webdo.tn\/fr\/actualite\/national\/seisme-des-tunisiens-legerement-blesses-en-syrie\/202703\/#primaryimage"},"thumbnailUrl":"https:\/\/www.webdo.tn\/fr\/wp-content\/uploads\/2023\/02\/a4ad471c683a814191b6519136bfda0e.jpg","datePublished":"2023-02-08T11:37:00+00:00","dateModified":"2025-05-20T22:49:00+00:00","description":"Alors que jusqu\u2019\u00e0 pr\u00e9sent, les autorit\u00e9s affirment qu\u2019aucun Tunisien n\u2019a perdu la vie dans le s\u00e9isme qui a frapp\u00e9 la Turquie et la Syrie, certains ressortissant...","breadcrumb":{"@id":"https:\/\/www.webdo.tn\/fr\/actualite\/national\/seisme-des-tunisiens-legerement-blesses-en-syrie\/202703\/#breadcrumb"},"inLanguage":"fr-FR","potentialAction":[{"@type":"ReadAction","target":["https:\/\/www.webdo.tn\/fr\/actualite\/national\/seisme-des-tunisiens-legerement-blesses-en-syrie\/202703\/"]}]},{"@type":"ImageObject","inLanguage":"fr-FR","@id":"https:\/\/www.webdo.tn\/fr\/actualite\/national\/seisme-des-tunisiens-legerement-blesses-en-syrie\/202703\/#primaryimage","url":"https:\/\/www.webdo.tn\/fr\/wp-content\/uploads\/2023\/02\/a4ad471c683a814191b6519136bfda0e.jpg","contentUrl":"https:\/\/www.webdo.tn\/fr\/wp-content\/uploads\/2023\/02\/a4ad471c683a814191b6519136bfda0e.jpg","width":750,"height":400,"caption":"S\u00e9isme"},{"@type":"BreadcrumbList","@id":"https:\/\/www.webdo.tn\/fr\/actualite\/national\/seisme-des-tunisiens-legerement-blesses-en-syrie\/202703\/#breadcrumb","itemListElement":[{"@type":"ListItem","position":1,"name":"Accueil","item":"https:\/\/www.webdo.tn\/fr\/"},{"@type":"ListItem","position":2,"name":"S\u00e9isme : Des Tunisiens l\u00e9g\u00e8rement bless\u00e9s en Syrie"}]},{"@type":"WebSite","@id":"https:\/\/www.webdo.tn\/fr\/#website","url":"https:\/\/www.webdo.tn\/fr\/","name":"webdo","description":"Tunisie - News en Tunisie et \u00e0 l&#039;international sur Webdo.tn","publisher":{"@id":"https:\/\/www.webdo.tn\/fr\/#organization"},"potentialAction":[{"@type":"SearchAction","target":{"@type":"EntryPoint","urlTemplate":"https:\/\/www.webdo.tn\/fr\/?s={search_term_string}"},"query-input":{"@type":"PropertyValueSpecification","valueRequired":true,"valueName":"search_term_string"}}],"inLanguage":"fr-FR"},{"@type":"Organization","@id":"https:\/\/www.webdo.tn\/fr\/#organization","name":"Webdo","alternateName":"Webdo.tn","url":"https:\/\/www.webdo.tn\/fr\/","logo":{"@type":"ImageObject","inLanguage":"fr-FR","@id":"https:\/\/www.webdo.tn\/fr\/#\/schema\/logo\/image\/","url":"https:\/\/www.webdo.tn\/fr\/wp-content\/uploads\/2025\/06\/Webdo-Tunisie_168377.jpg","contentUrl":"https:\/\/www.webdo.tn\/fr\/wp-content\/uploads\/2025\/06\/Webdo-Tunisie_168377.jpg","width":301,"height":301,"caption":"Webdo"},"image":{"@id":"https:\/\/www.webdo.tn\/fr\/#\/schema\/logo\/image\/"},"sameAs":["https:\/\/www.facebook.com\/webdotn","https:\/\/x.com\/webdo_tn"],"description":"Webdo est un m\u00e9dia num\u00e9rique tunisien fond\u00e9 en 2010, sp\u00e9cialis\u00e9 dans l\u2019actualit\u00e9 nationale et internationale, l\u2019\u00e9conomie, la soci\u00e9t\u00e9 et les analyses politiques. Le site s\u2019adresse \u00e0 un large public francophone et couvre l\u2019information tunisienne en temps r\u00e9el.","email":"redac@webdo.tn","legalName":"YNJ SARL","foundingDate":"2010-09-06","numberOfEmployees":{"@type":"QuantitativeValue","minValue":"11","maxValue":"50"}},{"@type":"Person","@id":"https:\/\/www.webdo.tn\/fr\/#\/schema\/person\/f35b42a42c5e2511bbd282959d6385cc","name":"CL","image":{"@type":"ImageObject","inLanguage":"fr-FR","@id":"https:\/\/secure.gravatar.com\/avatar\/1447a49909b67aa657c488aec6512e1dd6143a480c1ecfee9b5b5cd74eb3b59e?s=96&d=mm&r=g","url":"https:\/\/secure.gravatar.com\/avatar\/1447a49909b67aa657c488aec6512e1dd6143a480c1ecfee9b5b5cd74eb3b59e?s=96&d=mm&r=g","contentUrl":"https:\/\/secure.gravatar.com\/avatar\/1447a49909b67aa657c488aec6512e1dd6143a480c1ecfee9b5b5cd74eb3b59e?s=96&d=mm&r=g","caption":"CL"},"url":"https:\/\/www.webdo.tn\/fr\/actualite\/author\/cl\/"}]}},"_links":{"self":[{"href":"https:\/\/www.webdo.tn\/fr\/wp-json\/wp\/v2\/posts\/202703","targetHints":{"allow":["GET"]}}],"collection":[{"href":"https:\/\/www.webdo.tn\/fr\/wp-json\/wp\/v2\/posts"}],"about":[{"href":"https:\/\/www.webdo.tn\/fr\/wp-json\/wp\/v2\/types\/post"}],"author":[{"embeddable":true,"href":"https:\/\/www.webdo.tn\/fr\/wp-json\/wp\/v2\/users\/3175"}],"replies":[{"embeddable":true,"href":"https:\/\/www.webdo.tn\/fr\/wp-json\/wp\/v2\/comments?post=202703"}],"version-history":[{"count":0,"href":"https:\/\/www.webdo.tn\/fr\/wp-json\/wp\/v2\/posts\/202703\/revisions"}],"wp:featuredmedia":[{"embeddable":true,"href":"https:\/\/www.webdo.tn\/fr\/wp-json\/wp\/v2\/media\/277718"}],"wp:attachment":[{"href":"https:\/\/www.webdo.tn\/fr\/wp-json\/wp\/v2\/media?parent=202703"}],"wp:term":[{"taxonomy":"category","embeddable":true,"href":"https:\/\/www.webdo.tn\/fr\/wp-json\/wp\/v2\/categories?post=202703"},{"taxonomy":"post_tag","embeddable":true,"href":"https:\/\/www.webdo.tn\/fr\/wp-json\/wp\/v2\/tags?post=202703"}],"curies":[{"name":"wp","href":"https:\/\/api.w.org\/{rel}","templated":true}]}}