{"id":202696,"date":"2023-02-08T10:11:00","date_gmt":"2023-02-08T10:11:00","guid":{"rendered":"https:\/\/www.webdo.tn\/fr\/blog\/nouvel-an-des-arbres-les-oranges-de-tou-bishvat\/202696\/"},"modified":"2025-05-17T21:03:21","modified_gmt":"2025-05-17T21:03:21","slug":"nouvel-an-des-arbres-les-oranges-de-tou-bishvat","status":"publish","type":"post","link":"https:\/\/www.webdo.tn\/fr\/actualite\/chroniques\/nouvel-an-des-arbres-les-oranges-de-tou-bishvat\/202696\/","title":{"rendered":"Nouvel an des arbres : Les oranges de Tou Bishvat"},"content":{"rendered":"<p>En m&rsquo;apportant deux oranges, Nadia ne savait pas qu&rsquo;elle me faisait un cadeau id\u00e9al pour la f\u00eate de Tou Bishvat.<br \/>\nDeux belles oranges, juteuses \u00e0 souhait et provenant du jardin familial. Je ne pouvais r\u00eaver mieux et me promis de les garder pour aujourd&rsquo;hui.<\/p>\n<p>\t\t\t\t\t\t\t\t\tLes juifs f\u00eatent chaque ann\u00e9e le Nouvel an des arbres. Cette c\u00e9l\u00e9bration qui est nomm\u00e9e Tou Bishvat prend place le quinzi\u00e8me jour du mois de Chevet.<\/p>\n<p>D&rsquo;une certaine mani\u00e8re, Tou Bishvat ressemble \u00e0 Souccoth, l&rsquo;une des principales f\u00eates de l&rsquo;automne. Tr\u00e8s agraire, cette f\u00eate hivernale de Tou Bishvat invite \u00e0 une m\u00e9ditation sur le cycle de la nature.<\/p>\n<p>On y plante des arbres et on y prie pour une bonne croissance des v\u00e9g\u00e9taux. Chaque 15 chevat, il est aussi de tradition de consommer toutes sortes de fruits.<\/p>\n<p>Aujourd&rsquo;hui, nous saluons donc le r\u00e9veil de la nature et le renouveau des plantes. Rituel agraire par excellence, Tou Bichvat cultive notre lien avec la terre nourrici\u00e8re.<\/p>\n<p>Ma joie en est d\u00e9cupl\u00e9e gr\u00e2ce aux oranges bio de Nadia, \u00e0 quelques dattes et figues s\u00e8ches qui seront mon d\u00eener frugal.<\/p>\n<p>Depuis le 14 janvier, je me sens en pleine harmonie avec le r\u00e9veil progressif de la nature. Apr\u00e8s les Nuits blanches, c&rsquo;est le cycle des Nuits noires qui vient de recommencer selon notre vieux calendrier traditionnel tunisien.<\/p>\n<p>Durant ces nuits g\u00e9n\u00e9ralement pluvieuses, on dit que la s\u00e8ve circule de nouveau dans les branches et que l&rsquo;\u00e9panouissement v\u00e9g\u00e9tal ne saurait plus tarder.<\/p>\n<p>En \u00e9pluchant mes oranges, je ne peux m&#8217;emp\u00eacher de songer \u00e0 cette premi\u00e8re renaissance qui au fond, est la premi\u00e8re hirondelle d&rsquo;un printemps que tous nous attendons.<\/p>\n<p>Bonne ann\u00e9e les arbres et la verdure. Quelle belle f\u00eate que Tou Bishvat !<\/p>\n","protected":false},"excerpt":{"rendered":"<p>En m&rsquo;apportant deux oranges, Nadia ne savait pas qu&rsquo;elle me faisait un cadeau id\u00e9al pour la f\u00eate de Tou Bishvat. Deux belles oranges, juteuses \u00e0 souhait et pro&#8230;<\/p>\n","protected":false},"author":3229,"featured_media":277706,"comment_status":"open","ping_status":"closed","sticky":false,"template":"","format":"standard","meta":{"footnotes":""},"categories":[2596],"tags":[9317,6813,9316],"class_list":["post-202696","post","type-post","status-publish","format-standard","has-post-thumbnail","hentry","category-chroniques","tag-nouvel-an-des-arbres","tag-oranges","tag-tou-bishvat"],"yoast_head":"<!-- This site is optimized with the Yoast SEO Premium plugin v27.5 (Yoast SEO v27.5) - https:\/\/yoast.com\/product\/yoast-seo-premium-wordpress\/ -->\n<title>Nouvel an des arbres : Les oranges de Tou Bishvat<\/title>\n<meta name=\"description\" content=\"En m&#039;apportant deux oranges, Nadia ne savait pas qu&#039;elle me faisait un cadeau id\u00e9al pour la f\u00eate de Tou Bishvat. Deux belles oranges, juteuses \u00e0 souhait et pro...\" \/>\n<link rel=\"canonical\" href=\"https:\/\/www.webdo.tn\/fr\/actualite\/chroniques\/nouvel-an-des-arbres-les-oranges-de-tou-bishvat\/202696\/\" \/>\n<meta property=\"og:locale\" content=\"fr_FR\" \/>\n<meta property=\"og:type\" content=\"article\" \/>\n<meta property=\"og:title\" content=\"Nouvel an des arbres : Les oranges de Tou Bishvat\" \/>\n<meta property=\"og:description\" content=\"En m&#039;apportant deux oranges, Nadia ne savait pas qu&#039;elle me faisait un cadeau id\u00e9al pour la f\u00eate de Tou Bishvat. Deux belles oranges, juteuses \u00e0 souhait et pro...\" \/>\n<meta property=\"og:url\" content=\"https:\/\/www.webdo.tn\/fr\/actualite\/chroniques\/nouvel-an-des-arbres-les-oranges-de-tou-bishvat\/202696\/\" \/>\n<meta property=\"og:site_name\" content=\"webdo\" \/>\n<meta property=\"article:publisher\" content=\"https:\/\/www.facebook.com\/webdotn\" \/>\n<meta property=\"article:author\" content=\"https:\/\/www.facebook.com\/hatem.bourial.2025\" \/>\n<meta property=\"article:published_time\" content=\"2023-02-08T10:11:00+00:00\" \/>\n<meta property=\"article:modified_time\" content=\"2025-05-17T21:03:21+00:00\" \/>\n<meta property=\"og:image\" content=\"https:\/\/www.webdo.tn\/fr\/wp-content\/uploads\/2023\/02\/7a36ecf2269eb278627d8ccb5cd7e9d4.jpg\" \/>\n\t<meta property=\"og:image:width\" content=\"720\" \/>\n\t<meta property=\"og:image:height\" content=\"384\" \/>\n\t<meta property=\"og:image:type\" content=\"image\/jpeg\" \/>\n<meta name=\"author\" content=\"Hatem Bourial\" \/>\n<meta name=\"twitter:card\" content=\"summary_large_image\" \/>\n<meta name=\"twitter:creator\" content=\"@webdo_tn\" \/>\n<meta name=\"twitter:site\" content=\"@webdo_tn\" \/>\n<meta name=\"twitter:label1\" content=\"\u00c9crit par\" \/>\n\t<meta name=\"twitter:data1\" content=\"Hatem Bourial\" \/>\n\t<meta name=\"twitter:label2\" content=\"Dur\u00e9e de lecture estim\u00e9e\" \/>\n\t<meta name=\"twitter:data2\" content=\"2 minutes\" \/>\n<script type=\"application\/ld+json\" class=\"yoast-schema-graph\">{\"@context\":\"https:\\\/\\\/schema.org\",\"@graph\":[{\"@type\":\"NewsArticle\",\"@id\":\"https:\\\/\\\/www.webdo.tn\\\/fr\\\/actualite\\\/chroniques\\\/nouvel-an-des-arbres-les-oranges-de-tou-bishvat\\\/202696\\\/#article\",\"isPartOf\":{\"@id\":\"https:\\\/\\\/www.webdo.tn\\\/fr\\\/actualite\\\/chroniques\\\/nouvel-an-des-arbres-les-oranges-de-tou-bishvat\\\/202696\\\/\"},\"author\":{\"name\":\"Hatem Bourial\",\"@id\":\"https:\\\/\\\/www.webdo.tn\\\/fr\\\/#\\\/schema\\\/person\\\/6bc0beba2cd23aec27cb5df85ca2554f\"},\"headline\":\"Nouvel an des arbres : Les oranges de Tou Bishvat\",\"datePublished\":\"2023-02-08T10:11:00+00:00\",\"dateModified\":\"2025-05-17T21:03:21+00:00\",\"mainEntityOfPage\":{\"@id\":\"https:\\\/\\\/www.webdo.tn\\\/fr\\\/actualite\\\/chroniques\\\/nouvel-an-des-arbres-les-oranges-de-tou-bishvat\\\/202696\\\/\"},\"wordCount\":329,\"commentCount\":0,\"publisher\":{\"@id\":\"https:\\\/\\\/www.webdo.tn\\\/fr\\\/#organization\"},\"image\":{\"@id\":\"https:\\\/\\\/www.webdo.tn\\\/fr\\\/actualite\\\/chroniques\\\/nouvel-an-des-arbres-les-oranges-de-tou-bishvat\\\/202696\\\/#primaryimage\"},\"thumbnailUrl\":\"https:\\\/\\\/www.webdo.tn\\\/fr\\\/wp-content\\\/uploads\\\/2023\\\/02\\\/7a36ecf2269eb278627d8ccb5cd7e9d4.jpg\",\"keywords\":[\"Nouvel an des arbres\",\"oranges\",\"Tou Bishvat\"],\"articleSection\":[\"Chroniques\"],\"inLanguage\":\"fr-FR\"},{\"@type\":\"WebPage\",\"@id\":\"https:\\\/\\\/www.webdo.tn\\\/fr\\\/actualite\\\/chroniques\\\/nouvel-an-des-arbres-les-oranges-de-tou-bishvat\\\/202696\\\/\",\"url\":\"https:\\\/\\\/www.webdo.tn\\\/fr\\\/actualite\\\/chroniques\\\/nouvel-an-des-arbres-les-oranges-de-tou-bishvat\\\/202696\\\/\",\"name\":\"Nouvel an des arbres : Les oranges de Tou Bishvat\",\"isPartOf\":{\"@id\":\"https:\\\/\\\/www.webdo.tn\\\/fr\\\/#website\"},\"primaryImageOfPage\":{\"@id\":\"https:\\\/\\\/www.webdo.tn\\\/fr\\\/actualite\\\/chroniques\\\/nouvel-an-des-arbres-les-oranges-de-tou-bishvat\\\/202696\\\/#primaryimage\"},\"image\":{\"@id\":\"https:\\\/\\\/www.webdo.tn\\\/fr\\\/actualite\\\/chroniques\\\/nouvel-an-des-arbres-les-oranges-de-tou-bishvat\\\/202696\\\/#primaryimage\"},\"thumbnailUrl\":\"https:\\\/\\\/www.webdo.tn\\\/fr\\\/wp-content\\\/uploads\\\/2023\\\/02\\\/7a36ecf2269eb278627d8ccb5cd7e9d4.jpg\",\"datePublished\":\"2023-02-08T10:11:00+00:00\",\"dateModified\":\"2025-05-17T21:03:21+00:00\",\"description\":\"En m'apportant deux oranges, Nadia ne savait pas qu'elle me faisait un cadeau id\u00e9al pour la f\u00eate de Tou Bishvat. Deux belles oranges, juteuses \u00e0 souhait et pro...\",\"breadcrumb\":{\"@id\":\"https:\\\/\\\/www.webdo.tn\\\/fr\\\/actualite\\\/chroniques\\\/nouvel-an-des-arbres-les-oranges-de-tou-bishvat\\\/202696\\\/#breadcrumb\"},\"inLanguage\":\"fr-FR\",\"potentialAction\":[{\"@type\":\"ReadAction\",\"target\":[\"https:\\\/\\\/www.webdo.tn\\\/fr\\\/actualite\\\/chroniques\\\/nouvel-an-des-arbres-les-oranges-de-tou-bishvat\\\/202696\\\/\"]}]},{\"@type\":\"ImageObject\",\"inLanguage\":\"fr-FR\",\"@id\":\"https:\\\/\\\/www.webdo.tn\\\/fr\\\/actualite\\\/chroniques\\\/nouvel-an-des-arbres-les-oranges-de-tou-bishvat\\\/202696\\\/#primaryimage\",\"url\":\"https:\\\/\\\/www.webdo.tn\\\/fr\\\/wp-content\\\/uploads\\\/2023\\\/02\\\/7a36ecf2269eb278627d8ccb5cd7e9d4.jpg\",\"contentUrl\":\"https:\\\/\\\/www.webdo.tn\\\/fr\\\/wp-content\\\/uploads\\\/2023\\\/02\\\/7a36ecf2269eb278627d8ccb5cd7e9d4.jpg\",\"width\":720,\"height\":384,\"caption\":\"Nouvel an des arbres : Les oranges de Tou Bishvat\"},{\"@type\":\"BreadcrumbList\",\"@id\":\"https:\\\/\\\/www.webdo.tn\\\/fr\\\/actualite\\\/chroniques\\\/nouvel-an-des-arbres-les-oranges-de-tou-bishvat\\\/202696\\\/#breadcrumb\",\"itemListElement\":[{\"@type\":\"ListItem\",\"position\":1,\"name\":\"Accueil\",\"item\":\"https:\\\/\\\/www.webdo.tn\\\/fr\\\/\"},{\"@type\":\"ListItem\",\"position\":2,\"name\":\"Nouvel an des arbres : Les oranges de Tou Bishvat\"}]},{\"@type\":\"WebSite\",\"@id\":\"https:\\\/\\\/www.webdo.tn\\\/fr\\\/#website\",\"url\":\"https:\\\/\\\/www.webdo.tn\\\/fr\\\/\",\"name\":\"webdo\",\"description\":\"Tunisie - News en Tunisie et \u00e0 l&#039;international sur Webdo.tn\",\"publisher\":{\"@id\":\"https:\\\/\\\/www.webdo.tn\\\/fr\\\/#organization\"},\"potentialAction\":[{\"@type\":\"SearchAction\",\"target\":{\"@type\":\"EntryPoint\",\"urlTemplate\":\"https:\\\/\\\/www.webdo.tn\\\/fr\\\/?s={search_term_string}\"},\"query-input\":{\"@type\":\"PropertyValueSpecification\",\"valueRequired\":true,\"valueName\":\"search_term_string\"}}],\"inLanguage\":\"fr-FR\"},{\"@type\":\"Organization\",\"@id\":\"https:\\\/\\\/www.webdo.tn\\\/fr\\\/#organization\",\"name\":\"Webdo\",\"alternateName\":\"Webdo.tn\",\"url\":\"https:\\\/\\\/www.webdo.tn\\\/fr\\\/\",\"logo\":{\"@type\":\"ImageObject\",\"inLanguage\":\"fr-FR\",\"@id\":\"https:\\\/\\\/www.webdo.tn\\\/fr\\\/#\\\/schema\\\/logo\\\/image\\\/\",\"url\":\"https:\\\/\\\/www.webdo.tn\\\/fr\\\/wp-content\\\/uploads\\\/2025\\\/06\\\/Webdo-Tunisie_168377.jpg\",\"contentUrl\":\"https:\\\/\\\/www.webdo.tn\\\/fr\\\/wp-content\\\/uploads\\\/2025\\\/06\\\/Webdo-Tunisie_168377.jpg\",\"width\":301,\"height\":301,\"caption\":\"Webdo\"},\"image\":{\"@id\":\"https:\\\/\\\/www.webdo.tn\\\/fr\\\/#\\\/schema\\\/logo\\\/image\\\/\"},\"sameAs\":[\"https:\\\/\\\/www.facebook.com\\\/webdotn\",\"https:\\\/\\\/x.com\\\/webdo_tn\"],\"description\":\"Webdo est un m\u00e9dia num\u00e9rique tunisien fond\u00e9 en 2010, sp\u00e9cialis\u00e9 dans l\u2019actualit\u00e9 nationale et internationale, l\u2019\u00e9conomie, la soci\u00e9t\u00e9 et les analyses politiques. Le site s\u2019adresse \u00e0 un large public francophone et couvre l\u2019information tunisienne en temps r\u00e9el.\",\"email\":\"redac@webdo.tn\",\"legalName\":\"YNJ SARL\",\"foundingDate\":\"2010-09-06\",\"numberOfEmployees\":{\"@type\":\"QuantitativeValue\",\"minValue\":\"11\",\"maxValue\":\"50\"}},{\"@type\":\"Person\",\"@id\":\"https:\\\/\\\/www.webdo.tn\\\/fr\\\/#\\\/schema\\\/person\\\/6bc0beba2cd23aec27cb5df85ca2554f\",\"name\":\"Hatem Bourial\",\"image\":{\"@type\":\"ImageObject\",\"inLanguage\":\"fr-FR\",\"@id\":\"https:\\\/\\\/www.webdo.tn\\\/fr\\\/wp-content\\\/uploads\\\/2026\\\/04\\\/hatem-bourial_avatar-96x96.jpg\",\"url\":\"https:\\\/\\\/www.webdo.tn\\\/fr\\\/wp-content\\\/uploads\\\/2026\\\/04\\\/hatem-bourial_avatar-96x96.jpg\",\"contentUrl\":\"https:\\\/\\\/www.webdo.tn\\\/fr\\\/wp-content\\\/uploads\\\/2026\\\/04\\\/hatem-bourial_avatar-96x96.jpg\",\"caption\":\"Hatem Bourial\"},\"description\":\"Hatem Bourial est journaliste, \u00e9crivain et chroniqueur tunisien. Actif depuis plusieurs d\u00e9cennies, il s\u2019est impos\u00e9 comme un observateur attentif de la soci\u00e9t\u00e9 tunisienne, m\u00ealant dans ses \u00e9crits m\u00e9moire, culture et analyse du quotidien. Auteur de nombreux ouvrages, il d\u00e9veloppe une \u0153uvre \u00e0 la crois\u00e9e du r\u00e9cit, de la po\u00e9sie et de l\u2019observation sociologique. Parall\u00e8lement \u00e0 ses contributions dans la presse, il intervient r\u00e9guli\u00e8rement \u00e0 la radio et dans des espaces culturels, o\u00f9 il explore les enjeux li\u00e9s au patrimoine, \u00e0 l\u2019identit\u00e9 et aux transformations du monde contemporain. \u00c0 travers ses chroniques, Hatem Bourial propose une lecture sensible et approfondie de l\u2019actualit\u00e9, nourrie par une exp\u00e9rience journalistique et litt\u00e9raire reconnue. \ud83d\udd17 Facebook : https:\\\/\\\/www.facebook.com\\\/hatem.bourial.2025\",\"sameAs\":[\"https:\\\/\\\/www.facebook.com\\\/hatem.bourial.2025\",\"https:\\\/\\\/fr.wikipedia.org\\\/wiki\\\/Fichier:Hatem_Bourial.jpg\"],\"knowsAbout\":[\"Culture & patrimoine tunisien\",\"Chronique soci\u00e9tale\",\"Litt\u00e9rature & m\u00e9moire\",\"Cin\u00e9ma & critique culturelle\",\"Identit\u00e9 & mutations sociales\"],\"knowsLanguage\":[\"Arabe\",\"Fran\u00e7ais\",\"Anglais\",\"Italien\",\"Polonais\"],\"jobTitle\":\"Journaliste, \u00e9crivain et chroniqueur culturel\",\"worksFor\":\"Webdo\",\"url\":\"https:\\\/\\\/www.webdo.tn\\\/fr\\\/actualite\\\/author\\\/hatem-bourial-2\\\/\"}]}<\/script>\n<!-- \/ Yoast SEO Premium plugin. -->","yoast_head_json":{"title":"Nouvel an des arbres : Les oranges de Tou Bishvat","description":"En m'apportant deux oranges, Nadia ne savait pas qu'elle me faisait un cadeau id\u00e9al pour la f\u00eate de Tou Bishvat. Deux belles oranges, juteuses \u00e0 souhait et pro...","canonical":"https:\/\/www.webdo.tn\/fr\/actualite\/chroniques\/nouvel-an-des-arbres-les-oranges-de-tou-bishvat\/202696\/","og_locale":"fr_FR","og_type":"article","og_title":"Nouvel an des arbres : Les oranges de Tou Bishvat","og_description":"En m'apportant deux oranges, Nadia ne savait pas qu'elle me faisait un cadeau id\u00e9al pour la f\u00eate de Tou Bishvat. Deux belles oranges, juteuses \u00e0 souhait et pro...","og_url":"https:\/\/www.webdo.tn\/fr\/actualite\/chroniques\/nouvel-an-des-arbres-les-oranges-de-tou-bishvat\/202696\/","og_site_name":"webdo","article_publisher":"https:\/\/www.facebook.com\/webdotn","article_author":"https:\/\/www.facebook.com\/hatem.bourial.2025","article_published_time":"2023-02-08T10:11:00+00:00","article_modified_time":"2025-05-17T21:03:21+00:00","og_image":[{"width":720,"height":384,"url":"https:\/\/www.webdo.tn\/fr\/wp-content\/uploads\/2023\/02\/7a36ecf2269eb278627d8ccb5cd7e9d4.jpg","type":"image\/jpeg"}],"author":"Hatem Bourial","twitter_card":"summary_large_image","twitter_creator":"@webdo_tn","twitter_site":"@webdo_tn","twitter_misc":{"\u00c9crit par":"Hatem Bourial","Dur\u00e9e de lecture estim\u00e9e":"2 minutes"},"schema":{"@context":"https:\/\/schema.org","@graph":[{"@type":"NewsArticle","@id":"https:\/\/www.webdo.tn\/fr\/actualite\/chroniques\/nouvel-an-des-arbres-les-oranges-de-tou-bishvat\/202696\/#article","isPartOf":{"@id":"https:\/\/www.webdo.tn\/fr\/actualite\/chroniques\/nouvel-an-des-arbres-les-oranges-de-tou-bishvat\/202696\/"},"author":{"name":"Hatem Bourial","@id":"https:\/\/www.webdo.tn\/fr\/#\/schema\/person\/6bc0beba2cd23aec27cb5df85ca2554f"},"headline":"Nouvel an des arbres : Les oranges de Tou Bishvat","datePublished":"2023-02-08T10:11:00+00:00","dateModified":"2025-05-17T21:03:21+00:00","mainEntityOfPage":{"@id":"https:\/\/www.webdo.tn\/fr\/actualite\/chroniques\/nouvel-an-des-arbres-les-oranges-de-tou-bishvat\/202696\/"},"wordCount":329,"commentCount":0,"publisher":{"@id":"https:\/\/www.webdo.tn\/fr\/#organization"},"image":{"@id":"https:\/\/www.webdo.tn\/fr\/actualite\/chroniques\/nouvel-an-des-arbres-les-oranges-de-tou-bishvat\/202696\/#primaryimage"},"thumbnailUrl":"https:\/\/www.webdo.tn\/fr\/wp-content\/uploads\/2023\/02\/7a36ecf2269eb278627d8ccb5cd7e9d4.jpg","keywords":["Nouvel an des arbres","oranges","Tou Bishvat"],"articleSection":["Chroniques"],"inLanguage":"fr-FR"},{"@type":"WebPage","@id":"https:\/\/www.webdo.tn\/fr\/actualite\/chroniques\/nouvel-an-des-arbres-les-oranges-de-tou-bishvat\/202696\/","url":"https:\/\/www.webdo.tn\/fr\/actualite\/chroniques\/nouvel-an-des-arbres-les-oranges-de-tou-bishvat\/202696\/","name":"Nouvel an des arbres : Les oranges de Tou Bishvat","isPartOf":{"@id":"https:\/\/www.webdo.tn\/fr\/#website"},"primaryImageOfPage":{"@id":"https:\/\/www.webdo.tn\/fr\/actualite\/chroniques\/nouvel-an-des-arbres-les-oranges-de-tou-bishvat\/202696\/#primaryimage"},"image":{"@id":"https:\/\/www.webdo.tn\/fr\/actualite\/chroniques\/nouvel-an-des-arbres-les-oranges-de-tou-bishvat\/202696\/#primaryimage"},"thumbnailUrl":"https:\/\/www.webdo.tn\/fr\/wp-content\/uploads\/2023\/02\/7a36ecf2269eb278627d8ccb5cd7e9d4.jpg","datePublished":"2023-02-08T10:11:00+00:00","dateModified":"2025-05-17T21:03:21+00:00","description":"En m'apportant deux oranges, Nadia ne savait pas qu'elle me faisait un cadeau id\u00e9al pour la f\u00eate de Tou Bishvat. Deux belles oranges, juteuses \u00e0 souhait et pro...","breadcrumb":{"@id":"https:\/\/www.webdo.tn\/fr\/actualite\/chroniques\/nouvel-an-des-arbres-les-oranges-de-tou-bishvat\/202696\/#breadcrumb"},"inLanguage":"fr-FR","potentialAction":[{"@type":"ReadAction","target":["https:\/\/www.webdo.tn\/fr\/actualite\/chroniques\/nouvel-an-des-arbres-les-oranges-de-tou-bishvat\/202696\/"]}]},{"@type":"ImageObject","inLanguage":"fr-FR","@id":"https:\/\/www.webdo.tn\/fr\/actualite\/chroniques\/nouvel-an-des-arbres-les-oranges-de-tou-bishvat\/202696\/#primaryimage","url":"https:\/\/www.webdo.tn\/fr\/wp-content\/uploads\/2023\/02\/7a36ecf2269eb278627d8ccb5cd7e9d4.jpg","contentUrl":"https:\/\/www.webdo.tn\/fr\/wp-content\/uploads\/2023\/02\/7a36ecf2269eb278627d8ccb5cd7e9d4.jpg","width":720,"height":384,"caption":"Nouvel an des arbres : Les oranges de Tou Bishvat"},{"@type":"BreadcrumbList","@id":"https:\/\/www.webdo.tn\/fr\/actualite\/chroniques\/nouvel-an-des-arbres-les-oranges-de-tou-bishvat\/202696\/#breadcrumb","itemListElement":[{"@type":"ListItem","position":1,"name":"Accueil","item":"https:\/\/www.webdo.tn\/fr\/"},{"@type":"ListItem","position":2,"name":"Nouvel an des arbres : Les oranges de Tou Bishvat"}]},{"@type":"WebSite","@id":"https:\/\/www.webdo.tn\/fr\/#website","url":"https:\/\/www.webdo.tn\/fr\/","name":"webdo","description":"Tunisie - News en Tunisie et \u00e0 l&#039;international sur Webdo.tn","publisher":{"@id":"https:\/\/www.webdo.tn\/fr\/#organization"},"potentialAction":[{"@type":"SearchAction","target":{"@type":"EntryPoint","urlTemplate":"https:\/\/www.webdo.tn\/fr\/?s={search_term_string}"},"query-input":{"@type":"PropertyValueSpecification","valueRequired":true,"valueName":"search_term_string"}}],"inLanguage":"fr-FR"},{"@type":"Organization","@id":"https:\/\/www.webdo.tn\/fr\/#organization","name":"Webdo","alternateName":"Webdo.tn","url":"https:\/\/www.webdo.tn\/fr\/","logo":{"@type":"ImageObject","inLanguage":"fr-FR","@id":"https:\/\/www.webdo.tn\/fr\/#\/schema\/logo\/image\/","url":"https:\/\/www.webdo.tn\/fr\/wp-content\/uploads\/2025\/06\/Webdo-Tunisie_168377.jpg","contentUrl":"https:\/\/www.webdo.tn\/fr\/wp-content\/uploads\/2025\/06\/Webdo-Tunisie_168377.jpg","width":301,"height":301,"caption":"Webdo"},"image":{"@id":"https:\/\/www.webdo.tn\/fr\/#\/schema\/logo\/image\/"},"sameAs":["https:\/\/www.facebook.com\/webdotn","https:\/\/x.com\/webdo_tn"],"description":"Webdo est un m\u00e9dia num\u00e9rique tunisien fond\u00e9 en 2010, sp\u00e9cialis\u00e9 dans l\u2019actualit\u00e9 nationale et internationale, l\u2019\u00e9conomie, la soci\u00e9t\u00e9 et les analyses politiques. Le site s\u2019adresse \u00e0 un large public francophone et couvre l\u2019information tunisienne en temps r\u00e9el.","email":"redac@webdo.tn","legalName":"YNJ SARL","foundingDate":"2010-09-06","numberOfEmployees":{"@type":"QuantitativeValue","minValue":"11","maxValue":"50"}},{"@type":"Person","@id":"https:\/\/www.webdo.tn\/fr\/#\/schema\/person\/6bc0beba2cd23aec27cb5df85ca2554f","name":"Hatem Bourial","image":{"@type":"ImageObject","inLanguage":"fr-FR","@id":"https:\/\/www.webdo.tn\/fr\/wp-content\/uploads\/2026\/04\/hatem-bourial_avatar-96x96.jpg","url":"https:\/\/www.webdo.tn\/fr\/wp-content\/uploads\/2026\/04\/hatem-bourial_avatar-96x96.jpg","contentUrl":"https:\/\/www.webdo.tn\/fr\/wp-content\/uploads\/2026\/04\/hatem-bourial_avatar-96x96.jpg","caption":"Hatem Bourial"},"description":"Hatem Bourial est journaliste, \u00e9crivain et chroniqueur tunisien. Actif depuis plusieurs d\u00e9cennies, il s\u2019est impos\u00e9 comme un observateur attentif de la soci\u00e9t\u00e9 tunisienne, m\u00ealant dans ses \u00e9crits m\u00e9moire, culture et analyse du quotidien. Auteur de nombreux ouvrages, il d\u00e9veloppe une \u0153uvre \u00e0 la crois\u00e9e du r\u00e9cit, de la po\u00e9sie et de l\u2019observation sociologique. Parall\u00e8lement \u00e0 ses contributions dans la presse, il intervient r\u00e9guli\u00e8rement \u00e0 la radio et dans des espaces culturels, o\u00f9 il explore les enjeux li\u00e9s au patrimoine, \u00e0 l\u2019identit\u00e9 et aux transformations du monde contemporain. \u00c0 travers ses chroniques, Hatem Bourial propose une lecture sensible et approfondie de l\u2019actualit\u00e9, nourrie par une exp\u00e9rience journalistique et litt\u00e9raire reconnue. \ud83d\udd17 Facebook : https:\/\/www.facebook.com\/hatem.bourial.2025","sameAs":["https:\/\/www.facebook.com\/hatem.bourial.2025","https:\/\/fr.wikipedia.org\/wiki\/Fichier:Hatem_Bourial.jpg"],"knowsAbout":["Culture & patrimoine tunisien","Chronique soci\u00e9tale","Litt\u00e9rature & m\u00e9moire","Cin\u00e9ma & critique culturelle","Identit\u00e9 & mutations sociales"],"knowsLanguage":["Arabe","Fran\u00e7ais","Anglais","Italien","Polonais"],"jobTitle":"Journaliste, \u00e9crivain et chroniqueur culturel","worksFor":"Webdo","url":"https:\/\/www.webdo.tn\/fr\/actualite\/author\/hatem-bourial-2\/"}]}},"_links":{"self":[{"href":"https:\/\/www.webdo.tn\/fr\/wp-json\/wp\/v2\/posts\/202696","targetHints":{"allow":["GET"]}}],"collection":[{"href":"https:\/\/www.webdo.tn\/fr\/wp-json\/wp\/v2\/posts"}],"about":[{"href":"https:\/\/www.webdo.tn\/fr\/wp-json\/wp\/v2\/types\/post"}],"author":[{"embeddable":true,"href":"https:\/\/www.webdo.tn\/fr\/wp-json\/wp\/v2\/users\/3229"}],"replies":[{"embeddable":true,"href":"https:\/\/www.webdo.tn\/fr\/wp-json\/wp\/v2\/comments?post=202696"}],"version-history":[{"count":0,"href":"https:\/\/www.webdo.tn\/fr\/wp-json\/wp\/v2\/posts\/202696\/revisions"}],"wp:featuredmedia":[{"embeddable":true,"href":"https:\/\/www.webdo.tn\/fr\/wp-json\/wp\/v2\/media\/277706"}],"wp:attachment":[{"href":"https:\/\/www.webdo.tn\/fr\/wp-json\/wp\/v2\/media?parent=202696"}],"wp:term":[{"taxonomy":"category","embeddable":true,"href":"https:\/\/www.webdo.tn\/fr\/wp-json\/wp\/v2\/categories?post=202696"},{"taxonomy":"post_tag","embeddable":true,"href":"https:\/\/www.webdo.tn\/fr\/wp-json\/wp\/v2\/tags?post=202696"}],"curies":[{"name":"wp","href":"https:\/\/api.w.org\/{rel}","templated":true}]}}