{"id":202694,"date":"2023-02-08T09:44:00","date_gmt":"2023-02-08T09:44:00","guid":{"rendered":"https:\/\/www.webdo.tn\/fr\/blog\/le-bilan-des-seismes-en-turquie-et-en-syrie-s-alourdit-a-9500-morts\/202694\/"},"modified":"2025-05-20T22:07:24","modified_gmt":"2025-05-20T22:07:24","slug":"le-bilan-des-seismes-en-turquie-et-en-syrie-s-alourdit-a-9500-morts","status":"publish","type":"post","link":"https:\/\/www.webdo.tn\/fr\/actualite\/international\/le-bilan-des-seismes-en-turquie-et-en-syrie-s-alourdit-a-9500-morts\/202694\/","title":{"rendered":"Le bilan des s\u00e9ismes en Turquie et en Syrie s\u2019alourdit \u00e0 9500 morts"},"content":{"rendered":"<p>C\u2019est la course contre la montre et le froid en Turquie et dans le nord de la Syrie pour tenter de porter secours aux rescap\u00e9s et extirper des survivants des deux violents s\u00e9ismes qui ont ravag\u00e9 la r\u00e9gion lundi. Le bilan des victimes, toujours provisoire, s\u2019alourdit d\u2019heure en heure.<\/p>\n<p>\t\t\t\t\t\t\t\t\tLe bilan enregistr\u00e9 fait d\u00e9sormais \u00e9tat de 9504 morts en Turquie et en Syrie selon les bilans officiels communiqu\u00e9s aujourd\u2019hui. Le d\u00e9compte des morts s&rsquo;y \u00e9tablit pour le moment \u00e0 6957 morts en Turquie, selon l&rsquo;Afad, organisme de secours turc.<\/p>\n<p>En Syrie, 2547 morts ont pour l&rsquo;instant \u00e9t\u00e9 recens\u00e9s. Plus de 25.000 bless\u00e9s dont 20.000 en Turquie ont \u00e9galement \u00e9t\u00e9 recens\u00e9s.<\/p>\n<p>L\u2019Organisation mondiale de la sant\u00e9 (OMS) a dit s\u2019attendre au pire et redouter \u00ab des bilans huit fois plus \u00e9lev\u00e9s que les nombres initiaux \u00bb.<\/p>\n","protected":false},"excerpt":{"rendered":"<p>C\u2019est la course contre la montre et le froid en Turquie et dans le nord de la Syrie pour tenter de porter secours aux rescap\u00e9s et extirper des survivants des de&#8230;<\/p>\n","protected":false},"author":3162,"featured_media":277704,"comment_status":"open","ping_status":"closed","sticky":false,"template":"","format":"standard","meta":{"footnotes":""},"categories":[2598],"tags":[5941,7271,3504,3550],"class_list":["post-202694","post","type-post","status-publish","format-standard","has-post-thumbnail","hentry","category-international","tag-bilan","tag-seisme","tag-syrie","tag-turquie"],"yoast_head":"<!-- This site is optimized with the Yoast SEO Premium plugin v27.4 (Yoast SEO v27.5) - https:\/\/yoast.com\/product\/yoast-seo-premium-wordpress\/ -->\n<title>Le bilan des s\u00e9ismes en Turquie et en Syrie s\u2019alourdit \u00e0 9500 morts<\/title>\n<meta name=\"description\" content=\"C\u2019est la course contre la montre et le froid en Turquie et dans le nord de la Syrie pour tenter de porter secours aux rescap\u00e9s et extirper des survivants des de...\" \/>\n<link rel=\"canonical\" href=\"https:\/\/www.webdo.tn\/fr\/actualite\/international\/le-bilan-des-seismes-en-turquie-et-en-syrie-s-alourdit-a-9500-morts\/202694\/\" \/>\n<meta property=\"og:locale\" content=\"fr_FR\" \/>\n<meta property=\"og:type\" content=\"article\" \/>\n<meta property=\"og:title\" content=\"Le bilan des s\u00e9ismes en Turquie et en Syrie s\u2019alourdit \u00e0 9500 morts\" \/>\n<meta property=\"og:description\" content=\"C\u2019est la course contre la montre et le froid en Turquie et dans le nord de la Syrie pour tenter de porter secours aux rescap\u00e9s et extirper des survivants des de...\" \/>\n<meta property=\"og:url\" content=\"https:\/\/www.webdo.tn\/fr\/actualite\/international\/le-bilan-des-seismes-en-turquie-et-en-syrie-s-alourdit-a-9500-morts\/202694\/\" \/>\n<meta property=\"og:site_name\" content=\"webdo\" \/>\n<meta property=\"article:publisher\" content=\"https:\/\/www.facebook.com\/webdotn\" \/>\n<meta property=\"article:published_time\" content=\"2023-02-08T09:44:00+00:00\" \/>\n<meta property=\"article:modified_time\" content=\"2025-05-20T22:07:24+00:00\" \/>\n<meta property=\"og:image\" content=\"https:\/\/www.webdo.tn\/fr\/wp-content\/uploads\/2023\/02\/e668735c9be5d1504af382a6768aa129.jpg\" \/>\n\t<meta property=\"og:image:width\" content=\"750\" \/>\n\t<meta property=\"og:image:height\" content=\"400\" \/>\n\t<meta property=\"og:image:type\" content=\"image\/jpeg\" \/>\n<meta name=\"author\" content=\"MC\" \/>\n<meta name=\"twitter:card\" content=\"summary_large_image\" \/>\n<meta name=\"twitter:creator\" content=\"@webdo_tn\" \/>\n<meta name=\"twitter:site\" content=\"@webdo_tn\" \/>\n<meta name=\"twitter:label1\" content=\"\u00c9crit par\" \/>\n\t<meta name=\"twitter:data1\" content=\"MC\" \/>\n\t<meta name=\"twitter:label2\" content=\"Dur\u00e9e de lecture estim\u00e9e\" \/>\n\t<meta name=\"twitter:data2\" content=\"1 minute\" \/>\n<script type=\"application\/ld+json\" class=\"yoast-schema-graph\">{\"@context\":\"https:\\\/\\\/schema.org\",\"@graph\":[{\"@type\":\"NewsArticle\",\"@id\":\"https:\\\/\\\/www.webdo.tn\\\/fr\\\/actualite\\\/international\\\/le-bilan-des-seismes-en-turquie-et-en-syrie-s-alourdit-a-9500-morts\\\/202694\\\/#article\",\"isPartOf\":{\"@id\":\"https:\\\/\\\/www.webdo.tn\\\/fr\\\/actualite\\\/international\\\/le-bilan-des-seismes-en-turquie-et-en-syrie-s-alourdit-a-9500-morts\\\/202694\\\/\"},\"author\":{\"name\":\"MC\",\"@id\":\"https:\\\/\\\/www.webdo.tn\\\/fr\\\/#\\\/schema\\\/person\\\/2c4929cbf5a809e3bd38617c6ce150f6\"},\"headline\":\"Le bilan des s\u00e9ismes en Turquie et en Syrie s\u2019alourdit \u00e0 9500 morts\",\"datePublished\":\"2023-02-08T09:44:00+00:00\",\"dateModified\":\"2025-05-20T22:07:24+00:00\",\"mainEntityOfPage\":{\"@id\":\"https:\\\/\\\/www.webdo.tn\\\/fr\\\/actualite\\\/international\\\/le-bilan-des-seismes-en-turquie-et-en-syrie-s-alourdit-a-9500-morts\\\/202694\\\/\"},\"wordCount\":159,\"commentCount\":0,\"publisher\":{\"@id\":\"https:\\\/\\\/www.webdo.tn\\\/fr\\\/#organization\"},\"image\":{\"@id\":\"https:\\\/\\\/www.webdo.tn\\\/fr\\\/actualite\\\/international\\\/le-bilan-des-seismes-en-turquie-et-en-syrie-s-alourdit-a-9500-morts\\\/202694\\\/#primaryimage\"},\"thumbnailUrl\":\"https:\\\/\\\/www.webdo.tn\\\/fr\\\/wp-content\\\/uploads\\\/2023\\\/02\\\/e668735c9be5d1504af382a6768aa129.jpg\",\"keywords\":[\"bilan\",\"s\u00e9isme\",\"syrie\",\"Turquie\"],\"articleSection\":[\"International\"],\"inLanguage\":\"fr-FR\"},{\"@type\":\"WebPage\",\"@id\":\"https:\\\/\\\/www.webdo.tn\\\/fr\\\/actualite\\\/international\\\/le-bilan-des-seismes-en-turquie-et-en-syrie-s-alourdit-a-9500-morts\\\/202694\\\/\",\"url\":\"https:\\\/\\\/www.webdo.tn\\\/fr\\\/actualite\\\/international\\\/le-bilan-des-seismes-en-turquie-et-en-syrie-s-alourdit-a-9500-morts\\\/202694\\\/\",\"name\":\"Le bilan des s\u00e9ismes en Turquie et en Syrie s\u2019alourdit \u00e0 9500 morts\",\"isPartOf\":{\"@id\":\"https:\\\/\\\/www.webdo.tn\\\/fr\\\/#website\"},\"primaryImageOfPage\":{\"@id\":\"https:\\\/\\\/www.webdo.tn\\\/fr\\\/actualite\\\/international\\\/le-bilan-des-seismes-en-turquie-et-en-syrie-s-alourdit-a-9500-morts\\\/202694\\\/#primaryimage\"},\"image\":{\"@id\":\"https:\\\/\\\/www.webdo.tn\\\/fr\\\/actualite\\\/international\\\/le-bilan-des-seismes-en-turquie-et-en-syrie-s-alourdit-a-9500-morts\\\/202694\\\/#primaryimage\"},\"thumbnailUrl\":\"https:\\\/\\\/www.webdo.tn\\\/fr\\\/wp-content\\\/uploads\\\/2023\\\/02\\\/e668735c9be5d1504af382a6768aa129.jpg\",\"datePublished\":\"2023-02-08T09:44:00+00:00\",\"dateModified\":\"2025-05-20T22:07:24+00:00\",\"description\":\"C\u2019est la course contre la montre et le froid en Turquie et dans le nord de la Syrie pour tenter de porter secours aux rescap\u00e9s et extirper des survivants des de...\",\"breadcrumb\":{\"@id\":\"https:\\\/\\\/www.webdo.tn\\\/fr\\\/actualite\\\/international\\\/le-bilan-des-seismes-en-turquie-et-en-syrie-s-alourdit-a-9500-morts\\\/202694\\\/#breadcrumb\"},\"inLanguage\":\"fr-FR\",\"potentialAction\":[{\"@type\":\"ReadAction\",\"target\":[\"https:\\\/\\\/www.webdo.tn\\\/fr\\\/actualite\\\/international\\\/le-bilan-des-seismes-en-turquie-et-en-syrie-s-alourdit-a-9500-morts\\\/202694\\\/\"]}]},{\"@type\":\"ImageObject\",\"inLanguage\":\"fr-FR\",\"@id\":\"https:\\\/\\\/www.webdo.tn\\\/fr\\\/actualite\\\/international\\\/le-bilan-des-seismes-en-turquie-et-en-syrie-s-alourdit-a-9500-morts\\\/202694\\\/#primaryimage\",\"url\":\"https:\\\/\\\/www.webdo.tn\\\/fr\\\/wp-content\\\/uploads\\\/2023\\\/02\\\/e668735c9be5d1504af382a6768aa129.jpg\",\"contentUrl\":\"https:\\\/\\\/www.webdo.tn\\\/fr\\\/wp-content\\\/uploads\\\/2023\\\/02\\\/e668735c9be5d1504af382a6768aa129.jpg\",\"width\":750,\"height\":400,\"caption\":\"Le bilan des s\u00e9ismes en Turquie et en Syrie s\u2019alourdit \u00e0 9500 morts\"},{\"@type\":\"BreadcrumbList\",\"@id\":\"https:\\\/\\\/www.webdo.tn\\\/fr\\\/actualite\\\/international\\\/le-bilan-des-seismes-en-turquie-et-en-syrie-s-alourdit-a-9500-morts\\\/202694\\\/#breadcrumb\",\"itemListElement\":[{\"@type\":\"ListItem\",\"position\":1,\"name\":\"Accueil\",\"item\":\"https:\\\/\\\/www.webdo.tn\\\/fr\\\/\"},{\"@type\":\"ListItem\",\"position\":2,\"name\":\"Le bilan des s\u00e9ismes en Turquie et en Syrie s\u2019alourdit \u00e0 9500 morts\"}]},{\"@type\":\"WebSite\",\"@id\":\"https:\\\/\\\/www.webdo.tn\\\/fr\\\/#website\",\"url\":\"https:\\\/\\\/www.webdo.tn\\\/fr\\\/\",\"name\":\"webdo\",\"description\":\"Tunisie - News en Tunisie et \u00e0 l&#039;international sur Webdo.tn\",\"publisher\":{\"@id\":\"https:\\\/\\\/www.webdo.tn\\\/fr\\\/#organization\"},\"potentialAction\":[{\"@type\":\"SearchAction\",\"target\":{\"@type\":\"EntryPoint\",\"urlTemplate\":\"https:\\\/\\\/www.webdo.tn\\\/fr\\\/?s={search_term_string}\"},\"query-input\":{\"@type\":\"PropertyValueSpecification\",\"valueRequired\":true,\"valueName\":\"search_term_string\"}}],\"inLanguage\":\"fr-FR\"},{\"@type\":\"Organization\",\"@id\":\"https:\\\/\\\/www.webdo.tn\\\/fr\\\/#organization\",\"name\":\"Webdo\",\"alternateName\":\"Webdo.tn\",\"url\":\"https:\\\/\\\/www.webdo.tn\\\/fr\\\/\",\"logo\":{\"@type\":\"ImageObject\",\"inLanguage\":\"fr-FR\",\"@id\":\"https:\\\/\\\/www.webdo.tn\\\/fr\\\/#\\\/schema\\\/logo\\\/image\\\/\",\"url\":\"https:\\\/\\\/www.webdo.tn\\\/fr\\\/wp-content\\\/uploads\\\/2025\\\/06\\\/Webdo-Tunisie_168377.jpg\",\"contentUrl\":\"https:\\\/\\\/www.webdo.tn\\\/fr\\\/wp-content\\\/uploads\\\/2025\\\/06\\\/Webdo-Tunisie_168377.jpg\",\"width\":301,\"height\":301,\"caption\":\"Webdo\"},\"image\":{\"@id\":\"https:\\\/\\\/www.webdo.tn\\\/fr\\\/#\\\/schema\\\/logo\\\/image\\\/\"},\"sameAs\":[\"https:\\\/\\\/www.facebook.com\\\/webdotn\",\"https:\\\/\\\/x.com\\\/webdo_tn\"],\"description\":\"Webdo est un m\u00e9dia num\u00e9rique tunisien fond\u00e9 en 2010, sp\u00e9cialis\u00e9 dans l\u2019actualit\u00e9 nationale et internationale, l\u2019\u00e9conomie, la soci\u00e9t\u00e9 et les analyses politiques. Le site s\u2019adresse \u00e0 un large public francophone et couvre l\u2019information tunisienne en temps r\u00e9el.\",\"email\":\"redac@webdo.tn\",\"legalName\":\"YNJ SARL\",\"foundingDate\":\"2010-09-06\",\"numberOfEmployees\":{\"@type\":\"QuantitativeValue\",\"minValue\":\"11\",\"maxValue\":\"50\"}},{\"@type\":\"Person\",\"@id\":\"https:\\\/\\\/www.webdo.tn\\\/fr\\\/#\\\/schema\\\/person\\\/2c4929cbf5a809e3bd38617c6ce150f6\",\"name\":\"MC\",\"image\":{\"@type\":\"ImageObject\",\"inLanguage\":\"fr-FR\",\"@id\":\"https:\\\/\\\/secure.gravatar.com\\\/avatar\\\/a545bbb6f84efdd5553dbbc2895e3ca8f1d12c5215e00a041c9670b54aa9b18a?s=96&d=mm&r=g\",\"url\":\"https:\\\/\\\/secure.gravatar.com\\\/avatar\\\/a545bbb6f84efdd5553dbbc2895e3ca8f1d12c5215e00a041c9670b54aa9b18a?s=96&d=mm&r=g\",\"contentUrl\":\"https:\\\/\\\/secure.gravatar.com\\\/avatar\\\/a545bbb6f84efdd5553dbbc2895e3ca8f1d12c5215e00a041c9670b54aa9b18a?s=96&d=mm&r=g\",\"caption\":\"MC\"},\"url\":\"https:\\\/\\\/www.webdo.tn\\\/fr\\\/actualite\\\/author\\\/mc\\\/\"}]}<\/script>\n<!-- \/ Yoast SEO Premium plugin. -->","yoast_head_json":{"title":"Le bilan des s\u00e9ismes en Turquie et en Syrie s\u2019alourdit \u00e0 9500 morts","description":"C\u2019est la course contre la montre et le froid en Turquie et dans le nord de la Syrie pour tenter de porter secours aux rescap\u00e9s et extirper des survivants des de...","canonical":"https:\/\/www.webdo.tn\/fr\/actualite\/international\/le-bilan-des-seismes-en-turquie-et-en-syrie-s-alourdit-a-9500-morts\/202694\/","og_locale":"fr_FR","og_type":"article","og_title":"Le bilan des s\u00e9ismes en Turquie et en Syrie s\u2019alourdit \u00e0 9500 morts","og_description":"C\u2019est la course contre la montre et le froid en Turquie et dans le nord de la Syrie pour tenter de porter secours aux rescap\u00e9s et extirper des survivants des de...","og_url":"https:\/\/www.webdo.tn\/fr\/actualite\/international\/le-bilan-des-seismes-en-turquie-et-en-syrie-s-alourdit-a-9500-morts\/202694\/","og_site_name":"webdo","article_publisher":"https:\/\/www.facebook.com\/webdotn","article_published_time":"2023-02-08T09:44:00+00:00","article_modified_time":"2025-05-20T22:07:24+00:00","og_image":[{"width":750,"height":400,"url":"https:\/\/www.webdo.tn\/fr\/wp-content\/uploads\/2023\/02\/e668735c9be5d1504af382a6768aa129.jpg","type":"image\/jpeg"}],"author":"MC","twitter_card":"summary_large_image","twitter_creator":"@webdo_tn","twitter_site":"@webdo_tn","twitter_misc":{"\u00c9crit par":"MC","Dur\u00e9e de lecture estim\u00e9e":"1 minute"},"schema":{"@context":"https:\/\/schema.org","@graph":[{"@type":"NewsArticle","@id":"https:\/\/www.webdo.tn\/fr\/actualite\/international\/le-bilan-des-seismes-en-turquie-et-en-syrie-s-alourdit-a-9500-morts\/202694\/#article","isPartOf":{"@id":"https:\/\/www.webdo.tn\/fr\/actualite\/international\/le-bilan-des-seismes-en-turquie-et-en-syrie-s-alourdit-a-9500-morts\/202694\/"},"author":{"name":"MC","@id":"https:\/\/www.webdo.tn\/fr\/#\/schema\/person\/2c4929cbf5a809e3bd38617c6ce150f6"},"headline":"Le bilan des s\u00e9ismes en Turquie et en Syrie s\u2019alourdit \u00e0 9500 morts","datePublished":"2023-02-08T09:44:00+00:00","dateModified":"2025-05-20T22:07:24+00:00","mainEntityOfPage":{"@id":"https:\/\/www.webdo.tn\/fr\/actualite\/international\/le-bilan-des-seismes-en-turquie-et-en-syrie-s-alourdit-a-9500-morts\/202694\/"},"wordCount":159,"commentCount":0,"publisher":{"@id":"https:\/\/www.webdo.tn\/fr\/#organization"},"image":{"@id":"https:\/\/www.webdo.tn\/fr\/actualite\/international\/le-bilan-des-seismes-en-turquie-et-en-syrie-s-alourdit-a-9500-morts\/202694\/#primaryimage"},"thumbnailUrl":"https:\/\/www.webdo.tn\/fr\/wp-content\/uploads\/2023\/02\/e668735c9be5d1504af382a6768aa129.jpg","keywords":["bilan","s\u00e9isme","syrie","Turquie"],"articleSection":["International"],"inLanguage":"fr-FR"},{"@type":"WebPage","@id":"https:\/\/www.webdo.tn\/fr\/actualite\/international\/le-bilan-des-seismes-en-turquie-et-en-syrie-s-alourdit-a-9500-morts\/202694\/","url":"https:\/\/www.webdo.tn\/fr\/actualite\/international\/le-bilan-des-seismes-en-turquie-et-en-syrie-s-alourdit-a-9500-morts\/202694\/","name":"Le bilan des s\u00e9ismes en Turquie et en Syrie s\u2019alourdit \u00e0 9500 morts","isPartOf":{"@id":"https:\/\/www.webdo.tn\/fr\/#website"},"primaryImageOfPage":{"@id":"https:\/\/www.webdo.tn\/fr\/actualite\/international\/le-bilan-des-seismes-en-turquie-et-en-syrie-s-alourdit-a-9500-morts\/202694\/#primaryimage"},"image":{"@id":"https:\/\/www.webdo.tn\/fr\/actualite\/international\/le-bilan-des-seismes-en-turquie-et-en-syrie-s-alourdit-a-9500-morts\/202694\/#primaryimage"},"thumbnailUrl":"https:\/\/www.webdo.tn\/fr\/wp-content\/uploads\/2023\/02\/e668735c9be5d1504af382a6768aa129.jpg","datePublished":"2023-02-08T09:44:00+00:00","dateModified":"2025-05-20T22:07:24+00:00","description":"C\u2019est la course contre la montre et le froid en Turquie et dans le nord de la Syrie pour tenter de porter secours aux rescap\u00e9s et extirper des survivants des de...","breadcrumb":{"@id":"https:\/\/www.webdo.tn\/fr\/actualite\/international\/le-bilan-des-seismes-en-turquie-et-en-syrie-s-alourdit-a-9500-morts\/202694\/#breadcrumb"},"inLanguage":"fr-FR","potentialAction":[{"@type":"ReadAction","target":["https:\/\/www.webdo.tn\/fr\/actualite\/international\/le-bilan-des-seismes-en-turquie-et-en-syrie-s-alourdit-a-9500-morts\/202694\/"]}]},{"@type":"ImageObject","inLanguage":"fr-FR","@id":"https:\/\/www.webdo.tn\/fr\/actualite\/international\/le-bilan-des-seismes-en-turquie-et-en-syrie-s-alourdit-a-9500-morts\/202694\/#primaryimage","url":"https:\/\/www.webdo.tn\/fr\/wp-content\/uploads\/2023\/02\/e668735c9be5d1504af382a6768aa129.jpg","contentUrl":"https:\/\/www.webdo.tn\/fr\/wp-content\/uploads\/2023\/02\/e668735c9be5d1504af382a6768aa129.jpg","width":750,"height":400,"caption":"Le bilan des s\u00e9ismes en Turquie et en Syrie s\u2019alourdit \u00e0 9500 morts"},{"@type":"BreadcrumbList","@id":"https:\/\/www.webdo.tn\/fr\/actualite\/international\/le-bilan-des-seismes-en-turquie-et-en-syrie-s-alourdit-a-9500-morts\/202694\/#breadcrumb","itemListElement":[{"@type":"ListItem","position":1,"name":"Accueil","item":"https:\/\/www.webdo.tn\/fr\/"},{"@type":"ListItem","position":2,"name":"Le bilan des s\u00e9ismes en Turquie et en Syrie s\u2019alourdit \u00e0 9500 morts"}]},{"@type":"WebSite","@id":"https:\/\/www.webdo.tn\/fr\/#website","url":"https:\/\/www.webdo.tn\/fr\/","name":"webdo","description":"Tunisie - News en Tunisie et \u00e0 l&#039;international sur Webdo.tn","publisher":{"@id":"https:\/\/www.webdo.tn\/fr\/#organization"},"potentialAction":[{"@type":"SearchAction","target":{"@type":"EntryPoint","urlTemplate":"https:\/\/www.webdo.tn\/fr\/?s={search_term_string}"},"query-input":{"@type":"PropertyValueSpecification","valueRequired":true,"valueName":"search_term_string"}}],"inLanguage":"fr-FR"},{"@type":"Organization","@id":"https:\/\/www.webdo.tn\/fr\/#organization","name":"Webdo","alternateName":"Webdo.tn","url":"https:\/\/www.webdo.tn\/fr\/","logo":{"@type":"ImageObject","inLanguage":"fr-FR","@id":"https:\/\/www.webdo.tn\/fr\/#\/schema\/logo\/image\/","url":"https:\/\/www.webdo.tn\/fr\/wp-content\/uploads\/2025\/06\/Webdo-Tunisie_168377.jpg","contentUrl":"https:\/\/www.webdo.tn\/fr\/wp-content\/uploads\/2025\/06\/Webdo-Tunisie_168377.jpg","width":301,"height":301,"caption":"Webdo"},"image":{"@id":"https:\/\/www.webdo.tn\/fr\/#\/schema\/logo\/image\/"},"sameAs":["https:\/\/www.facebook.com\/webdotn","https:\/\/x.com\/webdo_tn"],"description":"Webdo est un m\u00e9dia num\u00e9rique tunisien fond\u00e9 en 2010, sp\u00e9cialis\u00e9 dans l\u2019actualit\u00e9 nationale et internationale, l\u2019\u00e9conomie, la soci\u00e9t\u00e9 et les analyses politiques. Le site s\u2019adresse \u00e0 un large public francophone et couvre l\u2019information tunisienne en temps r\u00e9el.","email":"redac@webdo.tn","legalName":"YNJ SARL","foundingDate":"2010-09-06","numberOfEmployees":{"@type":"QuantitativeValue","minValue":"11","maxValue":"50"}},{"@type":"Person","@id":"https:\/\/www.webdo.tn\/fr\/#\/schema\/person\/2c4929cbf5a809e3bd38617c6ce150f6","name":"MC","image":{"@type":"ImageObject","inLanguage":"fr-FR","@id":"https:\/\/secure.gravatar.com\/avatar\/a545bbb6f84efdd5553dbbc2895e3ca8f1d12c5215e00a041c9670b54aa9b18a?s=96&d=mm&r=g","url":"https:\/\/secure.gravatar.com\/avatar\/a545bbb6f84efdd5553dbbc2895e3ca8f1d12c5215e00a041c9670b54aa9b18a?s=96&d=mm&r=g","contentUrl":"https:\/\/secure.gravatar.com\/avatar\/a545bbb6f84efdd5553dbbc2895e3ca8f1d12c5215e00a041c9670b54aa9b18a?s=96&d=mm&r=g","caption":"MC"},"url":"https:\/\/www.webdo.tn\/fr\/actualite\/author\/mc\/"}]}},"_links":{"self":[{"href":"https:\/\/www.webdo.tn\/fr\/wp-json\/wp\/v2\/posts\/202694","targetHints":{"allow":["GET"]}}],"collection":[{"href":"https:\/\/www.webdo.tn\/fr\/wp-json\/wp\/v2\/posts"}],"about":[{"href":"https:\/\/www.webdo.tn\/fr\/wp-json\/wp\/v2\/types\/post"}],"author":[{"embeddable":true,"href":"https:\/\/www.webdo.tn\/fr\/wp-json\/wp\/v2\/users\/3162"}],"replies":[{"embeddable":true,"href":"https:\/\/www.webdo.tn\/fr\/wp-json\/wp\/v2\/comments?post=202694"}],"version-history":[{"count":0,"href":"https:\/\/www.webdo.tn\/fr\/wp-json\/wp\/v2\/posts\/202694\/revisions"}],"wp:featuredmedia":[{"embeddable":true,"href":"https:\/\/www.webdo.tn\/fr\/wp-json\/wp\/v2\/media\/277704"}],"wp:attachment":[{"href":"https:\/\/www.webdo.tn\/fr\/wp-json\/wp\/v2\/media?parent=202694"}],"wp:term":[{"taxonomy":"category","embeddable":true,"href":"https:\/\/www.webdo.tn\/fr\/wp-json\/wp\/v2\/categories?post=202694"},{"taxonomy":"post_tag","embeddable":true,"href":"https:\/\/www.webdo.tn\/fr\/wp-json\/wp\/v2\/tags?post=202694"}],"curies":[{"name":"wp","href":"https:\/\/api.w.org\/{rel}","templated":true}]}}