{"id":202692,"date":"2023-02-08T09:24:00","date_gmt":"2023-02-08T09:24:00","guid":{"rendered":"https:\/\/www.webdo.tn\/fr\/blog\/pluies-ces-gouvernorats-places-en-vigilance-orange\/202692\/"},"modified":"2025-05-20T22:48:59","modified_gmt":"2025-05-20T22:48:59","slug":"pluies-ces-gouvernorats-places-en-vigilance-orange","status":"publish","type":"post","link":"https:\/\/www.webdo.tn\/fr\/actualite\/national\/pluies-ces-gouvernorats-places-en-vigilance-orange\/202692\/","title":{"rendered":"Pluies : Ces gouvernorats plac\u00e9s en vigilance orange"},"content":{"rendered":"<p>Des pluies abondantes s\u2019abattent depuis la derni\u00e8re nuit sur diff\u00e9rentes r\u00e9gions du pays. Dans certains gouvernorats on risque meme des inondations.<\/p>\n<p>\t\t\t\t\t\t\t\t\tCe mercredi 8 f\u00e9vrier 2023, l\u2019Institut national de la m\u00e9t\u00e9orologie a plac\u00e9 les gouvernorats de Nabeul, Monastir, Sousse et Mahdia en vigilance orange. Cela signifie que des risques d\u2019inondations sont \u00e0 pr\u00e9voir et les citoyens sont appel\u00e9s \u00e0 la vigilance.\u00a0<\/p>\n<p>Des pluies temporairement orageuses sont attendues, mercredi, sur le nord, le centre et localement le sud. Ces pluies seront parfois intenses et en quantit\u00e9s importantes sur le Cap Bon et la r\u00e9gion du Sahel.<\/p>\n<p>Un vent fort se poursuit pr\u00e9s des c\u00f4tes et sur les hauteurs et la mer sera tr\u00e8s agit\u00e9e \u00e0 houleuse. Les bulletins d&rsquo;alerte de l&rsquo;INM restent d&rsquo;actualit\u00e9 pour les activit\u00e9s de navigation et de p\u00eache.<\/p>\n<p>Une relative baisse des temp\u00e9ratures est pr\u00e9vue et les maximales varieront entre 9 et 13\u00b0C dans le nord, le centre et le sud-est et entre 13 et 17\u00b0C ailleurs et se situeront \u00e0 7\u00b0C sur les hauteurs.<\/p>\n","protected":false},"excerpt":{"rendered":"<p>Des pluies abondantes s\u2019abattent depuis la derni\u00e8re nuit sur diff\u00e9rentes r\u00e9gions du pays. Dans certains gouvernorats on risque meme des inondations.<\/p>\n","protected":false},"author":3175,"featured_media":277702,"comment_status":"open","ping_status":"closed","sticky":false,"template":"","format":"standard","meta":{"footnotes":""},"categories":[44],"tags":[2670,2671,2608],"class_list":["post-202692","post","type-post","status-publish","format-standard","has-post-thumbnail","hentry","category-national","tag-meteo","tag-pluie","tag-tunisie"],"yoast_head":"<!-- This site is optimized with the Yoast SEO Premium plugin v27.4 (Yoast SEO v27.4) - https:\/\/yoast.com\/product\/yoast-seo-premium-wordpress\/ -->\n<title>Pluies : Ces gouvernorats plac\u00e9s en vigilance orange<\/title>\n<meta name=\"description\" content=\"Des pluies abondantes s\u2019abattent depuis la derni\u00e8re nuit sur diff\u00e9rentes r\u00e9gions du pays. Dans certains gouvernorats on risque meme des inondations.\" \/>\n<link rel=\"canonical\" href=\"https:\/\/www.webdo.tn\/fr\/actualite\/national\/pluies-ces-gouvernorats-places-en-vigilance-orange\/202692\/\" \/>\n<meta property=\"og:locale\" content=\"fr_FR\" \/>\n<meta property=\"og:type\" content=\"article\" \/>\n<meta property=\"og:title\" content=\"Pluies : Ces gouvernorats plac\u00e9s en vigilance orange\" \/>\n<meta property=\"og:description\" content=\"Des pluies abondantes s\u2019abattent depuis la derni\u00e8re nuit sur diff\u00e9rentes r\u00e9gions du pays. Dans certains gouvernorats on risque meme des inondations.\" \/>\n<meta property=\"og:url\" content=\"https:\/\/www.webdo.tn\/fr\/actualite\/national\/pluies-ces-gouvernorats-places-en-vigilance-orange\/202692\/\" \/>\n<meta property=\"og:site_name\" content=\"webdo\" \/>\n<meta property=\"article:publisher\" content=\"https:\/\/www.facebook.com\/webdotn\" \/>\n<meta property=\"article:published_time\" content=\"2023-02-08T09:24:00+00:00\" \/>\n<meta property=\"article:modified_time\" content=\"2025-05-20T22:48:59+00:00\" \/>\n<meta property=\"og:image\" content=\"https:\/\/www.webdo.tn\/fr\/wp-content\/uploads\/2023\/02\/9c33e38fec604556216c2b21ef612cd4.jpg\" \/>\n\t<meta property=\"og:image:width\" content=\"750\" \/>\n\t<meta property=\"og:image:height\" content=\"400\" \/>\n\t<meta property=\"og:image:type\" content=\"image\/jpeg\" \/>\n<meta name=\"author\" content=\"CL\" \/>\n<meta name=\"twitter:card\" content=\"summary_large_image\" \/>\n<meta name=\"twitter:creator\" content=\"@webdo_tn\" \/>\n<meta name=\"twitter:site\" content=\"@webdo_tn\" \/>\n<meta name=\"twitter:label1\" content=\"\u00c9crit par\" \/>\n\t<meta name=\"twitter:data1\" content=\"CL\" \/>\n\t<meta name=\"twitter:label2\" content=\"Dur\u00e9e de lecture estim\u00e9e\" \/>\n\t<meta name=\"twitter:data2\" content=\"1 minute\" \/>\n<script type=\"application\/ld+json\" class=\"yoast-schema-graph\">{\"@context\":\"https:\\\/\\\/schema.org\",\"@graph\":[{\"@type\":\"NewsArticle\",\"@id\":\"https:\\\/\\\/www.webdo.tn\\\/fr\\\/actualite\\\/national\\\/pluies-ces-gouvernorats-places-en-vigilance-orange\\\/202692\\\/#article\",\"isPartOf\":{\"@id\":\"https:\\\/\\\/www.webdo.tn\\\/fr\\\/actualite\\\/national\\\/pluies-ces-gouvernorats-places-en-vigilance-orange\\\/202692\\\/\"},\"author\":{\"name\":\"CL\",\"@id\":\"https:\\\/\\\/www.webdo.tn\\\/fr\\\/#\\\/schema\\\/person\\\/f35b42a42c5e2511bbd282959d6385cc\"},\"headline\":\"Pluies : Ces gouvernorats plac\u00e9s en vigilance orange\",\"datePublished\":\"2023-02-08T09:24:00+00:00\",\"dateModified\":\"2025-05-20T22:48:59+00:00\",\"mainEntityOfPage\":{\"@id\":\"https:\\\/\\\/www.webdo.tn\\\/fr\\\/actualite\\\/national\\\/pluies-ces-gouvernorats-places-en-vigilance-orange\\\/202692\\\/\"},\"wordCount\":191,\"commentCount\":0,\"publisher\":{\"@id\":\"https:\\\/\\\/www.webdo.tn\\\/fr\\\/#organization\"},\"image\":{\"@id\":\"https:\\\/\\\/www.webdo.tn\\\/fr\\\/actualite\\\/national\\\/pluies-ces-gouvernorats-places-en-vigilance-orange\\\/202692\\\/#primaryimage\"},\"thumbnailUrl\":\"https:\\\/\\\/www.webdo.tn\\\/fr\\\/wp-content\\\/uploads\\\/2023\\\/02\\\/9c33e38fec604556216c2b21ef612cd4.jpg\",\"keywords\":[\"m\u00e9t\u00e9o\",\"Pluie\",\"Tunisie\"],\"articleSection\":[\"National\"],\"inLanguage\":\"fr-FR\"},{\"@type\":\"WebPage\",\"@id\":\"https:\\\/\\\/www.webdo.tn\\\/fr\\\/actualite\\\/national\\\/pluies-ces-gouvernorats-places-en-vigilance-orange\\\/202692\\\/\",\"url\":\"https:\\\/\\\/www.webdo.tn\\\/fr\\\/actualite\\\/national\\\/pluies-ces-gouvernorats-places-en-vigilance-orange\\\/202692\\\/\",\"name\":\"Pluies : Ces gouvernorats plac\u00e9s en vigilance orange\",\"isPartOf\":{\"@id\":\"https:\\\/\\\/www.webdo.tn\\\/fr\\\/#website\"},\"primaryImageOfPage\":{\"@id\":\"https:\\\/\\\/www.webdo.tn\\\/fr\\\/actualite\\\/national\\\/pluies-ces-gouvernorats-places-en-vigilance-orange\\\/202692\\\/#primaryimage\"},\"image\":{\"@id\":\"https:\\\/\\\/www.webdo.tn\\\/fr\\\/actualite\\\/national\\\/pluies-ces-gouvernorats-places-en-vigilance-orange\\\/202692\\\/#primaryimage\"},\"thumbnailUrl\":\"https:\\\/\\\/www.webdo.tn\\\/fr\\\/wp-content\\\/uploads\\\/2023\\\/02\\\/9c33e38fec604556216c2b21ef612cd4.jpg\",\"datePublished\":\"2023-02-08T09:24:00+00:00\",\"dateModified\":\"2025-05-20T22:48:59+00:00\",\"description\":\"Des pluies abondantes s\u2019abattent depuis la derni\u00e8re nuit sur diff\u00e9rentes r\u00e9gions du pays. Dans certains gouvernorats on risque meme des inondations.\",\"breadcrumb\":{\"@id\":\"https:\\\/\\\/www.webdo.tn\\\/fr\\\/actualite\\\/national\\\/pluies-ces-gouvernorats-places-en-vigilance-orange\\\/202692\\\/#breadcrumb\"},\"inLanguage\":\"fr-FR\",\"potentialAction\":[{\"@type\":\"ReadAction\",\"target\":[\"https:\\\/\\\/www.webdo.tn\\\/fr\\\/actualite\\\/national\\\/pluies-ces-gouvernorats-places-en-vigilance-orange\\\/202692\\\/\"]}]},{\"@type\":\"ImageObject\",\"inLanguage\":\"fr-FR\",\"@id\":\"https:\\\/\\\/www.webdo.tn\\\/fr\\\/actualite\\\/national\\\/pluies-ces-gouvernorats-places-en-vigilance-orange\\\/202692\\\/#primaryimage\",\"url\":\"https:\\\/\\\/www.webdo.tn\\\/fr\\\/wp-content\\\/uploads\\\/2023\\\/02\\\/9c33e38fec604556216c2b21ef612cd4.jpg\",\"contentUrl\":\"https:\\\/\\\/www.webdo.tn\\\/fr\\\/wp-content\\\/uploads\\\/2023\\\/02\\\/9c33e38fec604556216c2b21ef612cd4.jpg\",\"width\":750,\"height\":400,\"caption\":\"Inondations Tunisie\"},{\"@type\":\"BreadcrumbList\",\"@id\":\"https:\\\/\\\/www.webdo.tn\\\/fr\\\/actualite\\\/national\\\/pluies-ces-gouvernorats-places-en-vigilance-orange\\\/202692\\\/#breadcrumb\",\"itemListElement\":[{\"@type\":\"ListItem\",\"position\":1,\"name\":\"Accueil\",\"item\":\"https:\\\/\\\/www.webdo.tn\\\/fr\\\/\"},{\"@type\":\"ListItem\",\"position\":2,\"name\":\"Pluies : Ces gouvernorats plac\u00e9s en vigilance orange\"}]},{\"@type\":\"WebSite\",\"@id\":\"https:\\\/\\\/www.webdo.tn\\\/fr\\\/#website\",\"url\":\"https:\\\/\\\/www.webdo.tn\\\/fr\\\/\",\"name\":\"webdo\",\"description\":\"Tunisie - News en Tunisie et \u00e0 l&#039;international sur Webdo.tn\",\"publisher\":{\"@id\":\"https:\\\/\\\/www.webdo.tn\\\/fr\\\/#organization\"},\"potentialAction\":[{\"@type\":\"SearchAction\",\"target\":{\"@type\":\"EntryPoint\",\"urlTemplate\":\"https:\\\/\\\/www.webdo.tn\\\/fr\\\/?s={search_term_string}\"},\"query-input\":{\"@type\":\"PropertyValueSpecification\",\"valueRequired\":true,\"valueName\":\"search_term_string\"}}],\"inLanguage\":\"fr-FR\"},{\"@type\":\"Organization\",\"@id\":\"https:\\\/\\\/www.webdo.tn\\\/fr\\\/#organization\",\"name\":\"Webdo\",\"alternateName\":\"Webdo.tn\",\"url\":\"https:\\\/\\\/www.webdo.tn\\\/fr\\\/\",\"logo\":{\"@type\":\"ImageObject\",\"inLanguage\":\"fr-FR\",\"@id\":\"https:\\\/\\\/www.webdo.tn\\\/fr\\\/#\\\/schema\\\/logo\\\/image\\\/\",\"url\":\"https:\\\/\\\/www.webdo.tn\\\/fr\\\/wp-content\\\/uploads\\\/2025\\\/06\\\/Webdo-Tunisie_168377.jpg\",\"contentUrl\":\"https:\\\/\\\/www.webdo.tn\\\/fr\\\/wp-content\\\/uploads\\\/2025\\\/06\\\/Webdo-Tunisie_168377.jpg\",\"width\":301,\"height\":301,\"caption\":\"Webdo\"},\"image\":{\"@id\":\"https:\\\/\\\/www.webdo.tn\\\/fr\\\/#\\\/schema\\\/logo\\\/image\\\/\"},\"sameAs\":[\"https:\\\/\\\/www.facebook.com\\\/webdotn\",\"https:\\\/\\\/x.com\\\/webdo_tn\"],\"description\":\"Webdo est un m\u00e9dia num\u00e9rique tunisien fond\u00e9 en 2010, sp\u00e9cialis\u00e9 dans l\u2019actualit\u00e9 nationale et internationale, l\u2019\u00e9conomie, la soci\u00e9t\u00e9 et les analyses politiques. Le site s\u2019adresse \u00e0 un large public francophone et couvre l\u2019information tunisienne en temps r\u00e9el.\",\"email\":\"redac@webdo.tn\",\"legalName\":\"YNJ SARL\",\"foundingDate\":\"2010-09-06\",\"numberOfEmployees\":{\"@type\":\"QuantitativeValue\",\"minValue\":\"11\",\"maxValue\":\"50\"}},{\"@type\":\"Person\",\"@id\":\"https:\\\/\\\/www.webdo.tn\\\/fr\\\/#\\\/schema\\\/person\\\/f35b42a42c5e2511bbd282959d6385cc\",\"name\":\"CL\",\"image\":{\"@type\":\"ImageObject\",\"inLanguage\":\"fr-FR\",\"@id\":\"https:\\\/\\\/secure.gravatar.com\\\/avatar\\\/1447a49909b67aa657c488aec6512e1dd6143a480c1ecfee9b5b5cd74eb3b59e?s=96&d=mm&r=g\",\"url\":\"https:\\\/\\\/secure.gravatar.com\\\/avatar\\\/1447a49909b67aa657c488aec6512e1dd6143a480c1ecfee9b5b5cd74eb3b59e?s=96&d=mm&r=g\",\"contentUrl\":\"https:\\\/\\\/secure.gravatar.com\\\/avatar\\\/1447a49909b67aa657c488aec6512e1dd6143a480c1ecfee9b5b5cd74eb3b59e?s=96&d=mm&r=g\",\"caption\":\"CL\"},\"url\":\"https:\\\/\\\/www.webdo.tn\\\/fr\\\/actualite\\\/author\\\/cl\\\/\"}]}<\/script>\n<!-- \/ Yoast SEO Premium plugin. -->","yoast_head_json":{"title":"Pluies : Ces gouvernorats plac\u00e9s en vigilance orange","description":"Des pluies abondantes s\u2019abattent depuis la derni\u00e8re nuit sur diff\u00e9rentes r\u00e9gions du pays. Dans certains gouvernorats on risque meme des inondations.","canonical":"https:\/\/www.webdo.tn\/fr\/actualite\/national\/pluies-ces-gouvernorats-places-en-vigilance-orange\/202692\/","og_locale":"fr_FR","og_type":"article","og_title":"Pluies : Ces gouvernorats plac\u00e9s en vigilance orange","og_description":"Des pluies abondantes s\u2019abattent depuis la derni\u00e8re nuit sur diff\u00e9rentes r\u00e9gions du pays. Dans certains gouvernorats on risque meme des inondations.","og_url":"https:\/\/www.webdo.tn\/fr\/actualite\/national\/pluies-ces-gouvernorats-places-en-vigilance-orange\/202692\/","og_site_name":"webdo","article_publisher":"https:\/\/www.facebook.com\/webdotn","article_published_time":"2023-02-08T09:24:00+00:00","article_modified_time":"2025-05-20T22:48:59+00:00","og_image":[{"width":750,"height":400,"url":"https:\/\/www.webdo.tn\/fr\/wp-content\/uploads\/2023\/02\/9c33e38fec604556216c2b21ef612cd4.jpg","type":"image\/jpeg"}],"author":"CL","twitter_card":"summary_large_image","twitter_creator":"@webdo_tn","twitter_site":"@webdo_tn","twitter_misc":{"\u00c9crit par":"CL","Dur\u00e9e de lecture estim\u00e9e":"1 minute"},"schema":{"@context":"https:\/\/schema.org","@graph":[{"@type":"NewsArticle","@id":"https:\/\/www.webdo.tn\/fr\/actualite\/national\/pluies-ces-gouvernorats-places-en-vigilance-orange\/202692\/#article","isPartOf":{"@id":"https:\/\/www.webdo.tn\/fr\/actualite\/national\/pluies-ces-gouvernorats-places-en-vigilance-orange\/202692\/"},"author":{"name":"CL","@id":"https:\/\/www.webdo.tn\/fr\/#\/schema\/person\/f35b42a42c5e2511bbd282959d6385cc"},"headline":"Pluies : Ces gouvernorats plac\u00e9s en vigilance orange","datePublished":"2023-02-08T09:24:00+00:00","dateModified":"2025-05-20T22:48:59+00:00","mainEntityOfPage":{"@id":"https:\/\/www.webdo.tn\/fr\/actualite\/national\/pluies-ces-gouvernorats-places-en-vigilance-orange\/202692\/"},"wordCount":191,"commentCount":0,"publisher":{"@id":"https:\/\/www.webdo.tn\/fr\/#organization"},"image":{"@id":"https:\/\/www.webdo.tn\/fr\/actualite\/national\/pluies-ces-gouvernorats-places-en-vigilance-orange\/202692\/#primaryimage"},"thumbnailUrl":"https:\/\/www.webdo.tn\/fr\/wp-content\/uploads\/2023\/02\/9c33e38fec604556216c2b21ef612cd4.jpg","keywords":["m\u00e9t\u00e9o","Pluie","Tunisie"],"articleSection":["National"],"inLanguage":"fr-FR"},{"@type":"WebPage","@id":"https:\/\/www.webdo.tn\/fr\/actualite\/national\/pluies-ces-gouvernorats-places-en-vigilance-orange\/202692\/","url":"https:\/\/www.webdo.tn\/fr\/actualite\/national\/pluies-ces-gouvernorats-places-en-vigilance-orange\/202692\/","name":"Pluies : Ces gouvernorats plac\u00e9s en vigilance orange","isPartOf":{"@id":"https:\/\/www.webdo.tn\/fr\/#website"},"primaryImageOfPage":{"@id":"https:\/\/www.webdo.tn\/fr\/actualite\/national\/pluies-ces-gouvernorats-places-en-vigilance-orange\/202692\/#primaryimage"},"image":{"@id":"https:\/\/www.webdo.tn\/fr\/actualite\/national\/pluies-ces-gouvernorats-places-en-vigilance-orange\/202692\/#primaryimage"},"thumbnailUrl":"https:\/\/www.webdo.tn\/fr\/wp-content\/uploads\/2023\/02\/9c33e38fec604556216c2b21ef612cd4.jpg","datePublished":"2023-02-08T09:24:00+00:00","dateModified":"2025-05-20T22:48:59+00:00","description":"Des pluies abondantes s\u2019abattent depuis la derni\u00e8re nuit sur diff\u00e9rentes r\u00e9gions du pays. Dans certains gouvernorats on risque meme des inondations.","breadcrumb":{"@id":"https:\/\/www.webdo.tn\/fr\/actualite\/national\/pluies-ces-gouvernorats-places-en-vigilance-orange\/202692\/#breadcrumb"},"inLanguage":"fr-FR","potentialAction":[{"@type":"ReadAction","target":["https:\/\/www.webdo.tn\/fr\/actualite\/national\/pluies-ces-gouvernorats-places-en-vigilance-orange\/202692\/"]}]},{"@type":"ImageObject","inLanguage":"fr-FR","@id":"https:\/\/www.webdo.tn\/fr\/actualite\/national\/pluies-ces-gouvernorats-places-en-vigilance-orange\/202692\/#primaryimage","url":"https:\/\/www.webdo.tn\/fr\/wp-content\/uploads\/2023\/02\/9c33e38fec604556216c2b21ef612cd4.jpg","contentUrl":"https:\/\/www.webdo.tn\/fr\/wp-content\/uploads\/2023\/02\/9c33e38fec604556216c2b21ef612cd4.jpg","width":750,"height":400,"caption":"Inondations Tunisie"},{"@type":"BreadcrumbList","@id":"https:\/\/www.webdo.tn\/fr\/actualite\/national\/pluies-ces-gouvernorats-places-en-vigilance-orange\/202692\/#breadcrumb","itemListElement":[{"@type":"ListItem","position":1,"name":"Accueil","item":"https:\/\/www.webdo.tn\/fr\/"},{"@type":"ListItem","position":2,"name":"Pluies : Ces gouvernorats plac\u00e9s en vigilance orange"}]},{"@type":"WebSite","@id":"https:\/\/www.webdo.tn\/fr\/#website","url":"https:\/\/www.webdo.tn\/fr\/","name":"webdo","description":"Tunisie - News en Tunisie et \u00e0 l&#039;international sur Webdo.tn","publisher":{"@id":"https:\/\/www.webdo.tn\/fr\/#organization"},"potentialAction":[{"@type":"SearchAction","target":{"@type":"EntryPoint","urlTemplate":"https:\/\/www.webdo.tn\/fr\/?s={search_term_string}"},"query-input":{"@type":"PropertyValueSpecification","valueRequired":true,"valueName":"search_term_string"}}],"inLanguage":"fr-FR"},{"@type":"Organization","@id":"https:\/\/www.webdo.tn\/fr\/#organization","name":"Webdo","alternateName":"Webdo.tn","url":"https:\/\/www.webdo.tn\/fr\/","logo":{"@type":"ImageObject","inLanguage":"fr-FR","@id":"https:\/\/www.webdo.tn\/fr\/#\/schema\/logo\/image\/","url":"https:\/\/www.webdo.tn\/fr\/wp-content\/uploads\/2025\/06\/Webdo-Tunisie_168377.jpg","contentUrl":"https:\/\/www.webdo.tn\/fr\/wp-content\/uploads\/2025\/06\/Webdo-Tunisie_168377.jpg","width":301,"height":301,"caption":"Webdo"},"image":{"@id":"https:\/\/www.webdo.tn\/fr\/#\/schema\/logo\/image\/"},"sameAs":["https:\/\/www.facebook.com\/webdotn","https:\/\/x.com\/webdo_tn"],"description":"Webdo est un m\u00e9dia num\u00e9rique tunisien fond\u00e9 en 2010, sp\u00e9cialis\u00e9 dans l\u2019actualit\u00e9 nationale et internationale, l\u2019\u00e9conomie, la soci\u00e9t\u00e9 et les analyses politiques. Le site s\u2019adresse \u00e0 un large public francophone et couvre l\u2019information tunisienne en temps r\u00e9el.","email":"redac@webdo.tn","legalName":"YNJ SARL","foundingDate":"2010-09-06","numberOfEmployees":{"@type":"QuantitativeValue","minValue":"11","maxValue":"50"}},{"@type":"Person","@id":"https:\/\/www.webdo.tn\/fr\/#\/schema\/person\/f35b42a42c5e2511bbd282959d6385cc","name":"CL","image":{"@type":"ImageObject","inLanguage":"fr-FR","@id":"https:\/\/secure.gravatar.com\/avatar\/1447a49909b67aa657c488aec6512e1dd6143a480c1ecfee9b5b5cd74eb3b59e?s=96&d=mm&r=g","url":"https:\/\/secure.gravatar.com\/avatar\/1447a49909b67aa657c488aec6512e1dd6143a480c1ecfee9b5b5cd74eb3b59e?s=96&d=mm&r=g","contentUrl":"https:\/\/secure.gravatar.com\/avatar\/1447a49909b67aa657c488aec6512e1dd6143a480c1ecfee9b5b5cd74eb3b59e?s=96&d=mm&r=g","caption":"CL"},"url":"https:\/\/www.webdo.tn\/fr\/actualite\/author\/cl\/"}]}},"_links":{"self":[{"href":"https:\/\/www.webdo.tn\/fr\/wp-json\/wp\/v2\/posts\/202692","targetHints":{"allow":["GET"]}}],"collection":[{"href":"https:\/\/www.webdo.tn\/fr\/wp-json\/wp\/v2\/posts"}],"about":[{"href":"https:\/\/www.webdo.tn\/fr\/wp-json\/wp\/v2\/types\/post"}],"author":[{"embeddable":true,"href":"https:\/\/www.webdo.tn\/fr\/wp-json\/wp\/v2\/users\/3175"}],"replies":[{"embeddable":true,"href":"https:\/\/www.webdo.tn\/fr\/wp-json\/wp\/v2\/comments?post=202692"}],"version-history":[{"count":0,"href":"https:\/\/www.webdo.tn\/fr\/wp-json\/wp\/v2\/posts\/202692\/revisions"}],"wp:featuredmedia":[{"embeddable":true,"href":"https:\/\/www.webdo.tn\/fr\/wp-json\/wp\/v2\/media\/277702"}],"wp:attachment":[{"href":"https:\/\/www.webdo.tn\/fr\/wp-json\/wp\/v2\/media?parent=202692"}],"wp:term":[{"taxonomy":"category","embeddable":true,"href":"https:\/\/www.webdo.tn\/fr\/wp-json\/wp\/v2\/categories?post=202692"},{"taxonomy":"post_tag","embeddable":true,"href":"https:\/\/www.webdo.tn\/fr\/wp-json\/wp\/v2\/tags?post=202692"}],"curies":[{"name":"wp","href":"https:\/\/api.w.org\/{rel}","templated":true}]}}