{"id":202689,"date":"2023-02-08T08:46:00","date_gmt":"2023-02-08T08:46:00","guid":{"rendered":"https:\/\/www.webdo.tn\/fr\/blog\/grand-prix-de-tunis-de-para-athletisme-23-medailles-pour-la-tunisie\/202689\/"},"modified":"2025-05-20T22:07:24","modified_gmt":"2025-05-20T22:07:24","slug":"grand-prix-de-tunis-de-para-athletisme-23-medailles-pour-la-tunisie","status":"publish","type":"post","link":"https:\/\/www.webdo.tn\/fr\/actualite\/sport\/grand-prix-de-tunis-de-para-athletisme-23-medailles-pour-la-tunisie\/202689\/","title":{"rendered":"Grand Prix de Tunis de para-athl\u00e9tisme : 23 m\u00e9dailles pour la Tunisie"},"content":{"rendered":"<p>Le Grand Prix de Tunis de para-athl\u00e9tisme s\u2019est poursuivi, hier avec la 2\u00e8me journ\u00e9e au cours de laquelle les athl\u00e8tes tunisiens se sont illustr\u00e9s en d\u00e9crochant 15 m\u00e9dailles apr\u00e8s les 8 m\u00e9dailles remport\u00e9es lors de la journ\u00e9e inaugurale.<\/p>\n<p>\t\t\t\t\t\t\t\t\tAvec un total de 23 m\u00e9dailles (10 or, 7 argent et 6 bronze) au terme des \u00e9preuves de la 2\u00e8me\u00a0 journ\u00e9e la Tunisie s&rsquo;est empar\u00e9e de la t\u00eate du classement des m\u00e9dailles.<\/p>\n<p>Hier, les Tunisiens ont d\u00e9croch\u00e9 7 m\u00e9dailles d&rsquo;or, remport\u00e9es par Maroua Brahmi (massue \u00ab\u00a0Club throw\u00a0\u00bb, F32), Hamdi Ouerfelli (disque, F37), Samar Ben Kaalab (poids, F41), Rouay Jebabli (1500m, T12), Najeh Chweya (1500m, T12), Bechir Laakoubi (1500m T46) et Walid Ktila (800m, T34) dont c&rsquo;est la deuxi\u00e8me m\u00e9daille d&rsquo;or apr\u00e8s celle rafl\u00e9e lors du premier jour au 100m (T34).<\/p>\n<p>La 2e journ\u00e9e a, \u00e9galement, \u00e9t\u00e9 marqu\u00e9e par 5 m\u00e9dailles d&rsquo;argent, d\u00e9croch\u00e9es par Bochra Rezouga (Disque, F55), Wejh\u00e8ne Aziz (poids, F46), Raja Jebabli (Poids, F40), Mohamed Nidhal (800m, T53) et Achraf Lahoual (1500m, T12).<\/p>\n<p>Quant \u00e0 Abdennasser Feydi (Poids, T32), Oussama Sai (Poids, F33) et Nourh\u00e8ne Haj Salem (Poids, F40), ils se sont content\u00e9s du bronze.<\/p>\n<p>Au classement des m\u00e9dailles, la Tunisie est en t\u00eate devant l&rsquo;Ouzb\u00e9kistan, 11 m\u00e9dailles (6 or, 4 argent, 1 bronze), l&rsquo;Irak (8 m\u00e9dailles), le Maroc (7 m\u00e9dailles), l&rsquo;Arabie Saoudite (6 m\u00e9dailles), etc\u2026<\/p>\n","protected":false},"excerpt":{"rendered":"<p>Le Grand Prix de Tunis de para-athl\u00e9tisme s\u2019est poursuivi, hier avec la 2\u00e8me journ\u00e9e au cours de laquelle les athl\u00e8tes tunisiens se sont illustr\u00e9s en d\u00e9crochant&#8230;<\/p>\n","protected":false},"author":3162,"featured_media":277701,"comment_status":"open","ping_status":"closed","sticky":false,"template":"","format":"standard","meta":{"footnotes":""},"categories":[2593],"tags":[8810,2666,6478,5806],"class_list":["post-202689","post","type-post","status-publish","format-standard","has-post-thumbnail","hentry","category-sport","tag-grand-prix-de-tunis","tag-medailles","tag-para-athletisme","tag-walid-ktila"],"yoast_head":"<!-- This site is optimized with the Yoast SEO Premium plugin v27.4 (Yoast SEO v27.5) - https:\/\/yoast.com\/product\/yoast-seo-premium-wordpress\/ -->\n<title>Grand Prix de Tunis de para-athl\u00e9tisme : 23 m\u00e9dailles pour la Tunisie<\/title>\n<meta name=\"description\" content=\"Le Grand Prix de Tunis de para-athl\u00e9tisme s\u2019est poursuivi, hier avec la 2\u00e8me journ\u00e9e au cours de laquelle les athl\u00e8tes tunisiens se sont illustr\u00e9s en d\u00e9crochant...\" \/>\n<link rel=\"canonical\" href=\"https:\/\/www.webdo.tn\/fr\/actualite\/sport\/grand-prix-de-tunis-de-para-athletisme-23-medailles-pour-la-tunisie\/202689\/\" \/>\n<meta property=\"og:locale\" content=\"fr_FR\" \/>\n<meta property=\"og:type\" content=\"article\" \/>\n<meta property=\"og:title\" content=\"Grand Prix de Tunis de para-athl\u00e9tisme : 23 m\u00e9dailles pour la Tunisie\" \/>\n<meta property=\"og:description\" content=\"Le Grand Prix de Tunis de para-athl\u00e9tisme s\u2019est poursuivi, hier avec la 2\u00e8me journ\u00e9e au cours de laquelle les athl\u00e8tes tunisiens se sont illustr\u00e9s en d\u00e9crochant...\" \/>\n<meta property=\"og:url\" content=\"https:\/\/www.webdo.tn\/fr\/actualite\/sport\/grand-prix-de-tunis-de-para-athletisme-23-medailles-pour-la-tunisie\/202689\/\" \/>\n<meta property=\"og:site_name\" content=\"webdo\" \/>\n<meta property=\"article:publisher\" content=\"https:\/\/www.facebook.com\/webdotn\" \/>\n<meta property=\"article:published_time\" content=\"2023-02-08T08:46:00+00:00\" \/>\n<meta property=\"article:modified_time\" content=\"2025-05-20T22:07:24+00:00\" \/>\n<meta property=\"og:image\" content=\"https:\/\/www.webdo.tn\/fr\/wp-content\/uploads\/2023\/02\/c107b65d2feaa632a310af0045d79833.jpg\" \/>\n\t<meta property=\"og:image:width\" content=\"750\" \/>\n\t<meta property=\"og:image:height\" content=\"400\" \/>\n\t<meta property=\"og:image:type\" content=\"image\/jpeg\" \/>\n<meta name=\"author\" content=\"MC\" \/>\n<meta name=\"twitter:card\" content=\"summary_large_image\" \/>\n<meta name=\"twitter:creator\" content=\"@webdo_tn\" \/>\n<meta name=\"twitter:site\" content=\"@webdo_tn\" \/>\n<meta name=\"twitter:label1\" content=\"\u00c9crit par\" \/>\n\t<meta name=\"twitter:data1\" content=\"MC\" \/>\n\t<meta name=\"twitter:label2\" content=\"Dur\u00e9e de lecture estim\u00e9e\" \/>\n\t<meta name=\"twitter:data2\" content=\"1 minute\" \/>\n<script type=\"application\/ld+json\" class=\"yoast-schema-graph\">{\"@context\":\"https:\\\/\\\/schema.org\",\"@graph\":[{\"@type\":\"NewsArticle\",\"@id\":\"https:\\\/\\\/www.webdo.tn\\\/fr\\\/actualite\\\/sport\\\/grand-prix-de-tunis-de-para-athletisme-23-medailles-pour-la-tunisie\\\/202689\\\/#article\",\"isPartOf\":{\"@id\":\"https:\\\/\\\/www.webdo.tn\\\/fr\\\/actualite\\\/sport\\\/grand-prix-de-tunis-de-para-athletisme-23-medailles-pour-la-tunisie\\\/202689\\\/\"},\"author\":{\"name\":\"MC\",\"@id\":\"https:\\\/\\\/www.webdo.tn\\\/fr\\\/#\\\/schema\\\/person\\\/2c4929cbf5a809e3bd38617c6ce150f6\"},\"headline\":\"Grand Prix de Tunis de para-athl\u00e9tisme : 23 m\u00e9dailles pour la Tunisie\",\"datePublished\":\"2023-02-08T08:46:00+00:00\",\"dateModified\":\"2025-05-20T22:07:24+00:00\",\"mainEntityOfPage\":{\"@id\":\"https:\\\/\\\/www.webdo.tn\\\/fr\\\/actualite\\\/sport\\\/grand-prix-de-tunis-de-para-athletisme-23-medailles-pour-la-tunisie\\\/202689\\\/\"},\"wordCount\":257,\"commentCount\":0,\"publisher\":{\"@id\":\"https:\\\/\\\/www.webdo.tn\\\/fr\\\/#organization\"},\"image\":{\"@id\":\"https:\\\/\\\/www.webdo.tn\\\/fr\\\/actualite\\\/sport\\\/grand-prix-de-tunis-de-para-athletisme-23-medailles-pour-la-tunisie\\\/202689\\\/#primaryimage\"},\"thumbnailUrl\":\"https:\\\/\\\/www.webdo.tn\\\/fr\\\/wp-content\\\/uploads\\\/2023\\\/02\\\/c107b65d2feaa632a310af0045d79833.jpg\",\"keywords\":[\"grand prix de tunis\",\"m\u00e9dailles\",\"para-athl\u00e9tisme\",\"Walid Ktila\"],\"articleSection\":[\"Sport\"],\"inLanguage\":\"fr-FR\"},{\"@type\":\"WebPage\",\"@id\":\"https:\\\/\\\/www.webdo.tn\\\/fr\\\/actualite\\\/sport\\\/grand-prix-de-tunis-de-para-athletisme-23-medailles-pour-la-tunisie\\\/202689\\\/\",\"url\":\"https:\\\/\\\/www.webdo.tn\\\/fr\\\/actualite\\\/sport\\\/grand-prix-de-tunis-de-para-athletisme-23-medailles-pour-la-tunisie\\\/202689\\\/\",\"name\":\"Grand Prix de Tunis de para-athl\u00e9tisme : 23 m\u00e9dailles pour la Tunisie\",\"isPartOf\":{\"@id\":\"https:\\\/\\\/www.webdo.tn\\\/fr\\\/#website\"},\"primaryImageOfPage\":{\"@id\":\"https:\\\/\\\/www.webdo.tn\\\/fr\\\/actualite\\\/sport\\\/grand-prix-de-tunis-de-para-athletisme-23-medailles-pour-la-tunisie\\\/202689\\\/#primaryimage\"},\"image\":{\"@id\":\"https:\\\/\\\/www.webdo.tn\\\/fr\\\/actualite\\\/sport\\\/grand-prix-de-tunis-de-para-athletisme-23-medailles-pour-la-tunisie\\\/202689\\\/#primaryimage\"},\"thumbnailUrl\":\"https:\\\/\\\/www.webdo.tn\\\/fr\\\/wp-content\\\/uploads\\\/2023\\\/02\\\/c107b65d2feaa632a310af0045d79833.jpg\",\"datePublished\":\"2023-02-08T08:46:00+00:00\",\"dateModified\":\"2025-05-20T22:07:24+00:00\",\"description\":\"Le Grand Prix de Tunis de para-athl\u00e9tisme s\u2019est poursuivi, hier avec la 2\u00e8me journ\u00e9e au cours de laquelle les athl\u00e8tes tunisiens se sont illustr\u00e9s en d\u00e9crochant...\",\"breadcrumb\":{\"@id\":\"https:\\\/\\\/www.webdo.tn\\\/fr\\\/actualite\\\/sport\\\/grand-prix-de-tunis-de-para-athletisme-23-medailles-pour-la-tunisie\\\/202689\\\/#breadcrumb\"},\"inLanguage\":\"fr-FR\",\"potentialAction\":[{\"@type\":\"ReadAction\",\"target\":[\"https:\\\/\\\/www.webdo.tn\\\/fr\\\/actualite\\\/sport\\\/grand-prix-de-tunis-de-para-athletisme-23-medailles-pour-la-tunisie\\\/202689\\\/\"]}]},{\"@type\":\"ImageObject\",\"inLanguage\":\"fr-FR\",\"@id\":\"https:\\\/\\\/www.webdo.tn\\\/fr\\\/actualite\\\/sport\\\/grand-prix-de-tunis-de-para-athletisme-23-medailles-pour-la-tunisie\\\/202689\\\/#primaryimage\",\"url\":\"https:\\\/\\\/www.webdo.tn\\\/fr\\\/wp-content\\\/uploads\\\/2023\\\/02\\\/c107b65d2feaa632a310af0045d79833.jpg\",\"contentUrl\":\"https:\\\/\\\/www.webdo.tn\\\/fr\\\/wp-content\\\/uploads\\\/2023\\\/02\\\/c107b65d2feaa632a310af0045d79833.jpg\",\"width\":750,\"height\":400,\"caption\":\"Grand Prix de Tunis de para-athl\u00e9tisme : 23 m\u00e9dailles pour la Tunisie\"},{\"@type\":\"BreadcrumbList\",\"@id\":\"https:\\\/\\\/www.webdo.tn\\\/fr\\\/actualite\\\/sport\\\/grand-prix-de-tunis-de-para-athletisme-23-medailles-pour-la-tunisie\\\/202689\\\/#breadcrumb\",\"itemListElement\":[{\"@type\":\"ListItem\",\"position\":1,\"name\":\"Accueil\",\"item\":\"https:\\\/\\\/www.webdo.tn\\\/fr\\\/\"},{\"@type\":\"ListItem\",\"position\":2,\"name\":\"Grand Prix de Tunis de para-athl\u00e9tisme : 23 m\u00e9dailles pour la Tunisie\"}]},{\"@type\":\"WebSite\",\"@id\":\"https:\\\/\\\/www.webdo.tn\\\/fr\\\/#website\",\"url\":\"https:\\\/\\\/www.webdo.tn\\\/fr\\\/\",\"name\":\"webdo\",\"description\":\"Tunisie - News en Tunisie et \u00e0 l&#039;international sur Webdo.tn\",\"publisher\":{\"@id\":\"https:\\\/\\\/www.webdo.tn\\\/fr\\\/#organization\"},\"potentialAction\":[{\"@type\":\"SearchAction\",\"target\":{\"@type\":\"EntryPoint\",\"urlTemplate\":\"https:\\\/\\\/www.webdo.tn\\\/fr\\\/?s={search_term_string}\"},\"query-input\":{\"@type\":\"PropertyValueSpecification\",\"valueRequired\":true,\"valueName\":\"search_term_string\"}}],\"inLanguage\":\"fr-FR\"},{\"@type\":\"Organization\",\"@id\":\"https:\\\/\\\/www.webdo.tn\\\/fr\\\/#organization\",\"name\":\"Webdo\",\"alternateName\":\"Webdo.tn\",\"url\":\"https:\\\/\\\/www.webdo.tn\\\/fr\\\/\",\"logo\":{\"@type\":\"ImageObject\",\"inLanguage\":\"fr-FR\",\"@id\":\"https:\\\/\\\/www.webdo.tn\\\/fr\\\/#\\\/schema\\\/logo\\\/image\\\/\",\"url\":\"https:\\\/\\\/www.webdo.tn\\\/fr\\\/wp-content\\\/uploads\\\/2025\\\/06\\\/Webdo-Tunisie_168377.jpg\",\"contentUrl\":\"https:\\\/\\\/www.webdo.tn\\\/fr\\\/wp-content\\\/uploads\\\/2025\\\/06\\\/Webdo-Tunisie_168377.jpg\",\"width\":301,\"height\":301,\"caption\":\"Webdo\"},\"image\":{\"@id\":\"https:\\\/\\\/www.webdo.tn\\\/fr\\\/#\\\/schema\\\/logo\\\/image\\\/\"},\"sameAs\":[\"https:\\\/\\\/www.facebook.com\\\/webdotn\",\"https:\\\/\\\/x.com\\\/webdo_tn\"],\"description\":\"Webdo est un m\u00e9dia num\u00e9rique tunisien fond\u00e9 en 2010, sp\u00e9cialis\u00e9 dans l\u2019actualit\u00e9 nationale et internationale, l\u2019\u00e9conomie, la soci\u00e9t\u00e9 et les analyses politiques. Le site s\u2019adresse \u00e0 un large public francophone et couvre l\u2019information tunisienne en temps r\u00e9el.\",\"email\":\"redac@webdo.tn\",\"legalName\":\"YNJ SARL\",\"foundingDate\":\"2010-09-06\",\"numberOfEmployees\":{\"@type\":\"QuantitativeValue\",\"minValue\":\"11\",\"maxValue\":\"50\"}},{\"@type\":\"Person\",\"@id\":\"https:\\\/\\\/www.webdo.tn\\\/fr\\\/#\\\/schema\\\/person\\\/2c4929cbf5a809e3bd38617c6ce150f6\",\"name\":\"MC\",\"image\":{\"@type\":\"ImageObject\",\"inLanguage\":\"fr-FR\",\"@id\":\"https:\\\/\\\/secure.gravatar.com\\\/avatar\\\/a545bbb6f84efdd5553dbbc2895e3ca8f1d12c5215e00a041c9670b54aa9b18a?s=96&d=mm&r=g\",\"url\":\"https:\\\/\\\/secure.gravatar.com\\\/avatar\\\/a545bbb6f84efdd5553dbbc2895e3ca8f1d12c5215e00a041c9670b54aa9b18a?s=96&d=mm&r=g\",\"contentUrl\":\"https:\\\/\\\/secure.gravatar.com\\\/avatar\\\/a545bbb6f84efdd5553dbbc2895e3ca8f1d12c5215e00a041c9670b54aa9b18a?s=96&d=mm&r=g\",\"caption\":\"MC\"},\"url\":\"https:\\\/\\\/www.webdo.tn\\\/fr\\\/actualite\\\/author\\\/mc\\\/\"}]}<\/script>\n<!-- \/ Yoast SEO Premium plugin. -->","yoast_head_json":{"title":"Grand Prix de Tunis de para-athl\u00e9tisme : 23 m\u00e9dailles pour la Tunisie","description":"Le Grand Prix de Tunis de para-athl\u00e9tisme s\u2019est poursuivi, hier avec la 2\u00e8me journ\u00e9e au cours de laquelle les athl\u00e8tes tunisiens se sont illustr\u00e9s en d\u00e9crochant...","canonical":"https:\/\/www.webdo.tn\/fr\/actualite\/sport\/grand-prix-de-tunis-de-para-athletisme-23-medailles-pour-la-tunisie\/202689\/","og_locale":"fr_FR","og_type":"article","og_title":"Grand Prix de Tunis de para-athl\u00e9tisme : 23 m\u00e9dailles pour la Tunisie","og_description":"Le Grand Prix de Tunis de para-athl\u00e9tisme s\u2019est poursuivi, hier avec la 2\u00e8me journ\u00e9e au cours de laquelle les athl\u00e8tes tunisiens se sont illustr\u00e9s en d\u00e9crochant...","og_url":"https:\/\/www.webdo.tn\/fr\/actualite\/sport\/grand-prix-de-tunis-de-para-athletisme-23-medailles-pour-la-tunisie\/202689\/","og_site_name":"webdo","article_publisher":"https:\/\/www.facebook.com\/webdotn","article_published_time":"2023-02-08T08:46:00+00:00","article_modified_time":"2025-05-20T22:07:24+00:00","og_image":[{"width":750,"height":400,"url":"https:\/\/www.webdo.tn\/fr\/wp-content\/uploads\/2023\/02\/c107b65d2feaa632a310af0045d79833.jpg","type":"image\/jpeg"}],"author":"MC","twitter_card":"summary_large_image","twitter_creator":"@webdo_tn","twitter_site":"@webdo_tn","twitter_misc":{"\u00c9crit par":"MC","Dur\u00e9e de lecture estim\u00e9e":"1 minute"},"schema":{"@context":"https:\/\/schema.org","@graph":[{"@type":"NewsArticle","@id":"https:\/\/www.webdo.tn\/fr\/actualite\/sport\/grand-prix-de-tunis-de-para-athletisme-23-medailles-pour-la-tunisie\/202689\/#article","isPartOf":{"@id":"https:\/\/www.webdo.tn\/fr\/actualite\/sport\/grand-prix-de-tunis-de-para-athletisme-23-medailles-pour-la-tunisie\/202689\/"},"author":{"name":"MC","@id":"https:\/\/www.webdo.tn\/fr\/#\/schema\/person\/2c4929cbf5a809e3bd38617c6ce150f6"},"headline":"Grand Prix de Tunis de para-athl\u00e9tisme : 23 m\u00e9dailles pour la Tunisie","datePublished":"2023-02-08T08:46:00+00:00","dateModified":"2025-05-20T22:07:24+00:00","mainEntityOfPage":{"@id":"https:\/\/www.webdo.tn\/fr\/actualite\/sport\/grand-prix-de-tunis-de-para-athletisme-23-medailles-pour-la-tunisie\/202689\/"},"wordCount":257,"commentCount":0,"publisher":{"@id":"https:\/\/www.webdo.tn\/fr\/#organization"},"image":{"@id":"https:\/\/www.webdo.tn\/fr\/actualite\/sport\/grand-prix-de-tunis-de-para-athletisme-23-medailles-pour-la-tunisie\/202689\/#primaryimage"},"thumbnailUrl":"https:\/\/www.webdo.tn\/fr\/wp-content\/uploads\/2023\/02\/c107b65d2feaa632a310af0045d79833.jpg","keywords":["grand prix de tunis","m\u00e9dailles","para-athl\u00e9tisme","Walid Ktila"],"articleSection":["Sport"],"inLanguage":"fr-FR"},{"@type":"WebPage","@id":"https:\/\/www.webdo.tn\/fr\/actualite\/sport\/grand-prix-de-tunis-de-para-athletisme-23-medailles-pour-la-tunisie\/202689\/","url":"https:\/\/www.webdo.tn\/fr\/actualite\/sport\/grand-prix-de-tunis-de-para-athletisme-23-medailles-pour-la-tunisie\/202689\/","name":"Grand Prix de Tunis de para-athl\u00e9tisme : 23 m\u00e9dailles pour la Tunisie","isPartOf":{"@id":"https:\/\/www.webdo.tn\/fr\/#website"},"primaryImageOfPage":{"@id":"https:\/\/www.webdo.tn\/fr\/actualite\/sport\/grand-prix-de-tunis-de-para-athletisme-23-medailles-pour-la-tunisie\/202689\/#primaryimage"},"image":{"@id":"https:\/\/www.webdo.tn\/fr\/actualite\/sport\/grand-prix-de-tunis-de-para-athletisme-23-medailles-pour-la-tunisie\/202689\/#primaryimage"},"thumbnailUrl":"https:\/\/www.webdo.tn\/fr\/wp-content\/uploads\/2023\/02\/c107b65d2feaa632a310af0045d79833.jpg","datePublished":"2023-02-08T08:46:00+00:00","dateModified":"2025-05-20T22:07:24+00:00","description":"Le Grand Prix de Tunis de para-athl\u00e9tisme s\u2019est poursuivi, hier avec la 2\u00e8me journ\u00e9e au cours de laquelle les athl\u00e8tes tunisiens se sont illustr\u00e9s en d\u00e9crochant...","breadcrumb":{"@id":"https:\/\/www.webdo.tn\/fr\/actualite\/sport\/grand-prix-de-tunis-de-para-athletisme-23-medailles-pour-la-tunisie\/202689\/#breadcrumb"},"inLanguage":"fr-FR","potentialAction":[{"@type":"ReadAction","target":["https:\/\/www.webdo.tn\/fr\/actualite\/sport\/grand-prix-de-tunis-de-para-athletisme-23-medailles-pour-la-tunisie\/202689\/"]}]},{"@type":"ImageObject","inLanguage":"fr-FR","@id":"https:\/\/www.webdo.tn\/fr\/actualite\/sport\/grand-prix-de-tunis-de-para-athletisme-23-medailles-pour-la-tunisie\/202689\/#primaryimage","url":"https:\/\/www.webdo.tn\/fr\/wp-content\/uploads\/2023\/02\/c107b65d2feaa632a310af0045d79833.jpg","contentUrl":"https:\/\/www.webdo.tn\/fr\/wp-content\/uploads\/2023\/02\/c107b65d2feaa632a310af0045d79833.jpg","width":750,"height":400,"caption":"Grand Prix de Tunis de para-athl\u00e9tisme : 23 m\u00e9dailles pour la Tunisie"},{"@type":"BreadcrumbList","@id":"https:\/\/www.webdo.tn\/fr\/actualite\/sport\/grand-prix-de-tunis-de-para-athletisme-23-medailles-pour-la-tunisie\/202689\/#breadcrumb","itemListElement":[{"@type":"ListItem","position":1,"name":"Accueil","item":"https:\/\/www.webdo.tn\/fr\/"},{"@type":"ListItem","position":2,"name":"Grand Prix de Tunis de para-athl\u00e9tisme : 23 m\u00e9dailles pour la Tunisie"}]},{"@type":"WebSite","@id":"https:\/\/www.webdo.tn\/fr\/#website","url":"https:\/\/www.webdo.tn\/fr\/","name":"webdo","description":"Tunisie - News en Tunisie et \u00e0 l&#039;international sur Webdo.tn","publisher":{"@id":"https:\/\/www.webdo.tn\/fr\/#organization"},"potentialAction":[{"@type":"SearchAction","target":{"@type":"EntryPoint","urlTemplate":"https:\/\/www.webdo.tn\/fr\/?s={search_term_string}"},"query-input":{"@type":"PropertyValueSpecification","valueRequired":true,"valueName":"search_term_string"}}],"inLanguage":"fr-FR"},{"@type":"Organization","@id":"https:\/\/www.webdo.tn\/fr\/#organization","name":"Webdo","alternateName":"Webdo.tn","url":"https:\/\/www.webdo.tn\/fr\/","logo":{"@type":"ImageObject","inLanguage":"fr-FR","@id":"https:\/\/www.webdo.tn\/fr\/#\/schema\/logo\/image\/","url":"https:\/\/www.webdo.tn\/fr\/wp-content\/uploads\/2025\/06\/Webdo-Tunisie_168377.jpg","contentUrl":"https:\/\/www.webdo.tn\/fr\/wp-content\/uploads\/2025\/06\/Webdo-Tunisie_168377.jpg","width":301,"height":301,"caption":"Webdo"},"image":{"@id":"https:\/\/www.webdo.tn\/fr\/#\/schema\/logo\/image\/"},"sameAs":["https:\/\/www.facebook.com\/webdotn","https:\/\/x.com\/webdo_tn"],"description":"Webdo est un m\u00e9dia num\u00e9rique tunisien fond\u00e9 en 2010, sp\u00e9cialis\u00e9 dans l\u2019actualit\u00e9 nationale et internationale, l\u2019\u00e9conomie, la soci\u00e9t\u00e9 et les analyses politiques. Le site s\u2019adresse \u00e0 un large public francophone et couvre l\u2019information tunisienne en temps r\u00e9el.","email":"redac@webdo.tn","legalName":"YNJ SARL","foundingDate":"2010-09-06","numberOfEmployees":{"@type":"QuantitativeValue","minValue":"11","maxValue":"50"}},{"@type":"Person","@id":"https:\/\/www.webdo.tn\/fr\/#\/schema\/person\/2c4929cbf5a809e3bd38617c6ce150f6","name":"MC","image":{"@type":"ImageObject","inLanguage":"fr-FR","@id":"https:\/\/secure.gravatar.com\/avatar\/a545bbb6f84efdd5553dbbc2895e3ca8f1d12c5215e00a041c9670b54aa9b18a?s=96&d=mm&r=g","url":"https:\/\/secure.gravatar.com\/avatar\/a545bbb6f84efdd5553dbbc2895e3ca8f1d12c5215e00a041c9670b54aa9b18a?s=96&d=mm&r=g","contentUrl":"https:\/\/secure.gravatar.com\/avatar\/a545bbb6f84efdd5553dbbc2895e3ca8f1d12c5215e00a041c9670b54aa9b18a?s=96&d=mm&r=g","caption":"MC"},"url":"https:\/\/www.webdo.tn\/fr\/actualite\/author\/mc\/"}]}},"_links":{"self":[{"href":"https:\/\/www.webdo.tn\/fr\/wp-json\/wp\/v2\/posts\/202689","targetHints":{"allow":["GET"]}}],"collection":[{"href":"https:\/\/www.webdo.tn\/fr\/wp-json\/wp\/v2\/posts"}],"about":[{"href":"https:\/\/www.webdo.tn\/fr\/wp-json\/wp\/v2\/types\/post"}],"author":[{"embeddable":true,"href":"https:\/\/www.webdo.tn\/fr\/wp-json\/wp\/v2\/users\/3162"}],"replies":[{"embeddable":true,"href":"https:\/\/www.webdo.tn\/fr\/wp-json\/wp\/v2\/comments?post=202689"}],"version-history":[{"count":0,"href":"https:\/\/www.webdo.tn\/fr\/wp-json\/wp\/v2\/posts\/202689\/revisions"}],"wp:featuredmedia":[{"embeddable":true,"href":"https:\/\/www.webdo.tn\/fr\/wp-json\/wp\/v2\/media\/277701"}],"wp:attachment":[{"href":"https:\/\/www.webdo.tn\/fr\/wp-json\/wp\/v2\/media?parent=202689"}],"wp:term":[{"taxonomy":"category","embeddable":true,"href":"https:\/\/www.webdo.tn\/fr\/wp-json\/wp\/v2\/categories?post=202689"},{"taxonomy":"post_tag","embeddable":true,"href":"https:\/\/www.webdo.tn\/fr\/wp-json\/wp\/v2\/tags?post=202689"}],"curies":[{"name":"wp","href":"https:\/\/api.w.org\/{rel}","templated":true}]}}