{"id":202682,"date":"2023-02-07T21:10:00","date_gmt":"2023-02-07T21:10:00","guid":{"rendered":"https:\/\/www.webdo.tn\/fr\/actualite\/blog\/le-seisme-a-deplace-la-turquie-de-trois-metres\/202682\/"},"modified":"2025-06-04T18:06:55","modified_gmt":"2025-06-04T18:06:55","slug":"le-seisme-a-deplace-la-turquie-de-trois-metres","status":"publish","type":"post","link":"https:\/\/www.webdo.tn\/fr\/actualite\/international\/le-seisme-a-deplace-la-turquie-de-trois-metres\/202682\/","title":{"rendered":"Le s\u00e9isme a d\u00e9plac\u00e9 la Turquie de trois m\u00e8tres"},"content":{"rendered":"<p>Le nombre de victimes continue de grimper en Turquie et en Syrie avec plus de 6200 morts et 25.000 bless\u00e9s apr\u00e8s les deux s\u00e9ismes, l\u2019un d\u2019une magnitude 7,8 et l\u2019autre 7,5, ayant frapp\u00e9 ces deux pays.<\/p>\n<p> Les pertes humaines sont consid\u00e9rables, les d\u00e9g\u00e2ts physiques \u00e9galement, de nombreux b\u00e2timents s\u2019\u00e9tant \u00e9croul\u00e9s \u00e0 cause des secousses, en Turquie comme en Syrie. En Turquie, les autorit\u00e9s ont d\u00e9nombr\u00e9 pr\u00e8s de 5000 immeubles d\u00e9truits.<\/p>\n<p>Les secousses du s\u00e9isme de magnitude 7,8 ayant frapp\u00e9 le sud de la Turquie et la Syrie ont d\u2019ailleurs \u00e9t\u00e9 ressenties jusqu\u2019au Groenland, et selon un expert italien, la plaque anatolienne s\u2019est d\u00e9plac\u00e9e d\u2019au moins trois m\u00e8tres.<\/p>\n<p>Le pr\u00e9sident de l\u2019Institut national de g\u00e9ophysique et de volcanologie italien, Carlo Doglioni a livr\u00e9 ses explications dans le journal italien \u00ab\u00a0Corriere della Sera\u00a0\u00bb, estimant que les secousses ont d\u00e9plac\u00e9 la Turquie de trois m\u00e8tres.<\/p>\n<p>\u00ab\u00a0Ce que nous appelons la plaque arabique s&rsquo;est d\u00e9plac\u00e9e d&rsquo;environ 3 m\u00e8tres dans une direction nord-est-sud-ouest par rapport \u00e0 la plaque anatolienne. Nous parlons d&rsquo;une structure dans la zone fronti\u00e8re entre ce monde, celui de la plaque arabique, et celui de la plaque anatolienne\u00a0\u00bb, a-t-il expliqu\u00e9.<\/p>\n<p>\u00ab\u00a0D&rsquo;apr\u00e8s les estimations dont nous disposons, nous savons que la faille a \u00e9t\u00e9 activ\u00e9e sur au moins 150 kilom\u00e8tres avec un d\u00e9placement de plus de trois m\u00e8tres. Tout s&rsquo;est pass\u00e9 en quelques dizaines de secondes\u00a0\u00bb a-t-il ajout\u00e9.<\/p>\n<p>Carlo Doglioni souligne que cette zone est \u00ab\u00a0tr\u00e8s active et l&rsquo;une des plus dangereuses de la M\u00e9diterran\u00e9e. De tr\u00e8s graves tremblements de terre s&rsquo;y sont produits au cours des si\u00e8cles pass\u00e9s\u00a0\u00bb.<\/p>\n<p>\u00ab\u00a0Le plan de faille est tr\u00e8s inclin\u00e9 et nous observons un d\u00e9placement horizontal des deux c\u00f4t\u00e9s de la faille pendant l&rsquo;\u00e9v\u00e9nement\u00a0\u00bb, a-t-il indiqu\u00e9.<\/p>\n","protected":false},"excerpt":{"rendered":"<p>Le nombre de victimes continue de grimper en Turquie et en Syrie avec plus de 6200 morts et 25.000 bless\u00e9s apr\u00e8s les deux s\u00e9ismes, l\u2019un d\u2019une magnitude 7,8 et l&#8230;<\/p>\n","protected":false},"author":3162,"featured_media":348176,"comment_status":"open","ping_status":"closed","sticky":false,"template":"","format":"standard","meta":{"footnotes":""},"categories":[2598],"tags":[7271,3504,3550],"class_list":["post-202682","post","type-post","status-publish","format-standard","has-post-thumbnail","hentry","category-international","tag-seisme","tag-syrie","tag-turquie"],"yoast_head":"<!-- This site is optimized with the Yoast SEO Premium plugin v27.4 (Yoast SEO v27.5) - https:\/\/yoast.com\/product\/yoast-seo-premium-wordpress\/ -->\n<title>Le s\u00e9isme a d\u00e9plac\u00e9 la Turquie de trois m\u00e8tres<\/title>\n<meta name=\"description\" content=\"Le nombre de victimes continue de grimper en Turquie et en Syrie avec plus de 6200 morts et 25.000 bless\u00e9s apr\u00e8s les deux s\u00e9ismes, l\u2019un d\u2019une magnitude 7,8 et l...\" \/>\n<link rel=\"canonical\" href=\"https:\/\/www.webdo.tn\/fr\/actualite\/international\/le-seisme-a-deplace-la-turquie-de-trois-metres\/202682\/\" \/>\n<meta property=\"og:locale\" content=\"fr_FR\" \/>\n<meta property=\"og:type\" content=\"article\" \/>\n<meta property=\"og:title\" content=\"Le s\u00e9isme a d\u00e9plac\u00e9 la Turquie de trois m\u00e8tres\" \/>\n<meta property=\"og:description\" content=\"Le nombre de victimes continue de grimper en Turquie et en Syrie avec plus de 6200 morts et 25.000 bless\u00e9s apr\u00e8s les deux s\u00e9ismes, l\u2019un d\u2019une magnitude 7,8 et l...\" \/>\n<meta property=\"og:url\" content=\"https:\/\/www.webdo.tn\/fr\/actualite\/international\/le-seisme-a-deplace-la-turquie-de-trois-metres\/202682\/\" \/>\n<meta property=\"og:site_name\" content=\"webdo\" \/>\n<meta property=\"article:publisher\" content=\"https:\/\/www.facebook.com\/webdotn\" \/>\n<meta property=\"article:published_time\" content=\"2023-02-07T21:10:00+00:00\" \/>\n<meta property=\"article:modified_time\" content=\"2025-06-04T18:06:55+00:00\" \/>\n<meta property=\"og:image\" content=\"https:\/\/www.webdo.tn\/fr\/wp-content\/uploads\/2023\/02\/1afc7174809c28aac279407ef6ee223c.jpg\" \/>\n\t<meta property=\"og:image:width\" content=\"750\" \/>\n\t<meta property=\"og:image:height\" content=\"400\" \/>\n\t<meta property=\"og:image:type\" content=\"image\/jpeg\" \/>\n<meta name=\"author\" content=\"MC\" \/>\n<meta name=\"twitter:card\" content=\"summary_large_image\" \/>\n<meta name=\"twitter:creator\" content=\"@webdo_tn\" \/>\n<meta name=\"twitter:site\" content=\"@webdo_tn\" \/>\n<meta name=\"twitter:label1\" content=\"\u00c9crit par\" \/>\n\t<meta name=\"twitter:data1\" content=\"MC\" \/>\n\t<meta name=\"twitter:label2\" content=\"Dur\u00e9e de lecture estim\u00e9e\" \/>\n\t<meta name=\"twitter:data2\" content=\"2 minutes\" \/>\n<script type=\"application\/ld+json\" class=\"yoast-schema-graph\">{\"@context\":\"https:\\\/\\\/schema.org\",\"@graph\":[{\"@type\":\"NewsArticle\",\"@id\":\"https:\\\/\\\/www.webdo.tn\\\/fr\\\/actualite\\\/international\\\/le-seisme-a-deplace-la-turquie-de-trois-metres\\\/202682\\\/#article\",\"isPartOf\":{\"@id\":\"https:\\\/\\\/www.webdo.tn\\\/fr\\\/actualite\\\/international\\\/le-seisme-a-deplace-la-turquie-de-trois-metres\\\/202682\\\/\"},\"author\":{\"name\":\"MC\",\"@id\":\"https:\\\/\\\/www.webdo.tn\\\/fr\\\/#\\\/schema\\\/person\\\/2c4929cbf5a809e3bd38617c6ce150f6\"},\"headline\":\"Le s\u00e9isme a d\u00e9plac\u00e9 la Turquie de trois m\u00e8tres\",\"datePublished\":\"2023-02-07T21:10:00+00:00\",\"dateModified\":\"2025-06-04T18:06:55+00:00\",\"mainEntityOfPage\":{\"@id\":\"https:\\\/\\\/www.webdo.tn\\\/fr\\\/actualite\\\/international\\\/le-seisme-a-deplace-la-turquie-de-trois-metres\\\/202682\\\/\"},\"wordCount\":338,\"commentCount\":0,\"publisher\":{\"@id\":\"https:\\\/\\\/www.webdo.tn\\\/fr\\\/#organization\"},\"image\":{\"@id\":\"https:\\\/\\\/www.webdo.tn\\\/fr\\\/actualite\\\/international\\\/le-seisme-a-deplace-la-turquie-de-trois-metres\\\/202682\\\/#primaryimage\"},\"thumbnailUrl\":\"https:\\\/\\\/www.webdo.tn\\\/fr\\\/wp-content\\\/uploads\\\/2023\\\/02\\\/1afc7174809c28aac279407ef6ee223c.jpg\",\"keywords\":[\"s\u00e9isme\",\"syrie\",\"Turquie\"],\"articleSection\":[\"International\"],\"inLanguage\":\"fr-FR\"},{\"@type\":\"WebPage\",\"@id\":\"https:\\\/\\\/www.webdo.tn\\\/fr\\\/actualite\\\/international\\\/le-seisme-a-deplace-la-turquie-de-trois-metres\\\/202682\\\/\",\"url\":\"https:\\\/\\\/www.webdo.tn\\\/fr\\\/actualite\\\/international\\\/le-seisme-a-deplace-la-turquie-de-trois-metres\\\/202682\\\/\",\"name\":\"Le s\u00e9isme a d\u00e9plac\u00e9 la Turquie de trois m\u00e8tres\",\"isPartOf\":{\"@id\":\"https:\\\/\\\/www.webdo.tn\\\/fr\\\/#website\"},\"primaryImageOfPage\":{\"@id\":\"https:\\\/\\\/www.webdo.tn\\\/fr\\\/actualite\\\/international\\\/le-seisme-a-deplace-la-turquie-de-trois-metres\\\/202682\\\/#primaryimage\"},\"image\":{\"@id\":\"https:\\\/\\\/www.webdo.tn\\\/fr\\\/actualite\\\/international\\\/le-seisme-a-deplace-la-turquie-de-trois-metres\\\/202682\\\/#primaryimage\"},\"thumbnailUrl\":\"https:\\\/\\\/www.webdo.tn\\\/fr\\\/wp-content\\\/uploads\\\/2023\\\/02\\\/1afc7174809c28aac279407ef6ee223c.jpg\",\"datePublished\":\"2023-02-07T21:10:00+00:00\",\"dateModified\":\"2025-06-04T18:06:55+00:00\",\"description\":\"Le nombre de victimes continue de grimper en Turquie et en Syrie avec plus de 6200 morts et 25.000 bless\u00e9s apr\u00e8s les deux s\u00e9ismes, l\u2019un d\u2019une magnitude 7,8 et l...\",\"breadcrumb\":{\"@id\":\"https:\\\/\\\/www.webdo.tn\\\/fr\\\/actualite\\\/international\\\/le-seisme-a-deplace-la-turquie-de-trois-metres\\\/202682\\\/#breadcrumb\"},\"inLanguage\":\"fr-FR\",\"potentialAction\":[{\"@type\":\"ReadAction\",\"target\":[\"https:\\\/\\\/www.webdo.tn\\\/fr\\\/actualite\\\/international\\\/le-seisme-a-deplace-la-turquie-de-trois-metres\\\/202682\\\/\"]}]},{\"@type\":\"ImageObject\",\"inLanguage\":\"fr-FR\",\"@id\":\"https:\\\/\\\/www.webdo.tn\\\/fr\\\/actualite\\\/international\\\/le-seisme-a-deplace-la-turquie-de-trois-metres\\\/202682\\\/#primaryimage\",\"url\":\"https:\\\/\\\/www.webdo.tn\\\/fr\\\/wp-content\\\/uploads\\\/2023\\\/02\\\/1afc7174809c28aac279407ef6ee223c.jpg\",\"contentUrl\":\"https:\\\/\\\/www.webdo.tn\\\/fr\\\/wp-content\\\/uploads\\\/2023\\\/02\\\/1afc7174809c28aac279407ef6ee223c.jpg\",\"width\":750,\"height\":400,\"caption\":\"Le s\u00e9isme a d\u00e9plac\u00e9 la Turquie de trois m\u00e8tres\"},{\"@type\":\"BreadcrumbList\",\"@id\":\"https:\\\/\\\/www.webdo.tn\\\/fr\\\/actualite\\\/international\\\/le-seisme-a-deplace-la-turquie-de-trois-metres\\\/202682\\\/#breadcrumb\",\"itemListElement\":[{\"@type\":\"ListItem\",\"position\":1,\"name\":\"Accueil\",\"item\":\"https:\\\/\\\/www.webdo.tn\\\/fr\\\/\"},{\"@type\":\"ListItem\",\"position\":2,\"name\":\"Le s\u00e9isme a d\u00e9plac\u00e9 la Turquie de trois m\u00e8tres\"}]},{\"@type\":\"WebSite\",\"@id\":\"https:\\\/\\\/www.webdo.tn\\\/fr\\\/#website\",\"url\":\"https:\\\/\\\/www.webdo.tn\\\/fr\\\/\",\"name\":\"webdo\",\"description\":\"Tunisie - News en Tunisie et \u00e0 l&#039;international sur Webdo.tn\",\"publisher\":{\"@id\":\"https:\\\/\\\/www.webdo.tn\\\/fr\\\/#organization\"},\"potentialAction\":[{\"@type\":\"SearchAction\",\"target\":{\"@type\":\"EntryPoint\",\"urlTemplate\":\"https:\\\/\\\/www.webdo.tn\\\/fr\\\/?s={search_term_string}\"},\"query-input\":{\"@type\":\"PropertyValueSpecification\",\"valueRequired\":true,\"valueName\":\"search_term_string\"}}],\"inLanguage\":\"fr-FR\"},{\"@type\":\"Organization\",\"@id\":\"https:\\\/\\\/www.webdo.tn\\\/fr\\\/#organization\",\"name\":\"Webdo\",\"alternateName\":\"Webdo.tn\",\"url\":\"https:\\\/\\\/www.webdo.tn\\\/fr\\\/\",\"logo\":{\"@type\":\"ImageObject\",\"inLanguage\":\"fr-FR\",\"@id\":\"https:\\\/\\\/www.webdo.tn\\\/fr\\\/#\\\/schema\\\/logo\\\/image\\\/\",\"url\":\"https:\\\/\\\/www.webdo.tn\\\/fr\\\/wp-content\\\/uploads\\\/2025\\\/06\\\/Webdo-Tunisie_168377.jpg\",\"contentUrl\":\"https:\\\/\\\/www.webdo.tn\\\/fr\\\/wp-content\\\/uploads\\\/2025\\\/06\\\/Webdo-Tunisie_168377.jpg\",\"width\":301,\"height\":301,\"caption\":\"Webdo\"},\"image\":{\"@id\":\"https:\\\/\\\/www.webdo.tn\\\/fr\\\/#\\\/schema\\\/logo\\\/image\\\/\"},\"sameAs\":[\"https:\\\/\\\/www.facebook.com\\\/webdotn\",\"https:\\\/\\\/x.com\\\/webdo_tn\"],\"description\":\"Webdo est un m\u00e9dia num\u00e9rique tunisien fond\u00e9 en 2010, sp\u00e9cialis\u00e9 dans l\u2019actualit\u00e9 nationale et internationale, l\u2019\u00e9conomie, la soci\u00e9t\u00e9 et les analyses politiques. Le site s\u2019adresse \u00e0 un large public francophone et couvre l\u2019information tunisienne en temps r\u00e9el.\",\"email\":\"redac@webdo.tn\",\"legalName\":\"YNJ SARL\",\"foundingDate\":\"2010-09-06\",\"numberOfEmployees\":{\"@type\":\"QuantitativeValue\",\"minValue\":\"11\",\"maxValue\":\"50\"}},{\"@type\":\"Person\",\"@id\":\"https:\\\/\\\/www.webdo.tn\\\/fr\\\/#\\\/schema\\\/person\\\/2c4929cbf5a809e3bd38617c6ce150f6\",\"name\":\"MC\",\"image\":{\"@type\":\"ImageObject\",\"inLanguage\":\"fr-FR\",\"@id\":\"https:\\\/\\\/secure.gravatar.com\\\/avatar\\\/a545bbb6f84efdd5553dbbc2895e3ca8f1d12c5215e00a041c9670b54aa9b18a?s=96&d=mm&r=g\",\"url\":\"https:\\\/\\\/secure.gravatar.com\\\/avatar\\\/a545bbb6f84efdd5553dbbc2895e3ca8f1d12c5215e00a041c9670b54aa9b18a?s=96&d=mm&r=g\",\"contentUrl\":\"https:\\\/\\\/secure.gravatar.com\\\/avatar\\\/a545bbb6f84efdd5553dbbc2895e3ca8f1d12c5215e00a041c9670b54aa9b18a?s=96&d=mm&r=g\",\"caption\":\"MC\"},\"url\":\"https:\\\/\\\/www.webdo.tn\\\/fr\\\/actualite\\\/author\\\/mc\\\/\"}]}<\/script>\n<!-- \/ Yoast SEO Premium plugin. -->","yoast_head_json":{"title":"Le s\u00e9isme a d\u00e9plac\u00e9 la Turquie de trois m\u00e8tres","description":"Le nombre de victimes continue de grimper en Turquie et en Syrie avec plus de 6200 morts et 25.000 bless\u00e9s apr\u00e8s les deux s\u00e9ismes, l\u2019un d\u2019une magnitude 7,8 et l...","canonical":"https:\/\/www.webdo.tn\/fr\/actualite\/international\/le-seisme-a-deplace-la-turquie-de-trois-metres\/202682\/","og_locale":"fr_FR","og_type":"article","og_title":"Le s\u00e9isme a d\u00e9plac\u00e9 la Turquie de trois m\u00e8tres","og_description":"Le nombre de victimes continue de grimper en Turquie et en Syrie avec plus de 6200 morts et 25.000 bless\u00e9s apr\u00e8s les deux s\u00e9ismes, l\u2019un d\u2019une magnitude 7,8 et l...","og_url":"https:\/\/www.webdo.tn\/fr\/actualite\/international\/le-seisme-a-deplace-la-turquie-de-trois-metres\/202682\/","og_site_name":"webdo","article_publisher":"https:\/\/www.facebook.com\/webdotn","article_published_time":"2023-02-07T21:10:00+00:00","article_modified_time":"2025-06-04T18:06:55+00:00","og_image":[{"width":750,"height":400,"url":"https:\/\/www.webdo.tn\/fr\/wp-content\/uploads\/2023\/02\/1afc7174809c28aac279407ef6ee223c.jpg","type":"image\/jpeg"}],"author":"MC","twitter_card":"summary_large_image","twitter_creator":"@webdo_tn","twitter_site":"@webdo_tn","twitter_misc":{"\u00c9crit par":"MC","Dur\u00e9e de lecture estim\u00e9e":"2 minutes"},"schema":{"@context":"https:\/\/schema.org","@graph":[{"@type":"NewsArticle","@id":"https:\/\/www.webdo.tn\/fr\/actualite\/international\/le-seisme-a-deplace-la-turquie-de-trois-metres\/202682\/#article","isPartOf":{"@id":"https:\/\/www.webdo.tn\/fr\/actualite\/international\/le-seisme-a-deplace-la-turquie-de-trois-metres\/202682\/"},"author":{"name":"MC","@id":"https:\/\/www.webdo.tn\/fr\/#\/schema\/person\/2c4929cbf5a809e3bd38617c6ce150f6"},"headline":"Le s\u00e9isme a d\u00e9plac\u00e9 la Turquie de trois m\u00e8tres","datePublished":"2023-02-07T21:10:00+00:00","dateModified":"2025-06-04T18:06:55+00:00","mainEntityOfPage":{"@id":"https:\/\/www.webdo.tn\/fr\/actualite\/international\/le-seisme-a-deplace-la-turquie-de-trois-metres\/202682\/"},"wordCount":338,"commentCount":0,"publisher":{"@id":"https:\/\/www.webdo.tn\/fr\/#organization"},"image":{"@id":"https:\/\/www.webdo.tn\/fr\/actualite\/international\/le-seisme-a-deplace-la-turquie-de-trois-metres\/202682\/#primaryimage"},"thumbnailUrl":"https:\/\/www.webdo.tn\/fr\/wp-content\/uploads\/2023\/02\/1afc7174809c28aac279407ef6ee223c.jpg","keywords":["s\u00e9isme","syrie","Turquie"],"articleSection":["International"],"inLanguage":"fr-FR"},{"@type":"WebPage","@id":"https:\/\/www.webdo.tn\/fr\/actualite\/international\/le-seisme-a-deplace-la-turquie-de-trois-metres\/202682\/","url":"https:\/\/www.webdo.tn\/fr\/actualite\/international\/le-seisme-a-deplace-la-turquie-de-trois-metres\/202682\/","name":"Le s\u00e9isme a d\u00e9plac\u00e9 la Turquie de trois m\u00e8tres","isPartOf":{"@id":"https:\/\/www.webdo.tn\/fr\/#website"},"primaryImageOfPage":{"@id":"https:\/\/www.webdo.tn\/fr\/actualite\/international\/le-seisme-a-deplace-la-turquie-de-trois-metres\/202682\/#primaryimage"},"image":{"@id":"https:\/\/www.webdo.tn\/fr\/actualite\/international\/le-seisme-a-deplace-la-turquie-de-trois-metres\/202682\/#primaryimage"},"thumbnailUrl":"https:\/\/www.webdo.tn\/fr\/wp-content\/uploads\/2023\/02\/1afc7174809c28aac279407ef6ee223c.jpg","datePublished":"2023-02-07T21:10:00+00:00","dateModified":"2025-06-04T18:06:55+00:00","description":"Le nombre de victimes continue de grimper en Turquie et en Syrie avec plus de 6200 morts et 25.000 bless\u00e9s apr\u00e8s les deux s\u00e9ismes, l\u2019un d\u2019une magnitude 7,8 et l...","breadcrumb":{"@id":"https:\/\/www.webdo.tn\/fr\/actualite\/international\/le-seisme-a-deplace-la-turquie-de-trois-metres\/202682\/#breadcrumb"},"inLanguage":"fr-FR","potentialAction":[{"@type":"ReadAction","target":["https:\/\/www.webdo.tn\/fr\/actualite\/international\/le-seisme-a-deplace-la-turquie-de-trois-metres\/202682\/"]}]},{"@type":"ImageObject","inLanguage":"fr-FR","@id":"https:\/\/www.webdo.tn\/fr\/actualite\/international\/le-seisme-a-deplace-la-turquie-de-trois-metres\/202682\/#primaryimage","url":"https:\/\/www.webdo.tn\/fr\/wp-content\/uploads\/2023\/02\/1afc7174809c28aac279407ef6ee223c.jpg","contentUrl":"https:\/\/www.webdo.tn\/fr\/wp-content\/uploads\/2023\/02\/1afc7174809c28aac279407ef6ee223c.jpg","width":750,"height":400,"caption":"Le s\u00e9isme a d\u00e9plac\u00e9 la Turquie de trois m\u00e8tres"},{"@type":"BreadcrumbList","@id":"https:\/\/www.webdo.tn\/fr\/actualite\/international\/le-seisme-a-deplace-la-turquie-de-trois-metres\/202682\/#breadcrumb","itemListElement":[{"@type":"ListItem","position":1,"name":"Accueil","item":"https:\/\/www.webdo.tn\/fr\/"},{"@type":"ListItem","position":2,"name":"Le s\u00e9isme a d\u00e9plac\u00e9 la Turquie de trois m\u00e8tres"}]},{"@type":"WebSite","@id":"https:\/\/www.webdo.tn\/fr\/#website","url":"https:\/\/www.webdo.tn\/fr\/","name":"webdo","description":"Tunisie - News en Tunisie et \u00e0 l&#039;international sur Webdo.tn","publisher":{"@id":"https:\/\/www.webdo.tn\/fr\/#organization"},"potentialAction":[{"@type":"SearchAction","target":{"@type":"EntryPoint","urlTemplate":"https:\/\/www.webdo.tn\/fr\/?s={search_term_string}"},"query-input":{"@type":"PropertyValueSpecification","valueRequired":true,"valueName":"search_term_string"}}],"inLanguage":"fr-FR"},{"@type":"Organization","@id":"https:\/\/www.webdo.tn\/fr\/#organization","name":"Webdo","alternateName":"Webdo.tn","url":"https:\/\/www.webdo.tn\/fr\/","logo":{"@type":"ImageObject","inLanguage":"fr-FR","@id":"https:\/\/www.webdo.tn\/fr\/#\/schema\/logo\/image\/","url":"https:\/\/www.webdo.tn\/fr\/wp-content\/uploads\/2025\/06\/Webdo-Tunisie_168377.jpg","contentUrl":"https:\/\/www.webdo.tn\/fr\/wp-content\/uploads\/2025\/06\/Webdo-Tunisie_168377.jpg","width":301,"height":301,"caption":"Webdo"},"image":{"@id":"https:\/\/www.webdo.tn\/fr\/#\/schema\/logo\/image\/"},"sameAs":["https:\/\/www.facebook.com\/webdotn","https:\/\/x.com\/webdo_tn"],"description":"Webdo est un m\u00e9dia num\u00e9rique tunisien fond\u00e9 en 2010, sp\u00e9cialis\u00e9 dans l\u2019actualit\u00e9 nationale et internationale, l\u2019\u00e9conomie, la soci\u00e9t\u00e9 et les analyses politiques. Le site s\u2019adresse \u00e0 un large public francophone et couvre l\u2019information tunisienne en temps r\u00e9el.","email":"redac@webdo.tn","legalName":"YNJ SARL","foundingDate":"2010-09-06","numberOfEmployees":{"@type":"QuantitativeValue","minValue":"11","maxValue":"50"}},{"@type":"Person","@id":"https:\/\/www.webdo.tn\/fr\/#\/schema\/person\/2c4929cbf5a809e3bd38617c6ce150f6","name":"MC","image":{"@type":"ImageObject","inLanguage":"fr-FR","@id":"https:\/\/secure.gravatar.com\/avatar\/a545bbb6f84efdd5553dbbc2895e3ca8f1d12c5215e00a041c9670b54aa9b18a?s=96&d=mm&r=g","url":"https:\/\/secure.gravatar.com\/avatar\/a545bbb6f84efdd5553dbbc2895e3ca8f1d12c5215e00a041c9670b54aa9b18a?s=96&d=mm&r=g","contentUrl":"https:\/\/secure.gravatar.com\/avatar\/a545bbb6f84efdd5553dbbc2895e3ca8f1d12c5215e00a041c9670b54aa9b18a?s=96&d=mm&r=g","caption":"MC"},"url":"https:\/\/www.webdo.tn\/fr\/actualite\/author\/mc\/"}]}},"_links":{"self":[{"href":"https:\/\/www.webdo.tn\/fr\/wp-json\/wp\/v2\/posts\/202682","targetHints":{"allow":["GET"]}}],"collection":[{"href":"https:\/\/www.webdo.tn\/fr\/wp-json\/wp\/v2\/posts"}],"about":[{"href":"https:\/\/www.webdo.tn\/fr\/wp-json\/wp\/v2\/types\/post"}],"author":[{"embeddable":true,"href":"https:\/\/www.webdo.tn\/fr\/wp-json\/wp\/v2\/users\/3162"}],"replies":[{"embeddable":true,"href":"https:\/\/www.webdo.tn\/fr\/wp-json\/wp\/v2\/comments?post=202682"}],"version-history":[{"count":0,"href":"https:\/\/www.webdo.tn\/fr\/wp-json\/wp\/v2\/posts\/202682\/revisions"}],"wp:featuredmedia":[{"embeddable":true,"href":"https:\/\/www.webdo.tn\/fr\/wp-json\/wp\/v2\/media\/348176"}],"wp:attachment":[{"href":"https:\/\/www.webdo.tn\/fr\/wp-json\/wp\/v2\/media?parent=202682"}],"wp:term":[{"taxonomy":"category","embeddable":true,"href":"https:\/\/www.webdo.tn\/fr\/wp-json\/wp\/v2\/categories?post=202682"},{"taxonomy":"post_tag","embeddable":true,"href":"https:\/\/www.webdo.tn\/fr\/wp-json\/wp\/v2\/tags?post=202682"}],"curies":[{"name":"wp","href":"https:\/\/api.w.org\/{rel}","templated":true}]}}