{"id":202680,"date":"2023-02-07T20:14:00","date_gmt":"2023-02-07T20:14:00","guid":{"rendered":"https:\/\/www.webdo.tn\/fr\/actualite\/blog\/seisme-en-turquie-et-en-syrie-le-bilan-provisoire-s-alourdit-a-6200-morts-et-plus-de-25-000-blesses\/202680\/"},"modified":"2025-06-04T18:06:53","modified_gmt":"2025-06-04T18:06:53","slug":"seisme-en-turquie-et-en-syrie-le-bilan-provisoire-s-alourdit-a-6200-morts-et-plus-de-25-000-blesses","status":"publish","type":"post","link":"https:\/\/www.webdo.tn\/fr\/actualite\/international\/seisme-en-turquie-et-en-syrie-le-bilan-provisoire-s-alourdit-a-6200-morts-et-plus-de-25-000-blesses\/202680\/","title":{"rendered":"S\u00e9isme en Turquie et en Syrie : Le bilan (provisoire) s\u2019alourdit \u00e0 6200 morts et plus de 25.000 bless\u00e9s"},"content":{"rendered":"<p>Un nouveau bilan (toujours provisoire) du nombre de victimes fait \u00e9tat de plus de 6200 morts et 25.000 bless\u00e9s en Turquie et en Syrie alors que les recherches pour retrouver d&rsquo;\u00e9ventuels survivants se poursuivent, malgr\u00e9 le froid qui complique la situation.<\/p>\n<p> Le terrible bilan humain des s\u00e9ismes qui ont frapp\u00e9 la Turquie et la Syrie ne cesse de s&rsquo;alourdir, mardi 7 f\u00e9vrier. L&rsquo;Afad, organisme officiel de secours turc, fait d\u00e9sormais \u00e9tat de 4544 morts tandis 1712 morts sont recens\u00e9s en Syrie, selon le r\u00e9gime et les secours dans la zone tenue par les rebelles, soit un bilan total de 6256 morts.<\/p>\n<p>A l\u2019heure o\u00f9 les recherches s\u2019intensifient pour retrouver d\u2019\u00e9ventuels survivants sous les d\u00e9combres, le froid vient compliquer les op\u00e9rations de secours. Quoi qu\u2019il en soit plus de 8000 personnes ont \u00e9t\u00e9 extraites des d\u00e9combres en Turquie, mais des milliers de personnes restent pi\u00e9g\u00e9es sous les b\u00e2timents d\u00e9truits des zones sinistr\u00e9es.<\/p>\n<p>En effet, de nombreux b\u00e2timents se sont \u00e9croul\u00e9s \u00e0 cause des secousses, en Turquie comme en Syrie. En Turquie, les autorit\u00e9s ont d\u00e9nombr\u00e9 pr\u00e8s de 5000 immeubles d\u00e9truits, a rapport\u00e9 l&rsquo;AFP.<\/p>\n","protected":false},"excerpt":{"rendered":"<p>Un nouveau bilan (toujours provisoire) du nombre de victimes fait \u00e9tat de plus de 6200 morts et 25.000 bless\u00e9s en Turquie et en Syrie alors que les recherches p&#8230;<\/p>\n","protected":false},"author":3162,"featured_media":348175,"comment_status":"open","ping_status":"closed","sticky":false,"template":"","format":"standard","meta":{"footnotes":""},"categories":[2598],"tags":[5941,7271,3504,3550],"class_list":["post-202680","post","type-post","status-publish","format-standard","has-post-thumbnail","hentry","category-international","tag-bilan","tag-seisme","tag-syrie","tag-turquie"],"yoast_head":"<!-- This site is optimized with the Yoast SEO Premium plugin v27.5 (Yoast SEO v27.5) - https:\/\/yoast.com\/product\/yoast-seo-premium-wordpress\/ -->\n<title>S\u00e9isme en Turquie et en Syrie : Le bilan (provisoire) s\u2019alourdit \u00e0 6200 morts et plus de 25.000 bless\u00e9s<\/title>\n<meta name=\"description\" content=\"Un nouveau bilan (toujours provisoire) du nombre de victimes fait \u00e9tat de plus de 6200 morts et 25.000 bless\u00e9s en Turquie et en Syrie alors que les recherches p...\" \/>\n<link rel=\"canonical\" href=\"https:\/\/www.webdo.tn\/fr\/actualite\/international\/seisme-en-turquie-et-en-syrie-le-bilan-provisoire-s-alourdit-a-6200-morts-et-plus-de-25-000-blesses\/202680\/\" \/>\n<meta property=\"og:locale\" content=\"fr_FR\" \/>\n<meta property=\"og:type\" content=\"article\" \/>\n<meta property=\"og:title\" content=\"S\u00e9isme en Turquie et en Syrie : Le bilan (provisoire) s\u2019alourdit \u00e0 6200 morts et plus de 25.000 bless\u00e9s\" \/>\n<meta property=\"og:description\" content=\"Un nouveau bilan (toujours provisoire) du nombre de victimes fait \u00e9tat de plus de 6200 morts et 25.000 bless\u00e9s en Turquie et en Syrie alors que les recherches p...\" \/>\n<meta property=\"og:url\" content=\"https:\/\/www.webdo.tn\/fr\/actualite\/international\/seisme-en-turquie-et-en-syrie-le-bilan-provisoire-s-alourdit-a-6200-morts-et-plus-de-25-000-blesses\/202680\/\" \/>\n<meta property=\"og:site_name\" content=\"webdo\" \/>\n<meta property=\"article:publisher\" content=\"https:\/\/www.facebook.com\/webdotn\" \/>\n<meta property=\"article:published_time\" content=\"2023-02-07T20:14:00+00:00\" \/>\n<meta property=\"article:modified_time\" content=\"2025-06-04T18:06:53+00:00\" \/>\n<meta property=\"og:image\" content=\"https:\/\/www.webdo.tn\/fr\/wp-content\/uploads\/2023\/02\/6fe316a2ada53d32ad0082349c079e68.jpg\" \/>\n\t<meta property=\"og:image:width\" content=\"720\" \/>\n\t<meta property=\"og:image:height\" content=\"384\" \/>\n\t<meta property=\"og:image:type\" content=\"image\/jpeg\" \/>\n<meta name=\"author\" content=\"MC\" \/>\n<meta name=\"twitter:card\" content=\"summary_large_image\" \/>\n<meta name=\"twitter:creator\" content=\"@webdo_tn\" \/>\n<meta name=\"twitter:site\" content=\"@webdo_tn\" \/>\n<meta name=\"twitter:label1\" content=\"\u00c9crit par\" \/>\n\t<meta name=\"twitter:data1\" content=\"MC\" \/>\n\t<meta name=\"twitter:label2\" content=\"Dur\u00e9e de lecture estim\u00e9e\" \/>\n\t<meta name=\"twitter:data2\" content=\"1 minute\" \/>\n<script type=\"application\/ld+json\" class=\"yoast-schema-graph\">{\"@context\":\"https:\\\/\\\/schema.org\",\"@graph\":[{\"@type\":\"NewsArticle\",\"@id\":\"https:\\\/\\\/www.webdo.tn\\\/fr\\\/actualite\\\/international\\\/seisme-en-turquie-et-en-syrie-le-bilan-provisoire-s-alourdit-a-6200-morts-et-plus-de-25-000-blesses\\\/202680\\\/#article\",\"isPartOf\":{\"@id\":\"https:\\\/\\\/www.webdo.tn\\\/fr\\\/actualite\\\/international\\\/seisme-en-turquie-et-en-syrie-le-bilan-provisoire-s-alourdit-a-6200-morts-et-plus-de-25-000-blesses\\\/202680\\\/\"},\"author\":{\"name\":\"MC\",\"@id\":\"https:\\\/\\\/www.webdo.tn\\\/fr\\\/#\\\/schema\\\/person\\\/2c4929cbf5a809e3bd38617c6ce150f6\"},\"headline\":\"S\u00e9isme en Turquie et en Syrie : Le bilan (provisoire) s\u2019alourdit \u00e0 6200 morts et plus de 25.000 bless\u00e9s\",\"datePublished\":\"2023-02-07T20:14:00+00:00\",\"dateModified\":\"2025-06-04T18:06:53+00:00\",\"mainEntityOfPage\":{\"@id\":\"https:\\\/\\\/www.webdo.tn\\\/fr\\\/actualite\\\/international\\\/seisme-en-turquie-et-en-syrie-le-bilan-provisoire-s-alourdit-a-6200-morts-et-plus-de-25-000-blesses\\\/202680\\\/\"},\"wordCount\":219,\"commentCount\":0,\"publisher\":{\"@id\":\"https:\\\/\\\/www.webdo.tn\\\/fr\\\/#organization\"},\"image\":{\"@id\":\"https:\\\/\\\/www.webdo.tn\\\/fr\\\/actualite\\\/international\\\/seisme-en-turquie-et-en-syrie-le-bilan-provisoire-s-alourdit-a-6200-morts-et-plus-de-25-000-blesses\\\/202680\\\/#primaryimage\"},\"thumbnailUrl\":\"https:\\\/\\\/www.webdo.tn\\\/fr\\\/wp-content\\\/uploads\\\/2023\\\/02\\\/6fe316a2ada53d32ad0082349c079e68.jpg\",\"keywords\":[\"bilan\",\"s\u00e9isme\",\"syrie\",\"Turquie\"],\"articleSection\":[\"International\"],\"inLanguage\":\"fr-FR\"},{\"@type\":\"WebPage\",\"@id\":\"https:\\\/\\\/www.webdo.tn\\\/fr\\\/actualite\\\/international\\\/seisme-en-turquie-et-en-syrie-le-bilan-provisoire-s-alourdit-a-6200-morts-et-plus-de-25-000-blesses\\\/202680\\\/\",\"url\":\"https:\\\/\\\/www.webdo.tn\\\/fr\\\/actualite\\\/international\\\/seisme-en-turquie-et-en-syrie-le-bilan-provisoire-s-alourdit-a-6200-morts-et-plus-de-25-000-blesses\\\/202680\\\/\",\"name\":\"S\u00e9isme en Turquie et en Syrie : Le bilan (provisoire) s\u2019alourdit \u00e0 6200 morts et plus de 25.000 bless\u00e9s\",\"isPartOf\":{\"@id\":\"https:\\\/\\\/www.webdo.tn\\\/fr\\\/#website\"},\"primaryImageOfPage\":{\"@id\":\"https:\\\/\\\/www.webdo.tn\\\/fr\\\/actualite\\\/international\\\/seisme-en-turquie-et-en-syrie-le-bilan-provisoire-s-alourdit-a-6200-morts-et-plus-de-25-000-blesses\\\/202680\\\/#primaryimage\"},\"image\":{\"@id\":\"https:\\\/\\\/www.webdo.tn\\\/fr\\\/actualite\\\/international\\\/seisme-en-turquie-et-en-syrie-le-bilan-provisoire-s-alourdit-a-6200-morts-et-plus-de-25-000-blesses\\\/202680\\\/#primaryimage\"},\"thumbnailUrl\":\"https:\\\/\\\/www.webdo.tn\\\/fr\\\/wp-content\\\/uploads\\\/2023\\\/02\\\/6fe316a2ada53d32ad0082349c079e68.jpg\",\"datePublished\":\"2023-02-07T20:14:00+00:00\",\"dateModified\":\"2025-06-04T18:06:53+00:00\",\"description\":\"Un nouveau bilan (toujours provisoire) du nombre de victimes fait \u00e9tat de plus de 6200 morts et 25.000 bless\u00e9s en Turquie et en Syrie alors que les recherches p...\",\"breadcrumb\":{\"@id\":\"https:\\\/\\\/www.webdo.tn\\\/fr\\\/actualite\\\/international\\\/seisme-en-turquie-et-en-syrie-le-bilan-provisoire-s-alourdit-a-6200-morts-et-plus-de-25-000-blesses\\\/202680\\\/#breadcrumb\"},\"inLanguage\":\"fr-FR\",\"potentialAction\":[{\"@type\":\"ReadAction\",\"target\":[\"https:\\\/\\\/www.webdo.tn\\\/fr\\\/actualite\\\/international\\\/seisme-en-turquie-et-en-syrie-le-bilan-provisoire-s-alourdit-a-6200-morts-et-plus-de-25-000-blesses\\\/202680\\\/\"]}]},{\"@type\":\"ImageObject\",\"inLanguage\":\"fr-FR\",\"@id\":\"https:\\\/\\\/www.webdo.tn\\\/fr\\\/actualite\\\/international\\\/seisme-en-turquie-et-en-syrie-le-bilan-provisoire-s-alourdit-a-6200-morts-et-plus-de-25-000-blesses\\\/202680\\\/#primaryimage\",\"url\":\"https:\\\/\\\/www.webdo.tn\\\/fr\\\/wp-content\\\/uploads\\\/2023\\\/02\\\/6fe316a2ada53d32ad0082349c079e68.jpg\",\"contentUrl\":\"https:\\\/\\\/www.webdo.tn\\\/fr\\\/wp-content\\\/uploads\\\/2023\\\/02\\\/6fe316a2ada53d32ad0082349c079e68.jpg\",\"width\":720,\"height\":384,\"caption\":\"S\u00e9isme en Turquie et en Syrie : Le bilan (provisoire) s\u2019alourdit \u00e0 6200 morts et plus de 25.000 bless\u00e9s\"},{\"@type\":\"BreadcrumbList\",\"@id\":\"https:\\\/\\\/www.webdo.tn\\\/fr\\\/actualite\\\/international\\\/seisme-en-turquie-et-en-syrie-le-bilan-provisoire-s-alourdit-a-6200-morts-et-plus-de-25-000-blesses\\\/202680\\\/#breadcrumb\",\"itemListElement\":[{\"@type\":\"ListItem\",\"position\":1,\"name\":\"Accueil\",\"item\":\"https:\\\/\\\/www.webdo.tn\\\/fr\\\/\"},{\"@type\":\"ListItem\",\"position\":2,\"name\":\"S\u00e9isme en Turquie et en Syrie : Le bilan (provisoire) s\u2019alourdit \u00e0 6200 morts et plus de 25.000 bless\u00e9s\"}]},{\"@type\":\"WebSite\",\"@id\":\"https:\\\/\\\/www.webdo.tn\\\/fr\\\/#website\",\"url\":\"https:\\\/\\\/www.webdo.tn\\\/fr\\\/\",\"name\":\"webdo\",\"description\":\"Tunisie - News en Tunisie et \u00e0 l&#039;international sur Webdo.tn\",\"publisher\":{\"@id\":\"https:\\\/\\\/www.webdo.tn\\\/fr\\\/#organization\"},\"potentialAction\":[{\"@type\":\"SearchAction\",\"target\":{\"@type\":\"EntryPoint\",\"urlTemplate\":\"https:\\\/\\\/www.webdo.tn\\\/fr\\\/?s={search_term_string}\"},\"query-input\":{\"@type\":\"PropertyValueSpecification\",\"valueRequired\":true,\"valueName\":\"search_term_string\"}}],\"inLanguage\":\"fr-FR\"},{\"@type\":\"Organization\",\"@id\":\"https:\\\/\\\/www.webdo.tn\\\/fr\\\/#organization\",\"name\":\"Webdo\",\"alternateName\":\"Webdo.tn\",\"url\":\"https:\\\/\\\/www.webdo.tn\\\/fr\\\/\",\"logo\":{\"@type\":\"ImageObject\",\"inLanguage\":\"fr-FR\",\"@id\":\"https:\\\/\\\/www.webdo.tn\\\/fr\\\/#\\\/schema\\\/logo\\\/image\\\/\",\"url\":\"https:\\\/\\\/www.webdo.tn\\\/fr\\\/wp-content\\\/uploads\\\/2025\\\/06\\\/Webdo-Tunisie_168377.jpg\",\"contentUrl\":\"https:\\\/\\\/www.webdo.tn\\\/fr\\\/wp-content\\\/uploads\\\/2025\\\/06\\\/Webdo-Tunisie_168377.jpg\",\"width\":301,\"height\":301,\"caption\":\"Webdo\"},\"image\":{\"@id\":\"https:\\\/\\\/www.webdo.tn\\\/fr\\\/#\\\/schema\\\/logo\\\/image\\\/\"},\"sameAs\":[\"https:\\\/\\\/www.facebook.com\\\/webdotn\",\"https:\\\/\\\/x.com\\\/webdo_tn\"],\"description\":\"Webdo est un m\u00e9dia num\u00e9rique tunisien fond\u00e9 en 2010, sp\u00e9cialis\u00e9 dans l\u2019actualit\u00e9 nationale et internationale, l\u2019\u00e9conomie, la soci\u00e9t\u00e9 et les analyses politiques. Le site s\u2019adresse \u00e0 un large public francophone et couvre l\u2019information tunisienne en temps r\u00e9el.\",\"email\":\"redac@webdo.tn\",\"legalName\":\"YNJ SARL\",\"foundingDate\":\"2010-09-06\",\"numberOfEmployees\":{\"@type\":\"QuantitativeValue\",\"minValue\":\"11\",\"maxValue\":\"50\"}},{\"@type\":\"Person\",\"@id\":\"https:\\\/\\\/www.webdo.tn\\\/fr\\\/#\\\/schema\\\/person\\\/2c4929cbf5a809e3bd38617c6ce150f6\",\"name\":\"MC\",\"image\":{\"@type\":\"ImageObject\",\"inLanguage\":\"fr-FR\",\"@id\":\"https:\\\/\\\/secure.gravatar.com\\\/avatar\\\/a545bbb6f84efdd5553dbbc2895e3ca8f1d12c5215e00a041c9670b54aa9b18a?s=96&d=mm&r=g\",\"url\":\"https:\\\/\\\/secure.gravatar.com\\\/avatar\\\/a545bbb6f84efdd5553dbbc2895e3ca8f1d12c5215e00a041c9670b54aa9b18a?s=96&d=mm&r=g\",\"contentUrl\":\"https:\\\/\\\/secure.gravatar.com\\\/avatar\\\/a545bbb6f84efdd5553dbbc2895e3ca8f1d12c5215e00a041c9670b54aa9b18a?s=96&d=mm&r=g\",\"caption\":\"MC\"},\"url\":\"https:\\\/\\\/www.webdo.tn\\\/fr\\\/actualite\\\/author\\\/mc\\\/\"}]}<\/script>\n<!-- \/ Yoast SEO Premium plugin. -->","yoast_head_json":{"title":"S\u00e9isme en Turquie et en Syrie : Le bilan (provisoire) s\u2019alourdit \u00e0 6200 morts et plus de 25.000 bless\u00e9s","description":"Un nouveau bilan (toujours provisoire) du nombre de victimes fait \u00e9tat de plus de 6200 morts et 25.000 bless\u00e9s en Turquie et en Syrie alors que les recherches p...","canonical":"https:\/\/www.webdo.tn\/fr\/actualite\/international\/seisme-en-turquie-et-en-syrie-le-bilan-provisoire-s-alourdit-a-6200-morts-et-plus-de-25-000-blesses\/202680\/","og_locale":"fr_FR","og_type":"article","og_title":"S\u00e9isme en Turquie et en Syrie : Le bilan (provisoire) s\u2019alourdit \u00e0 6200 morts et plus de 25.000 bless\u00e9s","og_description":"Un nouveau bilan (toujours provisoire) du nombre de victimes fait \u00e9tat de plus de 6200 morts et 25.000 bless\u00e9s en Turquie et en Syrie alors que les recherches p...","og_url":"https:\/\/www.webdo.tn\/fr\/actualite\/international\/seisme-en-turquie-et-en-syrie-le-bilan-provisoire-s-alourdit-a-6200-morts-et-plus-de-25-000-blesses\/202680\/","og_site_name":"webdo","article_publisher":"https:\/\/www.facebook.com\/webdotn","article_published_time":"2023-02-07T20:14:00+00:00","article_modified_time":"2025-06-04T18:06:53+00:00","og_image":[{"width":720,"height":384,"url":"https:\/\/www.webdo.tn\/fr\/wp-content\/uploads\/2023\/02\/6fe316a2ada53d32ad0082349c079e68.jpg","type":"image\/jpeg"}],"author":"MC","twitter_card":"summary_large_image","twitter_creator":"@webdo_tn","twitter_site":"@webdo_tn","twitter_misc":{"\u00c9crit par":"MC","Dur\u00e9e de lecture estim\u00e9e":"1 minute"},"schema":{"@context":"https:\/\/schema.org","@graph":[{"@type":"NewsArticle","@id":"https:\/\/www.webdo.tn\/fr\/actualite\/international\/seisme-en-turquie-et-en-syrie-le-bilan-provisoire-s-alourdit-a-6200-morts-et-plus-de-25-000-blesses\/202680\/#article","isPartOf":{"@id":"https:\/\/www.webdo.tn\/fr\/actualite\/international\/seisme-en-turquie-et-en-syrie-le-bilan-provisoire-s-alourdit-a-6200-morts-et-plus-de-25-000-blesses\/202680\/"},"author":{"name":"MC","@id":"https:\/\/www.webdo.tn\/fr\/#\/schema\/person\/2c4929cbf5a809e3bd38617c6ce150f6"},"headline":"S\u00e9isme en Turquie et en Syrie : Le bilan (provisoire) s\u2019alourdit \u00e0 6200 morts et plus de 25.000 bless\u00e9s","datePublished":"2023-02-07T20:14:00+00:00","dateModified":"2025-06-04T18:06:53+00:00","mainEntityOfPage":{"@id":"https:\/\/www.webdo.tn\/fr\/actualite\/international\/seisme-en-turquie-et-en-syrie-le-bilan-provisoire-s-alourdit-a-6200-morts-et-plus-de-25-000-blesses\/202680\/"},"wordCount":219,"commentCount":0,"publisher":{"@id":"https:\/\/www.webdo.tn\/fr\/#organization"},"image":{"@id":"https:\/\/www.webdo.tn\/fr\/actualite\/international\/seisme-en-turquie-et-en-syrie-le-bilan-provisoire-s-alourdit-a-6200-morts-et-plus-de-25-000-blesses\/202680\/#primaryimage"},"thumbnailUrl":"https:\/\/www.webdo.tn\/fr\/wp-content\/uploads\/2023\/02\/6fe316a2ada53d32ad0082349c079e68.jpg","keywords":["bilan","s\u00e9isme","syrie","Turquie"],"articleSection":["International"],"inLanguage":"fr-FR"},{"@type":"WebPage","@id":"https:\/\/www.webdo.tn\/fr\/actualite\/international\/seisme-en-turquie-et-en-syrie-le-bilan-provisoire-s-alourdit-a-6200-morts-et-plus-de-25-000-blesses\/202680\/","url":"https:\/\/www.webdo.tn\/fr\/actualite\/international\/seisme-en-turquie-et-en-syrie-le-bilan-provisoire-s-alourdit-a-6200-morts-et-plus-de-25-000-blesses\/202680\/","name":"S\u00e9isme en Turquie et en Syrie : Le bilan (provisoire) s\u2019alourdit \u00e0 6200 morts et plus de 25.000 bless\u00e9s","isPartOf":{"@id":"https:\/\/www.webdo.tn\/fr\/#website"},"primaryImageOfPage":{"@id":"https:\/\/www.webdo.tn\/fr\/actualite\/international\/seisme-en-turquie-et-en-syrie-le-bilan-provisoire-s-alourdit-a-6200-morts-et-plus-de-25-000-blesses\/202680\/#primaryimage"},"image":{"@id":"https:\/\/www.webdo.tn\/fr\/actualite\/international\/seisme-en-turquie-et-en-syrie-le-bilan-provisoire-s-alourdit-a-6200-morts-et-plus-de-25-000-blesses\/202680\/#primaryimage"},"thumbnailUrl":"https:\/\/www.webdo.tn\/fr\/wp-content\/uploads\/2023\/02\/6fe316a2ada53d32ad0082349c079e68.jpg","datePublished":"2023-02-07T20:14:00+00:00","dateModified":"2025-06-04T18:06:53+00:00","description":"Un nouveau bilan (toujours provisoire) du nombre de victimes fait \u00e9tat de plus de 6200 morts et 25.000 bless\u00e9s en Turquie et en Syrie alors que les recherches p...","breadcrumb":{"@id":"https:\/\/www.webdo.tn\/fr\/actualite\/international\/seisme-en-turquie-et-en-syrie-le-bilan-provisoire-s-alourdit-a-6200-morts-et-plus-de-25-000-blesses\/202680\/#breadcrumb"},"inLanguage":"fr-FR","potentialAction":[{"@type":"ReadAction","target":["https:\/\/www.webdo.tn\/fr\/actualite\/international\/seisme-en-turquie-et-en-syrie-le-bilan-provisoire-s-alourdit-a-6200-morts-et-plus-de-25-000-blesses\/202680\/"]}]},{"@type":"ImageObject","inLanguage":"fr-FR","@id":"https:\/\/www.webdo.tn\/fr\/actualite\/international\/seisme-en-turquie-et-en-syrie-le-bilan-provisoire-s-alourdit-a-6200-morts-et-plus-de-25-000-blesses\/202680\/#primaryimage","url":"https:\/\/www.webdo.tn\/fr\/wp-content\/uploads\/2023\/02\/6fe316a2ada53d32ad0082349c079e68.jpg","contentUrl":"https:\/\/www.webdo.tn\/fr\/wp-content\/uploads\/2023\/02\/6fe316a2ada53d32ad0082349c079e68.jpg","width":720,"height":384,"caption":"S\u00e9isme en Turquie et en Syrie : Le bilan (provisoire) s\u2019alourdit \u00e0 6200 morts et plus de 25.000 bless\u00e9s"},{"@type":"BreadcrumbList","@id":"https:\/\/www.webdo.tn\/fr\/actualite\/international\/seisme-en-turquie-et-en-syrie-le-bilan-provisoire-s-alourdit-a-6200-morts-et-plus-de-25-000-blesses\/202680\/#breadcrumb","itemListElement":[{"@type":"ListItem","position":1,"name":"Accueil","item":"https:\/\/www.webdo.tn\/fr\/"},{"@type":"ListItem","position":2,"name":"S\u00e9isme en Turquie et en Syrie : Le bilan (provisoire) s\u2019alourdit \u00e0 6200 morts et plus de 25.000 bless\u00e9s"}]},{"@type":"WebSite","@id":"https:\/\/www.webdo.tn\/fr\/#website","url":"https:\/\/www.webdo.tn\/fr\/","name":"webdo","description":"Tunisie - News en Tunisie et \u00e0 l&#039;international sur Webdo.tn","publisher":{"@id":"https:\/\/www.webdo.tn\/fr\/#organization"},"potentialAction":[{"@type":"SearchAction","target":{"@type":"EntryPoint","urlTemplate":"https:\/\/www.webdo.tn\/fr\/?s={search_term_string}"},"query-input":{"@type":"PropertyValueSpecification","valueRequired":true,"valueName":"search_term_string"}}],"inLanguage":"fr-FR"},{"@type":"Organization","@id":"https:\/\/www.webdo.tn\/fr\/#organization","name":"Webdo","alternateName":"Webdo.tn","url":"https:\/\/www.webdo.tn\/fr\/","logo":{"@type":"ImageObject","inLanguage":"fr-FR","@id":"https:\/\/www.webdo.tn\/fr\/#\/schema\/logo\/image\/","url":"https:\/\/www.webdo.tn\/fr\/wp-content\/uploads\/2025\/06\/Webdo-Tunisie_168377.jpg","contentUrl":"https:\/\/www.webdo.tn\/fr\/wp-content\/uploads\/2025\/06\/Webdo-Tunisie_168377.jpg","width":301,"height":301,"caption":"Webdo"},"image":{"@id":"https:\/\/www.webdo.tn\/fr\/#\/schema\/logo\/image\/"},"sameAs":["https:\/\/www.facebook.com\/webdotn","https:\/\/x.com\/webdo_tn"],"description":"Webdo est un m\u00e9dia num\u00e9rique tunisien fond\u00e9 en 2010, sp\u00e9cialis\u00e9 dans l\u2019actualit\u00e9 nationale et internationale, l\u2019\u00e9conomie, la soci\u00e9t\u00e9 et les analyses politiques. Le site s\u2019adresse \u00e0 un large public francophone et couvre l\u2019information tunisienne en temps r\u00e9el.","email":"redac@webdo.tn","legalName":"YNJ SARL","foundingDate":"2010-09-06","numberOfEmployees":{"@type":"QuantitativeValue","minValue":"11","maxValue":"50"}},{"@type":"Person","@id":"https:\/\/www.webdo.tn\/fr\/#\/schema\/person\/2c4929cbf5a809e3bd38617c6ce150f6","name":"MC","image":{"@type":"ImageObject","inLanguage":"fr-FR","@id":"https:\/\/secure.gravatar.com\/avatar\/a545bbb6f84efdd5553dbbc2895e3ca8f1d12c5215e00a041c9670b54aa9b18a?s=96&d=mm&r=g","url":"https:\/\/secure.gravatar.com\/avatar\/a545bbb6f84efdd5553dbbc2895e3ca8f1d12c5215e00a041c9670b54aa9b18a?s=96&d=mm&r=g","contentUrl":"https:\/\/secure.gravatar.com\/avatar\/a545bbb6f84efdd5553dbbc2895e3ca8f1d12c5215e00a041c9670b54aa9b18a?s=96&d=mm&r=g","caption":"MC"},"url":"https:\/\/www.webdo.tn\/fr\/actualite\/author\/mc\/"}]}},"_links":{"self":[{"href":"https:\/\/www.webdo.tn\/fr\/wp-json\/wp\/v2\/posts\/202680","targetHints":{"allow":["GET"]}}],"collection":[{"href":"https:\/\/www.webdo.tn\/fr\/wp-json\/wp\/v2\/posts"}],"about":[{"href":"https:\/\/www.webdo.tn\/fr\/wp-json\/wp\/v2\/types\/post"}],"author":[{"embeddable":true,"href":"https:\/\/www.webdo.tn\/fr\/wp-json\/wp\/v2\/users\/3162"}],"replies":[{"embeddable":true,"href":"https:\/\/www.webdo.tn\/fr\/wp-json\/wp\/v2\/comments?post=202680"}],"version-history":[{"count":0,"href":"https:\/\/www.webdo.tn\/fr\/wp-json\/wp\/v2\/posts\/202680\/revisions"}],"wp:featuredmedia":[{"embeddable":true,"href":"https:\/\/www.webdo.tn\/fr\/wp-json\/wp\/v2\/media\/348175"}],"wp:attachment":[{"href":"https:\/\/www.webdo.tn\/fr\/wp-json\/wp\/v2\/media?parent=202680"}],"wp:term":[{"taxonomy":"category","embeddable":true,"href":"https:\/\/www.webdo.tn\/fr\/wp-json\/wp\/v2\/categories?post=202680"},{"taxonomy":"post_tag","embeddable":true,"href":"https:\/\/www.webdo.tn\/fr\/wp-json\/wp\/v2\/tags?post=202680"}],"curies":[{"name":"wp","href":"https:\/\/api.w.org\/{rel}","templated":true}]}}