{"id":202668,"date":"2023-02-07T14:30:00","date_gmt":"2023-02-07T14:30:00","guid":{"rendered":"https:\/\/www.webdo.tn\/fr\/actualite\/blog\/efficacite-energetique-le-temps-nous-est-compte-s-inquiete-neila-gongi\/202668\/"},"modified":"2025-06-04T18:06:48","modified_gmt":"2025-06-04T18:06:48","slug":"efficacite-energetique-le-temps-nous-est-compte-s-inquiete-neila-gongi","status":"publish","type":"post","link":"https:\/\/www.webdo.tn\/fr\/actualite\/national\/efficacite-energetique-le-temps-nous-est-compte-s-inquiete-neila-gongi\/202668\/","title":{"rendered":"Efficacit\u00e9 \u00e9nerg\u00e9tique : \u00ab Le temps nous est compt\u00e9 \u00bb, s\u2019inqui\u00e8te Neila Gongi"},"content":{"rendered":"<p>\u00ab\u00a0L\u2019efficacit\u00e9 \u00e9nerg\u00e9tique n\u2019est plus un choix, c\u2019est aujourd\u2019hui un imp\u00e9ratif qui rel\u00e8ve de la s\u00e9curit\u00e9 \u00e9nerg\u00e9tique du pays, face \u00e0 la situation des finances publiques \u00e0 l\u2019\u00e9chelle nationale, mais aussi \u00e0 l\u2019acc\u00e9l\u00e9ration des changements g\u00e9opolitiques, la mont\u00e9e des prix de l\u2019\u00e9nergie et l\u2019irr\u00e9gularit\u00e9 des approvisionnements \u00e0 l\u2019\u00e9chelle internationale\u00a0\u00bb, a soulign\u00e9 la ministre de l&rsquo;Industrie, des Mines et de l&rsquo;Energie, Neila Gongi, lors d\u2019une conf\u00e9rence de presse tenue, mardi 7 f\u00e9vrier 2023, au si\u00e8ge du minist\u00e8re.<\/p>\n<p>Cette conf\u00e9rence a \u00e9t\u00e9 consacr\u00e9e \u00e0 la pr\u00e9sentation des principaux amendements apport\u00e9s au d\u00e9cret r\u00e9gissant les interventions du fonds de la transition \u00e9nerg\u00e9tique. En effet, le D\u00e9cret n\u00b0 2023-86 du 2 f\u00e9vrier 2023, portant modification du d\u00e9cret gouvernemental n\u00b02017-983 du 26 juillet 2017, fixant les r\u00e8gles d&rsquo;organisation, de fonctionnement et les modalit\u00e9s d&rsquo;intervention du fonds de la transition \u00e9nerg\u00e9tique, a \u00e9t\u00e9 publi\u00e9 hier lundi 6 f\u00e9vrier 2023, au journal officiel de la R\u00e9publique tunisienne (JORT).<\/p>\n<p>Selon la ministre \u00a0\u00bb le temps nous est compt\u00e9 et l\u2019heure devrait \u00eatre \u00e0 l\u2019action et m\u00e9nages et entreprises devraient \u00eatre conscients de la n\u00e9cessit\u00e9 d\u2019adh\u00e9rer \u00e0 ce processus d\u2019efficacit\u00e9 \u00e9nerg\u00e9tique et \u00e0 l\u2019orientation vers l\u2019utilisation des \u00e9nergies renouvelables \u00ab\u00a0.<\/p>\n<p>Elle a indiqu\u00e9 que l\u2019ann\u00e9e 2022 a \u00e9t\u00e9 l\u2019occasion pour son d\u00e9partement de diagnostiquer les entraves au d\u00e9veloppement des \u00e9nergies renouvelables en Tunisie, faisant remarquer que le D\u00e9cret-loi n\u00b0 2022-68 du 19 octobre 2022, \u00e9dictant des dispositions sp\u00e9ciales pour l\u2019am\u00e9lioration de l\u2019efficacit\u00e9 de la r\u00e9alisation des projets publics et priv\u00e9s, a permis de r\u00e9soudre deux probl\u00e8mes majeurs entravant l\u2019investissement dans les \u00e9nergies renouvelables, en facilitant les proc\u00e9dures li\u00e9s au bouclage financiers des projets et au foncier.<\/p>\n","protected":false},"excerpt":{"rendered":"<p> L\u2019efficacit\u00e9 \u00e9nerg\u00e9tique n\u2019est plus un choix, c\u2019est aujourd\u2019hui un imp\u00e9ratif qui rel\u00e8ve de la s\u00e9curit\u00e9 \u00e9nerg\u00e9tique du pays, face \u00e0 la situation des finances pu&#8230;<\/p>\n","protected":false},"author":3162,"featured_media":348172,"comment_status":"open","ping_status":"closed","sticky":false,"template":"","format":"standard","meta":{"footnotes":""},"categories":[44],"tags":[3763,2608],"class_list":["post-202668","post","type-post","status-publish","format-standard","has-post-thumbnail","hentry","category-national","tag-energie","tag-tunisie"],"yoast_head":"<!-- This site is optimized with the Yoast SEO Premium plugin v27.4 (Yoast SEO v27.5) - https:\/\/yoast.com\/product\/yoast-seo-premium-wordpress\/ -->\n<title>Efficacit\u00e9 \u00e9nerg\u00e9tique : \u00ab Le temps nous est compt\u00e9 \u00bb, s\u2019inqui\u00e8te Neila Gongi<\/title>\n<meta name=\"description\" content=\"L\u2019efficacit\u00e9 \u00e9nerg\u00e9tique n\u2019est plus un choix, c\u2019est aujourd\u2019hui un imp\u00e9ratif qui rel\u00e8ve de la s\u00e9curit\u00e9 \u00e9nerg\u00e9tique du pays, face \u00e0 la situation des finances pu...\" \/>\n<link rel=\"canonical\" href=\"https:\/\/www.webdo.tn\/fr\/actualite\/national\/efficacite-energetique-le-temps-nous-est-compte-s-inquiete-neila-gongi\/202668\/\" \/>\n<meta property=\"og:locale\" content=\"fr_FR\" \/>\n<meta property=\"og:type\" content=\"article\" \/>\n<meta property=\"og:title\" content=\"Efficacit\u00e9 \u00e9nerg\u00e9tique : \u00ab Le temps nous est compt\u00e9 \u00bb, s\u2019inqui\u00e8te Neila Gongi\" \/>\n<meta property=\"og:description\" content=\"L\u2019efficacit\u00e9 \u00e9nerg\u00e9tique n\u2019est plus un choix, c\u2019est aujourd\u2019hui un imp\u00e9ratif qui rel\u00e8ve de la s\u00e9curit\u00e9 \u00e9nerg\u00e9tique du pays, face \u00e0 la situation des finances pu...\" \/>\n<meta property=\"og:url\" content=\"https:\/\/www.webdo.tn\/fr\/actualite\/national\/efficacite-energetique-le-temps-nous-est-compte-s-inquiete-neila-gongi\/202668\/\" \/>\n<meta property=\"og:site_name\" content=\"webdo\" \/>\n<meta property=\"article:publisher\" content=\"https:\/\/www.facebook.com\/webdotn\" \/>\n<meta property=\"article:published_time\" content=\"2023-02-07T14:30:00+00:00\" \/>\n<meta property=\"article:modified_time\" content=\"2025-06-04T18:06:48+00:00\" \/>\n<meta property=\"og:image\" content=\"https:\/\/www.webdo.tn\/fr\/wp-content\/uploads\/2023\/02\/b3569ae64038c59be143992595b4e9c9.jpg\" \/>\n\t<meta property=\"og:image:width\" content=\"750\" \/>\n\t<meta property=\"og:image:height\" content=\"400\" \/>\n\t<meta property=\"og:image:type\" content=\"image\/jpeg\" \/>\n<meta name=\"author\" content=\"MC\" \/>\n<meta name=\"twitter:card\" content=\"summary_large_image\" \/>\n<meta name=\"twitter:creator\" content=\"@webdo_tn\" \/>\n<meta name=\"twitter:site\" content=\"@webdo_tn\" \/>\n<meta name=\"twitter:label1\" content=\"\u00c9crit par\" \/>\n\t<meta name=\"twitter:data1\" content=\"MC\" \/>\n\t<meta name=\"twitter:label2\" content=\"Dur\u00e9e de lecture estim\u00e9e\" \/>\n\t<meta name=\"twitter:data2\" content=\"2 minutes\" \/>\n<script type=\"application\/ld+json\" class=\"yoast-schema-graph\">{\"@context\":\"https:\\\/\\\/schema.org\",\"@graph\":[{\"@type\":\"NewsArticle\",\"@id\":\"https:\\\/\\\/www.webdo.tn\\\/fr\\\/actualite\\\/national\\\/efficacite-energetique-le-temps-nous-est-compte-s-inquiete-neila-gongi\\\/202668\\\/#article\",\"isPartOf\":{\"@id\":\"https:\\\/\\\/www.webdo.tn\\\/fr\\\/actualite\\\/national\\\/efficacite-energetique-le-temps-nous-est-compte-s-inquiete-neila-gongi\\\/202668\\\/\"},\"author\":{\"name\":\"MC\",\"@id\":\"https:\\\/\\\/www.webdo.tn\\\/fr\\\/#\\\/schema\\\/person\\\/2c4929cbf5a809e3bd38617c6ce150f6\"},\"headline\":\"Efficacit\u00e9 \u00e9nerg\u00e9tique : \u00ab Le temps nous est compt\u00e9 \u00bb, s\u2019inqui\u00e8te Neila Gongi\",\"datePublished\":\"2023-02-07T14:30:00+00:00\",\"dateModified\":\"2025-06-04T18:06:48+00:00\",\"mainEntityOfPage\":{\"@id\":\"https:\\\/\\\/www.webdo.tn\\\/fr\\\/actualite\\\/national\\\/efficacite-energetique-le-temps-nous-est-compte-s-inquiete-neila-gongi\\\/202668\\\/\"},\"wordCount\":329,\"commentCount\":0,\"publisher\":{\"@id\":\"https:\\\/\\\/www.webdo.tn\\\/fr\\\/#organization\"},\"image\":{\"@id\":\"https:\\\/\\\/www.webdo.tn\\\/fr\\\/actualite\\\/national\\\/efficacite-energetique-le-temps-nous-est-compte-s-inquiete-neila-gongi\\\/202668\\\/#primaryimage\"},\"thumbnailUrl\":\"https:\\\/\\\/www.webdo.tn\\\/fr\\\/wp-content\\\/uploads\\\/2023\\\/02\\\/b3569ae64038c59be143992595b4e9c9.jpg\",\"keywords\":[\"\u00e9nergie\",\"Tunisie\"],\"articleSection\":[\"National\"],\"inLanguage\":\"fr-FR\"},{\"@type\":\"WebPage\",\"@id\":\"https:\\\/\\\/www.webdo.tn\\\/fr\\\/actualite\\\/national\\\/efficacite-energetique-le-temps-nous-est-compte-s-inquiete-neila-gongi\\\/202668\\\/\",\"url\":\"https:\\\/\\\/www.webdo.tn\\\/fr\\\/actualite\\\/national\\\/efficacite-energetique-le-temps-nous-est-compte-s-inquiete-neila-gongi\\\/202668\\\/\",\"name\":\"Efficacit\u00e9 \u00e9nerg\u00e9tique : \u00ab Le temps nous est compt\u00e9 \u00bb, s\u2019inqui\u00e8te Neila Gongi\",\"isPartOf\":{\"@id\":\"https:\\\/\\\/www.webdo.tn\\\/fr\\\/#website\"},\"primaryImageOfPage\":{\"@id\":\"https:\\\/\\\/www.webdo.tn\\\/fr\\\/actualite\\\/national\\\/efficacite-energetique-le-temps-nous-est-compte-s-inquiete-neila-gongi\\\/202668\\\/#primaryimage\"},\"image\":{\"@id\":\"https:\\\/\\\/www.webdo.tn\\\/fr\\\/actualite\\\/national\\\/efficacite-energetique-le-temps-nous-est-compte-s-inquiete-neila-gongi\\\/202668\\\/#primaryimage\"},\"thumbnailUrl\":\"https:\\\/\\\/www.webdo.tn\\\/fr\\\/wp-content\\\/uploads\\\/2023\\\/02\\\/b3569ae64038c59be143992595b4e9c9.jpg\",\"datePublished\":\"2023-02-07T14:30:00+00:00\",\"dateModified\":\"2025-06-04T18:06:48+00:00\",\"description\":\"L\u2019efficacit\u00e9 \u00e9nerg\u00e9tique n\u2019est plus un choix, c\u2019est aujourd\u2019hui un imp\u00e9ratif qui rel\u00e8ve de la s\u00e9curit\u00e9 \u00e9nerg\u00e9tique du pays, face \u00e0 la situation des finances pu...\",\"breadcrumb\":{\"@id\":\"https:\\\/\\\/www.webdo.tn\\\/fr\\\/actualite\\\/national\\\/efficacite-energetique-le-temps-nous-est-compte-s-inquiete-neila-gongi\\\/202668\\\/#breadcrumb\"},\"inLanguage\":\"fr-FR\",\"potentialAction\":[{\"@type\":\"ReadAction\",\"target\":[\"https:\\\/\\\/www.webdo.tn\\\/fr\\\/actualite\\\/national\\\/efficacite-energetique-le-temps-nous-est-compte-s-inquiete-neila-gongi\\\/202668\\\/\"]}]},{\"@type\":\"ImageObject\",\"inLanguage\":\"fr-FR\",\"@id\":\"https:\\\/\\\/www.webdo.tn\\\/fr\\\/actualite\\\/national\\\/efficacite-energetique-le-temps-nous-est-compte-s-inquiete-neila-gongi\\\/202668\\\/#primaryimage\",\"url\":\"https:\\\/\\\/www.webdo.tn\\\/fr\\\/wp-content\\\/uploads\\\/2023\\\/02\\\/b3569ae64038c59be143992595b4e9c9.jpg\",\"contentUrl\":\"https:\\\/\\\/www.webdo.tn\\\/fr\\\/wp-content\\\/uploads\\\/2023\\\/02\\\/b3569ae64038c59be143992595b4e9c9.jpg\",\"width\":750,\"height\":400,\"caption\":\"Neila Gongi\"},{\"@type\":\"BreadcrumbList\",\"@id\":\"https:\\\/\\\/www.webdo.tn\\\/fr\\\/actualite\\\/national\\\/efficacite-energetique-le-temps-nous-est-compte-s-inquiete-neila-gongi\\\/202668\\\/#breadcrumb\",\"itemListElement\":[{\"@type\":\"ListItem\",\"position\":1,\"name\":\"Accueil\",\"item\":\"https:\\\/\\\/www.webdo.tn\\\/fr\\\/\"},{\"@type\":\"ListItem\",\"position\":2,\"name\":\"Efficacit\u00e9 \u00e9nerg\u00e9tique : \u00ab Le temps nous est compt\u00e9 \u00bb, s\u2019inqui\u00e8te Neila Gongi\"}]},{\"@type\":\"WebSite\",\"@id\":\"https:\\\/\\\/www.webdo.tn\\\/fr\\\/#website\",\"url\":\"https:\\\/\\\/www.webdo.tn\\\/fr\\\/\",\"name\":\"webdo\",\"description\":\"Tunisie - News en Tunisie et \u00e0 l&#039;international sur Webdo.tn\",\"publisher\":{\"@id\":\"https:\\\/\\\/www.webdo.tn\\\/fr\\\/#organization\"},\"potentialAction\":[{\"@type\":\"SearchAction\",\"target\":{\"@type\":\"EntryPoint\",\"urlTemplate\":\"https:\\\/\\\/www.webdo.tn\\\/fr\\\/?s={search_term_string}\"},\"query-input\":{\"@type\":\"PropertyValueSpecification\",\"valueRequired\":true,\"valueName\":\"search_term_string\"}}],\"inLanguage\":\"fr-FR\"},{\"@type\":\"Organization\",\"@id\":\"https:\\\/\\\/www.webdo.tn\\\/fr\\\/#organization\",\"name\":\"Webdo\",\"alternateName\":\"Webdo.tn\",\"url\":\"https:\\\/\\\/www.webdo.tn\\\/fr\\\/\",\"logo\":{\"@type\":\"ImageObject\",\"inLanguage\":\"fr-FR\",\"@id\":\"https:\\\/\\\/www.webdo.tn\\\/fr\\\/#\\\/schema\\\/logo\\\/image\\\/\",\"url\":\"https:\\\/\\\/www.webdo.tn\\\/fr\\\/wp-content\\\/uploads\\\/2025\\\/06\\\/Webdo-Tunisie_168377.jpg\",\"contentUrl\":\"https:\\\/\\\/www.webdo.tn\\\/fr\\\/wp-content\\\/uploads\\\/2025\\\/06\\\/Webdo-Tunisie_168377.jpg\",\"width\":301,\"height\":301,\"caption\":\"Webdo\"},\"image\":{\"@id\":\"https:\\\/\\\/www.webdo.tn\\\/fr\\\/#\\\/schema\\\/logo\\\/image\\\/\"},\"sameAs\":[\"https:\\\/\\\/www.facebook.com\\\/webdotn\",\"https:\\\/\\\/x.com\\\/webdo_tn\"],\"description\":\"Webdo est un m\u00e9dia num\u00e9rique tunisien fond\u00e9 en 2010, sp\u00e9cialis\u00e9 dans l\u2019actualit\u00e9 nationale et internationale, l\u2019\u00e9conomie, la soci\u00e9t\u00e9 et les analyses politiques. Le site s\u2019adresse \u00e0 un large public francophone et couvre l\u2019information tunisienne en temps r\u00e9el.\",\"email\":\"redac@webdo.tn\",\"legalName\":\"YNJ SARL\",\"foundingDate\":\"2010-09-06\",\"numberOfEmployees\":{\"@type\":\"QuantitativeValue\",\"minValue\":\"11\",\"maxValue\":\"50\"}},{\"@type\":\"Person\",\"@id\":\"https:\\\/\\\/www.webdo.tn\\\/fr\\\/#\\\/schema\\\/person\\\/2c4929cbf5a809e3bd38617c6ce150f6\",\"name\":\"MC\",\"image\":{\"@type\":\"ImageObject\",\"inLanguage\":\"fr-FR\",\"@id\":\"https:\\\/\\\/secure.gravatar.com\\\/avatar\\\/a545bbb6f84efdd5553dbbc2895e3ca8f1d12c5215e00a041c9670b54aa9b18a?s=96&d=mm&r=g\",\"url\":\"https:\\\/\\\/secure.gravatar.com\\\/avatar\\\/a545bbb6f84efdd5553dbbc2895e3ca8f1d12c5215e00a041c9670b54aa9b18a?s=96&d=mm&r=g\",\"contentUrl\":\"https:\\\/\\\/secure.gravatar.com\\\/avatar\\\/a545bbb6f84efdd5553dbbc2895e3ca8f1d12c5215e00a041c9670b54aa9b18a?s=96&d=mm&r=g\",\"caption\":\"MC\"},\"url\":\"https:\\\/\\\/www.webdo.tn\\\/fr\\\/actualite\\\/author\\\/mc\\\/\"}]}<\/script>\n<!-- \/ Yoast SEO Premium plugin. -->","yoast_head_json":{"title":"Efficacit\u00e9 \u00e9nerg\u00e9tique : \u00ab Le temps nous est compt\u00e9 \u00bb, s\u2019inqui\u00e8te Neila Gongi","description":"L\u2019efficacit\u00e9 \u00e9nerg\u00e9tique n\u2019est plus un choix, c\u2019est aujourd\u2019hui un imp\u00e9ratif qui rel\u00e8ve de la s\u00e9curit\u00e9 \u00e9nerg\u00e9tique du pays, face \u00e0 la situation des finances pu...","canonical":"https:\/\/www.webdo.tn\/fr\/actualite\/national\/efficacite-energetique-le-temps-nous-est-compte-s-inquiete-neila-gongi\/202668\/","og_locale":"fr_FR","og_type":"article","og_title":"Efficacit\u00e9 \u00e9nerg\u00e9tique : \u00ab Le temps nous est compt\u00e9 \u00bb, s\u2019inqui\u00e8te Neila Gongi","og_description":"L\u2019efficacit\u00e9 \u00e9nerg\u00e9tique n\u2019est plus un choix, c\u2019est aujourd\u2019hui un imp\u00e9ratif qui rel\u00e8ve de la s\u00e9curit\u00e9 \u00e9nerg\u00e9tique du pays, face \u00e0 la situation des finances pu...","og_url":"https:\/\/www.webdo.tn\/fr\/actualite\/national\/efficacite-energetique-le-temps-nous-est-compte-s-inquiete-neila-gongi\/202668\/","og_site_name":"webdo","article_publisher":"https:\/\/www.facebook.com\/webdotn","article_published_time":"2023-02-07T14:30:00+00:00","article_modified_time":"2025-06-04T18:06:48+00:00","og_image":[{"width":750,"height":400,"url":"https:\/\/www.webdo.tn\/fr\/wp-content\/uploads\/2023\/02\/b3569ae64038c59be143992595b4e9c9.jpg","type":"image\/jpeg"}],"author":"MC","twitter_card":"summary_large_image","twitter_creator":"@webdo_tn","twitter_site":"@webdo_tn","twitter_misc":{"\u00c9crit par":"MC","Dur\u00e9e de lecture estim\u00e9e":"2 minutes"},"schema":{"@context":"https:\/\/schema.org","@graph":[{"@type":"NewsArticle","@id":"https:\/\/www.webdo.tn\/fr\/actualite\/national\/efficacite-energetique-le-temps-nous-est-compte-s-inquiete-neila-gongi\/202668\/#article","isPartOf":{"@id":"https:\/\/www.webdo.tn\/fr\/actualite\/national\/efficacite-energetique-le-temps-nous-est-compte-s-inquiete-neila-gongi\/202668\/"},"author":{"name":"MC","@id":"https:\/\/www.webdo.tn\/fr\/#\/schema\/person\/2c4929cbf5a809e3bd38617c6ce150f6"},"headline":"Efficacit\u00e9 \u00e9nerg\u00e9tique : \u00ab Le temps nous est compt\u00e9 \u00bb, s\u2019inqui\u00e8te Neila Gongi","datePublished":"2023-02-07T14:30:00+00:00","dateModified":"2025-06-04T18:06:48+00:00","mainEntityOfPage":{"@id":"https:\/\/www.webdo.tn\/fr\/actualite\/national\/efficacite-energetique-le-temps-nous-est-compte-s-inquiete-neila-gongi\/202668\/"},"wordCount":329,"commentCount":0,"publisher":{"@id":"https:\/\/www.webdo.tn\/fr\/#organization"},"image":{"@id":"https:\/\/www.webdo.tn\/fr\/actualite\/national\/efficacite-energetique-le-temps-nous-est-compte-s-inquiete-neila-gongi\/202668\/#primaryimage"},"thumbnailUrl":"https:\/\/www.webdo.tn\/fr\/wp-content\/uploads\/2023\/02\/b3569ae64038c59be143992595b4e9c9.jpg","keywords":["\u00e9nergie","Tunisie"],"articleSection":["National"],"inLanguage":"fr-FR"},{"@type":"WebPage","@id":"https:\/\/www.webdo.tn\/fr\/actualite\/national\/efficacite-energetique-le-temps-nous-est-compte-s-inquiete-neila-gongi\/202668\/","url":"https:\/\/www.webdo.tn\/fr\/actualite\/national\/efficacite-energetique-le-temps-nous-est-compte-s-inquiete-neila-gongi\/202668\/","name":"Efficacit\u00e9 \u00e9nerg\u00e9tique : \u00ab Le temps nous est compt\u00e9 \u00bb, s\u2019inqui\u00e8te Neila Gongi","isPartOf":{"@id":"https:\/\/www.webdo.tn\/fr\/#website"},"primaryImageOfPage":{"@id":"https:\/\/www.webdo.tn\/fr\/actualite\/national\/efficacite-energetique-le-temps-nous-est-compte-s-inquiete-neila-gongi\/202668\/#primaryimage"},"image":{"@id":"https:\/\/www.webdo.tn\/fr\/actualite\/national\/efficacite-energetique-le-temps-nous-est-compte-s-inquiete-neila-gongi\/202668\/#primaryimage"},"thumbnailUrl":"https:\/\/www.webdo.tn\/fr\/wp-content\/uploads\/2023\/02\/b3569ae64038c59be143992595b4e9c9.jpg","datePublished":"2023-02-07T14:30:00+00:00","dateModified":"2025-06-04T18:06:48+00:00","description":"L\u2019efficacit\u00e9 \u00e9nerg\u00e9tique n\u2019est plus un choix, c\u2019est aujourd\u2019hui un imp\u00e9ratif qui rel\u00e8ve de la s\u00e9curit\u00e9 \u00e9nerg\u00e9tique du pays, face \u00e0 la situation des finances pu...","breadcrumb":{"@id":"https:\/\/www.webdo.tn\/fr\/actualite\/national\/efficacite-energetique-le-temps-nous-est-compte-s-inquiete-neila-gongi\/202668\/#breadcrumb"},"inLanguage":"fr-FR","potentialAction":[{"@type":"ReadAction","target":["https:\/\/www.webdo.tn\/fr\/actualite\/national\/efficacite-energetique-le-temps-nous-est-compte-s-inquiete-neila-gongi\/202668\/"]}]},{"@type":"ImageObject","inLanguage":"fr-FR","@id":"https:\/\/www.webdo.tn\/fr\/actualite\/national\/efficacite-energetique-le-temps-nous-est-compte-s-inquiete-neila-gongi\/202668\/#primaryimage","url":"https:\/\/www.webdo.tn\/fr\/wp-content\/uploads\/2023\/02\/b3569ae64038c59be143992595b4e9c9.jpg","contentUrl":"https:\/\/www.webdo.tn\/fr\/wp-content\/uploads\/2023\/02\/b3569ae64038c59be143992595b4e9c9.jpg","width":750,"height":400,"caption":"Neila Gongi"},{"@type":"BreadcrumbList","@id":"https:\/\/www.webdo.tn\/fr\/actualite\/national\/efficacite-energetique-le-temps-nous-est-compte-s-inquiete-neila-gongi\/202668\/#breadcrumb","itemListElement":[{"@type":"ListItem","position":1,"name":"Accueil","item":"https:\/\/www.webdo.tn\/fr\/"},{"@type":"ListItem","position":2,"name":"Efficacit\u00e9 \u00e9nerg\u00e9tique : \u00ab Le temps nous est compt\u00e9 \u00bb, s\u2019inqui\u00e8te Neila Gongi"}]},{"@type":"WebSite","@id":"https:\/\/www.webdo.tn\/fr\/#website","url":"https:\/\/www.webdo.tn\/fr\/","name":"webdo","description":"Tunisie - News en Tunisie et \u00e0 l&#039;international sur Webdo.tn","publisher":{"@id":"https:\/\/www.webdo.tn\/fr\/#organization"},"potentialAction":[{"@type":"SearchAction","target":{"@type":"EntryPoint","urlTemplate":"https:\/\/www.webdo.tn\/fr\/?s={search_term_string}"},"query-input":{"@type":"PropertyValueSpecification","valueRequired":true,"valueName":"search_term_string"}}],"inLanguage":"fr-FR"},{"@type":"Organization","@id":"https:\/\/www.webdo.tn\/fr\/#organization","name":"Webdo","alternateName":"Webdo.tn","url":"https:\/\/www.webdo.tn\/fr\/","logo":{"@type":"ImageObject","inLanguage":"fr-FR","@id":"https:\/\/www.webdo.tn\/fr\/#\/schema\/logo\/image\/","url":"https:\/\/www.webdo.tn\/fr\/wp-content\/uploads\/2025\/06\/Webdo-Tunisie_168377.jpg","contentUrl":"https:\/\/www.webdo.tn\/fr\/wp-content\/uploads\/2025\/06\/Webdo-Tunisie_168377.jpg","width":301,"height":301,"caption":"Webdo"},"image":{"@id":"https:\/\/www.webdo.tn\/fr\/#\/schema\/logo\/image\/"},"sameAs":["https:\/\/www.facebook.com\/webdotn","https:\/\/x.com\/webdo_tn"],"description":"Webdo est un m\u00e9dia num\u00e9rique tunisien fond\u00e9 en 2010, sp\u00e9cialis\u00e9 dans l\u2019actualit\u00e9 nationale et internationale, l\u2019\u00e9conomie, la soci\u00e9t\u00e9 et les analyses politiques. Le site s\u2019adresse \u00e0 un large public francophone et couvre l\u2019information tunisienne en temps r\u00e9el.","email":"redac@webdo.tn","legalName":"YNJ SARL","foundingDate":"2010-09-06","numberOfEmployees":{"@type":"QuantitativeValue","minValue":"11","maxValue":"50"}},{"@type":"Person","@id":"https:\/\/www.webdo.tn\/fr\/#\/schema\/person\/2c4929cbf5a809e3bd38617c6ce150f6","name":"MC","image":{"@type":"ImageObject","inLanguage":"fr-FR","@id":"https:\/\/secure.gravatar.com\/avatar\/a545bbb6f84efdd5553dbbc2895e3ca8f1d12c5215e00a041c9670b54aa9b18a?s=96&d=mm&r=g","url":"https:\/\/secure.gravatar.com\/avatar\/a545bbb6f84efdd5553dbbc2895e3ca8f1d12c5215e00a041c9670b54aa9b18a?s=96&d=mm&r=g","contentUrl":"https:\/\/secure.gravatar.com\/avatar\/a545bbb6f84efdd5553dbbc2895e3ca8f1d12c5215e00a041c9670b54aa9b18a?s=96&d=mm&r=g","caption":"MC"},"url":"https:\/\/www.webdo.tn\/fr\/actualite\/author\/mc\/"}]}},"_links":{"self":[{"href":"https:\/\/www.webdo.tn\/fr\/wp-json\/wp\/v2\/posts\/202668","targetHints":{"allow":["GET"]}}],"collection":[{"href":"https:\/\/www.webdo.tn\/fr\/wp-json\/wp\/v2\/posts"}],"about":[{"href":"https:\/\/www.webdo.tn\/fr\/wp-json\/wp\/v2\/types\/post"}],"author":[{"embeddable":true,"href":"https:\/\/www.webdo.tn\/fr\/wp-json\/wp\/v2\/users\/3162"}],"replies":[{"embeddable":true,"href":"https:\/\/www.webdo.tn\/fr\/wp-json\/wp\/v2\/comments?post=202668"}],"version-history":[{"count":0,"href":"https:\/\/www.webdo.tn\/fr\/wp-json\/wp\/v2\/posts\/202668\/revisions"}],"wp:featuredmedia":[{"embeddable":true,"href":"https:\/\/www.webdo.tn\/fr\/wp-json\/wp\/v2\/media\/348172"}],"wp:attachment":[{"href":"https:\/\/www.webdo.tn\/fr\/wp-json\/wp\/v2\/media?parent=202668"}],"wp:term":[{"taxonomy":"category","embeddable":true,"href":"https:\/\/www.webdo.tn\/fr\/wp-json\/wp\/v2\/categories?post=202668"},{"taxonomy":"post_tag","embeddable":true,"href":"https:\/\/www.webdo.tn\/fr\/wp-json\/wp\/v2\/tags?post=202668"}],"curies":[{"name":"wp","href":"https:\/\/api.w.org\/{rel}","templated":true}]}}