{"id":202657,"date":"2023-02-07T11:11:00","date_gmt":"2023-02-07T11:11:00","guid":{"rendered":"https:\/\/www.webdo.tn\/fr\/blog\/seisme-les-sanctions-contre-la-syrie-freinent-les-aides-humanitaires\/202657\/"},"modified":"2025-05-20T22:48:58","modified_gmt":"2025-05-20T22:48:58","slug":"seisme-les-sanctions-contre-la-syrie-freinent-les-aides-humanitaires","status":"publish","type":"post","link":"https:\/\/www.webdo.tn\/fr\/actualite\/international\/seisme-les-sanctions-contre-la-syrie-freinent-les-aides-humanitaires\/202657\/","title":{"rendered":"S\u00e9isme : Les sanctions contre la Syrie freinent les aides humanitaires"},"content":{"rendered":"<p>Le s\u00e9isme qui a frapp\u00e9 la Syrie a vraisemblablement fait des milliers de victimes, pi\u00e9g\u00e9es dans des immeubles construits sans normes antisismiques. Les secouristes sont lanc\u00e9s dans une course contre la montre dans un pays d\u00e9vast\u00e9 par une guerre civile.<\/p>\n<p>\t\t\t\t\t\t\t\t\tLe gouvernement syrien a d&rsquo;ailleurs appel\u00e9 \u00e0 l&rsquo;aide les Etats membres de l&rsquo;ONU, le Comit\u00e9 international de la Croix-Rouge et d&rsquo;autres groupes humanitaires.\u00a0<\/p>\n<p>La situation politico-s\u00e9curitaire h\u00e9rit\u00e9e de la guerre civile complique aussi les op\u00e9rations de secours. Cependant, ce sont les sanctions internationales contre le r\u00e9gime de Damas qui freinent le plus l\u2019acheminement de ces aides.\u00a0<\/p>\n<p>C\u2019est le croissant rouge syrien qui fait le constat. Il a d\u2019ailleurs appel\u00e9 la communaut\u00e9 internationale \u00e0 suspendre les sanctions \u00e9conomiques contre la Syrie pour financer les aides au profit des villes sinistr\u00e9es.<\/p>\n","protected":false},"excerpt":{"rendered":"<p>Le s\u00e9isme qui a frapp\u00e9 la Syrie a vraisemblablement fait des milliers de victimes, pi\u00e9g\u00e9es dans des immeubles construits sans normes antisismiques. Les secouris&#8230;<\/p>\n","protected":false},"author":3175,"featured_media":277680,"comment_status":"open","ping_status":"closed","sticky":false,"template":"","format":"standard","meta":{"footnotes":""},"categories":[2598],"tags":[7198,7271,3504,3550],"class_list":["post-202657","post","type-post","status-publish","format-standard","has-post-thumbnail","hentry","category-international","tag-aides","tag-seisme","tag-syrie","tag-turquie"],"yoast_head":"<!-- This site is optimized with the Yoast SEO Premium plugin v27.4 (Yoast SEO v27.5) - https:\/\/yoast.com\/product\/yoast-seo-premium-wordpress\/ -->\n<title>S\u00e9isme : Les sanctions contre la Syrie freinent les aides humanitaires<\/title>\n<meta name=\"description\" content=\"Le s\u00e9isme qui a frapp\u00e9 la Syrie a vraisemblablement fait des milliers de victimes, pi\u00e9g\u00e9es dans des immeubles construits sans normes antisismiques. Les secouris...\" \/>\n<link rel=\"canonical\" href=\"https:\/\/www.webdo.tn\/fr\/actualite\/international\/seisme-les-sanctions-contre-la-syrie-freinent-les-aides-humanitaires\/202657\/\" \/>\n<meta property=\"og:locale\" content=\"fr_FR\" \/>\n<meta property=\"og:type\" content=\"article\" \/>\n<meta property=\"og:title\" content=\"S\u00e9isme : Les sanctions contre la Syrie freinent les aides humanitaires\" \/>\n<meta property=\"og:description\" content=\"Le s\u00e9isme qui a frapp\u00e9 la Syrie a vraisemblablement fait des milliers de victimes, pi\u00e9g\u00e9es dans des immeubles construits sans normes antisismiques. Les secouris...\" \/>\n<meta property=\"og:url\" content=\"https:\/\/www.webdo.tn\/fr\/actualite\/international\/seisme-les-sanctions-contre-la-syrie-freinent-les-aides-humanitaires\/202657\/\" \/>\n<meta property=\"og:site_name\" content=\"webdo\" \/>\n<meta property=\"article:publisher\" content=\"https:\/\/www.facebook.com\/webdotn\" \/>\n<meta property=\"article:published_time\" content=\"2023-02-07T11:11:00+00:00\" \/>\n<meta property=\"article:modified_time\" content=\"2025-05-20T22:48:58+00:00\" \/>\n<meta property=\"og:image\" content=\"https:\/\/www.webdo.tn\/fr\/wp-content\/uploads\/2023\/02\/f9ba3d72ee22f13437d037977078604e.jpg\" \/>\n\t<meta property=\"og:image:width\" content=\"750\" \/>\n\t<meta property=\"og:image:height\" content=\"400\" \/>\n\t<meta property=\"og:image:type\" content=\"image\/jpeg\" \/>\n<meta name=\"author\" content=\"CL\" \/>\n<meta name=\"twitter:card\" content=\"summary_large_image\" \/>\n<meta name=\"twitter:creator\" content=\"@webdo_tn\" \/>\n<meta name=\"twitter:site\" content=\"@webdo_tn\" \/>\n<meta name=\"twitter:label1\" content=\"\u00c9crit par\" \/>\n\t<meta name=\"twitter:data1\" content=\"CL\" \/>\n\t<meta name=\"twitter:label2\" content=\"Dur\u00e9e de lecture estim\u00e9e\" \/>\n\t<meta name=\"twitter:data2\" content=\"1 minute\" \/>\n<script type=\"application\/ld+json\" class=\"yoast-schema-graph\">{\"@context\":\"https:\\\/\\\/schema.org\",\"@graph\":[{\"@type\":\"NewsArticle\",\"@id\":\"https:\\\/\\\/www.webdo.tn\\\/fr\\\/actualite\\\/international\\\/seisme-les-sanctions-contre-la-syrie-freinent-les-aides-humanitaires\\\/202657\\\/#article\",\"isPartOf\":{\"@id\":\"https:\\\/\\\/www.webdo.tn\\\/fr\\\/actualite\\\/international\\\/seisme-les-sanctions-contre-la-syrie-freinent-les-aides-humanitaires\\\/202657\\\/\"},\"author\":{\"name\":\"CL\",\"@id\":\"https:\\\/\\\/www.webdo.tn\\\/fr\\\/#\\\/schema\\\/person\\\/f35b42a42c5e2511bbd282959d6385cc\"},\"headline\":\"S\u00e9isme : Les sanctions contre la Syrie freinent les aides humanitaires\",\"datePublished\":\"2023-02-07T11:11:00+00:00\",\"dateModified\":\"2025-05-20T22:48:58+00:00\",\"mainEntityOfPage\":{\"@id\":\"https:\\\/\\\/www.webdo.tn\\\/fr\\\/actualite\\\/international\\\/seisme-les-sanctions-contre-la-syrie-freinent-les-aides-humanitaires\\\/202657\\\/\"},\"wordCount\":156,\"commentCount\":0,\"publisher\":{\"@id\":\"https:\\\/\\\/www.webdo.tn\\\/fr\\\/#organization\"},\"image\":{\"@id\":\"https:\\\/\\\/www.webdo.tn\\\/fr\\\/actualite\\\/international\\\/seisme-les-sanctions-contre-la-syrie-freinent-les-aides-humanitaires\\\/202657\\\/#primaryimage\"},\"thumbnailUrl\":\"https:\\\/\\\/www.webdo.tn\\\/fr\\\/wp-content\\\/uploads\\\/2023\\\/02\\\/f9ba3d72ee22f13437d037977078604e.jpg\",\"keywords\":[\"Aides\",\"s\u00e9isme\",\"syrie\",\"Turquie\"],\"articleSection\":[\"International\"],\"inLanguage\":\"fr-FR\"},{\"@type\":\"WebPage\",\"@id\":\"https:\\\/\\\/www.webdo.tn\\\/fr\\\/actualite\\\/international\\\/seisme-les-sanctions-contre-la-syrie-freinent-les-aides-humanitaires\\\/202657\\\/\",\"url\":\"https:\\\/\\\/www.webdo.tn\\\/fr\\\/actualite\\\/international\\\/seisme-les-sanctions-contre-la-syrie-freinent-les-aides-humanitaires\\\/202657\\\/\",\"name\":\"S\u00e9isme : Les sanctions contre la Syrie freinent les aides humanitaires\",\"isPartOf\":{\"@id\":\"https:\\\/\\\/www.webdo.tn\\\/fr\\\/#website\"},\"primaryImageOfPage\":{\"@id\":\"https:\\\/\\\/www.webdo.tn\\\/fr\\\/actualite\\\/international\\\/seisme-les-sanctions-contre-la-syrie-freinent-les-aides-humanitaires\\\/202657\\\/#primaryimage\"},\"image\":{\"@id\":\"https:\\\/\\\/www.webdo.tn\\\/fr\\\/actualite\\\/international\\\/seisme-les-sanctions-contre-la-syrie-freinent-les-aides-humanitaires\\\/202657\\\/#primaryimage\"},\"thumbnailUrl\":\"https:\\\/\\\/www.webdo.tn\\\/fr\\\/wp-content\\\/uploads\\\/2023\\\/02\\\/f9ba3d72ee22f13437d037977078604e.jpg\",\"datePublished\":\"2023-02-07T11:11:00+00:00\",\"dateModified\":\"2025-05-20T22:48:58+00:00\",\"description\":\"Le s\u00e9isme qui a frapp\u00e9 la Syrie a vraisemblablement fait des milliers de victimes, pi\u00e9g\u00e9es dans des immeubles construits sans normes antisismiques. Les secouris...\",\"breadcrumb\":{\"@id\":\"https:\\\/\\\/www.webdo.tn\\\/fr\\\/actualite\\\/international\\\/seisme-les-sanctions-contre-la-syrie-freinent-les-aides-humanitaires\\\/202657\\\/#breadcrumb\"},\"inLanguage\":\"fr-FR\",\"potentialAction\":[{\"@type\":\"ReadAction\",\"target\":[\"https:\\\/\\\/www.webdo.tn\\\/fr\\\/actualite\\\/international\\\/seisme-les-sanctions-contre-la-syrie-freinent-les-aides-humanitaires\\\/202657\\\/\"]}]},{\"@type\":\"ImageObject\",\"inLanguage\":\"fr-FR\",\"@id\":\"https:\\\/\\\/www.webdo.tn\\\/fr\\\/actualite\\\/international\\\/seisme-les-sanctions-contre-la-syrie-freinent-les-aides-humanitaires\\\/202657\\\/#primaryimage\",\"url\":\"https:\\\/\\\/www.webdo.tn\\\/fr\\\/wp-content\\\/uploads\\\/2023\\\/02\\\/f9ba3d72ee22f13437d037977078604e.jpg\",\"contentUrl\":\"https:\\\/\\\/www.webdo.tn\\\/fr\\\/wp-content\\\/uploads\\\/2023\\\/02\\\/f9ba3d72ee22f13437d037977078604e.jpg\",\"width\":750,\"height\":400,\"caption\":\"S\u00e9isme Syrie\"},{\"@type\":\"BreadcrumbList\",\"@id\":\"https:\\\/\\\/www.webdo.tn\\\/fr\\\/actualite\\\/international\\\/seisme-les-sanctions-contre-la-syrie-freinent-les-aides-humanitaires\\\/202657\\\/#breadcrumb\",\"itemListElement\":[{\"@type\":\"ListItem\",\"position\":1,\"name\":\"Accueil\",\"item\":\"https:\\\/\\\/www.webdo.tn\\\/fr\\\/\"},{\"@type\":\"ListItem\",\"position\":2,\"name\":\"S\u00e9isme : Les sanctions contre la Syrie freinent les aides humanitaires\"}]},{\"@type\":\"WebSite\",\"@id\":\"https:\\\/\\\/www.webdo.tn\\\/fr\\\/#website\",\"url\":\"https:\\\/\\\/www.webdo.tn\\\/fr\\\/\",\"name\":\"webdo\",\"description\":\"Tunisie - News en Tunisie et \u00e0 l&#039;international sur Webdo.tn\",\"publisher\":{\"@id\":\"https:\\\/\\\/www.webdo.tn\\\/fr\\\/#organization\"},\"potentialAction\":[{\"@type\":\"SearchAction\",\"target\":{\"@type\":\"EntryPoint\",\"urlTemplate\":\"https:\\\/\\\/www.webdo.tn\\\/fr\\\/?s={search_term_string}\"},\"query-input\":{\"@type\":\"PropertyValueSpecification\",\"valueRequired\":true,\"valueName\":\"search_term_string\"}}],\"inLanguage\":\"fr-FR\"},{\"@type\":\"Organization\",\"@id\":\"https:\\\/\\\/www.webdo.tn\\\/fr\\\/#organization\",\"name\":\"Webdo\",\"alternateName\":\"Webdo.tn\",\"url\":\"https:\\\/\\\/www.webdo.tn\\\/fr\\\/\",\"logo\":{\"@type\":\"ImageObject\",\"inLanguage\":\"fr-FR\",\"@id\":\"https:\\\/\\\/www.webdo.tn\\\/fr\\\/#\\\/schema\\\/logo\\\/image\\\/\",\"url\":\"https:\\\/\\\/www.webdo.tn\\\/fr\\\/wp-content\\\/uploads\\\/2025\\\/06\\\/Webdo-Tunisie_168377.jpg\",\"contentUrl\":\"https:\\\/\\\/www.webdo.tn\\\/fr\\\/wp-content\\\/uploads\\\/2025\\\/06\\\/Webdo-Tunisie_168377.jpg\",\"width\":301,\"height\":301,\"caption\":\"Webdo\"},\"image\":{\"@id\":\"https:\\\/\\\/www.webdo.tn\\\/fr\\\/#\\\/schema\\\/logo\\\/image\\\/\"},\"sameAs\":[\"https:\\\/\\\/www.facebook.com\\\/webdotn\",\"https:\\\/\\\/x.com\\\/webdo_tn\"],\"description\":\"Webdo est un m\u00e9dia num\u00e9rique tunisien fond\u00e9 en 2010, sp\u00e9cialis\u00e9 dans l\u2019actualit\u00e9 nationale et internationale, l\u2019\u00e9conomie, la soci\u00e9t\u00e9 et les analyses politiques. Le site s\u2019adresse \u00e0 un large public francophone et couvre l\u2019information tunisienne en temps r\u00e9el.\",\"email\":\"redac@webdo.tn\",\"legalName\":\"YNJ SARL\",\"foundingDate\":\"2010-09-06\",\"numberOfEmployees\":{\"@type\":\"QuantitativeValue\",\"minValue\":\"11\",\"maxValue\":\"50\"}},{\"@type\":\"Person\",\"@id\":\"https:\\\/\\\/www.webdo.tn\\\/fr\\\/#\\\/schema\\\/person\\\/f35b42a42c5e2511bbd282959d6385cc\",\"name\":\"CL\",\"image\":{\"@type\":\"ImageObject\",\"inLanguage\":\"fr-FR\",\"@id\":\"https:\\\/\\\/secure.gravatar.com\\\/avatar\\\/1447a49909b67aa657c488aec6512e1dd6143a480c1ecfee9b5b5cd74eb3b59e?s=96&d=mm&r=g\",\"url\":\"https:\\\/\\\/secure.gravatar.com\\\/avatar\\\/1447a49909b67aa657c488aec6512e1dd6143a480c1ecfee9b5b5cd74eb3b59e?s=96&d=mm&r=g\",\"contentUrl\":\"https:\\\/\\\/secure.gravatar.com\\\/avatar\\\/1447a49909b67aa657c488aec6512e1dd6143a480c1ecfee9b5b5cd74eb3b59e?s=96&d=mm&r=g\",\"caption\":\"CL\"},\"url\":\"https:\\\/\\\/www.webdo.tn\\\/fr\\\/actualite\\\/author\\\/cl\\\/\"}]}<\/script>\n<!-- \/ Yoast SEO Premium plugin. -->","yoast_head_json":{"title":"S\u00e9isme : Les sanctions contre la Syrie freinent les aides humanitaires","description":"Le s\u00e9isme qui a frapp\u00e9 la Syrie a vraisemblablement fait des milliers de victimes, pi\u00e9g\u00e9es dans des immeubles construits sans normes antisismiques. Les secouris...","canonical":"https:\/\/www.webdo.tn\/fr\/actualite\/international\/seisme-les-sanctions-contre-la-syrie-freinent-les-aides-humanitaires\/202657\/","og_locale":"fr_FR","og_type":"article","og_title":"S\u00e9isme : Les sanctions contre la Syrie freinent les aides humanitaires","og_description":"Le s\u00e9isme qui a frapp\u00e9 la Syrie a vraisemblablement fait des milliers de victimes, pi\u00e9g\u00e9es dans des immeubles construits sans normes antisismiques. Les secouris...","og_url":"https:\/\/www.webdo.tn\/fr\/actualite\/international\/seisme-les-sanctions-contre-la-syrie-freinent-les-aides-humanitaires\/202657\/","og_site_name":"webdo","article_publisher":"https:\/\/www.facebook.com\/webdotn","article_published_time":"2023-02-07T11:11:00+00:00","article_modified_time":"2025-05-20T22:48:58+00:00","og_image":[{"width":750,"height":400,"url":"https:\/\/www.webdo.tn\/fr\/wp-content\/uploads\/2023\/02\/f9ba3d72ee22f13437d037977078604e.jpg","type":"image\/jpeg"}],"author":"CL","twitter_card":"summary_large_image","twitter_creator":"@webdo_tn","twitter_site":"@webdo_tn","twitter_misc":{"\u00c9crit par":"CL","Dur\u00e9e de lecture estim\u00e9e":"1 minute"},"schema":{"@context":"https:\/\/schema.org","@graph":[{"@type":"NewsArticle","@id":"https:\/\/www.webdo.tn\/fr\/actualite\/international\/seisme-les-sanctions-contre-la-syrie-freinent-les-aides-humanitaires\/202657\/#article","isPartOf":{"@id":"https:\/\/www.webdo.tn\/fr\/actualite\/international\/seisme-les-sanctions-contre-la-syrie-freinent-les-aides-humanitaires\/202657\/"},"author":{"name":"CL","@id":"https:\/\/www.webdo.tn\/fr\/#\/schema\/person\/f35b42a42c5e2511bbd282959d6385cc"},"headline":"S\u00e9isme : Les sanctions contre la Syrie freinent les aides humanitaires","datePublished":"2023-02-07T11:11:00+00:00","dateModified":"2025-05-20T22:48:58+00:00","mainEntityOfPage":{"@id":"https:\/\/www.webdo.tn\/fr\/actualite\/international\/seisme-les-sanctions-contre-la-syrie-freinent-les-aides-humanitaires\/202657\/"},"wordCount":156,"commentCount":0,"publisher":{"@id":"https:\/\/www.webdo.tn\/fr\/#organization"},"image":{"@id":"https:\/\/www.webdo.tn\/fr\/actualite\/international\/seisme-les-sanctions-contre-la-syrie-freinent-les-aides-humanitaires\/202657\/#primaryimage"},"thumbnailUrl":"https:\/\/www.webdo.tn\/fr\/wp-content\/uploads\/2023\/02\/f9ba3d72ee22f13437d037977078604e.jpg","keywords":["Aides","s\u00e9isme","syrie","Turquie"],"articleSection":["International"],"inLanguage":"fr-FR"},{"@type":"WebPage","@id":"https:\/\/www.webdo.tn\/fr\/actualite\/international\/seisme-les-sanctions-contre-la-syrie-freinent-les-aides-humanitaires\/202657\/","url":"https:\/\/www.webdo.tn\/fr\/actualite\/international\/seisme-les-sanctions-contre-la-syrie-freinent-les-aides-humanitaires\/202657\/","name":"S\u00e9isme : Les sanctions contre la Syrie freinent les aides humanitaires","isPartOf":{"@id":"https:\/\/www.webdo.tn\/fr\/#website"},"primaryImageOfPage":{"@id":"https:\/\/www.webdo.tn\/fr\/actualite\/international\/seisme-les-sanctions-contre-la-syrie-freinent-les-aides-humanitaires\/202657\/#primaryimage"},"image":{"@id":"https:\/\/www.webdo.tn\/fr\/actualite\/international\/seisme-les-sanctions-contre-la-syrie-freinent-les-aides-humanitaires\/202657\/#primaryimage"},"thumbnailUrl":"https:\/\/www.webdo.tn\/fr\/wp-content\/uploads\/2023\/02\/f9ba3d72ee22f13437d037977078604e.jpg","datePublished":"2023-02-07T11:11:00+00:00","dateModified":"2025-05-20T22:48:58+00:00","description":"Le s\u00e9isme qui a frapp\u00e9 la Syrie a vraisemblablement fait des milliers de victimes, pi\u00e9g\u00e9es dans des immeubles construits sans normes antisismiques. Les secouris...","breadcrumb":{"@id":"https:\/\/www.webdo.tn\/fr\/actualite\/international\/seisme-les-sanctions-contre-la-syrie-freinent-les-aides-humanitaires\/202657\/#breadcrumb"},"inLanguage":"fr-FR","potentialAction":[{"@type":"ReadAction","target":["https:\/\/www.webdo.tn\/fr\/actualite\/international\/seisme-les-sanctions-contre-la-syrie-freinent-les-aides-humanitaires\/202657\/"]}]},{"@type":"ImageObject","inLanguage":"fr-FR","@id":"https:\/\/www.webdo.tn\/fr\/actualite\/international\/seisme-les-sanctions-contre-la-syrie-freinent-les-aides-humanitaires\/202657\/#primaryimage","url":"https:\/\/www.webdo.tn\/fr\/wp-content\/uploads\/2023\/02\/f9ba3d72ee22f13437d037977078604e.jpg","contentUrl":"https:\/\/www.webdo.tn\/fr\/wp-content\/uploads\/2023\/02\/f9ba3d72ee22f13437d037977078604e.jpg","width":750,"height":400,"caption":"S\u00e9isme Syrie"},{"@type":"BreadcrumbList","@id":"https:\/\/www.webdo.tn\/fr\/actualite\/international\/seisme-les-sanctions-contre-la-syrie-freinent-les-aides-humanitaires\/202657\/#breadcrumb","itemListElement":[{"@type":"ListItem","position":1,"name":"Accueil","item":"https:\/\/www.webdo.tn\/fr\/"},{"@type":"ListItem","position":2,"name":"S\u00e9isme : Les sanctions contre la Syrie freinent les aides humanitaires"}]},{"@type":"WebSite","@id":"https:\/\/www.webdo.tn\/fr\/#website","url":"https:\/\/www.webdo.tn\/fr\/","name":"webdo","description":"Tunisie - News en Tunisie et \u00e0 l&#039;international sur Webdo.tn","publisher":{"@id":"https:\/\/www.webdo.tn\/fr\/#organization"},"potentialAction":[{"@type":"SearchAction","target":{"@type":"EntryPoint","urlTemplate":"https:\/\/www.webdo.tn\/fr\/?s={search_term_string}"},"query-input":{"@type":"PropertyValueSpecification","valueRequired":true,"valueName":"search_term_string"}}],"inLanguage":"fr-FR"},{"@type":"Organization","@id":"https:\/\/www.webdo.tn\/fr\/#organization","name":"Webdo","alternateName":"Webdo.tn","url":"https:\/\/www.webdo.tn\/fr\/","logo":{"@type":"ImageObject","inLanguage":"fr-FR","@id":"https:\/\/www.webdo.tn\/fr\/#\/schema\/logo\/image\/","url":"https:\/\/www.webdo.tn\/fr\/wp-content\/uploads\/2025\/06\/Webdo-Tunisie_168377.jpg","contentUrl":"https:\/\/www.webdo.tn\/fr\/wp-content\/uploads\/2025\/06\/Webdo-Tunisie_168377.jpg","width":301,"height":301,"caption":"Webdo"},"image":{"@id":"https:\/\/www.webdo.tn\/fr\/#\/schema\/logo\/image\/"},"sameAs":["https:\/\/www.facebook.com\/webdotn","https:\/\/x.com\/webdo_tn"],"description":"Webdo est un m\u00e9dia num\u00e9rique tunisien fond\u00e9 en 2010, sp\u00e9cialis\u00e9 dans l\u2019actualit\u00e9 nationale et internationale, l\u2019\u00e9conomie, la soci\u00e9t\u00e9 et les analyses politiques. Le site s\u2019adresse \u00e0 un large public francophone et couvre l\u2019information tunisienne en temps r\u00e9el.","email":"redac@webdo.tn","legalName":"YNJ SARL","foundingDate":"2010-09-06","numberOfEmployees":{"@type":"QuantitativeValue","minValue":"11","maxValue":"50"}},{"@type":"Person","@id":"https:\/\/www.webdo.tn\/fr\/#\/schema\/person\/f35b42a42c5e2511bbd282959d6385cc","name":"CL","image":{"@type":"ImageObject","inLanguage":"fr-FR","@id":"https:\/\/secure.gravatar.com\/avatar\/1447a49909b67aa657c488aec6512e1dd6143a480c1ecfee9b5b5cd74eb3b59e?s=96&d=mm&r=g","url":"https:\/\/secure.gravatar.com\/avatar\/1447a49909b67aa657c488aec6512e1dd6143a480c1ecfee9b5b5cd74eb3b59e?s=96&d=mm&r=g","contentUrl":"https:\/\/secure.gravatar.com\/avatar\/1447a49909b67aa657c488aec6512e1dd6143a480c1ecfee9b5b5cd74eb3b59e?s=96&d=mm&r=g","caption":"CL"},"url":"https:\/\/www.webdo.tn\/fr\/actualite\/author\/cl\/"}]}},"_links":{"self":[{"href":"https:\/\/www.webdo.tn\/fr\/wp-json\/wp\/v2\/posts\/202657","targetHints":{"allow":["GET"]}}],"collection":[{"href":"https:\/\/www.webdo.tn\/fr\/wp-json\/wp\/v2\/posts"}],"about":[{"href":"https:\/\/www.webdo.tn\/fr\/wp-json\/wp\/v2\/types\/post"}],"author":[{"embeddable":true,"href":"https:\/\/www.webdo.tn\/fr\/wp-json\/wp\/v2\/users\/3175"}],"replies":[{"embeddable":true,"href":"https:\/\/www.webdo.tn\/fr\/wp-json\/wp\/v2\/comments?post=202657"}],"version-history":[{"count":0,"href":"https:\/\/www.webdo.tn\/fr\/wp-json\/wp\/v2\/posts\/202657\/revisions"}],"wp:featuredmedia":[{"embeddable":true,"href":"https:\/\/www.webdo.tn\/fr\/wp-json\/wp\/v2\/media\/277680"}],"wp:attachment":[{"href":"https:\/\/www.webdo.tn\/fr\/wp-json\/wp\/v2\/media?parent=202657"}],"wp:term":[{"taxonomy":"category","embeddable":true,"href":"https:\/\/www.webdo.tn\/fr\/wp-json\/wp\/v2\/categories?post=202657"},{"taxonomy":"post_tag","embeddable":true,"href":"https:\/\/www.webdo.tn\/fr\/wp-json\/wp\/v2\/tags?post=202657"}],"curies":[{"name":"wp","href":"https:\/\/api.w.org\/{rel}","templated":true}]}}