{"id":202650,"date":"2023-02-07T09:56:00","date_gmt":"2023-02-07T09:56:00","guid":{"rendered":"https:\/\/www.webdo.tn\/fr\/blog\/la-tunisie-est-elle-a-l-abri-des-seismes\/202650\/"},"modified":"2025-05-20T22:45:39","modified_gmt":"2025-05-20T22:45:39","slug":"la-tunisie-est-elle-a-l-abri-des-seismes","status":"publish","type":"post","link":"https:\/\/www.webdo.tn\/fr\/actualite\/national\/la-tunisie-est-elle-a-l-abri-des-seismes\/202650\/","title":{"rendered":"La Tunisie est-elle \u00e0 l\u2019abri des s\u00e9ismes ?"},"content":{"rendered":"<p>La Turquie vient de conna\u00eetre l\u2019un des plus puissants s\u00e9ismes de son histoire. D\u00e9vastateur, il a entrain\u00e9 la mort ou la disparition de milliers de personnes et des pertes mat\u00e9rielles se comptant par dizaines de milliards de dollars m\u00eame en Syrie.<\/p>\n<p>\t\t\t\t\t\t\t\t\tObservant les images effrayantes qui nous viennent de ces deux pays, le citoyen tunisien non averti est alors en droit de se poser un certain nombre de questions : Qu\u2019est-ce qu\u2019un s\u00e9isme ? Peut-on en pr\u00e9voir le d\u00e9clenchement ? Notre pays est-il \u00e0 l\u2019abri des risques sismiques ?\u00a0<\/p>\n<p>Un tremblement de terre, ou s\u00e9isme, r\u00e9sulte de la lib\u00e9ration d&rsquo;\u00e9nergie accumul\u00e9e par les d\u00e9placements et les frictions des diff\u00e9rentes plaques de la cro\u00fbte terrestre. La majorit\u00e9 d&rsquo;entre eux n&rsquo;est pas ressentie par les humains.<\/p>\n<p>Le c\u0153ur d&rsquo;un tremblement de terre est appel\u00e9 hypocentre. Il peut se trouver entre la surface et jusqu&rsquo;\u00e0 une profondeur de 700 km. On parle plus souvent de l&rsquo;\u00e9picentre du s\u00e9isme, qui est le point de la surface de la Terre qui se trouve \u00e0 la verticale de l&rsquo;hypocentre.\u00a0<\/p>\n<p>La magnitude est une mesure de l\u2019\u00e9nergie d\u00e9gag\u00e9e lors d\u2019un tremblement de terre. Elle peut \u00eatre calcul\u00e9e \u00e0 partir de la mesure instrumentale des mouvements du sol. Le calcul de la magnitude fut initialement d\u00e9velopp\u00e9e en 1935 par Charles Richter, c\u2019est pourquoi on parle de \u00ab l\u2019\u00e9chelle de Richter \u00bb pour mesurer l&rsquo;intensit\u00e9 d&rsquo;un s\u00e9isme.<\/p>\n<p>Historiquement, la Tunisie n\u2019a pas connu de s\u00e9ismes d&rsquo;une telle ampleur causant de grands d\u00e9g\u00e2ts humains. En effet, notre pays s\u2019av\u00e8re \u00eatre prot\u00e9g\u00e9 de ce genre de ph\u00e9nom\u00e8ne surtout si on rappelle que la Tunisie se trouve dans une zone sismique mod\u00e9r\u00e9e.<\/p>\n<p>En effet, le risque sismique est mod\u00e9r\u00e9 dans notre pays, d\u2019apr\u00e8s les informations de mod\u00e9lisation actuellement disponibles. Cela signifie qu\u2019il existe une probabilit\u00e9 de 10% qu\u2019un s\u00e9isme susceptible de causer des dommages survienne au cours des 50 prochaines ann\u00e9es.<\/p>\n<p>Cependant, il n\u2019existe aucune r\u00e9gion au monde susceptible d\u2019\u00eatre ind\u00e9finiment \u00e0 l\u2019abri d\u2019une secousse sismique. Bien entendu, il existe des r\u00e9gions plus expos\u00e9es que d\u2019autres.<\/p>\n","protected":false},"excerpt":{"rendered":"<p>La Turquie vient de conna\u00eetre l\u2019un des plus puissants s\u00e9ismes de son histoire. D\u00e9vastateur, il a entrain\u00e9 la mort ou la disparition de milliers de personnes et&#8230;<\/p>\n","protected":false},"author":3175,"featured_media":252286,"comment_status":"open","ping_status":"closed","sticky":false,"template":"","format":"standard","meta":{"footnotes":""},"categories":[44],"tags":[7271,2608],"class_list":["post-202650","post","type-post","status-publish","format-standard","has-post-thumbnail","hentry","category-national","tag-seisme","tag-tunisie"],"yoast_head":"<!-- This site is optimized with the Yoast SEO Premium plugin v27.4 (Yoast SEO v27.5) - https:\/\/yoast.com\/product\/yoast-seo-premium-wordpress\/ -->\n<title>La Tunisie est-elle \u00e0 l\u2019abri des s\u00e9ismes ?<\/title>\n<meta name=\"description\" content=\"La Turquie vient de conna\u00eetre l\u2019un des plus puissants s\u00e9ismes de son histoire. D\u00e9vastateur, il a entrain\u00e9 la mort ou la disparition de milliers de personnes et...\" \/>\n<link rel=\"canonical\" href=\"https:\/\/www.webdo.tn\/fr\/actualite\/national\/la-tunisie-est-elle-a-l-abri-des-seismes\/202650\/\" \/>\n<meta property=\"og:locale\" content=\"fr_FR\" \/>\n<meta property=\"og:type\" content=\"article\" \/>\n<meta property=\"og:title\" content=\"La Tunisie est-elle \u00e0 l\u2019abri des s\u00e9ismes ?\" \/>\n<meta property=\"og:description\" content=\"La Turquie vient de conna\u00eetre l\u2019un des plus puissants s\u00e9ismes de son histoire. D\u00e9vastateur, il a entrain\u00e9 la mort ou la disparition de milliers de personnes et...\" \/>\n<meta property=\"og:url\" content=\"https:\/\/www.webdo.tn\/fr\/actualite\/national\/la-tunisie-est-elle-a-l-abri-des-seismes\/202650\/\" \/>\n<meta property=\"og:site_name\" content=\"webdo\" \/>\n<meta property=\"article:publisher\" content=\"https:\/\/www.facebook.com\/webdotn\" \/>\n<meta property=\"article:published_time\" content=\"2023-02-07T09:56:00+00:00\" \/>\n<meta property=\"article:modified_time\" content=\"2025-05-20T22:45:39+00:00\" \/>\n<meta property=\"og:image\" content=\"https:\/\/www.webdo.tn\/fr\/wp-content\/uploads\/2023\/02\/cee2575b0fd220a48ec757ca5637f40d.png\" \/>\n\t<meta property=\"og:image:width\" content=\"750\" \/>\n\t<meta property=\"og:image:height\" content=\"400\" \/>\n\t<meta property=\"og:image:type\" content=\"image\/png\" \/>\n<meta name=\"author\" content=\"CL\" \/>\n<meta name=\"twitter:card\" content=\"summary_large_image\" \/>\n<meta name=\"twitter:creator\" content=\"@webdo_tn\" \/>\n<meta name=\"twitter:site\" content=\"@webdo_tn\" \/>\n<meta name=\"twitter:label1\" content=\"\u00c9crit par\" \/>\n\t<meta name=\"twitter:data1\" content=\"CL\" \/>\n\t<meta name=\"twitter:label2\" content=\"Dur\u00e9e de lecture estim\u00e9e\" \/>\n\t<meta name=\"twitter:data2\" content=\"2 minutes\" \/>\n<script type=\"application\/ld+json\" class=\"yoast-schema-graph\">{\"@context\":\"https:\\\/\\\/schema.org\",\"@graph\":[{\"@type\":\"NewsArticle\",\"@id\":\"https:\\\/\\\/www.webdo.tn\\\/fr\\\/actualite\\\/national\\\/la-tunisie-est-elle-a-l-abri-des-seismes\\\/202650\\\/#article\",\"isPartOf\":{\"@id\":\"https:\\\/\\\/www.webdo.tn\\\/fr\\\/actualite\\\/national\\\/la-tunisie-est-elle-a-l-abri-des-seismes\\\/202650\\\/\"},\"author\":{\"name\":\"CL\",\"@id\":\"https:\\\/\\\/www.webdo.tn\\\/fr\\\/#\\\/schema\\\/person\\\/f35b42a42c5e2511bbd282959d6385cc\"},\"headline\":\"La Tunisie est-elle \u00e0 l\u2019abri des s\u00e9ismes ?\",\"datePublished\":\"2023-02-07T09:56:00+00:00\",\"dateModified\":\"2025-05-20T22:45:39+00:00\",\"mainEntityOfPage\":{\"@id\":\"https:\\\/\\\/www.webdo.tn\\\/fr\\\/actualite\\\/national\\\/la-tunisie-est-elle-a-l-abri-des-seismes\\\/202650\\\/\"},\"wordCount\":396,\"commentCount\":0,\"publisher\":{\"@id\":\"https:\\\/\\\/www.webdo.tn\\\/fr\\\/#organization\"},\"image\":{\"@id\":\"https:\\\/\\\/www.webdo.tn\\\/fr\\\/actualite\\\/national\\\/la-tunisie-est-elle-a-l-abri-des-seismes\\\/202650\\\/#primaryimage\"},\"thumbnailUrl\":\"https:\\\/\\\/www.webdo.tn\\\/fr\\\/wp-content\\\/uploads\\\/2023\\\/02\\\/cee2575b0fd220a48ec757ca5637f40d.png\",\"keywords\":[\"s\u00e9isme\",\"Tunisie\"],\"articleSection\":[\"National\"],\"inLanguage\":\"fr-FR\"},{\"@type\":\"WebPage\",\"@id\":\"https:\\\/\\\/www.webdo.tn\\\/fr\\\/actualite\\\/national\\\/la-tunisie-est-elle-a-l-abri-des-seismes\\\/202650\\\/\",\"url\":\"https:\\\/\\\/www.webdo.tn\\\/fr\\\/actualite\\\/national\\\/la-tunisie-est-elle-a-l-abri-des-seismes\\\/202650\\\/\",\"name\":\"La Tunisie est-elle \u00e0 l\u2019abri des s\u00e9ismes ?\",\"isPartOf\":{\"@id\":\"https:\\\/\\\/www.webdo.tn\\\/fr\\\/#website\"},\"primaryImageOfPage\":{\"@id\":\"https:\\\/\\\/www.webdo.tn\\\/fr\\\/actualite\\\/national\\\/la-tunisie-est-elle-a-l-abri-des-seismes\\\/202650\\\/#primaryimage\"},\"image\":{\"@id\":\"https:\\\/\\\/www.webdo.tn\\\/fr\\\/actualite\\\/national\\\/la-tunisie-est-elle-a-l-abri-des-seismes\\\/202650\\\/#primaryimage\"},\"thumbnailUrl\":\"https:\\\/\\\/www.webdo.tn\\\/fr\\\/wp-content\\\/uploads\\\/2023\\\/02\\\/cee2575b0fd220a48ec757ca5637f40d.png\",\"datePublished\":\"2023-02-07T09:56:00+00:00\",\"dateModified\":\"2025-05-20T22:45:39+00:00\",\"description\":\"La Turquie vient de conna\u00eetre l\u2019un des plus puissants s\u00e9ismes de son histoire. D\u00e9vastateur, il a entrain\u00e9 la mort ou la disparition de milliers de personnes et...\",\"breadcrumb\":{\"@id\":\"https:\\\/\\\/www.webdo.tn\\\/fr\\\/actualite\\\/national\\\/la-tunisie-est-elle-a-l-abri-des-seismes\\\/202650\\\/#breadcrumb\"},\"inLanguage\":\"fr-FR\",\"potentialAction\":[{\"@type\":\"ReadAction\",\"target\":[\"https:\\\/\\\/www.webdo.tn\\\/fr\\\/actualite\\\/national\\\/la-tunisie-est-elle-a-l-abri-des-seismes\\\/202650\\\/\"]}]},{\"@type\":\"ImageObject\",\"inLanguage\":\"fr-FR\",\"@id\":\"https:\\\/\\\/www.webdo.tn\\\/fr\\\/actualite\\\/national\\\/la-tunisie-est-elle-a-l-abri-des-seismes\\\/202650\\\/#primaryimage\",\"url\":\"https:\\\/\\\/www.webdo.tn\\\/fr\\\/wp-content\\\/uploads\\\/2023\\\/02\\\/cee2575b0fd220a48ec757ca5637f40d.png\",\"contentUrl\":\"https:\\\/\\\/www.webdo.tn\\\/fr\\\/wp-content\\\/uploads\\\/2023\\\/02\\\/cee2575b0fd220a48ec757ca5637f40d.png\",\"width\":750,\"height\":400,\"caption\":\"S\u00e9isme\"},{\"@type\":\"BreadcrumbList\",\"@id\":\"https:\\\/\\\/www.webdo.tn\\\/fr\\\/actualite\\\/national\\\/la-tunisie-est-elle-a-l-abri-des-seismes\\\/202650\\\/#breadcrumb\",\"itemListElement\":[{\"@type\":\"ListItem\",\"position\":1,\"name\":\"Accueil\",\"item\":\"https:\\\/\\\/www.webdo.tn\\\/fr\\\/\"},{\"@type\":\"ListItem\",\"position\":2,\"name\":\"La Tunisie est-elle \u00e0 l\u2019abri des s\u00e9ismes ?\"}]},{\"@type\":\"WebSite\",\"@id\":\"https:\\\/\\\/www.webdo.tn\\\/fr\\\/#website\",\"url\":\"https:\\\/\\\/www.webdo.tn\\\/fr\\\/\",\"name\":\"webdo\",\"description\":\"Tunisie - News en Tunisie et \u00e0 l&#039;international sur Webdo.tn\",\"publisher\":{\"@id\":\"https:\\\/\\\/www.webdo.tn\\\/fr\\\/#organization\"},\"potentialAction\":[{\"@type\":\"SearchAction\",\"target\":{\"@type\":\"EntryPoint\",\"urlTemplate\":\"https:\\\/\\\/www.webdo.tn\\\/fr\\\/?s={search_term_string}\"},\"query-input\":{\"@type\":\"PropertyValueSpecification\",\"valueRequired\":true,\"valueName\":\"search_term_string\"}}],\"inLanguage\":\"fr-FR\"},{\"@type\":\"Organization\",\"@id\":\"https:\\\/\\\/www.webdo.tn\\\/fr\\\/#organization\",\"name\":\"Webdo\",\"alternateName\":\"Webdo.tn\",\"url\":\"https:\\\/\\\/www.webdo.tn\\\/fr\\\/\",\"logo\":{\"@type\":\"ImageObject\",\"inLanguage\":\"fr-FR\",\"@id\":\"https:\\\/\\\/www.webdo.tn\\\/fr\\\/#\\\/schema\\\/logo\\\/image\\\/\",\"url\":\"https:\\\/\\\/www.webdo.tn\\\/fr\\\/wp-content\\\/uploads\\\/2025\\\/06\\\/Webdo-Tunisie_168377.jpg\",\"contentUrl\":\"https:\\\/\\\/www.webdo.tn\\\/fr\\\/wp-content\\\/uploads\\\/2025\\\/06\\\/Webdo-Tunisie_168377.jpg\",\"width\":301,\"height\":301,\"caption\":\"Webdo\"},\"image\":{\"@id\":\"https:\\\/\\\/www.webdo.tn\\\/fr\\\/#\\\/schema\\\/logo\\\/image\\\/\"},\"sameAs\":[\"https:\\\/\\\/www.facebook.com\\\/webdotn\",\"https:\\\/\\\/x.com\\\/webdo_tn\"],\"description\":\"Webdo est un m\u00e9dia num\u00e9rique tunisien fond\u00e9 en 2010, sp\u00e9cialis\u00e9 dans l\u2019actualit\u00e9 nationale et internationale, l\u2019\u00e9conomie, la soci\u00e9t\u00e9 et les analyses politiques. Le site s\u2019adresse \u00e0 un large public francophone et couvre l\u2019information tunisienne en temps r\u00e9el.\",\"email\":\"redac@webdo.tn\",\"legalName\":\"YNJ SARL\",\"foundingDate\":\"2010-09-06\",\"numberOfEmployees\":{\"@type\":\"QuantitativeValue\",\"minValue\":\"11\",\"maxValue\":\"50\"}},{\"@type\":\"Person\",\"@id\":\"https:\\\/\\\/www.webdo.tn\\\/fr\\\/#\\\/schema\\\/person\\\/f35b42a42c5e2511bbd282959d6385cc\",\"name\":\"CL\",\"image\":{\"@type\":\"ImageObject\",\"inLanguage\":\"fr-FR\",\"@id\":\"https:\\\/\\\/secure.gravatar.com\\\/avatar\\\/1447a49909b67aa657c488aec6512e1dd6143a480c1ecfee9b5b5cd74eb3b59e?s=96&d=mm&r=g\",\"url\":\"https:\\\/\\\/secure.gravatar.com\\\/avatar\\\/1447a49909b67aa657c488aec6512e1dd6143a480c1ecfee9b5b5cd74eb3b59e?s=96&d=mm&r=g\",\"contentUrl\":\"https:\\\/\\\/secure.gravatar.com\\\/avatar\\\/1447a49909b67aa657c488aec6512e1dd6143a480c1ecfee9b5b5cd74eb3b59e?s=96&d=mm&r=g\",\"caption\":\"CL\"},\"url\":\"https:\\\/\\\/www.webdo.tn\\\/fr\\\/actualite\\\/author\\\/cl\\\/\"}]}<\/script>\n<!-- \/ Yoast SEO Premium plugin. -->","yoast_head_json":{"title":"La Tunisie est-elle \u00e0 l\u2019abri des s\u00e9ismes ?","description":"La Turquie vient de conna\u00eetre l\u2019un des plus puissants s\u00e9ismes de son histoire. D\u00e9vastateur, il a entrain\u00e9 la mort ou la disparition de milliers de personnes et...","canonical":"https:\/\/www.webdo.tn\/fr\/actualite\/national\/la-tunisie-est-elle-a-l-abri-des-seismes\/202650\/","og_locale":"fr_FR","og_type":"article","og_title":"La Tunisie est-elle \u00e0 l\u2019abri des s\u00e9ismes ?","og_description":"La Turquie vient de conna\u00eetre l\u2019un des plus puissants s\u00e9ismes de son histoire. D\u00e9vastateur, il a entrain\u00e9 la mort ou la disparition de milliers de personnes et...","og_url":"https:\/\/www.webdo.tn\/fr\/actualite\/national\/la-tunisie-est-elle-a-l-abri-des-seismes\/202650\/","og_site_name":"webdo","article_publisher":"https:\/\/www.facebook.com\/webdotn","article_published_time":"2023-02-07T09:56:00+00:00","article_modified_time":"2025-05-20T22:45:39+00:00","og_image":[{"width":750,"height":400,"url":"https:\/\/www.webdo.tn\/fr\/wp-content\/uploads\/2023\/02\/cee2575b0fd220a48ec757ca5637f40d.png","type":"image\/png"}],"author":"CL","twitter_card":"summary_large_image","twitter_creator":"@webdo_tn","twitter_site":"@webdo_tn","twitter_misc":{"\u00c9crit par":"CL","Dur\u00e9e de lecture estim\u00e9e":"2 minutes"},"schema":{"@context":"https:\/\/schema.org","@graph":[{"@type":"NewsArticle","@id":"https:\/\/www.webdo.tn\/fr\/actualite\/national\/la-tunisie-est-elle-a-l-abri-des-seismes\/202650\/#article","isPartOf":{"@id":"https:\/\/www.webdo.tn\/fr\/actualite\/national\/la-tunisie-est-elle-a-l-abri-des-seismes\/202650\/"},"author":{"name":"CL","@id":"https:\/\/www.webdo.tn\/fr\/#\/schema\/person\/f35b42a42c5e2511bbd282959d6385cc"},"headline":"La Tunisie est-elle \u00e0 l\u2019abri des s\u00e9ismes ?","datePublished":"2023-02-07T09:56:00+00:00","dateModified":"2025-05-20T22:45:39+00:00","mainEntityOfPage":{"@id":"https:\/\/www.webdo.tn\/fr\/actualite\/national\/la-tunisie-est-elle-a-l-abri-des-seismes\/202650\/"},"wordCount":396,"commentCount":0,"publisher":{"@id":"https:\/\/www.webdo.tn\/fr\/#organization"},"image":{"@id":"https:\/\/www.webdo.tn\/fr\/actualite\/national\/la-tunisie-est-elle-a-l-abri-des-seismes\/202650\/#primaryimage"},"thumbnailUrl":"https:\/\/www.webdo.tn\/fr\/wp-content\/uploads\/2023\/02\/cee2575b0fd220a48ec757ca5637f40d.png","keywords":["s\u00e9isme","Tunisie"],"articleSection":["National"],"inLanguage":"fr-FR"},{"@type":"WebPage","@id":"https:\/\/www.webdo.tn\/fr\/actualite\/national\/la-tunisie-est-elle-a-l-abri-des-seismes\/202650\/","url":"https:\/\/www.webdo.tn\/fr\/actualite\/national\/la-tunisie-est-elle-a-l-abri-des-seismes\/202650\/","name":"La Tunisie est-elle \u00e0 l\u2019abri des s\u00e9ismes ?","isPartOf":{"@id":"https:\/\/www.webdo.tn\/fr\/#website"},"primaryImageOfPage":{"@id":"https:\/\/www.webdo.tn\/fr\/actualite\/national\/la-tunisie-est-elle-a-l-abri-des-seismes\/202650\/#primaryimage"},"image":{"@id":"https:\/\/www.webdo.tn\/fr\/actualite\/national\/la-tunisie-est-elle-a-l-abri-des-seismes\/202650\/#primaryimage"},"thumbnailUrl":"https:\/\/www.webdo.tn\/fr\/wp-content\/uploads\/2023\/02\/cee2575b0fd220a48ec757ca5637f40d.png","datePublished":"2023-02-07T09:56:00+00:00","dateModified":"2025-05-20T22:45:39+00:00","description":"La Turquie vient de conna\u00eetre l\u2019un des plus puissants s\u00e9ismes de son histoire. D\u00e9vastateur, il a entrain\u00e9 la mort ou la disparition de milliers de personnes et...","breadcrumb":{"@id":"https:\/\/www.webdo.tn\/fr\/actualite\/national\/la-tunisie-est-elle-a-l-abri-des-seismes\/202650\/#breadcrumb"},"inLanguage":"fr-FR","potentialAction":[{"@type":"ReadAction","target":["https:\/\/www.webdo.tn\/fr\/actualite\/national\/la-tunisie-est-elle-a-l-abri-des-seismes\/202650\/"]}]},{"@type":"ImageObject","inLanguage":"fr-FR","@id":"https:\/\/www.webdo.tn\/fr\/actualite\/national\/la-tunisie-est-elle-a-l-abri-des-seismes\/202650\/#primaryimage","url":"https:\/\/www.webdo.tn\/fr\/wp-content\/uploads\/2023\/02\/cee2575b0fd220a48ec757ca5637f40d.png","contentUrl":"https:\/\/www.webdo.tn\/fr\/wp-content\/uploads\/2023\/02\/cee2575b0fd220a48ec757ca5637f40d.png","width":750,"height":400,"caption":"S\u00e9isme"},{"@type":"BreadcrumbList","@id":"https:\/\/www.webdo.tn\/fr\/actualite\/national\/la-tunisie-est-elle-a-l-abri-des-seismes\/202650\/#breadcrumb","itemListElement":[{"@type":"ListItem","position":1,"name":"Accueil","item":"https:\/\/www.webdo.tn\/fr\/"},{"@type":"ListItem","position":2,"name":"La Tunisie est-elle \u00e0 l\u2019abri des s\u00e9ismes ?"}]},{"@type":"WebSite","@id":"https:\/\/www.webdo.tn\/fr\/#website","url":"https:\/\/www.webdo.tn\/fr\/","name":"webdo","description":"Tunisie - News en Tunisie et \u00e0 l&#039;international sur Webdo.tn","publisher":{"@id":"https:\/\/www.webdo.tn\/fr\/#organization"},"potentialAction":[{"@type":"SearchAction","target":{"@type":"EntryPoint","urlTemplate":"https:\/\/www.webdo.tn\/fr\/?s={search_term_string}"},"query-input":{"@type":"PropertyValueSpecification","valueRequired":true,"valueName":"search_term_string"}}],"inLanguage":"fr-FR"},{"@type":"Organization","@id":"https:\/\/www.webdo.tn\/fr\/#organization","name":"Webdo","alternateName":"Webdo.tn","url":"https:\/\/www.webdo.tn\/fr\/","logo":{"@type":"ImageObject","inLanguage":"fr-FR","@id":"https:\/\/www.webdo.tn\/fr\/#\/schema\/logo\/image\/","url":"https:\/\/www.webdo.tn\/fr\/wp-content\/uploads\/2025\/06\/Webdo-Tunisie_168377.jpg","contentUrl":"https:\/\/www.webdo.tn\/fr\/wp-content\/uploads\/2025\/06\/Webdo-Tunisie_168377.jpg","width":301,"height":301,"caption":"Webdo"},"image":{"@id":"https:\/\/www.webdo.tn\/fr\/#\/schema\/logo\/image\/"},"sameAs":["https:\/\/www.facebook.com\/webdotn","https:\/\/x.com\/webdo_tn"],"description":"Webdo est un m\u00e9dia num\u00e9rique tunisien fond\u00e9 en 2010, sp\u00e9cialis\u00e9 dans l\u2019actualit\u00e9 nationale et internationale, l\u2019\u00e9conomie, la soci\u00e9t\u00e9 et les analyses politiques. Le site s\u2019adresse \u00e0 un large public francophone et couvre l\u2019information tunisienne en temps r\u00e9el.","email":"redac@webdo.tn","legalName":"YNJ SARL","foundingDate":"2010-09-06","numberOfEmployees":{"@type":"QuantitativeValue","minValue":"11","maxValue":"50"}},{"@type":"Person","@id":"https:\/\/www.webdo.tn\/fr\/#\/schema\/person\/f35b42a42c5e2511bbd282959d6385cc","name":"CL","image":{"@type":"ImageObject","inLanguage":"fr-FR","@id":"https:\/\/secure.gravatar.com\/avatar\/1447a49909b67aa657c488aec6512e1dd6143a480c1ecfee9b5b5cd74eb3b59e?s=96&d=mm&r=g","url":"https:\/\/secure.gravatar.com\/avatar\/1447a49909b67aa657c488aec6512e1dd6143a480c1ecfee9b5b5cd74eb3b59e?s=96&d=mm&r=g","contentUrl":"https:\/\/secure.gravatar.com\/avatar\/1447a49909b67aa657c488aec6512e1dd6143a480c1ecfee9b5b5cd74eb3b59e?s=96&d=mm&r=g","caption":"CL"},"url":"https:\/\/www.webdo.tn\/fr\/actualite\/author\/cl\/"}]}},"_links":{"self":[{"href":"https:\/\/www.webdo.tn\/fr\/wp-json\/wp\/v2\/posts\/202650","targetHints":{"allow":["GET"]}}],"collection":[{"href":"https:\/\/www.webdo.tn\/fr\/wp-json\/wp\/v2\/posts"}],"about":[{"href":"https:\/\/www.webdo.tn\/fr\/wp-json\/wp\/v2\/types\/post"}],"author":[{"embeddable":true,"href":"https:\/\/www.webdo.tn\/fr\/wp-json\/wp\/v2\/users\/3175"}],"replies":[{"embeddable":true,"href":"https:\/\/www.webdo.tn\/fr\/wp-json\/wp\/v2\/comments?post=202650"}],"version-history":[{"count":0,"href":"https:\/\/www.webdo.tn\/fr\/wp-json\/wp\/v2\/posts\/202650\/revisions"}],"wp:featuredmedia":[{"embeddable":true,"href":"https:\/\/www.webdo.tn\/fr\/wp-json\/wp\/v2\/media\/252286"}],"wp:attachment":[{"href":"https:\/\/www.webdo.tn\/fr\/wp-json\/wp\/v2\/media?parent=202650"}],"wp:term":[{"taxonomy":"category","embeddable":true,"href":"https:\/\/www.webdo.tn\/fr\/wp-json\/wp\/v2\/categories?post=202650"},{"taxonomy":"post_tag","embeddable":true,"href":"https:\/\/www.webdo.tn\/fr\/wp-json\/wp\/v2\/tags?post=202650"}],"curies":[{"name":"wp","href":"https:\/\/api.w.org\/{rel}","templated":true}]}}