{"id":202649,"date":"2023-02-07T09:41:00","date_gmt":"2023-02-07T09:41:00","guid":{"rendered":"https:\/\/www.webdo.tn\/fr\/blog\/la-tunisie-decroche-8-medailles-au-grand-prix-de-tunis-de-para-athletisme\/202649\/"},"modified":"2025-05-20T22:02:44","modified_gmt":"2025-05-20T22:02:44","slug":"la-tunisie-decroche-8-medailles-au-grand-prix-de-tunis-de-para-athletisme","status":"publish","type":"post","link":"https:\/\/www.webdo.tn\/fr\/actualite\/sport\/la-tunisie-decroche-8-medailles-au-grand-prix-de-tunis-de-para-athletisme\/202649\/","title":{"rendered":"La Tunisie d\u00e9croche 8 m\u00e9dailles au Grand Prix de Tunis de para-athl\u00e9tisme"},"content":{"rendered":"<p>Le Grand Prix de Tunis de para-athl\u00e9tisme a d\u00e9marr\u00e9, hier, lundi 6 f\u00e9vrier 2023 et \u00e0 l\u2019occasion de la 1\u00e8re journ\u00e9e la s\u00e9lection tunisienne de handisports a d\u00e9croch\u00e9 huit m\u00e9dailles dont trois en or.<\/p>\n<p>\t\t\t\t\t\t\t\t\tLes trois m\u00e9dailles d&rsquo;or ont \u00e9t\u00e9 remport\u00e9es par Faouzi Rzig (javelot, F34), Yassine Guennichi (poids, F36) et Walid Ktila (100 m chaises, F34).<\/p>\n<p>Yosra Ben Jemaa (javelot, F34) et Mohamed Nidhal Khelifi (100 m, T53), ont d\u00e9croch\u00e9 l\u2019argent alors que Mohamed Trabelsi (javelot, F34), Ahmed Ben Moslah (poids, F37) et Malek Inghazo (100m, T37) se sont adjug\u00e9s le bronze.<\/p>\n<p>Apr\u00e8s cette premi\u00e8re journ\u00e9e de comp\u00e9tition qui s\u2019est d\u00e9roul\u00e9e au stade d&rsquo;athl\u00e9tisme de Rad\u00e8s et qui se poursuivra jusqu\u2019\u00e0 mercredi, c\u2019est l&rsquo;Irak qui occupe la t\u00eate du classement avec 4 m\u00e9dailles d&rsquo;or, 2 argent et 1 bronze, suivi de la Tunisie et de l&rsquo;Ouzb\u00e9kistan (2 or, 2 argent).<\/p>\n","protected":false},"excerpt":{"rendered":"<p>Le Grand Prix de Tunis de para-athl\u00e9tisme a d\u00e9marr\u00e9, hier, lundi 6 f\u00e9vrier 2023 et \u00e0 l\u2019occasion de la 1\u00e8re journ\u00e9e la s\u00e9lection tunisienne de handisports a d\u00e9cr&#8230;<\/p>\n","protected":false},"author":3162,"featured_media":252281,"comment_status":"open","ping_status":"closed","sticky":false,"template":"","format":"standard","meta":{"footnotes":""},"categories":[2593],"tags":[8810,2666,6478],"class_list":["post-202649","post","type-post","status-publish","format-standard","has-post-thumbnail","hentry","category-sport","tag-grand-prix-de-tunis","tag-medailles","tag-para-athletisme"],"yoast_head":"<!-- This site is optimized with the Yoast SEO Premium plugin v27.4 (Yoast SEO v27.5) - https:\/\/yoast.com\/product\/yoast-seo-premium-wordpress\/ -->\n<title>La Tunisie d\u00e9croche 8 m\u00e9dailles au Grand Prix de Tunis de para-athl\u00e9tisme<\/title>\n<meta name=\"description\" content=\"Le Grand Prix de Tunis de para-athl\u00e9tisme a d\u00e9marr\u00e9, hier, lundi 6 f\u00e9vrier 2023 et \u00e0 l\u2019occasion de la 1\u00e8re journ\u00e9e la s\u00e9lection tunisienne de handisports a d\u00e9cr...\" \/>\n<link rel=\"canonical\" href=\"https:\/\/www.webdo.tn\/fr\/actualite\/sport\/la-tunisie-decroche-8-medailles-au-grand-prix-de-tunis-de-para-athletisme\/202649\/\" \/>\n<meta property=\"og:locale\" content=\"fr_FR\" \/>\n<meta property=\"og:type\" content=\"article\" \/>\n<meta property=\"og:title\" content=\"La Tunisie d\u00e9croche 8 m\u00e9dailles au Grand Prix de Tunis de para-athl\u00e9tisme\" \/>\n<meta property=\"og:description\" content=\"Le Grand Prix de Tunis de para-athl\u00e9tisme a d\u00e9marr\u00e9, hier, lundi 6 f\u00e9vrier 2023 et \u00e0 l\u2019occasion de la 1\u00e8re journ\u00e9e la s\u00e9lection tunisienne de handisports a d\u00e9cr...\" \/>\n<meta property=\"og:url\" content=\"https:\/\/www.webdo.tn\/fr\/actualite\/sport\/la-tunisie-decroche-8-medailles-au-grand-prix-de-tunis-de-para-athletisme\/202649\/\" \/>\n<meta property=\"og:site_name\" content=\"webdo\" \/>\n<meta property=\"article:publisher\" content=\"https:\/\/www.facebook.com\/webdotn\" \/>\n<meta property=\"article:published_time\" content=\"2023-02-07T09:41:00+00:00\" \/>\n<meta property=\"article:modified_time\" content=\"2025-05-20T22:02:44+00:00\" \/>\n<meta property=\"og:image\" content=\"https:\/\/www.webdo.tn\/fr\/wp-content\/uploads\/2023\/02\/a7a25656cc941d7f454833468954d617.jpg\" \/>\n\t<meta property=\"og:image:width\" content=\"750\" \/>\n\t<meta property=\"og:image:height\" content=\"400\" \/>\n\t<meta property=\"og:image:type\" content=\"image\/jpeg\" \/>\n<meta name=\"author\" content=\"MC\" \/>\n<meta name=\"twitter:card\" content=\"summary_large_image\" \/>\n<meta name=\"twitter:creator\" content=\"@webdo_tn\" \/>\n<meta name=\"twitter:site\" content=\"@webdo_tn\" \/>\n<meta name=\"twitter:label1\" content=\"\u00c9crit par\" \/>\n\t<meta name=\"twitter:data1\" content=\"MC\" \/>\n\t<meta name=\"twitter:label2\" content=\"Dur\u00e9e de lecture estim\u00e9e\" \/>\n\t<meta name=\"twitter:data2\" content=\"1 minute\" \/>\n<script type=\"application\/ld+json\" class=\"yoast-schema-graph\">{\"@context\":\"https:\\\/\\\/schema.org\",\"@graph\":[{\"@type\":\"NewsArticle\",\"@id\":\"https:\\\/\\\/www.webdo.tn\\\/fr\\\/actualite\\\/sport\\\/la-tunisie-decroche-8-medailles-au-grand-prix-de-tunis-de-para-athletisme\\\/202649\\\/#article\",\"isPartOf\":{\"@id\":\"https:\\\/\\\/www.webdo.tn\\\/fr\\\/actualite\\\/sport\\\/la-tunisie-decroche-8-medailles-au-grand-prix-de-tunis-de-para-athletisme\\\/202649\\\/\"},\"author\":{\"name\":\"MC\",\"@id\":\"https:\\\/\\\/www.webdo.tn\\\/fr\\\/#\\\/schema\\\/person\\\/2c4929cbf5a809e3bd38617c6ce150f6\"},\"headline\":\"La Tunisie d\u00e9croche 8 m\u00e9dailles au Grand Prix de Tunis de para-athl\u00e9tisme\",\"datePublished\":\"2023-02-07T09:41:00+00:00\",\"dateModified\":\"2025-05-20T22:02:44+00:00\",\"mainEntityOfPage\":{\"@id\":\"https:\\\/\\\/www.webdo.tn\\\/fr\\\/actualite\\\/sport\\\/la-tunisie-decroche-8-medailles-au-grand-prix-de-tunis-de-para-athletisme\\\/202649\\\/\"},\"wordCount\":176,\"commentCount\":0,\"publisher\":{\"@id\":\"https:\\\/\\\/www.webdo.tn\\\/fr\\\/#organization\"},\"image\":{\"@id\":\"https:\\\/\\\/www.webdo.tn\\\/fr\\\/actualite\\\/sport\\\/la-tunisie-decroche-8-medailles-au-grand-prix-de-tunis-de-para-athletisme\\\/202649\\\/#primaryimage\"},\"thumbnailUrl\":\"https:\\\/\\\/www.webdo.tn\\\/fr\\\/wp-content\\\/uploads\\\/2023\\\/02\\\/a7a25656cc941d7f454833468954d617.jpg\",\"keywords\":[\"grand prix de tunis\",\"m\u00e9dailles\",\"para-athl\u00e9tisme\"],\"articleSection\":[\"Sport\"],\"inLanguage\":\"fr-FR\"},{\"@type\":\"WebPage\",\"@id\":\"https:\\\/\\\/www.webdo.tn\\\/fr\\\/actualite\\\/sport\\\/la-tunisie-decroche-8-medailles-au-grand-prix-de-tunis-de-para-athletisme\\\/202649\\\/\",\"url\":\"https:\\\/\\\/www.webdo.tn\\\/fr\\\/actualite\\\/sport\\\/la-tunisie-decroche-8-medailles-au-grand-prix-de-tunis-de-para-athletisme\\\/202649\\\/\",\"name\":\"La Tunisie d\u00e9croche 8 m\u00e9dailles au Grand Prix de Tunis de para-athl\u00e9tisme\",\"isPartOf\":{\"@id\":\"https:\\\/\\\/www.webdo.tn\\\/fr\\\/#website\"},\"primaryImageOfPage\":{\"@id\":\"https:\\\/\\\/www.webdo.tn\\\/fr\\\/actualite\\\/sport\\\/la-tunisie-decroche-8-medailles-au-grand-prix-de-tunis-de-para-athletisme\\\/202649\\\/#primaryimage\"},\"image\":{\"@id\":\"https:\\\/\\\/www.webdo.tn\\\/fr\\\/actualite\\\/sport\\\/la-tunisie-decroche-8-medailles-au-grand-prix-de-tunis-de-para-athletisme\\\/202649\\\/#primaryimage\"},\"thumbnailUrl\":\"https:\\\/\\\/www.webdo.tn\\\/fr\\\/wp-content\\\/uploads\\\/2023\\\/02\\\/a7a25656cc941d7f454833468954d617.jpg\",\"datePublished\":\"2023-02-07T09:41:00+00:00\",\"dateModified\":\"2025-05-20T22:02:44+00:00\",\"description\":\"Le Grand Prix de Tunis de para-athl\u00e9tisme a d\u00e9marr\u00e9, hier, lundi 6 f\u00e9vrier 2023 et \u00e0 l\u2019occasion de la 1\u00e8re journ\u00e9e la s\u00e9lection tunisienne de handisports a d\u00e9cr...\",\"breadcrumb\":{\"@id\":\"https:\\\/\\\/www.webdo.tn\\\/fr\\\/actualite\\\/sport\\\/la-tunisie-decroche-8-medailles-au-grand-prix-de-tunis-de-para-athletisme\\\/202649\\\/#breadcrumb\"},\"inLanguage\":\"fr-FR\",\"potentialAction\":[{\"@type\":\"ReadAction\",\"target\":[\"https:\\\/\\\/www.webdo.tn\\\/fr\\\/actualite\\\/sport\\\/la-tunisie-decroche-8-medailles-au-grand-prix-de-tunis-de-para-athletisme\\\/202649\\\/\"]}]},{\"@type\":\"ImageObject\",\"inLanguage\":\"fr-FR\",\"@id\":\"https:\\\/\\\/www.webdo.tn\\\/fr\\\/actualite\\\/sport\\\/la-tunisie-decroche-8-medailles-au-grand-prix-de-tunis-de-para-athletisme\\\/202649\\\/#primaryimage\",\"url\":\"https:\\\/\\\/www.webdo.tn\\\/fr\\\/wp-content\\\/uploads\\\/2023\\\/02\\\/a7a25656cc941d7f454833468954d617.jpg\",\"contentUrl\":\"https:\\\/\\\/www.webdo.tn\\\/fr\\\/wp-content\\\/uploads\\\/2023\\\/02\\\/a7a25656cc941d7f454833468954d617.jpg\",\"width\":750,\"height\":400,\"caption\":\"La Tunisie d\u00e9croche 8 m\u00e9dailles au Grand Prix de Tunis de para-athl\u00e9tisme\"},{\"@type\":\"BreadcrumbList\",\"@id\":\"https:\\\/\\\/www.webdo.tn\\\/fr\\\/actualite\\\/sport\\\/la-tunisie-decroche-8-medailles-au-grand-prix-de-tunis-de-para-athletisme\\\/202649\\\/#breadcrumb\",\"itemListElement\":[{\"@type\":\"ListItem\",\"position\":1,\"name\":\"Accueil\",\"item\":\"https:\\\/\\\/www.webdo.tn\\\/fr\\\/\"},{\"@type\":\"ListItem\",\"position\":2,\"name\":\"La Tunisie d\u00e9croche 8 m\u00e9dailles au Grand Prix de Tunis de para-athl\u00e9tisme\"}]},{\"@type\":\"WebSite\",\"@id\":\"https:\\\/\\\/www.webdo.tn\\\/fr\\\/#website\",\"url\":\"https:\\\/\\\/www.webdo.tn\\\/fr\\\/\",\"name\":\"webdo\",\"description\":\"Tunisie - News en Tunisie et \u00e0 l&#039;international sur Webdo.tn\",\"publisher\":{\"@id\":\"https:\\\/\\\/www.webdo.tn\\\/fr\\\/#organization\"},\"potentialAction\":[{\"@type\":\"SearchAction\",\"target\":{\"@type\":\"EntryPoint\",\"urlTemplate\":\"https:\\\/\\\/www.webdo.tn\\\/fr\\\/?s={search_term_string}\"},\"query-input\":{\"@type\":\"PropertyValueSpecification\",\"valueRequired\":true,\"valueName\":\"search_term_string\"}}],\"inLanguage\":\"fr-FR\"},{\"@type\":\"Organization\",\"@id\":\"https:\\\/\\\/www.webdo.tn\\\/fr\\\/#organization\",\"name\":\"Webdo\",\"alternateName\":\"Webdo.tn\",\"url\":\"https:\\\/\\\/www.webdo.tn\\\/fr\\\/\",\"logo\":{\"@type\":\"ImageObject\",\"inLanguage\":\"fr-FR\",\"@id\":\"https:\\\/\\\/www.webdo.tn\\\/fr\\\/#\\\/schema\\\/logo\\\/image\\\/\",\"url\":\"https:\\\/\\\/www.webdo.tn\\\/fr\\\/wp-content\\\/uploads\\\/2025\\\/06\\\/Webdo-Tunisie_168377.jpg\",\"contentUrl\":\"https:\\\/\\\/www.webdo.tn\\\/fr\\\/wp-content\\\/uploads\\\/2025\\\/06\\\/Webdo-Tunisie_168377.jpg\",\"width\":301,\"height\":301,\"caption\":\"Webdo\"},\"image\":{\"@id\":\"https:\\\/\\\/www.webdo.tn\\\/fr\\\/#\\\/schema\\\/logo\\\/image\\\/\"},\"sameAs\":[\"https:\\\/\\\/www.facebook.com\\\/webdotn\",\"https:\\\/\\\/x.com\\\/webdo_tn\"],\"description\":\"Webdo est un m\u00e9dia num\u00e9rique tunisien fond\u00e9 en 2010, sp\u00e9cialis\u00e9 dans l\u2019actualit\u00e9 nationale et internationale, l\u2019\u00e9conomie, la soci\u00e9t\u00e9 et les analyses politiques. Le site s\u2019adresse \u00e0 un large public francophone et couvre l\u2019information tunisienne en temps r\u00e9el.\",\"email\":\"redac@webdo.tn\",\"legalName\":\"YNJ SARL\",\"foundingDate\":\"2010-09-06\",\"numberOfEmployees\":{\"@type\":\"QuantitativeValue\",\"minValue\":\"11\",\"maxValue\":\"50\"}},{\"@type\":\"Person\",\"@id\":\"https:\\\/\\\/www.webdo.tn\\\/fr\\\/#\\\/schema\\\/person\\\/2c4929cbf5a809e3bd38617c6ce150f6\",\"name\":\"MC\",\"image\":{\"@type\":\"ImageObject\",\"inLanguage\":\"fr-FR\",\"@id\":\"https:\\\/\\\/secure.gravatar.com\\\/avatar\\\/a545bbb6f84efdd5553dbbc2895e3ca8f1d12c5215e00a041c9670b54aa9b18a?s=96&d=mm&r=g\",\"url\":\"https:\\\/\\\/secure.gravatar.com\\\/avatar\\\/a545bbb6f84efdd5553dbbc2895e3ca8f1d12c5215e00a041c9670b54aa9b18a?s=96&d=mm&r=g\",\"contentUrl\":\"https:\\\/\\\/secure.gravatar.com\\\/avatar\\\/a545bbb6f84efdd5553dbbc2895e3ca8f1d12c5215e00a041c9670b54aa9b18a?s=96&d=mm&r=g\",\"caption\":\"MC\"},\"url\":\"https:\\\/\\\/www.webdo.tn\\\/fr\\\/actualite\\\/author\\\/mc\\\/\"}]}<\/script>\n<!-- \/ Yoast SEO Premium plugin. -->","yoast_head_json":{"title":"La Tunisie d\u00e9croche 8 m\u00e9dailles au Grand Prix de Tunis de para-athl\u00e9tisme","description":"Le Grand Prix de Tunis de para-athl\u00e9tisme a d\u00e9marr\u00e9, hier, lundi 6 f\u00e9vrier 2023 et \u00e0 l\u2019occasion de la 1\u00e8re journ\u00e9e la s\u00e9lection tunisienne de handisports a d\u00e9cr...","canonical":"https:\/\/www.webdo.tn\/fr\/actualite\/sport\/la-tunisie-decroche-8-medailles-au-grand-prix-de-tunis-de-para-athletisme\/202649\/","og_locale":"fr_FR","og_type":"article","og_title":"La Tunisie d\u00e9croche 8 m\u00e9dailles au Grand Prix de Tunis de para-athl\u00e9tisme","og_description":"Le Grand Prix de Tunis de para-athl\u00e9tisme a d\u00e9marr\u00e9, hier, lundi 6 f\u00e9vrier 2023 et \u00e0 l\u2019occasion de la 1\u00e8re journ\u00e9e la s\u00e9lection tunisienne de handisports a d\u00e9cr...","og_url":"https:\/\/www.webdo.tn\/fr\/actualite\/sport\/la-tunisie-decroche-8-medailles-au-grand-prix-de-tunis-de-para-athletisme\/202649\/","og_site_name":"webdo","article_publisher":"https:\/\/www.facebook.com\/webdotn","article_published_time":"2023-02-07T09:41:00+00:00","article_modified_time":"2025-05-20T22:02:44+00:00","og_image":[{"width":750,"height":400,"url":"https:\/\/www.webdo.tn\/fr\/wp-content\/uploads\/2023\/02\/a7a25656cc941d7f454833468954d617.jpg","type":"image\/jpeg"}],"author":"MC","twitter_card":"summary_large_image","twitter_creator":"@webdo_tn","twitter_site":"@webdo_tn","twitter_misc":{"\u00c9crit par":"MC","Dur\u00e9e de lecture estim\u00e9e":"1 minute"},"schema":{"@context":"https:\/\/schema.org","@graph":[{"@type":"NewsArticle","@id":"https:\/\/www.webdo.tn\/fr\/actualite\/sport\/la-tunisie-decroche-8-medailles-au-grand-prix-de-tunis-de-para-athletisme\/202649\/#article","isPartOf":{"@id":"https:\/\/www.webdo.tn\/fr\/actualite\/sport\/la-tunisie-decroche-8-medailles-au-grand-prix-de-tunis-de-para-athletisme\/202649\/"},"author":{"name":"MC","@id":"https:\/\/www.webdo.tn\/fr\/#\/schema\/person\/2c4929cbf5a809e3bd38617c6ce150f6"},"headline":"La Tunisie d\u00e9croche 8 m\u00e9dailles au Grand Prix de Tunis de para-athl\u00e9tisme","datePublished":"2023-02-07T09:41:00+00:00","dateModified":"2025-05-20T22:02:44+00:00","mainEntityOfPage":{"@id":"https:\/\/www.webdo.tn\/fr\/actualite\/sport\/la-tunisie-decroche-8-medailles-au-grand-prix-de-tunis-de-para-athletisme\/202649\/"},"wordCount":176,"commentCount":0,"publisher":{"@id":"https:\/\/www.webdo.tn\/fr\/#organization"},"image":{"@id":"https:\/\/www.webdo.tn\/fr\/actualite\/sport\/la-tunisie-decroche-8-medailles-au-grand-prix-de-tunis-de-para-athletisme\/202649\/#primaryimage"},"thumbnailUrl":"https:\/\/www.webdo.tn\/fr\/wp-content\/uploads\/2023\/02\/a7a25656cc941d7f454833468954d617.jpg","keywords":["grand prix de tunis","m\u00e9dailles","para-athl\u00e9tisme"],"articleSection":["Sport"],"inLanguage":"fr-FR"},{"@type":"WebPage","@id":"https:\/\/www.webdo.tn\/fr\/actualite\/sport\/la-tunisie-decroche-8-medailles-au-grand-prix-de-tunis-de-para-athletisme\/202649\/","url":"https:\/\/www.webdo.tn\/fr\/actualite\/sport\/la-tunisie-decroche-8-medailles-au-grand-prix-de-tunis-de-para-athletisme\/202649\/","name":"La Tunisie d\u00e9croche 8 m\u00e9dailles au Grand Prix de Tunis de para-athl\u00e9tisme","isPartOf":{"@id":"https:\/\/www.webdo.tn\/fr\/#website"},"primaryImageOfPage":{"@id":"https:\/\/www.webdo.tn\/fr\/actualite\/sport\/la-tunisie-decroche-8-medailles-au-grand-prix-de-tunis-de-para-athletisme\/202649\/#primaryimage"},"image":{"@id":"https:\/\/www.webdo.tn\/fr\/actualite\/sport\/la-tunisie-decroche-8-medailles-au-grand-prix-de-tunis-de-para-athletisme\/202649\/#primaryimage"},"thumbnailUrl":"https:\/\/www.webdo.tn\/fr\/wp-content\/uploads\/2023\/02\/a7a25656cc941d7f454833468954d617.jpg","datePublished":"2023-02-07T09:41:00+00:00","dateModified":"2025-05-20T22:02:44+00:00","description":"Le Grand Prix de Tunis de para-athl\u00e9tisme a d\u00e9marr\u00e9, hier, lundi 6 f\u00e9vrier 2023 et \u00e0 l\u2019occasion de la 1\u00e8re journ\u00e9e la s\u00e9lection tunisienne de handisports a d\u00e9cr...","breadcrumb":{"@id":"https:\/\/www.webdo.tn\/fr\/actualite\/sport\/la-tunisie-decroche-8-medailles-au-grand-prix-de-tunis-de-para-athletisme\/202649\/#breadcrumb"},"inLanguage":"fr-FR","potentialAction":[{"@type":"ReadAction","target":["https:\/\/www.webdo.tn\/fr\/actualite\/sport\/la-tunisie-decroche-8-medailles-au-grand-prix-de-tunis-de-para-athletisme\/202649\/"]}]},{"@type":"ImageObject","inLanguage":"fr-FR","@id":"https:\/\/www.webdo.tn\/fr\/actualite\/sport\/la-tunisie-decroche-8-medailles-au-grand-prix-de-tunis-de-para-athletisme\/202649\/#primaryimage","url":"https:\/\/www.webdo.tn\/fr\/wp-content\/uploads\/2023\/02\/a7a25656cc941d7f454833468954d617.jpg","contentUrl":"https:\/\/www.webdo.tn\/fr\/wp-content\/uploads\/2023\/02\/a7a25656cc941d7f454833468954d617.jpg","width":750,"height":400,"caption":"La Tunisie d\u00e9croche 8 m\u00e9dailles au Grand Prix de Tunis de para-athl\u00e9tisme"},{"@type":"BreadcrumbList","@id":"https:\/\/www.webdo.tn\/fr\/actualite\/sport\/la-tunisie-decroche-8-medailles-au-grand-prix-de-tunis-de-para-athletisme\/202649\/#breadcrumb","itemListElement":[{"@type":"ListItem","position":1,"name":"Accueil","item":"https:\/\/www.webdo.tn\/fr\/"},{"@type":"ListItem","position":2,"name":"La Tunisie d\u00e9croche 8 m\u00e9dailles au Grand Prix de Tunis de para-athl\u00e9tisme"}]},{"@type":"WebSite","@id":"https:\/\/www.webdo.tn\/fr\/#website","url":"https:\/\/www.webdo.tn\/fr\/","name":"webdo","description":"Tunisie - News en Tunisie et \u00e0 l&#039;international sur Webdo.tn","publisher":{"@id":"https:\/\/www.webdo.tn\/fr\/#organization"},"potentialAction":[{"@type":"SearchAction","target":{"@type":"EntryPoint","urlTemplate":"https:\/\/www.webdo.tn\/fr\/?s={search_term_string}"},"query-input":{"@type":"PropertyValueSpecification","valueRequired":true,"valueName":"search_term_string"}}],"inLanguage":"fr-FR"},{"@type":"Organization","@id":"https:\/\/www.webdo.tn\/fr\/#organization","name":"Webdo","alternateName":"Webdo.tn","url":"https:\/\/www.webdo.tn\/fr\/","logo":{"@type":"ImageObject","inLanguage":"fr-FR","@id":"https:\/\/www.webdo.tn\/fr\/#\/schema\/logo\/image\/","url":"https:\/\/www.webdo.tn\/fr\/wp-content\/uploads\/2025\/06\/Webdo-Tunisie_168377.jpg","contentUrl":"https:\/\/www.webdo.tn\/fr\/wp-content\/uploads\/2025\/06\/Webdo-Tunisie_168377.jpg","width":301,"height":301,"caption":"Webdo"},"image":{"@id":"https:\/\/www.webdo.tn\/fr\/#\/schema\/logo\/image\/"},"sameAs":["https:\/\/www.facebook.com\/webdotn","https:\/\/x.com\/webdo_tn"],"description":"Webdo est un m\u00e9dia num\u00e9rique tunisien fond\u00e9 en 2010, sp\u00e9cialis\u00e9 dans l\u2019actualit\u00e9 nationale et internationale, l\u2019\u00e9conomie, la soci\u00e9t\u00e9 et les analyses politiques. Le site s\u2019adresse \u00e0 un large public francophone et couvre l\u2019information tunisienne en temps r\u00e9el.","email":"redac@webdo.tn","legalName":"YNJ SARL","foundingDate":"2010-09-06","numberOfEmployees":{"@type":"QuantitativeValue","minValue":"11","maxValue":"50"}},{"@type":"Person","@id":"https:\/\/www.webdo.tn\/fr\/#\/schema\/person\/2c4929cbf5a809e3bd38617c6ce150f6","name":"MC","image":{"@type":"ImageObject","inLanguage":"fr-FR","@id":"https:\/\/secure.gravatar.com\/avatar\/a545bbb6f84efdd5553dbbc2895e3ca8f1d12c5215e00a041c9670b54aa9b18a?s=96&d=mm&r=g","url":"https:\/\/secure.gravatar.com\/avatar\/a545bbb6f84efdd5553dbbc2895e3ca8f1d12c5215e00a041c9670b54aa9b18a?s=96&d=mm&r=g","contentUrl":"https:\/\/secure.gravatar.com\/avatar\/a545bbb6f84efdd5553dbbc2895e3ca8f1d12c5215e00a041c9670b54aa9b18a?s=96&d=mm&r=g","caption":"MC"},"url":"https:\/\/www.webdo.tn\/fr\/actualite\/author\/mc\/"}]}},"_links":{"self":[{"href":"https:\/\/www.webdo.tn\/fr\/wp-json\/wp\/v2\/posts\/202649","targetHints":{"allow":["GET"]}}],"collection":[{"href":"https:\/\/www.webdo.tn\/fr\/wp-json\/wp\/v2\/posts"}],"about":[{"href":"https:\/\/www.webdo.tn\/fr\/wp-json\/wp\/v2\/types\/post"}],"author":[{"embeddable":true,"href":"https:\/\/www.webdo.tn\/fr\/wp-json\/wp\/v2\/users\/3162"}],"replies":[{"embeddable":true,"href":"https:\/\/www.webdo.tn\/fr\/wp-json\/wp\/v2\/comments?post=202649"}],"version-history":[{"count":0,"href":"https:\/\/www.webdo.tn\/fr\/wp-json\/wp\/v2\/posts\/202649\/revisions"}],"wp:featuredmedia":[{"embeddable":true,"href":"https:\/\/www.webdo.tn\/fr\/wp-json\/wp\/v2\/media\/252281"}],"wp:attachment":[{"href":"https:\/\/www.webdo.tn\/fr\/wp-json\/wp\/v2\/media?parent=202649"}],"wp:term":[{"taxonomy":"category","embeddable":true,"href":"https:\/\/www.webdo.tn\/fr\/wp-json\/wp\/v2\/categories?post=202649"},{"taxonomy":"post_tag","embeddable":true,"href":"https:\/\/www.webdo.tn\/fr\/wp-json\/wp\/v2\/tags?post=202649"}],"curies":[{"name":"wp","href":"https:\/\/api.w.org\/{rel}","templated":true}]}}