{"id":202647,"date":"2023-02-07T09:13:00","date_gmt":"2023-02-07T09:13:00","guid":{"rendered":"https:\/\/www.webdo.tn\/fr\/blog\/turquie-syrie-aucun-tunisien-parmi-les-victimes-24-heures-apres-le-seisme\/202647\/"},"modified":"2025-05-20T22:02:44","modified_gmt":"2025-05-20T22:02:44","slug":"turquie-syrie-aucun-tunisien-parmi-les-victimes-24-heures-apres-le-seisme","status":"publish","type":"post","link":"https:\/\/www.webdo.tn\/fr\/actualite\/national\/turquie-syrie-aucun-tunisien-parmi-les-victimes-24-heures-apres-le-seisme\/202647\/","title":{"rendered":"Turquie &#8211; Syrie : Aucun Tunisien parmi les victimes 24 heures apr\u00e8s le s\u00e9isme"},"content":{"rendered":"<p>Le minist\u00e8re des Affaires \u00e9trang\u00e8res a confirm\u00e9, dans la soir\u00e9e de ce lundi 6 f\u00e9vrier 2023 qu\u2019aucun Tunisien ne fait partie des victimes du s\u00e9isme en Turquie \u00e0 l\u2019heure o\u00f9 le bilan s\u2019est alourdi \u00e0 pr\u00e8s de 5000 morts et 20.000 bless\u00e9s en Turquie et en Syrie et rassure qu\u2019il n\u2019y a aucun d\u00e9c\u00e8s ou blessure \u00e0 signaler parmi les Tunisiens.<\/p>\n<p>\t\t\t\t\t\t\t\t\tLe minist\u00e8re des Affaires \u00e9trang\u00e8res annonce, dans un communiqu\u00e9 que le suivi et la coordination continue avec l\u2019Ambassade de Tunisie \u00e0 Ankara et le Consulat g\u00e9n\u00e9ral \u00e0 Istanbul ainsi que la d\u00e9l\u00e9gation diplomatique \u00e0 Damas en Syrie pour s\u2019assurer de la situation de la communaut\u00e9 tunisienne dans les deux pays suite au s\u00e9isme destructeur qui a eu lieu, hier.<\/p>\n<p>Les ressortissants tunisiens qui se trouvent dans les deux pays sont pri\u00e9s de suivre les r\u00e8gles de s\u00e9curit\u00e9 et de garder le contact avec les d\u00e9l\u00e9gations diplomatiques et consulaires qui se trouvent dans les deux pays. Ils sont appel\u00e9s \u00e0 donner des informations sur la situation des membres de la communaut\u00e9 et \u00e0 demander de l\u2019aide en cas de besoin.<\/p>\n<p>Les num\u00e9ros de t\u00e9l\u00e9phone mis \u00e0 disposition sont :<\/p>\n<p>Ambassade de la R\u00e9publique tunisienne \u00e0 Ankara :<br \/>\nT\u00e9l\u00e9phone fixe : 00903124919657 \u2013 00903124919635<br \/>\nMobile : 00905347053088<\/p>\n<p>Consulat g\u00e9n\u00e9ral \u00e0 Istanbul :<br \/>\nT\u00e9l\u00e9phone fixe : 00902122174156<br \/>\nMobile : 00905315820850 \u2013 00905345951885 \u2013 00905364075499<\/p>\n<p>D\u00e9l\u00e9gation \u00e0 Damas :<br \/>\nT\u00e9l\u00e9phone fixe : 00963116132700<br \/>\nMobile : 00963936520748 &#8211; 00963116114473<\/p>\n","protected":false},"excerpt":{"rendered":"<p>Le minist\u00e8re des Affaires \u00e9trang\u00e8res a confirm\u00e9, dans la soir\u00e9e de ce lundi 6 f\u00e9vrier 2023 qu\u2019aucun Tunisien ne fait partie des victimes du s\u00e9isme en Turquie \u00e0&#8230;<\/p>\n","protected":false},"author":3162,"featured_media":252283,"comment_status":"open","ping_status":"closed","sticky":false,"template":"","format":"standard","meta":{"footnotes":""},"categories":[44],"tags":[7271,3504,2608,3550],"class_list":["post-202647","post","type-post","status-publish","format-standard","has-post-thumbnail","hentry","category-national","tag-seisme","tag-syrie","tag-tunisie","tag-turquie"],"yoast_head":"<!-- This site is optimized with the Yoast SEO Premium plugin v27.4 (Yoast SEO v27.5) - https:\/\/yoast.com\/product\/yoast-seo-premium-wordpress\/ -->\n<title>Turquie - Syrie : Aucun Tunisien parmi les victimes 24 heures apr\u00e8s le s\u00e9isme<\/title>\n<meta name=\"description\" content=\"Le minist\u00e8re des Affaires \u00e9trang\u00e8res a confirm\u00e9, dans la soir\u00e9e de ce lundi 6 f\u00e9vrier 2023 qu\u2019aucun Tunisien ne fait partie des victimes du s\u00e9isme en Turquie \u00e0...\" \/>\n<link rel=\"canonical\" href=\"https:\/\/www.webdo.tn\/fr\/actualite\/national\/turquie-syrie-aucun-tunisien-parmi-les-victimes-24-heures-apres-le-seisme\/202647\/\" \/>\n<meta property=\"og:locale\" content=\"fr_FR\" \/>\n<meta property=\"og:type\" content=\"article\" \/>\n<meta property=\"og:title\" content=\"Turquie - Syrie : Aucun Tunisien parmi les victimes 24 heures apr\u00e8s le s\u00e9isme\" \/>\n<meta property=\"og:description\" content=\"Le minist\u00e8re des Affaires \u00e9trang\u00e8res a confirm\u00e9, dans la soir\u00e9e de ce lundi 6 f\u00e9vrier 2023 qu\u2019aucun Tunisien ne fait partie des victimes du s\u00e9isme en Turquie \u00e0...\" \/>\n<meta property=\"og:url\" content=\"https:\/\/www.webdo.tn\/fr\/actualite\/national\/turquie-syrie-aucun-tunisien-parmi-les-victimes-24-heures-apres-le-seisme\/202647\/\" \/>\n<meta property=\"og:site_name\" content=\"webdo\" \/>\n<meta property=\"article:publisher\" content=\"https:\/\/www.facebook.com\/webdotn\" \/>\n<meta property=\"article:published_time\" content=\"2023-02-07T09:13:00+00:00\" \/>\n<meta property=\"article:modified_time\" content=\"2025-05-20T22:02:44+00:00\" \/>\n<meta property=\"og:image\" content=\"https:\/\/www.webdo.tn\/fr\/wp-content\/uploads\/2023\/02\/0e4cf2ea9cfe27696d3e2cdb27cb25a7.jpg\" \/>\n\t<meta property=\"og:image:width\" content=\"750\" \/>\n\t<meta property=\"og:image:height\" content=\"400\" \/>\n\t<meta property=\"og:image:type\" content=\"image\/jpeg\" \/>\n<meta name=\"author\" content=\"MC\" \/>\n<meta name=\"twitter:card\" content=\"summary_large_image\" \/>\n<meta name=\"twitter:creator\" content=\"@webdo_tn\" \/>\n<meta name=\"twitter:site\" content=\"@webdo_tn\" \/>\n<meta name=\"twitter:label1\" content=\"\u00c9crit par\" \/>\n\t<meta name=\"twitter:data1\" content=\"MC\" \/>\n\t<meta name=\"twitter:label2\" content=\"Dur\u00e9e de lecture estim\u00e9e\" \/>\n\t<meta name=\"twitter:data2\" content=\"1 minute\" \/>\n<script type=\"application\/ld+json\" class=\"yoast-schema-graph\">{\"@context\":\"https:\\\/\\\/schema.org\",\"@graph\":[{\"@type\":\"NewsArticle\",\"@id\":\"https:\\\/\\\/www.webdo.tn\\\/fr\\\/actualite\\\/national\\\/turquie-syrie-aucun-tunisien-parmi-les-victimes-24-heures-apres-le-seisme\\\/202647\\\/#article\",\"isPartOf\":{\"@id\":\"https:\\\/\\\/www.webdo.tn\\\/fr\\\/actualite\\\/national\\\/turquie-syrie-aucun-tunisien-parmi-les-victimes-24-heures-apres-le-seisme\\\/202647\\\/\"},\"author\":{\"name\":\"MC\",\"@id\":\"https:\\\/\\\/www.webdo.tn\\\/fr\\\/#\\\/schema\\\/person\\\/2c4929cbf5a809e3bd38617c6ce150f6\"},\"headline\":\"Turquie &#8211; Syrie : Aucun Tunisien parmi les victimes 24 heures apr\u00e8s le s\u00e9isme\",\"datePublished\":\"2023-02-07T09:13:00+00:00\",\"dateModified\":\"2025-05-20T22:02:44+00:00\",\"mainEntityOfPage\":{\"@id\":\"https:\\\/\\\/www.webdo.tn\\\/fr\\\/actualite\\\/national\\\/turquie-syrie-aucun-tunisien-parmi-les-victimes-24-heures-apres-le-seisme\\\/202647\\\/\"},\"wordCount\":254,\"commentCount\":0,\"publisher\":{\"@id\":\"https:\\\/\\\/www.webdo.tn\\\/fr\\\/#organization\"},\"image\":{\"@id\":\"https:\\\/\\\/www.webdo.tn\\\/fr\\\/actualite\\\/national\\\/turquie-syrie-aucun-tunisien-parmi-les-victimes-24-heures-apres-le-seisme\\\/202647\\\/#primaryimage\"},\"thumbnailUrl\":\"https:\\\/\\\/www.webdo.tn\\\/fr\\\/wp-content\\\/uploads\\\/2023\\\/02\\\/0e4cf2ea9cfe27696d3e2cdb27cb25a7.jpg\",\"keywords\":[\"s\u00e9isme\",\"syrie\",\"Tunisie\",\"Turquie\"],\"articleSection\":[\"National\"],\"inLanguage\":\"fr-FR\"},{\"@type\":\"WebPage\",\"@id\":\"https:\\\/\\\/www.webdo.tn\\\/fr\\\/actualite\\\/national\\\/turquie-syrie-aucun-tunisien-parmi-les-victimes-24-heures-apres-le-seisme\\\/202647\\\/\",\"url\":\"https:\\\/\\\/www.webdo.tn\\\/fr\\\/actualite\\\/national\\\/turquie-syrie-aucun-tunisien-parmi-les-victimes-24-heures-apres-le-seisme\\\/202647\\\/\",\"name\":\"Turquie - Syrie : Aucun Tunisien parmi les victimes 24 heures apr\u00e8s le s\u00e9isme\",\"isPartOf\":{\"@id\":\"https:\\\/\\\/www.webdo.tn\\\/fr\\\/#website\"},\"primaryImageOfPage\":{\"@id\":\"https:\\\/\\\/www.webdo.tn\\\/fr\\\/actualite\\\/national\\\/turquie-syrie-aucun-tunisien-parmi-les-victimes-24-heures-apres-le-seisme\\\/202647\\\/#primaryimage\"},\"image\":{\"@id\":\"https:\\\/\\\/www.webdo.tn\\\/fr\\\/actualite\\\/national\\\/turquie-syrie-aucun-tunisien-parmi-les-victimes-24-heures-apres-le-seisme\\\/202647\\\/#primaryimage\"},\"thumbnailUrl\":\"https:\\\/\\\/www.webdo.tn\\\/fr\\\/wp-content\\\/uploads\\\/2023\\\/02\\\/0e4cf2ea9cfe27696d3e2cdb27cb25a7.jpg\",\"datePublished\":\"2023-02-07T09:13:00+00:00\",\"dateModified\":\"2025-05-20T22:02:44+00:00\",\"description\":\"Le minist\u00e8re des Affaires \u00e9trang\u00e8res a confirm\u00e9, dans la soir\u00e9e de ce lundi 6 f\u00e9vrier 2023 qu\u2019aucun Tunisien ne fait partie des victimes du s\u00e9isme en Turquie \u00e0...\",\"breadcrumb\":{\"@id\":\"https:\\\/\\\/www.webdo.tn\\\/fr\\\/actualite\\\/national\\\/turquie-syrie-aucun-tunisien-parmi-les-victimes-24-heures-apres-le-seisme\\\/202647\\\/#breadcrumb\"},\"inLanguage\":\"fr-FR\",\"potentialAction\":[{\"@type\":\"ReadAction\",\"target\":[\"https:\\\/\\\/www.webdo.tn\\\/fr\\\/actualite\\\/national\\\/turquie-syrie-aucun-tunisien-parmi-les-victimes-24-heures-apres-le-seisme\\\/202647\\\/\"]}]},{\"@type\":\"ImageObject\",\"inLanguage\":\"fr-FR\",\"@id\":\"https:\\\/\\\/www.webdo.tn\\\/fr\\\/actualite\\\/national\\\/turquie-syrie-aucun-tunisien-parmi-les-victimes-24-heures-apres-le-seisme\\\/202647\\\/#primaryimage\",\"url\":\"https:\\\/\\\/www.webdo.tn\\\/fr\\\/wp-content\\\/uploads\\\/2023\\\/02\\\/0e4cf2ea9cfe27696d3e2cdb27cb25a7.jpg\",\"contentUrl\":\"https:\\\/\\\/www.webdo.tn\\\/fr\\\/wp-content\\\/uploads\\\/2023\\\/02\\\/0e4cf2ea9cfe27696d3e2cdb27cb25a7.jpg\",\"width\":750,\"height\":400,\"caption\":\"Turquie - Syrie : Aucun Tunisien parmi les victimes 24 heures apr\u00e8s le s\u00e9isme\"},{\"@type\":\"BreadcrumbList\",\"@id\":\"https:\\\/\\\/www.webdo.tn\\\/fr\\\/actualite\\\/national\\\/turquie-syrie-aucun-tunisien-parmi-les-victimes-24-heures-apres-le-seisme\\\/202647\\\/#breadcrumb\",\"itemListElement\":[{\"@type\":\"ListItem\",\"position\":1,\"name\":\"Accueil\",\"item\":\"https:\\\/\\\/www.webdo.tn\\\/fr\\\/\"},{\"@type\":\"ListItem\",\"position\":2,\"name\":\"Turquie &#8211; Syrie : Aucun Tunisien parmi les victimes 24 heures apr\u00e8s le s\u00e9isme\"}]},{\"@type\":\"WebSite\",\"@id\":\"https:\\\/\\\/www.webdo.tn\\\/fr\\\/#website\",\"url\":\"https:\\\/\\\/www.webdo.tn\\\/fr\\\/\",\"name\":\"webdo\",\"description\":\"Tunisie - News en Tunisie et \u00e0 l&#039;international sur Webdo.tn\",\"publisher\":{\"@id\":\"https:\\\/\\\/www.webdo.tn\\\/fr\\\/#organization\"},\"potentialAction\":[{\"@type\":\"SearchAction\",\"target\":{\"@type\":\"EntryPoint\",\"urlTemplate\":\"https:\\\/\\\/www.webdo.tn\\\/fr\\\/?s={search_term_string}\"},\"query-input\":{\"@type\":\"PropertyValueSpecification\",\"valueRequired\":true,\"valueName\":\"search_term_string\"}}],\"inLanguage\":\"fr-FR\"},{\"@type\":\"Organization\",\"@id\":\"https:\\\/\\\/www.webdo.tn\\\/fr\\\/#organization\",\"name\":\"Webdo\",\"alternateName\":\"Webdo.tn\",\"url\":\"https:\\\/\\\/www.webdo.tn\\\/fr\\\/\",\"logo\":{\"@type\":\"ImageObject\",\"inLanguage\":\"fr-FR\",\"@id\":\"https:\\\/\\\/www.webdo.tn\\\/fr\\\/#\\\/schema\\\/logo\\\/image\\\/\",\"url\":\"https:\\\/\\\/www.webdo.tn\\\/fr\\\/wp-content\\\/uploads\\\/2025\\\/06\\\/Webdo-Tunisie_168377.jpg\",\"contentUrl\":\"https:\\\/\\\/www.webdo.tn\\\/fr\\\/wp-content\\\/uploads\\\/2025\\\/06\\\/Webdo-Tunisie_168377.jpg\",\"width\":301,\"height\":301,\"caption\":\"Webdo\"},\"image\":{\"@id\":\"https:\\\/\\\/www.webdo.tn\\\/fr\\\/#\\\/schema\\\/logo\\\/image\\\/\"},\"sameAs\":[\"https:\\\/\\\/www.facebook.com\\\/webdotn\",\"https:\\\/\\\/x.com\\\/webdo_tn\"],\"description\":\"Webdo est un m\u00e9dia num\u00e9rique tunisien fond\u00e9 en 2010, sp\u00e9cialis\u00e9 dans l\u2019actualit\u00e9 nationale et internationale, l\u2019\u00e9conomie, la soci\u00e9t\u00e9 et les analyses politiques. Le site s\u2019adresse \u00e0 un large public francophone et couvre l\u2019information tunisienne en temps r\u00e9el.\",\"email\":\"redac@webdo.tn\",\"legalName\":\"YNJ SARL\",\"foundingDate\":\"2010-09-06\",\"numberOfEmployees\":{\"@type\":\"QuantitativeValue\",\"minValue\":\"11\",\"maxValue\":\"50\"}},{\"@type\":\"Person\",\"@id\":\"https:\\\/\\\/www.webdo.tn\\\/fr\\\/#\\\/schema\\\/person\\\/2c4929cbf5a809e3bd38617c6ce150f6\",\"name\":\"MC\",\"image\":{\"@type\":\"ImageObject\",\"inLanguage\":\"fr-FR\",\"@id\":\"https:\\\/\\\/secure.gravatar.com\\\/avatar\\\/a545bbb6f84efdd5553dbbc2895e3ca8f1d12c5215e00a041c9670b54aa9b18a?s=96&d=mm&r=g\",\"url\":\"https:\\\/\\\/secure.gravatar.com\\\/avatar\\\/a545bbb6f84efdd5553dbbc2895e3ca8f1d12c5215e00a041c9670b54aa9b18a?s=96&d=mm&r=g\",\"contentUrl\":\"https:\\\/\\\/secure.gravatar.com\\\/avatar\\\/a545bbb6f84efdd5553dbbc2895e3ca8f1d12c5215e00a041c9670b54aa9b18a?s=96&d=mm&r=g\",\"caption\":\"MC\"},\"url\":\"https:\\\/\\\/www.webdo.tn\\\/fr\\\/actualite\\\/author\\\/mc\\\/\"}]}<\/script>\n<!-- \/ Yoast SEO Premium plugin. -->","yoast_head_json":{"title":"Turquie - Syrie : Aucun Tunisien parmi les victimes 24 heures apr\u00e8s le s\u00e9isme","description":"Le minist\u00e8re des Affaires \u00e9trang\u00e8res a confirm\u00e9, dans la soir\u00e9e de ce lundi 6 f\u00e9vrier 2023 qu\u2019aucun Tunisien ne fait partie des victimes du s\u00e9isme en Turquie \u00e0...","canonical":"https:\/\/www.webdo.tn\/fr\/actualite\/national\/turquie-syrie-aucun-tunisien-parmi-les-victimes-24-heures-apres-le-seisme\/202647\/","og_locale":"fr_FR","og_type":"article","og_title":"Turquie - Syrie : Aucun Tunisien parmi les victimes 24 heures apr\u00e8s le s\u00e9isme","og_description":"Le minist\u00e8re des Affaires \u00e9trang\u00e8res a confirm\u00e9, dans la soir\u00e9e de ce lundi 6 f\u00e9vrier 2023 qu\u2019aucun Tunisien ne fait partie des victimes du s\u00e9isme en Turquie \u00e0...","og_url":"https:\/\/www.webdo.tn\/fr\/actualite\/national\/turquie-syrie-aucun-tunisien-parmi-les-victimes-24-heures-apres-le-seisme\/202647\/","og_site_name":"webdo","article_publisher":"https:\/\/www.facebook.com\/webdotn","article_published_time":"2023-02-07T09:13:00+00:00","article_modified_time":"2025-05-20T22:02:44+00:00","og_image":[{"width":750,"height":400,"url":"https:\/\/www.webdo.tn\/fr\/wp-content\/uploads\/2023\/02\/0e4cf2ea9cfe27696d3e2cdb27cb25a7.jpg","type":"image\/jpeg"}],"author":"MC","twitter_card":"summary_large_image","twitter_creator":"@webdo_tn","twitter_site":"@webdo_tn","twitter_misc":{"\u00c9crit par":"MC","Dur\u00e9e de lecture estim\u00e9e":"1 minute"},"schema":{"@context":"https:\/\/schema.org","@graph":[{"@type":"NewsArticle","@id":"https:\/\/www.webdo.tn\/fr\/actualite\/national\/turquie-syrie-aucun-tunisien-parmi-les-victimes-24-heures-apres-le-seisme\/202647\/#article","isPartOf":{"@id":"https:\/\/www.webdo.tn\/fr\/actualite\/national\/turquie-syrie-aucun-tunisien-parmi-les-victimes-24-heures-apres-le-seisme\/202647\/"},"author":{"name":"MC","@id":"https:\/\/www.webdo.tn\/fr\/#\/schema\/person\/2c4929cbf5a809e3bd38617c6ce150f6"},"headline":"Turquie &#8211; Syrie : Aucun Tunisien parmi les victimes 24 heures apr\u00e8s le s\u00e9isme","datePublished":"2023-02-07T09:13:00+00:00","dateModified":"2025-05-20T22:02:44+00:00","mainEntityOfPage":{"@id":"https:\/\/www.webdo.tn\/fr\/actualite\/national\/turquie-syrie-aucun-tunisien-parmi-les-victimes-24-heures-apres-le-seisme\/202647\/"},"wordCount":254,"commentCount":0,"publisher":{"@id":"https:\/\/www.webdo.tn\/fr\/#organization"},"image":{"@id":"https:\/\/www.webdo.tn\/fr\/actualite\/national\/turquie-syrie-aucun-tunisien-parmi-les-victimes-24-heures-apres-le-seisme\/202647\/#primaryimage"},"thumbnailUrl":"https:\/\/www.webdo.tn\/fr\/wp-content\/uploads\/2023\/02\/0e4cf2ea9cfe27696d3e2cdb27cb25a7.jpg","keywords":["s\u00e9isme","syrie","Tunisie","Turquie"],"articleSection":["National"],"inLanguage":"fr-FR"},{"@type":"WebPage","@id":"https:\/\/www.webdo.tn\/fr\/actualite\/national\/turquie-syrie-aucun-tunisien-parmi-les-victimes-24-heures-apres-le-seisme\/202647\/","url":"https:\/\/www.webdo.tn\/fr\/actualite\/national\/turquie-syrie-aucun-tunisien-parmi-les-victimes-24-heures-apres-le-seisme\/202647\/","name":"Turquie - Syrie : Aucun Tunisien parmi les victimes 24 heures apr\u00e8s le s\u00e9isme","isPartOf":{"@id":"https:\/\/www.webdo.tn\/fr\/#website"},"primaryImageOfPage":{"@id":"https:\/\/www.webdo.tn\/fr\/actualite\/national\/turquie-syrie-aucun-tunisien-parmi-les-victimes-24-heures-apres-le-seisme\/202647\/#primaryimage"},"image":{"@id":"https:\/\/www.webdo.tn\/fr\/actualite\/national\/turquie-syrie-aucun-tunisien-parmi-les-victimes-24-heures-apres-le-seisme\/202647\/#primaryimage"},"thumbnailUrl":"https:\/\/www.webdo.tn\/fr\/wp-content\/uploads\/2023\/02\/0e4cf2ea9cfe27696d3e2cdb27cb25a7.jpg","datePublished":"2023-02-07T09:13:00+00:00","dateModified":"2025-05-20T22:02:44+00:00","description":"Le minist\u00e8re des Affaires \u00e9trang\u00e8res a confirm\u00e9, dans la soir\u00e9e de ce lundi 6 f\u00e9vrier 2023 qu\u2019aucun Tunisien ne fait partie des victimes du s\u00e9isme en Turquie \u00e0...","breadcrumb":{"@id":"https:\/\/www.webdo.tn\/fr\/actualite\/national\/turquie-syrie-aucun-tunisien-parmi-les-victimes-24-heures-apres-le-seisme\/202647\/#breadcrumb"},"inLanguage":"fr-FR","potentialAction":[{"@type":"ReadAction","target":["https:\/\/www.webdo.tn\/fr\/actualite\/national\/turquie-syrie-aucun-tunisien-parmi-les-victimes-24-heures-apres-le-seisme\/202647\/"]}]},{"@type":"ImageObject","inLanguage":"fr-FR","@id":"https:\/\/www.webdo.tn\/fr\/actualite\/national\/turquie-syrie-aucun-tunisien-parmi-les-victimes-24-heures-apres-le-seisme\/202647\/#primaryimage","url":"https:\/\/www.webdo.tn\/fr\/wp-content\/uploads\/2023\/02\/0e4cf2ea9cfe27696d3e2cdb27cb25a7.jpg","contentUrl":"https:\/\/www.webdo.tn\/fr\/wp-content\/uploads\/2023\/02\/0e4cf2ea9cfe27696d3e2cdb27cb25a7.jpg","width":750,"height":400,"caption":"Turquie - Syrie : Aucun Tunisien parmi les victimes 24 heures apr\u00e8s le s\u00e9isme"},{"@type":"BreadcrumbList","@id":"https:\/\/www.webdo.tn\/fr\/actualite\/national\/turquie-syrie-aucun-tunisien-parmi-les-victimes-24-heures-apres-le-seisme\/202647\/#breadcrumb","itemListElement":[{"@type":"ListItem","position":1,"name":"Accueil","item":"https:\/\/www.webdo.tn\/fr\/"},{"@type":"ListItem","position":2,"name":"Turquie &#8211; Syrie : Aucun Tunisien parmi les victimes 24 heures apr\u00e8s le s\u00e9isme"}]},{"@type":"WebSite","@id":"https:\/\/www.webdo.tn\/fr\/#website","url":"https:\/\/www.webdo.tn\/fr\/","name":"webdo","description":"Tunisie - News en Tunisie et \u00e0 l&#039;international sur Webdo.tn","publisher":{"@id":"https:\/\/www.webdo.tn\/fr\/#organization"},"potentialAction":[{"@type":"SearchAction","target":{"@type":"EntryPoint","urlTemplate":"https:\/\/www.webdo.tn\/fr\/?s={search_term_string}"},"query-input":{"@type":"PropertyValueSpecification","valueRequired":true,"valueName":"search_term_string"}}],"inLanguage":"fr-FR"},{"@type":"Organization","@id":"https:\/\/www.webdo.tn\/fr\/#organization","name":"Webdo","alternateName":"Webdo.tn","url":"https:\/\/www.webdo.tn\/fr\/","logo":{"@type":"ImageObject","inLanguage":"fr-FR","@id":"https:\/\/www.webdo.tn\/fr\/#\/schema\/logo\/image\/","url":"https:\/\/www.webdo.tn\/fr\/wp-content\/uploads\/2025\/06\/Webdo-Tunisie_168377.jpg","contentUrl":"https:\/\/www.webdo.tn\/fr\/wp-content\/uploads\/2025\/06\/Webdo-Tunisie_168377.jpg","width":301,"height":301,"caption":"Webdo"},"image":{"@id":"https:\/\/www.webdo.tn\/fr\/#\/schema\/logo\/image\/"},"sameAs":["https:\/\/www.facebook.com\/webdotn","https:\/\/x.com\/webdo_tn"],"description":"Webdo est un m\u00e9dia num\u00e9rique tunisien fond\u00e9 en 2010, sp\u00e9cialis\u00e9 dans l\u2019actualit\u00e9 nationale et internationale, l\u2019\u00e9conomie, la soci\u00e9t\u00e9 et les analyses politiques. Le site s\u2019adresse \u00e0 un large public francophone et couvre l\u2019information tunisienne en temps r\u00e9el.","email":"redac@webdo.tn","legalName":"YNJ SARL","foundingDate":"2010-09-06","numberOfEmployees":{"@type":"QuantitativeValue","minValue":"11","maxValue":"50"}},{"@type":"Person","@id":"https:\/\/www.webdo.tn\/fr\/#\/schema\/person\/2c4929cbf5a809e3bd38617c6ce150f6","name":"MC","image":{"@type":"ImageObject","inLanguage":"fr-FR","@id":"https:\/\/secure.gravatar.com\/avatar\/a545bbb6f84efdd5553dbbc2895e3ca8f1d12c5215e00a041c9670b54aa9b18a?s=96&d=mm&r=g","url":"https:\/\/secure.gravatar.com\/avatar\/a545bbb6f84efdd5553dbbc2895e3ca8f1d12c5215e00a041c9670b54aa9b18a?s=96&d=mm&r=g","contentUrl":"https:\/\/secure.gravatar.com\/avatar\/a545bbb6f84efdd5553dbbc2895e3ca8f1d12c5215e00a041c9670b54aa9b18a?s=96&d=mm&r=g","caption":"MC"},"url":"https:\/\/www.webdo.tn\/fr\/actualite\/author\/mc\/"}]}},"_links":{"self":[{"href":"https:\/\/www.webdo.tn\/fr\/wp-json\/wp\/v2\/posts\/202647","targetHints":{"allow":["GET"]}}],"collection":[{"href":"https:\/\/www.webdo.tn\/fr\/wp-json\/wp\/v2\/posts"}],"about":[{"href":"https:\/\/www.webdo.tn\/fr\/wp-json\/wp\/v2\/types\/post"}],"author":[{"embeddable":true,"href":"https:\/\/www.webdo.tn\/fr\/wp-json\/wp\/v2\/users\/3162"}],"replies":[{"embeddable":true,"href":"https:\/\/www.webdo.tn\/fr\/wp-json\/wp\/v2\/comments?post=202647"}],"version-history":[{"count":0,"href":"https:\/\/www.webdo.tn\/fr\/wp-json\/wp\/v2\/posts\/202647\/revisions"}],"wp:featuredmedia":[{"embeddable":true,"href":"https:\/\/www.webdo.tn\/fr\/wp-json\/wp\/v2\/media\/252283"}],"wp:attachment":[{"href":"https:\/\/www.webdo.tn\/fr\/wp-json\/wp\/v2\/media?parent=202647"}],"wp:term":[{"taxonomy":"category","embeddable":true,"href":"https:\/\/www.webdo.tn\/fr\/wp-json\/wp\/v2\/categories?post=202647"},{"taxonomy":"post_tag","embeddable":true,"href":"https:\/\/www.webdo.tn\/fr\/wp-json\/wp\/v2\/tags?post=202647"}],"curies":[{"name":"wp","href":"https:\/\/api.w.org\/{rel}","templated":true}]}}