{"id":202645,"date":"2023-02-07T08:29:00","date_gmt":"2023-02-07T08:29:00","guid":{"rendered":"https:\/\/www.webdo.tn\/fr\/blog\/seisme-en-turquie-et-en-syrie-pres-de-5000-morts-selon-des-bilans-provisoires\/202645\/"},"modified":"2025-05-20T22:45:38","modified_gmt":"2025-05-20T22:45:38","slug":"seisme-en-turquie-et-en-syrie-pres-de-5000-morts-selon-des-bilans-provisoires","status":"publish","type":"post","link":"https:\/\/www.webdo.tn\/fr\/actualite\/international\/seisme-en-turquie-et-en-syrie-pres-de-5000-morts-selon-des-bilans-provisoires\/202645\/","title":{"rendered":"S\u00e9ismes en Turquie et en Syrie : Pr\u00e8s de 5000 morts et 19.000 bless\u00e9s, selon des bilans provisoires"},"content":{"rendered":"<p>Un s\u00e9isme de magnitude 7,8 suivi de r\u00e9pliques a frapp\u00e9 le sud de la Turquie et la Syrie voisine, lundi 6 f\u00e9vrier 2023, faisant pr\u00e8s de 5000 morts et des milliers de bless\u00e9s, selon un bilan encore provisoire.<\/p>\n<p>\t\t\t\t\t\t\t\t\tUn dernier bilan officiel toujours provisoire fait \u00e9tat de 3381 morts en Turquie, selon l&rsquo;organisme public de gestion des catastrophes (Afad), et 1440 morts en Syrie et quelques 19.000 bless\u00e9s dont pr\u00e8s de 16.000 en Turquie<\/p>\n<p>Cela porte \u00e0 4890 le nombre total de victimes, qui augmente d&rsquo;heure en heure apr\u00e8s deux puissants s\u00e9ismes qui s&rsquo;inscrivent dans la s\u00e9rie de tremblements de terre parmi les plus violents qui ont frapp\u00e9 la r\u00e9gion depuis pr\u00e8s d&rsquo;un si\u00e8cle.<\/p>\n<p>Selon des m\u00e9dias locaux, les conditions m\u00e9t\u00e9orologiques marqu\u00e9es par un froid glacial ont retard\u00e9 les op\u00e9rations de sauvetage. Les secours s&rsquo;acharnent dans le froid, sous la pluie battante ou la neige, parfois \u00e0 mains nues, pour sauver chaque vie, au lendemain du s\u00e9isme qui a ravag\u00e9 la Turquie et la Syrie.<\/p>\n","protected":false},"excerpt":{"rendered":"<p>Un s\u00e9isme de magnitude 7,8 suivi de r\u00e9pliques a frapp\u00e9 le sud de la Turquie et la Syrie voisine, lundi 6 f\u00e9vrier 2023, faisant pr\u00e8s de 5000 morts et des millier&#8230;<\/p>\n","protected":false},"author":3175,"featured_media":252278,"comment_status":"open","ping_status":"closed","sticky":false,"template":"","format":"standard","meta":{"footnotes":""},"categories":[2598],"tags":[3208,7271,3504,3550],"class_list":["post-202645","post","type-post","status-publish","format-standard","has-post-thumbnail","hentry","category-international","tag-morts","tag-seisme","tag-syrie","tag-turquie"],"yoast_head":"<!-- This site is optimized with the Yoast SEO Premium plugin v27.4 (Yoast SEO v27.5) - https:\/\/yoast.com\/product\/yoast-seo-premium-wordpress\/ -->\n<title>S\u00e9ismes en Turquie et en Syrie : Pr\u00e8s de 5000 morts et 19.000 bless\u00e9s, selon des bilans provisoires<\/title>\n<meta name=\"description\" content=\"Un s\u00e9isme de magnitude 7,8 suivi de r\u00e9pliques a frapp\u00e9 le sud de la Turquie et la Syrie voisine, lundi 6 f\u00e9vrier 2023, faisant pr\u00e8s de 5000 morts et des millier...\" \/>\n<link rel=\"canonical\" href=\"https:\/\/www.webdo.tn\/fr\/actualite\/international\/seisme-en-turquie-et-en-syrie-pres-de-5000-morts-selon-des-bilans-provisoires\/202645\/\" \/>\n<meta property=\"og:locale\" content=\"fr_FR\" \/>\n<meta property=\"og:type\" content=\"article\" \/>\n<meta property=\"og:title\" content=\"S\u00e9ismes en Turquie et en Syrie : Pr\u00e8s de 5000 morts et 19.000 bless\u00e9s, selon des bilans provisoires\" \/>\n<meta property=\"og:description\" content=\"Un s\u00e9isme de magnitude 7,8 suivi de r\u00e9pliques a frapp\u00e9 le sud de la Turquie et la Syrie voisine, lundi 6 f\u00e9vrier 2023, faisant pr\u00e8s de 5000 morts et des millier...\" \/>\n<meta property=\"og:url\" content=\"https:\/\/www.webdo.tn\/fr\/actualite\/international\/seisme-en-turquie-et-en-syrie-pres-de-5000-morts-selon-des-bilans-provisoires\/202645\/\" \/>\n<meta property=\"og:site_name\" content=\"webdo\" \/>\n<meta property=\"article:publisher\" content=\"https:\/\/www.facebook.com\/webdotn\" \/>\n<meta property=\"article:published_time\" content=\"2023-02-07T08:29:00+00:00\" \/>\n<meta property=\"article:modified_time\" content=\"2025-05-20T22:45:38+00:00\" \/>\n<meta property=\"og:image\" content=\"https:\/\/www.webdo.tn\/fr\/wp-content\/uploads\/2023\/02\/3cc9a6e0fa80b1269e4b3ba7632a2798.jpg\" \/>\n\t<meta property=\"og:image:width\" content=\"750\" \/>\n\t<meta property=\"og:image:height\" content=\"400\" \/>\n\t<meta property=\"og:image:type\" content=\"image\/jpeg\" \/>\n<meta name=\"author\" content=\"CL\" \/>\n<meta name=\"twitter:card\" content=\"summary_large_image\" \/>\n<meta name=\"twitter:creator\" content=\"@webdo_tn\" \/>\n<meta name=\"twitter:site\" content=\"@webdo_tn\" \/>\n<meta name=\"twitter:label1\" content=\"\u00c9crit par\" \/>\n\t<meta name=\"twitter:data1\" content=\"CL\" \/>\n\t<meta name=\"twitter:label2\" content=\"Dur\u00e9e de lecture estim\u00e9e\" \/>\n\t<meta name=\"twitter:data2\" content=\"1 minute\" \/>\n<script type=\"application\/ld+json\" class=\"yoast-schema-graph\">{\"@context\":\"https:\\\/\\\/schema.org\",\"@graph\":[{\"@type\":\"NewsArticle\",\"@id\":\"https:\\\/\\\/www.webdo.tn\\\/fr\\\/actualite\\\/international\\\/seisme-en-turquie-et-en-syrie-pres-de-5000-morts-selon-des-bilans-provisoires\\\/202645\\\/#article\",\"isPartOf\":{\"@id\":\"https:\\\/\\\/www.webdo.tn\\\/fr\\\/actualite\\\/international\\\/seisme-en-turquie-et-en-syrie-pres-de-5000-morts-selon-des-bilans-provisoires\\\/202645\\\/\"},\"author\":{\"name\":\"CL\",\"@id\":\"https:\\\/\\\/www.webdo.tn\\\/fr\\\/#\\\/schema\\\/person\\\/f35b42a42c5e2511bbd282959d6385cc\"},\"headline\":\"S\u00e9ismes en Turquie et en Syrie : Pr\u00e8s de 5000 morts et 19.000 bless\u00e9s, selon des bilans provisoires\",\"datePublished\":\"2023-02-07T08:29:00+00:00\",\"dateModified\":\"2025-05-20T22:45:38+00:00\",\"mainEntityOfPage\":{\"@id\":\"https:\\\/\\\/www.webdo.tn\\\/fr\\\/actualite\\\/international\\\/seisme-en-turquie-et-en-syrie-pres-de-5000-morts-selon-des-bilans-provisoires\\\/202645\\\/\"},\"wordCount\":196,\"commentCount\":0,\"publisher\":{\"@id\":\"https:\\\/\\\/www.webdo.tn\\\/fr\\\/#organization\"},\"image\":{\"@id\":\"https:\\\/\\\/www.webdo.tn\\\/fr\\\/actualite\\\/international\\\/seisme-en-turquie-et-en-syrie-pres-de-5000-morts-selon-des-bilans-provisoires\\\/202645\\\/#primaryimage\"},\"thumbnailUrl\":\"https:\\\/\\\/www.webdo.tn\\\/fr\\\/wp-content\\\/uploads\\\/2023\\\/02\\\/3cc9a6e0fa80b1269e4b3ba7632a2798.jpg\",\"keywords\":[\"morts\",\"s\u00e9isme\",\"syrie\",\"Turquie\"],\"articleSection\":[\"International\"],\"inLanguage\":\"fr-FR\"},{\"@type\":\"WebPage\",\"@id\":\"https:\\\/\\\/www.webdo.tn\\\/fr\\\/actualite\\\/international\\\/seisme-en-turquie-et-en-syrie-pres-de-5000-morts-selon-des-bilans-provisoires\\\/202645\\\/\",\"url\":\"https:\\\/\\\/www.webdo.tn\\\/fr\\\/actualite\\\/international\\\/seisme-en-turquie-et-en-syrie-pres-de-5000-morts-selon-des-bilans-provisoires\\\/202645\\\/\",\"name\":\"S\u00e9ismes en Turquie et en Syrie : Pr\u00e8s de 5000 morts et 19.000 bless\u00e9s, selon des bilans provisoires\",\"isPartOf\":{\"@id\":\"https:\\\/\\\/www.webdo.tn\\\/fr\\\/#website\"},\"primaryImageOfPage\":{\"@id\":\"https:\\\/\\\/www.webdo.tn\\\/fr\\\/actualite\\\/international\\\/seisme-en-turquie-et-en-syrie-pres-de-5000-morts-selon-des-bilans-provisoires\\\/202645\\\/#primaryimage\"},\"image\":{\"@id\":\"https:\\\/\\\/www.webdo.tn\\\/fr\\\/actualite\\\/international\\\/seisme-en-turquie-et-en-syrie-pres-de-5000-morts-selon-des-bilans-provisoires\\\/202645\\\/#primaryimage\"},\"thumbnailUrl\":\"https:\\\/\\\/www.webdo.tn\\\/fr\\\/wp-content\\\/uploads\\\/2023\\\/02\\\/3cc9a6e0fa80b1269e4b3ba7632a2798.jpg\",\"datePublished\":\"2023-02-07T08:29:00+00:00\",\"dateModified\":\"2025-05-20T22:45:38+00:00\",\"description\":\"Un s\u00e9isme de magnitude 7,8 suivi de r\u00e9pliques a frapp\u00e9 le sud de la Turquie et la Syrie voisine, lundi 6 f\u00e9vrier 2023, faisant pr\u00e8s de 5000 morts et des millier...\",\"breadcrumb\":{\"@id\":\"https:\\\/\\\/www.webdo.tn\\\/fr\\\/actualite\\\/international\\\/seisme-en-turquie-et-en-syrie-pres-de-5000-morts-selon-des-bilans-provisoires\\\/202645\\\/#breadcrumb\"},\"inLanguage\":\"fr-FR\",\"potentialAction\":[{\"@type\":\"ReadAction\",\"target\":[\"https:\\\/\\\/www.webdo.tn\\\/fr\\\/actualite\\\/international\\\/seisme-en-turquie-et-en-syrie-pres-de-5000-morts-selon-des-bilans-provisoires\\\/202645\\\/\"]}]},{\"@type\":\"ImageObject\",\"inLanguage\":\"fr-FR\",\"@id\":\"https:\\\/\\\/www.webdo.tn\\\/fr\\\/actualite\\\/international\\\/seisme-en-turquie-et-en-syrie-pres-de-5000-morts-selon-des-bilans-provisoires\\\/202645\\\/#primaryimage\",\"url\":\"https:\\\/\\\/www.webdo.tn\\\/fr\\\/wp-content\\\/uploads\\\/2023\\\/02\\\/3cc9a6e0fa80b1269e4b3ba7632a2798.jpg\",\"contentUrl\":\"https:\\\/\\\/www.webdo.tn\\\/fr\\\/wp-content\\\/uploads\\\/2023\\\/02\\\/3cc9a6e0fa80b1269e4b3ba7632a2798.jpg\",\"width\":750,\"height\":400,\"caption\":\"S\u00e9isme\"},{\"@type\":\"BreadcrumbList\",\"@id\":\"https:\\\/\\\/www.webdo.tn\\\/fr\\\/actualite\\\/international\\\/seisme-en-turquie-et-en-syrie-pres-de-5000-morts-selon-des-bilans-provisoires\\\/202645\\\/#breadcrumb\",\"itemListElement\":[{\"@type\":\"ListItem\",\"position\":1,\"name\":\"Accueil\",\"item\":\"https:\\\/\\\/www.webdo.tn\\\/fr\\\/\"},{\"@type\":\"ListItem\",\"position\":2,\"name\":\"S\u00e9ismes en Turquie et en Syrie : Pr\u00e8s de 5000 morts et 19.000 bless\u00e9s, selon des bilans provisoires\"}]},{\"@type\":\"WebSite\",\"@id\":\"https:\\\/\\\/www.webdo.tn\\\/fr\\\/#website\",\"url\":\"https:\\\/\\\/www.webdo.tn\\\/fr\\\/\",\"name\":\"webdo\",\"description\":\"Tunisie - News en Tunisie et \u00e0 l&#039;international sur Webdo.tn\",\"publisher\":{\"@id\":\"https:\\\/\\\/www.webdo.tn\\\/fr\\\/#organization\"},\"potentialAction\":[{\"@type\":\"SearchAction\",\"target\":{\"@type\":\"EntryPoint\",\"urlTemplate\":\"https:\\\/\\\/www.webdo.tn\\\/fr\\\/?s={search_term_string}\"},\"query-input\":{\"@type\":\"PropertyValueSpecification\",\"valueRequired\":true,\"valueName\":\"search_term_string\"}}],\"inLanguage\":\"fr-FR\"},{\"@type\":\"Organization\",\"@id\":\"https:\\\/\\\/www.webdo.tn\\\/fr\\\/#organization\",\"name\":\"Webdo\",\"alternateName\":\"Webdo.tn\",\"url\":\"https:\\\/\\\/www.webdo.tn\\\/fr\\\/\",\"logo\":{\"@type\":\"ImageObject\",\"inLanguage\":\"fr-FR\",\"@id\":\"https:\\\/\\\/www.webdo.tn\\\/fr\\\/#\\\/schema\\\/logo\\\/image\\\/\",\"url\":\"https:\\\/\\\/www.webdo.tn\\\/fr\\\/wp-content\\\/uploads\\\/2025\\\/06\\\/Webdo-Tunisie_168377.jpg\",\"contentUrl\":\"https:\\\/\\\/www.webdo.tn\\\/fr\\\/wp-content\\\/uploads\\\/2025\\\/06\\\/Webdo-Tunisie_168377.jpg\",\"width\":301,\"height\":301,\"caption\":\"Webdo\"},\"image\":{\"@id\":\"https:\\\/\\\/www.webdo.tn\\\/fr\\\/#\\\/schema\\\/logo\\\/image\\\/\"},\"sameAs\":[\"https:\\\/\\\/www.facebook.com\\\/webdotn\",\"https:\\\/\\\/x.com\\\/webdo_tn\"],\"description\":\"Webdo est un m\u00e9dia num\u00e9rique tunisien fond\u00e9 en 2010, sp\u00e9cialis\u00e9 dans l\u2019actualit\u00e9 nationale et internationale, l\u2019\u00e9conomie, la soci\u00e9t\u00e9 et les analyses politiques. Le site s\u2019adresse \u00e0 un large public francophone et couvre l\u2019information tunisienne en temps r\u00e9el.\",\"email\":\"redac@webdo.tn\",\"legalName\":\"YNJ SARL\",\"foundingDate\":\"2010-09-06\",\"numberOfEmployees\":{\"@type\":\"QuantitativeValue\",\"minValue\":\"11\",\"maxValue\":\"50\"}},{\"@type\":\"Person\",\"@id\":\"https:\\\/\\\/www.webdo.tn\\\/fr\\\/#\\\/schema\\\/person\\\/f35b42a42c5e2511bbd282959d6385cc\",\"name\":\"CL\",\"image\":{\"@type\":\"ImageObject\",\"inLanguage\":\"fr-FR\",\"@id\":\"https:\\\/\\\/secure.gravatar.com\\\/avatar\\\/1447a49909b67aa657c488aec6512e1dd6143a480c1ecfee9b5b5cd74eb3b59e?s=96&d=mm&r=g\",\"url\":\"https:\\\/\\\/secure.gravatar.com\\\/avatar\\\/1447a49909b67aa657c488aec6512e1dd6143a480c1ecfee9b5b5cd74eb3b59e?s=96&d=mm&r=g\",\"contentUrl\":\"https:\\\/\\\/secure.gravatar.com\\\/avatar\\\/1447a49909b67aa657c488aec6512e1dd6143a480c1ecfee9b5b5cd74eb3b59e?s=96&d=mm&r=g\",\"caption\":\"CL\"},\"url\":\"https:\\\/\\\/www.webdo.tn\\\/fr\\\/actualite\\\/author\\\/cl\\\/\"}]}<\/script>\n<!-- \/ Yoast SEO Premium plugin. -->","yoast_head_json":{"title":"S\u00e9ismes en Turquie et en Syrie : Pr\u00e8s de 5000 morts et 19.000 bless\u00e9s, selon des bilans provisoires","description":"Un s\u00e9isme de magnitude 7,8 suivi de r\u00e9pliques a frapp\u00e9 le sud de la Turquie et la Syrie voisine, lundi 6 f\u00e9vrier 2023, faisant pr\u00e8s de 5000 morts et des millier...","canonical":"https:\/\/www.webdo.tn\/fr\/actualite\/international\/seisme-en-turquie-et-en-syrie-pres-de-5000-morts-selon-des-bilans-provisoires\/202645\/","og_locale":"fr_FR","og_type":"article","og_title":"S\u00e9ismes en Turquie et en Syrie : Pr\u00e8s de 5000 morts et 19.000 bless\u00e9s, selon des bilans provisoires","og_description":"Un s\u00e9isme de magnitude 7,8 suivi de r\u00e9pliques a frapp\u00e9 le sud de la Turquie et la Syrie voisine, lundi 6 f\u00e9vrier 2023, faisant pr\u00e8s de 5000 morts et des millier...","og_url":"https:\/\/www.webdo.tn\/fr\/actualite\/international\/seisme-en-turquie-et-en-syrie-pres-de-5000-morts-selon-des-bilans-provisoires\/202645\/","og_site_name":"webdo","article_publisher":"https:\/\/www.facebook.com\/webdotn","article_published_time":"2023-02-07T08:29:00+00:00","article_modified_time":"2025-05-20T22:45:38+00:00","og_image":[{"width":750,"height":400,"url":"https:\/\/www.webdo.tn\/fr\/wp-content\/uploads\/2023\/02\/3cc9a6e0fa80b1269e4b3ba7632a2798.jpg","type":"image\/jpeg"}],"author":"CL","twitter_card":"summary_large_image","twitter_creator":"@webdo_tn","twitter_site":"@webdo_tn","twitter_misc":{"\u00c9crit par":"CL","Dur\u00e9e de lecture estim\u00e9e":"1 minute"},"schema":{"@context":"https:\/\/schema.org","@graph":[{"@type":"NewsArticle","@id":"https:\/\/www.webdo.tn\/fr\/actualite\/international\/seisme-en-turquie-et-en-syrie-pres-de-5000-morts-selon-des-bilans-provisoires\/202645\/#article","isPartOf":{"@id":"https:\/\/www.webdo.tn\/fr\/actualite\/international\/seisme-en-turquie-et-en-syrie-pres-de-5000-morts-selon-des-bilans-provisoires\/202645\/"},"author":{"name":"CL","@id":"https:\/\/www.webdo.tn\/fr\/#\/schema\/person\/f35b42a42c5e2511bbd282959d6385cc"},"headline":"S\u00e9ismes en Turquie et en Syrie : Pr\u00e8s de 5000 morts et 19.000 bless\u00e9s, selon des bilans provisoires","datePublished":"2023-02-07T08:29:00+00:00","dateModified":"2025-05-20T22:45:38+00:00","mainEntityOfPage":{"@id":"https:\/\/www.webdo.tn\/fr\/actualite\/international\/seisme-en-turquie-et-en-syrie-pres-de-5000-morts-selon-des-bilans-provisoires\/202645\/"},"wordCount":196,"commentCount":0,"publisher":{"@id":"https:\/\/www.webdo.tn\/fr\/#organization"},"image":{"@id":"https:\/\/www.webdo.tn\/fr\/actualite\/international\/seisme-en-turquie-et-en-syrie-pres-de-5000-morts-selon-des-bilans-provisoires\/202645\/#primaryimage"},"thumbnailUrl":"https:\/\/www.webdo.tn\/fr\/wp-content\/uploads\/2023\/02\/3cc9a6e0fa80b1269e4b3ba7632a2798.jpg","keywords":["morts","s\u00e9isme","syrie","Turquie"],"articleSection":["International"],"inLanguage":"fr-FR"},{"@type":"WebPage","@id":"https:\/\/www.webdo.tn\/fr\/actualite\/international\/seisme-en-turquie-et-en-syrie-pres-de-5000-morts-selon-des-bilans-provisoires\/202645\/","url":"https:\/\/www.webdo.tn\/fr\/actualite\/international\/seisme-en-turquie-et-en-syrie-pres-de-5000-morts-selon-des-bilans-provisoires\/202645\/","name":"S\u00e9ismes en Turquie et en Syrie : Pr\u00e8s de 5000 morts et 19.000 bless\u00e9s, selon des bilans provisoires","isPartOf":{"@id":"https:\/\/www.webdo.tn\/fr\/#website"},"primaryImageOfPage":{"@id":"https:\/\/www.webdo.tn\/fr\/actualite\/international\/seisme-en-turquie-et-en-syrie-pres-de-5000-morts-selon-des-bilans-provisoires\/202645\/#primaryimage"},"image":{"@id":"https:\/\/www.webdo.tn\/fr\/actualite\/international\/seisme-en-turquie-et-en-syrie-pres-de-5000-morts-selon-des-bilans-provisoires\/202645\/#primaryimage"},"thumbnailUrl":"https:\/\/www.webdo.tn\/fr\/wp-content\/uploads\/2023\/02\/3cc9a6e0fa80b1269e4b3ba7632a2798.jpg","datePublished":"2023-02-07T08:29:00+00:00","dateModified":"2025-05-20T22:45:38+00:00","description":"Un s\u00e9isme de magnitude 7,8 suivi de r\u00e9pliques a frapp\u00e9 le sud de la Turquie et la Syrie voisine, lundi 6 f\u00e9vrier 2023, faisant pr\u00e8s de 5000 morts et des millier...","breadcrumb":{"@id":"https:\/\/www.webdo.tn\/fr\/actualite\/international\/seisme-en-turquie-et-en-syrie-pres-de-5000-morts-selon-des-bilans-provisoires\/202645\/#breadcrumb"},"inLanguage":"fr-FR","potentialAction":[{"@type":"ReadAction","target":["https:\/\/www.webdo.tn\/fr\/actualite\/international\/seisme-en-turquie-et-en-syrie-pres-de-5000-morts-selon-des-bilans-provisoires\/202645\/"]}]},{"@type":"ImageObject","inLanguage":"fr-FR","@id":"https:\/\/www.webdo.tn\/fr\/actualite\/international\/seisme-en-turquie-et-en-syrie-pres-de-5000-morts-selon-des-bilans-provisoires\/202645\/#primaryimage","url":"https:\/\/www.webdo.tn\/fr\/wp-content\/uploads\/2023\/02\/3cc9a6e0fa80b1269e4b3ba7632a2798.jpg","contentUrl":"https:\/\/www.webdo.tn\/fr\/wp-content\/uploads\/2023\/02\/3cc9a6e0fa80b1269e4b3ba7632a2798.jpg","width":750,"height":400,"caption":"S\u00e9isme"},{"@type":"BreadcrumbList","@id":"https:\/\/www.webdo.tn\/fr\/actualite\/international\/seisme-en-turquie-et-en-syrie-pres-de-5000-morts-selon-des-bilans-provisoires\/202645\/#breadcrumb","itemListElement":[{"@type":"ListItem","position":1,"name":"Accueil","item":"https:\/\/www.webdo.tn\/fr\/"},{"@type":"ListItem","position":2,"name":"S\u00e9ismes en Turquie et en Syrie : Pr\u00e8s de 5000 morts et 19.000 bless\u00e9s, selon des bilans provisoires"}]},{"@type":"WebSite","@id":"https:\/\/www.webdo.tn\/fr\/#website","url":"https:\/\/www.webdo.tn\/fr\/","name":"webdo","description":"Tunisie - News en Tunisie et \u00e0 l&#039;international sur Webdo.tn","publisher":{"@id":"https:\/\/www.webdo.tn\/fr\/#organization"},"potentialAction":[{"@type":"SearchAction","target":{"@type":"EntryPoint","urlTemplate":"https:\/\/www.webdo.tn\/fr\/?s={search_term_string}"},"query-input":{"@type":"PropertyValueSpecification","valueRequired":true,"valueName":"search_term_string"}}],"inLanguage":"fr-FR"},{"@type":"Organization","@id":"https:\/\/www.webdo.tn\/fr\/#organization","name":"Webdo","alternateName":"Webdo.tn","url":"https:\/\/www.webdo.tn\/fr\/","logo":{"@type":"ImageObject","inLanguage":"fr-FR","@id":"https:\/\/www.webdo.tn\/fr\/#\/schema\/logo\/image\/","url":"https:\/\/www.webdo.tn\/fr\/wp-content\/uploads\/2025\/06\/Webdo-Tunisie_168377.jpg","contentUrl":"https:\/\/www.webdo.tn\/fr\/wp-content\/uploads\/2025\/06\/Webdo-Tunisie_168377.jpg","width":301,"height":301,"caption":"Webdo"},"image":{"@id":"https:\/\/www.webdo.tn\/fr\/#\/schema\/logo\/image\/"},"sameAs":["https:\/\/www.facebook.com\/webdotn","https:\/\/x.com\/webdo_tn"],"description":"Webdo est un m\u00e9dia num\u00e9rique tunisien fond\u00e9 en 2010, sp\u00e9cialis\u00e9 dans l\u2019actualit\u00e9 nationale et internationale, l\u2019\u00e9conomie, la soci\u00e9t\u00e9 et les analyses politiques. Le site s\u2019adresse \u00e0 un large public francophone et couvre l\u2019information tunisienne en temps r\u00e9el.","email":"redac@webdo.tn","legalName":"YNJ SARL","foundingDate":"2010-09-06","numberOfEmployees":{"@type":"QuantitativeValue","minValue":"11","maxValue":"50"}},{"@type":"Person","@id":"https:\/\/www.webdo.tn\/fr\/#\/schema\/person\/f35b42a42c5e2511bbd282959d6385cc","name":"CL","image":{"@type":"ImageObject","inLanguage":"fr-FR","@id":"https:\/\/secure.gravatar.com\/avatar\/1447a49909b67aa657c488aec6512e1dd6143a480c1ecfee9b5b5cd74eb3b59e?s=96&d=mm&r=g","url":"https:\/\/secure.gravatar.com\/avatar\/1447a49909b67aa657c488aec6512e1dd6143a480c1ecfee9b5b5cd74eb3b59e?s=96&d=mm&r=g","contentUrl":"https:\/\/secure.gravatar.com\/avatar\/1447a49909b67aa657c488aec6512e1dd6143a480c1ecfee9b5b5cd74eb3b59e?s=96&d=mm&r=g","caption":"CL"},"url":"https:\/\/www.webdo.tn\/fr\/actualite\/author\/cl\/"}]}},"_links":{"self":[{"href":"https:\/\/www.webdo.tn\/fr\/wp-json\/wp\/v2\/posts\/202645","targetHints":{"allow":["GET"]}}],"collection":[{"href":"https:\/\/www.webdo.tn\/fr\/wp-json\/wp\/v2\/posts"}],"about":[{"href":"https:\/\/www.webdo.tn\/fr\/wp-json\/wp\/v2\/types\/post"}],"author":[{"embeddable":true,"href":"https:\/\/www.webdo.tn\/fr\/wp-json\/wp\/v2\/users\/3175"}],"replies":[{"embeddable":true,"href":"https:\/\/www.webdo.tn\/fr\/wp-json\/wp\/v2\/comments?post=202645"}],"version-history":[{"count":0,"href":"https:\/\/www.webdo.tn\/fr\/wp-json\/wp\/v2\/posts\/202645\/revisions"}],"wp:featuredmedia":[{"embeddable":true,"href":"https:\/\/www.webdo.tn\/fr\/wp-json\/wp\/v2\/media\/252278"}],"wp:attachment":[{"href":"https:\/\/www.webdo.tn\/fr\/wp-json\/wp\/v2\/media?parent=202645"}],"wp:term":[{"taxonomy":"category","embeddable":true,"href":"https:\/\/www.webdo.tn\/fr\/wp-json\/wp\/v2\/categories?post=202645"},{"taxonomy":"post_tag","embeddable":true,"href":"https:\/\/www.webdo.tn\/fr\/wp-json\/wp\/v2\/tags?post=202645"}],"curies":[{"name":"wp","href":"https:\/\/api.w.org\/{rel}","templated":true}]}}