{"id":202598,"date":"2023-02-05T16:32:00","date_gmt":"2023-02-05T16:32:00","guid":{"rendered":"https:\/\/www.webdo.tn\/fr\/blog\/l1-13eme-j-l-ess-et-l-est-accrochees-l-usbg-vire-en-tete\/202598\/"},"modified":"2025-05-20T23:00:07","modified_gmt":"2025-05-20T23:00:07","slug":"l1-13eme-j-l-ess-et-l-est-accrochees-l-usbg-vire-en-tete","status":"publish","type":"post","link":"https:\/\/www.webdo.tn\/fr\/actualite\/sport\/l1-13eme-j-l-ess-et-l-est-accrochees-l-usbg-vire-en-tete\/202598\/","title":{"rendered":"L1 &#8211; 13\u00e8me J : L&rsquo;ESS et l&rsquo;EST accroch\u00e9es, l&rsquo;USBG vire en t\u00eate"},"content":{"rendered":"<p>L&rsquo;Esp\u00e9rance et l&rsquo;Etoile ont \u00e9t\u00e9 tenu en \u00e9chec, dans le groupe A o\u00f9 le principal perdant de la journ\u00e9e est le CAB. Dans le groupe B, l&rsquo;USBG partage d\u00e9sormais le fauteuil de leader avec l&rsquo;USMo.<\/p>\n<p>\t\t\t\t\t\t\t\t\tApr\u00e8s avoir men\u00e9 deux buts \u00e0 z\u00e9ro, les Sang et Or ont vu l&rsquo;UST revenir \u00e0 leur niveau, gr\u00e2ce \u00e0 un doubl\u00e9 de Diallo, dans le dernier quart d&rsquo;heure. Un point qui permet aux Sudistes de conforter leur troisi\u00e8me place, juste devant l&rsquo;ESHS. Le club de Hammam-Sousse chipe la quatri\u00e8me place aux Cabistes, surpris sur leur terrain par le ST, deux buts \u00e0 un.<\/p>\n<p>La lutte pour cette derni\u00e8re place qualificative au play-off sera rude lors de la derni\u00e8re journ\u00e9e, avec quatres \u00e9quipes en un point.<\/p>\n<p>Dans le groupe B, l&rsquo;affiche de la journ\u00e9e a oppos\u00e9 le leader us\u00e9mite \u00e0 l&rsquo;USBG et c&rsquo;est les visiteurs qui ont rafl\u00e9 les trois points sur un but de Kamergi. Une victoire qui permet au club de Ben Guerdane de prendre les commandes de ce groupe, \u00e0 la diff\u00e9rence de but.<\/p>\n<p>Un but de Garreb \u00e0 la 98&prime; a offert les trois points au CA, contre l&rsquo;AS Rejiche alors que l&rsquo;ESM a surpris l&rsquo;OB, un but \u00e0 z\u00e9ro. Sur le m\u00eame score, l&rsquo;ASS a pris le dessus sur l&rsquo;OSB.<\/p>\n<p>R\u00e9sultats :\u00a0<\/p>\n<p>Groupe A :\u00a0<\/p>\n<p>CAB &#8211; ST 1 &#8211; 2<\/p>\n<p>UST &#8211; EST 2 &#8211; 2<\/p>\n<p>CSC &#8211; ESS 0 &#8211; 0<\/p>\n<p>ESHS &#8211; CSS 1 &#8211; 1<\/p>\n<p>Groupe B : <\/p>\n<p>CA &#8211; ASR 1 &#8211; 0<\/p>\n<p>USMo &#8211; USBG 0 &#8211; 1<\/p>\n<p>ASS &#8211; OSB 1 &#8211; 0<\/p>\n<p>ESM &#8211; OB 1 &#8211; 0<\/p>\n","protected":false},"excerpt":{"rendered":"<p>L&rsquo;Esp\u00e9rance et l&rsquo;Etoile ont \u00e9t\u00e9 tenu en \u00e9chec, dans le groupe A o\u00f9 le principal perdant de la journ\u00e9e est le CAB. Dans le groupe B, l&rsquo;USBG partage d\u00e9sormais le&#8230;<\/p>\n","protected":false},"author":3195,"featured_media":252310,"comment_status":"open","ping_status":"closed","sticky":false,"template":"","format":"standard","meta":{"footnotes":""},"categories":[2593],"tags":[2778,2622,2777,4416,2608],"class_list":["post-202598","post","type-post","status-publish","format-standard","has-post-thumbnail","hentry","category-sport","tag-championnat","tag-football","tag-ligue-1","tag-sport","tag-tunisie"],"yoast_head":"<!-- This site is optimized with the Yoast SEO Premium plugin v27.4 (Yoast SEO v27.5) - https:\/\/yoast.com\/product\/yoast-seo-premium-wordpress\/ -->\n<title>L1 - 13\u00e8me J : L&#039;ESS et l&#039;EST accroch\u00e9es, l&#039;USBG vire en t\u00eate<\/title>\n<meta name=\"description\" content=\"L&#039;Esp\u00e9rance et l&#039;Etoile ont \u00e9t\u00e9 tenu en \u00e9chec, dans le groupe A o\u00f9 le principal perdant de la journ\u00e9e est le CAB. Dans le groupe B, l&#039;USBG partage d\u00e9sormais le...\" \/>\n<link rel=\"canonical\" href=\"https:\/\/www.webdo.tn\/fr\/actualite\/sport\/l1-13eme-j-l-ess-et-l-est-accrochees-l-usbg-vire-en-tete\/202598\/\" \/>\n<meta property=\"og:locale\" content=\"fr_FR\" \/>\n<meta property=\"og:type\" content=\"article\" \/>\n<meta property=\"og:title\" content=\"L1 - 13\u00e8me J : L&#039;ESS et l&#039;EST accroch\u00e9es, l&#039;USBG vire en t\u00eate\" \/>\n<meta property=\"og:description\" content=\"L&#039;Esp\u00e9rance et l&#039;Etoile ont \u00e9t\u00e9 tenu en \u00e9chec, dans le groupe A o\u00f9 le principal perdant de la journ\u00e9e est le CAB. Dans le groupe B, l&#039;USBG partage d\u00e9sormais le...\" \/>\n<meta property=\"og:url\" content=\"https:\/\/www.webdo.tn\/fr\/actualite\/sport\/l1-13eme-j-l-ess-et-l-est-accrochees-l-usbg-vire-en-tete\/202598\/\" \/>\n<meta property=\"og:site_name\" content=\"webdo\" \/>\n<meta property=\"article:publisher\" content=\"https:\/\/www.facebook.com\/webdotn\" \/>\n<meta property=\"article:published_time\" content=\"2023-02-05T16:32:00+00:00\" \/>\n<meta property=\"article:modified_time\" content=\"2025-05-20T23:00:07+00:00\" \/>\n<meta property=\"og:image\" content=\"https:\/\/www.webdo.tn\/fr\/wp-content\/uploads\/2023\/02\/a2cf83877fdd578d4797314157f25718.jpg\" \/>\n\t<meta property=\"og:image:width\" content=\"606\" \/>\n\t<meta property=\"og:image:height\" content=\"323\" \/>\n\t<meta property=\"og:image:type\" content=\"image\/jpeg\" \/>\n<meta name=\"author\" content=\"NJ\" \/>\n<meta name=\"twitter:card\" content=\"summary_large_image\" \/>\n<meta name=\"twitter:creator\" content=\"@webdo_tn\" \/>\n<meta name=\"twitter:site\" content=\"@webdo_tn\" \/>\n<meta name=\"twitter:label1\" content=\"\u00c9crit par\" \/>\n\t<meta name=\"twitter:data1\" content=\"NJ\" \/>\n\t<meta name=\"twitter:label2\" content=\"Dur\u00e9e de lecture estim\u00e9e\" \/>\n\t<meta name=\"twitter:data2\" content=\"1 minute\" \/>\n<script type=\"application\/ld+json\" class=\"yoast-schema-graph\">{\"@context\":\"https:\\\/\\\/schema.org\",\"@graph\":[{\"@type\":\"NewsArticle\",\"@id\":\"https:\\\/\\\/www.webdo.tn\\\/fr\\\/actualite\\\/sport\\\/l1-13eme-j-l-ess-et-l-est-accrochees-l-usbg-vire-en-tete\\\/202598\\\/#article\",\"isPartOf\":{\"@id\":\"https:\\\/\\\/www.webdo.tn\\\/fr\\\/actualite\\\/sport\\\/l1-13eme-j-l-ess-et-l-est-accrochees-l-usbg-vire-en-tete\\\/202598\\\/\"},\"author\":{\"name\":\"NJ\",\"@id\":\"https:\\\/\\\/www.webdo.tn\\\/fr\\\/#\\\/schema\\\/person\\\/646f7c4406ab78299805d9d39b2636d8\"},\"headline\":\"L1 &#8211; 13\u00e8me J : L&rsquo;ESS et l&rsquo;EST accroch\u00e9es, l&rsquo;USBG vire en t\u00eate\",\"datePublished\":\"2023-02-05T16:32:00+00:00\",\"dateModified\":\"2025-05-20T23:00:07+00:00\",\"mainEntityOfPage\":{\"@id\":\"https:\\\/\\\/www.webdo.tn\\\/fr\\\/actualite\\\/sport\\\/l1-13eme-j-l-ess-et-l-est-accrochees-l-usbg-vire-en-tete\\\/202598\\\/\"},\"wordCount\":287,\"commentCount\":0,\"publisher\":{\"@id\":\"https:\\\/\\\/www.webdo.tn\\\/fr\\\/#organization\"},\"image\":{\"@id\":\"https:\\\/\\\/www.webdo.tn\\\/fr\\\/actualite\\\/sport\\\/l1-13eme-j-l-ess-et-l-est-accrochees-l-usbg-vire-en-tete\\\/202598\\\/#primaryimage\"},\"thumbnailUrl\":\"https:\\\/\\\/www.webdo.tn\\\/fr\\\/wp-content\\\/uploads\\\/2023\\\/02\\\/a2cf83877fdd578d4797314157f25718.jpg\",\"keywords\":[\"championnat\",\"football\",\"Ligue 1\",\"Sport\",\"Tunisie\"],\"articleSection\":[\"Sport\"],\"inLanguage\":\"fr-FR\"},{\"@type\":\"WebPage\",\"@id\":\"https:\\\/\\\/www.webdo.tn\\\/fr\\\/actualite\\\/sport\\\/l1-13eme-j-l-ess-et-l-est-accrochees-l-usbg-vire-en-tete\\\/202598\\\/\",\"url\":\"https:\\\/\\\/www.webdo.tn\\\/fr\\\/actualite\\\/sport\\\/l1-13eme-j-l-ess-et-l-est-accrochees-l-usbg-vire-en-tete\\\/202598\\\/\",\"name\":\"L1 - 13\u00e8me J : L'ESS et l'EST accroch\u00e9es, l'USBG vire en t\u00eate\",\"isPartOf\":{\"@id\":\"https:\\\/\\\/www.webdo.tn\\\/fr\\\/#website\"},\"primaryImageOfPage\":{\"@id\":\"https:\\\/\\\/www.webdo.tn\\\/fr\\\/actualite\\\/sport\\\/l1-13eme-j-l-ess-et-l-est-accrochees-l-usbg-vire-en-tete\\\/202598\\\/#primaryimage\"},\"image\":{\"@id\":\"https:\\\/\\\/www.webdo.tn\\\/fr\\\/actualite\\\/sport\\\/l1-13eme-j-l-ess-et-l-est-accrochees-l-usbg-vire-en-tete\\\/202598\\\/#primaryimage\"},\"thumbnailUrl\":\"https:\\\/\\\/www.webdo.tn\\\/fr\\\/wp-content\\\/uploads\\\/2023\\\/02\\\/a2cf83877fdd578d4797314157f25718.jpg\",\"datePublished\":\"2023-02-05T16:32:00+00:00\",\"dateModified\":\"2025-05-20T23:00:07+00:00\",\"description\":\"L'Esp\u00e9rance et l'Etoile ont \u00e9t\u00e9 tenu en \u00e9chec, dans le groupe A o\u00f9 le principal perdant de la journ\u00e9e est le CAB. Dans le groupe B, l'USBG partage d\u00e9sormais le...\",\"breadcrumb\":{\"@id\":\"https:\\\/\\\/www.webdo.tn\\\/fr\\\/actualite\\\/sport\\\/l1-13eme-j-l-ess-et-l-est-accrochees-l-usbg-vire-en-tete\\\/202598\\\/#breadcrumb\"},\"inLanguage\":\"fr-FR\",\"potentialAction\":[{\"@type\":\"ReadAction\",\"target\":[\"https:\\\/\\\/www.webdo.tn\\\/fr\\\/actualite\\\/sport\\\/l1-13eme-j-l-ess-et-l-est-accrochees-l-usbg-vire-en-tete\\\/202598\\\/\"]}]},{\"@type\":\"ImageObject\",\"inLanguage\":\"fr-FR\",\"@id\":\"https:\\\/\\\/www.webdo.tn\\\/fr\\\/actualite\\\/sport\\\/l1-13eme-j-l-ess-et-l-est-accrochees-l-usbg-vire-en-tete\\\/202598\\\/#primaryimage\",\"url\":\"https:\\\/\\\/www.webdo.tn\\\/fr\\\/wp-content\\\/uploads\\\/2023\\\/02\\\/a2cf83877fdd578d4797314157f25718.jpg\",\"contentUrl\":\"https:\\\/\\\/www.webdo.tn\\\/fr\\\/wp-content\\\/uploads\\\/2023\\\/02\\\/a2cf83877fdd578d4797314157f25718.jpg\",\"width\":606,\"height\":323,\"caption\":\"L1 - 13\u00e8me J : L'ESS et l'EST accroch\u00e9es, l'USBG vire en t\u00eate\"},{\"@type\":\"BreadcrumbList\",\"@id\":\"https:\\\/\\\/www.webdo.tn\\\/fr\\\/actualite\\\/sport\\\/l1-13eme-j-l-ess-et-l-est-accrochees-l-usbg-vire-en-tete\\\/202598\\\/#breadcrumb\",\"itemListElement\":[{\"@type\":\"ListItem\",\"position\":1,\"name\":\"Accueil\",\"item\":\"https:\\\/\\\/www.webdo.tn\\\/fr\\\/\"},{\"@type\":\"ListItem\",\"position\":2,\"name\":\"L1 &#8211; 13\u00e8me J : L&rsquo;ESS et l&rsquo;EST accroch\u00e9es, l&rsquo;USBG vire en t\u00eate\"}]},{\"@type\":\"WebSite\",\"@id\":\"https:\\\/\\\/www.webdo.tn\\\/fr\\\/#website\",\"url\":\"https:\\\/\\\/www.webdo.tn\\\/fr\\\/\",\"name\":\"webdo\",\"description\":\"Tunisie - News en Tunisie et \u00e0 l&#039;international sur Webdo.tn\",\"publisher\":{\"@id\":\"https:\\\/\\\/www.webdo.tn\\\/fr\\\/#organization\"},\"potentialAction\":[{\"@type\":\"SearchAction\",\"target\":{\"@type\":\"EntryPoint\",\"urlTemplate\":\"https:\\\/\\\/www.webdo.tn\\\/fr\\\/?s={search_term_string}\"},\"query-input\":{\"@type\":\"PropertyValueSpecification\",\"valueRequired\":true,\"valueName\":\"search_term_string\"}}],\"inLanguage\":\"fr-FR\"},{\"@type\":\"Organization\",\"@id\":\"https:\\\/\\\/www.webdo.tn\\\/fr\\\/#organization\",\"name\":\"Webdo\",\"alternateName\":\"Webdo.tn\",\"url\":\"https:\\\/\\\/www.webdo.tn\\\/fr\\\/\",\"logo\":{\"@type\":\"ImageObject\",\"inLanguage\":\"fr-FR\",\"@id\":\"https:\\\/\\\/www.webdo.tn\\\/fr\\\/#\\\/schema\\\/logo\\\/image\\\/\",\"url\":\"https:\\\/\\\/www.webdo.tn\\\/fr\\\/wp-content\\\/uploads\\\/2025\\\/06\\\/Webdo-Tunisie_168377.jpg\",\"contentUrl\":\"https:\\\/\\\/www.webdo.tn\\\/fr\\\/wp-content\\\/uploads\\\/2025\\\/06\\\/Webdo-Tunisie_168377.jpg\",\"width\":301,\"height\":301,\"caption\":\"Webdo\"},\"image\":{\"@id\":\"https:\\\/\\\/www.webdo.tn\\\/fr\\\/#\\\/schema\\\/logo\\\/image\\\/\"},\"sameAs\":[\"https:\\\/\\\/www.facebook.com\\\/webdotn\",\"https:\\\/\\\/x.com\\\/webdo_tn\"],\"description\":\"Webdo est un m\u00e9dia num\u00e9rique tunisien fond\u00e9 en 2010, sp\u00e9cialis\u00e9 dans l\u2019actualit\u00e9 nationale et internationale, l\u2019\u00e9conomie, la soci\u00e9t\u00e9 et les analyses politiques. Le site s\u2019adresse \u00e0 un large public francophone et couvre l\u2019information tunisienne en temps r\u00e9el.\",\"email\":\"redac@webdo.tn\",\"legalName\":\"YNJ SARL\",\"foundingDate\":\"2010-09-06\",\"numberOfEmployees\":{\"@type\":\"QuantitativeValue\",\"minValue\":\"11\",\"maxValue\":\"50\"}},{\"@type\":\"Person\",\"@id\":\"https:\\\/\\\/www.webdo.tn\\\/fr\\\/#\\\/schema\\\/person\\\/646f7c4406ab78299805d9d39b2636d8\",\"name\":\"NJ\",\"image\":{\"@type\":\"ImageObject\",\"inLanguage\":\"fr-FR\",\"@id\":\"https:\\\/\\\/secure.gravatar.com\\\/avatar\\\/57ee8a7cee8271948beede1dd4413f641d3b749a42dfabf45a3352af812389e1?s=96&d=mm&r=g\",\"url\":\"https:\\\/\\\/secure.gravatar.com\\\/avatar\\\/57ee8a7cee8271948beede1dd4413f641d3b749a42dfabf45a3352af812389e1?s=96&d=mm&r=g\",\"contentUrl\":\"https:\\\/\\\/secure.gravatar.com\\\/avatar\\\/57ee8a7cee8271948beede1dd4413f641d3b749a42dfabf45a3352af812389e1?s=96&d=mm&r=g\",\"caption\":\"NJ\"},\"url\":\"https:\\\/\\\/www.webdo.tn\\\/fr\\\/actualite\\\/author\\\/nj\\\/\"}]}<\/script>\n<!-- \/ Yoast SEO Premium plugin. -->","yoast_head_json":{"title":"L1 - 13\u00e8me J : L'ESS et l'EST accroch\u00e9es, l'USBG vire en t\u00eate","description":"L'Esp\u00e9rance et l'Etoile ont \u00e9t\u00e9 tenu en \u00e9chec, dans le groupe A o\u00f9 le principal perdant de la journ\u00e9e est le CAB. Dans le groupe B, l'USBG partage d\u00e9sormais le...","canonical":"https:\/\/www.webdo.tn\/fr\/actualite\/sport\/l1-13eme-j-l-ess-et-l-est-accrochees-l-usbg-vire-en-tete\/202598\/","og_locale":"fr_FR","og_type":"article","og_title":"L1 - 13\u00e8me J : L'ESS et l'EST accroch\u00e9es, l'USBG vire en t\u00eate","og_description":"L'Esp\u00e9rance et l'Etoile ont \u00e9t\u00e9 tenu en \u00e9chec, dans le groupe A o\u00f9 le principal perdant de la journ\u00e9e est le CAB. Dans le groupe B, l'USBG partage d\u00e9sormais le...","og_url":"https:\/\/www.webdo.tn\/fr\/actualite\/sport\/l1-13eme-j-l-ess-et-l-est-accrochees-l-usbg-vire-en-tete\/202598\/","og_site_name":"webdo","article_publisher":"https:\/\/www.facebook.com\/webdotn","article_published_time":"2023-02-05T16:32:00+00:00","article_modified_time":"2025-05-20T23:00:07+00:00","og_image":[{"width":606,"height":323,"url":"https:\/\/www.webdo.tn\/fr\/wp-content\/uploads\/2023\/02\/a2cf83877fdd578d4797314157f25718.jpg","type":"image\/jpeg"}],"author":"NJ","twitter_card":"summary_large_image","twitter_creator":"@webdo_tn","twitter_site":"@webdo_tn","twitter_misc":{"\u00c9crit par":"NJ","Dur\u00e9e de lecture estim\u00e9e":"1 minute"},"schema":{"@context":"https:\/\/schema.org","@graph":[{"@type":"NewsArticle","@id":"https:\/\/www.webdo.tn\/fr\/actualite\/sport\/l1-13eme-j-l-ess-et-l-est-accrochees-l-usbg-vire-en-tete\/202598\/#article","isPartOf":{"@id":"https:\/\/www.webdo.tn\/fr\/actualite\/sport\/l1-13eme-j-l-ess-et-l-est-accrochees-l-usbg-vire-en-tete\/202598\/"},"author":{"name":"NJ","@id":"https:\/\/www.webdo.tn\/fr\/#\/schema\/person\/646f7c4406ab78299805d9d39b2636d8"},"headline":"L1 &#8211; 13\u00e8me J : L&rsquo;ESS et l&rsquo;EST accroch\u00e9es, l&rsquo;USBG vire en t\u00eate","datePublished":"2023-02-05T16:32:00+00:00","dateModified":"2025-05-20T23:00:07+00:00","mainEntityOfPage":{"@id":"https:\/\/www.webdo.tn\/fr\/actualite\/sport\/l1-13eme-j-l-ess-et-l-est-accrochees-l-usbg-vire-en-tete\/202598\/"},"wordCount":287,"commentCount":0,"publisher":{"@id":"https:\/\/www.webdo.tn\/fr\/#organization"},"image":{"@id":"https:\/\/www.webdo.tn\/fr\/actualite\/sport\/l1-13eme-j-l-ess-et-l-est-accrochees-l-usbg-vire-en-tete\/202598\/#primaryimage"},"thumbnailUrl":"https:\/\/www.webdo.tn\/fr\/wp-content\/uploads\/2023\/02\/a2cf83877fdd578d4797314157f25718.jpg","keywords":["championnat","football","Ligue 1","Sport","Tunisie"],"articleSection":["Sport"],"inLanguage":"fr-FR"},{"@type":"WebPage","@id":"https:\/\/www.webdo.tn\/fr\/actualite\/sport\/l1-13eme-j-l-ess-et-l-est-accrochees-l-usbg-vire-en-tete\/202598\/","url":"https:\/\/www.webdo.tn\/fr\/actualite\/sport\/l1-13eme-j-l-ess-et-l-est-accrochees-l-usbg-vire-en-tete\/202598\/","name":"L1 - 13\u00e8me J : L'ESS et l'EST accroch\u00e9es, l'USBG vire en t\u00eate","isPartOf":{"@id":"https:\/\/www.webdo.tn\/fr\/#website"},"primaryImageOfPage":{"@id":"https:\/\/www.webdo.tn\/fr\/actualite\/sport\/l1-13eme-j-l-ess-et-l-est-accrochees-l-usbg-vire-en-tete\/202598\/#primaryimage"},"image":{"@id":"https:\/\/www.webdo.tn\/fr\/actualite\/sport\/l1-13eme-j-l-ess-et-l-est-accrochees-l-usbg-vire-en-tete\/202598\/#primaryimage"},"thumbnailUrl":"https:\/\/www.webdo.tn\/fr\/wp-content\/uploads\/2023\/02\/a2cf83877fdd578d4797314157f25718.jpg","datePublished":"2023-02-05T16:32:00+00:00","dateModified":"2025-05-20T23:00:07+00:00","description":"L'Esp\u00e9rance et l'Etoile ont \u00e9t\u00e9 tenu en \u00e9chec, dans le groupe A o\u00f9 le principal perdant de la journ\u00e9e est le CAB. Dans le groupe B, l'USBG partage d\u00e9sormais le...","breadcrumb":{"@id":"https:\/\/www.webdo.tn\/fr\/actualite\/sport\/l1-13eme-j-l-ess-et-l-est-accrochees-l-usbg-vire-en-tete\/202598\/#breadcrumb"},"inLanguage":"fr-FR","potentialAction":[{"@type":"ReadAction","target":["https:\/\/www.webdo.tn\/fr\/actualite\/sport\/l1-13eme-j-l-ess-et-l-est-accrochees-l-usbg-vire-en-tete\/202598\/"]}]},{"@type":"ImageObject","inLanguage":"fr-FR","@id":"https:\/\/www.webdo.tn\/fr\/actualite\/sport\/l1-13eme-j-l-ess-et-l-est-accrochees-l-usbg-vire-en-tete\/202598\/#primaryimage","url":"https:\/\/www.webdo.tn\/fr\/wp-content\/uploads\/2023\/02\/a2cf83877fdd578d4797314157f25718.jpg","contentUrl":"https:\/\/www.webdo.tn\/fr\/wp-content\/uploads\/2023\/02\/a2cf83877fdd578d4797314157f25718.jpg","width":606,"height":323,"caption":"L1 - 13\u00e8me J : L'ESS et l'EST accroch\u00e9es, l'USBG vire en t\u00eate"},{"@type":"BreadcrumbList","@id":"https:\/\/www.webdo.tn\/fr\/actualite\/sport\/l1-13eme-j-l-ess-et-l-est-accrochees-l-usbg-vire-en-tete\/202598\/#breadcrumb","itemListElement":[{"@type":"ListItem","position":1,"name":"Accueil","item":"https:\/\/www.webdo.tn\/fr\/"},{"@type":"ListItem","position":2,"name":"L1 &#8211; 13\u00e8me J : L&rsquo;ESS et l&rsquo;EST accroch\u00e9es, l&rsquo;USBG vire en t\u00eate"}]},{"@type":"WebSite","@id":"https:\/\/www.webdo.tn\/fr\/#website","url":"https:\/\/www.webdo.tn\/fr\/","name":"webdo","description":"Tunisie - News en Tunisie et \u00e0 l&#039;international sur Webdo.tn","publisher":{"@id":"https:\/\/www.webdo.tn\/fr\/#organization"},"potentialAction":[{"@type":"SearchAction","target":{"@type":"EntryPoint","urlTemplate":"https:\/\/www.webdo.tn\/fr\/?s={search_term_string}"},"query-input":{"@type":"PropertyValueSpecification","valueRequired":true,"valueName":"search_term_string"}}],"inLanguage":"fr-FR"},{"@type":"Organization","@id":"https:\/\/www.webdo.tn\/fr\/#organization","name":"Webdo","alternateName":"Webdo.tn","url":"https:\/\/www.webdo.tn\/fr\/","logo":{"@type":"ImageObject","inLanguage":"fr-FR","@id":"https:\/\/www.webdo.tn\/fr\/#\/schema\/logo\/image\/","url":"https:\/\/www.webdo.tn\/fr\/wp-content\/uploads\/2025\/06\/Webdo-Tunisie_168377.jpg","contentUrl":"https:\/\/www.webdo.tn\/fr\/wp-content\/uploads\/2025\/06\/Webdo-Tunisie_168377.jpg","width":301,"height":301,"caption":"Webdo"},"image":{"@id":"https:\/\/www.webdo.tn\/fr\/#\/schema\/logo\/image\/"},"sameAs":["https:\/\/www.facebook.com\/webdotn","https:\/\/x.com\/webdo_tn"],"description":"Webdo est un m\u00e9dia num\u00e9rique tunisien fond\u00e9 en 2010, sp\u00e9cialis\u00e9 dans l\u2019actualit\u00e9 nationale et internationale, l\u2019\u00e9conomie, la soci\u00e9t\u00e9 et les analyses politiques. Le site s\u2019adresse \u00e0 un large public francophone et couvre l\u2019information tunisienne en temps r\u00e9el.","email":"redac@webdo.tn","legalName":"YNJ SARL","foundingDate":"2010-09-06","numberOfEmployees":{"@type":"QuantitativeValue","minValue":"11","maxValue":"50"}},{"@type":"Person","@id":"https:\/\/www.webdo.tn\/fr\/#\/schema\/person\/646f7c4406ab78299805d9d39b2636d8","name":"NJ","image":{"@type":"ImageObject","inLanguage":"fr-FR","@id":"https:\/\/secure.gravatar.com\/avatar\/57ee8a7cee8271948beede1dd4413f641d3b749a42dfabf45a3352af812389e1?s=96&d=mm&r=g","url":"https:\/\/secure.gravatar.com\/avatar\/57ee8a7cee8271948beede1dd4413f641d3b749a42dfabf45a3352af812389e1?s=96&d=mm&r=g","contentUrl":"https:\/\/secure.gravatar.com\/avatar\/57ee8a7cee8271948beede1dd4413f641d3b749a42dfabf45a3352af812389e1?s=96&d=mm&r=g","caption":"NJ"},"url":"https:\/\/www.webdo.tn\/fr\/actualite\/author\/nj\/"}]}},"_links":{"self":[{"href":"https:\/\/www.webdo.tn\/fr\/wp-json\/wp\/v2\/posts\/202598","targetHints":{"allow":["GET"]}}],"collection":[{"href":"https:\/\/www.webdo.tn\/fr\/wp-json\/wp\/v2\/posts"}],"about":[{"href":"https:\/\/www.webdo.tn\/fr\/wp-json\/wp\/v2\/types\/post"}],"author":[{"embeddable":true,"href":"https:\/\/www.webdo.tn\/fr\/wp-json\/wp\/v2\/users\/3195"}],"replies":[{"embeddable":true,"href":"https:\/\/www.webdo.tn\/fr\/wp-json\/wp\/v2\/comments?post=202598"}],"version-history":[{"count":0,"href":"https:\/\/www.webdo.tn\/fr\/wp-json\/wp\/v2\/posts\/202598\/revisions"}],"wp:featuredmedia":[{"embeddable":true,"href":"https:\/\/www.webdo.tn\/fr\/wp-json\/wp\/v2\/media\/252310"}],"wp:attachment":[{"href":"https:\/\/www.webdo.tn\/fr\/wp-json\/wp\/v2\/media?parent=202598"}],"wp:term":[{"taxonomy":"category","embeddable":true,"href":"https:\/\/www.webdo.tn\/fr\/wp-json\/wp\/v2\/categories?post=202598"},{"taxonomy":"post_tag","embeddable":true,"href":"https:\/\/www.webdo.tn\/fr\/wp-json\/wp\/v2\/tags?post=202598"}],"curies":[{"name":"wp","href":"https:\/\/api.w.org\/{rel}","templated":true}]}}