{"id":202570,"date":"2023-02-03T18:34:00","date_gmt":"2023-02-03T18:34:00","guid":{"rendered":"https:\/\/www.webdo.tn\/fr\/blog\/tunisie-l-ugtt-decide-la-mobilisation-et-l-escalade\/202570\/"},"modified":"2025-05-20T22:48:57","modified_gmt":"2025-05-20T22:48:57","slug":"tunisie-l-ugtt-decide-la-mobilisation-et-l-escalade","status":"publish","type":"post","link":"https:\/\/www.webdo.tn\/fr\/actualite\/national\/tunisie-l-ugtt-decide-la-mobilisation-et-l-escalade\/202570\/","title":{"rendered":"Tunisie : L\u2019UGTT d\u00e9cide la mobilisation et l\u2019escalade"},"content":{"rendered":"<p>Les d\u00e9cisions du comit\u00e9 administratif \u00e9taient attendues. Ce vendredi 3 f\u00e9vrier 2023, le verdict est tomb\u00e9, l\u2019UGTT a choisi l\u2019escalade.<\/p>\n<p>Lors d\u2019une conf\u00e9rence de presse tenue ce vendredi, le comit\u00e9 administratif a annonc\u00e9 qu\u2019il a d\u00e9cid\u00e9 d\u2019appeler les structures syndicales \u00e0 des formes de mobilisations r\u00e9gionales et nationales.\u00a0<\/p>\n<p>L\u2019UGTT a menac\u00e9 de d\u00e9cr\u00e9ter des graves dans la fonction publique en cas de non satisfaction de leurs revendications et des conventions d\u00e9j\u00e0 sign\u00e9es par le gouvernement.\u00a0<\/p>\n<p>Cette r\u00e9union urgente intervient suite \u00e0 l\u2019affaire du syndicaliste de Tunisie Autoroutes arr\u00eat\u00e9.\u00a0Pour l\u2019UGTT, cette arrestation s&rsquo;inscrit dans le cadre de la poursuite des atteintes aux libert\u00e9s g\u00e9n\u00e9rales et au droit syndical.<\/p>\n","protected":false},"excerpt":{"rendered":"<p>Les d\u00e9cisions du comit\u00e9 administratif \u00e9taient attendues. Ce vendredi 3 f\u00e9vrier 2023, le verdict est tomb\u00e9, l\u2019UGTT a choisi l\u2019escalade.<\/p>\n","protected":false},"author":3175,"featured_media":277710,"comment_status":"open","ping_status":"closed","sticky":false,"template":"","format":"standard","meta":{"footnotes":""},"categories":[44],"tags":[3418,2608,2649],"class_list":["post-202570","post","type-post","status-publish","format-standard","has-post-thumbnail","hentry","category-national","tag-saied","tag-tunisie","tag-ugtt"],"yoast_head":"<!-- This site is optimized with the Yoast SEO Premium plugin v27.5 (Yoast SEO v27.5) - https:\/\/yoast.com\/product\/yoast-seo-premium-wordpress\/ -->\n<title>Tunisie : L\u2019UGTT d\u00e9cide la mobilisation et l\u2019escalade<\/title>\n<meta name=\"description\" content=\"Les d\u00e9cisions du comit\u00e9 administratif \u00e9taient attendues. Ce vendredi 3 f\u00e9vrier 2023, le verdict est tomb\u00e9, l\u2019UGTT a choisi l\u2019escalade.\" \/>\n<link rel=\"canonical\" href=\"https:\/\/www.webdo.tn\/fr\/actualite\/national\/tunisie-l-ugtt-decide-la-mobilisation-et-l-escalade\/202570\/\" \/>\n<meta property=\"og:locale\" content=\"fr_FR\" \/>\n<meta property=\"og:type\" content=\"article\" \/>\n<meta property=\"og:title\" content=\"Tunisie : L\u2019UGTT d\u00e9cide la mobilisation et l\u2019escalade\" \/>\n<meta property=\"og:description\" content=\"Les d\u00e9cisions du comit\u00e9 administratif \u00e9taient attendues. Ce vendredi 3 f\u00e9vrier 2023, le verdict est tomb\u00e9, l\u2019UGTT a choisi l\u2019escalade.\" \/>\n<meta property=\"og:url\" content=\"https:\/\/www.webdo.tn\/fr\/actualite\/national\/tunisie-l-ugtt-decide-la-mobilisation-et-l-escalade\/202570\/\" \/>\n<meta property=\"og:site_name\" content=\"webdo\" \/>\n<meta property=\"article:publisher\" content=\"https:\/\/www.facebook.com\/webdotn\" \/>\n<meta property=\"article:published_time\" content=\"2023-02-03T18:34:00+00:00\" \/>\n<meta property=\"article:modified_time\" content=\"2025-05-20T22:48:57+00:00\" \/>\n<meta property=\"og:image\" content=\"https:\/\/www.webdo.tn\/fr\/wp-content\/uploads\/2023\/02\/d8a91815df35f329488dc56ca5b84f2f.jpg\" \/>\n\t<meta property=\"og:image:width\" content=\"750\" \/>\n\t<meta property=\"og:image:height\" content=\"400\" \/>\n\t<meta property=\"og:image:type\" content=\"image\/jpeg\" \/>\n<meta name=\"author\" content=\"CL\" \/>\n<meta name=\"twitter:card\" content=\"summary_large_image\" \/>\n<meta name=\"twitter:creator\" content=\"@webdo_tn\" \/>\n<meta name=\"twitter:site\" content=\"@webdo_tn\" \/>\n<meta name=\"twitter:label1\" content=\"\u00c9crit par\" \/>\n\t<meta name=\"twitter:data1\" content=\"CL\" \/>\n\t<meta name=\"twitter:label2\" content=\"Dur\u00e9e de lecture estim\u00e9e\" \/>\n\t<meta name=\"twitter:data2\" content=\"1 minute\" \/>\n<script type=\"application\/ld+json\" class=\"yoast-schema-graph\">{\"@context\":\"https:\\\/\\\/schema.org\",\"@graph\":[{\"@type\":\"NewsArticle\",\"@id\":\"https:\\\/\\\/www.webdo.tn\\\/fr\\\/actualite\\\/national\\\/tunisie-l-ugtt-decide-la-mobilisation-et-l-escalade\\\/202570\\\/#article\",\"isPartOf\":{\"@id\":\"https:\\\/\\\/www.webdo.tn\\\/fr\\\/actualite\\\/national\\\/tunisie-l-ugtt-decide-la-mobilisation-et-l-escalade\\\/202570\\\/\"},\"author\":{\"name\":\"CL\",\"@id\":\"https:\\\/\\\/www.webdo.tn\\\/fr\\\/#\\\/schema\\\/person\\\/f35b42a42c5e2511bbd282959d6385cc\"},\"headline\":\"Tunisie : L\u2019UGTT d\u00e9cide la mobilisation et l\u2019escalade\",\"datePublished\":\"2023-02-03T18:34:00+00:00\",\"dateModified\":\"2025-05-20T22:48:57+00:00\",\"mainEntityOfPage\":{\"@id\":\"https:\\\/\\\/www.webdo.tn\\\/fr\\\/actualite\\\/national\\\/tunisie-l-ugtt-decide-la-mobilisation-et-l-escalade\\\/202570\\\/\"},\"wordCount\":137,\"commentCount\":0,\"publisher\":{\"@id\":\"https:\\\/\\\/www.webdo.tn\\\/fr\\\/#organization\"},\"image\":{\"@id\":\"https:\\\/\\\/www.webdo.tn\\\/fr\\\/actualite\\\/national\\\/tunisie-l-ugtt-decide-la-mobilisation-et-l-escalade\\\/202570\\\/#primaryimage\"},\"thumbnailUrl\":\"https:\\\/\\\/www.webdo.tn\\\/fr\\\/wp-content\\\/uploads\\\/2023\\\/02\\\/d8a91815df35f329488dc56ca5b84f2f.jpg\",\"keywords\":[\"Saied\",\"Tunisie\",\"UGTT\"],\"articleSection\":[\"National\"],\"inLanguage\":\"fr-FR\"},{\"@type\":\"WebPage\",\"@id\":\"https:\\\/\\\/www.webdo.tn\\\/fr\\\/actualite\\\/national\\\/tunisie-l-ugtt-decide-la-mobilisation-et-l-escalade\\\/202570\\\/\",\"url\":\"https:\\\/\\\/www.webdo.tn\\\/fr\\\/actualite\\\/national\\\/tunisie-l-ugtt-decide-la-mobilisation-et-l-escalade\\\/202570\\\/\",\"name\":\"Tunisie : L\u2019UGTT d\u00e9cide la mobilisation et l\u2019escalade\",\"isPartOf\":{\"@id\":\"https:\\\/\\\/www.webdo.tn\\\/fr\\\/#website\"},\"primaryImageOfPage\":{\"@id\":\"https:\\\/\\\/www.webdo.tn\\\/fr\\\/actualite\\\/national\\\/tunisie-l-ugtt-decide-la-mobilisation-et-l-escalade\\\/202570\\\/#primaryimage\"},\"image\":{\"@id\":\"https:\\\/\\\/www.webdo.tn\\\/fr\\\/actualite\\\/national\\\/tunisie-l-ugtt-decide-la-mobilisation-et-l-escalade\\\/202570\\\/#primaryimage\"},\"thumbnailUrl\":\"https:\\\/\\\/www.webdo.tn\\\/fr\\\/wp-content\\\/uploads\\\/2023\\\/02\\\/d8a91815df35f329488dc56ca5b84f2f.jpg\",\"datePublished\":\"2023-02-03T18:34:00+00:00\",\"dateModified\":\"2025-05-20T22:48:57+00:00\",\"description\":\"Les d\u00e9cisions du comit\u00e9 administratif \u00e9taient attendues. Ce vendredi 3 f\u00e9vrier 2023, le verdict est tomb\u00e9, l\u2019UGTT a choisi l\u2019escalade.\",\"breadcrumb\":{\"@id\":\"https:\\\/\\\/www.webdo.tn\\\/fr\\\/actualite\\\/national\\\/tunisie-l-ugtt-decide-la-mobilisation-et-l-escalade\\\/202570\\\/#breadcrumb\"},\"inLanguage\":\"fr-FR\",\"potentialAction\":[{\"@type\":\"ReadAction\",\"target\":[\"https:\\\/\\\/www.webdo.tn\\\/fr\\\/actualite\\\/national\\\/tunisie-l-ugtt-decide-la-mobilisation-et-l-escalade\\\/202570\\\/\"]}]},{\"@type\":\"ImageObject\",\"inLanguage\":\"fr-FR\",\"@id\":\"https:\\\/\\\/www.webdo.tn\\\/fr\\\/actualite\\\/national\\\/tunisie-l-ugtt-decide-la-mobilisation-et-l-escalade\\\/202570\\\/#primaryimage\",\"url\":\"https:\\\/\\\/www.webdo.tn\\\/fr\\\/wp-content\\\/uploads\\\/2023\\\/02\\\/d8a91815df35f329488dc56ca5b84f2f.jpg\",\"contentUrl\":\"https:\\\/\\\/www.webdo.tn\\\/fr\\\/wp-content\\\/uploads\\\/2023\\\/02\\\/d8a91815df35f329488dc56ca5b84f2f.jpg\",\"width\":750,\"height\":400,\"caption\":\"UGTT\"},{\"@type\":\"BreadcrumbList\",\"@id\":\"https:\\\/\\\/www.webdo.tn\\\/fr\\\/actualite\\\/national\\\/tunisie-l-ugtt-decide-la-mobilisation-et-l-escalade\\\/202570\\\/#breadcrumb\",\"itemListElement\":[{\"@type\":\"ListItem\",\"position\":1,\"name\":\"Accueil\",\"item\":\"https:\\\/\\\/www.webdo.tn\\\/fr\\\/\"},{\"@type\":\"ListItem\",\"position\":2,\"name\":\"Tunisie : L\u2019UGTT d\u00e9cide la mobilisation et l\u2019escalade\"}]},{\"@type\":\"WebSite\",\"@id\":\"https:\\\/\\\/www.webdo.tn\\\/fr\\\/#website\",\"url\":\"https:\\\/\\\/www.webdo.tn\\\/fr\\\/\",\"name\":\"webdo\",\"description\":\"Tunisie - News en Tunisie et \u00e0 l&#039;international sur Webdo.tn\",\"publisher\":{\"@id\":\"https:\\\/\\\/www.webdo.tn\\\/fr\\\/#organization\"},\"potentialAction\":[{\"@type\":\"SearchAction\",\"target\":{\"@type\":\"EntryPoint\",\"urlTemplate\":\"https:\\\/\\\/www.webdo.tn\\\/fr\\\/?s={search_term_string}\"},\"query-input\":{\"@type\":\"PropertyValueSpecification\",\"valueRequired\":true,\"valueName\":\"search_term_string\"}}],\"inLanguage\":\"fr-FR\"},{\"@type\":\"Organization\",\"@id\":\"https:\\\/\\\/www.webdo.tn\\\/fr\\\/#organization\",\"name\":\"Webdo\",\"alternateName\":\"Webdo.tn\",\"url\":\"https:\\\/\\\/www.webdo.tn\\\/fr\\\/\",\"logo\":{\"@type\":\"ImageObject\",\"inLanguage\":\"fr-FR\",\"@id\":\"https:\\\/\\\/www.webdo.tn\\\/fr\\\/#\\\/schema\\\/logo\\\/image\\\/\",\"url\":\"https:\\\/\\\/www.webdo.tn\\\/fr\\\/wp-content\\\/uploads\\\/2025\\\/06\\\/Webdo-Tunisie_168377.jpg\",\"contentUrl\":\"https:\\\/\\\/www.webdo.tn\\\/fr\\\/wp-content\\\/uploads\\\/2025\\\/06\\\/Webdo-Tunisie_168377.jpg\",\"width\":301,\"height\":301,\"caption\":\"Webdo\"},\"image\":{\"@id\":\"https:\\\/\\\/www.webdo.tn\\\/fr\\\/#\\\/schema\\\/logo\\\/image\\\/\"},\"sameAs\":[\"https:\\\/\\\/www.facebook.com\\\/webdotn\",\"https:\\\/\\\/x.com\\\/webdo_tn\"],\"description\":\"Webdo est un m\u00e9dia num\u00e9rique tunisien fond\u00e9 en 2010, sp\u00e9cialis\u00e9 dans l\u2019actualit\u00e9 nationale et internationale, l\u2019\u00e9conomie, la soci\u00e9t\u00e9 et les analyses politiques. Le site s\u2019adresse \u00e0 un large public francophone et couvre l\u2019information tunisienne en temps r\u00e9el.\",\"email\":\"redac@webdo.tn\",\"legalName\":\"YNJ SARL\",\"foundingDate\":\"2010-09-06\",\"numberOfEmployees\":{\"@type\":\"QuantitativeValue\",\"minValue\":\"11\",\"maxValue\":\"50\"}},{\"@type\":\"Person\",\"@id\":\"https:\\\/\\\/www.webdo.tn\\\/fr\\\/#\\\/schema\\\/person\\\/f35b42a42c5e2511bbd282959d6385cc\",\"name\":\"CL\",\"image\":{\"@type\":\"ImageObject\",\"inLanguage\":\"fr-FR\",\"@id\":\"https:\\\/\\\/secure.gravatar.com\\\/avatar\\\/1447a49909b67aa657c488aec6512e1dd6143a480c1ecfee9b5b5cd74eb3b59e?s=96&d=mm&r=g\",\"url\":\"https:\\\/\\\/secure.gravatar.com\\\/avatar\\\/1447a49909b67aa657c488aec6512e1dd6143a480c1ecfee9b5b5cd74eb3b59e?s=96&d=mm&r=g\",\"contentUrl\":\"https:\\\/\\\/secure.gravatar.com\\\/avatar\\\/1447a49909b67aa657c488aec6512e1dd6143a480c1ecfee9b5b5cd74eb3b59e?s=96&d=mm&r=g\",\"caption\":\"CL\"},\"url\":\"https:\\\/\\\/www.webdo.tn\\\/fr\\\/actualite\\\/author\\\/cl\\\/\"}]}<\/script>\n<!-- \/ Yoast SEO Premium plugin. -->","yoast_head_json":{"title":"Tunisie : L\u2019UGTT d\u00e9cide la mobilisation et l\u2019escalade","description":"Les d\u00e9cisions du comit\u00e9 administratif \u00e9taient attendues. Ce vendredi 3 f\u00e9vrier 2023, le verdict est tomb\u00e9, l\u2019UGTT a choisi l\u2019escalade.","canonical":"https:\/\/www.webdo.tn\/fr\/actualite\/national\/tunisie-l-ugtt-decide-la-mobilisation-et-l-escalade\/202570\/","og_locale":"fr_FR","og_type":"article","og_title":"Tunisie : L\u2019UGTT d\u00e9cide la mobilisation et l\u2019escalade","og_description":"Les d\u00e9cisions du comit\u00e9 administratif \u00e9taient attendues. Ce vendredi 3 f\u00e9vrier 2023, le verdict est tomb\u00e9, l\u2019UGTT a choisi l\u2019escalade.","og_url":"https:\/\/www.webdo.tn\/fr\/actualite\/national\/tunisie-l-ugtt-decide-la-mobilisation-et-l-escalade\/202570\/","og_site_name":"webdo","article_publisher":"https:\/\/www.facebook.com\/webdotn","article_published_time":"2023-02-03T18:34:00+00:00","article_modified_time":"2025-05-20T22:48:57+00:00","og_image":[{"width":750,"height":400,"url":"https:\/\/www.webdo.tn\/fr\/wp-content\/uploads\/2023\/02\/d8a91815df35f329488dc56ca5b84f2f.jpg","type":"image\/jpeg"}],"author":"CL","twitter_card":"summary_large_image","twitter_creator":"@webdo_tn","twitter_site":"@webdo_tn","twitter_misc":{"\u00c9crit par":"CL","Dur\u00e9e de lecture estim\u00e9e":"1 minute"},"schema":{"@context":"https:\/\/schema.org","@graph":[{"@type":"NewsArticle","@id":"https:\/\/www.webdo.tn\/fr\/actualite\/national\/tunisie-l-ugtt-decide-la-mobilisation-et-l-escalade\/202570\/#article","isPartOf":{"@id":"https:\/\/www.webdo.tn\/fr\/actualite\/national\/tunisie-l-ugtt-decide-la-mobilisation-et-l-escalade\/202570\/"},"author":{"name":"CL","@id":"https:\/\/www.webdo.tn\/fr\/#\/schema\/person\/f35b42a42c5e2511bbd282959d6385cc"},"headline":"Tunisie : L\u2019UGTT d\u00e9cide la mobilisation et l\u2019escalade","datePublished":"2023-02-03T18:34:00+00:00","dateModified":"2025-05-20T22:48:57+00:00","mainEntityOfPage":{"@id":"https:\/\/www.webdo.tn\/fr\/actualite\/national\/tunisie-l-ugtt-decide-la-mobilisation-et-l-escalade\/202570\/"},"wordCount":137,"commentCount":0,"publisher":{"@id":"https:\/\/www.webdo.tn\/fr\/#organization"},"image":{"@id":"https:\/\/www.webdo.tn\/fr\/actualite\/national\/tunisie-l-ugtt-decide-la-mobilisation-et-l-escalade\/202570\/#primaryimage"},"thumbnailUrl":"https:\/\/www.webdo.tn\/fr\/wp-content\/uploads\/2023\/02\/d8a91815df35f329488dc56ca5b84f2f.jpg","keywords":["Saied","Tunisie","UGTT"],"articleSection":["National"],"inLanguage":"fr-FR"},{"@type":"WebPage","@id":"https:\/\/www.webdo.tn\/fr\/actualite\/national\/tunisie-l-ugtt-decide-la-mobilisation-et-l-escalade\/202570\/","url":"https:\/\/www.webdo.tn\/fr\/actualite\/national\/tunisie-l-ugtt-decide-la-mobilisation-et-l-escalade\/202570\/","name":"Tunisie : L\u2019UGTT d\u00e9cide la mobilisation et l\u2019escalade","isPartOf":{"@id":"https:\/\/www.webdo.tn\/fr\/#website"},"primaryImageOfPage":{"@id":"https:\/\/www.webdo.tn\/fr\/actualite\/national\/tunisie-l-ugtt-decide-la-mobilisation-et-l-escalade\/202570\/#primaryimage"},"image":{"@id":"https:\/\/www.webdo.tn\/fr\/actualite\/national\/tunisie-l-ugtt-decide-la-mobilisation-et-l-escalade\/202570\/#primaryimage"},"thumbnailUrl":"https:\/\/www.webdo.tn\/fr\/wp-content\/uploads\/2023\/02\/d8a91815df35f329488dc56ca5b84f2f.jpg","datePublished":"2023-02-03T18:34:00+00:00","dateModified":"2025-05-20T22:48:57+00:00","description":"Les d\u00e9cisions du comit\u00e9 administratif \u00e9taient attendues. Ce vendredi 3 f\u00e9vrier 2023, le verdict est tomb\u00e9, l\u2019UGTT a choisi l\u2019escalade.","breadcrumb":{"@id":"https:\/\/www.webdo.tn\/fr\/actualite\/national\/tunisie-l-ugtt-decide-la-mobilisation-et-l-escalade\/202570\/#breadcrumb"},"inLanguage":"fr-FR","potentialAction":[{"@type":"ReadAction","target":["https:\/\/www.webdo.tn\/fr\/actualite\/national\/tunisie-l-ugtt-decide-la-mobilisation-et-l-escalade\/202570\/"]}]},{"@type":"ImageObject","inLanguage":"fr-FR","@id":"https:\/\/www.webdo.tn\/fr\/actualite\/national\/tunisie-l-ugtt-decide-la-mobilisation-et-l-escalade\/202570\/#primaryimage","url":"https:\/\/www.webdo.tn\/fr\/wp-content\/uploads\/2023\/02\/d8a91815df35f329488dc56ca5b84f2f.jpg","contentUrl":"https:\/\/www.webdo.tn\/fr\/wp-content\/uploads\/2023\/02\/d8a91815df35f329488dc56ca5b84f2f.jpg","width":750,"height":400,"caption":"UGTT"},{"@type":"BreadcrumbList","@id":"https:\/\/www.webdo.tn\/fr\/actualite\/national\/tunisie-l-ugtt-decide-la-mobilisation-et-l-escalade\/202570\/#breadcrumb","itemListElement":[{"@type":"ListItem","position":1,"name":"Accueil","item":"https:\/\/www.webdo.tn\/fr\/"},{"@type":"ListItem","position":2,"name":"Tunisie : L\u2019UGTT d\u00e9cide la mobilisation et l\u2019escalade"}]},{"@type":"WebSite","@id":"https:\/\/www.webdo.tn\/fr\/#website","url":"https:\/\/www.webdo.tn\/fr\/","name":"webdo","description":"Tunisie - News en Tunisie et \u00e0 l&#039;international sur Webdo.tn","publisher":{"@id":"https:\/\/www.webdo.tn\/fr\/#organization"},"potentialAction":[{"@type":"SearchAction","target":{"@type":"EntryPoint","urlTemplate":"https:\/\/www.webdo.tn\/fr\/?s={search_term_string}"},"query-input":{"@type":"PropertyValueSpecification","valueRequired":true,"valueName":"search_term_string"}}],"inLanguage":"fr-FR"},{"@type":"Organization","@id":"https:\/\/www.webdo.tn\/fr\/#organization","name":"Webdo","alternateName":"Webdo.tn","url":"https:\/\/www.webdo.tn\/fr\/","logo":{"@type":"ImageObject","inLanguage":"fr-FR","@id":"https:\/\/www.webdo.tn\/fr\/#\/schema\/logo\/image\/","url":"https:\/\/www.webdo.tn\/fr\/wp-content\/uploads\/2025\/06\/Webdo-Tunisie_168377.jpg","contentUrl":"https:\/\/www.webdo.tn\/fr\/wp-content\/uploads\/2025\/06\/Webdo-Tunisie_168377.jpg","width":301,"height":301,"caption":"Webdo"},"image":{"@id":"https:\/\/www.webdo.tn\/fr\/#\/schema\/logo\/image\/"},"sameAs":["https:\/\/www.facebook.com\/webdotn","https:\/\/x.com\/webdo_tn"],"description":"Webdo est un m\u00e9dia num\u00e9rique tunisien fond\u00e9 en 2010, sp\u00e9cialis\u00e9 dans l\u2019actualit\u00e9 nationale et internationale, l\u2019\u00e9conomie, la soci\u00e9t\u00e9 et les analyses politiques. Le site s\u2019adresse \u00e0 un large public francophone et couvre l\u2019information tunisienne en temps r\u00e9el.","email":"redac@webdo.tn","legalName":"YNJ SARL","foundingDate":"2010-09-06","numberOfEmployees":{"@type":"QuantitativeValue","minValue":"11","maxValue":"50"}},{"@type":"Person","@id":"https:\/\/www.webdo.tn\/fr\/#\/schema\/person\/f35b42a42c5e2511bbd282959d6385cc","name":"CL","image":{"@type":"ImageObject","inLanguage":"fr-FR","@id":"https:\/\/secure.gravatar.com\/avatar\/1447a49909b67aa657c488aec6512e1dd6143a480c1ecfee9b5b5cd74eb3b59e?s=96&d=mm&r=g","url":"https:\/\/secure.gravatar.com\/avatar\/1447a49909b67aa657c488aec6512e1dd6143a480c1ecfee9b5b5cd74eb3b59e?s=96&d=mm&r=g","contentUrl":"https:\/\/secure.gravatar.com\/avatar\/1447a49909b67aa657c488aec6512e1dd6143a480c1ecfee9b5b5cd74eb3b59e?s=96&d=mm&r=g","caption":"CL"},"url":"https:\/\/www.webdo.tn\/fr\/actualite\/author\/cl\/"}]}},"_links":{"self":[{"href":"https:\/\/www.webdo.tn\/fr\/wp-json\/wp\/v2\/posts\/202570","targetHints":{"allow":["GET"]}}],"collection":[{"href":"https:\/\/www.webdo.tn\/fr\/wp-json\/wp\/v2\/posts"}],"about":[{"href":"https:\/\/www.webdo.tn\/fr\/wp-json\/wp\/v2\/types\/post"}],"author":[{"embeddable":true,"href":"https:\/\/www.webdo.tn\/fr\/wp-json\/wp\/v2\/users\/3175"}],"replies":[{"embeddable":true,"href":"https:\/\/www.webdo.tn\/fr\/wp-json\/wp\/v2\/comments?post=202570"}],"version-history":[{"count":0,"href":"https:\/\/www.webdo.tn\/fr\/wp-json\/wp\/v2\/posts\/202570\/revisions"}],"wp:featuredmedia":[{"embeddable":true,"href":"https:\/\/www.webdo.tn\/fr\/wp-json\/wp\/v2\/media\/277710"}],"wp:attachment":[{"href":"https:\/\/www.webdo.tn\/fr\/wp-json\/wp\/v2\/media?parent=202570"}],"wp:term":[{"taxonomy":"category","embeddable":true,"href":"https:\/\/www.webdo.tn\/fr\/wp-json\/wp\/v2\/categories?post=202570"},{"taxonomy":"post_tag","embeddable":true,"href":"https:\/\/www.webdo.tn\/fr\/wp-json\/wp\/v2\/tags?post=202570"}],"curies":[{"name":"wp","href":"https:\/\/api.w.org\/{rel}","templated":true}]}}