{"id":202569,"date":"2023-02-03T18:05:00","date_gmt":"2023-02-03T18:05:00","guid":{"rendered":"https:\/\/www.webdo.tn\/fr\/blog\/inauguration-de-l-autoroute-gabes-ras-jedir-saied-promet-d-autres-projets\/202569\/"},"modified":"2025-05-20T22:48:56","modified_gmt":"2025-05-20T22:48:56","slug":"inauguration-de-l-autoroute-gabes-ras-jedir-saied-promet-d-autres-projets","status":"publish","type":"post","link":"https:\/\/www.webdo.tn\/fr\/actualite\/national\/inauguration-de-l-autoroute-gabes-ras-jedir-saied-promet-d-autres-projets\/202569\/","title":{"rendered":"Inauguration de l&rsquo;autoroute Gabes-Ras Jedir, Saied promet d\u2019autres projets"},"content":{"rendered":"<p>Le pr\u00e9sident de la R\u00e9publique Kais Saied a inaugur\u00e9, vendredi 3 f\u00e9vrier 2023, \u00e0 la d\u00e9l\u00e9gation de Mareth (Gouvernorat de Gab\u00e8s), l&rsquo;autoroute A1 reliant Gabes-Ras Jedir, qui s&rsquo;\u00e9tend sur 176 kilom\u00e8tres.<\/p>\n<p>\t\t\t\t\t\t\t\t\tD&rsquo;un co\u00fbt de 1,250 milliard de dinars, ce projet porte sur neuf tron\u00e7ons dont quatre reliant Gab\u00e8s et M\u00e9denine sur une longueur de 84 km.<br \/>\nCe projet comprend des passages sup\u00e9rieurs, des grands ouvrages hydrauliques, des \u00e9changeurs et des stations de service.<\/p>\n<p>Le projet vise, \u00e9galement, \u00e0 favoriser une liaison avec l&rsquo;autoroute Trans maghr\u00e9bine qui devrait traverser la Mauritanie, le Maroc, l&rsquo;Alg\u00e9rie, la Tunisie et la Libye.<br \/>\nIl s&rsquo;agit,\u00e9galement, de d\u00e9velopper l&rsquo;activit\u00e9 \u00e9conomique, de booster l&rsquo;investissement et de relier la capitale Tunis, les r\u00e9gions du sud-est et de l&rsquo;int\u00e9rieur aux r\u00e9gions c\u00f4ti\u00e8res du pays, outre l&rsquo;am\u00e9lioration du flux de circulation et la s\u00e9curit\u00e9 des usagers de la route.<\/p>\n<p>Saied a mis l&rsquo;accent dans ce cadre sur l&rsquo;importance de cette route, programm\u00e9e depuis les ann\u00e9es 70, qui ne manquera pas de rapprocher la distance pour les gouvernorats du sud-est.<\/p>\n<p>Et d&rsquo;ajouter que cette route repr\u00e9sente la pierre angulaire du projet de l&rsquo;autoroute Trans maghr\u00e9bine et la route transsaharienne qui reliera l&rsquo;Afrique du Nord \u00e0 son sud.<\/p>\n","protected":false},"excerpt":{"rendered":"<p>Le pr\u00e9sident de la R\u00e9publique Kais Saied a inaugur\u00e9, vendredi 3 f\u00e9vrier 2023, \u00e0 la d\u00e9l\u00e9gation de Mareth (Gouvernorat de Gab\u00e8s), l&rsquo;autoroute A1 reliant Gabes-Ras&#8230;<\/p>\n","protected":false},"author":3175,"featured_media":277709,"comment_status":"open","ping_status":"closed","sticky":false,"template":"","format":"standard","meta":{"footnotes":""},"categories":[44],"tags":[4163,3418,2608],"class_list":["post-202569","post","type-post","status-publish","format-standard","has-post-thumbnail","hentry","category-national","tag-autoroute","tag-saied","tag-tunisie"],"yoast_head":"<!-- This site is optimized with the Yoast SEO Premium plugin v27.5 (Yoast SEO v27.5) - https:\/\/yoast.com\/product\/yoast-seo-premium-wordpress\/ -->\n<title>Inauguration de l&#039;autoroute Gabes-Ras Jedir, Saied promet d\u2019autres projets<\/title>\n<meta name=\"description\" content=\"Le pr\u00e9sident de la R\u00e9publique Kais Saied a inaugur\u00e9, vendredi 3 f\u00e9vrier 2023, \u00e0 la d\u00e9l\u00e9gation de Mareth (Gouvernorat de Gab\u00e8s), l&#039;autoroute A1 reliant Gabes-Ras...\" \/>\n<link rel=\"canonical\" href=\"https:\/\/www.webdo.tn\/fr\/actualite\/national\/inauguration-de-l-autoroute-gabes-ras-jedir-saied-promet-d-autres-projets\/202569\/\" \/>\n<meta property=\"og:locale\" content=\"fr_FR\" \/>\n<meta property=\"og:type\" content=\"article\" \/>\n<meta property=\"og:title\" content=\"Inauguration de l&#039;autoroute Gabes-Ras Jedir, Saied promet d\u2019autres projets\" \/>\n<meta property=\"og:description\" content=\"Le pr\u00e9sident de la R\u00e9publique Kais Saied a inaugur\u00e9, vendredi 3 f\u00e9vrier 2023, \u00e0 la d\u00e9l\u00e9gation de Mareth (Gouvernorat de Gab\u00e8s), l&#039;autoroute A1 reliant Gabes-Ras...\" \/>\n<meta property=\"og:url\" content=\"https:\/\/www.webdo.tn\/fr\/actualite\/national\/inauguration-de-l-autoroute-gabes-ras-jedir-saied-promet-d-autres-projets\/202569\/\" \/>\n<meta property=\"og:site_name\" content=\"webdo\" \/>\n<meta property=\"article:publisher\" content=\"https:\/\/www.facebook.com\/webdotn\" \/>\n<meta property=\"article:published_time\" content=\"2023-02-03T18:05:00+00:00\" \/>\n<meta property=\"article:modified_time\" content=\"2025-05-20T22:48:56+00:00\" \/>\n<meta property=\"og:image\" content=\"https:\/\/www.webdo.tn\/fr\/wp-content\/uploads\/2023\/02\/01f56ba1d9348f8886ddb49d90be1bec.jpg\" \/>\n\t<meta property=\"og:image:width\" content=\"750\" \/>\n\t<meta property=\"og:image:height\" content=\"400\" \/>\n\t<meta property=\"og:image:type\" content=\"image\/jpeg\" \/>\n<meta name=\"author\" content=\"CL\" \/>\n<meta name=\"twitter:card\" content=\"summary_large_image\" \/>\n<meta name=\"twitter:creator\" content=\"@webdo_tn\" \/>\n<meta name=\"twitter:site\" content=\"@webdo_tn\" \/>\n<meta name=\"twitter:label1\" content=\"\u00c9crit par\" \/>\n\t<meta name=\"twitter:data1\" content=\"CL\" \/>\n\t<meta name=\"twitter:label2\" content=\"Dur\u00e9e de lecture estim\u00e9e\" \/>\n\t<meta name=\"twitter:data2\" content=\"1 minute\" \/>\n<script type=\"application\/ld+json\" class=\"yoast-schema-graph\">{\"@context\":\"https:\\\/\\\/schema.org\",\"@graph\":[{\"@type\":\"NewsArticle\",\"@id\":\"https:\\\/\\\/www.webdo.tn\\\/fr\\\/actualite\\\/national\\\/inauguration-de-l-autoroute-gabes-ras-jedir-saied-promet-d-autres-projets\\\/202569\\\/#article\",\"isPartOf\":{\"@id\":\"https:\\\/\\\/www.webdo.tn\\\/fr\\\/actualite\\\/national\\\/inauguration-de-l-autoroute-gabes-ras-jedir-saied-promet-d-autres-projets\\\/202569\\\/\"},\"author\":{\"name\":\"CL\",\"@id\":\"https:\\\/\\\/www.webdo.tn\\\/fr\\\/#\\\/schema\\\/person\\\/f35b42a42c5e2511bbd282959d6385cc\"},\"headline\":\"Inauguration de l&rsquo;autoroute Gabes-Ras Jedir, Saied promet d\u2019autres projets\",\"datePublished\":\"2023-02-03T18:05:00+00:00\",\"dateModified\":\"2025-05-20T22:48:56+00:00\",\"mainEntityOfPage\":{\"@id\":\"https:\\\/\\\/www.webdo.tn\\\/fr\\\/actualite\\\/national\\\/inauguration-de-l-autoroute-gabes-ras-jedir-saied-promet-d-autres-projets\\\/202569\\\/\"},\"wordCount\":240,\"commentCount\":0,\"publisher\":{\"@id\":\"https:\\\/\\\/www.webdo.tn\\\/fr\\\/#organization\"},\"image\":{\"@id\":\"https:\\\/\\\/www.webdo.tn\\\/fr\\\/actualite\\\/national\\\/inauguration-de-l-autoroute-gabes-ras-jedir-saied-promet-d-autres-projets\\\/202569\\\/#primaryimage\"},\"thumbnailUrl\":\"https:\\\/\\\/www.webdo.tn\\\/fr\\\/wp-content\\\/uploads\\\/2023\\\/02\\\/01f56ba1d9348f8886ddb49d90be1bec.jpg\",\"keywords\":[\"Autoroute\",\"Saied\",\"Tunisie\"],\"articleSection\":[\"National\"],\"inLanguage\":\"fr-FR\"},{\"@type\":\"WebPage\",\"@id\":\"https:\\\/\\\/www.webdo.tn\\\/fr\\\/actualite\\\/national\\\/inauguration-de-l-autoroute-gabes-ras-jedir-saied-promet-d-autres-projets\\\/202569\\\/\",\"url\":\"https:\\\/\\\/www.webdo.tn\\\/fr\\\/actualite\\\/national\\\/inauguration-de-l-autoroute-gabes-ras-jedir-saied-promet-d-autres-projets\\\/202569\\\/\",\"name\":\"Inauguration de l'autoroute Gabes-Ras Jedir, Saied promet d\u2019autres projets\",\"isPartOf\":{\"@id\":\"https:\\\/\\\/www.webdo.tn\\\/fr\\\/#website\"},\"primaryImageOfPage\":{\"@id\":\"https:\\\/\\\/www.webdo.tn\\\/fr\\\/actualite\\\/national\\\/inauguration-de-l-autoroute-gabes-ras-jedir-saied-promet-d-autres-projets\\\/202569\\\/#primaryimage\"},\"image\":{\"@id\":\"https:\\\/\\\/www.webdo.tn\\\/fr\\\/actualite\\\/national\\\/inauguration-de-l-autoroute-gabes-ras-jedir-saied-promet-d-autres-projets\\\/202569\\\/#primaryimage\"},\"thumbnailUrl\":\"https:\\\/\\\/www.webdo.tn\\\/fr\\\/wp-content\\\/uploads\\\/2023\\\/02\\\/01f56ba1d9348f8886ddb49d90be1bec.jpg\",\"datePublished\":\"2023-02-03T18:05:00+00:00\",\"dateModified\":\"2025-05-20T22:48:56+00:00\",\"description\":\"Le pr\u00e9sident de la R\u00e9publique Kais Saied a inaugur\u00e9, vendredi 3 f\u00e9vrier 2023, \u00e0 la d\u00e9l\u00e9gation de Mareth (Gouvernorat de Gab\u00e8s), l'autoroute A1 reliant Gabes-Ras...\",\"breadcrumb\":{\"@id\":\"https:\\\/\\\/www.webdo.tn\\\/fr\\\/actualite\\\/national\\\/inauguration-de-l-autoroute-gabes-ras-jedir-saied-promet-d-autres-projets\\\/202569\\\/#breadcrumb\"},\"inLanguage\":\"fr-FR\",\"potentialAction\":[{\"@type\":\"ReadAction\",\"target\":[\"https:\\\/\\\/www.webdo.tn\\\/fr\\\/actualite\\\/national\\\/inauguration-de-l-autoroute-gabes-ras-jedir-saied-promet-d-autres-projets\\\/202569\\\/\"]}]},{\"@type\":\"ImageObject\",\"inLanguage\":\"fr-FR\",\"@id\":\"https:\\\/\\\/www.webdo.tn\\\/fr\\\/actualite\\\/national\\\/inauguration-de-l-autoroute-gabes-ras-jedir-saied-promet-d-autres-projets\\\/202569\\\/#primaryimage\",\"url\":\"https:\\\/\\\/www.webdo.tn\\\/fr\\\/wp-content\\\/uploads\\\/2023\\\/02\\\/01f56ba1d9348f8886ddb49d90be1bec.jpg\",\"contentUrl\":\"https:\\\/\\\/www.webdo.tn\\\/fr\\\/wp-content\\\/uploads\\\/2023\\\/02\\\/01f56ba1d9348f8886ddb49d90be1bec.jpg\",\"width\":750,\"height\":400,\"caption\":\"Saied\"},{\"@type\":\"BreadcrumbList\",\"@id\":\"https:\\\/\\\/www.webdo.tn\\\/fr\\\/actualite\\\/national\\\/inauguration-de-l-autoroute-gabes-ras-jedir-saied-promet-d-autres-projets\\\/202569\\\/#breadcrumb\",\"itemListElement\":[{\"@type\":\"ListItem\",\"position\":1,\"name\":\"Accueil\",\"item\":\"https:\\\/\\\/www.webdo.tn\\\/fr\\\/\"},{\"@type\":\"ListItem\",\"position\":2,\"name\":\"Inauguration de l&rsquo;autoroute Gabes-Ras Jedir, Saied promet d\u2019autres projets\"}]},{\"@type\":\"WebSite\",\"@id\":\"https:\\\/\\\/www.webdo.tn\\\/fr\\\/#website\",\"url\":\"https:\\\/\\\/www.webdo.tn\\\/fr\\\/\",\"name\":\"webdo\",\"description\":\"Tunisie - News en Tunisie et \u00e0 l&#039;international sur Webdo.tn\",\"publisher\":{\"@id\":\"https:\\\/\\\/www.webdo.tn\\\/fr\\\/#organization\"},\"potentialAction\":[{\"@type\":\"SearchAction\",\"target\":{\"@type\":\"EntryPoint\",\"urlTemplate\":\"https:\\\/\\\/www.webdo.tn\\\/fr\\\/?s={search_term_string}\"},\"query-input\":{\"@type\":\"PropertyValueSpecification\",\"valueRequired\":true,\"valueName\":\"search_term_string\"}}],\"inLanguage\":\"fr-FR\"},{\"@type\":\"Organization\",\"@id\":\"https:\\\/\\\/www.webdo.tn\\\/fr\\\/#organization\",\"name\":\"Webdo\",\"alternateName\":\"Webdo.tn\",\"url\":\"https:\\\/\\\/www.webdo.tn\\\/fr\\\/\",\"logo\":{\"@type\":\"ImageObject\",\"inLanguage\":\"fr-FR\",\"@id\":\"https:\\\/\\\/www.webdo.tn\\\/fr\\\/#\\\/schema\\\/logo\\\/image\\\/\",\"url\":\"https:\\\/\\\/www.webdo.tn\\\/fr\\\/wp-content\\\/uploads\\\/2025\\\/06\\\/Webdo-Tunisie_168377.jpg\",\"contentUrl\":\"https:\\\/\\\/www.webdo.tn\\\/fr\\\/wp-content\\\/uploads\\\/2025\\\/06\\\/Webdo-Tunisie_168377.jpg\",\"width\":301,\"height\":301,\"caption\":\"Webdo\"},\"image\":{\"@id\":\"https:\\\/\\\/www.webdo.tn\\\/fr\\\/#\\\/schema\\\/logo\\\/image\\\/\"},\"sameAs\":[\"https:\\\/\\\/www.facebook.com\\\/webdotn\",\"https:\\\/\\\/x.com\\\/webdo_tn\"],\"description\":\"Webdo est un m\u00e9dia num\u00e9rique tunisien fond\u00e9 en 2010, sp\u00e9cialis\u00e9 dans l\u2019actualit\u00e9 nationale et internationale, l\u2019\u00e9conomie, la soci\u00e9t\u00e9 et les analyses politiques. Le site s\u2019adresse \u00e0 un large public francophone et couvre l\u2019information tunisienne en temps r\u00e9el.\",\"email\":\"redac@webdo.tn\",\"legalName\":\"YNJ SARL\",\"foundingDate\":\"2010-09-06\",\"numberOfEmployees\":{\"@type\":\"QuantitativeValue\",\"minValue\":\"11\",\"maxValue\":\"50\"}},{\"@type\":\"Person\",\"@id\":\"https:\\\/\\\/www.webdo.tn\\\/fr\\\/#\\\/schema\\\/person\\\/f35b42a42c5e2511bbd282959d6385cc\",\"name\":\"CL\",\"image\":{\"@type\":\"ImageObject\",\"inLanguage\":\"fr-FR\",\"@id\":\"https:\\\/\\\/secure.gravatar.com\\\/avatar\\\/1447a49909b67aa657c488aec6512e1dd6143a480c1ecfee9b5b5cd74eb3b59e?s=96&d=mm&r=g\",\"url\":\"https:\\\/\\\/secure.gravatar.com\\\/avatar\\\/1447a49909b67aa657c488aec6512e1dd6143a480c1ecfee9b5b5cd74eb3b59e?s=96&d=mm&r=g\",\"contentUrl\":\"https:\\\/\\\/secure.gravatar.com\\\/avatar\\\/1447a49909b67aa657c488aec6512e1dd6143a480c1ecfee9b5b5cd74eb3b59e?s=96&d=mm&r=g\",\"caption\":\"CL\"},\"url\":\"https:\\\/\\\/www.webdo.tn\\\/fr\\\/actualite\\\/author\\\/cl\\\/\"}]}<\/script>\n<!-- \/ Yoast SEO Premium plugin. -->","yoast_head_json":{"title":"Inauguration de l'autoroute Gabes-Ras Jedir, Saied promet d\u2019autres projets","description":"Le pr\u00e9sident de la R\u00e9publique Kais Saied a inaugur\u00e9, vendredi 3 f\u00e9vrier 2023, \u00e0 la d\u00e9l\u00e9gation de Mareth (Gouvernorat de Gab\u00e8s), l'autoroute A1 reliant Gabes-Ras...","canonical":"https:\/\/www.webdo.tn\/fr\/actualite\/national\/inauguration-de-l-autoroute-gabes-ras-jedir-saied-promet-d-autres-projets\/202569\/","og_locale":"fr_FR","og_type":"article","og_title":"Inauguration de l'autoroute Gabes-Ras Jedir, Saied promet d\u2019autres projets","og_description":"Le pr\u00e9sident de la R\u00e9publique Kais Saied a inaugur\u00e9, vendredi 3 f\u00e9vrier 2023, \u00e0 la d\u00e9l\u00e9gation de Mareth (Gouvernorat de Gab\u00e8s), l'autoroute A1 reliant Gabes-Ras...","og_url":"https:\/\/www.webdo.tn\/fr\/actualite\/national\/inauguration-de-l-autoroute-gabes-ras-jedir-saied-promet-d-autres-projets\/202569\/","og_site_name":"webdo","article_publisher":"https:\/\/www.facebook.com\/webdotn","article_published_time":"2023-02-03T18:05:00+00:00","article_modified_time":"2025-05-20T22:48:56+00:00","og_image":[{"width":750,"height":400,"url":"https:\/\/www.webdo.tn\/fr\/wp-content\/uploads\/2023\/02\/01f56ba1d9348f8886ddb49d90be1bec.jpg","type":"image\/jpeg"}],"author":"CL","twitter_card":"summary_large_image","twitter_creator":"@webdo_tn","twitter_site":"@webdo_tn","twitter_misc":{"\u00c9crit par":"CL","Dur\u00e9e de lecture estim\u00e9e":"1 minute"},"schema":{"@context":"https:\/\/schema.org","@graph":[{"@type":"NewsArticle","@id":"https:\/\/www.webdo.tn\/fr\/actualite\/national\/inauguration-de-l-autoroute-gabes-ras-jedir-saied-promet-d-autres-projets\/202569\/#article","isPartOf":{"@id":"https:\/\/www.webdo.tn\/fr\/actualite\/national\/inauguration-de-l-autoroute-gabes-ras-jedir-saied-promet-d-autres-projets\/202569\/"},"author":{"name":"CL","@id":"https:\/\/www.webdo.tn\/fr\/#\/schema\/person\/f35b42a42c5e2511bbd282959d6385cc"},"headline":"Inauguration de l&rsquo;autoroute Gabes-Ras Jedir, Saied promet d\u2019autres projets","datePublished":"2023-02-03T18:05:00+00:00","dateModified":"2025-05-20T22:48:56+00:00","mainEntityOfPage":{"@id":"https:\/\/www.webdo.tn\/fr\/actualite\/national\/inauguration-de-l-autoroute-gabes-ras-jedir-saied-promet-d-autres-projets\/202569\/"},"wordCount":240,"commentCount":0,"publisher":{"@id":"https:\/\/www.webdo.tn\/fr\/#organization"},"image":{"@id":"https:\/\/www.webdo.tn\/fr\/actualite\/national\/inauguration-de-l-autoroute-gabes-ras-jedir-saied-promet-d-autres-projets\/202569\/#primaryimage"},"thumbnailUrl":"https:\/\/www.webdo.tn\/fr\/wp-content\/uploads\/2023\/02\/01f56ba1d9348f8886ddb49d90be1bec.jpg","keywords":["Autoroute","Saied","Tunisie"],"articleSection":["National"],"inLanguage":"fr-FR"},{"@type":"WebPage","@id":"https:\/\/www.webdo.tn\/fr\/actualite\/national\/inauguration-de-l-autoroute-gabes-ras-jedir-saied-promet-d-autres-projets\/202569\/","url":"https:\/\/www.webdo.tn\/fr\/actualite\/national\/inauguration-de-l-autoroute-gabes-ras-jedir-saied-promet-d-autres-projets\/202569\/","name":"Inauguration de l'autoroute Gabes-Ras Jedir, Saied promet d\u2019autres projets","isPartOf":{"@id":"https:\/\/www.webdo.tn\/fr\/#website"},"primaryImageOfPage":{"@id":"https:\/\/www.webdo.tn\/fr\/actualite\/national\/inauguration-de-l-autoroute-gabes-ras-jedir-saied-promet-d-autres-projets\/202569\/#primaryimage"},"image":{"@id":"https:\/\/www.webdo.tn\/fr\/actualite\/national\/inauguration-de-l-autoroute-gabes-ras-jedir-saied-promet-d-autres-projets\/202569\/#primaryimage"},"thumbnailUrl":"https:\/\/www.webdo.tn\/fr\/wp-content\/uploads\/2023\/02\/01f56ba1d9348f8886ddb49d90be1bec.jpg","datePublished":"2023-02-03T18:05:00+00:00","dateModified":"2025-05-20T22:48:56+00:00","description":"Le pr\u00e9sident de la R\u00e9publique Kais Saied a inaugur\u00e9, vendredi 3 f\u00e9vrier 2023, \u00e0 la d\u00e9l\u00e9gation de Mareth (Gouvernorat de Gab\u00e8s), l'autoroute A1 reliant Gabes-Ras...","breadcrumb":{"@id":"https:\/\/www.webdo.tn\/fr\/actualite\/national\/inauguration-de-l-autoroute-gabes-ras-jedir-saied-promet-d-autres-projets\/202569\/#breadcrumb"},"inLanguage":"fr-FR","potentialAction":[{"@type":"ReadAction","target":["https:\/\/www.webdo.tn\/fr\/actualite\/national\/inauguration-de-l-autoroute-gabes-ras-jedir-saied-promet-d-autres-projets\/202569\/"]}]},{"@type":"ImageObject","inLanguage":"fr-FR","@id":"https:\/\/www.webdo.tn\/fr\/actualite\/national\/inauguration-de-l-autoroute-gabes-ras-jedir-saied-promet-d-autres-projets\/202569\/#primaryimage","url":"https:\/\/www.webdo.tn\/fr\/wp-content\/uploads\/2023\/02\/01f56ba1d9348f8886ddb49d90be1bec.jpg","contentUrl":"https:\/\/www.webdo.tn\/fr\/wp-content\/uploads\/2023\/02\/01f56ba1d9348f8886ddb49d90be1bec.jpg","width":750,"height":400,"caption":"Saied"},{"@type":"BreadcrumbList","@id":"https:\/\/www.webdo.tn\/fr\/actualite\/national\/inauguration-de-l-autoroute-gabes-ras-jedir-saied-promet-d-autres-projets\/202569\/#breadcrumb","itemListElement":[{"@type":"ListItem","position":1,"name":"Accueil","item":"https:\/\/www.webdo.tn\/fr\/"},{"@type":"ListItem","position":2,"name":"Inauguration de l&rsquo;autoroute Gabes-Ras Jedir, Saied promet d\u2019autres projets"}]},{"@type":"WebSite","@id":"https:\/\/www.webdo.tn\/fr\/#website","url":"https:\/\/www.webdo.tn\/fr\/","name":"webdo","description":"Tunisie - News en Tunisie et \u00e0 l&#039;international sur Webdo.tn","publisher":{"@id":"https:\/\/www.webdo.tn\/fr\/#organization"},"potentialAction":[{"@type":"SearchAction","target":{"@type":"EntryPoint","urlTemplate":"https:\/\/www.webdo.tn\/fr\/?s={search_term_string}"},"query-input":{"@type":"PropertyValueSpecification","valueRequired":true,"valueName":"search_term_string"}}],"inLanguage":"fr-FR"},{"@type":"Organization","@id":"https:\/\/www.webdo.tn\/fr\/#organization","name":"Webdo","alternateName":"Webdo.tn","url":"https:\/\/www.webdo.tn\/fr\/","logo":{"@type":"ImageObject","inLanguage":"fr-FR","@id":"https:\/\/www.webdo.tn\/fr\/#\/schema\/logo\/image\/","url":"https:\/\/www.webdo.tn\/fr\/wp-content\/uploads\/2025\/06\/Webdo-Tunisie_168377.jpg","contentUrl":"https:\/\/www.webdo.tn\/fr\/wp-content\/uploads\/2025\/06\/Webdo-Tunisie_168377.jpg","width":301,"height":301,"caption":"Webdo"},"image":{"@id":"https:\/\/www.webdo.tn\/fr\/#\/schema\/logo\/image\/"},"sameAs":["https:\/\/www.facebook.com\/webdotn","https:\/\/x.com\/webdo_tn"],"description":"Webdo est un m\u00e9dia num\u00e9rique tunisien fond\u00e9 en 2010, sp\u00e9cialis\u00e9 dans l\u2019actualit\u00e9 nationale et internationale, l\u2019\u00e9conomie, la soci\u00e9t\u00e9 et les analyses politiques. Le site s\u2019adresse \u00e0 un large public francophone et couvre l\u2019information tunisienne en temps r\u00e9el.","email":"redac@webdo.tn","legalName":"YNJ SARL","foundingDate":"2010-09-06","numberOfEmployees":{"@type":"QuantitativeValue","minValue":"11","maxValue":"50"}},{"@type":"Person","@id":"https:\/\/www.webdo.tn\/fr\/#\/schema\/person\/f35b42a42c5e2511bbd282959d6385cc","name":"CL","image":{"@type":"ImageObject","inLanguage":"fr-FR","@id":"https:\/\/secure.gravatar.com\/avatar\/1447a49909b67aa657c488aec6512e1dd6143a480c1ecfee9b5b5cd74eb3b59e?s=96&d=mm&r=g","url":"https:\/\/secure.gravatar.com\/avatar\/1447a49909b67aa657c488aec6512e1dd6143a480c1ecfee9b5b5cd74eb3b59e?s=96&d=mm&r=g","contentUrl":"https:\/\/secure.gravatar.com\/avatar\/1447a49909b67aa657c488aec6512e1dd6143a480c1ecfee9b5b5cd74eb3b59e?s=96&d=mm&r=g","caption":"CL"},"url":"https:\/\/www.webdo.tn\/fr\/actualite\/author\/cl\/"}]}},"_links":{"self":[{"href":"https:\/\/www.webdo.tn\/fr\/wp-json\/wp\/v2\/posts\/202569","targetHints":{"allow":["GET"]}}],"collection":[{"href":"https:\/\/www.webdo.tn\/fr\/wp-json\/wp\/v2\/posts"}],"about":[{"href":"https:\/\/www.webdo.tn\/fr\/wp-json\/wp\/v2\/types\/post"}],"author":[{"embeddable":true,"href":"https:\/\/www.webdo.tn\/fr\/wp-json\/wp\/v2\/users\/3175"}],"replies":[{"embeddable":true,"href":"https:\/\/www.webdo.tn\/fr\/wp-json\/wp\/v2\/comments?post=202569"}],"version-history":[{"count":0,"href":"https:\/\/www.webdo.tn\/fr\/wp-json\/wp\/v2\/posts\/202569\/revisions"}],"wp:featuredmedia":[{"embeddable":true,"href":"https:\/\/www.webdo.tn\/fr\/wp-json\/wp\/v2\/media\/277709"}],"wp:attachment":[{"href":"https:\/\/www.webdo.tn\/fr\/wp-json\/wp\/v2\/media?parent=202569"}],"wp:term":[{"taxonomy":"category","embeddable":true,"href":"https:\/\/www.webdo.tn\/fr\/wp-json\/wp\/v2\/categories?post=202569"},{"taxonomy":"post_tag","embeddable":true,"href":"https:\/\/www.webdo.tn\/fr\/wp-json\/wp\/v2\/tags?post=202569"}],"curies":[{"name":"wp","href":"https:\/\/api.w.org\/{rel}","templated":true}]}}