{"id":202555,"date":"2023-02-03T12:51:00","date_gmt":"2023-02-03T12:51:00","guid":{"rendered":"https:\/\/www.webdo.tn\/fr\/actualite\/blog\/100-kg-de-drogue-saisis-au-port-de-la-goulette\/202555\/"},"modified":"2025-06-04T18:07:06","modified_gmt":"2025-06-04T18:07:06","slug":"100-kg-de-drogue-saisis-au-port-de-la-goulette","status":"publish","type":"post","link":"https:\/\/www.webdo.tn\/fr\/actualite\/national\/100-kg-de-drogue-saisis-au-port-de-la-goulette\/202555\/","title":{"rendered":"100 kg de drogue saisis au port de la Goulette"},"content":{"rendered":"<p>Les unit\u00e9s relevant de la police des fronti\u00e8res du port de la en collaboration avec les services de la douane ont arr\u00eat\u00e9, hier jeudi 2 f\u00e9vrier, un passager en provenance d&rsquo;un pays europ\u00e9en et saisi son v\u00e9hicule au sein duquel \u00e9taient dissimul\u00e9s 100 kg de drogue.<\/p>\n<p> Le passager en question avait effectu\u00e9 des changements au niveau de la carrosserie de son v\u00e9hicule pour pouvoir y cacher la drogue, rapporte ce vendredi 3 f\u00e9vrier, le minist\u00e8re de l\u2019Int\u00e9rieur, dans un communiqu\u00e9.<\/p>\n<p>Cette op\u00e9ration est intervenue \u00e0 l\u2019issue d\u2019informations parvenues \u00e0 la police des fronti\u00e8res et des ports de Tunis et de la Goulette, sur l\u2019intention d\u2019une personne de proc\u00e9der \u00e0 un trafic de drogue, via le port de la Goulette.<\/p>\n<p>Le parquet a ordonn\u00e9 de placer le passager en garde \u00e0 vue, de saisir la drogue et de poursuivre les investigations.<\/p>\n","protected":false},"excerpt":{"rendered":"<p>Les unit\u00e9s relevant de la police des fronti\u00e8res du port de la en collaboration avec les services de la douane ont arr\u00eat\u00e9, hier jeudi 2 f\u00e9vrier, un passager en p&#8230;<\/p>\n","protected":false},"author":3162,"featured_media":348183,"comment_status":"open","ping_status":"closed","sticky":false,"template":"","format":"standard","meta":{"footnotes":""},"categories":[44],"tags":[2644,3958,3613],"class_list":["post-202555","post","type-post","status-publish","format-standard","has-post-thumbnail","hentry","category-national","tag-drogue","tag-la-goulette","tag-saisie"],"yoast_head":"<!-- This site is optimized with the Yoast SEO Premium plugin v27.5 (Yoast SEO v27.5) - https:\/\/yoast.com\/product\/yoast-seo-premium-wordpress\/ -->\n<title>100 kg de drogue saisis au port de la Goulette<\/title>\n<meta name=\"description\" content=\"Les unit\u00e9s relevant de la police des fronti\u00e8res du port de la en collaboration avec les services de la douane ont arr\u00eat\u00e9, hier jeudi 2 f\u00e9vrier, un passager en p...\" \/>\n<link rel=\"canonical\" href=\"https:\/\/www.webdo.tn\/fr\/actualite\/national\/100-kg-de-drogue-saisis-au-port-de-la-goulette\/202555\/\" \/>\n<meta property=\"og:locale\" content=\"fr_FR\" \/>\n<meta property=\"og:type\" content=\"article\" \/>\n<meta property=\"og:title\" content=\"100 kg de drogue saisis au port de la Goulette\" \/>\n<meta property=\"og:description\" content=\"Les unit\u00e9s relevant de la police des fronti\u00e8res du port de la en collaboration avec les services de la douane ont arr\u00eat\u00e9, hier jeudi 2 f\u00e9vrier, un passager en p...\" \/>\n<meta property=\"og:url\" content=\"https:\/\/www.webdo.tn\/fr\/actualite\/national\/100-kg-de-drogue-saisis-au-port-de-la-goulette\/202555\/\" \/>\n<meta property=\"og:site_name\" content=\"webdo\" \/>\n<meta property=\"article:publisher\" content=\"https:\/\/www.facebook.com\/webdotn\" \/>\n<meta property=\"article:published_time\" content=\"2023-02-03T12:51:00+00:00\" \/>\n<meta property=\"article:modified_time\" content=\"2025-06-04T18:07:06+00:00\" \/>\n<meta property=\"og:image\" content=\"https:\/\/www.webdo.tn\/fr\/wp-content\/uploads\/2023\/02\/bc87d89629c69454aa69989ab2347def.jpg\" \/>\n\t<meta property=\"og:image:width\" content=\"733\" \/>\n\t<meta property=\"og:image:height\" content=\"391\" \/>\n\t<meta property=\"og:image:type\" content=\"image\/jpeg\" \/>\n<meta name=\"author\" content=\"MC\" \/>\n<meta name=\"twitter:card\" content=\"summary_large_image\" \/>\n<meta name=\"twitter:creator\" content=\"@webdo_tn\" \/>\n<meta name=\"twitter:site\" content=\"@webdo_tn\" \/>\n<meta name=\"twitter:label1\" content=\"\u00c9crit par\" \/>\n\t<meta name=\"twitter:data1\" content=\"MC\" \/>\n\t<meta name=\"twitter:label2\" content=\"Dur\u00e9e de lecture estim\u00e9e\" \/>\n\t<meta name=\"twitter:data2\" content=\"1 minute\" \/>\n<script type=\"application\/ld+json\" class=\"yoast-schema-graph\">{\"@context\":\"https:\\\/\\\/schema.org\",\"@graph\":[{\"@type\":\"NewsArticle\",\"@id\":\"https:\\\/\\\/www.webdo.tn\\\/fr\\\/actualite\\\/national\\\/100-kg-de-drogue-saisis-au-port-de-la-goulette\\\/202555\\\/#article\",\"isPartOf\":{\"@id\":\"https:\\\/\\\/www.webdo.tn\\\/fr\\\/actualite\\\/national\\\/100-kg-de-drogue-saisis-au-port-de-la-goulette\\\/202555\\\/\"},\"author\":{\"name\":\"MC\",\"@id\":\"https:\\\/\\\/www.webdo.tn\\\/fr\\\/#\\\/schema\\\/person\\\/2c4929cbf5a809e3bd38617c6ce150f6\"},\"headline\":\"100 kg de drogue saisis au port de la Goulette\",\"datePublished\":\"2023-02-03T12:51:00+00:00\",\"dateModified\":\"2025-06-04T18:07:06+00:00\",\"mainEntityOfPage\":{\"@id\":\"https:\\\/\\\/www.webdo.tn\\\/fr\\\/actualite\\\/national\\\/100-kg-de-drogue-saisis-au-port-de-la-goulette\\\/202555\\\/\"},\"wordCount\":162,\"commentCount\":0,\"publisher\":{\"@id\":\"https:\\\/\\\/www.webdo.tn\\\/fr\\\/#organization\"},\"image\":{\"@id\":\"https:\\\/\\\/www.webdo.tn\\\/fr\\\/actualite\\\/national\\\/100-kg-de-drogue-saisis-au-port-de-la-goulette\\\/202555\\\/#primaryimage\"},\"thumbnailUrl\":\"https:\\\/\\\/www.webdo.tn\\\/fr\\\/wp-content\\\/uploads\\\/2023\\\/02\\\/bc87d89629c69454aa69989ab2347def.jpg\",\"keywords\":[\"drogue\",\"la goulette\",\"saisie\"],\"articleSection\":[\"National\"],\"inLanguage\":\"fr-FR\"},{\"@type\":\"WebPage\",\"@id\":\"https:\\\/\\\/www.webdo.tn\\\/fr\\\/actualite\\\/national\\\/100-kg-de-drogue-saisis-au-port-de-la-goulette\\\/202555\\\/\",\"url\":\"https:\\\/\\\/www.webdo.tn\\\/fr\\\/actualite\\\/national\\\/100-kg-de-drogue-saisis-au-port-de-la-goulette\\\/202555\\\/\",\"name\":\"100 kg de drogue saisis au port de la Goulette\",\"isPartOf\":{\"@id\":\"https:\\\/\\\/www.webdo.tn\\\/fr\\\/#website\"},\"primaryImageOfPage\":{\"@id\":\"https:\\\/\\\/www.webdo.tn\\\/fr\\\/actualite\\\/national\\\/100-kg-de-drogue-saisis-au-port-de-la-goulette\\\/202555\\\/#primaryimage\"},\"image\":{\"@id\":\"https:\\\/\\\/www.webdo.tn\\\/fr\\\/actualite\\\/national\\\/100-kg-de-drogue-saisis-au-port-de-la-goulette\\\/202555\\\/#primaryimage\"},\"thumbnailUrl\":\"https:\\\/\\\/www.webdo.tn\\\/fr\\\/wp-content\\\/uploads\\\/2023\\\/02\\\/bc87d89629c69454aa69989ab2347def.jpg\",\"datePublished\":\"2023-02-03T12:51:00+00:00\",\"dateModified\":\"2025-06-04T18:07:06+00:00\",\"description\":\"Les unit\u00e9s relevant de la police des fronti\u00e8res du port de la en collaboration avec les services de la douane ont arr\u00eat\u00e9, hier jeudi 2 f\u00e9vrier, un passager en p...\",\"breadcrumb\":{\"@id\":\"https:\\\/\\\/www.webdo.tn\\\/fr\\\/actualite\\\/national\\\/100-kg-de-drogue-saisis-au-port-de-la-goulette\\\/202555\\\/#breadcrumb\"},\"inLanguage\":\"fr-FR\",\"potentialAction\":[{\"@type\":\"ReadAction\",\"target\":[\"https:\\\/\\\/www.webdo.tn\\\/fr\\\/actualite\\\/national\\\/100-kg-de-drogue-saisis-au-port-de-la-goulette\\\/202555\\\/\"]}]},{\"@type\":\"ImageObject\",\"inLanguage\":\"fr-FR\",\"@id\":\"https:\\\/\\\/www.webdo.tn\\\/fr\\\/actualite\\\/national\\\/100-kg-de-drogue-saisis-au-port-de-la-goulette\\\/202555\\\/#primaryimage\",\"url\":\"https:\\\/\\\/www.webdo.tn\\\/fr\\\/wp-content\\\/uploads\\\/2023\\\/02\\\/bc87d89629c69454aa69989ab2347def.jpg\",\"contentUrl\":\"https:\\\/\\\/www.webdo.tn\\\/fr\\\/wp-content\\\/uploads\\\/2023\\\/02\\\/bc87d89629c69454aa69989ab2347def.jpg\",\"width\":733,\"height\":391,\"caption\":\"100 kg de drogue saisis au port de la Goulette\"},{\"@type\":\"BreadcrumbList\",\"@id\":\"https:\\\/\\\/www.webdo.tn\\\/fr\\\/actualite\\\/national\\\/100-kg-de-drogue-saisis-au-port-de-la-goulette\\\/202555\\\/#breadcrumb\",\"itemListElement\":[{\"@type\":\"ListItem\",\"position\":1,\"name\":\"Accueil\",\"item\":\"https:\\\/\\\/www.webdo.tn\\\/fr\\\/\"},{\"@type\":\"ListItem\",\"position\":2,\"name\":\"100 kg de drogue saisis au port de la Goulette\"}]},{\"@type\":\"WebSite\",\"@id\":\"https:\\\/\\\/www.webdo.tn\\\/fr\\\/#website\",\"url\":\"https:\\\/\\\/www.webdo.tn\\\/fr\\\/\",\"name\":\"webdo\",\"description\":\"Tunisie - News en Tunisie et \u00e0 l&#039;international sur Webdo.tn\",\"publisher\":{\"@id\":\"https:\\\/\\\/www.webdo.tn\\\/fr\\\/#organization\"},\"potentialAction\":[{\"@type\":\"SearchAction\",\"target\":{\"@type\":\"EntryPoint\",\"urlTemplate\":\"https:\\\/\\\/www.webdo.tn\\\/fr\\\/?s={search_term_string}\"},\"query-input\":{\"@type\":\"PropertyValueSpecification\",\"valueRequired\":true,\"valueName\":\"search_term_string\"}}],\"inLanguage\":\"fr-FR\"},{\"@type\":\"Organization\",\"@id\":\"https:\\\/\\\/www.webdo.tn\\\/fr\\\/#organization\",\"name\":\"Webdo\",\"alternateName\":\"Webdo.tn\",\"url\":\"https:\\\/\\\/www.webdo.tn\\\/fr\\\/\",\"logo\":{\"@type\":\"ImageObject\",\"inLanguage\":\"fr-FR\",\"@id\":\"https:\\\/\\\/www.webdo.tn\\\/fr\\\/#\\\/schema\\\/logo\\\/image\\\/\",\"url\":\"https:\\\/\\\/www.webdo.tn\\\/fr\\\/wp-content\\\/uploads\\\/2025\\\/06\\\/Webdo-Tunisie_168377.jpg\",\"contentUrl\":\"https:\\\/\\\/www.webdo.tn\\\/fr\\\/wp-content\\\/uploads\\\/2025\\\/06\\\/Webdo-Tunisie_168377.jpg\",\"width\":301,\"height\":301,\"caption\":\"Webdo\"},\"image\":{\"@id\":\"https:\\\/\\\/www.webdo.tn\\\/fr\\\/#\\\/schema\\\/logo\\\/image\\\/\"},\"sameAs\":[\"https:\\\/\\\/www.facebook.com\\\/webdotn\",\"https:\\\/\\\/x.com\\\/webdo_tn\"],\"description\":\"Webdo est un m\u00e9dia num\u00e9rique tunisien fond\u00e9 en 2010, sp\u00e9cialis\u00e9 dans l\u2019actualit\u00e9 nationale et internationale, l\u2019\u00e9conomie, la soci\u00e9t\u00e9 et les analyses politiques. Le site s\u2019adresse \u00e0 un large public francophone et couvre l\u2019information tunisienne en temps r\u00e9el.\",\"email\":\"redac@webdo.tn\",\"legalName\":\"YNJ SARL\",\"foundingDate\":\"2010-09-06\",\"numberOfEmployees\":{\"@type\":\"QuantitativeValue\",\"minValue\":\"11\",\"maxValue\":\"50\"}},{\"@type\":\"Person\",\"@id\":\"https:\\\/\\\/www.webdo.tn\\\/fr\\\/#\\\/schema\\\/person\\\/2c4929cbf5a809e3bd38617c6ce150f6\",\"name\":\"MC\",\"image\":{\"@type\":\"ImageObject\",\"inLanguage\":\"fr-FR\",\"@id\":\"https:\\\/\\\/secure.gravatar.com\\\/avatar\\\/a545bbb6f84efdd5553dbbc2895e3ca8f1d12c5215e00a041c9670b54aa9b18a?s=96&d=mm&r=g\",\"url\":\"https:\\\/\\\/secure.gravatar.com\\\/avatar\\\/a545bbb6f84efdd5553dbbc2895e3ca8f1d12c5215e00a041c9670b54aa9b18a?s=96&d=mm&r=g\",\"contentUrl\":\"https:\\\/\\\/secure.gravatar.com\\\/avatar\\\/a545bbb6f84efdd5553dbbc2895e3ca8f1d12c5215e00a041c9670b54aa9b18a?s=96&d=mm&r=g\",\"caption\":\"MC\"},\"url\":\"https:\\\/\\\/www.webdo.tn\\\/fr\\\/actualite\\\/author\\\/mc\\\/\"}]}<\/script>\n<!-- \/ Yoast SEO Premium plugin. -->","yoast_head_json":{"title":"100 kg de drogue saisis au port de la Goulette","description":"Les unit\u00e9s relevant de la police des fronti\u00e8res du port de la en collaboration avec les services de la douane ont arr\u00eat\u00e9, hier jeudi 2 f\u00e9vrier, un passager en p...","canonical":"https:\/\/www.webdo.tn\/fr\/actualite\/national\/100-kg-de-drogue-saisis-au-port-de-la-goulette\/202555\/","og_locale":"fr_FR","og_type":"article","og_title":"100 kg de drogue saisis au port de la Goulette","og_description":"Les unit\u00e9s relevant de la police des fronti\u00e8res du port de la en collaboration avec les services de la douane ont arr\u00eat\u00e9, hier jeudi 2 f\u00e9vrier, un passager en p...","og_url":"https:\/\/www.webdo.tn\/fr\/actualite\/national\/100-kg-de-drogue-saisis-au-port-de-la-goulette\/202555\/","og_site_name":"webdo","article_publisher":"https:\/\/www.facebook.com\/webdotn","article_published_time":"2023-02-03T12:51:00+00:00","article_modified_time":"2025-06-04T18:07:06+00:00","og_image":[{"width":733,"height":391,"url":"https:\/\/www.webdo.tn\/fr\/wp-content\/uploads\/2023\/02\/bc87d89629c69454aa69989ab2347def.jpg","type":"image\/jpeg"}],"author":"MC","twitter_card":"summary_large_image","twitter_creator":"@webdo_tn","twitter_site":"@webdo_tn","twitter_misc":{"\u00c9crit par":"MC","Dur\u00e9e de lecture estim\u00e9e":"1 minute"},"schema":{"@context":"https:\/\/schema.org","@graph":[{"@type":"NewsArticle","@id":"https:\/\/www.webdo.tn\/fr\/actualite\/national\/100-kg-de-drogue-saisis-au-port-de-la-goulette\/202555\/#article","isPartOf":{"@id":"https:\/\/www.webdo.tn\/fr\/actualite\/national\/100-kg-de-drogue-saisis-au-port-de-la-goulette\/202555\/"},"author":{"name":"MC","@id":"https:\/\/www.webdo.tn\/fr\/#\/schema\/person\/2c4929cbf5a809e3bd38617c6ce150f6"},"headline":"100 kg de drogue saisis au port de la Goulette","datePublished":"2023-02-03T12:51:00+00:00","dateModified":"2025-06-04T18:07:06+00:00","mainEntityOfPage":{"@id":"https:\/\/www.webdo.tn\/fr\/actualite\/national\/100-kg-de-drogue-saisis-au-port-de-la-goulette\/202555\/"},"wordCount":162,"commentCount":0,"publisher":{"@id":"https:\/\/www.webdo.tn\/fr\/#organization"},"image":{"@id":"https:\/\/www.webdo.tn\/fr\/actualite\/national\/100-kg-de-drogue-saisis-au-port-de-la-goulette\/202555\/#primaryimage"},"thumbnailUrl":"https:\/\/www.webdo.tn\/fr\/wp-content\/uploads\/2023\/02\/bc87d89629c69454aa69989ab2347def.jpg","keywords":["drogue","la goulette","saisie"],"articleSection":["National"],"inLanguage":"fr-FR"},{"@type":"WebPage","@id":"https:\/\/www.webdo.tn\/fr\/actualite\/national\/100-kg-de-drogue-saisis-au-port-de-la-goulette\/202555\/","url":"https:\/\/www.webdo.tn\/fr\/actualite\/national\/100-kg-de-drogue-saisis-au-port-de-la-goulette\/202555\/","name":"100 kg de drogue saisis au port de la Goulette","isPartOf":{"@id":"https:\/\/www.webdo.tn\/fr\/#website"},"primaryImageOfPage":{"@id":"https:\/\/www.webdo.tn\/fr\/actualite\/national\/100-kg-de-drogue-saisis-au-port-de-la-goulette\/202555\/#primaryimage"},"image":{"@id":"https:\/\/www.webdo.tn\/fr\/actualite\/national\/100-kg-de-drogue-saisis-au-port-de-la-goulette\/202555\/#primaryimage"},"thumbnailUrl":"https:\/\/www.webdo.tn\/fr\/wp-content\/uploads\/2023\/02\/bc87d89629c69454aa69989ab2347def.jpg","datePublished":"2023-02-03T12:51:00+00:00","dateModified":"2025-06-04T18:07:06+00:00","description":"Les unit\u00e9s relevant de la police des fronti\u00e8res du port de la en collaboration avec les services de la douane ont arr\u00eat\u00e9, hier jeudi 2 f\u00e9vrier, un passager en p...","breadcrumb":{"@id":"https:\/\/www.webdo.tn\/fr\/actualite\/national\/100-kg-de-drogue-saisis-au-port-de-la-goulette\/202555\/#breadcrumb"},"inLanguage":"fr-FR","potentialAction":[{"@type":"ReadAction","target":["https:\/\/www.webdo.tn\/fr\/actualite\/national\/100-kg-de-drogue-saisis-au-port-de-la-goulette\/202555\/"]}]},{"@type":"ImageObject","inLanguage":"fr-FR","@id":"https:\/\/www.webdo.tn\/fr\/actualite\/national\/100-kg-de-drogue-saisis-au-port-de-la-goulette\/202555\/#primaryimage","url":"https:\/\/www.webdo.tn\/fr\/wp-content\/uploads\/2023\/02\/bc87d89629c69454aa69989ab2347def.jpg","contentUrl":"https:\/\/www.webdo.tn\/fr\/wp-content\/uploads\/2023\/02\/bc87d89629c69454aa69989ab2347def.jpg","width":733,"height":391,"caption":"100 kg de drogue saisis au port de la Goulette"},{"@type":"BreadcrumbList","@id":"https:\/\/www.webdo.tn\/fr\/actualite\/national\/100-kg-de-drogue-saisis-au-port-de-la-goulette\/202555\/#breadcrumb","itemListElement":[{"@type":"ListItem","position":1,"name":"Accueil","item":"https:\/\/www.webdo.tn\/fr\/"},{"@type":"ListItem","position":2,"name":"100 kg de drogue saisis au port de la Goulette"}]},{"@type":"WebSite","@id":"https:\/\/www.webdo.tn\/fr\/#website","url":"https:\/\/www.webdo.tn\/fr\/","name":"webdo","description":"Tunisie - News en Tunisie et \u00e0 l&#039;international sur Webdo.tn","publisher":{"@id":"https:\/\/www.webdo.tn\/fr\/#organization"},"potentialAction":[{"@type":"SearchAction","target":{"@type":"EntryPoint","urlTemplate":"https:\/\/www.webdo.tn\/fr\/?s={search_term_string}"},"query-input":{"@type":"PropertyValueSpecification","valueRequired":true,"valueName":"search_term_string"}}],"inLanguage":"fr-FR"},{"@type":"Organization","@id":"https:\/\/www.webdo.tn\/fr\/#organization","name":"Webdo","alternateName":"Webdo.tn","url":"https:\/\/www.webdo.tn\/fr\/","logo":{"@type":"ImageObject","inLanguage":"fr-FR","@id":"https:\/\/www.webdo.tn\/fr\/#\/schema\/logo\/image\/","url":"https:\/\/www.webdo.tn\/fr\/wp-content\/uploads\/2025\/06\/Webdo-Tunisie_168377.jpg","contentUrl":"https:\/\/www.webdo.tn\/fr\/wp-content\/uploads\/2025\/06\/Webdo-Tunisie_168377.jpg","width":301,"height":301,"caption":"Webdo"},"image":{"@id":"https:\/\/www.webdo.tn\/fr\/#\/schema\/logo\/image\/"},"sameAs":["https:\/\/www.facebook.com\/webdotn","https:\/\/x.com\/webdo_tn"],"description":"Webdo est un m\u00e9dia num\u00e9rique tunisien fond\u00e9 en 2010, sp\u00e9cialis\u00e9 dans l\u2019actualit\u00e9 nationale et internationale, l\u2019\u00e9conomie, la soci\u00e9t\u00e9 et les analyses politiques. Le site s\u2019adresse \u00e0 un large public francophone et couvre l\u2019information tunisienne en temps r\u00e9el.","email":"redac@webdo.tn","legalName":"YNJ SARL","foundingDate":"2010-09-06","numberOfEmployees":{"@type":"QuantitativeValue","minValue":"11","maxValue":"50"}},{"@type":"Person","@id":"https:\/\/www.webdo.tn\/fr\/#\/schema\/person\/2c4929cbf5a809e3bd38617c6ce150f6","name":"MC","image":{"@type":"ImageObject","inLanguage":"fr-FR","@id":"https:\/\/secure.gravatar.com\/avatar\/a545bbb6f84efdd5553dbbc2895e3ca8f1d12c5215e00a041c9670b54aa9b18a?s=96&d=mm&r=g","url":"https:\/\/secure.gravatar.com\/avatar\/a545bbb6f84efdd5553dbbc2895e3ca8f1d12c5215e00a041c9670b54aa9b18a?s=96&d=mm&r=g","contentUrl":"https:\/\/secure.gravatar.com\/avatar\/a545bbb6f84efdd5553dbbc2895e3ca8f1d12c5215e00a041c9670b54aa9b18a?s=96&d=mm&r=g","caption":"MC"},"url":"https:\/\/www.webdo.tn\/fr\/actualite\/author\/mc\/"}]}},"_links":{"self":[{"href":"https:\/\/www.webdo.tn\/fr\/wp-json\/wp\/v2\/posts\/202555","targetHints":{"allow":["GET"]}}],"collection":[{"href":"https:\/\/www.webdo.tn\/fr\/wp-json\/wp\/v2\/posts"}],"about":[{"href":"https:\/\/www.webdo.tn\/fr\/wp-json\/wp\/v2\/types\/post"}],"author":[{"embeddable":true,"href":"https:\/\/www.webdo.tn\/fr\/wp-json\/wp\/v2\/users\/3162"}],"replies":[{"embeddable":true,"href":"https:\/\/www.webdo.tn\/fr\/wp-json\/wp\/v2\/comments?post=202555"}],"version-history":[{"count":0,"href":"https:\/\/www.webdo.tn\/fr\/wp-json\/wp\/v2\/posts\/202555\/revisions"}],"wp:featuredmedia":[{"embeddable":true,"href":"https:\/\/www.webdo.tn\/fr\/wp-json\/wp\/v2\/media\/348183"}],"wp:attachment":[{"href":"https:\/\/www.webdo.tn\/fr\/wp-json\/wp\/v2\/media?parent=202555"}],"wp:term":[{"taxonomy":"category","embeddable":true,"href":"https:\/\/www.webdo.tn\/fr\/wp-json\/wp\/v2\/categories?post=202555"},{"taxonomy":"post_tag","embeddable":true,"href":"https:\/\/www.webdo.tn\/fr\/wp-json\/wp\/v2\/tags?post=202555"}],"curies":[{"name":"wp","href":"https:\/\/api.w.org\/{rel}","templated":true}]}}