{"id":202552,"date":"2023-02-03T11:55:00","date_gmt":"2023-02-03T11:55:00","guid":{"rendered":"https:\/\/www.webdo.tn\/fr\/blog\/une-caravane-de-sante-gratuite-au-profit-des-habitants-de-medenine\/202552\/"},"modified":"2025-05-20T22:58:51","modified_gmt":"2025-05-20T22:58:51","slug":"une-caravane-de-sante-gratuite-au-profit-des-habitants-de-medenine","status":"publish","type":"post","link":"https:\/\/www.webdo.tn\/fr\/actualite\/regions\/une-caravane-de-sante-gratuite-au-profit-des-habitants-de-medenine\/202552\/","title":{"rendered":"Une caravane de sant\u00e9 gratuite au profit des habitants de M\u00e9denine !"},"content":{"rendered":"<p>Sous l\u2019\u00e9gide du minist\u00e8re de la Sant\u00e9, l\u2019Association One Day one Dream organise, demain, samedi 4 f\u00e9vrier, une caravane de sant\u00e9 gratuite au profit des habitants de M\u00e9denine, particuli\u00e8rement les personnes d\u00e9munies.<\/p>\n<p>\t\t\t\t\t\t\t\t\tCette initiative est men\u00e9e en collaboration avec les d\u00e9l\u00e9gations r\u00e9gionales de la Sant\u00e9, et des Affaires sociales et les autorit\u00e9s s\u00e9curitaires des localit\u00e9s de Houmet Souk, Beni Khedach et M\u00e9denine.<\/p>\n<p>La caravane de sant\u00e9 sera \u00e9tablie \u00e0 :<\/p>\n<p>&#8211; L\u2019h\u00f4pital r\u00e9gional de Beni Khedach dans les sp\u00e9cialit\u00e9s suivantes : gyn\u00e9cologie, p\u00e9diatrie, infections cutan\u00e9es, maladies cardio-vasculaires et\u00a0 maladies thyro\u00efdiennes.<\/p>\n<p>&#8211; L\u2019h\u00f4pital Sadok Mkaddem \u00e0 Houmet Souk dans les sp\u00e9cialit\u00e9s : infections cutan\u00e9es, gyn\u00e9cologie, radiologie, maladies orthop\u00e9diques, maladies thyro\u00efdiennes, pathologies gastriques, maladies de la nutrition.<\/p>\n<p>&#8211; L\u2019h\u00f4pital universitaire de M\u00e9denine dans les sp\u00e9cialit\u00e9s : ophtalmologie, maladies cardio-vasculaires, maladies cutan\u00e9es, maladies thyro\u00efdiennes, maladies orthop\u00e9diques, chirurgie p\u00e9diatrique, avec la mobilisation de m\u00e9decins r\u00e9animateurs\u00a0 et de m\u00e9decins anesth\u00e9sistes.<\/p>\n<p>Les habitants de M\u00e9denine seront pris en charge gratuitement dans ces centres. Pour la sp\u00e9cialit\u00e9 d\u2019ophtalmologie, un nombre de 30 malades seront prises en charge par un \u00e9tablissement priv\u00e9 de Djerba.<\/p>\n","protected":false},"excerpt":{"rendered":"<p>Sous l\u2019\u00e9gide du minist\u00e8re de la Sant\u00e9, l\u2019Association One Day one Dream organise, demain, samedi 4 f\u00e9vrier, une caravane de sant\u00e9 gratuite au profit des habitant&#8230;<\/p>\n","protected":false},"author":3188,"featured_media":252331,"comment_status":"open","ping_status":"closed","sticky":false,"template":"","format":"standard","meta":{"footnotes":""},"categories":[2595],"tags":[8825,2700,3873,2731],"class_list":["post-202552","post","type-post","status-publish","format-standard","has-post-thumbnail","hentry","category-regions","tag-caravane","tag-medecine","tag-medenine","tag-sante"],"yoast_head":"<!-- This site is optimized with the Yoast SEO Premium plugin v27.5 (Yoast SEO v27.5) - https:\/\/yoast.com\/product\/yoast-seo-premium-wordpress\/ -->\n<title>Une caravane de sant\u00e9 gratuite au profit des habitants de M\u00e9denine !<\/title>\n<meta name=\"description\" content=\"Sous l\u2019\u00e9gide du minist\u00e8re de la Sant\u00e9, l\u2019Association One Day one Dream organise, demain, samedi 4 f\u00e9vrier, une caravane de sant\u00e9 gratuite au profit des habitant...\" \/>\n<link rel=\"canonical\" href=\"https:\/\/www.webdo.tn\/fr\/actualite\/regions\/une-caravane-de-sante-gratuite-au-profit-des-habitants-de-medenine\/202552\/\" \/>\n<meta property=\"og:locale\" content=\"fr_FR\" \/>\n<meta property=\"og:type\" content=\"article\" \/>\n<meta property=\"og:title\" content=\"Une caravane de sant\u00e9 gratuite au profit des habitants de M\u00e9denine !\" \/>\n<meta property=\"og:description\" content=\"Sous l\u2019\u00e9gide du minist\u00e8re de la Sant\u00e9, l\u2019Association One Day one Dream organise, demain, samedi 4 f\u00e9vrier, une caravane de sant\u00e9 gratuite au profit des habitant...\" \/>\n<meta property=\"og:url\" content=\"https:\/\/www.webdo.tn\/fr\/actualite\/regions\/une-caravane-de-sante-gratuite-au-profit-des-habitants-de-medenine\/202552\/\" \/>\n<meta property=\"og:site_name\" content=\"webdo\" \/>\n<meta property=\"article:publisher\" content=\"https:\/\/www.facebook.com\/webdotn\" \/>\n<meta property=\"article:published_time\" content=\"2023-02-03T11:55:00+00:00\" \/>\n<meta property=\"article:modified_time\" content=\"2025-05-20T22:58:51+00:00\" \/>\n<meta property=\"og:image\" content=\"https:\/\/www.webdo.tn\/fr\/wp-content\/uploads\/2023\/02\/885e336b68d282a39d970f858b3ea95f.jpg\" \/>\n\t<meta property=\"og:image:width\" content=\"750\" \/>\n\t<meta property=\"og:image:height\" content=\"400\" \/>\n\t<meta property=\"og:image:type\" content=\"image\/jpeg\" \/>\n<meta name=\"author\" content=\"Ramzi\" \/>\n<meta name=\"twitter:card\" content=\"summary_large_image\" \/>\n<meta name=\"twitter:creator\" content=\"@webdo_tn\" \/>\n<meta name=\"twitter:site\" content=\"@webdo_tn\" \/>\n<meta name=\"twitter:label1\" content=\"\u00c9crit par\" \/>\n\t<meta name=\"twitter:data1\" content=\"Ramzi\" \/>\n\t<meta name=\"twitter:label2\" content=\"Dur\u00e9e de lecture estim\u00e9e\" \/>\n\t<meta name=\"twitter:data2\" content=\"1 minute\" \/>\n<script type=\"application\/ld+json\" class=\"yoast-schema-graph\">{\"@context\":\"https:\\\/\\\/schema.org\",\"@graph\":[{\"@type\":\"NewsArticle\",\"@id\":\"https:\\\/\\\/www.webdo.tn\\\/fr\\\/actualite\\\/regions\\\/une-caravane-de-sante-gratuite-au-profit-des-habitants-de-medenine\\\/202552\\\/#article\",\"isPartOf\":{\"@id\":\"https:\\\/\\\/www.webdo.tn\\\/fr\\\/actualite\\\/regions\\\/une-caravane-de-sante-gratuite-au-profit-des-habitants-de-medenine\\\/202552\\\/\"},\"author\":{\"name\":\"Ramzi\",\"@id\":\"https:\\\/\\\/www.webdo.tn\\\/fr\\\/#\\\/schema\\\/person\\\/590cb5f81adcfde6385530fdbdf468e2\"},\"headline\":\"Une caravane de sant\u00e9 gratuite au profit des habitants de M\u00e9denine !\",\"datePublished\":\"2023-02-03T11:55:00+00:00\",\"dateModified\":\"2025-05-20T22:58:51+00:00\",\"mainEntityOfPage\":{\"@id\":\"https:\\\/\\\/www.webdo.tn\\\/fr\\\/actualite\\\/regions\\\/une-caravane-de-sante-gratuite-au-profit-des-habitants-de-medenine\\\/202552\\\/\"},\"wordCount\":228,\"commentCount\":0,\"publisher\":{\"@id\":\"https:\\\/\\\/www.webdo.tn\\\/fr\\\/#organization\"},\"image\":{\"@id\":\"https:\\\/\\\/www.webdo.tn\\\/fr\\\/actualite\\\/regions\\\/une-caravane-de-sante-gratuite-au-profit-des-habitants-de-medenine\\\/202552\\\/#primaryimage\"},\"thumbnailUrl\":\"https:\\\/\\\/www.webdo.tn\\\/fr\\\/wp-content\\\/uploads\\\/2023\\\/02\\\/885e336b68d282a39d970f858b3ea95f.jpg\",\"keywords\":[\"caravane\",\"m\u00e9decine\",\"m\u00e9denine\",\"Sant\u00e9\"],\"articleSection\":[\"regions\"],\"inLanguage\":\"fr-FR\"},{\"@type\":\"WebPage\",\"@id\":\"https:\\\/\\\/www.webdo.tn\\\/fr\\\/actualite\\\/regions\\\/une-caravane-de-sante-gratuite-au-profit-des-habitants-de-medenine\\\/202552\\\/\",\"url\":\"https:\\\/\\\/www.webdo.tn\\\/fr\\\/actualite\\\/regions\\\/une-caravane-de-sante-gratuite-au-profit-des-habitants-de-medenine\\\/202552\\\/\",\"name\":\"Une caravane de sant\u00e9 gratuite au profit des habitants de M\u00e9denine !\",\"isPartOf\":{\"@id\":\"https:\\\/\\\/www.webdo.tn\\\/fr\\\/#website\"},\"primaryImageOfPage\":{\"@id\":\"https:\\\/\\\/www.webdo.tn\\\/fr\\\/actualite\\\/regions\\\/une-caravane-de-sante-gratuite-au-profit-des-habitants-de-medenine\\\/202552\\\/#primaryimage\"},\"image\":{\"@id\":\"https:\\\/\\\/www.webdo.tn\\\/fr\\\/actualite\\\/regions\\\/une-caravane-de-sante-gratuite-au-profit-des-habitants-de-medenine\\\/202552\\\/#primaryimage\"},\"thumbnailUrl\":\"https:\\\/\\\/www.webdo.tn\\\/fr\\\/wp-content\\\/uploads\\\/2023\\\/02\\\/885e336b68d282a39d970f858b3ea95f.jpg\",\"datePublished\":\"2023-02-03T11:55:00+00:00\",\"dateModified\":\"2025-05-20T22:58:51+00:00\",\"description\":\"Sous l\u2019\u00e9gide du minist\u00e8re de la Sant\u00e9, l\u2019Association One Day one Dream organise, demain, samedi 4 f\u00e9vrier, une caravane de sant\u00e9 gratuite au profit des habitant...\",\"breadcrumb\":{\"@id\":\"https:\\\/\\\/www.webdo.tn\\\/fr\\\/actualite\\\/regions\\\/une-caravane-de-sante-gratuite-au-profit-des-habitants-de-medenine\\\/202552\\\/#breadcrumb\"},\"inLanguage\":\"fr-FR\",\"potentialAction\":[{\"@type\":\"ReadAction\",\"target\":[\"https:\\\/\\\/www.webdo.tn\\\/fr\\\/actualite\\\/regions\\\/une-caravane-de-sante-gratuite-au-profit-des-habitants-de-medenine\\\/202552\\\/\"]}]},{\"@type\":\"ImageObject\",\"inLanguage\":\"fr-FR\",\"@id\":\"https:\\\/\\\/www.webdo.tn\\\/fr\\\/actualite\\\/regions\\\/une-caravane-de-sante-gratuite-au-profit-des-habitants-de-medenine\\\/202552\\\/#primaryimage\",\"url\":\"https:\\\/\\\/www.webdo.tn\\\/fr\\\/wp-content\\\/uploads\\\/2023\\\/02\\\/885e336b68d282a39d970f858b3ea95f.jpg\",\"contentUrl\":\"https:\\\/\\\/www.webdo.tn\\\/fr\\\/wp-content\\\/uploads\\\/2023\\\/02\\\/885e336b68d282a39d970f858b3ea95f.jpg\",\"width\":750,\"height\":400,\"caption\":\"Une caravane de sant\u00e9 gratuite au profit des habitants de M\u00e9denine !\"},{\"@type\":\"BreadcrumbList\",\"@id\":\"https:\\\/\\\/www.webdo.tn\\\/fr\\\/actualite\\\/regions\\\/une-caravane-de-sante-gratuite-au-profit-des-habitants-de-medenine\\\/202552\\\/#breadcrumb\",\"itemListElement\":[{\"@type\":\"ListItem\",\"position\":1,\"name\":\"Accueil\",\"item\":\"https:\\\/\\\/www.webdo.tn\\\/fr\\\/\"},{\"@type\":\"ListItem\",\"position\":2,\"name\":\"Une caravane de sant\u00e9 gratuite au profit des habitants de M\u00e9denine !\"}]},{\"@type\":\"WebSite\",\"@id\":\"https:\\\/\\\/www.webdo.tn\\\/fr\\\/#website\",\"url\":\"https:\\\/\\\/www.webdo.tn\\\/fr\\\/\",\"name\":\"webdo\",\"description\":\"Tunisie - News en Tunisie et \u00e0 l&#039;international sur Webdo.tn\",\"publisher\":{\"@id\":\"https:\\\/\\\/www.webdo.tn\\\/fr\\\/#organization\"},\"potentialAction\":[{\"@type\":\"SearchAction\",\"target\":{\"@type\":\"EntryPoint\",\"urlTemplate\":\"https:\\\/\\\/www.webdo.tn\\\/fr\\\/?s={search_term_string}\"},\"query-input\":{\"@type\":\"PropertyValueSpecification\",\"valueRequired\":true,\"valueName\":\"search_term_string\"}}],\"inLanguage\":\"fr-FR\"},{\"@type\":\"Organization\",\"@id\":\"https:\\\/\\\/www.webdo.tn\\\/fr\\\/#organization\",\"name\":\"Webdo\",\"alternateName\":\"Webdo.tn\",\"url\":\"https:\\\/\\\/www.webdo.tn\\\/fr\\\/\",\"logo\":{\"@type\":\"ImageObject\",\"inLanguage\":\"fr-FR\",\"@id\":\"https:\\\/\\\/www.webdo.tn\\\/fr\\\/#\\\/schema\\\/logo\\\/image\\\/\",\"url\":\"https:\\\/\\\/www.webdo.tn\\\/fr\\\/wp-content\\\/uploads\\\/2025\\\/06\\\/Webdo-Tunisie_168377.jpg\",\"contentUrl\":\"https:\\\/\\\/www.webdo.tn\\\/fr\\\/wp-content\\\/uploads\\\/2025\\\/06\\\/Webdo-Tunisie_168377.jpg\",\"width\":301,\"height\":301,\"caption\":\"Webdo\"},\"image\":{\"@id\":\"https:\\\/\\\/www.webdo.tn\\\/fr\\\/#\\\/schema\\\/logo\\\/image\\\/\"},\"sameAs\":[\"https:\\\/\\\/www.facebook.com\\\/webdotn\",\"https:\\\/\\\/x.com\\\/webdo_tn\"],\"description\":\"Webdo est un m\u00e9dia num\u00e9rique tunisien fond\u00e9 en 2010, sp\u00e9cialis\u00e9 dans l\u2019actualit\u00e9 nationale et internationale, l\u2019\u00e9conomie, la soci\u00e9t\u00e9 et les analyses politiques. Le site s\u2019adresse \u00e0 un large public francophone et couvre l\u2019information tunisienne en temps r\u00e9el.\",\"email\":\"redac@webdo.tn\",\"legalName\":\"YNJ SARL\",\"foundingDate\":\"2010-09-06\",\"numberOfEmployees\":{\"@type\":\"QuantitativeValue\",\"minValue\":\"11\",\"maxValue\":\"50\"}},{\"@type\":\"Person\",\"@id\":\"https:\\\/\\\/www.webdo.tn\\\/fr\\\/#\\\/schema\\\/person\\\/590cb5f81adcfde6385530fdbdf468e2\",\"name\":\"Ramzi\",\"image\":{\"@type\":\"ImageObject\",\"inLanguage\":\"fr-FR\",\"@id\":\"https:\\\/\\\/secure.gravatar.com\\\/avatar\\\/48df7d18915e10cf866ba8e27604c81ff9243fd52704a1d210c3e387e1cb8d87?s=96&d=mm&r=g\",\"url\":\"https:\\\/\\\/secure.gravatar.com\\\/avatar\\\/48df7d18915e10cf866ba8e27604c81ff9243fd52704a1d210c3e387e1cb8d87?s=96&d=mm&r=g\",\"contentUrl\":\"https:\\\/\\\/secure.gravatar.com\\\/avatar\\\/48df7d18915e10cf866ba8e27604c81ff9243fd52704a1d210c3e387e1cb8d87?s=96&d=mm&r=g\",\"caption\":\"Ramzi\"},\"url\":\"https:\\\/\\\/www.webdo.tn\\\/fr\\\/actualite\\\/author\\\/ramzi\\\/\"}]}<\/script>\n<!-- \/ Yoast SEO Premium plugin. -->","yoast_head_json":{"title":"Une caravane de sant\u00e9 gratuite au profit des habitants de M\u00e9denine !","description":"Sous l\u2019\u00e9gide du minist\u00e8re de la Sant\u00e9, l\u2019Association One Day one Dream organise, demain, samedi 4 f\u00e9vrier, une caravane de sant\u00e9 gratuite au profit des habitant...","canonical":"https:\/\/www.webdo.tn\/fr\/actualite\/regions\/une-caravane-de-sante-gratuite-au-profit-des-habitants-de-medenine\/202552\/","og_locale":"fr_FR","og_type":"article","og_title":"Une caravane de sant\u00e9 gratuite au profit des habitants de M\u00e9denine !","og_description":"Sous l\u2019\u00e9gide du minist\u00e8re de la Sant\u00e9, l\u2019Association One Day one Dream organise, demain, samedi 4 f\u00e9vrier, une caravane de sant\u00e9 gratuite au profit des habitant...","og_url":"https:\/\/www.webdo.tn\/fr\/actualite\/regions\/une-caravane-de-sante-gratuite-au-profit-des-habitants-de-medenine\/202552\/","og_site_name":"webdo","article_publisher":"https:\/\/www.facebook.com\/webdotn","article_published_time":"2023-02-03T11:55:00+00:00","article_modified_time":"2025-05-20T22:58:51+00:00","og_image":[{"width":750,"height":400,"url":"https:\/\/www.webdo.tn\/fr\/wp-content\/uploads\/2023\/02\/885e336b68d282a39d970f858b3ea95f.jpg","type":"image\/jpeg"}],"author":"Ramzi","twitter_card":"summary_large_image","twitter_creator":"@webdo_tn","twitter_site":"@webdo_tn","twitter_misc":{"\u00c9crit par":"Ramzi","Dur\u00e9e de lecture estim\u00e9e":"1 minute"},"schema":{"@context":"https:\/\/schema.org","@graph":[{"@type":"NewsArticle","@id":"https:\/\/www.webdo.tn\/fr\/actualite\/regions\/une-caravane-de-sante-gratuite-au-profit-des-habitants-de-medenine\/202552\/#article","isPartOf":{"@id":"https:\/\/www.webdo.tn\/fr\/actualite\/regions\/une-caravane-de-sante-gratuite-au-profit-des-habitants-de-medenine\/202552\/"},"author":{"name":"Ramzi","@id":"https:\/\/www.webdo.tn\/fr\/#\/schema\/person\/590cb5f81adcfde6385530fdbdf468e2"},"headline":"Une caravane de sant\u00e9 gratuite au profit des habitants de M\u00e9denine !","datePublished":"2023-02-03T11:55:00+00:00","dateModified":"2025-05-20T22:58:51+00:00","mainEntityOfPage":{"@id":"https:\/\/www.webdo.tn\/fr\/actualite\/regions\/une-caravane-de-sante-gratuite-au-profit-des-habitants-de-medenine\/202552\/"},"wordCount":228,"commentCount":0,"publisher":{"@id":"https:\/\/www.webdo.tn\/fr\/#organization"},"image":{"@id":"https:\/\/www.webdo.tn\/fr\/actualite\/regions\/une-caravane-de-sante-gratuite-au-profit-des-habitants-de-medenine\/202552\/#primaryimage"},"thumbnailUrl":"https:\/\/www.webdo.tn\/fr\/wp-content\/uploads\/2023\/02\/885e336b68d282a39d970f858b3ea95f.jpg","keywords":["caravane","m\u00e9decine","m\u00e9denine","Sant\u00e9"],"articleSection":["regions"],"inLanguage":"fr-FR"},{"@type":"WebPage","@id":"https:\/\/www.webdo.tn\/fr\/actualite\/regions\/une-caravane-de-sante-gratuite-au-profit-des-habitants-de-medenine\/202552\/","url":"https:\/\/www.webdo.tn\/fr\/actualite\/regions\/une-caravane-de-sante-gratuite-au-profit-des-habitants-de-medenine\/202552\/","name":"Une caravane de sant\u00e9 gratuite au profit des habitants de M\u00e9denine !","isPartOf":{"@id":"https:\/\/www.webdo.tn\/fr\/#website"},"primaryImageOfPage":{"@id":"https:\/\/www.webdo.tn\/fr\/actualite\/regions\/une-caravane-de-sante-gratuite-au-profit-des-habitants-de-medenine\/202552\/#primaryimage"},"image":{"@id":"https:\/\/www.webdo.tn\/fr\/actualite\/regions\/une-caravane-de-sante-gratuite-au-profit-des-habitants-de-medenine\/202552\/#primaryimage"},"thumbnailUrl":"https:\/\/www.webdo.tn\/fr\/wp-content\/uploads\/2023\/02\/885e336b68d282a39d970f858b3ea95f.jpg","datePublished":"2023-02-03T11:55:00+00:00","dateModified":"2025-05-20T22:58:51+00:00","description":"Sous l\u2019\u00e9gide du minist\u00e8re de la Sant\u00e9, l\u2019Association One Day one Dream organise, demain, samedi 4 f\u00e9vrier, une caravane de sant\u00e9 gratuite au profit des habitant...","breadcrumb":{"@id":"https:\/\/www.webdo.tn\/fr\/actualite\/regions\/une-caravane-de-sante-gratuite-au-profit-des-habitants-de-medenine\/202552\/#breadcrumb"},"inLanguage":"fr-FR","potentialAction":[{"@type":"ReadAction","target":["https:\/\/www.webdo.tn\/fr\/actualite\/regions\/une-caravane-de-sante-gratuite-au-profit-des-habitants-de-medenine\/202552\/"]}]},{"@type":"ImageObject","inLanguage":"fr-FR","@id":"https:\/\/www.webdo.tn\/fr\/actualite\/regions\/une-caravane-de-sante-gratuite-au-profit-des-habitants-de-medenine\/202552\/#primaryimage","url":"https:\/\/www.webdo.tn\/fr\/wp-content\/uploads\/2023\/02\/885e336b68d282a39d970f858b3ea95f.jpg","contentUrl":"https:\/\/www.webdo.tn\/fr\/wp-content\/uploads\/2023\/02\/885e336b68d282a39d970f858b3ea95f.jpg","width":750,"height":400,"caption":"Une caravane de sant\u00e9 gratuite au profit des habitants de M\u00e9denine !"},{"@type":"BreadcrumbList","@id":"https:\/\/www.webdo.tn\/fr\/actualite\/regions\/une-caravane-de-sante-gratuite-au-profit-des-habitants-de-medenine\/202552\/#breadcrumb","itemListElement":[{"@type":"ListItem","position":1,"name":"Accueil","item":"https:\/\/www.webdo.tn\/fr\/"},{"@type":"ListItem","position":2,"name":"Une caravane de sant\u00e9 gratuite au profit des habitants de M\u00e9denine !"}]},{"@type":"WebSite","@id":"https:\/\/www.webdo.tn\/fr\/#website","url":"https:\/\/www.webdo.tn\/fr\/","name":"webdo","description":"Tunisie - News en Tunisie et \u00e0 l&#039;international sur Webdo.tn","publisher":{"@id":"https:\/\/www.webdo.tn\/fr\/#organization"},"potentialAction":[{"@type":"SearchAction","target":{"@type":"EntryPoint","urlTemplate":"https:\/\/www.webdo.tn\/fr\/?s={search_term_string}"},"query-input":{"@type":"PropertyValueSpecification","valueRequired":true,"valueName":"search_term_string"}}],"inLanguage":"fr-FR"},{"@type":"Organization","@id":"https:\/\/www.webdo.tn\/fr\/#organization","name":"Webdo","alternateName":"Webdo.tn","url":"https:\/\/www.webdo.tn\/fr\/","logo":{"@type":"ImageObject","inLanguage":"fr-FR","@id":"https:\/\/www.webdo.tn\/fr\/#\/schema\/logo\/image\/","url":"https:\/\/www.webdo.tn\/fr\/wp-content\/uploads\/2025\/06\/Webdo-Tunisie_168377.jpg","contentUrl":"https:\/\/www.webdo.tn\/fr\/wp-content\/uploads\/2025\/06\/Webdo-Tunisie_168377.jpg","width":301,"height":301,"caption":"Webdo"},"image":{"@id":"https:\/\/www.webdo.tn\/fr\/#\/schema\/logo\/image\/"},"sameAs":["https:\/\/www.facebook.com\/webdotn","https:\/\/x.com\/webdo_tn"],"description":"Webdo est un m\u00e9dia num\u00e9rique tunisien fond\u00e9 en 2010, sp\u00e9cialis\u00e9 dans l\u2019actualit\u00e9 nationale et internationale, l\u2019\u00e9conomie, la soci\u00e9t\u00e9 et les analyses politiques. Le site s\u2019adresse \u00e0 un large public francophone et couvre l\u2019information tunisienne en temps r\u00e9el.","email":"redac@webdo.tn","legalName":"YNJ SARL","foundingDate":"2010-09-06","numberOfEmployees":{"@type":"QuantitativeValue","minValue":"11","maxValue":"50"}},{"@type":"Person","@id":"https:\/\/www.webdo.tn\/fr\/#\/schema\/person\/590cb5f81adcfde6385530fdbdf468e2","name":"Ramzi","image":{"@type":"ImageObject","inLanguage":"fr-FR","@id":"https:\/\/secure.gravatar.com\/avatar\/48df7d18915e10cf866ba8e27604c81ff9243fd52704a1d210c3e387e1cb8d87?s=96&d=mm&r=g","url":"https:\/\/secure.gravatar.com\/avatar\/48df7d18915e10cf866ba8e27604c81ff9243fd52704a1d210c3e387e1cb8d87?s=96&d=mm&r=g","contentUrl":"https:\/\/secure.gravatar.com\/avatar\/48df7d18915e10cf866ba8e27604c81ff9243fd52704a1d210c3e387e1cb8d87?s=96&d=mm&r=g","caption":"Ramzi"},"url":"https:\/\/www.webdo.tn\/fr\/actualite\/author\/ramzi\/"}]}},"_links":{"self":[{"href":"https:\/\/www.webdo.tn\/fr\/wp-json\/wp\/v2\/posts\/202552","targetHints":{"allow":["GET"]}}],"collection":[{"href":"https:\/\/www.webdo.tn\/fr\/wp-json\/wp\/v2\/posts"}],"about":[{"href":"https:\/\/www.webdo.tn\/fr\/wp-json\/wp\/v2\/types\/post"}],"author":[{"embeddable":true,"href":"https:\/\/www.webdo.tn\/fr\/wp-json\/wp\/v2\/users\/3188"}],"replies":[{"embeddable":true,"href":"https:\/\/www.webdo.tn\/fr\/wp-json\/wp\/v2\/comments?post=202552"}],"version-history":[{"count":0,"href":"https:\/\/www.webdo.tn\/fr\/wp-json\/wp\/v2\/posts\/202552\/revisions"}],"wp:featuredmedia":[{"embeddable":true,"href":"https:\/\/www.webdo.tn\/fr\/wp-json\/wp\/v2\/media\/252331"}],"wp:attachment":[{"href":"https:\/\/www.webdo.tn\/fr\/wp-json\/wp\/v2\/media?parent=202552"}],"wp:term":[{"taxonomy":"category","embeddable":true,"href":"https:\/\/www.webdo.tn\/fr\/wp-json\/wp\/v2\/categories?post=202552"},{"taxonomy":"post_tag","embeddable":true,"href":"https:\/\/www.webdo.tn\/fr\/wp-json\/wp\/v2\/tags?post=202552"}],"curies":[{"name":"wp","href":"https:\/\/api.w.org\/{rel}","templated":true}]}}