{"id":202550,"date":"2023-02-03T11:40:00","date_gmt":"2023-02-03T11:40:00","guid":{"rendered":"https:\/\/www.webdo.tn\/fr\/blog\/amnesty-international-appelle-a-l-annulation-des-condamnations-de-civils-par-des-tribunaux-militaires\/202550\/"},"modified":"2025-05-20T22:02:50","modified_gmt":"2025-05-20T22:02:50","slug":"amnesty-international-appelle-a-l-annulation-des-condamnations-de-civils-par-des-tribunaux-militaires","status":"publish","type":"post","link":"https:\/\/www.webdo.tn\/fr\/actualite\/national\/amnesty-international-appelle-a-l-annulation-des-condamnations-de-civils-par-des-tribunaux-militaires\/202550\/","title":{"rendered":"Amnesty International appelle \u00e0 l\u2019annulation des condamnations de civils par des tribunaux militaires"},"content":{"rendered":"<p>Amnesty International revient sur l\u2019affaire de l\u2019a\u00e9roport en marge de laquelle Seifeddine Makhlouf, Maher Zid, Nidhal Saoudi, et Mohamed Affes ainsi que l\u2019avocat Mehdi Zagrouba et Lotfi Mejri, ont \u00e9t\u00e9 condamn\u00e9s \u00e0 des peines allant de cinq \u00e0 14 mois de prison.<\/p>\n<p>\t\t\t\t\t\t\t\t\t\u00ab\u00a0Les tribunaux militaires tunisiens devraient imm\u00e9diatement annuler les condamnations r\u00e9centes de six civils (\u2026) et rel\u00e2cher ceux qui ont d\u00e9j\u00e0 \u00e9t\u00e9 plac\u00e9s en d\u00e9tention\u00a0\u00bb, a d\u00e9clar\u00e9 Amnesty International jeudi 2 f\u00e9vrier dans un communiqu\u00e9.<\/p>\n<p>Le 20 janvier, la Cour d\u2019appel militaire a condamn\u00e9 Seifeddine Makhlouf, Maher Zid, Nidhal Saoudi, et Mohamed Affes, \u00e0 des peines allant de cinq \u00e0 14 mois de prison pour \u00ab outrage \u00e0 fonctionnaire public \u00bb, troubles \u00e0 l\u2019ordre public.<\/p>\n<p>Nidhal Saoudi, a \u00e9t\u00e9 condamn\u00e9 pour menaces \u00e0 fonctionnaire public, en relation avec un diff\u00e9rend les ayant oppos\u00e9s \u00e0 des policiers \u00e0 l\u2019a\u00e9roport international de Tunis. La Cour a aussi condamn\u00e9 l\u2019avocat Mehdi Zagrouba et Lotfi Mejri, pour la m\u00eame affaire.<\/p>\n<p>\u00ab\u00a0Ces condamnations ne sont que le dernier chapitre en date d\u2019une histoire plus large dans laquelle des civils sont jug\u00e9s par des tribunaux militaires sous le pr\u00e9sident Ka\u00efs Sa\u00efed. Les tribunaux militaires tunisiens ne sont pas dot\u00e9s de l\u2019ind\u00e9pendance requise par le droit international, et ces poursuites r\u00e9pressives et injustes doivent cesser imm\u00e9diatement\u00a0\u00bb, a d\u00e9clar\u00e9 Amna Guellali, directrice adjointe pour le Moyen-Orient et l\u2019Afrique du Nord \u00e0 Amnesty International.<\/p>\n<p>\u00ab\u00a0Les tribunaux militaires tunisiens ouvrent de plus en plus fr\u00e9quemment des enqu\u00eates et des poursuites contre des personnes civiles depuis que le pr\u00e9sident Ka\u00efs Sa\u00efed s\u2019est empar\u00e9 du pouvoir le 25 juillet 2021, sur fond de d\u00e9t\u00e9rioration plus large des droits fondamentaux\u00a0\u00bb, signale Amnesty.<\/p>\n<p>Outre les condamnations prononc\u00e9es contre les quatre politiciens apr\u00e8s cet incident, la Cour militaire d\u2019appel a condamn\u00e9 Mehdi Zagrouba \u00e0 11 mois de prison et lui a interdit de pratiquer le droit pendant cinq ans, pour \u00ab outrage \u00bb et agression contre un fonctionnaire, et troubles \u00e0 l\u2019ordre public, selon Anour Ouled Ali.<\/p>\n<p>La Cour a par ailleurs condamn\u00e9 Lotfi Mejri \u00e0 trois mois d\u2019emprisonnement avec sursis. Il se trouvait \u00e0 l\u2019a\u00e9roport et a utilis\u00e9 son t\u00e9l\u00e9phone portable pour saisir des images de la confrontation entre la police et les politiciens et Mehdi Zagrouba.<\/p>\n<p>Amnesty International consid\u00e8re que la comp\u00e9tence des tribunaux militaires ne doit s\u2019exercer que sur les membres des forces arm\u00e9es poursuivis pour des infractions \u00e0 la discipline militaire.<\/p>\n<p>L\u2019article 14 du Pacte international relatif aux droits civils et politiques (PIDCP), auquel la Tunisie est partie, garantit le droit \u00e0 un proc\u00e8s public et \u00e9quitable devant un tribunal \u00ab comp\u00e9tent, ind\u00e9pendant et impartial \u00e9tabli par la loi \u00bb.<\/p>\n<p>Le pr\u00e9sident Ka\u00efs Sa\u00efed est le commandant en chef des forces arm\u00e9es et prend la d\u00e9cision finale lors de la d\u00e9signation des juges et des procureurs aupr\u00e8s des tribunaux militaires. Les procureurs militaires sont \u00e9galement des membres des forces arm\u00e9es en service actif, et sont donc susceptibles de faire l\u2019objet de proc\u00e9dures disciplinaires. Les tribunaux militaires tunisiens ne sont par cons\u00e9quent pas ind\u00e9pendants selon la d\u00e9finition donn\u00e9e par le droit international.<\/p>\n<p>L\u2019article 14 du PIDCP interdit par ailleurs aux tribunaux de poursuivre quiconque pour une infraction pour laquelle cette personne a d\u00e9j\u00e0 \u00e9t\u00e9 condamn\u00e9e ou acquitt\u00e9e au terme d\u2019un proc\u00e8s, sauf circonstances exceptionnelles.<\/p>\n","protected":false},"excerpt":{"rendered":"<p>Amnesty International revient sur l\u2019affaire de l\u2019a\u00e9roport en marge de laquelle Seifeddine Makhlouf, Maher Zid, Nidhal Saoudi, et Mohamed Affes ainsi que l\u2019avoca&#8230;<\/p>\n","protected":false},"author":3162,"featured_media":252327,"comment_status":"open","ping_status":"closed","sticky":false,"template":"","format":"standard","meta":{"footnotes":""},"categories":[44],"tags":[8823,6764,3859,2614],"class_list":["post-202550","post","type-post","status-publish","format-standard","has-post-thumbnail","hentry","category-national","tag-affaire-de-laeroport","tag-amnesty-international","tag-justice-militaire","tag-kais-saied"],"yoast_head":"<!-- This site is optimized with the Yoast SEO Premium plugin v27.5 (Yoast SEO v27.5) - https:\/\/yoast.com\/product\/yoast-seo-premium-wordpress\/ -->\n<title>Amnesty International appelle \u00e0 l\u2019annulation des condamnations de civils par des tribunaux militaires<\/title>\n<meta name=\"description\" content=\"Amnesty International revient sur l\u2019affaire de l\u2019a\u00e9roport en marge de laquelle Seifeddine Makhlouf, Maher Zid, Nidhal Saoudi, et Mohamed Affes ainsi que l\u2019avoca...\" \/>\n<link rel=\"canonical\" href=\"https:\/\/www.webdo.tn\/fr\/actualite\/national\/amnesty-international-appelle-a-l-annulation-des-condamnations-de-civils-par-des-tribunaux-militaires\/202550\/\" \/>\n<meta property=\"og:locale\" content=\"fr_FR\" \/>\n<meta property=\"og:type\" content=\"article\" \/>\n<meta property=\"og:title\" content=\"Amnesty International appelle \u00e0 l\u2019annulation des condamnations de civils par des tribunaux militaires\" \/>\n<meta property=\"og:description\" content=\"Amnesty International revient sur l\u2019affaire de l\u2019a\u00e9roport en marge de laquelle Seifeddine Makhlouf, Maher Zid, Nidhal Saoudi, et Mohamed Affes ainsi que l\u2019avoca...\" \/>\n<meta property=\"og:url\" content=\"https:\/\/www.webdo.tn\/fr\/actualite\/national\/amnesty-international-appelle-a-l-annulation-des-condamnations-de-civils-par-des-tribunaux-militaires\/202550\/\" \/>\n<meta property=\"og:site_name\" content=\"webdo\" \/>\n<meta property=\"article:publisher\" content=\"https:\/\/www.facebook.com\/webdotn\" \/>\n<meta property=\"article:published_time\" content=\"2023-02-03T11:40:00+00:00\" \/>\n<meta property=\"article:modified_time\" content=\"2025-05-20T22:02:50+00:00\" \/>\n<meta property=\"og:image\" content=\"https:\/\/www.webdo.tn\/fr\/wp-content\/uploads\/2023\/02\/c42ae038c45afa41c66caa8309c194a2.jpg\" \/>\n\t<meta property=\"og:image:width\" content=\"512\" \/>\n\t<meta property=\"og:image:height\" content=\"273\" \/>\n\t<meta property=\"og:image:type\" content=\"image\/jpeg\" \/>\n<meta name=\"author\" content=\"MC\" \/>\n<meta name=\"twitter:card\" content=\"summary_large_image\" \/>\n<meta name=\"twitter:creator\" content=\"@webdo_tn\" \/>\n<meta name=\"twitter:site\" content=\"@webdo_tn\" \/>\n<meta name=\"twitter:label1\" content=\"\u00c9crit par\" \/>\n\t<meta name=\"twitter:data1\" content=\"MC\" \/>\n\t<meta name=\"twitter:label2\" content=\"Dur\u00e9e de lecture estim\u00e9e\" \/>\n\t<meta name=\"twitter:data2\" content=\"3 minutes\" \/>\n<script type=\"application\/ld+json\" class=\"yoast-schema-graph\">{\"@context\":\"https:\\\/\\\/schema.org\",\"@graph\":[{\"@type\":\"NewsArticle\",\"@id\":\"https:\\\/\\\/www.webdo.tn\\\/fr\\\/actualite\\\/national\\\/amnesty-international-appelle-a-l-annulation-des-condamnations-de-civils-par-des-tribunaux-militaires\\\/202550\\\/#article\",\"isPartOf\":{\"@id\":\"https:\\\/\\\/www.webdo.tn\\\/fr\\\/actualite\\\/national\\\/amnesty-international-appelle-a-l-annulation-des-condamnations-de-civils-par-des-tribunaux-militaires\\\/202550\\\/\"},\"author\":{\"name\":\"MC\",\"@id\":\"https:\\\/\\\/www.webdo.tn\\\/fr\\\/#\\\/schema\\\/person\\\/2c4929cbf5a809e3bd38617c6ce150f6\"},\"headline\":\"Amnesty International appelle \u00e0 l\u2019annulation des condamnations de civils par des tribunaux militaires\",\"datePublished\":\"2023-02-03T11:40:00+00:00\",\"dateModified\":\"2025-05-20T22:02:50+00:00\",\"mainEntityOfPage\":{\"@id\":\"https:\\\/\\\/www.webdo.tn\\\/fr\\\/actualite\\\/national\\\/amnesty-international-appelle-a-l-annulation-des-condamnations-de-civils-par-des-tribunaux-militaires\\\/202550\\\/\"},\"wordCount\":592,\"commentCount\":0,\"publisher\":{\"@id\":\"https:\\\/\\\/www.webdo.tn\\\/fr\\\/#organization\"},\"image\":{\"@id\":\"https:\\\/\\\/www.webdo.tn\\\/fr\\\/actualite\\\/national\\\/amnesty-international-appelle-a-l-annulation-des-condamnations-de-civils-par-des-tribunaux-militaires\\\/202550\\\/#primaryimage\"},\"thumbnailUrl\":\"https:\\\/\\\/www.webdo.tn\\\/fr\\\/wp-content\\\/uploads\\\/2023\\\/02\\\/c42ae038c45afa41c66caa8309c194a2.jpg\",\"keywords\":[\"Affaire de l'aeroport\",\"Amnesty international\",\"justice militaire\",\"Kais Saied\"],\"articleSection\":[\"National\"],\"inLanguage\":\"fr-FR\"},{\"@type\":\"WebPage\",\"@id\":\"https:\\\/\\\/www.webdo.tn\\\/fr\\\/actualite\\\/national\\\/amnesty-international-appelle-a-l-annulation-des-condamnations-de-civils-par-des-tribunaux-militaires\\\/202550\\\/\",\"url\":\"https:\\\/\\\/www.webdo.tn\\\/fr\\\/actualite\\\/national\\\/amnesty-international-appelle-a-l-annulation-des-condamnations-de-civils-par-des-tribunaux-militaires\\\/202550\\\/\",\"name\":\"Amnesty International appelle \u00e0 l\u2019annulation des condamnations de civils par des tribunaux militaires\",\"isPartOf\":{\"@id\":\"https:\\\/\\\/www.webdo.tn\\\/fr\\\/#website\"},\"primaryImageOfPage\":{\"@id\":\"https:\\\/\\\/www.webdo.tn\\\/fr\\\/actualite\\\/national\\\/amnesty-international-appelle-a-l-annulation-des-condamnations-de-civils-par-des-tribunaux-militaires\\\/202550\\\/#primaryimage\"},\"image\":{\"@id\":\"https:\\\/\\\/www.webdo.tn\\\/fr\\\/actualite\\\/national\\\/amnesty-international-appelle-a-l-annulation-des-condamnations-de-civils-par-des-tribunaux-militaires\\\/202550\\\/#primaryimage\"},\"thumbnailUrl\":\"https:\\\/\\\/www.webdo.tn\\\/fr\\\/wp-content\\\/uploads\\\/2023\\\/02\\\/c42ae038c45afa41c66caa8309c194a2.jpg\",\"datePublished\":\"2023-02-03T11:40:00+00:00\",\"dateModified\":\"2025-05-20T22:02:50+00:00\",\"description\":\"Amnesty International revient sur l\u2019affaire de l\u2019a\u00e9roport en marge de laquelle Seifeddine Makhlouf, Maher Zid, Nidhal Saoudi, et Mohamed Affes ainsi que l\u2019avoca...\",\"breadcrumb\":{\"@id\":\"https:\\\/\\\/www.webdo.tn\\\/fr\\\/actualite\\\/national\\\/amnesty-international-appelle-a-l-annulation-des-condamnations-de-civils-par-des-tribunaux-militaires\\\/202550\\\/#breadcrumb\"},\"inLanguage\":\"fr-FR\",\"potentialAction\":[{\"@type\":\"ReadAction\",\"target\":[\"https:\\\/\\\/www.webdo.tn\\\/fr\\\/actualite\\\/national\\\/amnesty-international-appelle-a-l-annulation-des-condamnations-de-civils-par-des-tribunaux-militaires\\\/202550\\\/\"]}]},{\"@type\":\"ImageObject\",\"inLanguage\":\"fr-FR\",\"@id\":\"https:\\\/\\\/www.webdo.tn\\\/fr\\\/actualite\\\/national\\\/amnesty-international-appelle-a-l-annulation-des-condamnations-de-civils-par-des-tribunaux-militaires\\\/202550\\\/#primaryimage\",\"url\":\"https:\\\/\\\/www.webdo.tn\\\/fr\\\/wp-content\\\/uploads\\\/2023\\\/02\\\/c42ae038c45afa41c66caa8309c194a2.jpg\",\"contentUrl\":\"https:\\\/\\\/www.webdo.tn\\\/fr\\\/wp-content\\\/uploads\\\/2023\\\/02\\\/c42ae038c45afa41c66caa8309c194a2.jpg\",\"width\":512,\"height\":273,\"caption\":\"Amnesty International appelle \u00e0 l\u2019annulation des condamnations de civils par des tribunaux militaires\"},{\"@type\":\"BreadcrumbList\",\"@id\":\"https:\\\/\\\/www.webdo.tn\\\/fr\\\/actualite\\\/national\\\/amnesty-international-appelle-a-l-annulation-des-condamnations-de-civils-par-des-tribunaux-militaires\\\/202550\\\/#breadcrumb\",\"itemListElement\":[{\"@type\":\"ListItem\",\"position\":1,\"name\":\"Accueil\",\"item\":\"https:\\\/\\\/www.webdo.tn\\\/fr\\\/\"},{\"@type\":\"ListItem\",\"position\":2,\"name\":\"Amnesty International appelle \u00e0 l\u2019annulation des condamnations de civils par des tribunaux militaires\"}]},{\"@type\":\"WebSite\",\"@id\":\"https:\\\/\\\/www.webdo.tn\\\/fr\\\/#website\",\"url\":\"https:\\\/\\\/www.webdo.tn\\\/fr\\\/\",\"name\":\"webdo\",\"description\":\"Tunisie - News en Tunisie et \u00e0 l&#039;international sur Webdo.tn\",\"publisher\":{\"@id\":\"https:\\\/\\\/www.webdo.tn\\\/fr\\\/#organization\"},\"potentialAction\":[{\"@type\":\"SearchAction\",\"target\":{\"@type\":\"EntryPoint\",\"urlTemplate\":\"https:\\\/\\\/www.webdo.tn\\\/fr\\\/?s={search_term_string}\"},\"query-input\":{\"@type\":\"PropertyValueSpecification\",\"valueRequired\":true,\"valueName\":\"search_term_string\"}}],\"inLanguage\":\"fr-FR\"},{\"@type\":\"Organization\",\"@id\":\"https:\\\/\\\/www.webdo.tn\\\/fr\\\/#organization\",\"name\":\"Webdo\",\"alternateName\":\"Webdo.tn\",\"url\":\"https:\\\/\\\/www.webdo.tn\\\/fr\\\/\",\"logo\":{\"@type\":\"ImageObject\",\"inLanguage\":\"fr-FR\",\"@id\":\"https:\\\/\\\/www.webdo.tn\\\/fr\\\/#\\\/schema\\\/logo\\\/image\\\/\",\"url\":\"https:\\\/\\\/www.webdo.tn\\\/fr\\\/wp-content\\\/uploads\\\/2025\\\/06\\\/Webdo-Tunisie_168377.jpg\",\"contentUrl\":\"https:\\\/\\\/www.webdo.tn\\\/fr\\\/wp-content\\\/uploads\\\/2025\\\/06\\\/Webdo-Tunisie_168377.jpg\",\"width\":301,\"height\":301,\"caption\":\"Webdo\"},\"image\":{\"@id\":\"https:\\\/\\\/www.webdo.tn\\\/fr\\\/#\\\/schema\\\/logo\\\/image\\\/\"},\"sameAs\":[\"https:\\\/\\\/www.facebook.com\\\/webdotn\",\"https:\\\/\\\/x.com\\\/webdo_tn\"],\"description\":\"Webdo est un m\u00e9dia num\u00e9rique tunisien fond\u00e9 en 2010, sp\u00e9cialis\u00e9 dans l\u2019actualit\u00e9 nationale et internationale, l\u2019\u00e9conomie, la soci\u00e9t\u00e9 et les analyses politiques. Le site s\u2019adresse \u00e0 un large public francophone et couvre l\u2019information tunisienne en temps r\u00e9el.\",\"email\":\"redac@webdo.tn\",\"legalName\":\"YNJ SARL\",\"foundingDate\":\"2010-09-06\",\"numberOfEmployees\":{\"@type\":\"QuantitativeValue\",\"minValue\":\"11\",\"maxValue\":\"50\"}},{\"@type\":\"Person\",\"@id\":\"https:\\\/\\\/www.webdo.tn\\\/fr\\\/#\\\/schema\\\/person\\\/2c4929cbf5a809e3bd38617c6ce150f6\",\"name\":\"MC\",\"image\":{\"@type\":\"ImageObject\",\"inLanguage\":\"fr-FR\",\"@id\":\"https:\\\/\\\/secure.gravatar.com\\\/avatar\\\/a545bbb6f84efdd5553dbbc2895e3ca8f1d12c5215e00a041c9670b54aa9b18a?s=96&d=mm&r=g\",\"url\":\"https:\\\/\\\/secure.gravatar.com\\\/avatar\\\/a545bbb6f84efdd5553dbbc2895e3ca8f1d12c5215e00a041c9670b54aa9b18a?s=96&d=mm&r=g\",\"contentUrl\":\"https:\\\/\\\/secure.gravatar.com\\\/avatar\\\/a545bbb6f84efdd5553dbbc2895e3ca8f1d12c5215e00a041c9670b54aa9b18a?s=96&d=mm&r=g\",\"caption\":\"MC\"},\"url\":\"https:\\\/\\\/www.webdo.tn\\\/fr\\\/actualite\\\/author\\\/mc\\\/\"}]}<\/script>\n<!-- \/ Yoast SEO Premium plugin. -->","yoast_head_json":{"title":"Amnesty International appelle \u00e0 l\u2019annulation des condamnations de civils par des tribunaux militaires","description":"Amnesty International revient sur l\u2019affaire de l\u2019a\u00e9roport en marge de laquelle Seifeddine Makhlouf, Maher Zid, Nidhal Saoudi, et Mohamed Affes ainsi que l\u2019avoca...","canonical":"https:\/\/www.webdo.tn\/fr\/actualite\/national\/amnesty-international-appelle-a-l-annulation-des-condamnations-de-civils-par-des-tribunaux-militaires\/202550\/","og_locale":"fr_FR","og_type":"article","og_title":"Amnesty International appelle \u00e0 l\u2019annulation des condamnations de civils par des tribunaux militaires","og_description":"Amnesty International revient sur l\u2019affaire de l\u2019a\u00e9roport en marge de laquelle Seifeddine Makhlouf, Maher Zid, Nidhal Saoudi, et Mohamed Affes ainsi que l\u2019avoca...","og_url":"https:\/\/www.webdo.tn\/fr\/actualite\/national\/amnesty-international-appelle-a-l-annulation-des-condamnations-de-civils-par-des-tribunaux-militaires\/202550\/","og_site_name":"webdo","article_publisher":"https:\/\/www.facebook.com\/webdotn","article_published_time":"2023-02-03T11:40:00+00:00","article_modified_time":"2025-05-20T22:02:50+00:00","og_image":[{"width":512,"height":273,"url":"https:\/\/www.webdo.tn\/fr\/wp-content\/uploads\/2023\/02\/c42ae038c45afa41c66caa8309c194a2.jpg","type":"image\/jpeg"}],"author":"MC","twitter_card":"summary_large_image","twitter_creator":"@webdo_tn","twitter_site":"@webdo_tn","twitter_misc":{"\u00c9crit par":"MC","Dur\u00e9e de lecture estim\u00e9e":"3 minutes"},"schema":{"@context":"https:\/\/schema.org","@graph":[{"@type":"NewsArticle","@id":"https:\/\/www.webdo.tn\/fr\/actualite\/national\/amnesty-international-appelle-a-l-annulation-des-condamnations-de-civils-par-des-tribunaux-militaires\/202550\/#article","isPartOf":{"@id":"https:\/\/www.webdo.tn\/fr\/actualite\/national\/amnesty-international-appelle-a-l-annulation-des-condamnations-de-civils-par-des-tribunaux-militaires\/202550\/"},"author":{"name":"MC","@id":"https:\/\/www.webdo.tn\/fr\/#\/schema\/person\/2c4929cbf5a809e3bd38617c6ce150f6"},"headline":"Amnesty International appelle \u00e0 l\u2019annulation des condamnations de civils par des tribunaux militaires","datePublished":"2023-02-03T11:40:00+00:00","dateModified":"2025-05-20T22:02:50+00:00","mainEntityOfPage":{"@id":"https:\/\/www.webdo.tn\/fr\/actualite\/national\/amnesty-international-appelle-a-l-annulation-des-condamnations-de-civils-par-des-tribunaux-militaires\/202550\/"},"wordCount":592,"commentCount":0,"publisher":{"@id":"https:\/\/www.webdo.tn\/fr\/#organization"},"image":{"@id":"https:\/\/www.webdo.tn\/fr\/actualite\/national\/amnesty-international-appelle-a-l-annulation-des-condamnations-de-civils-par-des-tribunaux-militaires\/202550\/#primaryimage"},"thumbnailUrl":"https:\/\/www.webdo.tn\/fr\/wp-content\/uploads\/2023\/02\/c42ae038c45afa41c66caa8309c194a2.jpg","keywords":["Affaire de l'aeroport","Amnesty international","justice militaire","Kais Saied"],"articleSection":["National"],"inLanguage":"fr-FR"},{"@type":"WebPage","@id":"https:\/\/www.webdo.tn\/fr\/actualite\/national\/amnesty-international-appelle-a-l-annulation-des-condamnations-de-civils-par-des-tribunaux-militaires\/202550\/","url":"https:\/\/www.webdo.tn\/fr\/actualite\/national\/amnesty-international-appelle-a-l-annulation-des-condamnations-de-civils-par-des-tribunaux-militaires\/202550\/","name":"Amnesty International appelle \u00e0 l\u2019annulation des condamnations de civils par des tribunaux militaires","isPartOf":{"@id":"https:\/\/www.webdo.tn\/fr\/#website"},"primaryImageOfPage":{"@id":"https:\/\/www.webdo.tn\/fr\/actualite\/national\/amnesty-international-appelle-a-l-annulation-des-condamnations-de-civils-par-des-tribunaux-militaires\/202550\/#primaryimage"},"image":{"@id":"https:\/\/www.webdo.tn\/fr\/actualite\/national\/amnesty-international-appelle-a-l-annulation-des-condamnations-de-civils-par-des-tribunaux-militaires\/202550\/#primaryimage"},"thumbnailUrl":"https:\/\/www.webdo.tn\/fr\/wp-content\/uploads\/2023\/02\/c42ae038c45afa41c66caa8309c194a2.jpg","datePublished":"2023-02-03T11:40:00+00:00","dateModified":"2025-05-20T22:02:50+00:00","description":"Amnesty International revient sur l\u2019affaire de l\u2019a\u00e9roport en marge de laquelle Seifeddine Makhlouf, Maher Zid, Nidhal Saoudi, et Mohamed Affes ainsi que l\u2019avoca...","breadcrumb":{"@id":"https:\/\/www.webdo.tn\/fr\/actualite\/national\/amnesty-international-appelle-a-l-annulation-des-condamnations-de-civils-par-des-tribunaux-militaires\/202550\/#breadcrumb"},"inLanguage":"fr-FR","potentialAction":[{"@type":"ReadAction","target":["https:\/\/www.webdo.tn\/fr\/actualite\/national\/amnesty-international-appelle-a-l-annulation-des-condamnations-de-civils-par-des-tribunaux-militaires\/202550\/"]}]},{"@type":"ImageObject","inLanguage":"fr-FR","@id":"https:\/\/www.webdo.tn\/fr\/actualite\/national\/amnesty-international-appelle-a-l-annulation-des-condamnations-de-civils-par-des-tribunaux-militaires\/202550\/#primaryimage","url":"https:\/\/www.webdo.tn\/fr\/wp-content\/uploads\/2023\/02\/c42ae038c45afa41c66caa8309c194a2.jpg","contentUrl":"https:\/\/www.webdo.tn\/fr\/wp-content\/uploads\/2023\/02\/c42ae038c45afa41c66caa8309c194a2.jpg","width":512,"height":273,"caption":"Amnesty International appelle \u00e0 l\u2019annulation des condamnations de civils par des tribunaux militaires"},{"@type":"BreadcrumbList","@id":"https:\/\/www.webdo.tn\/fr\/actualite\/national\/amnesty-international-appelle-a-l-annulation-des-condamnations-de-civils-par-des-tribunaux-militaires\/202550\/#breadcrumb","itemListElement":[{"@type":"ListItem","position":1,"name":"Accueil","item":"https:\/\/www.webdo.tn\/fr\/"},{"@type":"ListItem","position":2,"name":"Amnesty International appelle \u00e0 l\u2019annulation des condamnations de civils par des tribunaux militaires"}]},{"@type":"WebSite","@id":"https:\/\/www.webdo.tn\/fr\/#website","url":"https:\/\/www.webdo.tn\/fr\/","name":"webdo","description":"Tunisie - News en Tunisie et \u00e0 l&#039;international sur Webdo.tn","publisher":{"@id":"https:\/\/www.webdo.tn\/fr\/#organization"},"potentialAction":[{"@type":"SearchAction","target":{"@type":"EntryPoint","urlTemplate":"https:\/\/www.webdo.tn\/fr\/?s={search_term_string}"},"query-input":{"@type":"PropertyValueSpecification","valueRequired":true,"valueName":"search_term_string"}}],"inLanguage":"fr-FR"},{"@type":"Organization","@id":"https:\/\/www.webdo.tn\/fr\/#organization","name":"Webdo","alternateName":"Webdo.tn","url":"https:\/\/www.webdo.tn\/fr\/","logo":{"@type":"ImageObject","inLanguage":"fr-FR","@id":"https:\/\/www.webdo.tn\/fr\/#\/schema\/logo\/image\/","url":"https:\/\/www.webdo.tn\/fr\/wp-content\/uploads\/2025\/06\/Webdo-Tunisie_168377.jpg","contentUrl":"https:\/\/www.webdo.tn\/fr\/wp-content\/uploads\/2025\/06\/Webdo-Tunisie_168377.jpg","width":301,"height":301,"caption":"Webdo"},"image":{"@id":"https:\/\/www.webdo.tn\/fr\/#\/schema\/logo\/image\/"},"sameAs":["https:\/\/www.facebook.com\/webdotn","https:\/\/x.com\/webdo_tn"],"description":"Webdo est un m\u00e9dia num\u00e9rique tunisien fond\u00e9 en 2010, sp\u00e9cialis\u00e9 dans l\u2019actualit\u00e9 nationale et internationale, l\u2019\u00e9conomie, la soci\u00e9t\u00e9 et les analyses politiques. Le site s\u2019adresse \u00e0 un large public francophone et couvre l\u2019information tunisienne en temps r\u00e9el.","email":"redac@webdo.tn","legalName":"YNJ SARL","foundingDate":"2010-09-06","numberOfEmployees":{"@type":"QuantitativeValue","minValue":"11","maxValue":"50"}},{"@type":"Person","@id":"https:\/\/www.webdo.tn\/fr\/#\/schema\/person\/2c4929cbf5a809e3bd38617c6ce150f6","name":"MC","image":{"@type":"ImageObject","inLanguage":"fr-FR","@id":"https:\/\/secure.gravatar.com\/avatar\/a545bbb6f84efdd5553dbbc2895e3ca8f1d12c5215e00a041c9670b54aa9b18a?s=96&d=mm&r=g","url":"https:\/\/secure.gravatar.com\/avatar\/a545bbb6f84efdd5553dbbc2895e3ca8f1d12c5215e00a041c9670b54aa9b18a?s=96&d=mm&r=g","contentUrl":"https:\/\/secure.gravatar.com\/avatar\/a545bbb6f84efdd5553dbbc2895e3ca8f1d12c5215e00a041c9670b54aa9b18a?s=96&d=mm&r=g","caption":"MC"},"url":"https:\/\/www.webdo.tn\/fr\/actualite\/author\/mc\/"}]}},"_links":{"self":[{"href":"https:\/\/www.webdo.tn\/fr\/wp-json\/wp\/v2\/posts\/202550","targetHints":{"allow":["GET"]}}],"collection":[{"href":"https:\/\/www.webdo.tn\/fr\/wp-json\/wp\/v2\/posts"}],"about":[{"href":"https:\/\/www.webdo.tn\/fr\/wp-json\/wp\/v2\/types\/post"}],"author":[{"embeddable":true,"href":"https:\/\/www.webdo.tn\/fr\/wp-json\/wp\/v2\/users\/3162"}],"replies":[{"embeddable":true,"href":"https:\/\/www.webdo.tn\/fr\/wp-json\/wp\/v2\/comments?post=202550"}],"version-history":[{"count":0,"href":"https:\/\/www.webdo.tn\/fr\/wp-json\/wp\/v2\/posts\/202550\/revisions"}],"wp:featuredmedia":[{"embeddable":true,"href":"https:\/\/www.webdo.tn\/fr\/wp-json\/wp\/v2\/media\/252327"}],"wp:attachment":[{"href":"https:\/\/www.webdo.tn\/fr\/wp-json\/wp\/v2\/media?parent=202550"}],"wp:term":[{"taxonomy":"category","embeddable":true,"href":"https:\/\/www.webdo.tn\/fr\/wp-json\/wp\/v2\/categories?post=202550"},{"taxonomy":"post_tag","embeddable":true,"href":"https:\/\/www.webdo.tn\/fr\/wp-json\/wp\/v2\/tags?post=202550"}],"curies":[{"name":"wp","href":"https:\/\/api.w.org\/{rel}","templated":true}]}}