{"id":202535,"date":"2023-02-02T20:40:00","date_gmt":"2023-02-02T20:40:00","guid":{"rendered":"https:\/\/www.webdo.tn\/fr\/blog\/mandat-de-depot-contre-le-secretaire-general-du-syndicat-des-autoroutes\/202535\/"},"modified":"2025-05-20T22:02:48","modified_gmt":"2025-05-20T22:02:48","slug":"mandat-de-depot-contre-le-secretaire-general-du-syndicat-des-autoroutes","status":"publish","type":"post","link":"https:\/\/www.webdo.tn\/fr\/actualite\/national\/mandat-de-depot-contre-le-secretaire-general-du-syndicat-des-autoroutes\/202535\/","title":{"rendered":"Mandat de d\u00e9p\u00f4t contre le Secr\u00e9taire g\u00e9n\u00e9ral du syndicat des autoroutes"},"content":{"rendered":"<p>Le juge d&rsquo;instruction du Tribunal de premi\u00e8re instance de Tunis a \u00e9mis, dans la soir\u00e9e de ce jeudi 2 f\u00e9vrier 2023, un mandat de d\u00e9p\u00f4t contre le secr\u00e9taire g\u00e9n\u00e9ral du Syndicat de Tunisie autoroutes.<\/p>\n<p>\t\t\t\t\t\t\t\t\tAnis Kaabi avait \u00e9t\u00e9 arr\u00eat\u00e9, hier sur fond de la gr\u00e8ve d\u00e9cid\u00e9e par les agents de Tunisie Autoroutes pour r\u00e9clamer le renouvellement de l\u2019accord d\u2019exploitation de l\u2019autoroute A1 (Hammam-Lif-M&rsquo;saken).<\/p>\n<p>Le minist\u00e8re public a autoris\u00e9 aux agents de la Direction d&rsquo;El Gorjani de placer en garde \u00e0 vue, apr\u00e8s une plainte d\u00e9pos\u00e9e par le repr\u00e9sentant l\u00e9gal de la soci\u00e9t\u00e9 Tunisie autoroutes pour des accusations li\u00e9es \u00e0 des dommages \u00e0 la direction ayant caus\u00e9 des pertes financi\u00e8res importantes \u00e0 la soci\u00e9t\u00e9, selon un communiqu\u00e9 du parquet.<\/p>\n<p>En marge de cette affaire, le bureau ex\u00e9cutif de l\u2019UGTT avait tenu une r\u00e9union et fustig\u00e9 l\u2019arrestation du premier responsable du syndicat de Tunisie Autoroutes, mettant en garde contre l\u2019atteinte au droit syndical, affirmant que l\u2019UGTT fait face \u00e0 une campagne d\u2019acharnement.<\/p>\n<p>Rappelons que mardi, depuis la caserne de l\u2019Aouina, le chef de l\u2019Etat Kais Saied s\u2019est prononc\u00e9 sur l\u2019\u0153uvre syndicale en Tunisie, pointant du doigt les individus qui s&rsquo;acharnent \u00e0 bloquer les routes et les voies ferr\u00e9es.<\/p>\n<p>Ces affirmations ont \u00e9t\u00e9 rapidement intercept\u00e9es par la centrale syndicale dont la r\u00e9ponse n\u2019a pas tard\u00e9. C\u2019est son secr\u00e9taire-g\u00e9n\u00e9ral adjoint Sami Tahri qui a rappel\u00e9 que ce m\u00eame discours avait \u00e9t\u00e9 adopt\u00e9 par Bourguiba et Ben Ali et que par la suite des arrestations et des poursuites avaient eu lieu.<\/p>\n","protected":false},"excerpt":{"rendered":"<p>Le juge d&rsquo;instruction du Tribunal de premi\u00e8re instance de Tunis a \u00e9mis, dans la soir\u00e9e de ce jeudi 2 f\u00e9vrier 2023, un mandat de d\u00e9p\u00f4t contre le secr\u00e9taire g\u00e9n\u00e9r&#8230;<\/p>\n","protected":false},"author":3162,"featured_media":252316,"comment_status":"open","ping_status":"closed","sticky":false,"template":"","format":"standard","meta":{"footnotes":""},"categories":[44],"tags":[2966,3093,2649],"class_list":["post-202535","post","type-post","status-publish","format-standard","has-post-thumbnail","hentry","category-national","tag-arrestation","tag-syndicat","tag-ugtt"],"yoast_head":"<!-- This site is optimized with the Yoast SEO Premium plugin v27.4 (Yoast SEO v27.5) - https:\/\/yoast.com\/product\/yoast-seo-premium-wordpress\/ -->\n<title>Mandat de d\u00e9p\u00f4t contre le Secr\u00e9taire g\u00e9n\u00e9ral du syndicat des autoroutes<\/title>\n<meta name=\"description\" content=\"Le juge d&#039;instruction du Tribunal de premi\u00e8re instance de Tunis a \u00e9mis, dans la soir\u00e9e de ce jeudi 2 f\u00e9vrier 2023, un mandat de d\u00e9p\u00f4t contre le secr\u00e9taire g\u00e9n\u00e9r...\" \/>\n<link rel=\"canonical\" href=\"https:\/\/www.webdo.tn\/fr\/actualite\/national\/mandat-de-depot-contre-le-secretaire-general-du-syndicat-des-autoroutes\/202535\/\" \/>\n<meta property=\"og:locale\" content=\"fr_FR\" \/>\n<meta property=\"og:type\" content=\"article\" \/>\n<meta property=\"og:title\" content=\"Mandat de d\u00e9p\u00f4t contre le Secr\u00e9taire g\u00e9n\u00e9ral du syndicat des autoroutes\" \/>\n<meta property=\"og:description\" content=\"Le juge d&#039;instruction du Tribunal de premi\u00e8re instance de Tunis a \u00e9mis, dans la soir\u00e9e de ce jeudi 2 f\u00e9vrier 2023, un mandat de d\u00e9p\u00f4t contre le secr\u00e9taire g\u00e9n\u00e9r...\" \/>\n<meta property=\"og:url\" content=\"https:\/\/www.webdo.tn\/fr\/actualite\/national\/mandat-de-depot-contre-le-secretaire-general-du-syndicat-des-autoroutes\/202535\/\" \/>\n<meta property=\"og:site_name\" content=\"webdo\" \/>\n<meta property=\"article:publisher\" content=\"https:\/\/www.facebook.com\/webdotn\" \/>\n<meta property=\"article:published_time\" content=\"2023-02-02T20:40:00+00:00\" \/>\n<meta property=\"article:modified_time\" content=\"2025-05-20T22:02:48+00:00\" \/>\n<meta property=\"og:image\" content=\"https:\/\/www.webdo.tn\/fr\/wp-content\/uploads\/2023\/02\/85f54c997d4706b9171c67ae072dd2d6.png\" \/>\n\t<meta property=\"og:image:width\" content=\"650\" \/>\n\t<meta property=\"og:image:height\" content=\"347\" \/>\n\t<meta property=\"og:image:type\" content=\"image\/png\" \/>\n<meta name=\"author\" content=\"MC\" \/>\n<meta name=\"twitter:card\" content=\"summary_large_image\" \/>\n<meta name=\"twitter:creator\" content=\"@webdo_tn\" \/>\n<meta name=\"twitter:site\" content=\"@webdo_tn\" \/>\n<meta name=\"twitter:label1\" content=\"\u00c9crit par\" \/>\n\t<meta name=\"twitter:data1\" content=\"MC\" \/>\n\t<meta name=\"twitter:label2\" content=\"Dur\u00e9e de lecture estim\u00e9e\" \/>\n\t<meta name=\"twitter:data2\" content=\"1 minute\" \/>\n<script type=\"application\/ld+json\" class=\"yoast-schema-graph\">{\"@context\":\"https:\\\/\\\/schema.org\",\"@graph\":[{\"@type\":\"NewsArticle\",\"@id\":\"https:\\\/\\\/www.webdo.tn\\\/fr\\\/actualite\\\/national\\\/mandat-de-depot-contre-le-secretaire-general-du-syndicat-des-autoroutes\\\/202535\\\/#article\",\"isPartOf\":{\"@id\":\"https:\\\/\\\/www.webdo.tn\\\/fr\\\/actualite\\\/national\\\/mandat-de-depot-contre-le-secretaire-general-du-syndicat-des-autoroutes\\\/202535\\\/\"},\"author\":{\"name\":\"MC\",\"@id\":\"https:\\\/\\\/www.webdo.tn\\\/fr\\\/#\\\/schema\\\/person\\\/2c4929cbf5a809e3bd38617c6ce150f6\"},\"headline\":\"Mandat de d\u00e9p\u00f4t contre le Secr\u00e9taire g\u00e9n\u00e9ral du syndicat des autoroutes\",\"datePublished\":\"2023-02-02T20:40:00+00:00\",\"dateModified\":\"2025-05-20T22:02:48+00:00\",\"mainEntityOfPage\":{\"@id\":\"https:\\\/\\\/www.webdo.tn\\\/fr\\\/actualite\\\/national\\\/mandat-de-depot-contre-le-secretaire-general-du-syndicat-des-autoroutes\\\/202535\\\/\"},\"wordCount\":304,\"commentCount\":0,\"publisher\":{\"@id\":\"https:\\\/\\\/www.webdo.tn\\\/fr\\\/#organization\"},\"image\":{\"@id\":\"https:\\\/\\\/www.webdo.tn\\\/fr\\\/actualite\\\/national\\\/mandat-de-depot-contre-le-secretaire-general-du-syndicat-des-autoroutes\\\/202535\\\/#primaryimage\"},\"thumbnailUrl\":\"https:\\\/\\\/www.webdo.tn\\\/fr\\\/wp-content\\\/uploads\\\/2023\\\/02\\\/85f54c997d4706b9171c67ae072dd2d6.png\",\"keywords\":[\"arrestation\",\"syndicat\",\"UGTT\"],\"articleSection\":[\"National\"],\"inLanguage\":\"fr-FR\"},{\"@type\":\"WebPage\",\"@id\":\"https:\\\/\\\/www.webdo.tn\\\/fr\\\/actualite\\\/national\\\/mandat-de-depot-contre-le-secretaire-general-du-syndicat-des-autoroutes\\\/202535\\\/\",\"url\":\"https:\\\/\\\/www.webdo.tn\\\/fr\\\/actualite\\\/national\\\/mandat-de-depot-contre-le-secretaire-general-du-syndicat-des-autoroutes\\\/202535\\\/\",\"name\":\"Mandat de d\u00e9p\u00f4t contre le Secr\u00e9taire g\u00e9n\u00e9ral du syndicat des autoroutes\",\"isPartOf\":{\"@id\":\"https:\\\/\\\/www.webdo.tn\\\/fr\\\/#website\"},\"primaryImageOfPage\":{\"@id\":\"https:\\\/\\\/www.webdo.tn\\\/fr\\\/actualite\\\/national\\\/mandat-de-depot-contre-le-secretaire-general-du-syndicat-des-autoroutes\\\/202535\\\/#primaryimage\"},\"image\":{\"@id\":\"https:\\\/\\\/www.webdo.tn\\\/fr\\\/actualite\\\/national\\\/mandat-de-depot-contre-le-secretaire-general-du-syndicat-des-autoroutes\\\/202535\\\/#primaryimage\"},\"thumbnailUrl\":\"https:\\\/\\\/www.webdo.tn\\\/fr\\\/wp-content\\\/uploads\\\/2023\\\/02\\\/85f54c997d4706b9171c67ae072dd2d6.png\",\"datePublished\":\"2023-02-02T20:40:00+00:00\",\"dateModified\":\"2025-05-20T22:02:48+00:00\",\"description\":\"Le juge d'instruction du Tribunal de premi\u00e8re instance de Tunis a \u00e9mis, dans la soir\u00e9e de ce jeudi 2 f\u00e9vrier 2023, un mandat de d\u00e9p\u00f4t contre le secr\u00e9taire g\u00e9n\u00e9r...\",\"breadcrumb\":{\"@id\":\"https:\\\/\\\/www.webdo.tn\\\/fr\\\/actualite\\\/national\\\/mandat-de-depot-contre-le-secretaire-general-du-syndicat-des-autoroutes\\\/202535\\\/#breadcrumb\"},\"inLanguage\":\"fr-FR\",\"potentialAction\":[{\"@type\":\"ReadAction\",\"target\":[\"https:\\\/\\\/www.webdo.tn\\\/fr\\\/actualite\\\/national\\\/mandat-de-depot-contre-le-secretaire-general-du-syndicat-des-autoroutes\\\/202535\\\/\"]}]},{\"@type\":\"ImageObject\",\"inLanguage\":\"fr-FR\",\"@id\":\"https:\\\/\\\/www.webdo.tn\\\/fr\\\/actualite\\\/national\\\/mandat-de-depot-contre-le-secretaire-general-du-syndicat-des-autoroutes\\\/202535\\\/#primaryimage\",\"url\":\"https:\\\/\\\/www.webdo.tn\\\/fr\\\/wp-content\\\/uploads\\\/2023\\\/02\\\/85f54c997d4706b9171c67ae072dd2d6.png\",\"contentUrl\":\"https:\\\/\\\/www.webdo.tn\\\/fr\\\/wp-content\\\/uploads\\\/2023\\\/02\\\/85f54c997d4706b9171c67ae072dd2d6.png\",\"width\":650,\"height\":347,\"caption\":\"Mandat de d\u00e9p\u00f4t contre le Secr\u00e9taire g\u00e9n\u00e9ral du syndicat des autoroutes\"},{\"@type\":\"BreadcrumbList\",\"@id\":\"https:\\\/\\\/www.webdo.tn\\\/fr\\\/actualite\\\/national\\\/mandat-de-depot-contre-le-secretaire-general-du-syndicat-des-autoroutes\\\/202535\\\/#breadcrumb\",\"itemListElement\":[{\"@type\":\"ListItem\",\"position\":1,\"name\":\"Accueil\",\"item\":\"https:\\\/\\\/www.webdo.tn\\\/fr\\\/\"},{\"@type\":\"ListItem\",\"position\":2,\"name\":\"Mandat de d\u00e9p\u00f4t contre le Secr\u00e9taire g\u00e9n\u00e9ral du syndicat des autoroutes\"}]},{\"@type\":\"WebSite\",\"@id\":\"https:\\\/\\\/www.webdo.tn\\\/fr\\\/#website\",\"url\":\"https:\\\/\\\/www.webdo.tn\\\/fr\\\/\",\"name\":\"webdo\",\"description\":\"Tunisie - News en Tunisie et \u00e0 l&#039;international sur Webdo.tn\",\"publisher\":{\"@id\":\"https:\\\/\\\/www.webdo.tn\\\/fr\\\/#organization\"},\"potentialAction\":[{\"@type\":\"SearchAction\",\"target\":{\"@type\":\"EntryPoint\",\"urlTemplate\":\"https:\\\/\\\/www.webdo.tn\\\/fr\\\/?s={search_term_string}\"},\"query-input\":{\"@type\":\"PropertyValueSpecification\",\"valueRequired\":true,\"valueName\":\"search_term_string\"}}],\"inLanguage\":\"fr-FR\"},{\"@type\":\"Organization\",\"@id\":\"https:\\\/\\\/www.webdo.tn\\\/fr\\\/#organization\",\"name\":\"Webdo\",\"alternateName\":\"Webdo.tn\",\"url\":\"https:\\\/\\\/www.webdo.tn\\\/fr\\\/\",\"logo\":{\"@type\":\"ImageObject\",\"inLanguage\":\"fr-FR\",\"@id\":\"https:\\\/\\\/www.webdo.tn\\\/fr\\\/#\\\/schema\\\/logo\\\/image\\\/\",\"url\":\"https:\\\/\\\/www.webdo.tn\\\/fr\\\/wp-content\\\/uploads\\\/2025\\\/06\\\/Webdo-Tunisie_168377.jpg\",\"contentUrl\":\"https:\\\/\\\/www.webdo.tn\\\/fr\\\/wp-content\\\/uploads\\\/2025\\\/06\\\/Webdo-Tunisie_168377.jpg\",\"width\":301,\"height\":301,\"caption\":\"Webdo\"},\"image\":{\"@id\":\"https:\\\/\\\/www.webdo.tn\\\/fr\\\/#\\\/schema\\\/logo\\\/image\\\/\"},\"sameAs\":[\"https:\\\/\\\/www.facebook.com\\\/webdotn\",\"https:\\\/\\\/x.com\\\/webdo_tn\"],\"description\":\"Webdo est un m\u00e9dia num\u00e9rique tunisien fond\u00e9 en 2010, sp\u00e9cialis\u00e9 dans l\u2019actualit\u00e9 nationale et internationale, l\u2019\u00e9conomie, la soci\u00e9t\u00e9 et les analyses politiques. Le site s\u2019adresse \u00e0 un large public francophone et couvre l\u2019information tunisienne en temps r\u00e9el.\",\"email\":\"redac@webdo.tn\",\"legalName\":\"YNJ SARL\",\"foundingDate\":\"2010-09-06\",\"numberOfEmployees\":{\"@type\":\"QuantitativeValue\",\"minValue\":\"11\",\"maxValue\":\"50\"}},{\"@type\":\"Person\",\"@id\":\"https:\\\/\\\/www.webdo.tn\\\/fr\\\/#\\\/schema\\\/person\\\/2c4929cbf5a809e3bd38617c6ce150f6\",\"name\":\"MC\",\"image\":{\"@type\":\"ImageObject\",\"inLanguage\":\"fr-FR\",\"@id\":\"https:\\\/\\\/secure.gravatar.com\\\/avatar\\\/a545bbb6f84efdd5553dbbc2895e3ca8f1d12c5215e00a041c9670b54aa9b18a?s=96&d=mm&r=g\",\"url\":\"https:\\\/\\\/secure.gravatar.com\\\/avatar\\\/a545bbb6f84efdd5553dbbc2895e3ca8f1d12c5215e00a041c9670b54aa9b18a?s=96&d=mm&r=g\",\"contentUrl\":\"https:\\\/\\\/secure.gravatar.com\\\/avatar\\\/a545bbb6f84efdd5553dbbc2895e3ca8f1d12c5215e00a041c9670b54aa9b18a?s=96&d=mm&r=g\",\"caption\":\"MC\"},\"url\":\"https:\\\/\\\/www.webdo.tn\\\/fr\\\/actualite\\\/author\\\/mc\\\/\"}]}<\/script>\n<!-- \/ Yoast SEO Premium plugin. -->","yoast_head_json":{"title":"Mandat de d\u00e9p\u00f4t contre le Secr\u00e9taire g\u00e9n\u00e9ral du syndicat des autoroutes","description":"Le juge d'instruction du Tribunal de premi\u00e8re instance de Tunis a \u00e9mis, dans la soir\u00e9e de ce jeudi 2 f\u00e9vrier 2023, un mandat de d\u00e9p\u00f4t contre le secr\u00e9taire g\u00e9n\u00e9r...","canonical":"https:\/\/www.webdo.tn\/fr\/actualite\/national\/mandat-de-depot-contre-le-secretaire-general-du-syndicat-des-autoroutes\/202535\/","og_locale":"fr_FR","og_type":"article","og_title":"Mandat de d\u00e9p\u00f4t contre le Secr\u00e9taire g\u00e9n\u00e9ral du syndicat des autoroutes","og_description":"Le juge d'instruction du Tribunal de premi\u00e8re instance de Tunis a \u00e9mis, dans la soir\u00e9e de ce jeudi 2 f\u00e9vrier 2023, un mandat de d\u00e9p\u00f4t contre le secr\u00e9taire g\u00e9n\u00e9r...","og_url":"https:\/\/www.webdo.tn\/fr\/actualite\/national\/mandat-de-depot-contre-le-secretaire-general-du-syndicat-des-autoroutes\/202535\/","og_site_name":"webdo","article_publisher":"https:\/\/www.facebook.com\/webdotn","article_published_time":"2023-02-02T20:40:00+00:00","article_modified_time":"2025-05-20T22:02:48+00:00","og_image":[{"width":650,"height":347,"url":"https:\/\/www.webdo.tn\/fr\/wp-content\/uploads\/2023\/02\/85f54c997d4706b9171c67ae072dd2d6.png","type":"image\/png"}],"author":"MC","twitter_card":"summary_large_image","twitter_creator":"@webdo_tn","twitter_site":"@webdo_tn","twitter_misc":{"\u00c9crit par":"MC","Dur\u00e9e de lecture estim\u00e9e":"1 minute"},"schema":{"@context":"https:\/\/schema.org","@graph":[{"@type":"NewsArticle","@id":"https:\/\/www.webdo.tn\/fr\/actualite\/national\/mandat-de-depot-contre-le-secretaire-general-du-syndicat-des-autoroutes\/202535\/#article","isPartOf":{"@id":"https:\/\/www.webdo.tn\/fr\/actualite\/national\/mandat-de-depot-contre-le-secretaire-general-du-syndicat-des-autoroutes\/202535\/"},"author":{"name":"MC","@id":"https:\/\/www.webdo.tn\/fr\/#\/schema\/person\/2c4929cbf5a809e3bd38617c6ce150f6"},"headline":"Mandat de d\u00e9p\u00f4t contre le Secr\u00e9taire g\u00e9n\u00e9ral du syndicat des autoroutes","datePublished":"2023-02-02T20:40:00+00:00","dateModified":"2025-05-20T22:02:48+00:00","mainEntityOfPage":{"@id":"https:\/\/www.webdo.tn\/fr\/actualite\/national\/mandat-de-depot-contre-le-secretaire-general-du-syndicat-des-autoroutes\/202535\/"},"wordCount":304,"commentCount":0,"publisher":{"@id":"https:\/\/www.webdo.tn\/fr\/#organization"},"image":{"@id":"https:\/\/www.webdo.tn\/fr\/actualite\/national\/mandat-de-depot-contre-le-secretaire-general-du-syndicat-des-autoroutes\/202535\/#primaryimage"},"thumbnailUrl":"https:\/\/www.webdo.tn\/fr\/wp-content\/uploads\/2023\/02\/85f54c997d4706b9171c67ae072dd2d6.png","keywords":["arrestation","syndicat","UGTT"],"articleSection":["National"],"inLanguage":"fr-FR"},{"@type":"WebPage","@id":"https:\/\/www.webdo.tn\/fr\/actualite\/national\/mandat-de-depot-contre-le-secretaire-general-du-syndicat-des-autoroutes\/202535\/","url":"https:\/\/www.webdo.tn\/fr\/actualite\/national\/mandat-de-depot-contre-le-secretaire-general-du-syndicat-des-autoroutes\/202535\/","name":"Mandat de d\u00e9p\u00f4t contre le Secr\u00e9taire g\u00e9n\u00e9ral du syndicat des autoroutes","isPartOf":{"@id":"https:\/\/www.webdo.tn\/fr\/#website"},"primaryImageOfPage":{"@id":"https:\/\/www.webdo.tn\/fr\/actualite\/national\/mandat-de-depot-contre-le-secretaire-general-du-syndicat-des-autoroutes\/202535\/#primaryimage"},"image":{"@id":"https:\/\/www.webdo.tn\/fr\/actualite\/national\/mandat-de-depot-contre-le-secretaire-general-du-syndicat-des-autoroutes\/202535\/#primaryimage"},"thumbnailUrl":"https:\/\/www.webdo.tn\/fr\/wp-content\/uploads\/2023\/02\/85f54c997d4706b9171c67ae072dd2d6.png","datePublished":"2023-02-02T20:40:00+00:00","dateModified":"2025-05-20T22:02:48+00:00","description":"Le juge d'instruction du Tribunal de premi\u00e8re instance de Tunis a \u00e9mis, dans la soir\u00e9e de ce jeudi 2 f\u00e9vrier 2023, un mandat de d\u00e9p\u00f4t contre le secr\u00e9taire g\u00e9n\u00e9r...","breadcrumb":{"@id":"https:\/\/www.webdo.tn\/fr\/actualite\/national\/mandat-de-depot-contre-le-secretaire-general-du-syndicat-des-autoroutes\/202535\/#breadcrumb"},"inLanguage":"fr-FR","potentialAction":[{"@type":"ReadAction","target":["https:\/\/www.webdo.tn\/fr\/actualite\/national\/mandat-de-depot-contre-le-secretaire-general-du-syndicat-des-autoroutes\/202535\/"]}]},{"@type":"ImageObject","inLanguage":"fr-FR","@id":"https:\/\/www.webdo.tn\/fr\/actualite\/national\/mandat-de-depot-contre-le-secretaire-general-du-syndicat-des-autoroutes\/202535\/#primaryimage","url":"https:\/\/www.webdo.tn\/fr\/wp-content\/uploads\/2023\/02\/85f54c997d4706b9171c67ae072dd2d6.png","contentUrl":"https:\/\/www.webdo.tn\/fr\/wp-content\/uploads\/2023\/02\/85f54c997d4706b9171c67ae072dd2d6.png","width":650,"height":347,"caption":"Mandat de d\u00e9p\u00f4t contre le Secr\u00e9taire g\u00e9n\u00e9ral du syndicat des autoroutes"},{"@type":"BreadcrumbList","@id":"https:\/\/www.webdo.tn\/fr\/actualite\/national\/mandat-de-depot-contre-le-secretaire-general-du-syndicat-des-autoroutes\/202535\/#breadcrumb","itemListElement":[{"@type":"ListItem","position":1,"name":"Accueil","item":"https:\/\/www.webdo.tn\/fr\/"},{"@type":"ListItem","position":2,"name":"Mandat de d\u00e9p\u00f4t contre le Secr\u00e9taire g\u00e9n\u00e9ral du syndicat des autoroutes"}]},{"@type":"WebSite","@id":"https:\/\/www.webdo.tn\/fr\/#website","url":"https:\/\/www.webdo.tn\/fr\/","name":"webdo","description":"Tunisie - News en Tunisie et \u00e0 l&#039;international sur Webdo.tn","publisher":{"@id":"https:\/\/www.webdo.tn\/fr\/#organization"},"potentialAction":[{"@type":"SearchAction","target":{"@type":"EntryPoint","urlTemplate":"https:\/\/www.webdo.tn\/fr\/?s={search_term_string}"},"query-input":{"@type":"PropertyValueSpecification","valueRequired":true,"valueName":"search_term_string"}}],"inLanguage":"fr-FR"},{"@type":"Organization","@id":"https:\/\/www.webdo.tn\/fr\/#organization","name":"Webdo","alternateName":"Webdo.tn","url":"https:\/\/www.webdo.tn\/fr\/","logo":{"@type":"ImageObject","inLanguage":"fr-FR","@id":"https:\/\/www.webdo.tn\/fr\/#\/schema\/logo\/image\/","url":"https:\/\/www.webdo.tn\/fr\/wp-content\/uploads\/2025\/06\/Webdo-Tunisie_168377.jpg","contentUrl":"https:\/\/www.webdo.tn\/fr\/wp-content\/uploads\/2025\/06\/Webdo-Tunisie_168377.jpg","width":301,"height":301,"caption":"Webdo"},"image":{"@id":"https:\/\/www.webdo.tn\/fr\/#\/schema\/logo\/image\/"},"sameAs":["https:\/\/www.facebook.com\/webdotn","https:\/\/x.com\/webdo_tn"],"description":"Webdo est un m\u00e9dia num\u00e9rique tunisien fond\u00e9 en 2010, sp\u00e9cialis\u00e9 dans l\u2019actualit\u00e9 nationale et internationale, l\u2019\u00e9conomie, la soci\u00e9t\u00e9 et les analyses politiques. Le site s\u2019adresse \u00e0 un large public francophone et couvre l\u2019information tunisienne en temps r\u00e9el.","email":"redac@webdo.tn","legalName":"YNJ SARL","foundingDate":"2010-09-06","numberOfEmployees":{"@type":"QuantitativeValue","minValue":"11","maxValue":"50"}},{"@type":"Person","@id":"https:\/\/www.webdo.tn\/fr\/#\/schema\/person\/2c4929cbf5a809e3bd38617c6ce150f6","name":"MC","image":{"@type":"ImageObject","inLanguage":"fr-FR","@id":"https:\/\/secure.gravatar.com\/avatar\/a545bbb6f84efdd5553dbbc2895e3ca8f1d12c5215e00a041c9670b54aa9b18a?s=96&d=mm&r=g","url":"https:\/\/secure.gravatar.com\/avatar\/a545bbb6f84efdd5553dbbc2895e3ca8f1d12c5215e00a041c9670b54aa9b18a?s=96&d=mm&r=g","contentUrl":"https:\/\/secure.gravatar.com\/avatar\/a545bbb6f84efdd5553dbbc2895e3ca8f1d12c5215e00a041c9670b54aa9b18a?s=96&d=mm&r=g","caption":"MC"},"url":"https:\/\/www.webdo.tn\/fr\/actualite\/author\/mc\/"}]}},"_links":{"self":[{"href":"https:\/\/www.webdo.tn\/fr\/wp-json\/wp\/v2\/posts\/202535","targetHints":{"allow":["GET"]}}],"collection":[{"href":"https:\/\/www.webdo.tn\/fr\/wp-json\/wp\/v2\/posts"}],"about":[{"href":"https:\/\/www.webdo.tn\/fr\/wp-json\/wp\/v2\/types\/post"}],"author":[{"embeddable":true,"href":"https:\/\/www.webdo.tn\/fr\/wp-json\/wp\/v2\/users\/3162"}],"replies":[{"embeddable":true,"href":"https:\/\/www.webdo.tn\/fr\/wp-json\/wp\/v2\/comments?post=202535"}],"version-history":[{"count":0,"href":"https:\/\/www.webdo.tn\/fr\/wp-json\/wp\/v2\/posts\/202535\/revisions"}],"wp:featuredmedia":[{"embeddable":true,"href":"https:\/\/www.webdo.tn\/fr\/wp-json\/wp\/v2\/media\/252316"}],"wp:attachment":[{"href":"https:\/\/www.webdo.tn\/fr\/wp-json\/wp\/v2\/media?parent=202535"}],"wp:term":[{"taxonomy":"category","embeddable":true,"href":"https:\/\/www.webdo.tn\/fr\/wp-json\/wp\/v2\/categories?post=202535"},{"taxonomy":"post_tag","embeddable":true,"href":"https:\/\/www.webdo.tn\/fr\/wp-json\/wp\/v2\/tags?post=202535"}],"curies":[{"name":"wp","href":"https:\/\/api.w.org\/{rel}","templated":true}]}}