{"id":202534,"date":"2023-02-02T20:27:00","date_gmt":"2023-02-02T20:27:00","guid":{"rendered":"https:\/\/www.webdo.tn\/fr\/blog\/soupcon-de-falsification-dans-l-affaire-ali-laarayedh-ennahdha-monte-au-creneau\/202534\/"},"modified":"2025-05-20T22:02:48","modified_gmt":"2025-05-20T22:02:48","slug":"soupcon-de-falsification-dans-l-affaire-ali-laarayedh-ennahdha-monte-au-creneau","status":"publish","type":"post","link":"https:\/\/www.webdo.tn\/fr\/actualite\/national\/soupcon-de-falsification-dans-l-affaire-ali-laarayedh-ennahdha-monte-au-creneau\/202534\/","title":{"rendered":"Soup\u00e7on de falsification dans l&rsquo;affaire Ali Laarayedh : Ennahdha monte au cr\u00e9neau !"},"content":{"rendered":"<p>Ennahdha appelle \u00e0 l&rsquo;ouverture d&rsquo;une enqu\u00eate s\u00e9rieuse sur le soup\u00e7on de falsification dans l&rsquo;affaire Ali Laarayedh, \u00e9voqu\u00e9 hier par Samir Dilou, avocat et membre du collectif de d\u00e9fense de l\u2019ancien Chef du gouvernement.<\/p>\n<p>\t\t\t\t\t\t\t\t\tLe mouvement Ennahdha monte au cr\u00e9neau en appelant \u00e0 l&rsquo;ouverture d&rsquo;une enqu\u00eate s\u00e9rieuse sur le soup\u00e7on de falsification r\u00e9v\u00e9l\u00e9 par le collectif de d\u00e9fense du vice-pr\u00e9sident du parti, ancien chef du gouvernement Ali Laarayedh.<\/p>\n<p>Dans un communiqu\u00e9 publi\u00e9 dans la soir\u00e9e de ce jeudi 2 f\u00e9vrier 2023, Ennahdha appelle \u00e0 la lib\u00e9ration imm\u00e9diate de Laarayedh, poursuivi dans l&rsquo;affaire d&rsquo;envoi des jeunes vers les zones de conflit et \u00e0 l&rsquo;abandon des proc\u00e8s militaires de civils.<\/p>\n<p>Rappelons qu\u2019hier, Samir Dilou, un des avocats d\u2019Ali Laarayedh, a annonc\u00e9 l\u2019existence \u00ab\u00a0de falsification\u00a0\u00bb dans l\u2019affaire de son client. Il a \u00e9galement annonc\u00e9 que le comit\u00e9 de D\u00e9fense de Laarayedh a d\u00e9pos\u00e9 une plainte pour falsification de documents officiels.<\/p>\n<p>Et d\u2019expliquer que \u00ab\u00a0le dossier de Laarayedh est d\u00e9nu\u00e9 d\u2019\u00e9l\u00e9ments factuels, et la plainte qui en est \u00e0 l\u2019origine est fond\u00e9e sur des informations glan\u00e9es sur Facebook\u00a0\u00bb.<\/p>\n<p>Selon lui, le collectif d\u00e9tient des informations qui prouvent que l\u2019accusation adress\u00e9e \u00e0 son client est malintentionn\u00e9e. Dilou estime que le mandat de d\u00e9p\u00f4t a \u00e9t\u00e9 \u00e9mis \u00e0 l\u2019encontre de Laarayedh sur la base d\u2019une impression politique plut\u00f4t que sur des preuves concr\u00e8tes.<\/p>\n<p>Le juge d\u2019instruction du bureau 12 du p\u00f4le judiciaire antiterroriste a \u00e9mis un mandat de d\u00e9p\u00f4t, le 19 d\u00e9cembre dernier \u00e0 l\u2019encontre de l\u2019ancien chef du gouvernement dans l\u2019affaire des r\u00e9seaux d\u2019embrigadement.<\/p>\n<p>Ali La\u00e2rayedh avait d\u00e9j\u00e0 \u00e9t\u00e9 auditionn\u00e9 dans le cadre de cette affaire d&rsquo;envoi de jeunes tunisiens dans les zones de tension. Il avait \u00e9t\u00e9 plac\u00e9 en garde \u00e0 vue le 19 septembre 2022, par le juge d&rsquo;instruction pr\u00e8s le p\u00f4le judiciaire antiterroriste avant d&rsquo;\u00eatre lib\u00e9r\u00e9 le 22 septembre. Son audience avait \u00e9t\u00e9 report\u00e9e au 19 d\u00e9cembre.<\/p>\n","protected":false},"excerpt":{"rendered":"<p>Ennahdha appelle \u00e0 l&rsquo;ouverture d&rsquo;une enqu\u00eate s\u00e9rieuse sur le soup\u00e7on de falsification dans l&rsquo;affaire Ali Laarayedh, \u00e9voqu\u00e9 hier par Samir Dilou, avocat et membr&#8230;<\/p>\n","protected":false},"author":3162,"featured_media":252314,"comment_status":"open","ping_status":"closed","sticky":false,"template":"","format":"standard","meta":{"footnotes":""},"categories":[44],"tags":[3694,3057,4002,2619],"class_list":["post-202534","post","type-post","status-publish","format-standard","has-post-thumbnail","hentry","category-national","tag-ali-laarayedh","tag-ennahdha","tag-falsification","tag-justice"],"yoast_head":"<!-- This site is optimized with the Yoast SEO Premium plugin v27.5 (Yoast SEO v27.5) - https:\/\/yoast.com\/product\/yoast-seo-premium-wordpress\/ -->\n<title>Soup\u00e7on de falsification dans l&#039;affaire Ali Laarayedh : Ennahdha monte au cr\u00e9neau !<\/title>\n<meta name=\"description\" content=\"Ennahdha appelle \u00e0 l&#039;ouverture d&#039;une enqu\u00eate s\u00e9rieuse sur le soup\u00e7on de falsification dans l&#039;affaire Ali Laarayedh, \u00e9voqu\u00e9 hier par Samir Dilou, avocat et membr...\" \/>\n<link rel=\"canonical\" href=\"https:\/\/www.webdo.tn\/fr\/actualite\/national\/soupcon-de-falsification-dans-l-affaire-ali-laarayedh-ennahdha-monte-au-creneau\/202534\/\" \/>\n<meta property=\"og:locale\" content=\"fr_FR\" \/>\n<meta property=\"og:type\" content=\"article\" \/>\n<meta property=\"og:title\" content=\"Soup\u00e7on de falsification dans l&#039;affaire Ali Laarayedh : Ennahdha monte au cr\u00e9neau !\" \/>\n<meta property=\"og:description\" content=\"Ennahdha appelle \u00e0 l&#039;ouverture d&#039;une enqu\u00eate s\u00e9rieuse sur le soup\u00e7on de falsification dans l&#039;affaire Ali Laarayedh, \u00e9voqu\u00e9 hier par Samir Dilou, avocat et membr...\" \/>\n<meta property=\"og:url\" content=\"https:\/\/www.webdo.tn\/fr\/actualite\/national\/soupcon-de-falsification-dans-l-affaire-ali-laarayedh-ennahdha-monte-au-creneau\/202534\/\" \/>\n<meta property=\"og:site_name\" content=\"webdo\" \/>\n<meta property=\"article:publisher\" content=\"https:\/\/www.facebook.com\/webdotn\" \/>\n<meta property=\"article:published_time\" content=\"2023-02-02T20:27:00+00:00\" \/>\n<meta property=\"article:modified_time\" content=\"2025-05-20T22:02:48+00:00\" \/>\n<meta property=\"og:image\" content=\"https:\/\/www.webdo.tn\/fr\/wp-content\/uploads\/2023\/02\/d6caa77c62f0c9095f02f2ce29ecc0c9.jpg\" \/>\n\t<meta property=\"og:image:width\" content=\"750\" \/>\n\t<meta property=\"og:image:height\" content=\"400\" \/>\n\t<meta property=\"og:image:type\" content=\"image\/jpeg\" \/>\n<meta name=\"author\" content=\"MC\" \/>\n<meta name=\"twitter:card\" content=\"summary_large_image\" \/>\n<meta name=\"twitter:creator\" content=\"@webdo_tn\" \/>\n<meta name=\"twitter:site\" content=\"@webdo_tn\" \/>\n<meta name=\"twitter:label1\" content=\"\u00c9crit par\" \/>\n\t<meta name=\"twitter:data1\" content=\"MC\" \/>\n\t<meta name=\"twitter:label2\" content=\"Dur\u00e9e de lecture estim\u00e9e\" \/>\n\t<meta name=\"twitter:data2\" content=\"2 minutes\" \/>\n<script type=\"application\/ld+json\" class=\"yoast-schema-graph\">{\"@context\":\"https:\\\/\\\/schema.org\",\"@graph\":[{\"@type\":\"NewsArticle\",\"@id\":\"https:\\\/\\\/www.webdo.tn\\\/fr\\\/actualite\\\/national\\\/soupcon-de-falsification-dans-l-affaire-ali-laarayedh-ennahdha-monte-au-creneau\\\/202534\\\/#article\",\"isPartOf\":{\"@id\":\"https:\\\/\\\/www.webdo.tn\\\/fr\\\/actualite\\\/national\\\/soupcon-de-falsification-dans-l-affaire-ali-laarayedh-ennahdha-monte-au-creneau\\\/202534\\\/\"},\"author\":{\"name\":\"MC\",\"@id\":\"https:\\\/\\\/www.webdo.tn\\\/fr\\\/#\\\/schema\\\/person\\\/2c4929cbf5a809e3bd38617c6ce150f6\"},\"headline\":\"Soup\u00e7on de falsification dans l&rsquo;affaire Ali Laarayedh : Ennahdha monte au cr\u00e9neau !\",\"datePublished\":\"2023-02-02T20:27:00+00:00\",\"dateModified\":\"2025-05-20T22:02:48+00:00\",\"mainEntityOfPage\":{\"@id\":\"https:\\\/\\\/www.webdo.tn\\\/fr\\\/actualite\\\/national\\\/soupcon-de-falsification-dans-l-affaire-ali-laarayedh-ennahdha-monte-au-creneau\\\/202534\\\/\"},\"wordCount\":370,\"commentCount\":0,\"publisher\":{\"@id\":\"https:\\\/\\\/www.webdo.tn\\\/fr\\\/#organization\"},\"image\":{\"@id\":\"https:\\\/\\\/www.webdo.tn\\\/fr\\\/actualite\\\/national\\\/soupcon-de-falsification-dans-l-affaire-ali-laarayedh-ennahdha-monte-au-creneau\\\/202534\\\/#primaryimage\"},\"thumbnailUrl\":\"https:\\\/\\\/www.webdo.tn\\\/fr\\\/wp-content\\\/uploads\\\/2023\\\/02\\\/d6caa77c62f0c9095f02f2ce29ecc0c9.jpg\",\"keywords\":[\"Ali La\u00e2rayedh\",\"Ennahdha\",\"falsification\",\"justice\"],\"articleSection\":[\"National\"],\"inLanguage\":\"fr-FR\"},{\"@type\":\"WebPage\",\"@id\":\"https:\\\/\\\/www.webdo.tn\\\/fr\\\/actualite\\\/national\\\/soupcon-de-falsification-dans-l-affaire-ali-laarayedh-ennahdha-monte-au-creneau\\\/202534\\\/\",\"url\":\"https:\\\/\\\/www.webdo.tn\\\/fr\\\/actualite\\\/national\\\/soupcon-de-falsification-dans-l-affaire-ali-laarayedh-ennahdha-monte-au-creneau\\\/202534\\\/\",\"name\":\"Soup\u00e7on de falsification dans l'affaire Ali Laarayedh : Ennahdha monte au cr\u00e9neau !\",\"isPartOf\":{\"@id\":\"https:\\\/\\\/www.webdo.tn\\\/fr\\\/#website\"},\"primaryImageOfPage\":{\"@id\":\"https:\\\/\\\/www.webdo.tn\\\/fr\\\/actualite\\\/national\\\/soupcon-de-falsification-dans-l-affaire-ali-laarayedh-ennahdha-monte-au-creneau\\\/202534\\\/#primaryimage\"},\"image\":{\"@id\":\"https:\\\/\\\/www.webdo.tn\\\/fr\\\/actualite\\\/national\\\/soupcon-de-falsification-dans-l-affaire-ali-laarayedh-ennahdha-monte-au-creneau\\\/202534\\\/#primaryimage\"},\"thumbnailUrl\":\"https:\\\/\\\/www.webdo.tn\\\/fr\\\/wp-content\\\/uploads\\\/2023\\\/02\\\/d6caa77c62f0c9095f02f2ce29ecc0c9.jpg\",\"datePublished\":\"2023-02-02T20:27:00+00:00\",\"dateModified\":\"2025-05-20T22:02:48+00:00\",\"description\":\"Ennahdha appelle \u00e0 l'ouverture d'une enqu\u00eate s\u00e9rieuse sur le soup\u00e7on de falsification dans l'affaire Ali Laarayedh, \u00e9voqu\u00e9 hier par Samir Dilou, avocat et membr...\",\"breadcrumb\":{\"@id\":\"https:\\\/\\\/www.webdo.tn\\\/fr\\\/actualite\\\/national\\\/soupcon-de-falsification-dans-l-affaire-ali-laarayedh-ennahdha-monte-au-creneau\\\/202534\\\/#breadcrumb\"},\"inLanguage\":\"fr-FR\",\"potentialAction\":[{\"@type\":\"ReadAction\",\"target\":[\"https:\\\/\\\/www.webdo.tn\\\/fr\\\/actualite\\\/national\\\/soupcon-de-falsification-dans-l-affaire-ali-laarayedh-ennahdha-monte-au-creneau\\\/202534\\\/\"]}]},{\"@type\":\"ImageObject\",\"inLanguage\":\"fr-FR\",\"@id\":\"https:\\\/\\\/www.webdo.tn\\\/fr\\\/actualite\\\/national\\\/soupcon-de-falsification-dans-l-affaire-ali-laarayedh-ennahdha-monte-au-creneau\\\/202534\\\/#primaryimage\",\"url\":\"https:\\\/\\\/www.webdo.tn\\\/fr\\\/wp-content\\\/uploads\\\/2023\\\/02\\\/d6caa77c62f0c9095f02f2ce29ecc0c9.jpg\",\"contentUrl\":\"https:\\\/\\\/www.webdo.tn\\\/fr\\\/wp-content\\\/uploads\\\/2023\\\/02\\\/d6caa77c62f0c9095f02f2ce29ecc0c9.jpg\",\"width\":750,\"height\":400,\"caption\":\"Soup\u00e7on de falsification dans l'affaire Ali Laarayedh : Ennahdha monte au cr\u00e9neau !\"},{\"@type\":\"BreadcrumbList\",\"@id\":\"https:\\\/\\\/www.webdo.tn\\\/fr\\\/actualite\\\/national\\\/soupcon-de-falsification-dans-l-affaire-ali-laarayedh-ennahdha-monte-au-creneau\\\/202534\\\/#breadcrumb\",\"itemListElement\":[{\"@type\":\"ListItem\",\"position\":1,\"name\":\"Accueil\",\"item\":\"https:\\\/\\\/www.webdo.tn\\\/fr\\\/\"},{\"@type\":\"ListItem\",\"position\":2,\"name\":\"Soup\u00e7on de falsification dans l&#8217;affaire Ali Laarayedh : Ennahdha monte au cr\u00e9neau !\"}]},{\"@type\":\"WebSite\",\"@id\":\"https:\\\/\\\/www.webdo.tn\\\/fr\\\/#website\",\"url\":\"https:\\\/\\\/www.webdo.tn\\\/fr\\\/\",\"name\":\"webdo\",\"description\":\"Tunisie - News en Tunisie et \u00e0 l&#039;international sur Webdo.tn\",\"publisher\":{\"@id\":\"https:\\\/\\\/www.webdo.tn\\\/fr\\\/#organization\"},\"potentialAction\":[{\"@type\":\"SearchAction\",\"target\":{\"@type\":\"EntryPoint\",\"urlTemplate\":\"https:\\\/\\\/www.webdo.tn\\\/fr\\\/?s={search_term_string}\"},\"query-input\":{\"@type\":\"PropertyValueSpecification\",\"valueRequired\":true,\"valueName\":\"search_term_string\"}}],\"inLanguage\":\"fr-FR\"},{\"@type\":\"Organization\",\"@id\":\"https:\\\/\\\/www.webdo.tn\\\/fr\\\/#organization\",\"name\":\"Webdo\",\"alternateName\":\"Webdo.tn\",\"url\":\"https:\\\/\\\/www.webdo.tn\\\/fr\\\/\",\"logo\":{\"@type\":\"ImageObject\",\"inLanguage\":\"fr-FR\",\"@id\":\"https:\\\/\\\/www.webdo.tn\\\/fr\\\/#\\\/schema\\\/logo\\\/image\\\/\",\"url\":\"https:\\\/\\\/www.webdo.tn\\\/fr\\\/wp-content\\\/uploads\\\/2025\\\/06\\\/Webdo-Tunisie_168377.jpg\",\"contentUrl\":\"https:\\\/\\\/www.webdo.tn\\\/fr\\\/wp-content\\\/uploads\\\/2025\\\/06\\\/Webdo-Tunisie_168377.jpg\",\"width\":301,\"height\":301,\"caption\":\"Webdo\"},\"image\":{\"@id\":\"https:\\\/\\\/www.webdo.tn\\\/fr\\\/#\\\/schema\\\/logo\\\/image\\\/\"},\"sameAs\":[\"https:\\\/\\\/www.facebook.com\\\/webdotn\",\"https:\\\/\\\/x.com\\\/webdo_tn\"],\"description\":\"Webdo est un m\u00e9dia num\u00e9rique tunisien fond\u00e9 en 2010, sp\u00e9cialis\u00e9 dans l\u2019actualit\u00e9 nationale et internationale, l\u2019\u00e9conomie, la soci\u00e9t\u00e9 et les analyses politiques. Le site s\u2019adresse \u00e0 un large public francophone et couvre l\u2019information tunisienne en temps r\u00e9el.\",\"email\":\"redac@webdo.tn\",\"legalName\":\"YNJ SARL\",\"foundingDate\":\"2010-09-06\",\"numberOfEmployees\":{\"@type\":\"QuantitativeValue\",\"minValue\":\"11\",\"maxValue\":\"50\"}},{\"@type\":\"Person\",\"@id\":\"https:\\\/\\\/www.webdo.tn\\\/fr\\\/#\\\/schema\\\/person\\\/2c4929cbf5a809e3bd38617c6ce150f6\",\"name\":\"MC\",\"image\":{\"@type\":\"ImageObject\",\"inLanguage\":\"fr-FR\",\"@id\":\"https:\\\/\\\/secure.gravatar.com\\\/avatar\\\/a545bbb6f84efdd5553dbbc2895e3ca8f1d12c5215e00a041c9670b54aa9b18a?s=96&d=mm&r=g\",\"url\":\"https:\\\/\\\/secure.gravatar.com\\\/avatar\\\/a545bbb6f84efdd5553dbbc2895e3ca8f1d12c5215e00a041c9670b54aa9b18a?s=96&d=mm&r=g\",\"contentUrl\":\"https:\\\/\\\/secure.gravatar.com\\\/avatar\\\/a545bbb6f84efdd5553dbbc2895e3ca8f1d12c5215e00a041c9670b54aa9b18a?s=96&d=mm&r=g\",\"caption\":\"MC\"},\"url\":\"https:\\\/\\\/www.webdo.tn\\\/fr\\\/actualite\\\/author\\\/mc\\\/\"}]}<\/script>\n<!-- \/ Yoast SEO Premium plugin. -->","yoast_head_json":{"title":"Soup\u00e7on de falsification dans l'affaire Ali Laarayedh : Ennahdha monte au cr\u00e9neau !","description":"Ennahdha appelle \u00e0 l'ouverture d'une enqu\u00eate s\u00e9rieuse sur le soup\u00e7on de falsification dans l'affaire Ali Laarayedh, \u00e9voqu\u00e9 hier par Samir Dilou, avocat et membr...","canonical":"https:\/\/www.webdo.tn\/fr\/actualite\/national\/soupcon-de-falsification-dans-l-affaire-ali-laarayedh-ennahdha-monte-au-creneau\/202534\/","og_locale":"fr_FR","og_type":"article","og_title":"Soup\u00e7on de falsification dans l'affaire Ali Laarayedh : Ennahdha monte au cr\u00e9neau !","og_description":"Ennahdha appelle \u00e0 l'ouverture d'une enqu\u00eate s\u00e9rieuse sur le soup\u00e7on de falsification dans l'affaire Ali Laarayedh, \u00e9voqu\u00e9 hier par Samir Dilou, avocat et membr...","og_url":"https:\/\/www.webdo.tn\/fr\/actualite\/national\/soupcon-de-falsification-dans-l-affaire-ali-laarayedh-ennahdha-monte-au-creneau\/202534\/","og_site_name":"webdo","article_publisher":"https:\/\/www.facebook.com\/webdotn","article_published_time":"2023-02-02T20:27:00+00:00","article_modified_time":"2025-05-20T22:02:48+00:00","og_image":[{"width":750,"height":400,"url":"https:\/\/www.webdo.tn\/fr\/wp-content\/uploads\/2023\/02\/d6caa77c62f0c9095f02f2ce29ecc0c9.jpg","type":"image\/jpeg"}],"author":"MC","twitter_card":"summary_large_image","twitter_creator":"@webdo_tn","twitter_site":"@webdo_tn","twitter_misc":{"\u00c9crit par":"MC","Dur\u00e9e de lecture estim\u00e9e":"2 minutes"},"schema":{"@context":"https:\/\/schema.org","@graph":[{"@type":"NewsArticle","@id":"https:\/\/www.webdo.tn\/fr\/actualite\/national\/soupcon-de-falsification-dans-l-affaire-ali-laarayedh-ennahdha-monte-au-creneau\/202534\/#article","isPartOf":{"@id":"https:\/\/www.webdo.tn\/fr\/actualite\/national\/soupcon-de-falsification-dans-l-affaire-ali-laarayedh-ennahdha-monte-au-creneau\/202534\/"},"author":{"name":"MC","@id":"https:\/\/www.webdo.tn\/fr\/#\/schema\/person\/2c4929cbf5a809e3bd38617c6ce150f6"},"headline":"Soup\u00e7on de falsification dans l&rsquo;affaire Ali Laarayedh : Ennahdha monte au cr\u00e9neau !","datePublished":"2023-02-02T20:27:00+00:00","dateModified":"2025-05-20T22:02:48+00:00","mainEntityOfPage":{"@id":"https:\/\/www.webdo.tn\/fr\/actualite\/national\/soupcon-de-falsification-dans-l-affaire-ali-laarayedh-ennahdha-monte-au-creneau\/202534\/"},"wordCount":370,"commentCount":0,"publisher":{"@id":"https:\/\/www.webdo.tn\/fr\/#organization"},"image":{"@id":"https:\/\/www.webdo.tn\/fr\/actualite\/national\/soupcon-de-falsification-dans-l-affaire-ali-laarayedh-ennahdha-monte-au-creneau\/202534\/#primaryimage"},"thumbnailUrl":"https:\/\/www.webdo.tn\/fr\/wp-content\/uploads\/2023\/02\/d6caa77c62f0c9095f02f2ce29ecc0c9.jpg","keywords":["Ali La\u00e2rayedh","Ennahdha","falsification","justice"],"articleSection":["National"],"inLanguage":"fr-FR"},{"@type":"WebPage","@id":"https:\/\/www.webdo.tn\/fr\/actualite\/national\/soupcon-de-falsification-dans-l-affaire-ali-laarayedh-ennahdha-monte-au-creneau\/202534\/","url":"https:\/\/www.webdo.tn\/fr\/actualite\/national\/soupcon-de-falsification-dans-l-affaire-ali-laarayedh-ennahdha-monte-au-creneau\/202534\/","name":"Soup\u00e7on de falsification dans l'affaire Ali Laarayedh : Ennahdha monte au cr\u00e9neau !","isPartOf":{"@id":"https:\/\/www.webdo.tn\/fr\/#website"},"primaryImageOfPage":{"@id":"https:\/\/www.webdo.tn\/fr\/actualite\/national\/soupcon-de-falsification-dans-l-affaire-ali-laarayedh-ennahdha-monte-au-creneau\/202534\/#primaryimage"},"image":{"@id":"https:\/\/www.webdo.tn\/fr\/actualite\/national\/soupcon-de-falsification-dans-l-affaire-ali-laarayedh-ennahdha-monte-au-creneau\/202534\/#primaryimage"},"thumbnailUrl":"https:\/\/www.webdo.tn\/fr\/wp-content\/uploads\/2023\/02\/d6caa77c62f0c9095f02f2ce29ecc0c9.jpg","datePublished":"2023-02-02T20:27:00+00:00","dateModified":"2025-05-20T22:02:48+00:00","description":"Ennahdha appelle \u00e0 l'ouverture d'une enqu\u00eate s\u00e9rieuse sur le soup\u00e7on de falsification dans l'affaire Ali Laarayedh, \u00e9voqu\u00e9 hier par Samir Dilou, avocat et membr...","breadcrumb":{"@id":"https:\/\/www.webdo.tn\/fr\/actualite\/national\/soupcon-de-falsification-dans-l-affaire-ali-laarayedh-ennahdha-monte-au-creneau\/202534\/#breadcrumb"},"inLanguage":"fr-FR","potentialAction":[{"@type":"ReadAction","target":["https:\/\/www.webdo.tn\/fr\/actualite\/national\/soupcon-de-falsification-dans-l-affaire-ali-laarayedh-ennahdha-monte-au-creneau\/202534\/"]}]},{"@type":"ImageObject","inLanguage":"fr-FR","@id":"https:\/\/www.webdo.tn\/fr\/actualite\/national\/soupcon-de-falsification-dans-l-affaire-ali-laarayedh-ennahdha-monte-au-creneau\/202534\/#primaryimage","url":"https:\/\/www.webdo.tn\/fr\/wp-content\/uploads\/2023\/02\/d6caa77c62f0c9095f02f2ce29ecc0c9.jpg","contentUrl":"https:\/\/www.webdo.tn\/fr\/wp-content\/uploads\/2023\/02\/d6caa77c62f0c9095f02f2ce29ecc0c9.jpg","width":750,"height":400,"caption":"Soup\u00e7on de falsification dans l'affaire Ali Laarayedh : Ennahdha monte au cr\u00e9neau !"},{"@type":"BreadcrumbList","@id":"https:\/\/www.webdo.tn\/fr\/actualite\/national\/soupcon-de-falsification-dans-l-affaire-ali-laarayedh-ennahdha-monte-au-creneau\/202534\/#breadcrumb","itemListElement":[{"@type":"ListItem","position":1,"name":"Accueil","item":"https:\/\/www.webdo.tn\/fr\/"},{"@type":"ListItem","position":2,"name":"Soup\u00e7on de falsification dans l&#8217;affaire Ali Laarayedh : Ennahdha monte au cr\u00e9neau !"}]},{"@type":"WebSite","@id":"https:\/\/www.webdo.tn\/fr\/#website","url":"https:\/\/www.webdo.tn\/fr\/","name":"webdo","description":"Tunisie - News en Tunisie et \u00e0 l&#039;international sur Webdo.tn","publisher":{"@id":"https:\/\/www.webdo.tn\/fr\/#organization"},"potentialAction":[{"@type":"SearchAction","target":{"@type":"EntryPoint","urlTemplate":"https:\/\/www.webdo.tn\/fr\/?s={search_term_string}"},"query-input":{"@type":"PropertyValueSpecification","valueRequired":true,"valueName":"search_term_string"}}],"inLanguage":"fr-FR"},{"@type":"Organization","@id":"https:\/\/www.webdo.tn\/fr\/#organization","name":"Webdo","alternateName":"Webdo.tn","url":"https:\/\/www.webdo.tn\/fr\/","logo":{"@type":"ImageObject","inLanguage":"fr-FR","@id":"https:\/\/www.webdo.tn\/fr\/#\/schema\/logo\/image\/","url":"https:\/\/www.webdo.tn\/fr\/wp-content\/uploads\/2025\/06\/Webdo-Tunisie_168377.jpg","contentUrl":"https:\/\/www.webdo.tn\/fr\/wp-content\/uploads\/2025\/06\/Webdo-Tunisie_168377.jpg","width":301,"height":301,"caption":"Webdo"},"image":{"@id":"https:\/\/www.webdo.tn\/fr\/#\/schema\/logo\/image\/"},"sameAs":["https:\/\/www.facebook.com\/webdotn","https:\/\/x.com\/webdo_tn"],"description":"Webdo est un m\u00e9dia num\u00e9rique tunisien fond\u00e9 en 2010, sp\u00e9cialis\u00e9 dans l\u2019actualit\u00e9 nationale et internationale, l\u2019\u00e9conomie, la soci\u00e9t\u00e9 et les analyses politiques. Le site s\u2019adresse \u00e0 un large public francophone et couvre l\u2019information tunisienne en temps r\u00e9el.","email":"redac@webdo.tn","legalName":"YNJ SARL","foundingDate":"2010-09-06","numberOfEmployees":{"@type":"QuantitativeValue","minValue":"11","maxValue":"50"}},{"@type":"Person","@id":"https:\/\/www.webdo.tn\/fr\/#\/schema\/person\/2c4929cbf5a809e3bd38617c6ce150f6","name":"MC","image":{"@type":"ImageObject","inLanguage":"fr-FR","@id":"https:\/\/secure.gravatar.com\/avatar\/a545bbb6f84efdd5553dbbc2895e3ca8f1d12c5215e00a041c9670b54aa9b18a?s=96&d=mm&r=g","url":"https:\/\/secure.gravatar.com\/avatar\/a545bbb6f84efdd5553dbbc2895e3ca8f1d12c5215e00a041c9670b54aa9b18a?s=96&d=mm&r=g","contentUrl":"https:\/\/secure.gravatar.com\/avatar\/a545bbb6f84efdd5553dbbc2895e3ca8f1d12c5215e00a041c9670b54aa9b18a?s=96&d=mm&r=g","caption":"MC"},"url":"https:\/\/www.webdo.tn\/fr\/actualite\/author\/mc\/"}]}},"_links":{"self":[{"href":"https:\/\/www.webdo.tn\/fr\/wp-json\/wp\/v2\/posts\/202534","targetHints":{"allow":["GET"]}}],"collection":[{"href":"https:\/\/www.webdo.tn\/fr\/wp-json\/wp\/v2\/posts"}],"about":[{"href":"https:\/\/www.webdo.tn\/fr\/wp-json\/wp\/v2\/types\/post"}],"author":[{"embeddable":true,"href":"https:\/\/www.webdo.tn\/fr\/wp-json\/wp\/v2\/users\/3162"}],"replies":[{"embeddable":true,"href":"https:\/\/www.webdo.tn\/fr\/wp-json\/wp\/v2\/comments?post=202534"}],"version-history":[{"count":0,"href":"https:\/\/www.webdo.tn\/fr\/wp-json\/wp\/v2\/posts\/202534\/revisions"}],"wp:featuredmedia":[{"embeddable":true,"href":"https:\/\/www.webdo.tn\/fr\/wp-json\/wp\/v2\/media\/252314"}],"wp:attachment":[{"href":"https:\/\/www.webdo.tn\/fr\/wp-json\/wp\/v2\/media?parent=202534"}],"wp:term":[{"taxonomy":"category","embeddable":true,"href":"https:\/\/www.webdo.tn\/fr\/wp-json\/wp\/v2\/categories?post=202534"},{"taxonomy":"post_tag","embeddable":true,"href":"https:\/\/www.webdo.tn\/fr\/wp-json\/wp\/v2\/tags?post=202534"}],"curies":[{"name":"wp","href":"https:\/\/api.w.org\/{rel}","templated":true}]}}