{"id":202525,"date":"2023-02-02T16:15:00","date_gmt":"2023-02-02T16:15:00","guid":{"rendered":"https:\/\/www.webdo.tn\/fr\/blog\/ligue-1-12eme-j-l-est-confirme-st-ess-interrompu\/202525\/"},"modified":"2025-05-20T22:48:54","modified_gmt":"2025-05-20T22:48:54","slug":"ligue-1-12eme-j-l-est-confirme-st-ess-interrompu","status":"publish","type":"post","link":"https:\/\/www.webdo.tn\/fr\/actualite\/sport\/ligue-1-12eme-j-l-est-confirme-st-ess-interrompu\/202525\/","title":{"rendered":"Ligue 1 \u2013 12\u00e8me J. : L\u2019EST confirme, ST-ESS interrompu !"},"content":{"rendered":"<p>Les matchs comptant pour la douzi\u00e8me journ\u00e9e du championnat de Ligue 1 ont eu lieu ce jeudi 2 f\u00e9vrier 2023. Ce dernier virage du championnat a \u00e9clair\u00e9 davantage la course vers les play-off, mais aussi pour les play-out.<\/p>\n<p>\t\t\t\t\t\t\t\t\tDans le groupe A, la premi\u00e8re affiche entre l\u2019ES Tunis et le CA Bizertin a confirm\u00e9 le rythme ascendant des esp\u00e9rantistes. Ces derniers se sont ais\u00e9ment impos\u00e9s sur le score de (4-0).<\/p>\n<p>Dans le m\u00eame groupe, en d\u00e9placement au Bardo l\u2019Etoile sportive du Sahel s\u2019imposait (1-0) \u00a0face au Stade tunisien lorsque l\u2019arbitre a d\u00e9cid\u00e9 d\u2019interrompre le match durant la seconde p\u00e9riode. Cette d\u00e9cision intervient suite \u00e0 la blessure de l&rsquo;arbitre assistant par un projectile.\u00a0<\/p>\n<p>Toujours dans le groupe A, le Club Sportif Sfaxien a \u00e9t\u00e9 pi\u00e9g\u00e9 \u00e0 domicile par l\u2019US Tataouine.\u00a0<\/p>\n<p>Dans le groupe B. L\u2019US Ben Guerdane a pu arracher un match nul \u00e0 domicile face au Club Africain. Les locaux ont pu \u00e9galiser le score vers la fin de la rencontre suite \u00e0 un penalty \u00a0contest\u00e9.\u00a0<\/p>\n<p>\u00a0<\/p>\n<p>RESULTATS<\/p>\n<p>\u00a0<\/p>\n<p>Groupe A<\/p>\n<p>\tES Tunis 4 \u2013 0 CA Bizertin\u00a0<br \/>\n\tStade Tunisien 0 \u2013 1 ES Sahel (interrompu)\u00a0<br \/>\n\tCS Sfaxien 0 &#8211; 1 US Tataouine\u00a0<br \/>\n\tES Hammam Sousse 2 &#8211; 0 CS Chebba\u00a0<\/p>\n<p>Groupe B<\/p>\n<p>\tUS Ben Guerdane 1 \u2013 1 Club Africain\u00a0<br \/>\n\tAS Rejiche 1 \u2013 4 O. B\u00e9ja\u00a0<br \/>\n\tO. Sidi Bouzid 0 &#8211; 0 US Monastirienne\u00a0<br \/>\n\tAS Soliman 1 &#8211; 1 ES M\u00e9tlaoui\u00a0<br \/>\n\t\u00a0<\/p>\n<p>CLASSEMENT<\/p>\n","protected":false},"excerpt":{"rendered":"<p>Les matchs comptant pour la douzi\u00e8me journ\u00e9e du championnat de Ligue 1 ont eu lieu ce jeudi 2 f\u00e9vrier 2023. Ce dernier virage du championnat a \u00e9clair\u00e9 davantage&#8230;<\/p>\n","protected":false},"author":3175,"featured_media":277693,"comment_status":"open","ping_status":"closed","sticky":false,"template":"","format":"standard","meta":{"footnotes":""},"categories":[2593],"tags":[2778,2777,2608],"class_list":["post-202525","post","type-post","status-publish","format-standard","has-post-thumbnail","hentry","category-sport","tag-championnat","tag-ligue-1","tag-tunisie"],"yoast_head":"<!-- This site is optimized with the Yoast SEO Premium plugin v27.4 (Yoast SEO v27.5) - https:\/\/yoast.com\/product\/yoast-seo-premium-wordpress\/ -->\n<title>Ligue 1 \u2013 12\u00e8me J. : L\u2019EST confirme, ST-ESS interrompu !<\/title>\n<meta name=\"description\" content=\"Les matchs comptant pour la douzi\u00e8me journ\u00e9e du championnat de Ligue 1 ont eu lieu ce jeudi 2 f\u00e9vrier 2023. Ce dernier virage du championnat a \u00e9clair\u00e9 davantage...\" \/>\n<link rel=\"canonical\" href=\"https:\/\/www.webdo.tn\/fr\/actualite\/sport\/ligue-1-12eme-j-l-est-confirme-st-ess-interrompu\/202525\/\" \/>\n<meta property=\"og:locale\" content=\"fr_FR\" \/>\n<meta property=\"og:type\" content=\"article\" \/>\n<meta property=\"og:title\" content=\"Ligue 1 \u2013 12\u00e8me J. : L\u2019EST confirme, ST-ESS interrompu !\" \/>\n<meta property=\"og:description\" content=\"Les matchs comptant pour la douzi\u00e8me journ\u00e9e du championnat de Ligue 1 ont eu lieu ce jeudi 2 f\u00e9vrier 2023. Ce dernier virage du championnat a \u00e9clair\u00e9 davantage...\" \/>\n<meta property=\"og:url\" content=\"https:\/\/www.webdo.tn\/fr\/actualite\/sport\/ligue-1-12eme-j-l-est-confirme-st-ess-interrompu\/202525\/\" \/>\n<meta property=\"og:site_name\" content=\"webdo\" \/>\n<meta property=\"article:publisher\" content=\"https:\/\/www.facebook.com\/webdotn\" \/>\n<meta property=\"article:published_time\" content=\"2023-02-02T16:15:00+00:00\" \/>\n<meta property=\"article:modified_time\" content=\"2025-05-20T22:48:54+00:00\" \/>\n<meta property=\"og:image\" content=\"https:\/\/www.webdo.tn\/fr\/wp-content\/uploads\/2023\/02\/d3c8df79d1a83bf7c479f7d9b1f866d6.jpg\" \/>\n\t<meta property=\"og:image:width\" content=\"750\" \/>\n\t<meta property=\"og:image:height\" content=\"400\" \/>\n\t<meta property=\"og:image:type\" content=\"image\/jpeg\" \/>\n<meta name=\"author\" content=\"CL\" \/>\n<meta name=\"twitter:card\" content=\"summary_large_image\" \/>\n<meta name=\"twitter:creator\" content=\"@webdo_tn\" \/>\n<meta name=\"twitter:site\" content=\"@webdo_tn\" \/>\n<meta name=\"twitter:label1\" content=\"\u00c9crit par\" \/>\n\t<meta name=\"twitter:data1\" content=\"CL\" \/>\n\t<meta name=\"twitter:label2\" content=\"Dur\u00e9e de lecture estim\u00e9e\" \/>\n\t<meta name=\"twitter:data2\" content=\"1 minute\" \/>\n<script type=\"application\/ld+json\" class=\"yoast-schema-graph\">{\"@context\":\"https:\\\/\\\/schema.org\",\"@graph\":[{\"@type\":\"NewsArticle\",\"@id\":\"https:\\\/\\\/www.webdo.tn\\\/fr\\\/actualite\\\/sport\\\/ligue-1-12eme-j-l-est-confirme-st-ess-interrompu\\\/202525\\\/#article\",\"isPartOf\":{\"@id\":\"https:\\\/\\\/www.webdo.tn\\\/fr\\\/actualite\\\/sport\\\/ligue-1-12eme-j-l-est-confirme-st-ess-interrompu\\\/202525\\\/\"},\"author\":{\"name\":\"CL\",\"@id\":\"https:\\\/\\\/www.webdo.tn\\\/fr\\\/#\\\/schema\\\/person\\\/f35b42a42c5e2511bbd282959d6385cc\"},\"headline\":\"Ligue 1 \u2013 12\u00e8me J. : L\u2019EST confirme, ST-ESS interrompu !\",\"datePublished\":\"2023-02-02T16:15:00+00:00\",\"dateModified\":\"2025-05-20T22:48:54+00:00\",\"mainEntityOfPage\":{\"@id\":\"https:\\\/\\\/www.webdo.tn\\\/fr\\\/actualite\\\/sport\\\/ligue-1-12eme-j-l-est-confirme-st-ess-interrompu\\\/202525\\\/\"},\"wordCount\":236,\"commentCount\":0,\"publisher\":{\"@id\":\"https:\\\/\\\/www.webdo.tn\\\/fr\\\/#organization\"},\"image\":{\"@id\":\"https:\\\/\\\/www.webdo.tn\\\/fr\\\/actualite\\\/sport\\\/ligue-1-12eme-j-l-est-confirme-st-ess-interrompu\\\/202525\\\/#primaryimage\"},\"thumbnailUrl\":\"https:\\\/\\\/www.webdo.tn\\\/fr\\\/wp-content\\\/uploads\\\/2023\\\/02\\\/d3c8df79d1a83bf7c479f7d9b1f866d6.jpg\",\"keywords\":[\"championnat\",\"Ligue 1\",\"Tunisie\"],\"articleSection\":[\"Sport\"],\"inLanguage\":\"fr-FR\"},{\"@type\":\"WebPage\",\"@id\":\"https:\\\/\\\/www.webdo.tn\\\/fr\\\/actualite\\\/sport\\\/ligue-1-12eme-j-l-est-confirme-st-ess-interrompu\\\/202525\\\/\",\"url\":\"https:\\\/\\\/www.webdo.tn\\\/fr\\\/actualite\\\/sport\\\/ligue-1-12eme-j-l-est-confirme-st-ess-interrompu\\\/202525\\\/\",\"name\":\"Ligue 1 \u2013 12\u00e8me J. : L\u2019EST confirme, ST-ESS interrompu !\",\"isPartOf\":{\"@id\":\"https:\\\/\\\/www.webdo.tn\\\/fr\\\/#website\"},\"primaryImageOfPage\":{\"@id\":\"https:\\\/\\\/www.webdo.tn\\\/fr\\\/actualite\\\/sport\\\/ligue-1-12eme-j-l-est-confirme-st-ess-interrompu\\\/202525\\\/#primaryimage\"},\"image\":{\"@id\":\"https:\\\/\\\/www.webdo.tn\\\/fr\\\/actualite\\\/sport\\\/ligue-1-12eme-j-l-est-confirme-st-ess-interrompu\\\/202525\\\/#primaryimage\"},\"thumbnailUrl\":\"https:\\\/\\\/www.webdo.tn\\\/fr\\\/wp-content\\\/uploads\\\/2023\\\/02\\\/d3c8df79d1a83bf7c479f7d9b1f866d6.jpg\",\"datePublished\":\"2023-02-02T16:15:00+00:00\",\"dateModified\":\"2025-05-20T22:48:54+00:00\",\"description\":\"Les matchs comptant pour la douzi\u00e8me journ\u00e9e du championnat de Ligue 1 ont eu lieu ce jeudi 2 f\u00e9vrier 2023. Ce dernier virage du championnat a \u00e9clair\u00e9 davantage...\",\"breadcrumb\":{\"@id\":\"https:\\\/\\\/www.webdo.tn\\\/fr\\\/actualite\\\/sport\\\/ligue-1-12eme-j-l-est-confirme-st-ess-interrompu\\\/202525\\\/#breadcrumb\"},\"inLanguage\":\"fr-FR\",\"potentialAction\":[{\"@type\":\"ReadAction\",\"target\":[\"https:\\\/\\\/www.webdo.tn\\\/fr\\\/actualite\\\/sport\\\/ligue-1-12eme-j-l-est-confirme-st-ess-interrompu\\\/202525\\\/\"]}]},{\"@type\":\"ImageObject\",\"inLanguage\":\"fr-FR\",\"@id\":\"https:\\\/\\\/www.webdo.tn\\\/fr\\\/actualite\\\/sport\\\/ligue-1-12eme-j-l-est-confirme-st-ess-interrompu\\\/202525\\\/#primaryimage\",\"url\":\"https:\\\/\\\/www.webdo.tn\\\/fr\\\/wp-content\\\/uploads\\\/2023\\\/02\\\/d3c8df79d1a83bf7c479f7d9b1f866d6.jpg\",\"contentUrl\":\"https:\\\/\\\/www.webdo.tn\\\/fr\\\/wp-content\\\/uploads\\\/2023\\\/02\\\/d3c8df79d1a83bf7c479f7d9b1f866d6.jpg\",\"width\":750,\"height\":400,\"caption\":\"Esp\u00e9rance\"},{\"@type\":\"BreadcrumbList\",\"@id\":\"https:\\\/\\\/www.webdo.tn\\\/fr\\\/actualite\\\/sport\\\/ligue-1-12eme-j-l-est-confirme-st-ess-interrompu\\\/202525\\\/#breadcrumb\",\"itemListElement\":[{\"@type\":\"ListItem\",\"position\":1,\"name\":\"Accueil\",\"item\":\"https:\\\/\\\/www.webdo.tn\\\/fr\\\/\"},{\"@type\":\"ListItem\",\"position\":2,\"name\":\"Ligue 1 \u2013 12\u00e8me J. : L\u2019EST confirme, ST-ESS interrompu !\"}]},{\"@type\":\"WebSite\",\"@id\":\"https:\\\/\\\/www.webdo.tn\\\/fr\\\/#website\",\"url\":\"https:\\\/\\\/www.webdo.tn\\\/fr\\\/\",\"name\":\"webdo\",\"description\":\"Tunisie - News en Tunisie et \u00e0 l&#039;international sur Webdo.tn\",\"publisher\":{\"@id\":\"https:\\\/\\\/www.webdo.tn\\\/fr\\\/#organization\"},\"potentialAction\":[{\"@type\":\"SearchAction\",\"target\":{\"@type\":\"EntryPoint\",\"urlTemplate\":\"https:\\\/\\\/www.webdo.tn\\\/fr\\\/?s={search_term_string}\"},\"query-input\":{\"@type\":\"PropertyValueSpecification\",\"valueRequired\":true,\"valueName\":\"search_term_string\"}}],\"inLanguage\":\"fr-FR\"},{\"@type\":\"Organization\",\"@id\":\"https:\\\/\\\/www.webdo.tn\\\/fr\\\/#organization\",\"name\":\"Webdo\",\"alternateName\":\"Webdo.tn\",\"url\":\"https:\\\/\\\/www.webdo.tn\\\/fr\\\/\",\"logo\":{\"@type\":\"ImageObject\",\"inLanguage\":\"fr-FR\",\"@id\":\"https:\\\/\\\/www.webdo.tn\\\/fr\\\/#\\\/schema\\\/logo\\\/image\\\/\",\"url\":\"https:\\\/\\\/www.webdo.tn\\\/fr\\\/wp-content\\\/uploads\\\/2025\\\/06\\\/Webdo-Tunisie_168377.jpg\",\"contentUrl\":\"https:\\\/\\\/www.webdo.tn\\\/fr\\\/wp-content\\\/uploads\\\/2025\\\/06\\\/Webdo-Tunisie_168377.jpg\",\"width\":301,\"height\":301,\"caption\":\"Webdo\"},\"image\":{\"@id\":\"https:\\\/\\\/www.webdo.tn\\\/fr\\\/#\\\/schema\\\/logo\\\/image\\\/\"},\"sameAs\":[\"https:\\\/\\\/www.facebook.com\\\/webdotn\",\"https:\\\/\\\/x.com\\\/webdo_tn\"],\"description\":\"Webdo est un m\u00e9dia num\u00e9rique tunisien fond\u00e9 en 2010, sp\u00e9cialis\u00e9 dans l\u2019actualit\u00e9 nationale et internationale, l\u2019\u00e9conomie, la soci\u00e9t\u00e9 et les analyses politiques. Le site s\u2019adresse \u00e0 un large public francophone et couvre l\u2019information tunisienne en temps r\u00e9el.\",\"email\":\"redac@webdo.tn\",\"legalName\":\"YNJ SARL\",\"foundingDate\":\"2010-09-06\",\"numberOfEmployees\":{\"@type\":\"QuantitativeValue\",\"minValue\":\"11\",\"maxValue\":\"50\"}},{\"@type\":\"Person\",\"@id\":\"https:\\\/\\\/www.webdo.tn\\\/fr\\\/#\\\/schema\\\/person\\\/f35b42a42c5e2511bbd282959d6385cc\",\"name\":\"CL\",\"image\":{\"@type\":\"ImageObject\",\"inLanguage\":\"fr-FR\",\"@id\":\"https:\\\/\\\/secure.gravatar.com\\\/avatar\\\/1447a49909b67aa657c488aec6512e1dd6143a480c1ecfee9b5b5cd74eb3b59e?s=96&d=mm&r=g\",\"url\":\"https:\\\/\\\/secure.gravatar.com\\\/avatar\\\/1447a49909b67aa657c488aec6512e1dd6143a480c1ecfee9b5b5cd74eb3b59e?s=96&d=mm&r=g\",\"contentUrl\":\"https:\\\/\\\/secure.gravatar.com\\\/avatar\\\/1447a49909b67aa657c488aec6512e1dd6143a480c1ecfee9b5b5cd74eb3b59e?s=96&d=mm&r=g\",\"caption\":\"CL\"},\"url\":\"https:\\\/\\\/www.webdo.tn\\\/fr\\\/actualite\\\/author\\\/cl\\\/\"}]}<\/script>\n<!-- \/ Yoast SEO Premium plugin. -->","yoast_head_json":{"title":"Ligue 1 \u2013 12\u00e8me J. : L\u2019EST confirme, ST-ESS interrompu !","description":"Les matchs comptant pour la douzi\u00e8me journ\u00e9e du championnat de Ligue 1 ont eu lieu ce jeudi 2 f\u00e9vrier 2023. Ce dernier virage du championnat a \u00e9clair\u00e9 davantage...","canonical":"https:\/\/www.webdo.tn\/fr\/actualite\/sport\/ligue-1-12eme-j-l-est-confirme-st-ess-interrompu\/202525\/","og_locale":"fr_FR","og_type":"article","og_title":"Ligue 1 \u2013 12\u00e8me J. : L\u2019EST confirme, ST-ESS interrompu !","og_description":"Les matchs comptant pour la douzi\u00e8me journ\u00e9e du championnat de Ligue 1 ont eu lieu ce jeudi 2 f\u00e9vrier 2023. Ce dernier virage du championnat a \u00e9clair\u00e9 davantage...","og_url":"https:\/\/www.webdo.tn\/fr\/actualite\/sport\/ligue-1-12eme-j-l-est-confirme-st-ess-interrompu\/202525\/","og_site_name":"webdo","article_publisher":"https:\/\/www.facebook.com\/webdotn","article_published_time":"2023-02-02T16:15:00+00:00","article_modified_time":"2025-05-20T22:48:54+00:00","og_image":[{"width":750,"height":400,"url":"https:\/\/www.webdo.tn\/fr\/wp-content\/uploads\/2023\/02\/d3c8df79d1a83bf7c479f7d9b1f866d6.jpg","type":"image\/jpeg"}],"author":"CL","twitter_card":"summary_large_image","twitter_creator":"@webdo_tn","twitter_site":"@webdo_tn","twitter_misc":{"\u00c9crit par":"CL","Dur\u00e9e de lecture estim\u00e9e":"1 minute"},"schema":{"@context":"https:\/\/schema.org","@graph":[{"@type":"NewsArticle","@id":"https:\/\/www.webdo.tn\/fr\/actualite\/sport\/ligue-1-12eme-j-l-est-confirme-st-ess-interrompu\/202525\/#article","isPartOf":{"@id":"https:\/\/www.webdo.tn\/fr\/actualite\/sport\/ligue-1-12eme-j-l-est-confirme-st-ess-interrompu\/202525\/"},"author":{"name":"CL","@id":"https:\/\/www.webdo.tn\/fr\/#\/schema\/person\/f35b42a42c5e2511bbd282959d6385cc"},"headline":"Ligue 1 \u2013 12\u00e8me J. : L\u2019EST confirme, ST-ESS interrompu !","datePublished":"2023-02-02T16:15:00+00:00","dateModified":"2025-05-20T22:48:54+00:00","mainEntityOfPage":{"@id":"https:\/\/www.webdo.tn\/fr\/actualite\/sport\/ligue-1-12eme-j-l-est-confirme-st-ess-interrompu\/202525\/"},"wordCount":236,"commentCount":0,"publisher":{"@id":"https:\/\/www.webdo.tn\/fr\/#organization"},"image":{"@id":"https:\/\/www.webdo.tn\/fr\/actualite\/sport\/ligue-1-12eme-j-l-est-confirme-st-ess-interrompu\/202525\/#primaryimage"},"thumbnailUrl":"https:\/\/www.webdo.tn\/fr\/wp-content\/uploads\/2023\/02\/d3c8df79d1a83bf7c479f7d9b1f866d6.jpg","keywords":["championnat","Ligue 1","Tunisie"],"articleSection":["Sport"],"inLanguage":"fr-FR"},{"@type":"WebPage","@id":"https:\/\/www.webdo.tn\/fr\/actualite\/sport\/ligue-1-12eme-j-l-est-confirme-st-ess-interrompu\/202525\/","url":"https:\/\/www.webdo.tn\/fr\/actualite\/sport\/ligue-1-12eme-j-l-est-confirme-st-ess-interrompu\/202525\/","name":"Ligue 1 \u2013 12\u00e8me J. : L\u2019EST confirme, ST-ESS interrompu !","isPartOf":{"@id":"https:\/\/www.webdo.tn\/fr\/#website"},"primaryImageOfPage":{"@id":"https:\/\/www.webdo.tn\/fr\/actualite\/sport\/ligue-1-12eme-j-l-est-confirme-st-ess-interrompu\/202525\/#primaryimage"},"image":{"@id":"https:\/\/www.webdo.tn\/fr\/actualite\/sport\/ligue-1-12eme-j-l-est-confirme-st-ess-interrompu\/202525\/#primaryimage"},"thumbnailUrl":"https:\/\/www.webdo.tn\/fr\/wp-content\/uploads\/2023\/02\/d3c8df79d1a83bf7c479f7d9b1f866d6.jpg","datePublished":"2023-02-02T16:15:00+00:00","dateModified":"2025-05-20T22:48:54+00:00","description":"Les matchs comptant pour la douzi\u00e8me journ\u00e9e du championnat de Ligue 1 ont eu lieu ce jeudi 2 f\u00e9vrier 2023. Ce dernier virage du championnat a \u00e9clair\u00e9 davantage...","breadcrumb":{"@id":"https:\/\/www.webdo.tn\/fr\/actualite\/sport\/ligue-1-12eme-j-l-est-confirme-st-ess-interrompu\/202525\/#breadcrumb"},"inLanguage":"fr-FR","potentialAction":[{"@type":"ReadAction","target":["https:\/\/www.webdo.tn\/fr\/actualite\/sport\/ligue-1-12eme-j-l-est-confirme-st-ess-interrompu\/202525\/"]}]},{"@type":"ImageObject","inLanguage":"fr-FR","@id":"https:\/\/www.webdo.tn\/fr\/actualite\/sport\/ligue-1-12eme-j-l-est-confirme-st-ess-interrompu\/202525\/#primaryimage","url":"https:\/\/www.webdo.tn\/fr\/wp-content\/uploads\/2023\/02\/d3c8df79d1a83bf7c479f7d9b1f866d6.jpg","contentUrl":"https:\/\/www.webdo.tn\/fr\/wp-content\/uploads\/2023\/02\/d3c8df79d1a83bf7c479f7d9b1f866d6.jpg","width":750,"height":400,"caption":"Esp\u00e9rance"},{"@type":"BreadcrumbList","@id":"https:\/\/www.webdo.tn\/fr\/actualite\/sport\/ligue-1-12eme-j-l-est-confirme-st-ess-interrompu\/202525\/#breadcrumb","itemListElement":[{"@type":"ListItem","position":1,"name":"Accueil","item":"https:\/\/www.webdo.tn\/fr\/"},{"@type":"ListItem","position":2,"name":"Ligue 1 \u2013 12\u00e8me J. : L\u2019EST confirme, ST-ESS interrompu !"}]},{"@type":"WebSite","@id":"https:\/\/www.webdo.tn\/fr\/#website","url":"https:\/\/www.webdo.tn\/fr\/","name":"webdo","description":"Tunisie - News en Tunisie et \u00e0 l&#039;international sur Webdo.tn","publisher":{"@id":"https:\/\/www.webdo.tn\/fr\/#organization"},"potentialAction":[{"@type":"SearchAction","target":{"@type":"EntryPoint","urlTemplate":"https:\/\/www.webdo.tn\/fr\/?s={search_term_string}"},"query-input":{"@type":"PropertyValueSpecification","valueRequired":true,"valueName":"search_term_string"}}],"inLanguage":"fr-FR"},{"@type":"Organization","@id":"https:\/\/www.webdo.tn\/fr\/#organization","name":"Webdo","alternateName":"Webdo.tn","url":"https:\/\/www.webdo.tn\/fr\/","logo":{"@type":"ImageObject","inLanguage":"fr-FR","@id":"https:\/\/www.webdo.tn\/fr\/#\/schema\/logo\/image\/","url":"https:\/\/www.webdo.tn\/fr\/wp-content\/uploads\/2025\/06\/Webdo-Tunisie_168377.jpg","contentUrl":"https:\/\/www.webdo.tn\/fr\/wp-content\/uploads\/2025\/06\/Webdo-Tunisie_168377.jpg","width":301,"height":301,"caption":"Webdo"},"image":{"@id":"https:\/\/www.webdo.tn\/fr\/#\/schema\/logo\/image\/"},"sameAs":["https:\/\/www.facebook.com\/webdotn","https:\/\/x.com\/webdo_tn"],"description":"Webdo est un m\u00e9dia num\u00e9rique tunisien fond\u00e9 en 2010, sp\u00e9cialis\u00e9 dans l\u2019actualit\u00e9 nationale et internationale, l\u2019\u00e9conomie, la soci\u00e9t\u00e9 et les analyses politiques. Le site s\u2019adresse \u00e0 un large public francophone et couvre l\u2019information tunisienne en temps r\u00e9el.","email":"redac@webdo.tn","legalName":"YNJ SARL","foundingDate":"2010-09-06","numberOfEmployees":{"@type":"QuantitativeValue","minValue":"11","maxValue":"50"}},{"@type":"Person","@id":"https:\/\/www.webdo.tn\/fr\/#\/schema\/person\/f35b42a42c5e2511bbd282959d6385cc","name":"CL","image":{"@type":"ImageObject","inLanguage":"fr-FR","@id":"https:\/\/secure.gravatar.com\/avatar\/1447a49909b67aa657c488aec6512e1dd6143a480c1ecfee9b5b5cd74eb3b59e?s=96&d=mm&r=g","url":"https:\/\/secure.gravatar.com\/avatar\/1447a49909b67aa657c488aec6512e1dd6143a480c1ecfee9b5b5cd74eb3b59e?s=96&d=mm&r=g","contentUrl":"https:\/\/secure.gravatar.com\/avatar\/1447a49909b67aa657c488aec6512e1dd6143a480c1ecfee9b5b5cd74eb3b59e?s=96&d=mm&r=g","caption":"CL"},"url":"https:\/\/www.webdo.tn\/fr\/actualite\/author\/cl\/"}]}},"_links":{"self":[{"href":"https:\/\/www.webdo.tn\/fr\/wp-json\/wp\/v2\/posts\/202525","targetHints":{"allow":["GET"]}}],"collection":[{"href":"https:\/\/www.webdo.tn\/fr\/wp-json\/wp\/v2\/posts"}],"about":[{"href":"https:\/\/www.webdo.tn\/fr\/wp-json\/wp\/v2\/types\/post"}],"author":[{"embeddable":true,"href":"https:\/\/www.webdo.tn\/fr\/wp-json\/wp\/v2\/users\/3175"}],"replies":[{"embeddable":true,"href":"https:\/\/www.webdo.tn\/fr\/wp-json\/wp\/v2\/comments?post=202525"}],"version-history":[{"count":0,"href":"https:\/\/www.webdo.tn\/fr\/wp-json\/wp\/v2\/posts\/202525\/revisions"}],"wp:featuredmedia":[{"embeddable":true,"href":"https:\/\/www.webdo.tn\/fr\/wp-json\/wp\/v2\/media\/277693"}],"wp:attachment":[{"href":"https:\/\/www.webdo.tn\/fr\/wp-json\/wp\/v2\/media?parent=202525"}],"wp:term":[{"taxonomy":"category","embeddable":true,"href":"https:\/\/www.webdo.tn\/fr\/wp-json\/wp\/v2\/categories?post=202525"},{"taxonomy":"post_tag","embeddable":true,"href":"https:\/\/www.webdo.tn\/fr\/wp-json\/wp\/v2\/tags?post=202525"}],"curies":[{"name":"wp","href":"https:\/\/api.w.org\/{rel}","templated":true}]}}