{"id":202523,"date":"2023-02-02T14:49:00","date_gmt":"2023-02-02T14:49:00","guid":{"rendered":"https:\/\/www.webdo.tn\/fr\/blog\/tunisie-appel-a-une-loi-incriminant-l-utilisation-des-eleves-comme-boucliers-humains\/202523\/"},"modified":"2025-05-20T22:48:55","modified_gmt":"2025-05-20T22:48:55","slug":"tunisie-appel-a-une-loi-incriminant-l-utilisation-des-eleves-comme-boucliers-humains","status":"publish","type":"post","link":"https:\/\/www.webdo.tn\/fr\/actualite\/national\/tunisie-appel-a-une-loi-incriminant-l-utilisation-des-eleves-comme-boucliers-humains\/202523\/","title":{"rendered":"Tunisie : Appel \u00e0 une loi incriminant l&rsquo;utilisation des \u00e9l\u00e8ves comme \u00ab\u00a0boucliers humains\u00a0\u00bb"},"content":{"rendered":"<p>L&rsquo;association internationale pour la protection des enfants de la m\u00e9diterran\u00e9e (AIPEM) a appel\u00e9 le nouveau ministre de l&rsquo;\u00e9ducation Mohamed Ali Boughdiri \u00e0 promulguer une loi qui incrimine explicitement l&rsquo;utilisation des \u00e9l\u00e8ves comme \u00ab\u00a0boucliers humains\u00a0\u00bb pour satisfaire les revendications des enseignants.<\/p>\n<p>\t\t\t\t\t\t\t\t\tDans une lettre ouverte adress\u00e9e au nouveau ministre de l&rsquo;\u00e9ducation, l&rsquo;AIPEM a soulign\u00e9 la n\u00e9cessit\u00e9 de trouver des solutions aux conflits avec les enseignants et de remettre les notes des \u00e9l\u00e8ves aux administrations des \u00e9tablissements scolaires.<\/p>\n<p>Elle a \u00e9galement appel\u00e9 \u00e0 la n\u00e9cessit\u00e9 de r\u00e9soudre le dossier des enseignants suppl\u00e9ants et de r\u00e9tablir la confiance dans les \u00e9tablissements scolaires publics \u00e0 travers la publication d&rsquo;un code de d\u00e9ontologie, qui engage toutes les parties au sein de l&rsquo;\u00e9tablissement et rompt avec les interpr\u00e9tations anarchiques en mati\u00e8re de sanctions.<\/p>\n<p>L&rsquo;AIPEM a mis l&rsquo;accent sur l&rsquo;importance de r\u00e9viser le temps scolaire, les programmes d&rsquo;enseignement, les mati\u00e8res et les coefficients pour les adapter aux normes d&rsquo;enseignement dans le monde et aux besoins du march\u00e9 de l&#8217;emploi, outre le lancement d&rsquo;un dialogue national avec les organisations et les structures de l&rsquo;enfance.<\/p>\n","protected":false},"excerpt":{"rendered":"<p>L&rsquo;association internationale pour la protection des enfants de la m\u00e9diterran\u00e9e (AIPEM) a appel\u00e9 le nouveau ministre de l&rsquo;\u00e9ducation Mohamed Ali Boughdiri \u00e0 promu&#8230;<\/p>\n","protected":false},"author":3175,"featured_media":277699,"comment_status":"open","ping_status":"closed","sticky":false,"template":"","format":"standard","meta":{"footnotes":""},"categories":[44],"tags":[3209,2647,2608],"class_list":["post-202523","post","type-post","status-publish","format-standard","has-post-thumbnail","hentry","category-national","tag-eleves","tag-greve","tag-tunisie"],"yoast_head":"<!-- This site is optimized with the Yoast SEO Premium plugin v27.4 (Yoast SEO v27.5) - https:\/\/yoast.com\/product\/yoast-seo-premium-wordpress\/ -->\n<title>Tunisie : Appel \u00e0 une loi incriminant l&#039;utilisation des \u00e9l\u00e8ves comme boucliers humains<\/title>\n<meta name=\"description\" content=\"L&#039;association internationale pour la protection des enfants de la m\u00e9diterran\u00e9e (AIPEM) a appel\u00e9 le nouveau ministre de l&#039;\u00e9ducation Mohamed Ali Boughdiri \u00e0 promu...\" \/>\n<link rel=\"canonical\" href=\"https:\/\/www.webdo.tn\/fr\/actualite\/national\/tunisie-appel-a-une-loi-incriminant-l-utilisation-des-eleves-comme-boucliers-humains\/202523\/\" \/>\n<meta property=\"og:locale\" content=\"fr_FR\" \/>\n<meta property=\"og:type\" content=\"article\" \/>\n<meta property=\"og:title\" content=\"Tunisie : Appel \u00e0 une loi incriminant l&#039;utilisation des \u00e9l\u00e8ves comme &quot;boucliers humains&quot;\" \/>\n<meta property=\"og:description\" content=\"L&#039;association internationale pour la protection des enfants de la m\u00e9diterran\u00e9e (AIPEM) a appel\u00e9 le nouveau ministre de l&#039;\u00e9ducation Mohamed Ali Boughdiri \u00e0 promu...\" \/>\n<meta property=\"og:url\" content=\"https:\/\/www.webdo.tn\/fr\/actualite\/national\/tunisie-appel-a-une-loi-incriminant-l-utilisation-des-eleves-comme-boucliers-humains\/202523\/\" \/>\n<meta property=\"og:site_name\" content=\"webdo\" \/>\n<meta property=\"article:publisher\" content=\"https:\/\/www.facebook.com\/webdotn\" \/>\n<meta property=\"article:published_time\" content=\"2023-02-02T14:49:00+00:00\" \/>\n<meta property=\"article:modified_time\" content=\"2025-05-20T22:48:55+00:00\" \/>\n<meta property=\"og:image\" content=\"https:\/\/www.webdo.tn\/fr\/wp-content\/uploads\/2023\/02\/1805c63356e14c9dc64dc5ff000d3186.png\" \/>\n\t<meta property=\"og:image:width\" content=\"750\" \/>\n\t<meta property=\"og:image:height\" content=\"400\" \/>\n\t<meta property=\"og:image:type\" content=\"image\/png\" \/>\n<meta name=\"author\" content=\"CL\" \/>\n<meta name=\"twitter:card\" content=\"summary_large_image\" \/>\n<meta name=\"twitter:creator\" content=\"@webdo_tn\" \/>\n<meta name=\"twitter:site\" content=\"@webdo_tn\" \/>\n<meta name=\"twitter:label1\" content=\"\u00c9crit par\" \/>\n\t<meta name=\"twitter:data1\" content=\"CL\" \/>\n\t<meta name=\"twitter:label2\" content=\"Dur\u00e9e de lecture estim\u00e9e\" \/>\n\t<meta name=\"twitter:data2\" content=\"1 minute\" \/>\n<script type=\"application\/ld+json\" class=\"yoast-schema-graph\">{\"@context\":\"https:\\\/\\\/schema.org\",\"@graph\":[{\"@type\":\"NewsArticle\",\"@id\":\"https:\\\/\\\/www.webdo.tn\\\/fr\\\/actualite\\\/national\\\/tunisie-appel-a-une-loi-incriminant-l-utilisation-des-eleves-comme-boucliers-humains\\\/202523\\\/#article\",\"isPartOf\":{\"@id\":\"https:\\\/\\\/www.webdo.tn\\\/fr\\\/actualite\\\/national\\\/tunisie-appel-a-une-loi-incriminant-l-utilisation-des-eleves-comme-boucliers-humains\\\/202523\\\/\"},\"author\":{\"name\":\"CL\",\"@id\":\"https:\\\/\\\/www.webdo.tn\\\/fr\\\/#\\\/schema\\\/person\\\/f35b42a42c5e2511bbd282959d6385cc\"},\"headline\":\"Tunisie : Appel \u00e0 une loi incriminant l&rsquo;utilisation des \u00e9l\u00e8ves comme \u00ab\u00a0boucliers humains\u00a0\u00bb\",\"datePublished\":\"2023-02-02T14:49:00+00:00\",\"dateModified\":\"2025-05-20T22:48:55+00:00\",\"mainEntityOfPage\":{\"@id\":\"https:\\\/\\\/www.webdo.tn\\\/fr\\\/actualite\\\/national\\\/tunisie-appel-a-une-loi-incriminant-l-utilisation-des-eleves-comme-boucliers-humains\\\/202523\\\/\"},\"wordCount\":216,\"commentCount\":0,\"publisher\":{\"@id\":\"https:\\\/\\\/www.webdo.tn\\\/fr\\\/#organization\"},\"image\":{\"@id\":\"https:\\\/\\\/www.webdo.tn\\\/fr\\\/actualite\\\/national\\\/tunisie-appel-a-une-loi-incriminant-l-utilisation-des-eleves-comme-boucliers-humains\\\/202523\\\/#primaryimage\"},\"thumbnailUrl\":\"https:\\\/\\\/www.webdo.tn\\\/fr\\\/wp-content\\\/uploads\\\/2023\\\/02\\\/1805c63356e14c9dc64dc5ff000d3186.png\",\"keywords\":[\"\u00e9l\u00e8ves\",\"Gr\u00e8ve\",\"Tunisie\"],\"articleSection\":[\"National\"],\"inLanguage\":\"fr-FR\"},{\"@type\":\"WebPage\",\"@id\":\"https:\\\/\\\/www.webdo.tn\\\/fr\\\/actualite\\\/national\\\/tunisie-appel-a-une-loi-incriminant-l-utilisation-des-eleves-comme-boucliers-humains\\\/202523\\\/\",\"url\":\"https:\\\/\\\/www.webdo.tn\\\/fr\\\/actualite\\\/national\\\/tunisie-appel-a-une-loi-incriminant-l-utilisation-des-eleves-comme-boucliers-humains\\\/202523\\\/\",\"name\":\"Tunisie : Appel \u00e0 une loi incriminant l'utilisation des \u00e9l\u00e8ves comme boucliers humains\",\"isPartOf\":{\"@id\":\"https:\\\/\\\/www.webdo.tn\\\/fr\\\/#website\"},\"primaryImageOfPage\":{\"@id\":\"https:\\\/\\\/www.webdo.tn\\\/fr\\\/actualite\\\/national\\\/tunisie-appel-a-une-loi-incriminant-l-utilisation-des-eleves-comme-boucliers-humains\\\/202523\\\/#primaryimage\"},\"image\":{\"@id\":\"https:\\\/\\\/www.webdo.tn\\\/fr\\\/actualite\\\/national\\\/tunisie-appel-a-une-loi-incriminant-l-utilisation-des-eleves-comme-boucliers-humains\\\/202523\\\/#primaryimage\"},\"thumbnailUrl\":\"https:\\\/\\\/www.webdo.tn\\\/fr\\\/wp-content\\\/uploads\\\/2023\\\/02\\\/1805c63356e14c9dc64dc5ff000d3186.png\",\"datePublished\":\"2023-02-02T14:49:00+00:00\",\"dateModified\":\"2025-05-20T22:48:55+00:00\",\"description\":\"L'association internationale pour la protection des enfants de la m\u00e9diterran\u00e9e (AIPEM) a appel\u00e9 le nouveau ministre de l'\u00e9ducation Mohamed Ali Boughdiri \u00e0 promu...\",\"breadcrumb\":{\"@id\":\"https:\\\/\\\/www.webdo.tn\\\/fr\\\/actualite\\\/national\\\/tunisie-appel-a-une-loi-incriminant-l-utilisation-des-eleves-comme-boucliers-humains\\\/202523\\\/#breadcrumb\"},\"inLanguage\":\"fr-FR\",\"potentialAction\":[{\"@type\":\"ReadAction\",\"target\":[\"https:\\\/\\\/www.webdo.tn\\\/fr\\\/actualite\\\/national\\\/tunisie-appel-a-une-loi-incriminant-l-utilisation-des-eleves-comme-boucliers-humains\\\/202523\\\/\"]}]},{\"@type\":\"ImageObject\",\"inLanguage\":\"fr-FR\",\"@id\":\"https:\\\/\\\/www.webdo.tn\\\/fr\\\/actualite\\\/national\\\/tunisie-appel-a-une-loi-incriminant-l-utilisation-des-eleves-comme-boucliers-humains\\\/202523\\\/#primaryimage\",\"url\":\"https:\\\/\\\/www.webdo.tn\\\/fr\\\/wp-content\\\/uploads\\\/2023\\\/02\\\/1805c63356e14c9dc64dc5ff000d3186.png\",\"contentUrl\":\"https:\\\/\\\/www.webdo.tn\\\/fr\\\/wp-content\\\/uploads\\\/2023\\\/02\\\/1805c63356e14c9dc64dc5ff000d3186.png\",\"width\":750,\"height\":400,\"caption\":\"Gr\u00e8ve\"},{\"@type\":\"BreadcrumbList\",\"@id\":\"https:\\\/\\\/www.webdo.tn\\\/fr\\\/actualite\\\/national\\\/tunisie-appel-a-une-loi-incriminant-l-utilisation-des-eleves-comme-boucliers-humains\\\/202523\\\/#breadcrumb\",\"itemListElement\":[{\"@type\":\"ListItem\",\"position\":1,\"name\":\"Accueil\",\"item\":\"https:\\\/\\\/www.webdo.tn\\\/fr\\\/\"},{\"@type\":\"ListItem\",\"position\":2,\"name\":\"Tunisie : Appel \u00e0 une loi incriminant l&rsquo;utilisation des \u00e9l\u00e8ves comme \u00ab\u00a0boucliers humains\u00a0\u00bb\"}]},{\"@type\":\"WebSite\",\"@id\":\"https:\\\/\\\/www.webdo.tn\\\/fr\\\/#website\",\"url\":\"https:\\\/\\\/www.webdo.tn\\\/fr\\\/\",\"name\":\"webdo\",\"description\":\"Tunisie - News en Tunisie et \u00e0 l&#039;international sur Webdo.tn\",\"publisher\":{\"@id\":\"https:\\\/\\\/www.webdo.tn\\\/fr\\\/#organization\"},\"potentialAction\":[{\"@type\":\"SearchAction\",\"target\":{\"@type\":\"EntryPoint\",\"urlTemplate\":\"https:\\\/\\\/www.webdo.tn\\\/fr\\\/?s={search_term_string}\"},\"query-input\":{\"@type\":\"PropertyValueSpecification\",\"valueRequired\":true,\"valueName\":\"search_term_string\"}}],\"inLanguage\":\"fr-FR\"},{\"@type\":\"Organization\",\"@id\":\"https:\\\/\\\/www.webdo.tn\\\/fr\\\/#organization\",\"name\":\"Webdo\",\"alternateName\":\"Webdo.tn\",\"url\":\"https:\\\/\\\/www.webdo.tn\\\/fr\\\/\",\"logo\":{\"@type\":\"ImageObject\",\"inLanguage\":\"fr-FR\",\"@id\":\"https:\\\/\\\/www.webdo.tn\\\/fr\\\/#\\\/schema\\\/logo\\\/image\\\/\",\"url\":\"https:\\\/\\\/www.webdo.tn\\\/fr\\\/wp-content\\\/uploads\\\/2025\\\/06\\\/Webdo-Tunisie_168377.jpg\",\"contentUrl\":\"https:\\\/\\\/www.webdo.tn\\\/fr\\\/wp-content\\\/uploads\\\/2025\\\/06\\\/Webdo-Tunisie_168377.jpg\",\"width\":301,\"height\":301,\"caption\":\"Webdo\"},\"image\":{\"@id\":\"https:\\\/\\\/www.webdo.tn\\\/fr\\\/#\\\/schema\\\/logo\\\/image\\\/\"},\"sameAs\":[\"https:\\\/\\\/www.facebook.com\\\/webdotn\",\"https:\\\/\\\/x.com\\\/webdo_tn\"],\"description\":\"Webdo est un m\u00e9dia num\u00e9rique tunisien fond\u00e9 en 2010, sp\u00e9cialis\u00e9 dans l\u2019actualit\u00e9 nationale et internationale, l\u2019\u00e9conomie, la soci\u00e9t\u00e9 et les analyses politiques. Le site s\u2019adresse \u00e0 un large public francophone et couvre l\u2019information tunisienne en temps r\u00e9el.\",\"email\":\"redac@webdo.tn\",\"legalName\":\"YNJ SARL\",\"foundingDate\":\"2010-09-06\",\"numberOfEmployees\":{\"@type\":\"QuantitativeValue\",\"minValue\":\"11\",\"maxValue\":\"50\"}},{\"@type\":\"Person\",\"@id\":\"https:\\\/\\\/www.webdo.tn\\\/fr\\\/#\\\/schema\\\/person\\\/f35b42a42c5e2511bbd282959d6385cc\",\"name\":\"CL\",\"image\":{\"@type\":\"ImageObject\",\"inLanguage\":\"fr-FR\",\"@id\":\"https:\\\/\\\/secure.gravatar.com\\\/avatar\\\/1447a49909b67aa657c488aec6512e1dd6143a480c1ecfee9b5b5cd74eb3b59e?s=96&d=mm&r=g\",\"url\":\"https:\\\/\\\/secure.gravatar.com\\\/avatar\\\/1447a49909b67aa657c488aec6512e1dd6143a480c1ecfee9b5b5cd74eb3b59e?s=96&d=mm&r=g\",\"contentUrl\":\"https:\\\/\\\/secure.gravatar.com\\\/avatar\\\/1447a49909b67aa657c488aec6512e1dd6143a480c1ecfee9b5b5cd74eb3b59e?s=96&d=mm&r=g\",\"caption\":\"CL\"},\"url\":\"https:\\\/\\\/www.webdo.tn\\\/fr\\\/actualite\\\/author\\\/cl\\\/\"}]}<\/script>\n<!-- \/ Yoast SEO Premium plugin. -->","yoast_head_json":{"title":"Tunisie : Appel \u00e0 une loi incriminant l'utilisation des \u00e9l\u00e8ves comme boucliers humains","description":"L'association internationale pour la protection des enfants de la m\u00e9diterran\u00e9e (AIPEM) a appel\u00e9 le nouveau ministre de l'\u00e9ducation Mohamed Ali Boughdiri \u00e0 promu...","canonical":"https:\/\/www.webdo.tn\/fr\/actualite\/national\/tunisie-appel-a-une-loi-incriminant-l-utilisation-des-eleves-comme-boucliers-humains\/202523\/","og_locale":"fr_FR","og_type":"article","og_title":"Tunisie : Appel \u00e0 une loi incriminant l'utilisation des \u00e9l\u00e8ves comme \"boucliers humains\"","og_description":"L'association internationale pour la protection des enfants de la m\u00e9diterran\u00e9e (AIPEM) a appel\u00e9 le nouveau ministre de l'\u00e9ducation Mohamed Ali Boughdiri \u00e0 promu...","og_url":"https:\/\/www.webdo.tn\/fr\/actualite\/national\/tunisie-appel-a-une-loi-incriminant-l-utilisation-des-eleves-comme-boucliers-humains\/202523\/","og_site_name":"webdo","article_publisher":"https:\/\/www.facebook.com\/webdotn","article_published_time":"2023-02-02T14:49:00+00:00","article_modified_time":"2025-05-20T22:48:55+00:00","og_image":[{"width":750,"height":400,"url":"https:\/\/www.webdo.tn\/fr\/wp-content\/uploads\/2023\/02\/1805c63356e14c9dc64dc5ff000d3186.png","type":"image\/png"}],"author":"CL","twitter_card":"summary_large_image","twitter_creator":"@webdo_tn","twitter_site":"@webdo_tn","twitter_misc":{"\u00c9crit par":"CL","Dur\u00e9e de lecture estim\u00e9e":"1 minute"},"schema":{"@context":"https:\/\/schema.org","@graph":[{"@type":"NewsArticle","@id":"https:\/\/www.webdo.tn\/fr\/actualite\/national\/tunisie-appel-a-une-loi-incriminant-l-utilisation-des-eleves-comme-boucliers-humains\/202523\/#article","isPartOf":{"@id":"https:\/\/www.webdo.tn\/fr\/actualite\/national\/tunisie-appel-a-une-loi-incriminant-l-utilisation-des-eleves-comme-boucliers-humains\/202523\/"},"author":{"name":"CL","@id":"https:\/\/www.webdo.tn\/fr\/#\/schema\/person\/f35b42a42c5e2511bbd282959d6385cc"},"headline":"Tunisie : Appel \u00e0 une loi incriminant l&rsquo;utilisation des \u00e9l\u00e8ves comme \u00ab\u00a0boucliers humains\u00a0\u00bb","datePublished":"2023-02-02T14:49:00+00:00","dateModified":"2025-05-20T22:48:55+00:00","mainEntityOfPage":{"@id":"https:\/\/www.webdo.tn\/fr\/actualite\/national\/tunisie-appel-a-une-loi-incriminant-l-utilisation-des-eleves-comme-boucliers-humains\/202523\/"},"wordCount":216,"commentCount":0,"publisher":{"@id":"https:\/\/www.webdo.tn\/fr\/#organization"},"image":{"@id":"https:\/\/www.webdo.tn\/fr\/actualite\/national\/tunisie-appel-a-une-loi-incriminant-l-utilisation-des-eleves-comme-boucliers-humains\/202523\/#primaryimage"},"thumbnailUrl":"https:\/\/www.webdo.tn\/fr\/wp-content\/uploads\/2023\/02\/1805c63356e14c9dc64dc5ff000d3186.png","keywords":["\u00e9l\u00e8ves","Gr\u00e8ve","Tunisie"],"articleSection":["National"],"inLanguage":"fr-FR"},{"@type":"WebPage","@id":"https:\/\/www.webdo.tn\/fr\/actualite\/national\/tunisie-appel-a-une-loi-incriminant-l-utilisation-des-eleves-comme-boucliers-humains\/202523\/","url":"https:\/\/www.webdo.tn\/fr\/actualite\/national\/tunisie-appel-a-une-loi-incriminant-l-utilisation-des-eleves-comme-boucliers-humains\/202523\/","name":"Tunisie : Appel \u00e0 une loi incriminant l'utilisation des \u00e9l\u00e8ves comme boucliers humains","isPartOf":{"@id":"https:\/\/www.webdo.tn\/fr\/#website"},"primaryImageOfPage":{"@id":"https:\/\/www.webdo.tn\/fr\/actualite\/national\/tunisie-appel-a-une-loi-incriminant-l-utilisation-des-eleves-comme-boucliers-humains\/202523\/#primaryimage"},"image":{"@id":"https:\/\/www.webdo.tn\/fr\/actualite\/national\/tunisie-appel-a-une-loi-incriminant-l-utilisation-des-eleves-comme-boucliers-humains\/202523\/#primaryimage"},"thumbnailUrl":"https:\/\/www.webdo.tn\/fr\/wp-content\/uploads\/2023\/02\/1805c63356e14c9dc64dc5ff000d3186.png","datePublished":"2023-02-02T14:49:00+00:00","dateModified":"2025-05-20T22:48:55+00:00","description":"L'association internationale pour la protection des enfants de la m\u00e9diterran\u00e9e (AIPEM) a appel\u00e9 le nouveau ministre de l'\u00e9ducation Mohamed Ali Boughdiri \u00e0 promu...","breadcrumb":{"@id":"https:\/\/www.webdo.tn\/fr\/actualite\/national\/tunisie-appel-a-une-loi-incriminant-l-utilisation-des-eleves-comme-boucliers-humains\/202523\/#breadcrumb"},"inLanguage":"fr-FR","potentialAction":[{"@type":"ReadAction","target":["https:\/\/www.webdo.tn\/fr\/actualite\/national\/tunisie-appel-a-une-loi-incriminant-l-utilisation-des-eleves-comme-boucliers-humains\/202523\/"]}]},{"@type":"ImageObject","inLanguage":"fr-FR","@id":"https:\/\/www.webdo.tn\/fr\/actualite\/national\/tunisie-appel-a-une-loi-incriminant-l-utilisation-des-eleves-comme-boucliers-humains\/202523\/#primaryimage","url":"https:\/\/www.webdo.tn\/fr\/wp-content\/uploads\/2023\/02\/1805c63356e14c9dc64dc5ff000d3186.png","contentUrl":"https:\/\/www.webdo.tn\/fr\/wp-content\/uploads\/2023\/02\/1805c63356e14c9dc64dc5ff000d3186.png","width":750,"height":400,"caption":"Gr\u00e8ve"},{"@type":"BreadcrumbList","@id":"https:\/\/www.webdo.tn\/fr\/actualite\/national\/tunisie-appel-a-une-loi-incriminant-l-utilisation-des-eleves-comme-boucliers-humains\/202523\/#breadcrumb","itemListElement":[{"@type":"ListItem","position":1,"name":"Accueil","item":"https:\/\/www.webdo.tn\/fr\/"},{"@type":"ListItem","position":2,"name":"Tunisie : Appel \u00e0 une loi incriminant l&rsquo;utilisation des \u00e9l\u00e8ves comme \u00ab\u00a0boucliers humains\u00a0\u00bb"}]},{"@type":"WebSite","@id":"https:\/\/www.webdo.tn\/fr\/#website","url":"https:\/\/www.webdo.tn\/fr\/","name":"webdo","description":"Tunisie - News en Tunisie et \u00e0 l&#039;international sur Webdo.tn","publisher":{"@id":"https:\/\/www.webdo.tn\/fr\/#organization"},"potentialAction":[{"@type":"SearchAction","target":{"@type":"EntryPoint","urlTemplate":"https:\/\/www.webdo.tn\/fr\/?s={search_term_string}"},"query-input":{"@type":"PropertyValueSpecification","valueRequired":true,"valueName":"search_term_string"}}],"inLanguage":"fr-FR"},{"@type":"Organization","@id":"https:\/\/www.webdo.tn\/fr\/#organization","name":"Webdo","alternateName":"Webdo.tn","url":"https:\/\/www.webdo.tn\/fr\/","logo":{"@type":"ImageObject","inLanguage":"fr-FR","@id":"https:\/\/www.webdo.tn\/fr\/#\/schema\/logo\/image\/","url":"https:\/\/www.webdo.tn\/fr\/wp-content\/uploads\/2025\/06\/Webdo-Tunisie_168377.jpg","contentUrl":"https:\/\/www.webdo.tn\/fr\/wp-content\/uploads\/2025\/06\/Webdo-Tunisie_168377.jpg","width":301,"height":301,"caption":"Webdo"},"image":{"@id":"https:\/\/www.webdo.tn\/fr\/#\/schema\/logo\/image\/"},"sameAs":["https:\/\/www.facebook.com\/webdotn","https:\/\/x.com\/webdo_tn"],"description":"Webdo est un m\u00e9dia num\u00e9rique tunisien fond\u00e9 en 2010, sp\u00e9cialis\u00e9 dans l\u2019actualit\u00e9 nationale et internationale, l\u2019\u00e9conomie, la soci\u00e9t\u00e9 et les analyses politiques. Le site s\u2019adresse \u00e0 un large public francophone et couvre l\u2019information tunisienne en temps r\u00e9el.","email":"redac@webdo.tn","legalName":"YNJ SARL","foundingDate":"2010-09-06","numberOfEmployees":{"@type":"QuantitativeValue","minValue":"11","maxValue":"50"}},{"@type":"Person","@id":"https:\/\/www.webdo.tn\/fr\/#\/schema\/person\/f35b42a42c5e2511bbd282959d6385cc","name":"CL","image":{"@type":"ImageObject","inLanguage":"fr-FR","@id":"https:\/\/secure.gravatar.com\/avatar\/1447a49909b67aa657c488aec6512e1dd6143a480c1ecfee9b5b5cd74eb3b59e?s=96&d=mm&r=g","url":"https:\/\/secure.gravatar.com\/avatar\/1447a49909b67aa657c488aec6512e1dd6143a480c1ecfee9b5b5cd74eb3b59e?s=96&d=mm&r=g","contentUrl":"https:\/\/secure.gravatar.com\/avatar\/1447a49909b67aa657c488aec6512e1dd6143a480c1ecfee9b5b5cd74eb3b59e?s=96&d=mm&r=g","caption":"CL"},"url":"https:\/\/www.webdo.tn\/fr\/actualite\/author\/cl\/"}]}},"_links":{"self":[{"href":"https:\/\/www.webdo.tn\/fr\/wp-json\/wp\/v2\/posts\/202523","targetHints":{"allow":["GET"]}}],"collection":[{"href":"https:\/\/www.webdo.tn\/fr\/wp-json\/wp\/v2\/posts"}],"about":[{"href":"https:\/\/www.webdo.tn\/fr\/wp-json\/wp\/v2\/types\/post"}],"author":[{"embeddable":true,"href":"https:\/\/www.webdo.tn\/fr\/wp-json\/wp\/v2\/users\/3175"}],"replies":[{"embeddable":true,"href":"https:\/\/www.webdo.tn\/fr\/wp-json\/wp\/v2\/comments?post=202523"}],"version-history":[{"count":0,"href":"https:\/\/www.webdo.tn\/fr\/wp-json\/wp\/v2\/posts\/202523\/revisions"}],"wp:featuredmedia":[{"embeddable":true,"href":"https:\/\/www.webdo.tn\/fr\/wp-json\/wp\/v2\/media\/277699"}],"wp:attachment":[{"href":"https:\/\/www.webdo.tn\/fr\/wp-json\/wp\/v2\/media?parent=202523"}],"wp:term":[{"taxonomy":"category","embeddable":true,"href":"https:\/\/www.webdo.tn\/fr\/wp-json\/wp\/v2\/categories?post=202523"},{"taxonomy":"post_tag","embeddable":true,"href":"https:\/\/www.webdo.tn\/fr\/wp-json\/wp\/v2\/tags?post=202523"}],"curies":[{"name":"wp","href":"https:\/\/api.w.org\/{rel}","templated":true}]}}