{"id":202520,"date":"2023-02-02T13:59:00","date_gmt":"2023-02-02T13:59:00","guid":{"rendered":"https:\/\/www.webdo.tn\/fr\/blog\/tunisie-abdallah-rabhi-appelle-a-decreter-l-etat-de-secheresse\/202520\/"},"modified":"2025-05-20T22:48:55","modified_gmt":"2025-05-20T22:48:55","slug":"tunisie-abdallah-rabhi-appelle-a-decreter-l-etat-de-secheresse","status":"publish","type":"post","link":"https:\/\/www.webdo.tn\/fr\/actualite\/national\/tunisie-abdallah-rabhi-appelle-a-decreter-l-etat-de-secheresse\/202520\/","title":{"rendered":"Tunisie : Abdallah Rabhi appelle \u00e0 d\u00e9cr\u00e9ter l\u2019\u00e9tat de s\u00e9cheresse"},"content":{"rendered":"<p>\u00ab\u00a0Il est imp\u00e9ratif de d\u00e9cr\u00e9ter officiellement, l\u2019\u00e9tat de s\u00e9cheresse en Tunisie\u00a0\u00bb, a plaid\u00e9 Abdallah Rabhi, ancien secr\u00e9taire d\u2019Etat charg\u00e9 des Ressources hydrauliques et expert dans ce domaine.<\/p>\n<p>Dans une interview accord\u00e9e \u00e0 l\u2019agence TAP, Rabhi a mis l&rsquo;accent sur l&rsquo;importance d&rsquo;agir avant la fin du mois de f\u00e9vrier courant, sous peine de ne plus disposer de suffisamment de marge de man\u0153uvre.<\/p>\n<p>Le taux de remplissage des barrages a atteint 30,4%, \u00e0 fin janvier 2023, selon l&rsquo;Observatoire National de l&rsquo;Agriculture (Onagri). Pour l&rsquo;expert, il s&rsquo;agit l\u00e0 du niveau de stock le plus bas jamais enregistr\u00e9 depuis dix ans.<\/p>\n<p>\u00ab\u00a0La saison des pluies 2022\/ 2023 reste jusque-l\u00e0 exceptionnelle dans la mesure o\u00f9 elle est marqu\u00e9e par de faibles pr\u00e9cipitations. De surcro\u00eet, elle intervient apr\u00e8s trois ann\u00e9es cons\u00e9cutives de s\u00e9cheresse. Du 1er septembre 2022 au 31 janvier 2023, les quantit\u00e9s de pluie enregistr\u00e9es \u00e0 l\u2019\u00e9chelle nationale n\u2019ont atteint que 33% de la moyenne saisonni\u00e8re sur la p\u00e9riode. Le manque de pr\u00e9cipitations s\u2019est r\u00e9percut\u00e9 d\u2019une mani\u00e8re significative, sur les r\u00e9serves en eaux souterraines (nappes phr\u00e9atiques) et de surface (barrages)\u00a0\u00bb a-t-il dit.<\/p>\n<p>Et d&rsquo;ajouter : \u00ab\u00a0Aujourd\u2019hui, la situation des barrages est alarmante. A la fin du mois de janvier, le stock global des barrages n\u2019a atteint que 708 millions de m\u00e8tre cubes (m3), contre 1147 millions m3, durant la m\u00eame p\u00e9riode de l\u2019ann\u00e9e \u00e9coul\u00e9e, soit une baisse de 38,2%. Il s\u2019agit l\u00e0 du plus faible niveau de stock jamais enregistr\u00e9 depuis les dix derni\u00e8res ann\u00e9es, ce qui d\u00e9note de la gravit\u00e9 de la situation\u00a0\u00bb.<\/p>\n","protected":false},"excerpt":{"rendered":"<p>Il est imp\u00e9ratif de d\u00e9cr\u00e9ter officiellement, l\u2019\u00e9tat de s\u00e9cheresse en Tunisie , a plaid\u00e9 Abdallah Rabhi, ancien secr\u00e9taire d\u2019Etat charg\u00e9 des Ressources hydrauli&#8230;<\/p>\n","protected":false},"author":3175,"featured_media":277698,"comment_status":"open","ping_status":"closed","sticky":false,"template":"","format":"standard","meta":{"footnotes":""},"categories":[44],"tags":[3634,2608],"class_list":["post-202520","post","type-post","status-publish","format-standard","has-post-thumbnail","hentry","category-national","tag-secheresse","tag-tunisie"],"yoast_head":"<!-- This site is optimized with the Yoast SEO Premium plugin v27.5 (Yoast SEO v27.5) - https:\/\/yoast.com\/product\/yoast-seo-premium-wordpress\/ -->\n<title>Tunisie : Abdallah Rabhi appelle \u00e0 d\u00e9cr\u00e9ter l\u2019\u00e9tat de s\u00e9cheresse<\/title>\n<meta name=\"description\" content=\"Il est imp\u00e9ratif de d\u00e9cr\u00e9ter officiellement, l\u2019\u00e9tat de s\u00e9cheresse en Tunisie , a plaid\u00e9 Abdallah Rabhi, ancien secr\u00e9taire d\u2019Etat charg\u00e9 des Ressources hydrauli...\" \/>\n<link rel=\"canonical\" href=\"https:\/\/www.webdo.tn\/fr\/actualite\/national\/tunisie-abdallah-rabhi-appelle-a-decreter-l-etat-de-secheresse\/202520\/\" \/>\n<meta property=\"og:locale\" content=\"fr_FR\" \/>\n<meta property=\"og:type\" content=\"article\" \/>\n<meta property=\"og:title\" content=\"Tunisie : Abdallah Rabhi appelle \u00e0 d\u00e9cr\u00e9ter l\u2019\u00e9tat de s\u00e9cheresse\" \/>\n<meta property=\"og:description\" content=\"Il est imp\u00e9ratif de d\u00e9cr\u00e9ter officiellement, l\u2019\u00e9tat de s\u00e9cheresse en Tunisie , a plaid\u00e9 Abdallah Rabhi, ancien secr\u00e9taire d\u2019Etat charg\u00e9 des Ressources hydrauli...\" \/>\n<meta property=\"og:url\" content=\"https:\/\/www.webdo.tn\/fr\/actualite\/national\/tunisie-abdallah-rabhi-appelle-a-decreter-l-etat-de-secheresse\/202520\/\" \/>\n<meta property=\"og:site_name\" content=\"webdo\" \/>\n<meta property=\"article:publisher\" content=\"https:\/\/www.facebook.com\/webdotn\" \/>\n<meta property=\"article:published_time\" content=\"2023-02-02T13:59:00+00:00\" \/>\n<meta property=\"article:modified_time\" content=\"2025-05-20T22:48:55+00:00\" \/>\n<meta property=\"og:image\" content=\"https:\/\/www.webdo.tn\/fr\/wp-content\/uploads\/2023\/02\/f18a58fc776ac25995e56a3ccbef6f17.jpg\" \/>\n\t<meta property=\"og:image:width\" content=\"750\" \/>\n\t<meta property=\"og:image:height\" content=\"400\" \/>\n\t<meta property=\"og:image:type\" content=\"image\/jpeg\" \/>\n<meta name=\"author\" content=\"CL\" \/>\n<meta name=\"twitter:card\" content=\"summary_large_image\" \/>\n<meta name=\"twitter:creator\" content=\"@webdo_tn\" \/>\n<meta name=\"twitter:site\" content=\"@webdo_tn\" \/>\n<meta name=\"twitter:label1\" content=\"\u00c9crit par\" \/>\n\t<meta name=\"twitter:data1\" content=\"CL\" \/>\n\t<meta name=\"twitter:label2\" content=\"Dur\u00e9e de lecture estim\u00e9e\" \/>\n\t<meta name=\"twitter:data2\" content=\"1 minute\" \/>\n<script type=\"application\/ld+json\" class=\"yoast-schema-graph\">{\"@context\":\"https:\\\/\\\/schema.org\",\"@graph\":[{\"@type\":\"NewsArticle\",\"@id\":\"https:\\\/\\\/www.webdo.tn\\\/fr\\\/actualite\\\/national\\\/tunisie-abdallah-rabhi-appelle-a-decreter-l-etat-de-secheresse\\\/202520\\\/#article\",\"isPartOf\":{\"@id\":\"https:\\\/\\\/www.webdo.tn\\\/fr\\\/actualite\\\/national\\\/tunisie-abdallah-rabhi-appelle-a-decreter-l-etat-de-secheresse\\\/202520\\\/\"},\"author\":{\"name\":\"CL\",\"@id\":\"https:\\\/\\\/www.webdo.tn\\\/fr\\\/#\\\/schema\\\/person\\\/f35b42a42c5e2511bbd282959d6385cc\"},\"headline\":\"Tunisie : Abdallah Rabhi appelle \u00e0 d\u00e9cr\u00e9ter l\u2019\u00e9tat de s\u00e9cheresse\",\"datePublished\":\"2023-02-02T13:59:00+00:00\",\"dateModified\":\"2025-05-20T22:48:55+00:00\",\"mainEntityOfPage\":{\"@id\":\"https:\\\/\\\/www.webdo.tn\\\/fr\\\/actualite\\\/national\\\/tunisie-abdallah-rabhi-appelle-a-decreter-l-etat-de-secheresse\\\/202520\\\/\"},\"wordCount\":297,\"commentCount\":0,\"publisher\":{\"@id\":\"https:\\\/\\\/www.webdo.tn\\\/fr\\\/#organization\"},\"image\":{\"@id\":\"https:\\\/\\\/www.webdo.tn\\\/fr\\\/actualite\\\/national\\\/tunisie-abdallah-rabhi-appelle-a-decreter-l-etat-de-secheresse\\\/202520\\\/#primaryimage\"},\"thumbnailUrl\":\"https:\\\/\\\/www.webdo.tn\\\/fr\\\/wp-content\\\/uploads\\\/2023\\\/02\\\/f18a58fc776ac25995e56a3ccbef6f17.jpg\",\"keywords\":[\"s\u00e9cheresse\",\"Tunisie\"],\"articleSection\":[\"National\"],\"inLanguage\":\"fr-FR\"},{\"@type\":\"WebPage\",\"@id\":\"https:\\\/\\\/www.webdo.tn\\\/fr\\\/actualite\\\/national\\\/tunisie-abdallah-rabhi-appelle-a-decreter-l-etat-de-secheresse\\\/202520\\\/\",\"url\":\"https:\\\/\\\/www.webdo.tn\\\/fr\\\/actualite\\\/national\\\/tunisie-abdallah-rabhi-appelle-a-decreter-l-etat-de-secheresse\\\/202520\\\/\",\"name\":\"Tunisie : Abdallah Rabhi appelle \u00e0 d\u00e9cr\u00e9ter l\u2019\u00e9tat de s\u00e9cheresse\",\"isPartOf\":{\"@id\":\"https:\\\/\\\/www.webdo.tn\\\/fr\\\/#website\"},\"primaryImageOfPage\":{\"@id\":\"https:\\\/\\\/www.webdo.tn\\\/fr\\\/actualite\\\/national\\\/tunisie-abdallah-rabhi-appelle-a-decreter-l-etat-de-secheresse\\\/202520\\\/#primaryimage\"},\"image\":{\"@id\":\"https:\\\/\\\/www.webdo.tn\\\/fr\\\/actualite\\\/national\\\/tunisie-abdallah-rabhi-appelle-a-decreter-l-etat-de-secheresse\\\/202520\\\/#primaryimage\"},\"thumbnailUrl\":\"https:\\\/\\\/www.webdo.tn\\\/fr\\\/wp-content\\\/uploads\\\/2023\\\/02\\\/f18a58fc776ac25995e56a3ccbef6f17.jpg\",\"datePublished\":\"2023-02-02T13:59:00+00:00\",\"dateModified\":\"2025-05-20T22:48:55+00:00\",\"description\":\"Il est imp\u00e9ratif de d\u00e9cr\u00e9ter officiellement, l\u2019\u00e9tat de s\u00e9cheresse en Tunisie , a plaid\u00e9 Abdallah Rabhi, ancien secr\u00e9taire d\u2019Etat charg\u00e9 des Ressources hydrauli...\",\"breadcrumb\":{\"@id\":\"https:\\\/\\\/www.webdo.tn\\\/fr\\\/actualite\\\/national\\\/tunisie-abdallah-rabhi-appelle-a-decreter-l-etat-de-secheresse\\\/202520\\\/#breadcrumb\"},\"inLanguage\":\"fr-FR\",\"potentialAction\":[{\"@type\":\"ReadAction\",\"target\":[\"https:\\\/\\\/www.webdo.tn\\\/fr\\\/actualite\\\/national\\\/tunisie-abdallah-rabhi-appelle-a-decreter-l-etat-de-secheresse\\\/202520\\\/\"]}]},{\"@type\":\"ImageObject\",\"inLanguage\":\"fr-FR\",\"@id\":\"https:\\\/\\\/www.webdo.tn\\\/fr\\\/actualite\\\/national\\\/tunisie-abdallah-rabhi-appelle-a-decreter-l-etat-de-secheresse\\\/202520\\\/#primaryimage\",\"url\":\"https:\\\/\\\/www.webdo.tn\\\/fr\\\/wp-content\\\/uploads\\\/2023\\\/02\\\/f18a58fc776ac25995e56a3ccbef6f17.jpg\",\"contentUrl\":\"https:\\\/\\\/www.webdo.tn\\\/fr\\\/wp-content\\\/uploads\\\/2023\\\/02\\\/f18a58fc776ac25995e56a3ccbef6f17.jpg\",\"width\":750,\"height\":400,\"caption\":\"S\u00e8cheresse\"},{\"@type\":\"BreadcrumbList\",\"@id\":\"https:\\\/\\\/www.webdo.tn\\\/fr\\\/actualite\\\/national\\\/tunisie-abdallah-rabhi-appelle-a-decreter-l-etat-de-secheresse\\\/202520\\\/#breadcrumb\",\"itemListElement\":[{\"@type\":\"ListItem\",\"position\":1,\"name\":\"Accueil\",\"item\":\"https:\\\/\\\/www.webdo.tn\\\/fr\\\/\"},{\"@type\":\"ListItem\",\"position\":2,\"name\":\"Tunisie : Abdallah Rabhi appelle \u00e0 d\u00e9cr\u00e9ter l\u2019\u00e9tat de s\u00e9cheresse\"}]},{\"@type\":\"WebSite\",\"@id\":\"https:\\\/\\\/www.webdo.tn\\\/fr\\\/#website\",\"url\":\"https:\\\/\\\/www.webdo.tn\\\/fr\\\/\",\"name\":\"webdo\",\"description\":\"Tunisie - News en Tunisie et \u00e0 l&#039;international sur Webdo.tn\",\"publisher\":{\"@id\":\"https:\\\/\\\/www.webdo.tn\\\/fr\\\/#organization\"},\"potentialAction\":[{\"@type\":\"SearchAction\",\"target\":{\"@type\":\"EntryPoint\",\"urlTemplate\":\"https:\\\/\\\/www.webdo.tn\\\/fr\\\/?s={search_term_string}\"},\"query-input\":{\"@type\":\"PropertyValueSpecification\",\"valueRequired\":true,\"valueName\":\"search_term_string\"}}],\"inLanguage\":\"fr-FR\"},{\"@type\":\"Organization\",\"@id\":\"https:\\\/\\\/www.webdo.tn\\\/fr\\\/#organization\",\"name\":\"Webdo\",\"alternateName\":\"Webdo.tn\",\"url\":\"https:\\\/\\\/www.webdo.tn\\\/fr\\\/\",\"logo\":{\"@type\":\"ImageObject\",\"inLanguage\":\"fr-FR\",\"@id\":\"https:\\\/\\\/www.webdo.tn\\\/fr\\\/#\\\/schema\\\/logo\\\/image\\\/\",\"url\":\"https:\\\/\\\/www.webdo.tn\\\/fr\\\/wp-content\\\/uploads\\\/2025\\\/06\\\/Webdo-Tunisie_168377.jpg\",\"contentUrl\":\"https:\\\/\\\/www.webdo.tn\\\/fr\\\/wp-content\\\/uploads\\\/2025\\\/06\\\/Webdo-Tunisie_168377.jpg\",\"width\":301,\"height\":301,\"caption\":\"Webdo\"},\"image\":{\"@id\":\"https:\\\/\\\/www.webdo.tn\\\/fr\\\/#\\\/schema\\\/logo\\\/image\\\/\"},\"sameAs\":[\"https:\\\/\\\/www.facebook.com\\\/webdotn\",\"https:\\\/\\\/x.com\\\/webdo_tn\"],\"description\":\"Webdo est un m\u00e9dia num\u00e9rique tunisien fond\u00e9 en 2010, sp\u00e9cialis\u00e9 dans l\u2019actualit\u00e9 nationale et internationale, l\u2019\u00e9conomie, la soci\u00e9t\u00e9 et les analyses politiques. Le site s\u2019adresse \u00e0 un large public francophone et couvre l\u2019information tunisienne en temps r\u00e9el.\",\"email\":\"redac@webdo.tn\",\"legalName\":\"YNJ SARL\",\"foundingDate\":\"2010-09-06\",\"numberOfEmployees\":{\"@type\":\"QuantitativeValue\",\"minValue\":\"11\",\"maxValue\":\"50\"}},{\"@type\":\"Person\",\"@id\":\"https:\\\/\\\/www.webdo.tn\\\/fr\\\/#\\\/schema\\\/person\\\/f35b42a42c5e2511bbd282959d6385cc\",\"name\":\"CL\",\"image\":{\"@type\":\"ImageObject\",\"inLanguage\":\"fr-FR\",\"@id\":\"https:\\\/\\\/secure.gravatar.com\\\/avatar\\\/1447a49909b67aa657c488aec6512e1dd6143a480c1ecfee9b5b5cd74eb3b59e?s=96&d=mm&r=g\",\"url\":\"https:\\\/\\\/secure.gravatar.com\\\/avatar\\\/1447a49909b67aa657c488aec6512e1dd6143a480c1ecfee9b5b5cd74eb3b59e?s=96&d=mm&r=g\",\"contentUrl\":\"https:\\\/\\\/secure.gravatar.com\\\/avatar\\\/1447a49909b67aa657c488aec6512e1dd6143a480c1ecfee9b5b5cd74eb3b59e?s=96&d=mm&r=g\",\"caption\":\"CL\"},\"url\":\"https:\\\/\\\/www.webdo.tn\\\/fr\\\/actualite\\\/author\\\/cl\\\/\"}]}<\/script>\n<!-- \/ Yoast SEO Premium plugin. -->","yoast_head_json":{"title":"Tunisie : Abdallah Rabhi appelle \u00e0 d\u00e9cr\u00e9ter l\u2019\u00e9tat de s\u00e9cheresse","description":"Il est imp\u00e9ratif de d\u00e9cr\u00e9ter officiellement, l\u2019\u00e9tat de s\u00e9cheresse en Tunisie , a plaid\u00e9 Abdallah Rabhi, ancien secr\u00e9taire d\u2019Etat charg\u00e9 des Ressources hydrauli...","canonical":"https:\/\/www.webdo.tn\/fr\/actualite\/national\/tunisie-abdallah-rabhi-appelle-a-decreter-l-etat-de-secheresse\/202520\/","og_locale":"fr_FR","og_type":"article","og_title":"Tunisie : Abdallah Rabhi appelle \u00e0 d\u00e9cr\u00e9ter l\u2019\u00e9tat de s\u00e9cheresse","og_description":"Il est imp\u00e9ratif de d\u00e9cr\u00e9ter officiellement, l\u2019\u00e9tat de s\u00e9cheresse en Tunisie , a plaid\u00e9 Abdallah Rabhi, ancien secr\u00e9taire d\u2019Etat charg\u00e9 des Ressources hydrauli...","og_url":"https:\/\/www.webdo.tn\/fr\/actualite\/national\/tunisie-abdallah-rabhi-appelle-a-decreter-l-etat-de-secheresse\/202520\/","og_site_name":"webdo","article_publisher":"https:\/\/www.facebook.com\/webdotn","article_published_time":"2023-02-02T13:59:00+00:00","article_modified_time":"2025-05-20T22:48:55+00:00","og_image":[{"width":750,"height":400,"url":"https:\/\/www.webdo.tn\/fr\/wp-content\/uploads\/2023\/02\/f18a58fc776ac25995e56a3ccbef6f17.jpg","type":"image\/jpeg"}],"author":"CL","twitter_card":"summary_large_image","twitter_creator":"@webdo_tn","twitter_site":"@webdo_tn","twitter_misc":{"\u00c9crit par":"CL","Dur\u00e9e de lecture estim\u00e9e":"1 minute"},"schema":{"@context":"https:\/\/schema.org","@graph":[{"@type":"NewsArticle","@id":"https:\/\/www.webdo.tn\/fr\/actualite\/national\/tunisie-abdallah-rabhi-appelle-a-decreter-l-etat-de-secheresse\/202520\/#article","isPartOf":{"@id":"https:\/\/www.webdo.tn\/fr\/actualite\/national\/tunisie-abdallah-rabhi-appelle-a-decreter-l-etat-de-secheresse\/202520\/"},"author":{"name":"CL","@id":"https:\/\/www.webdo.tn\/fr\/#\/schema\/person\/f35b42a42c5e2511bbd282959d6385cc"},"headline":"Tunisie : Abdallah Rabhi appelle \u00e0 d\u00e9cr\u00e9ter l\u2019\u00e9tat de s\u00e9cheresse","datePublished":"2023-02-02T13:59:00+00:00","dateModified":"2025-05-20T22:48:55+00:00","mainEntityOfPage":{"@id":"https:\/\/www.webdo.tn\/fr\/actualite\/national\/tunisie-abdallah-rabhi-appelle-a-decreter-l-etat-de-secheresse\/202520\/"},"wordCount":297,"commentCount":0,"publisher":{"@id":"https:\/\/www.webdo.tn\/fr\/#organization"},"image":{"@id":"https:\/\/www.webdo.tn\/fr\/actualite\/national\/tunisie-abdallah-rabhi-appelle-a-decreter-l-etat-de-secheresse\/202520\/#primaryimage"},"thumbnailUrl":"https:\/\/www.webdo.tn\/fr\/wp-content\/uploads\/2023\/02\/f18a58fc776ac25995e56a3ccbef6f17.jpg","keywords":["s\u00e9cheresse","Tunisie"],"articleSection":["National"],"inLanguage":"fr-FR"},{"@type":"WebPage","@id":"https:\/\/www.webdo.tn\/fr\/actualite\/national\/tunisie-abdallah-rabhi-appelle-a-decreter-l-etat-de-secheresse\/202520\/","url":"https:\/\/www.webdo.tn\/fr\/actualite\/national\/tunisie-abdallah-rabhi-appelle-a-decreter-l-etat-de-secheresse\/202520\/","name":"Tunisie : Abdallah Rabhi appelle \u00e0 d\u00e9cr\u00e9ter l\u2019\u00e9tat de s\u00e9cheresse","isPartOf":{"@id":"https:\/\/www.webdo.tn\/fr\/#website"},"primaryImageOfPage":{"@id":"https:\/\/www.webdo.tn\/fr\/actualite\/national\/tunisie-abdallah-rabhi-appelle-a-decreter-l-etat-de-secheresse\/202520\/#primaryimage"},"image":{"@id":"https:\/\/www.webdo.tn\/fr\/actualite\/national\/tunisie-abdallah-rabhi-appelle-a-decreter-l-etat-de-secheresse\/202520\/#primaryimage"},"thumbnailUrl":"https:\/\/www.webdo.tn\/fr\/wp-content\/uploads\/2023\/02\/f18a58fc776ac25995e56a3ccbef6f17.jpg","datePublished":"2023-02-02T13:59:00+00:00","dateModified":"2025-05-20T22:48:55+00:00","description":"Il est imp\u00e9ratif de d\u00e9cr\u00e9ter officiellement, l\u2019\u00e9tat de s\u00e9cheresse en Tunisie , a plaid\u00e9 Abdallah Rabhi, ancien secr\u00e9taire d\u2019Etat charg\u00e9 des Ressources hydrauli...","breadcrumb":{"@id":"https:\/\/www.webdo.tn\/fr\/actualite\/national\/tunisie-abdallah-rabhi-appelle-a-decreter-l-etat-de-secheresse\/202520\/#breadcrumb"},"inLanguage":"fr-FR","potentialAction":[{"@type":"ReadAction","target":["https:\/\/www.webdo.tn\/fr\/actualite\/national\/tunisie-abdallah-rabhi-appelle-a-decreter-l-etat-de-secheresse\/202520\/"]}]},{"@type":"ImageObject","inLanguage":"fr-FR","@id":"https:\/\/www.webdo.tn\/fr\/actualite\/national\/tunisie-abdallah-rabhi-appelle-a-decreter-l-etat-de-secheresse\/202520\/#primaryimage","url":"https:\/\/www.webdo.tn\/fr\/wp-content\/uploads\/2023\/02\/f18a58fc776ac25995e56a3ccbef6f17.jpg","contentUrl":"https:\/\/www.webdo.tn\/fr\/wp-content\/uploads\/2023\/02\/f18a58fc776ac25995e56a3ccbef6f17.jpg","width":750,"height":400,"caption":"S\u00e8cheresse"},{"@type":"BreadcrumbList","@id":"https:\/\/www.webdo.tn\/fr\/actualite\/national\/tunisie-abdallah-rabhi-appelle-a-decreter-l-etat-de-secheresse\/202520\/#breadcrumb","itemListElement":[{"@type":"ListItem","position":1,"name":"Accueil","item":"https:\/\/www.webdo.tn\/fr\/"},{"@type":"ListItem","position":2,"name":"Tunisie : Abdallah Rabhi appelle \u00e0 d\u00e9cr\u00e9ter l\u2019\u00e9tat de s\u00e9cheresse"}]},{"@type":"WebSite","@id":"https:\/\/www.webdo.tn\/fr\/#website","url":"https:\/\/www.webdo.tn\/fr\/","name":"webdo","description":"Tunisie - News en Tunisie et \u00e0 l&#039;international sur Webdo.tn","publisher":{"@id":"https:\/\/www.webdo.tn\/fr\/#organization"},"potentialAction":[{"@type":"SearchAction","target":{"@type":"EntryPoint","urlTemplate":"https:\/\/www.webdo.tn\/fr\/?s={search_term_string}"},"query-input":{"@type":"PropertyValueSpecification","valueRequired":true,"valueName":"search_term_string"}}],"inLanguage":"fr-FR"},{"@type":"Organization","@id":"https:\/\/www.webdo.tn\/fr\/#organization","name":"Webdo","alternateName":"Webdo.tn","url":"https:\/\/www.webdo.tn\/fr\/","logo":{"@type":"ImageObject","inLanguage":"fr-FR","@id":"https:\/\/www.webdo.tn\/fr\/#\/schema\/logo\/image\/","url":"https:\/\/www.webdo.tn\/fr\/wp-content\/uploads\/2025\/06\/Webdo-Tunisie_168377.jpg","contentUrl":"https:\/\/www.webdo.tn\/fr\/wp-content\/uploads\/2025\/06\/Webdo-Tunisie_168377.jpg","width":301,"height":301,"caption":"Webdo"},"image":{"@id":"https:\/\/www.webdo.tn\/fr\/#\/schema\/logo\/image\/"},"sameAs":["https:\/\/www.facebook.com\/webdotn","https:\/\/x.com\/webdo_tn"],"description":"Webdo est un m\u00e9dia num\u00e9rique tunisien fond\u00e9 en 2010, sp\u00e9cialis\u00e9 dans l\u2019actualit\u00e9 nationale et internationale, l\u2019\u00e9conomie, la soci\u00e9t\u00e9 et les analyses politiques. Le site s\u2019adresse \u00e0 un large public francophone et couvre l\u2019information tunisienne en temps r\u00e9el.","email":"redac@webdo.tn","legalName":"YNJ SARL","foundingDate":"2010-09-06","numberOfEmployees":{"@type":"QuantitativeValue","minValue":"11","maxValue":"50"}},{"@type":"Person","@id":"https:\/\/www.webdo.tn\/fr\/#\/schema\/person\/f35b42a42c5e2511bbd282959d6385cc","name":"CL","image":{"@type":"ImageObject","inLanguage":"fr-FR","@id":"https:\/\/secure.gravatar.com\/avatar\/1447a49909b67aa657c488aec6512e1dd6143a480c1ecfee9b5b5cd74eb3b59e?s=96&d=mm&r=g","url":"https:\/\/secure.gravatar.com\/avatar\/1447a49909b67aa657c488aec6512e1dd6143a480c1ecfee9b5b5cd74eb3b59e?s=96&d=mm&r=g","contentUrl":"https:\/\/secure.gravatar.com\/avatar\/1447a49909b67aa657c488aec6512e1dd6143a480c1ecfee9b5b5cd74eb3b59e?s=96&d=mm&r=g","caption":"CL"},"url":"https:\/\/www.webdo.tn\/fr\/actualite\/author\/cl\/"}]}},"_links":{"self":[{"href":"https:\/\/www.webdo.tn\/fr\/wp-json\/wp\/v2\/posts\/202520","targetHints":{"allow":["GET"]}}],"collection":[{"href":"https:\/\/www.webdo.tn\/fr\/wp-json\/wp\/v2\/posts"}],"about":[{"href":"https:\/\/www.webdo.tn\/fr\/wp-json\/wp\/v2\/types\/post"}],"author":[{"embeddable":true,"href":"https:\/\/www.webdo.tn\/fr\/wp-json\/wp\/v2\/users\/3175"}],"replies":[{"embeddable":true,"href":"https:\/\/www.webdo.tn\/fr\/wp-json\/wp\/v2\/comments?post=202520"}],"version-history":[{"count":0,"href":"https:\/\/www.webdo.tn\/fr\/wp-json\/wp\/v2\/posts\/202520\/revisions"}],"wp:featuredmedia":[{"embeddable":true,"href":"https:\/\/www.webdo.tn\/fr\/wp-json\/wp\/v2\/media\/277698"}],"wp:attachment":[{"href":"https:\/\/www.webdo.tn\/fr\/wp-json\/wp\/v2\/media?parent=202520"}],"wp:term":[{"taxonomy":"category","embeddable":true,"href":"https:\/\/www.webdo.tn\/fr\/wp-json\/wp\/v2\/categories?post=202520"},{"taxonomy":"post_tag","embeddable":true,"href":"https:\/\/www.webdo.tn\/fr\/wp-json\/wp\/v2\/tags?post=202520"}],"curies":[{"name":"wp","href":"https:\/\/api.w.org\/{rel}","templated":true}]}}