{"id":202519,"date":"2023-02-02T13:31:00","date_gmt":"2023-02-02T13:31:00","guid":{"rendered":"https:\/\/www.webdo.tn\/fr\/blog\/journal-echaab-le-discours-de-l-aouina-une-declaration-de-guerre\/202519\/"},"modified":"2025-05-20T22:48:54","modified_gmt":"2025-05-20T22:48:54","slug":"journal-echaab-le-discours-de-l-aouina-une-declaration-de-guerre","status":"publish","type":"post","link":"https:\/\/www.webdo.tn\/fr\/actualite\/national\/journal-echaab-le-discours-de-l-aouina-une-declaration-de-guerre\/202519\/","title":{"rendered":"Journal Echaab : Le discours de l\u2019Aouina, une d\u00e9claration de guerre !"},"content":{"rendered":"<p>Entre l\u2019UGTT et le pr\u00e9sident de la R\u00e9publique, rien ne va plus, et les derni\u00e8res d\u00e9clarations de Kais Saied constitueraient le point de non-retour.\u00a0<\/p>\n<p>\t\t\t\t\t\t\t\t\tCe jeudi 2 f\u00e9vrier 2023, la Une du journal Echaab, celui de l\u2019UGTT, titre que ces d\u00e9clarations constituent une d\u00e9claration de guerre. Le journal affirme que ces d\u00e9clarations sont une sorte d\u2019hostilit\u00e9s envers la centrale syndicale.\u00a0<\/p>\n<p>L\u2019Union g\u00e9n\u00e9rale tunisienne du travail (UGTT) va tenir une commission administrative nationale, le vendredi 3 f\u00e9vrier 2023, pour examiner les derniers d\u00e9veloppements de la situation syndicale.<\/p>\n<p>Cette d\u00e9cision a \u00e9t\u00e9 annonc\u00e9e par le secr\u00e9taire g\u00e9n\u00e9ral adjoint de la centrale syndicale, Hfaiedh Hfaiedh, \u00e0 l\u2019agence TAP. Hfaiedh Hfaiedh a donn\u00e9 davantages de d\u00e9tails en expliquant que ladite r\u00e9union sera consacr\u00e9e \u00e0 l&rsquo;\u00e9tude des r\u00e9ponses face aux atteintes visant l&rsquo;organisation syndicale, mais qu\u2019elle portera aussi pour examiner les libert\u00e9s g\u00e9n\u00e9rales et le droit syndical notamment apr\u00e8s l&rsquo;arrestation du secr\u00e9taire g\u00e9n\u00e9ral du syndicat de la soci\u00e9t\u00e9 Tunisie Autoroutes, Anis Kaabi.<\/p>\n<p>Ka\u00efs Sa\u00efed, qui s&rsquo;est entretenu, mardi, \u00e0 la caserne d&rsquo;El Aouina, avec des responsables s\u00e9curitaires, a \u00e9voqu\u00e9 la r\u00e9cente gr\u00e8ve du syndicat de Tunisie Autoroutes.\u00a0<\/p>\n<p>Pointant du doigt les individus qui s&rsquo;acharnent \u00e0 bloquer les routes et les voies ferr\u00e9es, le pr\u00e9sident de la R\u00e9publique a affirm\u00e9 que nul ne peut se pr\u00e9valoir d&rsquo;un quelconque motif ou argument pour commettre ces actes.<\/p>\n<p>Ces fauteurs ne doivent plus b\u00e9n\u00e9ficier de l&rsquo;impunit\u00e9, a-t-il encore martel\u00e9. \u00ab\u00a0Oui pour le droit syndical, d\u00e8s lors qu&rsquo;il est d&rsquo;un droit reconnu et garanti par la Constitution\u00a0\u00bb, a pr\u00e9cis\u00e9 le chef de l&rsquo;Etat, d\u00e9non\u00e7ant, \u00e0 ce propos, les tentatives visant \u00e0 user de ce droit \u00e0 des fins politiciennes connues par tous.<\/p>\n","protected":false},"excerpt":{"rendered":"<p>Entre l\u2019UGTT et le pr\u00e9sident de la R\u00e9publique, rien ne va plus, et les derni\u00e8res d\u00e9clarations de Kais Saied constitueraient le point de non-retour.<\/p>\n","protected":false},"author":3175,"featured_media":277691,"comment_status":"open","ping_status":"closed","sticky":false,"template":"","format":"standard","meta":{"footnotes":""},"categories":[44],"tags":[2614,2608,2649],"class_list":["post-202519","post","type-post","status-publish","format-standard","has-post-thumbnail","hentry","category-national","tag-kais-saied","tag-tunisie","tag-ugtt"],"yoast_head":"<!-- This site is optimized with the Yoast SEO Premium plugin v27.4 (Yoast SEO v27.4) - https:\/\/yoast.com\/product\/yoast-seo-premium-wordpress\/ -->\n<title>Journal Echaab : Le discours de l\u2019Aouina, une d\u00e9claration de guerre !<\/title>\n<meta name=\"description\" content=\"Entre l\u2019UGTT et le pr\u00e9sident de la R\u00e9publique, rien ne va plus, et les derni\u00e8res d\u00e9clarations de Kais Saied constitueraient le point de non-retour.\" \/>\n<link rel=\"canonical\" href=\"https:\/\/www.webdo.tn\/fr\/actualite\/national\/journal-echaab-le-discours-de-l-aouina-une-declaration-de-guerre\/202519\/\" \/>\n<meta property=\"og:locale\" content=\"fr_FR\" \/>\n<meta property=\"og:type\" content=\"article\" \/>\n<meta property=\"og:title\" content=\"Journal Echaab : Le discours de l\u2019Aouina, une d\u00e9claration de guerre !\" \/>\n<meta property=\"og:description\" content=\"Entre l\u2019UGTT et le pr\u00e9sident de la R\u00e9publique, rien ne va plus, et les derni\u00e8res d\u00e9clarations de Kais Saied constitueraient le point de non-retour.\" \/>\n<meta property=\"og:url\" content=\"https:\/\/www.webdo.tn\/fr\/actualite\/national\/journal-echaab-le-discours-de-l-aouina-une-declaration-de-guerre\/202519\/\" \/>\n<meta property=\"og:site_name\" content=\"webdo\" \/>\n<meta property=\"article:publisher\" content=\"https:\/\/www.facebook.com\/webdotn\" \/>\n<meta property=\"article:published_time\" content=\"2023-02-02T13:31:00+00:00\" \/>\n<meta property=\"article:modified_time\" content=\"2025-05-20T22:48:54+00:00\" \/>\n<meta property=\"og:image\" content=\"https:\/\/www.webdo.tn\/fr\/wp-content\/uploads\/2023\/02\/a4f7d97bbc121d3b5141dde177a0abe2.jpg\" \/>\n\t<meta property=\"og:image:width\" content=\"750\" \/>\n\t<meta property=\"og:image:height\" content=\"400\" \/>\n\t<meta property=\"og:image:type\" content=\"image\/jpeg\" \/>\n<meta name=\"author\" content=\"CL\" \/>\n<meta name=\"twitter:card\" content=\"summary_large_image\" \/>\n<meta name=\"twitter:creator\" content=\"@webdo_tn\" \/>\n<meta name=\"twitter:site\" content=\"@webdo_tn\" \/>\n<meta name=\"twitter:label1\" content=\"\u00c9crit par\" \/>\n\t<meta name=\"twitter:data1\" content=\"CL\" \/>\n\t<meta name=\"twitter:label2\" content=\"Dur\u00e9e de lecture estim\u00e9e\" \/>\n\t<meta name=\"twitter:data2\" content=\"2 minutes\" \/>\n<script type=\"application\/ld+json\" class=\"yoast-schema-graph\">{\"@context\":\"https:\\\/\\\/schema.org\",\"@graph\":[{\"@type\":\"NewsArticle\",\"@id\":\"https:\\\/\\\/www.webdo.tn\\\/fr\\\/actualite\\\/national\\\/journal-echaab-le-discours-de-l-aouina-une-declaration-de-guerre\\\/202519\\\/#article\",\"isPartOf\":{\"@id\":\"https:\\\/\\\/www.webdo.tn\\\/fr\\\/actualite\\\/national\\\/journal-echaab-le-discours-de-l-aouina-une-declaration-de-guerre\\\/202519\\\/\"},\"author\":{\"name\":\"CL\",\"@id\":\"https:\\\/\\\/www.webdo.tn\\\/fr\\\/#\\\/schema\\\/person\\\/f35b42a42c5e2511bbd282959d6385cc\"},\"headline\":\"Journal Echaab : Le discours de l\u2019Aouina, une d\u00e9claration de guerre !\",\"datePublished\":\"2023-02-02T13:31:00+00:00\",\"dateModified\":\"2025-05-20T22:48:54+00:00\",\"mainEntityOfPage\":{\"@id\":\"https:\\\/\\\/www.webdo.tn\\\/fr\\\/actualite\\\/national\\\/journal-echaab-le-discours-de-l-aouina-une-declaration-de-guerre\\\/202519\\\/\"},\"wordCount\":335,\"commentCount\":0,\"publisher\":{\"@id\":\"https:\\\/\\\/www.webdo.tn\\\/fr\\\/#organization\"},\"image\":{\"@id\":\"https:\\\/\\\/www.webdo.tn\\\/fr\\\/actualite\\\/national\\\/journal-echaab-le-discours-de-l-aouina-une-declaration-de-guerre\\\/202519\\\/#primaryimage\"},\"thumbnailUrl\":\"https:\\\/\\\/www.webdo.tn\\\/fr\\\/wp-content\\\/uploads\\\/2023\\\/02\\\/a4f7d97bbc121d3b5141dde177a0abe2.jpg\",\"keywords\":[\"Kais Saied\",\"Tunisie\",\"UGTT\"],\"articleSection\":[\"National\"],\"inLanguage\":\"fr-FR\"},{\"@type\":\"WebPage\",\"@id\":\"https:\\\/\\\/www.webdo.tn\\\/fr\\\/actualite\\\/national\\\/journal-echaab-le-discours-de-l-aouina-une-declaration-de-guerre\\\/202519\\\/\",\"url\":\"https:\\\/\\\/www.webdo.tn\\\/fr\\\/actualite\\\/national\\\/journal-echaab-le-discours-de-l-aouina-une-declaration-de-guerre\\\/202519\\\/\",\"name\":\"Journal Echaab : Le discours de l\u2019Aouina, une d\u00e9claration de guerre !\",\"isPartOf\":{\"@id\":\"https:\\\/\\\/www.webdo.tn\\\/fr\\\/#website\"},\"primaryImageOfPage\":{\"@id\":\"https:\\\/\\\/www.webdo.tn\\\/fr\\\/actualite\\\/national\\\/journal-echaab-le-discours-de-l-aouina-une-declaration-de-guerre\\\/202519\\\/#primaryimage\"},\"image\":{\"@id\":\"https:\\\/\\\/www.webdo.tn\\\/fr\\\/actualite\\\/national\\\/journal-echaab-le-discours-de-l-aouina-une-declaration-de-guerre\\\/202519\\\/#primaryimage\"},\"thumbnailUrl\":\"https:\\\/\\\/www.webdo.tn\\\/fr\\\/wp-content\\\/uploads\\\/2023\\\/02\\\/a4f7d97bbc121d3b5141dde177a0abe2.jpg\",\"datePublished\":\"2023-02-02T13:31:00+00:00\",\"dateModified\":\"2025-05-20T22:48:54+00:00\",\"description\":\"Entre l\u2019UGTT et le pr\u00e9sident de la R\u00e9publique, rien ne va plus, et les derni\u00e8res d\u00e9clarations de Kais Saied constitueraient le point de non-retour.\",\"breadcrumb\":{\"@id\":\"https:\\\/\\\/www.webdo.tn\\\/fr\\\/actualite\\\/national\\\/journal-echaab-le-discours-de-l-aouina-une-declaration-de-guerre\\\/202519\\\/#breadcrumb\"},\"inLanguage\":\"fr-FR\",\"potentialAction\":[{\"@type\":\"ReadAction\",\"target\":[\"https:\\\/\\\/www.webdo.tn\\\/fr\\\/actualite\\\/national\\\/journal-echaab-le-discours-de-l-aouina-une-declaration-de-guerre\\\/202519\\\/\"]}]},{\"@type\":\"ImageObject\",\"inLanguage\":\"fr-FR\",\"@id\":\"https:\\\/\\\/www.webdo.tn\\\/fr\\\/actualite\\\/national\\\/journal-echaab-le-discours-de-l-aouina-une-declaration-de-guerre\\\/202519\\\/#primaryimage\",\"url\":\"https:\\\/\\\/www.webdo.tn\\\/fr\\\/wp-content\\\/uploads\\\/2023\\\/02\\\/a4f7d97bbc121d3b5141dde177a0abe2.jpg\",\"contentUrl\":\"https:\\\/\\\/www.webdo.tn\\\/fr\\\/wp-content\\\/uploads\\\/2023\\\/02\\\/a4f7d97bbc121d3b5141dde177a0abe2.jpg\",\"width\":750,\"height\":400,\"caption\":\"Echaab\"},{\"@type\":\"BreadcrumbList\",\"@id\":\"https:\\\/\\\/www.webdo.tn\\\/fr\\\/actualite\\\/national\\\/journal-echaab-le-discours-de-l-aouina-une-declaration-de-guerre\\\/202519\\\/#breadcrumb\",\"itemListElement\":[{\"@type\":\"ListItem\",\"position\":1,\"name\":\"Accueil\",\"item\":\"https:\\\/\\\/www.webdo.tn\\\/fr\\\/\"},{\"@type\":\"ListItem\",\"position\":2,\"name\":\"Journal Echaab : Le discours de l\u2019Aouina, une d\u00e9claration de guerre !\"}]},{\"@type\":\"WebSite\",\"@id\":\"https:\\\/\\\/www.webdo.tn\\\/fr\\\/#website\",\"url\":\"https:\\\/\\\/www.webdo.tn\\\/fr\\\/\",\"name\":\"webdo\",\"description\":\"Tunisie - News en Tunisie et \u00e0 l&#039;international sur Webdo.tn\",\"publisher\":{\"@id\":\"https:\\\/\\\/www.webdo.tn\\\/fr\\\/#organization\"},\"potentialAction\":[{\"@type\":\"SearchAction\",\"target\":{\"@type\":\"EntryPoint\",\"urlTemplate\":\"https:\\\/\\\/www.webdo.tn\\\/fr\\\/?s={search_term_string}\"},\"query-input\":{\"@type\":\"PropertyValueSpecification\",\"valueRequired\":true,\"valueName\":\"search_term_string\"}}],\"inLanguage\":\"fr-FR\"},{\"@type\":\"Organization\",\"@id\":\"https:\\\/\\\/www.webdo.tn\\\/fr\\\/#organization\",\"name\":\"Webdo\",\"alternateName\":\"Webdo.tn\",\"url\":\"https:\\\/\\\/www.webdo.tn\\\/fr\\\/\",\"logo\":{\"@type\":\"ImageObject\",\"inLanguage\":\"fr-FR\",\"@id\":\"https:\\\/\\\/www.webdo.tn\\\/fr\\\/#\\\/schema\\\/logo\\\/image\\\/\",\"url\":\"https:\\\/\\\/www.webdo.tn\\\/fr\\\/wp-content\\\/uploads\\\/2025\\\/06\\\/Webdo-Tunisie_168377.jpg\",\"contentUrl\":\"https:\\\/\\\/www.webdo.tn\\\/fr\\\/wp-content\\\/uploads\\\/2025\\\/06\\\/Webdo-Tunisie_168377.jpg\",\"width\":301,\"height\":301,\"caption\":\"Webdo\"},\"image\":{\"@id\":\"https:\\\/\\\/www.webdo.tn\\\/fr\\\/#\\\/schema\\\/logo\\\/image\\\/\"},\"sameAs\":[\"https:\\\/\\\/www.facebook.com\\\/webdotn\",\"https:\\\/\\\/x.com\\\/webdo_tn\"],\"description\":\"Webdo est un m\u00e9dia num\u00e9rique tunisien fond\u00e9 en 2010, sp\u00e9cialis\u00e9 dans l\u2019actualit\u00e9 nationale et internationale, l\u2019\u00e9conomie, la soci\u00e9t\u00e9 et les analyses politiques. Le site s\u2019adresse \u00e0 un large public francophone et couvre l\u2019information tunisienne en temps r\u00e9el.\",\"email\":\"redac@webdo.tn\",\"legalName\":\"YNJ SARL\",\"foundingDate\":\"2010-09-06\",\"numberOfEmployees\":{\"@type\":\"QuantitativeValue\",\"minValue\":\"11\",\"maxValue\":\"50\"}},{\"@type\":\"Person\",\"@id\":\"https:\\\/\\\/www.webdo.tn\\\/fr\\\/#\\\/schema\\\/person\\\/f35b42a42c5e2511bbd282959d6385cc\",\"name\":\"CL\",\"image\":{\"@type\":\"ImageObject\",\"inLanguage\":\"fr-FR\",\"@id\":\"https:\\\/\\\/secure.gravatar.com\\\/avatar\\\/1447a49909b67aa657c488aec6512e1dd6143a480c1ecfee9b5b5cd74eb3b59e?s=96&d=mm&r=g\",\"url\":\"https:\\\/\\\/secure.gravatar.com\\\/avatar\\\/1447a49909b67aa657c488aec6512e1dd6143a480c1ecfee9b5b5cd74eb3b59e?s=96&d=mm&r=g\",\"contentUrl\":\"https:\\\/\\\/secure.gravatar.com\\\/avatar\\\/1447a49909b67aa657c488aec6512e1dd6143a480c1ecfee9b5b5cd74eb3b59e?s=96&d=mm&r=g\",\"caption\":\"CL\"},\"url\":\"https:\\\/\\\/www.webdo.tn\\\/fr\\\/actualite\\\/author\\\/cl\\\/\"}]}<\/script>\n<!-- \/ Yoast SEO Premium plugin. -->","yoast_head_json":{"title":"Journal Echaab : Le discours de l\u2019Aouina, une d\u00e9claration de guerre !","description":"Entre l\u2019UGTT et le pr\u00e9sident de la R\u00e9publique, rien ne va plus, et les derni\u00e8res d\u00e9clarations de Kais Saied constitueraient le point de non-retour.","canonical":"https:\/\/www.webdo.tn\/fr\/actualite\/national\/journal-echaab-le-discours-de-l-aouina-une-declaration-de-guerre\/202519\/","og_locale":"fr_FR","og_type":"article","og_title":"Journal Echaab : Le discours de l\u2019Aouina, une d\u00e9claration de guerre !","og_description":"Entre l\u2019UGTT et le pr\u00e9sident de la R\u00e9publique, rien ne va plus, et les derni\u00e8res d\u00e9clarations de Kais Saied constitueraient le point de non-retour.","og_url":"https:\/\/www.webdo.tn\/fr\/actualite\/national\/journal-echaab-le-discours-de-l-aouina-une-declaration-de-guerre\/202519\/","og_site_name":"webdo","article_publisher":"https:\/\/www.facebook.com\/webdotn","article_published_time":"2023-02-02T13:31:00+00:00","article_modified_time":"2025-05-20T22:48:54+00:00","og_image":[{"width":750,"height":400,"url":"https:\/\/www.webdo.tn\/fr\/wp-content\/uploads\/2023\/02\/a4f7d97bbc121d3b5141dde177a0abe2.jpg","type":"image\/jpeg"}],"author":"CL","twitter_card":"summary_large_image","twitter_creator":"@webdo_tn","twitter_site":"@webdo_tn","twitter_misc":{"\u00c9crit par":"CL","Dur\u00e9e de lecture estim\u00e9e":"2 minutes"},"schema":{"@context":"https:\/\/schema.org","@graph":[{"@type":"NewsArticle","@id":"https:\/\/www.webdo.tn\/fr\/actualite\/national\/journal-echaab-le-discours-de-l-aouina-une-declaration-de-guerre\/202519\/#article","isPartOf":{"@id":"https:\/\/www.webdo.tn\/fr\/actualite\/national\/journal-echaab-le-discours-de-l-aouina-une-declaration-de-guerre\/202519\/"},"author":{"name":"CL","@id":"https:\/\/www.webdo.tn\/fr\/#\/schema\/person\/f35b42a42c5e2511bbd282959d6385cc"},"headline":"Journal Echaab : Le discours de l\u2019Aouina, une d\u00e9claration de guerre !","datePublished":"2023-02-02T13:31:00+00:00","dateModified":"2025-05-20T22:48:54+00:00","mainEntityOfPage":{"@id":"https:\/\/www.webdo.tn\/fr\/actualite\/national\/journal-echaab-le-discours-de-l-aouina-une-declaration-de-guerre\/202519\/"},"wordCount":335,"commentCount":0,"publisher":{"@id":"https:\/\/www.webdo.tn\/fr\/#organization"},"image":{"@id":"https:\/\/www.webdo.tn\/fr\/actualite\/national\/journal-echaab-le-discours-de-l-aouina-une-declaration-de-guerre\/202519\/#primaryimage"},"thumbnailUrl":"https:\/\/www.webdo.tn\/fr\/wp-content\/uploads\/2023\/02\/a4f7d97bbc121d3b5141dde177a0abe2.jpg","keywords":["Kais Saied","Tunisie","UGTT"],"articleSection":["National"],"inLanguage":"fr-FR"},{"@type":"WebPage","@id":"https:\/\/www.webdo.tn\/fr\/actualite\/national\/journal-echaab-le-discours-de-l-aouina-une-declaration-de-guerre\/202519\/","url":"https:\/\/www.webdo.tn\/fr\/actualite\/national\/journal-echaab-le-discours-de-l-aouina-une-declaration-de-guerre\/202519\/","name":"Journal Echaab : Le discours de l\u2019Aouina, une d\u00e9claration de guerre !","isPartOf":{"@id":"https:\/\/www.webdo.tn\/fr\/#website"},"primaryImageOfPage":{"@id":"https:\/\/www.webdo.tn\/fr\/actualite\/national\/journal-echaab-le-discours-de-l-aouina-une-declaration-de-guerre\/202519\/#primaryimage"},"image":{"@id":"https:\/\/www.webdo.tn\/fr\/actualite\/national\/journal-echaab-le-discours-de-l-aouina-une-declaration-de-guerre\/202519\/#primaryimage"},"thumbnailUrl":"https:\/\/www.webdo.tn\/fr\/wp-content\/uploads\/2023\/02\/a4f7d97bbc121d3b5141dde177a0abe2.jpg","datePublished":"2023-02-02T13:31:00+00:00","dateModified":"2025-05-20T22:48:54+00:00","description":"Entre l\u2019UGTT et le pr\u00e9sident de la R\u00e9publique, rien ne va plus, et les derni\u00e8res d\u00e9clarations de Kais Saied constitueraient le point de non-retour.","breadcrumb":{"@id":"https:\/\/www.webdo.tn\/fr\/actualite\/national\/journal-echaab-le-discours-de-l-aouina-une-declaration-de-guerre\/202519\/#breadcrumb"},"inLanguage":"fr-FR","potentialAction":[{"@type":"ReadAction","target":["https:\/\/www.webdo.tn\/fr\/actualite\/national\/journal-echaab-le-discours-de-l-aouina-une-declaration-de-guerre\/202519\/"]}]},{"@type":"ImageObject","inLanguage":"fr-FR","@id":"https:\/\/www.webdo.tn\/fr\/actualite\/national\/journal-echaab-le-discours-de-l-aouina-une-declaration-de-guerre\/202519\/#primaryimage","url":"https:\/\/www.webdo.tn\/fr\/wp-content\/uploads\/2023\/02\/a4f7d97bbc121d3b5141dde177a0abe2.jpg","contentUrl":"https:\/\/www.webdo.tn\/fr\/wp-content\/uploads\/2023\/02\/a4f7d97bbc121d3b5141dde177a0abe2.jpg","width":750,"height":400,"caption":"Echaab"},{"@type":"BreadcrumbList","@id":"https:\/\/www.webdo.tn\/fr\/actualite\/national\/journal-echaab-le-discours-de-l-aouina-une-declaration-de-guerre\/202519\/#breadcrumb","itemListElement":[{"@type":"ListItem","position":1,"name":"Accueil","item":"https:\/\/www.webdo.tn\/fr\/"},{"@type":"ListItem","position":2,"name":"Journal Echaab : Le discours de l\u2019Aouina, une d\u00e9claration de guerre !"}]},{"@type":"WebSite","@id":"https:\/\/www.webdo.tn\/fr\/#website","url":"https:\/\/www.webdo.tn\/fr\/","name":"webdo","description":"Tunisie - News en Tunisie et \u00e0 l&#039;international sur Webdo.tn","publisher":{"@id":"https:\/\/www.webdo.tn\/fr\/#organization"},"potentialAction":[{"@type":"SearchAction","target":{"@type":"EntryPoint","urlTemplate":"https:\/\/www.webdo.tn\/fr\/?s={search_term_string}"},"query-input":{"@type":"PropertyValueSpecification","valueRequired":true,"valueName":"search_term_string"}}],"inLanguage":"fr-FR"},{"@type":"Organization","@id":"https:\/\/www.webdo.tn\/fr\/#organization","name":"Webdo","alternateName":"Webdo.tn","url":"https:\/\/www.webdo.tn\/fr\/","logo":{"@type":"ImageObject","inLanguage":"fr-FR","@id":"https:\/\/www.webdo.tn\/fr\/#\/schema\/logo\/image\/","url":"https:\/\/www.webdo.tn\/fr\/wp-content\/uploads\/2025\/06\/Webdo-Tunisie_168377.jpg","contentUrl":"https:\/\/www.webdo.tn\/fr\/wp-content\/uploads\/2025\/06\/Webdo-Tunisie_168377.jpg","width":301,"height":301,"caption":"Webdo"},"image":{"@id":"https:\/\/www.webdo.tn\/fr\/#\/schema\/logo\/image\/"},"sameAs":["https:\/\/www.facebook.com\/webdotn","https:\/\/x.com\/webdo_tn"],"description":"Webdo est un m\u00e9dia num\u00e9rique tunisien fond\u00e9 en 2010, sp\u00e9cialis\u00e9 dans l\u2019actualit\u00e9 nationale et internationale, l\u2019\u00e9conomie, la soci\u00e9t\u00e9 et les analyses politiques. Le site s\u2019adresse \u00e0 un large public francophone et couvre l\u2019information tunisienne en temps r\u00e9el.","email":"redac@webdo.tn","legalName":"YNJ SARL","foundingDate":"2010-09-06","numberOfEmployees":{"@type":"QuantitativeValue","minValue":"11","maxValue":"50"}},{"@type":"Person","@id":"https:\/\/www.webdo.tn\/fr\/#\/schema\/person\/f35b42a42c5e2511bbd282959d6385cc","name":"CL","image":{"@type":"ImageObject","inLanguage":"fr-FR","@id":"https:\/\/secure.gravatar.com\/avatar\/1447a49909b67aa657c488aec6512e1dd6143a480c1ecfee9b5b5cd74eb3b59e?s=96&d=mm&r=g","url":"https:\/\/secure.gravatar.com\/avatar\/1447a49909b67aa657c488aec6512e1dd6143a480c1ecfee9b5b5cd74eb3b59e?s=96&d=mm&r=g","contentUrl":"https:\/\/secure.gravatar.com\/avatar\/1447a49909b67aa657c488aec6512e1dd6143a480c1ecfee9b5b5cd74eb3b59e?s=96&d=mm&r=g","caption":"CL"},"url":"https:\/\/www.webdo.tn\/fr\/actualite\/author\/cl\/"}]}},"_links":{"self":[{"href":"https:\/\/www.webdo.tn\/fr\/wp-json\/wp\/v2\/posts\/202519","targetHints":{"allow":["GET"]}}],"collection":[{"href":"https:\/\/www.webdo.tn\/fr\/wp-json\/wp\/v2\/posts"}],"about":[{"href":"https:\/\/www.webdo.tn\/fr\/wp-json\/wp\/v2\/types\/post"}],"author":[{"embeddable":true,"href":"https:\/\/www.webdo.tn\/fr\/wp-json\/wp\/v2\/users\/3175"}],"replies":[{"embeddable":true,"href":"https:\/\/www.webdo.tn\/fr\/wp-json\/wp\/v2\/comments?post=202519"}],"version-history":[{"count":0,"href":"https:\/\/www.webdo.tn\/fr\/wp-json\/wp\/v2\/posts\/202519\/revisions"}],"wp:featuredmedia":[{"embeddable":true,"href":"https:\/\/www.webdo.tn\/fr\/wp-json\/wp\/v2\/media\/277691"}],"wp:attachment":[{"href":"https:\/\/www.webdo.tn\/fr\/wp-json\/wp\/v2\/media?parent=202519"}],"wp:term":[{"taxonomy":"category","embeddable":true,"href":"https:\/\/www.webdo.tn\/fr\/wp-json\/wp\/v2\/categories?post=202519"},{"taxonomy":"post_tag","embeddable":true,"href":"https:\/\/www.webdo.tn\/fr\/wp-json\/wp\/v2\/tags?post=202519"}],"curies":[{"name":"wp","href":"https:\/\/api.w.org\/{rel}","templated":true}]}}