{"id":202514,"date":"2023-02-02T12:02:00","date_gmt":"2023-02-02T12:02:00","guid":{"rendered":"https:\/\/www.webdo.tn\/fr\/actualite\/blog\/ligue-1-12eme-j-journee-cruciale\/202514\/"},"modified":"2025-05-22T11:36:32","modified_gmt":"2025-05-22T11:36:32","slug":"ligue-1-12eme-j-journee-cruciale","status":"publish","type":"post","link":"https:\/\/www.webdo.tn\/fr\/actualite\/sport\/ligue-1-12eme-j-journee-cruciale\/202514\/","title":{"rendered":"Ligue 1 \u2013 12\u00e8me J. : Journ\u00e9e cruciale !"},"content":{"rendered":"<p>Le championnat de Ligue 1 amorce son dernier virage dans l\u2019optique de la deuxi\u00e8me phase. Il reste trois journ\u00e9es et les points vont compter tr\u00e8s cher \u00e0 commencer par aujourd\u2019hui avec la 12\u00e8me journ\u00e9e.<\/p>\n<p> Tous les matches rev\u00eatent d\u00e9sormais un int\u00e9r\u00eat crucial, que ce soit pour le haut du tableau et la qualification au play-off ou pour le bas et la lutte pour le maintien.<\/p>\n<p>Dans le groupe A, une premi\u00e8re affiche aura lieu entre l\u2019ES Tunis et le CA Bizertin. Si les \u00ab\u00a0Sang et or\u00a0\u00bb sont quasiment assur\u00e9s de jouer le play-off contrairement au CAB, ce match a son importance dans la course aux point du bonus.<\/p>\n<p>Idem pour l\u2019Etoile, qui se d\u00e9place au Bardo pour y affronter une \u00e9quipe en totale m\u00e9forme depuis plusieurs journ\u00e9es. Les Etoil\u00e9s devront gagner s\u2019ils veulent conserver leur premi\u00e8re place, les Stadistes devront, eux aussi, gagner s\u2019ils veulent quitter la derni\u00e8re place au classement.<\/p>\n<p>Entre le CS Sfaxien et l\u2019US Tataouine, il sera question de play-off, car le gagnant fera un grand pas vers la qualification. A l\u2019oppos\u00e9, le match entre l\u2019ES Hammam Sousse et le CS Chebba sera d\u00e9cisif dans la lutte pour le maintien.<\/p>\n<p>Dans le groupe B, une autre configuration se pr\u00e9sente. L\u2019US Ben Guerdane, 2\u00e8me au classement, accueille le Club Africain, 4\u00e8me. L\u2019AS Rejiche, en qu\u00eate de points, recevra le 3\u00e8me, l\u2019O. B\u00e9ja.<\/p>\n<p>Le leader us\u00e9miste se d\u00e9place \u00e0 Sidi Bouzid tandis que l\u2019AS Soliman tentera de saisir sa derni\u00e8re chance dans la course au play-off en recevant l\u2019ES M\u00e9tlaoui.<\/p>\n<p>PROGRAMME (14h00)<\/p>\n<p>Groupe A<\/p>\n<p> ES Tunis &#8211; CA Bizertin (arbitre : Achraf Harakati)<br \/>\n Stade Tunisien &#8211; ES Sahel (arbitre : Majdi Belhaj Ali)<br \/>\n CS Sfaxien &#8211; US Tataouine (arbitre : Sadok Selmi)<br \/>\n ES Hammam Sousse &#8211; CS Chebba (arbitre : Naim Hosni)<\/p>\n<p>Groupe B<\/p>\n<p> US Ben Guerdane &#8211; Club Africain (arbitre : Amir Loussif)<br \/>\n AS Rejiche &#8211; O. B\u00e9ja (arbitre : Mahmoud Ksiaa)<br \/>\n O. Sidi Bouzid &#8211; US Monastirienne (arbitre : Jalel Sahbani)<br \/>\n AS Soliman &#8211; ES M\u00e9tlaoui (arbitre : Walid Jeridi)<\/p>\n","protected":false},"excerpt":{"rendered":"<p>Le championnat de Ligue 1 amorce son dernier virage dans l\u2019optique de la deuxi\u00e8me phase. Il reste trois journ\u00e9es et les points vont compter tr\u00e8s cher \u00e0 commence&#8230;<\/p>\n","protected":false},"author":3162,"featured_media":348200,"comment_status":"open","ping_status":"closed","sticky":false,"template":"","format":"standard","meta":{"footnotes":""},"categories":[2593],"tags":[2622,2777],"class_list":["post-202514","post","type-post","status-publish","format-standard","has-post-thumbnail","hentry","category-sport","tag-football","tag-ligue-1"],"yoast_head":"<!-- This site is optimized with the Yoast SEO Premium plugin v27.5 (Yoast SEO v27.5) - https:\/\/yoast.com\/product\/yoast-seo-premium-wordpress\/ -->\n<title>Ligue 1 \u2013 12\u00e8me J. : Journ\u00e9e cruciale !<\/title>\n<meta name=\"description\" content=\"Le championnat de Ligue 1 amorce son dernier virage dans l\u2019optique de la deuxi\u00e8me phase. Il reste trois journ\u00e9es et les points vont compter tr\u00e8s cher \u00e0 commence...\" \/>\n<link rel=\"canonical\" href=\"https:\/\/www.webdo.tn\/fr\/actualite\/sport\/ligue-1-12eme-j-journee-cruciale\/202514\/\" \/>\n<meta property=\"og:locale\" content=\"fr_FR\" \/>\n<meta property=\"og:type\" content=\"article\" \/>\n<meta property=\"og:title\" content=\"Ligue 1 \u2013 12\u00e8me J. : Journ\u00e9e cruciale !\" \/>\n<meta property=\"og:description\" content=\"Le championnat de Ligue 1 amorce son dernier virage dans l\u2019optique de la deuxi\u00e8me phase. Il reste trois journ\u00e9es et les points vont compter tr\u00e8s cher \u00e0 commence...\" \/>\n<meta property=\"og:url\" content=\"https:\/\/www.webdo.tn\/fr\/actualite\/sport\/ligue-1-12eme-j-journee-cruciale\/202514\/\" \/>\n<meta property=\"og:site_name\" content=\"webdo\" \/>\n<meta property=\"article:publisher\" content=\"https:\/\/www.facebook.com\/webdotn\" \/>\n<meta property=\"article:published_time\" content=\"2023-02-02T12:02:00+00:00\" \/>\n<meta property=\"article:modified_time\" content=\"2025-05-22T11:36:32+00:00\" \/>\n<meta property=\"og:image\" content=\"https:\/\/www.webdo.tn\/fr\/wp-content\/uploads\/2023\/02\/7f992f4387f64162b884a07956da6c32.jpeg\" \/>\n\t<meta property=\"og:image:width\" content=\"750\" \/>\n\t<meta property=\"og:image:height\" content=\"400\" \/>\n\t<meta property=\"og:image:type\" content=\"image\/jpeg\" \/>\n<meta name=\"author\" content=\"MC\" \/>\n<meta name=\"twitter:card\" content=\"summary_large_image\" \/>\n<meta name=\"twitter:creator\" content=\"@webdo_tn\" \/>\n<meta name=\"twitter:site\" content=\"@webdo_tn\" \/>\n<meta name=\"twitter:label1\" content=\"\u00c9crit par\" \/>\n\t<meta name=\"twitter:data1\" content=\"MC\" \/>\n\t<meta name=\"twitter:label2\" content=\"Dur\u00e9e de lecture estim\u00e9e\" \/>\n\t<meta name=\"twitter:data2\" content=\"2 minutes\" \/>\n<script type=\"application\/ld+json\" class=\"yoast-schema-graph\">{\"@context\":\"https:\\\/\\\/schema.org\",\"@graph\":[{\"@type\":\"NewsArticle\",\"@id\":\"https:\\\/\\\/www.webdo.tn\\\/fr\\\/actualite\\\/sport\\\/ligue-1-12eme-j-journee-cruciale\\\/202514\\\/#article\",\"isPartOf\":{\"@id\":\"https:\\\/\\\/www.webdo.tn\\\/fr\\\/actualite\\\/sport\\\/ligue-1-12eme-j-journee-cruciale\\\/202514\\\/\"},\"author\":{\"name\":\"MC\",\"@id\":\"https:\\\/\\\/www.webdo.tn\\\/fr\\\/#\\\/schema\\\/person\\\/2c4929cbf5a809e3bd38617c6ce150f6\"},\"headline\":\"Ligue 1 \u2013 12\u00e8me J. : Journ\u00e9e cruciale !\",\"datePublished\":\"2023-02-02T12:02:00+00:00\",\"dateModified\":\"2025-05-22T11:36:32+00:00\",\"mainEntityOfPage\":{\"@id\":\"https:\\\/\\\/www.webdo.tn\\\/fr\\\/actualite\\\/sport\\\/ligue-1-12eme-j-journee-cruciale\\\/202514\\\/\"},\"wordCount\":368,\"commentCount\":0,\"publisher\":{\"@id\":\"https:\\\/\\\/www.webdo.tn\\\/fr\\\/#organization\"},\"image\":{\"@id\":\"https:\\\/\\\/www.webdo.tn\\\/fr\\\/actualite\\\/sport\\\/ligue-1-12eme-j-journee-cruciale\\\/202514\\\/#primaryimage\"},\"thumbnailUrl\":\"https:\\\/\\\/www.webdo.tn\\\/fr\\\/wp-content\\\/uploads\\\/2023\\\/02\\\/7f992f4387f64162b884a07956da6c32.jpeg\",\"keywords\":[\"football\",\"Ligue 1\"],\"articleSection\":[\"Sport\"],\"inLanguage\":\"fr-FR\"},{\"@type\":\"WebPage\",\"@id\":\"https:\\\/\\\/www.webdo.tn\\\/fr\\\/actualite\\\/sport\\\/ligue-1-12eme-j-journee-cruciale\\\/202514\\\/\",\"url\":\"https:\\\/\\\/www.webdo.tn\\\/fr\\\/actualite\\\/sport\\\/ligue-1-12eme-j-journee-cruciale\\\/202514\\\/\",\"name\":\"Ligue 1 \u2013 12\u00e8me J. : Journ\u00e9e cruciale !\",\"isPartOf\":{\"@id\":\"https:\\\/\\\/www.webdo.tn\\\/fr\\\/#website\"},\"primaryImageOfPage\":{\"@id\":\"https:\\\/\\\/www.webdo.tn\\\/fr\\\/actualite\\\/sport\\\/ligue-1-12eme-j-journee-cruciale\\\/202514\\\/#primaryimage\"},\"image\":{\"@id\":\"https:\\\/\\\/www.webdo.tn\\\/fr\\\/actualite\\\/sport\\\/ligue-1-12eme-j-journee-cruciale\\\/202514\\\/#primaryimage\"},\"thumbnailUrl\":\"https:\\\/\\\/www.webdo.tn\\\/fr\\\/wp-content\\\/uploads\\\/2023\\\/02\\\/7f992f4387f64162b884a07956da6c32.jpeg\",\"datePublished\":\"2023-02-02T12:02:00+00:00\",\"dateModified\":\"2025-05-22T11:36:32+00:00\",\"description\":\"Le championnat de Ligue 1 amorce son dernier virage dans l\u2019optique de la deuxi\u00e8me phase. Il reste trois journ\u00e9es et les points vont compter tr\u00e8s cher \u00e0 commence...\",\"breadcrumb\":{\"@id\":\"https:\\\/\\\/www.webdo.tn\\\/fr\\\/actualite\\\/sport\\\/ligue-1-12eme-j-journee-cruciale\\\/202514\\\/#breadcrumb\"},\"inLanguage\":\"fr-FR\",\"potentialAction\":[{\"@type\":\"ReadAction\",\"target\":[\"https:\\\/\\\/www.webdo.tn\\\/fr\\\/actualite\\\/sport\\\/ligue-1-12eme-j-journee-cruciale\\\/202514\\\/\"]}]},{\"@type\":\"ImageObject\",\"inLanguage\":\"fr-FR\",\"@id\":\"https:\\\/\\\/www.webdo.tn\\\/fr\\\/actualite\\\/sport\\\/ligue-1-12eme-j-journee-cruciale\\\/202514\\\/#primaryimage\",\"url\":\"https:\\\/\\\/www.webdo.tn\\\/fr\\\/wp-content\\\/uploads\\\/2023\\\/02\\\/7f992f4387f64162b884a07956da6c32.jpeg\",\"contentUrl\":\"https:\\\/\\\/www.webdo.tn\\\/fr\\\/wp-content\\\/uploads\\\/2023\\\/02\\\/7f992f4387f64162b884a07956da6c32.jpeg\",\"width\":750,\"height\":400,\"caption\":\"Ligue 1 \u2013 12\u00e8me J. : Journ\u00e9e cruciale !\"},{\"@type\":\"BreadcrumbList\",\"@id\":\"https:\\\/\\\/www.webdo.tn\\\/fr\\\/actualite\\\/sport\\\/ligue-1-12eme-j-journee-cruciale\\\/202514\\\/#breadcrumb\",\"itemListElement\":[{\"@type\":\"ListItem\",\"position\":1,\"name\":\"Accueil\",\"item\":\"https:\\\/\\\/www.webdo.tn\\\/fr\\\/\"},{\"@type\":\"ListItem\",\"position\":2,\"name\":\"Ligue 1 \u2013 12\u00e8me J. : Journ\u00e9e cruciale !\"}]},{\"@type\":\"WebSite\",\"@id\":\"https:\\\/\\\/www.webdo.tn\\\/fr\\\/#website\",\"url\":\"https:\\\/\\\/www.webdo.tn\\\/fr\\\/\",\"name\":\"webdo\",\"description\":\"Tunisie - News en Tunisie et \u00e0 l&#039;international sur Webdo.tn\",\"publisher\":{\"@id\":\"https:\\\/\\\/www.webdo.tn\\\/fr\\\/#organization\"},\"potentialAction\":[{\"@type\":\"SearchAction\",\"target\":{\"@type\":\"EntryPoint\",\"urlTemplate\":\"https:\\\/\\\/www.webdo.tn\\\/fr\\\/?s={search_term_string}\"},\"query-input\":{\"@type\":\"PropertyValueSpecification\",\"valueRequired\":true,\"valueName\":\"search_term_string\"}}],\"inLanguage\":\"fr-FR\"},{\"@type\":\"Organization\",\"@id\":\"https:\\\/\\\/www.webdo.tn\\\/fr\\\/#organization\",\"name\":\"Webdo\",\"alternateName\":\"Webdo.tn\",\"url\":\"https:\\\/\\\/www.webdo.tn\\\/fr\\\/\",\"logo\":{\"@type\":\"ImageObject\",\"inLanguage\":\"fr-FR\",\"@id\":\"https:\\\/\\\/www.webdo.tn\\\/fr\\\/#\\\/schema\\\/logo\\\/image\\\/\",\"url\":\"https:\\\/\\\/www.webdo.tn\\\/fr\\\/wp-content\\\/uploads\\\/2025\\\/06\\\/Webdo-Tunisie_168377.jpg\",\"contentUrl\":\"https:\\\/\\\/www.webdo.tn\\\/fr\\\/wp-content\\\/uploads\\\/2025\\\/06\\\/Webdo-Tunisie_168377.jpg\",\"width\":301,\"height\":301,\"caption\":\"Webdo\"},\"image\":{\"@id\":\"https:\\\/\\\/www.webdo.tn\\\/fr\\\/#\\\/schema\\\/logo\\\/image\\\/\"},\"sameAs\":[\"https:\\\/\\\/www.facebook.com\\\/webdotn\",\"https:\\\/\\\/x.com\\\/webdo_tn\"],\"description\":\"Webdo est un m\u00e9dia num\u00e9rique tunisien fond\u00e9 en 2010, sp\u00e9cialis\u00e9 dans l\u2019actualit\u00e9 nationale et internationale, l\u2019\u00e9conomie, la soci\u00e9t\u00e9 et les analyses politiques. Le site s\u2019adresse \u00e0 un large public francophone et couvre l\u2019information tunisienne en temps r\u00e9el.\",\"email\":\"redac@webdo.tn\",\"legalName\":\"YNJ SARL\",\"foundingDate\":\"2010-09-06\",\"numberOfEmployees\":{\"@type\":\"QuantitativeValue\",\"minValue\":\"11\",\"maxValue\":\"50\"}},{\"@type\":\"Person\",\"@id\":\"https:\\\/\\\/www.webdo.tn\\\/fr\\\/#\\\/schema\\\/person\\\/2c4929cbf5a809e3bd38617c6ce150f6\",\"name\":\"MC\",\"image\":{\"@type\":\"ImageObject\",\"inLanguage\":\"fr-FR\",\"@id\":\"https:\\\/\\\/secure.gravatar.com\\\/avatar\\\/a545bbb6f84efdd5553dbbc2895e3ca8f1d12c5215e00a041c9670b54aa9b18a?s=96&d=mm&r=g\",\"url\":\"https:\\\/\\\/secure.gravatar.com\\\/avatar\\\/a545bbb6f84efdd5553dbbc2895e3ca8f1d12c5215e00a041c9670b54aa9b18a?s=96&d=mm&r=g\",\"contentUrl\":\"https:\\\/\\\/secure.gravatar.com\\\/avatar\\\/a545bbb6f84efdd5553dbbc2895e3ca8f1d12c5215e00a041c9670b54aa9b18a?s=96&d=mm&r=g\",\"caption\":\"MC\"},\"url\":\"https:\\\/\\\/www.webdo.tn\\\/fr\\\/actualite\\\/author\\\/mc\\\/\"}]}<\/script>\n<!-- \/ Yoast SEO Premium plugin. -->","yoast_head_json":{"title":"Ligue 1 \u2013 12\u00e8me J. : Journ\u00e9e cruciale !","description":"Le championnat de Ligue 1 amorce son dernier virage dans l\u2019optique de la deuxi\u00e8me phase. Il reste trois journ\u00e9es et les points vont compter tr\u00e8s cher \u00e0 commence...","canonical":"https:\/\/www.webdo.tn\/fr\/actualite\/sport\/ligue-1-12eme-j-journee-cruciale\/202514\/","og_locale":"fr_FR","og_type":"article","og_title":"Ligue 1 \u2013 12\u00e8me J. : Journ\u00e9e cruciale !","og_description":"Le championnat de Ligue 1 amorce son dernier virage dans l\u2019optique de la deuxi\u00e8me phase. Il reste trois journ\u00e9es et les points vont compter tr\u00e8s cher \u00e0 commence...","og_url":"https:\/\/www.webdo.tn\/fr\/actualite\/sport\/ligue-1-12eme-j-journee-cruciale\/202514\/","og_site_name":"webdo","article_publisher":"https:\/\/www.facebook.com\/webdotn","article_published_time":"2023-02-02T12:02:00+00:00","article_modified_time":"2025-05-22T11:36:32+00:00","og_image":[{"width":750,"height":400,"url":"https:\/\/www.webdo.tn\/fr\/wp-content\/uploads\/2023\/02\/7f992f4387f64162b884a07956da6c32.jpeg","type":"image\/jpeg"}],"author":"MC","twitter_card":"summary_large_image","twitter_creator":"@webdo_tn","twitter_site":"@webdo_tn","twitter_misc":{"\u00c9crit par":"MC","Dur\u00e9e de lecture estim\u00e9e":"2 minutes"},"schema":{"@context":"https:\/\/schema.org","@graph":[{"@type":"NewsArticle","@id":"https:\/\/www.webdo.tn\/fr\/actualite\/sport\/ligue-1-12eme-j-journee-cruciale\/202514\/#article","isPartOf":{"@id":"https:\/\/www.webdo.tn\/fr\/actualite\/sport\/ligue-1-12eme-j-journee-cruciale\/202514\/"},"author":{"name":"MC","@id":"https:\/\/www.webdo.tn\/fr\/#\/schema\/person\/2c4929cbf5a809e3bd38617c6ce150f6"},"headline":"Ligue 1 \u2013 12\u00e8me J. : Journ\u00e9e cruciale !","datePublished":"2023-02-02T12:02:00+00:00","dateModified":"2025-05-22T11:36:32+00:00","mainEntityOfPage":{"@id":"https:\/\/www.webdo.tn\/fr\/actualite\/sport\/ligue-1-12eme-j-journee-cruciale\/202514\/"},"wordCount":368,"commentCount":0,"publisher":{"@id":"https:\/\/www.webdo.tn\/fr\/#organization"},"image":{"@id":"https:\/\/www.webdo.tn\/fr\/actualite\/sport\/ligue-1-12eme-j-journee-cruciale\/202514\/#primaryimage"},"thumbnailUrl":"https:\/\/www.webdo.tn\/fr\/wp-content\/uploads\/2023\/02\/7f992f4387f64162b884a07956da6c32.jpeg","keywords":["football","Ligue 1"],"articleSection":["Sport"],"inLanguage":"fr-FR"},{"@type":"WebPage","@id":"https:\/\/www.webdo.tn\/fr\/actualite\/sport\/ligue-1-12eme-j-journee-cruciale\/202514\/","url":"https:\/\/www.webdo.tn\/fr\/actualite\/sport\/ligue-1-12eme-j-journee-cruciale\/202514\/","name":"Ligue 1 \u2013 12\u00e8me J. : Journ\u00e9e cruciale !","isPartOf":{"@id":"https:\/\/www.webdo.tn\/fr\/#website"},"primaryImageOfPage":{"@id":"https:\/\/www.webdo.tn\/fr\/actualite\/sport\/ligue-1-12eme-j-journee-cruciale\/202514\/#primaryimage"},"image":{"@id":"https:\/\/www.webdo.tn\/fr\/actualite\/sport\/ligue-1-12eme-j-journee-cruciale\/202514\/#primaryimage"},"thumbnailUrl":"https:\/\/www.webdo.tn\/fr\/wp-content\/uploads\/2023\/02\/7f992f4387f64162b884a07956da6c32.jpeg","datePublished":"2023-02-02T12:02:00+00:00","dateModified":"2025-05-22T11:36:32+00:00","description":"Le championnat de Ligue 1 amorce son dernier virage dans l\u2019optique de la deuxi\u00e8me phase. Il reste trois journ\u00e9es et les points vont compter tr\u00e8s cher \u00e0 commence...","breadcrumb":{"@id":"https:\/\/www.webdo.tn\/fr\/actualite\/sport\/ligue-1-12eme-j-journee-cruciale\/202514\/#breadcrumb"},"inLanguage":"fr-FR","potentialAction":[{"@type":"ReadAction","target":["https:\/\/www.webdo.tn\/fr\/actualite\/sport\/ligue-1-12eme-j-journee-cruciale\/202514\/"]}]},{"@type":"ImageObject","inLanguage":"fr-FR","@id":"https:\/\/www.webdo.tn\/fr\/actualite\/sport\/ligue-1-12eme-j-journee-cruciale\/202514\/#primaryimage","url":"https:\/\/www.webdo.tn\/fr\/wp-content\/uploads\/2023\/02\/7f992f4387f64162b884a07956da6c32.jpeg","contentUrl":"https:\/\/www.webdo.tn\/fr\/wp-content\/uploads\/2023\/02\/7f992f4387f64162b884a07956da6c32.jpeg","width":750,"height":400,"caption":"Ligue 1 \u2013 12\u00e8me J. : Journ\u00e9e cruciale !"},{"@type":"BreadcrumbList","@id":"https:\/\/www.webdo.tn\/fr\/actualite\/sport\/ligue-1-12eme-j-journee-cruciale\/202514\/#breadcrumb","itemListElement":[{"@type":"ListItem","position":1,"name":"Accueil","item":"https:\/\/www.webdo.tn\/fr\/"},{"@type":"ListItem","position":2,"name":"Ligue 1 \u2013 12\u00e8me J. : Journ\u00e9e cruciale !"}]},{"@type":"WebSite","@id":"https:\/\/www.webdo.tn\/fr\/#website","url":"https:\/\/www.webdo.tn\/fr\/","name":"webdo","description":"Tunisie - News en Tunisie et \u00e0 l&#039;international sur Webdo.tn","publisher":{"@id":"https:\/\/www.webdo.tn\/fr\/#organization"},"potentialAction":[{"@type":"SearchAction","target":{"@type":"EntryPoint","urlTemplate":"https:\/\/www.webdo.tn\/fr\/?s={search_term_string}"},"query-input":{"@type":"PropertyValueSpecification","valueRequired":true,"valueName":"search_term_string"}}],"inLanguage":"fr-FR"},{"@type":"Organization","@id":"https:\/\/www.webdo.tn\/fr\/#organization","name":"Webdo","alternateName":"Webdo.tn","url":"https:\/\/www.webdo.tn\/fr\/","logo":{"@type":"ImageObject","inLanguage":"fr-FR","@id":"https:\/\/www.webdo.tn\/fr\/#\/schema\/logo\/image\/","url":"https:\/\/www.webdo.tn\/fr\/wp-content\/uploads\/2025\/06\/Webdo-Tunisie_168377.jpg","contentUrl":"https:\/\/www.webdo.tn\/fr\/wp-content\/uploads\/2025\/06\/Webdo-Tunisie_168377.jpg","width":301,"height":301,"caption":"Webdo"},"image":{"@id":"https:\/\/www.webdo.tn\/fr\/#\/schema\/logo\/image\/"},"sameAs":["https:\/\/www.facebook.com\/webdotn","https:\/\/x.com\/webdo_tn"],"description":"Webdo est un m\u00e9dia num\u00e9rique tunisien fond\u00e9 en 2010, sp\u00e9cialis\u00e9 dans l\u2019actualit\u00e9 nationale et internationale, l\u2019\u00e9conomie, la soci\u00e9t\u00e9 et les analyses politiques. Le site s\u2019adresse \u00e0 un large public francophone et couvre l\u2019information tunisienne en temps r\u00e9el.","email":"redac@webdo.tn","legalName":"YNJ SARL","foundingDate":"2010-09-06","numberOfEmployees":{"@type":"QuantitativeValue","minValue":"11","maxValue":"50"}},{"@type":"Person","@id":"https:\/\/www.webdo.tn\/fr\/#\/schema\/person\/2c4929cbf5a809e3bd38617c6ce150f6","name":"MC","image":{"@type":"ImageObject","inLanguage":"fr-FR","@id":"https:\/\/secure.gravatar.com\/avatar\/a545bbb6f84efdd5553dbbc2895e3ca8f1d12c5215e00a041c9670b54aa9b18a?s=96&d=mm&r=g","url":"https:\/\/secure.gravatar.com\/avatar\/a545bbb6f84efdd5553dbbc2895e3ca8f1d12c5215e00a041c9670b54aa9b18a?s=96&d=mm&r=g","contentUrl":"https:\/\/secure.gravatar.com\/avatar\/a545bbb6f84efdd5553dbbc2895e3ca8f1d12c5215e00a041c9670b54aa9b18a?s=96&d=mm&r=g","caption":"MC"},"url":"https:\/\/www.webdo.tn\/fr\/actualite\/author\/mc\/"}]}},"_links":{"self":[{"href":"https:\/\/www.webdo.tn\/fr\/wp-json\/wp\/v2\/posts\/202514","targetHints":{"allow":["GET"]}}],"collection":[{"href":"https:\/\/www.webdo.tn\/fr\/wp-json\/wp\/v2\/posts"}],"about":[{"href":"https:\/\/www.webdo.tn\/fr\/wp-json\/wp\/v2\/types\/post"}],"author":[{"embeddable":true,"href":"https:\/\/www.webdo.tn\/fr\/wp-json\/wp\/v2\/users\/3162"}],"replies":[{"embeddable":true,"href":"https:\/\/www.webdo.tn\/fr\/wp-json\/wp\/v2\/comments?post=202514"}],"version-history":[{"count":0,"href":"https:\/\/www.webdo.tn\/fr\/wp-json\/wp\/v2\/posts\/202514\/revisions"}],"wp:featuredmedia":[{"embeddable":true,"href":"https:\/\/www.webdo.tn\/fr\/wp-json\/wp\/v2\/media\/348200"}],"wp:attachment":[{"href":"https:\/\/www.webdo.tn\/fr\/wp-json\/wp\/v2\/media?parent=202514"}],"wp:term":[{"taxonomy":"category","embeddable":true,"href":"https:\/\/www.webdo.tn\/fr\/wp-json\/wp\/v2\/categories?post=202514"},{"taxonomy":"post_tag","embeddable":true,"href":"https:\/\/www.webdo.tn\/fr\/wp-json\/wp\/v2\/tags?post=202514"}],"curies":[{"name":"wp","href":"https:\/\/api.w.org\/{rel}","templated":true}]}}