{"id":202507,"date":"2023-02-02T09:36:00","date_gmt":"2023-02-02T09:36:00","guid":{"rendered":"https:\/\/www.webdo.tn\/fr\/actualite\/blog\/tunisie-ue-developper-la-cooperation-en-matiere-de-deplacement-de-la-main-d-oeuvre-tunisienne-dans-l-espace-europeen\/202507\/"},"modified":"2025-05-22T11:36:31","modified_gmt":"2025-05-22T11:36:31","slug":"tunisie-ue-developper-la-cooperation-en-matiere-de-deplacement-de-la-main-d-oeuvre-tunisienne-dans-l-espace-europeen","status":"publish","type":"post","link":"https:\/\/www.webdo.tn\/fr\/actualite\/national\/tunisie-ue-developper-la-cooperation-en-matiere-de-deplacement-de-la-main-d-oeuvre-tunisienne-dans-l-espace-europeen\/202507\/","title":{"rendered":"Tunisie &#8211; UE : La main d&rsquo;\u0153uvre tunisienne dans l&rsquo;espace europ\u00e9en en question"},"content":{"rendered":"<p>Le ministre de l&rsquo;Emploi et de la formation professionnelle Nasreddine Nsibi s\u2019est r\u00e9uni, ce mercredi 1er f\u00e9vrier 2023 avec l&rsquo;ambassadeur de l&rsquo;Union europ\u00e9enne (UE) en Tunisie, Marcus Cornaro.<\/p>\n<p> Une rencontre au cours de laquelle l\u2019ambassadeur a pr\u00e9sent\u00e9 la nouvelle initiative de l&rsquo;Union europ\u00e9enne pour d\u00e9velopper la coop\u00e9ration UE-Tunisie en mati\u00e8re d&#8217;emploi de la main d&rsquo;\u0153uvre dans l&rsquo;espace europ\u00e9en.<\/p>\n<p>Ce \u00ab\u00a0partenariat au profit des comp\u00e9tences\u00a0\u00bb, tel que pr\u00e9sent\u00e9, vise \u00e0 d\u00e9velopper davantage la coop\u00e9ration en mati\u00e8re de d\u00e9placement de la main d&rsquo;\u0153uvre tunisienne dans l&rsquo;espace europ\u00e9en. Le but est de r\u00e9pondre aux besoins du march\u00e9 de l&#8217;emploi international.<\/p>\n<p>Les deux parties \u0153uvreront afin de mettre en place cette nouvelle initiative en plus d&rsquo;associer les parties intervenantes pour d\u00e9terminer les objectifs et les r\u00e9sultats attendus.<\/p>\n","protected":false},"excerpt":{"rendered":"<p>Le ministre de l&rsquo;Emploi et de la formation professionnelle Nasreddine Nsibi s\u2019est r\u00e9uni, ce mercredi 1er f\u00e9vrier 2023 avec l&rsquo;ambassadeur de l&rsquo;Union europ\u00e9enne (&#8230;<\/p>\n","protected":false},"author":3162,"featured_media":348199,"comment_status":"open","ping_status":"closed","sticky":false,"template":"","format":"standard","meta":{"footnotes":""},"categories":[44],"tags":[6414,2608,2897,2896],"class_list":["post-202507","post","type-post","status-publish","format-standard","has-post-thumbnail","hentry","category-national","tag-main-doeuvre","tag-tunisie","tag-ue","tag-union-europeenne"],"yoast_head":"<!-- This site is optimized with the Yoast SEO Premium plugin v27.4 (Yoast SEO v27.4) - https:\/\/yoast.com\/product\/yoast-seo-premium-wordpress\/ -->\n<title>Tunisie - UE : La main d&#039;\u0153uvre tunisienne dans l&#039;espace europ\u00e9en en question<\/title>\n<meta name=\"description\" content=\"Le ministre de l&#039;Emploi et de la formation professionnelle Nasreddine Nsibi s\u2019est r\u00e9uni, ce mercredi 1er f\u00e9vrier 2023 avec l&#039;ambassadeur de l&#039;Union europ\u00e9enne (...\" \/>\n<link rel=\"canonical\" href=\"https:\/\/www.webdo.tn\/fr\/actualite\/national-45\/tunisie-ue-developper-la-cooperation-en-matiere-de-deplacement-de-la-main-d-oeuvre-tunisienne-dans-l-espace-europeen\/202507\/\" \/>\n<meta property=\"og:locale\" content=\"fr_FR\" \/>\n<meta property=\"og:type\" content=\"article\" \/>\n<meta property=\"og:title\" content=\"Tunisie - UE : La main d&#039;\u0153uvre tunisienne dans l&#039;espace europ\u00e9en en question\" \/>\n<meta property=\"og:description\" content=\"Le ministre de l&#039;Emploi et de la formation professionnelle Nasreddine Nsibi s\u2019est r\u00e9uni, ce mercredi 1er f\u00e9vrier 2023 avec l&#039;ambassadeur de l&#039;Union europ\u00e9enne (...\" \/>\n<meta property=\"og:url\" content=\"https:\/\/www.webdo.tn\/fr\/actualite\/national-45\/tunisie-ue-developper-la-cooperation-en-matiere-de-deplacement-de-la-main-d-oeuvre-tunisienne-dans-l-espace-europeen\/202507\/\" \/>\n<meta property=\"og:site_name\" content=\"webdo\" \/>\n<meta property=\"article:publisher\" content=\"https:\/\/www.facebook.com\/webdotn\" \/>\n<meta property=\"article:published_time\" content=\"2023-02-02T09:36:00+00:00\" \/>\n<meta property=\"article:modified_time\" content=\"2025-05-22T11:36:31+00:00\" \/>\n<meta property=\"og:image\" content=\"https:\/\/www.webdo.tn\/fr\/wp-content\/uploads\/2023\/02\/bc4d06d4ef03b42eafb371863cd07eeb.jpg\" \/>\n\t<meta property=\"og:image:width\" content=\"750\" \/>\n\t<meta property=\"og:image:height\" content=\"400\" \/>\n\t<meta property=\"og:image:type\" content=\"image\/jpeg\" \/>\n<meta name=\"author\" content=\"MC\" \/>\n<meta name=\"twitter:card\" content=\"summary_large_image\" \/>\n<meta name=\"twitter:creator\" content=\"@webdo_tn\" \/>\n<meta name=\"twitter:site\" content=\"@webdo_tn\" \/>\n<meta name=\"twitter:label1\" content=\"\u00c9crit par\" \/>\n\t<meta name=\"twitter:data1\" content=\"MC\" \/>\n\t<meta name=\"twitter:label2\" content=\"Dur\u00e9e de lecture estim\u00e9e\" \/>\n\t<meta name=\"twitter:data2\" content=\"1 minute\" \/>\n<script type=\"application\/ld+json\" class=\"yoast-schema-graph\">{\"@context\":\"https:\\\/\\\/schema.org\",\"@graph\":[{\"@type\":\"NewsArticle\",\"@id\":\"https:\\\/\\\/www.webdo.tn\\\/fr\\\/actualite\\\/national-45\\\/tunisie-ue-developper-la-cooperation-en-matiere-de-deplacement-de-la-main-d-oeuvre-tunisienne-dans-l-espace-europeen\\\/202507\\\/#article\",\"isPartOf\":{\"@id\":\"https:\\\/\\\/www.webdo.tn\\\/fr\\\/actualite\\\/national-45\\\/tunisie-ue-developper-la-cooperation-en-matiere-de-deplacement-de-la-main-d-oeuvre-tunisienne-dans-l-espace-europeen\\\/202507\\\/\"},\"author\":{\"name\":\"MC\",\"@id\":\"https:\\\/\\\/www.webdo.tn\\\/fr\\\/#\\\/schema\\\/person\\\/2c4929cbf5a809e3bd38617c6ce150f6\"},\"headline\":\"Tunisie &#8211; UE : La main d&rsquo;\u0153uvre tunisienne dans l&rsquo;espace europ\u00e9en en question\",\"datePublished\":\"2023-02-02T09:36:00+00:00\",\"dateModified\":\"2025-05-22T11:36:31+00:00\",\"mainEntityOfPage\":{\"@id\":\"https:\\\/\\\/www.webdo.tn\\\/fr\\\/actualite\\\/national-45\\\/tunisie-ue-developper-la-cooperation-en-matiere-de-deplacement-de-la-main-d-oeuvre-tunisienne-dans-l-espace-europeen\\\/202507\\\/\"},\"wordCount\":168,\"commentCount\":0,\"publisher\":{\"@id\":\"https:\\\/\\\/www.webdo.tn\\\/fr\\\/#organization\"},\"image\":{\"@id\":\"https:\\\/\\\/www.webdo.tn\\\/fr\\\/actualite\\\/national-45\\\/tunisie-ue-developper-la-cooperation-en-matiere-de-deplacement-de-la-main-d-oeuvre-tunisienne-dans-l-espace-europeen\\\/202507\\\/#primaryimage\"},\"thumbnailUrl\":\"https:\\\/\\\/www.webdo.tn\\\/fr\\\/wp-content\\\/uploads\\\/2023\\\/02\\\/bc4d06d4ef03b42eafb371863cd07eeb.jpg\",\"keywords\":[\"main-d'oeuvre\",\"Tunisie\",\"UE\",\"Union europ\u00e9enne\"],\"articleSection\":[\"National\"],\"inLanguage\":\"fr-FR\"},{\"@type\":\"WebPage\",\"@id\":\"https:\\\/\\\/www.webdo.tn\\\/fr\\\/actualite\\\/national-45\\\/tunisie-ue-developper-la-cooperation-en-matiere-de-deplacement-de-la-main-d-oeuvre-tunisienne-dans-l-espace-europeen\\\/202507\\\/\",\"url\":\"https:\\\/\\\/www.webdo.tn\\\/fr\\\/actualite\\\/national-45\\\/tunisie-ue-developper-la-cooperation-en-matiere-de-deplacement-de-la-main-d-oeuvre-tunisienne-dans-l-espace-europeen\\\/202507\\\/\",\"name\":\"Tunisie - UE : La main d'\u0153uvre tunisienne dans l'espace europ\u00e9en en question\",\"isPartOf\":{\"@id\":\"https:\\\/\\\/www.webdo.tn\\\/fr\\\/#website\"},\"primaryImageOfPage\":{\"@id\":\"https:\\\/\\\/www.webdo.tn\\\/fr\\\/actualite\\\/national-45\\\/tunisie-ue-developper-la-cooperation-en-matiere-de-deplacement-de-la-main-d-oeuvre-tunisienne-dans-l-espace-europeen\\\/202507\\\/#primaryimage\"},\"image\":{\"@id\":\"https:\\\/\\\/www.webdo.tn\\\/fr\\\/actualite\\\/national-45\\\/tunisie-ue-developper-la-cooperation-en-matiere-de-deplacement-de-la-main-d-oeuvre-tunisienne-dans-l-espace-europeen\\\/202507\\\/#primaryimage\"},\"thumbnailUrl\":\"https:\\\/\\\/www.webdo.tn\\\/fr\\\/wp-content\\\/uploads\\\/2023\\\/02\\\/bc4d06d4ef03b42eafb371863cd07eeb.jpg\",\"datePublished\":\"2023-02-02T09:36:00+00:00\",\"dateModified\":\"2025-05-22T11:36:31+00:00\",\"description\":\"Le ministre de l'Emploi et de la formation professionnelle Nasreddine Nsibi s\u2019est r\u00e9uni, ce mercredi 1er f\u00e9vrier 2023 avec l'ambassadeur de l'Union europ\u00e9enne (...\",\"breadcrumb\":{\"@id\":\"https:\\\/\\\/www.webdo.tn\\\/fr\\\/actualite\\\/national-45\\\/tunisie-ue-developper-la-cooperation-en-matiere-de-deplacement-de-la-main-d-oeuvre-tunisienne-dans-l-espace-europeen\\\/202507\\\/#breadcrumb\"},\"inLanguage\":\"fr-FR\",\"potentialAction\":[{\"@type\":\"ReadAction\",\"target\":[\"https:\\\/\\\/www.webdo.tn\\\/fr\\\/actualite\\\/national-45\\\/tunisie-ue-developper-la-cooperation-en-matiere-de-deplacement-de-la-main-d-oeuvre-tunisienne-dans-l-espace-europeen\\\/202507\\\/\"]}]},{\"@type\":\"ImageObject\",\"inLanguage\":\"fr-FR\",\"@id\":\"https:\\\/\\\/www.webdo.tn\\\/fr\\\/actualite\\\/national-45\\\/tunisie-ue-developper-la-cooperation-en-matiere-de-deplacement-de-la-main-d-oeuvre-tunisienne-dans-l-espace-europeen\\\/202507\\\/#primaryimage\",\"url\":\"https:\\\/\\\/www.webdo.tn\\\/fr\\\/wp-content\\\/uploads\\\/2023\\\/02\\\/bc4d06d4ef03b42eafb371863cd07eeb.jpg\",\"contentUrl\":\"https:\\\/\\\/www.webdo.tn\\\/fr\\\/wp-content\\\/uploads\\\/2023\\\/02\\\/bc4d06d4ef03b42eafb371863cd07eeb.jpg\",\"width\":750,\"height\":400,\"caption\":\"Tunisie - UE : La main d'\u0153uvre tunisienne dans l'espace europ\u00e9en en question\"},{\"@type\":\"BreadcrumbList\",\"@id\":\"https:\\\/\\\/www.webdo.tn\\\/fr\\\/actualite\\\/national-45\\\/tunisie-ue-developper-la-cooperation-en-matiere-de-deplacement-de-la-main-d-oeuvre-tunisienne-dans-l-espace-europeen\\\/202507\\\/#breadcrumb\",\"itemListElement\":[{\"@type\":\"ListItem\",\"position\":1,\"name\":\"Accueil\",\"item\":\"https:\\\/\\\/www.webdo.tn\\\/fr\\\/\"},{\"@type\":\"ListItem\",\"position\":2,\"name\":\"Tunisie &#8211; UE : La main d&rsquo;\u0153uvre tunisienne dans l&rsquo;espace europ\u00e9en en question\"}]},{\"@type\":\"WebSite\",\"@id\":\"https:\\\/\\\/www.webdo.tn\\\/fr\\\/#website\",\"url\":\"https:\\\/\\\/www.webdo.tn\\\/fr\\\/\",\"name\":\"webdo\",\"description\":\"Tunisie - News en Tunisie et \u00e0 l&#039;international sur Webdo.tn\",\"publisher\":{\"@id\":\"https:\\\/\\\/www.webdo.tn\\\/fr\\\/#organization\"},\"potentialAction\":[{\"@type\":\"SearchAction\",\"target\":{\"@type\":\"EntryPoint\",\"urlTemplate\":\"https:\\\/\\\/www.webdo.tn\\\/fr\\\/?s={search_term_string}\"},\"query-input\":{\"@type\":\"PropertyValueSpecification\",\"valueRequired\":true,\"valueName\":\"search_term_string\"}}],\"inLanguage\":\"fr-FR\"},{\"@type\":\"Organization\",\"@id\":\"https:\\\/\\\/www.webdo.tn\\\/fr\\\/#organization\",\"name\":\"Webdo\",\"alternateName\":\"Webdo.tn\",\"url\":\"https:\\\/\\\/www.webdo.tn\\\/fr\\\/\",\"logo\":{\"@type\":\"ImageObject\",\"inLanguage\":\"fr-FR\",\"@id\":\"https:\\\/\\\/www.webdo.tn\\\/fr\\\/#\\\/schema\\\/logo\\\/image\\\/\",\"url\":\"https:\\\/\\\/www.webdo.tn\\\/fr\\\/wp-content\\\/uploads\\\/2025\\\/06\\\/Webdo-Tunisie_168377.jpg\",\"contentUrl\":\"https:\\\/\\\/www.webdo.tn\\\/fr\\\/wp-content\\\/uploads\\\/2025\\\/06\\\/Webdo-Tunisie_168377.jpg\",\"width\":301,\"height\":301,\"caption\":\"Webdo\"},\"image\":{\"@id\":\"https:\\\/\\\/www.webdo.tn\\\/fr\\\/#\\\/schema\\\/logo\\\/image\\\/\"},\"sameAs\":[\"https:\\\/\\\/www.facebook.com\\\/webdotn\",\"https:\\\/\\\/x.com\\\/webdo_tn\"],\"description\":\"Webdo est un m\u00e9dia num\u00e9rique tunisien fond\u00e9 en 2010, sp\u00e9cialis\u00e9 dans l\u2019actualit\u00e9 nationale et internationale, l\u2019\u00e9conomie, la soci\u00e9t\u00e9 et les analyses politiques. Le site s\u2019adresse \u00e0 un large public francophone et couvre l\u2019information tunisienne en temps r\u00e9el.\",\"email\":\"redac@webdo.tn\",\"legalName\":\"YNJ SARL\",\"foundingDate\":\"2010-09-06\",\"numberOfEmployees\":{\"@type\":\"QuantitativeValue\",\"minValue\":\"11\",\"maxValue\":\"50\"}},{\"@type\":\"Person\",\"@id\":\"https:\\\/\\\/www.webdo.tn\\\/fr\\\/#\\\/schema\\\/person\\\/2c4929cbf5a809e3bd38617c6ce150f6\",\"name\":\"MC\",\"image\":{\"@type\":\"ImageObject\",\"inLanguage\":\"fr-FR\",\"@id\":\"https:\\\/\\\/secure.gravatar.com\\\/avatar\\\/a545bbb6f84efdd5553dbbc2895e3ca8f1d12c5215e00a041c9670b54aa9b18a?s=96&d=mm&r=g\",\"url\":\"https:\\\/\\\/secure.gravatar.com\\\/avatar\\\/a545bbb6f84efdd5553dbbc2895e3ca8f1d12c5215e00a041c9670b54aa9b18a?s=96&d=mm&r=g\",\"contentUrl\":\"https:\\\/\\\/secure.gravatar.com\\\/avatar\\\/a545bbb6f84efdd5553dbbc2895e3ca8f1d12c5215e00a041c9670b54aa9b18a?s=96&d=mm&r=g\",\"caption\":\"MC\"},\"url\":\"https:\\\/\\\/www.webdo.tn\\\/fr\\\/actualite\\\/author\\\/mc\\\/\"}]}<\/script>\n<!-- \/ Yoast SEO Premium plugin. -->","yoast_head_json":{"title":"Tunisie - UE : La main d'\u0153uvre tunisienne dans l'espace europ\u00e9en en question","description":"Le ministre de l'Emploi et de la formation professionnelle Nasreddine Nsibi s\u2019est r\u00e9uni, ce mercredi 1er f\u00e9vrier 2023 avec l'ambassadeur de l'Union europ\u00e9enne (...","canonical":"https:\/\/www.webdo.tn\/fr\/actualite\/national-45\/tunisie-ue-developper-la-cooperation-en-matiere-de-deplacement-de-la-main-d-oeuvre-tunisienne-dans-l-espace-europeen\/202507\/","og_locale":"fr_FR","og_type":"article","og_title":"Tunisie - UE : La main d'\u0153uvre tunisienne dans l'espace europ\u00e9en en question","og_description":"Le ministre de l'Emploi et de la formation professionnelle Nasreddine Nsibi s\u2019est r\u00e9uni, ce mercredi 1er f\u00e9vrier 2023 avec l'ambassadeur de l'Union europ\u00e9enne (...","og_url":"https:\/\/www.webdo.tn\/fr\/actualite\/national-45\/tunisie-ue-developper-la-cooperation-en-matiere-de-deplacement-de-la-main-d-oeuvre-tunisienne-dans-l-espace-europeen\/202507\/","og_site_name":"webdo","article_publisher":"https:\/\/www.facebook.com\/webdotn","article_published_time":"2023-02-02T09:36:00+00:00","article_modified_time":"2025-05-22T11:36:31+00:00","og_image":[{"width":750,"height":400,"url":"https:\/\/www.webdo.tn\/fr\/wp-content\/uploads\/2023\/02\/bc4d06d4ef03b42eafb371863cd07eeb.jpg","type":"image\/jpeg"}],"author":"MC","twitter_card":"summary_large_image","twitter_creator":"@webdo_tn","twitter_site":"@webdo_tn","twitter_misc":{"\u00c9crit par":"MC","Dur\u00e9e de lecture estim\u00e9e":"1 minute"},"schema":{"@context":"https:\/\/schema.org","@graph":[{"@type":"NewsArticle","@id":"https:\/\/www.webdo.tn\/fr\/actualite\/national-45\/tunisie-ue-developper-la-cooperation-en-matiere-de-deplacement-de-la-main-d-oeuvre-tunisienne-dans-l-espace-europeen\/202507\/#article","isPartOf":{"@id":"https:\/\/www.webdo.tn\/fr\/actualite\/national-45\/tunisie-ue-developper-la-cooperation-en-matiere-de-deplacement-de-la-main-d-oeuvre-tunisienne-dans-l-espace-europeen\/202507\/"},"author":{"name":"MC","@id":"https:\/\/www.webdo.tn\/fr\/#\/schema\/person\/2c4929cbf5a809e3bd38617c6ce150f6"},"headline":"Tunisie &#8211; UE : La main d&rsquo;\u0153uvre tunisienne dans l&rsquo;espace europ\u00e9en en question","datePublished":"2023-02-02T09:36:00+00:00","dateModified":"2025-05-22T11:36:31+00:00","mainEntityOfPage":{"@id":"https:\/\/www.webdo.tn\/fr\/actualite\/national-45\/tunisie-ue-developper-la-cooperation-en-matiere-de-deplacement-de-la-main-d-oeuvre-tunisienne-dans-l-espace-europeen\/202507\/"},"wordCount":168,"commentCount":0,"publisher":{"@id":"https:\/\/www.webdo.tn\/fr\/#organization"},"image":{"@id":"https:\/\/www.webdo.tn\/fr\/actualite\/national-45\/tunisie-ue-developper-la-cooperation-en-matiere-de-deplacement-de-la-main-d-oeuvre-tunisienne-dans-l-espace-europeen\/202507\/#primaryimage"},"thumbnailUrl":"https:\/\/www.webdo.tn\/fr\/wp-content\/uploads\/2023\/02\/bc4d06d4ef03b42eafb371863cd07eeb.jpg","keywords":["main-d'oeuvre","Tunisie","UE","Union europ\u00e9enne"],"articleSection":["National"],"inLanguage":"fr-FR"},{"@type":"WebPage","@id":"https:\/\/www.webdo.tn\/fr\/actualite\/national-45\/tunisie-ue-developper-la-cooperation-en-matiere-de-deplacement-de-la-main-d-oeuvre-tunisienne-dans-l-espace-europeen\/202507\/","url":"https:\/\/www.webdo.tn\/fr\/actualite\/national-45\/tunisie-ue-developper-la-cooperation-en-matiere-de-deplacement-de-la-main-d-oeuvre-tunisienne-dans-l-espace-europeen\/202507\/","name":"Tunisie - UE : La main d'\u0153uvre tunisienne dans l'espace europ\u00e9en en question","isPartOf":{"@id":"https:\/\/www.webdo.tn\/fr\/#website"},"primaryImageOfPage":{"@id":"https:\/\/www.webdo.tn\/fr\/actualite\/national-45\/tunisie-ue-developper-la-cooperation-en-matiere-de-deplacement-de-la-main-d-oeuvre-tunisienne-dans-l-espace-europeen\/202507\/#primaryimage"},"image":{"@id":"https:\/\/www.webdo.tn\/fr\/actualite\/national-45\/tunisie-ue-developper-la-cooperation-en-matiere-de-deplacement-de-la-main-d-oeuvre-tunisienne-dans-l-espace-europeen\/202507\/#primaryimage"},"thumbnailUrl":"https:\/\/www.webdo.tn\/fr\/wp-content\/uploads\/2023\/02\/bc4d06d4ef03b42eafb371863cd07eeb.jpg","datePublished":"2023-02-02T09:36:00+00:00","dateModified":"2025-05-22T11:36:31+00:00","description":"Le ministre de l'Emploi et de la formation professionnelle Nasreddine Nsibi s\u2019est r\u00e9uni, ce mercredi 1er f\u00e9vrier 2023 avec l'ambassadeur de l'Union europ\u00e9enne (...","breadcrumb":{"@id":"https:\/\/www.webdo.tn\/fr\/actualite\/national-45\/tunisie-ue-developper-la-cooperation-en-matiere-de-deplacement-de-la-main-d-oeuvre-tunisienne-dans-l-espace-europeen\/202507\/#breadcrumb"},"inLanguage":"fr-FR","potentialAction":[{"@type":"ReadAction","target":["https:\/\/www.webdo.tn\/fr\/actualite\/national-45\/tunisie-ue-developper-la-cooperation-en-matiere-de-deplacement-de-la-main-d-oeuvre-tunisienne-dans-l-espace-europeen\/202507\/"]}]},{"@type":"ImageObject","inLanguage":"fr-FR","@id":"https:\/\/www.webdo.tn\/fr\/actualite\/national-45\/tunisie-ue-developper-la-cooperation-en-matiere-de-deplacement-de-la-main-d-oeuvre-tunisienne-dans-l-espace-europeen\/202507\/#primaryimage","url":"https:\/\/www.webdo.tn\/fr\/wp-content\/uploads\/2023\/02\/bc4d06d4ef03b42eafb371863cd07eeb.jpg","contentUrl":"https:\/\/www.webdo.tn\/fr\/wp-content\/uploads\/2023\/02\/bc4d06d4ef03b42eafb371863cd07eeb.jpg","width":750,"height":400,"caption":"Tunisie - UE : La main d'\u0153uvre tunisienne dans l'espace europ\u00e9en en question"},{"@type":"BreadcrumbList","@id":"https:\/\/www.webdo.tn\/fr\/actualite\/national-45\/tunisie-ue-developper-la-cooperation-en-matiere-de-deplacement-de-la-main-d-oeuvre-tunisienne-dans-l-espace-europeen\/202507\/#breadcrumb","itemListElement":[{"@type":"ListItem","position":1,"name":"Accueil","item":"https:\/\/www.webdo.tn\/fr\/"},{"@type":"ListItem","position":2,"name":"Tunisie &#8211; UE : La main d&rsquo;\u0153uvre tunisienne dans l&rsquo;espace europ\u00e9en en question"}]},{"@type":"WebSite","@id":"https:\/\/www.webdo.tn\/fr\/#website","url":"https:\/\/www.webdo.tn\/fr\/","name":"webdo","description":"Tunisie - News en Tunisie et \u00e0 l&#039;international sur Webdo.tn","publisher":{"@id":"https:\/\/www.webdo.tn\/fr\/#organization"},"potentialAction":[{"@type":"SearchAction","target":{"@type":"EntryPoint","urlTemplate":"https:\/\/www.webdo.tn\/fr\/?s={search_term_string}"},"query-input":{"@type":"PropertyValueSpecification","valueRequired":true,"valueName":"search_term_string"}}],"inLanguage":"fr-FR"},{"@type":"Organization","@id":"https:\/\/www.webdo.tn\/fr\/#organization","name":"Webdo","alternateName":"Webdo.tn","url":"https:\/\/www.webdo.tn\/fr\/","logo":{"@type":"ImageObject","inLanguage":"fr-FR","@id":"https:\/\/www.webdo.tn\/fr\/#\/schema\/logo\/image\/","url":"https:\/\/www.webdo.tn\/fr\/wp-content\/uploads\/2025\/06\/Webdo-Tunisie_168377.jpg","contentUrl":"https:\/\/www.webdo.tn\/fr\/wp-content\/uploads\/2025\/06\/Webdo-Tunisie_168377.jpg","width":301,"height":301,"caption":"Webdo"},"image":{"@id":"https:\/\/www.webdo.tn\/fr\/#\/schema\/logo\/image\/"},"sameAs":["https:\/\/www.facebook.com\/webdotn","https:\/\/x.com\/webdo_tn"],"description":"Webdo est un m\u00e9dia num\u00e9rique tunisien fond\u00e9 en 2010, sp\u00e9cialis\u00e9 dans l\u2019actualit\u00e9 nationale et internationale, l\u2019\u00e9conomie, la soci\u00e9t\u00e9 et les analyses politiques. Le site s\u2019adresse \u00e0 un large public francophone et couvre l\u2019information tunisienne en temps r\u00e9el.","email":"redac@webdo.tn","legalName":"YNJ SARL","foundingDate":"2010-09-06","numberOfEmployees":{"@type":"QuantitativeValue","minValue":"11","maxValue":"50"}},{"@type":"Person","@id":"https:\/\/www.webdo.tn\/fr\/#\/schema\/person\/2c4929cbf5a809e3bd38617c6ce150f6","name":"MC","image":{"@type":"ImageObject","inLanguage":"fr-FR","@id":"https:\/\/secure.gravatar.com\/avatar\/a545bbb6f84efdd5553dbbc2895e3ca8f1d12c5215e00a041c9670b54aa9b18a?s=96&d=mm&r=g","url":"https:\/\/secure.gravatar.com\/avatar\/a545bbb6f84efdd5553dbbc2895e3ca8f1d12c5215e00a041c9670b54aa9b18a?s=96&d=mm&r=g","contentUrl":"https:\/\/secure.gravatar.com\/avatar\/a545bbb6f84efdd5553dbbc2895e3ca8f1d12c5215e00a041c9670b54aa9b18a?s=96&d=mm&r=g","caption":"MC"},"url":"https:\/\/www.webdo.tn\/fr\/actualite\/author\/mc\/"}]}},"_links":{"self":[{"href":"https:\/\/www.webdo.tn\/fr\/wp-json\/wp\/v2\/posts\/202507","targetHints":{"allow":["GET"]}}],"collection":[{"href":"https:\/\/www.webdo.tn\/fr\/wp-json\/wp\/v2\/posts"}],"about":[{"href":"https:\/\/www.webdo.tn\/fr\/wp-json\/wp\/v2\/types\/post"}],"author":[{"embeddable":true,"href":"https:\/\/www.webdo.tn\/fr\/wp-json\/wp\/v2\/users\/3162"}],"replies":[{"embeddable":true,"href":"https:\/\/www.webdo.tn\/fr\/wp-json\/wp\/v2\/comments?post=202507"}],"version-history":[{"count":0,"href":"https:\/\/www.webdo.tn\/fr\/wp-json\/wp\/v2\/posts\/202507\/revisions"}],"wp:featuredmedia":[{"embeddable":true,"href":"https:\/\/www.webdo.tn\/fr\/wp-json\/wp\/v2\/media\/348199"}],"wp:attachment":[{"href":"https:\/\/www.webdo.tn\/fr\/wp-json\/wp\/v2\/media?parent=202507"}],"wp:term":[{"taxonomy":"category","embeddable":true,"href":"https:\/\/www.webdo.tn\/fr\/wp-json\/wp\/v2\/categories?post=202507"},{"taxonomy":"post_tag","embeddable":true,"href":"https:\/\/www.webdo.tn\/fr\/wp-json\/wp\/v2\/tags?post=202507"}],"curies":[{"name":"wp","href":"https:\/\/api.w.org\/{rel}","templated":true}]}}