{"id":202493,"date":"2024-02-02T19:40:00","date_gmt":"2024-02-02T19:40:00","guid":{"rendered":"https:\/\/www.webdo.tn\/fr\/blog\/bct-maintien-du-taux-directeur-a-8\/212022\/"},"modified":"2025-05-22T11:36:21","modified_gmt":"2025-05-22T11:36:21","slug":"bct-maintien-du-taux-directeur-a-8","status":"publish","type":"post","link":"https:\/\/www.webdo.tn\/fr\/actualite\/national\/bct-maintien-du-taux-directeur-a-8\/202493\/","title":{"rendered":"BCT : Maintien du taux directeur \u00e0 8%"},"content":{"rendered":"<p>Le Conseil d\u2019administration de la Banque centrale de Tunisie (BCT) a d\u00e9cid\u00e9 de maintenir le taux directeur de la BCT \u00e0 8%, selon un communiqu\u00e9 publi\u00e9 ce mercredi 1er f\u00e9vrier 2023.<\/p>\n<p> En ce sens, le Conseil a pris connaissance des derniers d\u00e9veloppements aussi bien au niveau de l\u2019environnement international que national.<\/p>\n<p>Ainsi, sur le plan international, les derni\u00e8res mises \u00e0 jour du Fonds mon\u00e9taire international (FMI) ont r\u00e9vis\u00e9 l\u00e9g\u00e8rement \u00e0 la hausse (+0,2%) les projections du mois d\u2019octobre 2022 de l\u2019activit\u00e9 \u00e9conomique mondiale pour 2023 \u00e0 2,9% apr\u00e8s 3,4% en 2022 suite, notamment, \u00e0 une am\u00e9lioration des perspectives de la consommation et de l\u2019investissement priv\u00e9s.<\/p>\n<p>De plus,\u00a0les pr\u00e9visions du FMI tablent sur une poursuite de la tendance baissi\u00e8re des prix \u00e0 la consommation, quoique graduelle, avec une inflation mondiale qui devrait revenir de 8,8% en moyenne, en 2022 \u00e0 6,6% en 2023. Cette \u00e9volution serait favoris\u00e9e par la d\u00e9tente des prix internationaux de l\u2019\u00e9nergie et des autres mati\u00e8res premi\u00e8res qui tirerait profit, d\u2019une part, de la diminution de la demande mondiale et, d\u2019autre part, de l\u2019engagement des banques centrales \u00e0 lutter prioritairement contre le fl\u00e9au inflationniste.<\/p>\n","protected":false},"excerpt":{"rendered":"<p>Le Conseil d\u2019administration de la Banque centrale de Tunisie (BCT) a d\u00e9cid\u00e9 de maintenir le taux directeur de la BCT \u00e0 8%, selon un communiqu\u00e9 publi\u00e9 ce mercred&#8230;<\/p>\n","protected":false},"author":3195,"featured_media":248083,"comment_status":"open","ping_status":"closed","sticky":false,"template":"","format":"standard","meta":{"footnotes":""},"categories":[44],"tags":[2807,3154,2610,3492,2608],"class_list":["post-202493","post","type-post","status-publish","format-standard","has-post-thumbnail","hentry","category-national","tag-bct","tag-economie","tag-inflation","tag-taux-directeur","tag-tunisie"],"yoast_head":"<!-- This site is optimized with the Yoast SEO Premium plugin v27.4 (Yoast SEO v27.5) - https:\/\/yoast.com\/product\/yoast-seo-premium-wordpress\/ -->\n<title>BCT : Maintien du taux directeur \u00e0 8%<\/title>\n<meta name=\"description\" content=\"Le Conseil d\u2019administration de la Banque centrale de Tunisie (BCT) a d\u00e9cid\u00e9 de maintenir le taux directeur de la BCT \u00e0 8%, selon un communiqu\u00e9 publi\u00e9 ce mercred...\" \/>\n<link rel=\"canonical\" href=\"https:\/\/www.webdo.tn\/fr\/actualite\/national-45\/bct-maintien-du-taux-directeur-a-8\/202493\/\" \/>\n<meta property=\"og:locale\" content=\"fr_FR\" \/>\n<meta property=\"og:type\" content=\"article\" \/>\n<meta property=\"og:title\" content=\"BCT : Maintien du taux directeur \u00e0 8%\" \/>\n<meta property=\"og:description\" content=\"Le Conseil d\u2019administration de la Banque centrale de Tunisie (BCT) a d\u00e9cid\u00e9 de maintenir le taux directeur de la BCT \u00e0 8%, selon un communiqu\u00e9 publi\u00e9 ce mercred...\" \/>\n<meta property=\"og:url\" content=\"https:\/\/www.webdo.tn\/fr\/actualite\/national-45\/bct-maintien-du-taux-directeur-a-8\/202493\/\" \/>\n<meta property=\"og:site_name\" content=\"webdo\" \/>\n<meta property=\"article:publisher\" content=\"https:\/\/www.facebook.com\/webdotn\" \/>\n<meta property=\"article:published_time\" content=\"2024-02-02T19:40:00+00:00\" \/>\n<meta property=\"article:modified_time\" content=\"2025-05-22T11:36:21+00:00\" \/>\n<meta property=\"og:image\" content=\"https:\/\/www.webdo.tn\/fr\/wp-content\/uploads\/2024\/02\/3a69e7958efb1c74d4722461569b3793.jpeg\" \/>\n\t<meta property=\"og:image:width\" content=\"750\" \/>\n\t<meta property=\"og:image:height\" content=\"400\" \/>\n\t<meta property=\"og:image:type\" content=\"image\/jpeg\" \/>\n<meta name=\"author\" content=\"NJ\" \/>\n<meta name=\"twitter:card\" content=\"summary_large_image\" \/>\n<meta name=\"twitter:creator\" content=\"@webdo_tn\" \/>\n<meta name=\"twitter:site\" content=\"@webdo_tn\" \/>\n<meta name=\"twitter:label1\" content=\"\u00c9crit par\" \/>\n\t<meta name=\"twitter:data1\" content=\"NJ\" \/>\n\t<meta name=\"twitter:label2\" content=\"Dur\u00e9e de lecture estim\u00e9e\" \/>\n\t<meta name=\"twitter:data2\" content=\"1 minute\" \/>\n<script type=\"application\/ld+json\" class=\"yoast-schema-graph\">{\"@context\":\"https:\\\/\\\/schema.org\",\"@graph\":[{\"@type\":\"NewsArticle\",\"@id\":\"https:\\\/\\\/www.webdo.tn\\\/fr\\\/actualite\\\/national-45\\\/bct-maintien-du-taux-directeur-a-8\\\/202493\\\/#article\",\"isPartOf\":{\"@id\":\"https:\\\/\\\/www.webdo.tn\\\/fr\\\/actualite\\\/national-45\\\/bct-maintien-du-taux-directeur-a-8\\\/202493\\\/\"},\"author\":{\"name\":\"NJ\",\"@id\":\"https:\\\/\\\/www.webdo.tn\\\/fr\\\/#\\\/schema\\\/person\\\/646f7c4406ab78299805d9d39b2636d8\"},\"headline\":\"BCT : Maintien du taux directeur \u00e0 8%\",\"datePublished\":\"2024-02-02T19:40:00+00:00\",\"dateModified\":\"2025-05-22T11:36:21+00:00\",\"mainEntityOfPage\":{\"@id\":\"https:\\\/\\\/www.webdo.tn\\\/fr\\\/actualite\\\/national-45\\\/bct-maintien-du-taux-directeur-a-8\\\/202493\\\/\"},\"wordCount\":199,\"commentCount\":0,\"publisher\":{\"@id\":\"https:\\\/\\\/www.webdo.tn\\\/fr\\\/#organization\"},\"image\":{\"@id\":\"https:\\\/\\\/www.webdo.tn\\\/fr\\\/actualite\\\/national-45\\\/bct-maintien-du-taux-directeur-a-8\\\/202493\\\/#primaryimage\"},\"thumbnailUrl\":\"https:\\\/\\\/www.webdo.tn\\\/fr\\\/wp-content\\\/uploads\\\/2024\\\/02\\\/3a69e7958efb1c74d4722461569b3793.jpeg\",\"keywords\":[\"BCT\",\"\u00e9conomie\",\"inflation\",\"taux directeur\",\"Tunisie\"],\"articleSection\":[\"National\"],\"inLanguage\":\"fr-FR\"},{\"@type\":\"WebPage\",\"@id\":\"https:\\\/\\\/www.webdo.tn\\\/fr\\\/actualite\\\/national-45\\\/bct-maintien-du-taux-directeur-a-8\\\/202493\\\/\",\"url\":\"https:\\\/\\\/www.webdo.tn\\\/fr\\\/actualite\\\/national-45\\\/bct-maintien-du-taux-directeur-a-8\\\/202493\\\/\",\"name\":\"BCT : Maintien du taux directeur \u00e0 8%\",\"isPartOf\":{\"@id\":\"https:\\\/\\\/www.webdo.tn\\\/fr\\\/#website\"},\"primaryImageOfPage\":{\"@id\":\"https:\\\/\\\/www.webdo.tn\\\/fr\\\/actualite\\\/national-45\\\/bct-maintien-du-taux-directeur-a-8\\\/202493\\\/#primaryimage\"},\"image\":{\"@id\":\"https:\\\/\\\/www.webdo.tn\\\/fr\\\/actualite\\\/national-45\\\/bct-maintien-du-taux-directeur-a-8\\\/202493\\\/#primaryimage\"},\"thumbnailUrl\":\"https:\\\/\\\/www.webdo.tn\\\/fr\\\/wp-content\\\/uploads\\\/2024\\\/02\\\/3a69e7958efb1c74d4722461569b3793.jpeg\",\"datePublished\":\"2024-02-02T19:40:00+00:00\",\"dateModified\":\"2025-05-22T11:36:21+00:00\",\"description\":\"Le Conseil d\u2019administration de la Banque centrale de Tunisie (BCT) a d\u00e9cid\u00e9 de maintenir le taux directeur de la BCT \u00e0 8%, selon un communiqu\u00e9 publi\u00e9 ce mercred...\",\"breadcrumb\":{\"@id\":\"https:\\\/\\\/www.webdo.tn\\\/fr\\\/actualite\\\/national-45\\\/bct-maintien-du-taux-directeur-a-8\\\/202493\\\/#breadcrumb\"},\"inLanguage\":\"fr-FR\",\"potentialAction\":[{\"@type\":\"ReadAction\",\"target\":[\"https:\\\/\\\/www.webdo.tn\\\/fr\\\/actualite\\\/national-45\\\/bct-maintien-du-taux-directeur-a-8\\\/202493\\\/\"]}]},{\"@type\":\"ImageObject\",\"inLanguage\":\"fr-FR\",\"@id\":\"https:\\\/\\\/www.webdo.tn\\\/fr\\\/actualite\\\/national-45\\\/bct-maintien-du-taux-directeur-a-8\\\/202493\\\/#primaryimage\",\"url\":\"https:\\\/\\\/www.webdo.tn\\\/fr\\\/wp-content\\\/uploads\\\/2024\\\/02\\\/3a69e7958efb1c74d4722461569b3793.jpeg\",\"contentUrl\":\"https:\\\/\\\/www.webdo.tn\\\/fr\\\/wp-content\\\/uploads\\\/2024\\\/02\\\/3a69e7958efb1c74d4722461569b3793.jpeg\",\"width\":750,\"height\":400,\"caption\":\"BCT : Maintien du taux directeur \u00e0 8%\"},{\"@type\":\"BreadcrumbList\",\"@id\":\"https:\\\/\\\/www.webdo.tn\\\/fr\\\/actualite\\\/national-45\\\/bct-maintien-du-taux-directeur-a-8\\\/202493\\\/#breadcrumb\",\"itemListElement\":[{\"@type\":\"ListItem\",\"position\":1,\"name\":\"Accueil\",\"item\":\"https:\\\/\\\/www.webdo.tn\\\/fr\\\/\"},{\"@type\":\"ListItem\",\"position\":2,\"name\":\"BCT : Maintien du taux directeur \u00e0 8%\"}]},{\"@type\":\"WebSite\",\"@id\":\"https:\\\/\\\/www.webdo.tn\\\/fr\\\/#website\",\"url\":\"https:\\\/\\\/www.webdo.tn\\\/fr\\\/\",\"name\":\"webdo\",\"description\":\"Tunisie - News en Tunisie et \u00e0 l&#039;international sur Webdo.tn\",\"publisher\":{\"@id\":\"https:\\\/\\\/www.webdo.tn\\\/fr\\\/#organization\"},\"potentialAction\":[{\"@type\":\"SearchAction\",\"target\":{\"@type\":\"EntryPoint\",\"urlTemplate\":\"https:\\\/\\\/www.webdo.tn\\\/fr\\\/?s={search_term_string}\"},\"query-input\":{\"@type\":\"PropertyValueSpecification\",\"valueRequired\":true,\"valueName\":\"search_term_string\"}}],\"inLanguage\":\"fr-FR\"},{\"@type\":\"Organization\",\"@id\":\"https:\\\/\\\/www.webdo.tn\\\/fr\\\/#organization\",\"name\":\"Webdo\",\"alternateName\":\"Webdo.tn\",\"url\":\"https:\\\/\\\/www.webdo.tn\\\/fr\\\/\",\"logo\":{\"@type\":\"ImageObject\",\"inLanguage\":\"fr-FR\",\"@id\":\"https:\\\/\\\/www.webdo.tn\\\/fr\\\/#\\\/schema\\\/logo\\\/image\\\/\",\"url\":\"https:\\\/\\\/www.webdo.tn\\\/fr\\\/wp-content\\\/uploads\\\/2025\\\/06\\\/Webdo-Tunisie_168377.jpg\",\"contentUrl\":\"https:\\\/\\\/www.webdo.tn\\\/fr\\\/wp-content\\\/uploads\\\/2025\\\/06\\\/Webdo-Tunisie_168377.jpg\",\"width\":301,\"height\":301,\"caption\":\"Webdo\"},\"image\":{\"@id\":\"https:\\\/\\\/www.webdo.tn\\\/fr\\\/#\\\/schema\\\/logo\\\/image\\\/\"},\"sameAs\":[\"https:\\\/\\\/www.facebook.com\\\/webdotn\",\"https:\\\/\\\/x.com\\\/webdo_tn\"],\"description\":\"Webdo est un m\u00e9dia num\u00e9rique tunisien fond\u00e9 en 2010, sp\u00e9cialis\u00e9 dans l\u2019actualit\u00e9 nationale et internationale, l\u2019\u00e9conomie, la soci\u00e9t\u00e9 et les analyses politiques. Le site s\u2019adresse \u00e0 un large public francophone et couvre l\u2019information tunisienne en temps r\u00e9el.\",\"email\":\"redac@webdo.tn\",\"legalName\":\"YNJ SARL\",\"foundingDate\":\"2010-09-06\",\"numberOfEmployees\":{\"@type\":\"QuantitativeValue\",\"minValue\":\"11\",\"maxValue\":\"50\"}},{\"@type\":\"Person\",\"@id\":\"https:\\\/\\\/www.webdo.tn\\\/fr\\\/#\\\/schema\\\/person\\\/646f7c4406ab78299805d9d39b2636d8\",\"name\":\"NJ\",\"image\":{\"@type\":\"ImageObject\",\"inLanguage\":\"fr-FR\",\"@id\":\"https:\\\/\\\/secure.gravatar.com\\\/avatar\\\/57ee8a7cee8271948beede1dd4413f641d3b749a42dfabf45a3352af812389e1?s=96&d=mm&r=g\",\"url\":\"https:\\\/\\\/secure.gravatar.com\\\/avatar\\\/57ee8a7cee8271948beede1dd4413f641d3b749a42dfabf45a3352af812389e1?s=96&d=mm&r=g\",\"contentUrl\":\"https:\\\/\\\/secure.gravatar.com\\\/avatar\\\/57ee8a7cee8271948beede1dd4413f641d3b749a42dfabf45a3352af812389e1?s=96&d=mm&r=g\",\"caption\":\"NJ\"},\"url\":\"https:\\\/\\\/www.webdo.tn\\\/fr\\\/actualite\\\/author\\\/nj\\\/\"}]}<\/script>\n<!-- \/ Yoast SEO Premium plugin. -->","yoast_head_json":{"title":"BCT : Maintien du taux directeur \u00e0 8%","description":"Le Conseil d\u2019administration de la Banque centrale de Tunisie (BCT) a d\u00e9cid\u00e9 de maintenir le taux directeur de la BCT \u00e0 8%, selon un communiqu\u00e9 publi\u00e9 ce mercred...","canonical":"https:\/\/www.webdo.tn\/fr\/actualite\/national-45\/bct-maintien-du-taux-directeur-a-8\/202493\/","og_locale":"fr_FR","og_type":"article","og_title":"BCT : Maintien du taux directeur \u00e0 8%","og_description":"Le Conseil d\u2019administration de la Banque centrale de Tunisie (BCT) a d\u00e9cid\u00e9 de maintenir le taux directeur de la BCT \u00e0 8%, selon un communiqu\u00e9 publi\u00e9 ce mercred...","og_url":"https:\/\/www.webdo.tn\/fr\/actualite\/national-45\/bct-maintien-du-taux-directeur-a-8\/202493\/","og_site_name":"webdo","article_publisher":"https:\/\/www.facebook.com\/webdotn","article_published_time":"2024-02-02T19:40:00+00:00","article_modified_time":"2025-05-22T11:36:21+00:00","og_image":[{"width":750,"height":400,"url":"https:\/\/www.webdo.tn\/fr\/wp-content\/uploads\/2024\/02\/3a69e7958efb1c74d4722461569b3793.jpeg","type":"image\/jpeg"}],"author":"NJ","twitter_card":"summary_large_image","twitter_creator":"@webdo_tn","twitter_site":"@webdo_tn","twitter_misc":{"\u00c9crit par":"NJ","Dur\u00e9e de lecture estim\u00e9e":"1 minute"},"schema":{"@context":"https:\/\/schema.org","@graph":[{"@type":"NewsArticle","@id":"https:\/\/www.webdo.tn\/fr\/actualite\/national-45\/bct-maintien-du-taux-directeur-a-8\/202493\/#article","isPartOf":{"@id":"https:\/\/www.webdo.tn\/fr\/actualite\/national-45\/bct-maintien-du-taux-directeur-a-8\/202493\/"},"author":{"name":"NJ","@id":"https:\/\/www.webdo.tn\/fr\/#\/schema\/person\/646f7c4406ab78299805d9d39b2636d8"},"headline":"BCT : Maintien du taux directeur \u00e0 8%","datePublished":"2024-02-02T19:40:00+00:00","dateModified":"2025-05-22T11:36:21+00:00","mainEntityOfPage":{"@id":"https:\/\/www.webdo.tn\/fr\/actualite\/national-45\/bct-maintien-du-taux-directeur-a-8\/202493\/"},"wordCount":199,"commentCount":0,"publisher":{"@id":"https:\/\/www.webdo.tn\/fr\/#organization"},"image":{"@id":"https:\/\/www.webdo.tn\/fr\/actualite\/national-45\/bct-maintien-du-taux-directeur-a-8\/202493\/#primaryimage"},"thumbnailUrl":"https:\/\/www.webdo.tn\/fr\/wp-content\/uploads\/2024\/02\/3a69e7958efb1c74d4722461569b3793.jpeg","keywords":["BCT","\u00e9conomie","inflation","taux directeur","Tunisie"],"articleSection":["National"],"inLanguage":"fr-FR"},{"@type":"WebPage","@id":"https:\/\/www.webdo.tn\/fr\/actualite\/national-45\/bct-maintien-du-taux-directeur-a-8\/202493\/","url":"https:\/\/www.webdo.tn\/fr\/actualite\/national-45\/bct-maintien-du-taux-directeur-a-8\/202493\/","name":"BCT : Maintien du taux directeur \u00e0 8%","isPartOf":{"@id":"https:\/\/www.webdo.tn\/fr\/#website"},"primaryImageOfPage":{"@id":"https:\/\/www.webdo.tn\/fr\/actualite\/national-45\/bct-maintien-du-taux-directeur-a-8\/202493\/#primaryimage"},"image":{"@id":"https:\/\/www.webdo.tn\/fr\/actualite\/national-45\/bct-maintien-du-taux-directeur-a-8\/202493\/#primaryimage"},"thumbnailUrl":"https:\/\/www.webdo.tn\/fr\/wp-content\/uploads\/2024\/02\/3a69e7958efb1c74d4722461569b3793.jpeg","datePublished":"2024-02-02T19:40:00+00:00","dateModified":"2025-05-22T11:36:21+00:00","description":"Le Conseil d\u2019administration de la Banque centrale de Tunisie (BCT) a d\u00e9cid\u00e9 de maintenir le taux directeur de la BCT \u00e0 8%, selon un communiqu\u00e9 publi\u00e9 ce mercred...","breadcrumb":{"@id":"https:\/\/www.webdo.tn\/fr\/actualite\/national-45\/bct-maintien-du-taux-directeur-a-8\/202493\/#breadcrumb"},"inLanguage":"fr-FR","potentialAction":[{"@type":"ReadAction","target":["https:\/\/www.webdo.tn\/fr\/actualite\/national-45\/bct-maintien-du-taux-directeur-a-8\/202493\/"]}]},{"@type":"ImageObject","inLanguage":"fr-FR","@id":"https:\/\/www.webdo.tn\/fr\/actualite\/national-45\/bct-maintien-du-taux-directeur-a-8\/202493\/#primaryimage","url":"https:\/\/www.webdo.tn\/fr\/wp-content\/uploads\/2024\/02\/3a69e7958efb1c74d4722461569b3793.jpeg","contentUrl":"https:\/\/www.webdo.tn\/fr\/wp-content\/uploads\/2024\/02\/3a69e7958efb1c74d4722461569b3793.jpeg","width":750,"height":400,"caption":"BCT : Maintien du taux directeur \u00e0 8%"},{"@type":"BreadcrumbList","@id":"https:\/\/www.webdo.tn\/fr\/actualite\/national-45\/bct-maintien-du-taux-directeur-a-8\/202493\/#breadcrumb","itemListElement":[{"@type":"ListItem","position":1,"name":"Accueil","item":"https:\/\/www.webdo.tn\/fr\/"},{"@type":"ListItem","position":2,"name":"BCT : Maintien du taux directeur \u00e0 8%"}]},{"@type":"WebSite","@id":"https:\/\/www.webdo.tn\/fr\/#website","url":"https:\/\/www.webdo.tn\/fr\/","name":"webdo","description":"Tunisie - News en Tunisie et \u00e0 l&#039;international sur Webdo.tn","publisher":{"@id":"https:\/\/www.webdo.tn\/fr\/#organization"},"potentialAction":[{"@type":"SearchAction","target":{"@type":"EntryPoint","urlTemplate":"https:\/\/www.webdo.tn\/fr\/?s={search_term_string}"},"query-input":{"@type":"PropertyValueSpecification","valueRequired":true,"valueName":"search_term_string"}}],"inLanguage":"fr-FR"},{"@type":"Organization","@id":"https:\/\/www.webdo.tn\/fr\/#organization","name":"Webdo","alternateName":"Webdo.tn","url":"https:\/\/www.webdo.tn\/fr\/","logo":{"@type":"ImageObject","inLanguage":"fr-FR","@id":"https:\/\/www.webdo.tn\/fr\/#\/schema\/logo\/image\/","url":"https:\/\/www.webdo.tn\/fr\/wp-content\/uploads\/2025\/06\/Webdo-Tunisie_168377.jpg","contentUrl":"https:\/\/www.webdo.tn\/fr\/wp-content\/uploads\/2025\/06\/Webdo-Tunisie_168377.jpg","width":301,"height":301,"caption":"Webdo"},"image":{"@id":"https:\/\/www.webdo.tn\/fr\/#\/schema\/logo\/image\/"},"sameAs":["https:\/\/www.facebook.com\/webdotn","https:\/\/x.com\/webdo_tn"],"description":"Webdo est un m\u00e9dia num\u00e9rique tunisien fond\u00e9 en 2010, sp\u00e9cialis\u00e9 dans l\u2019actualit\u00e9 nationale et internationale, l\u2019\u00e9conomie, la soci\u00e9t\u00e9 et les analyses politiques. Le site s\u2019adresse \u00e0 un large public francophone et couvre l\u2019information tunisienne en temps r\u00e9el.","email":"redac@webdo.tn","legalName":"YNJ SARL","foundingDate":"2010-09-06","numberOfEmployees":{"@type":"QuantitativeValue","minValue":"11","maxValue":"50"}},{"@type":"Person","@id":"https:\/\/www.webdo.tn\/fr\/#\/schema\/person\/646f7c4406ab78299805d9d39b2636d8","name":"NJ","image":{"@type":"ImageObject","inLanguage":"fr-FR","@id":"https:\/\/secure.gravatar.com\/avatar\/57ee8a7cee8271948beede1dd4413f641d3b749a42dfabf45a3352af812389e1?s=96&d=mm&r=g","url":"https:\/\/secure.gravatar.com\/avatar\/57ee8a7cee8271948beede1dd4413f641d3b749a42dfabf45a3352af812389e1?s=96&d=mm&r=g","contentUrl":"https:\/\/secure.gravatar.com\/avatar\/57ee8a7cee8271948beede1dd4413f641d3b749a42dfabf45a3352af812389e1?s=96&d=mm&r=g","caption":"NJ"},"url":"https:\/\/www.webdo.tn\/fr\/actualite\/author\/nj\/"}]}},"_links":{"self":[{"href":"https:\/\/www.webdo.tn\/fr\/wp-json\/wp\/v2\/posts\/202493","targetHints":{"allow":["GET"]}}],"collection":[{"href":"https:\/\/www.webdo.tn\/fr\/wp-json\/wp\/v2\/posts"}],"about":[{"href":"https:\/\/www.webdo.tn\/fr\/wp-json\/wp\/v2\/types\/post"}],"author":[{"embeddable":true,"href":"https:\/\/www.webdo.tn\/fr\/wp-json\/wp\/v2\/users\/3195"}],"replies":[{"embeddable":true,"href":"https:\/\/www.webdo.tn\/fr\/wp-json\/wp\/v2\/comments?post=202493"}],"version-history":[{"count":0,"href":"https:\/\/www.webdo.tn\/fr\/wp-json\/wp\/v2\/posts\/202493\/revisions"}],"wp:featuredmedia":[{"embeddable":true,"href":"https:\/\/www.webdo.tn\/fr\/wp-json\/wp\/v2\/media\/248083"}],"wp:attachment":[{"href":"https:\/\/www.webdo.tn\/fr\/wp-json\/wp\/v2\/media?parent=202493"}],"wp:term":[{"taxonomy":"category","embeddable":true,"href":"https:\/\/www.webdo.tn\/fr\/wp-json\/wp\/v2\/categories?post=202493"},{"taxonomy":"post_tag","embeddable":true,"href":"https:\/\/www.webdo.tn\/fr\/wp-json\/wp\/v2\/tags?post=202493"}],"curies":[{"name":"wp","href":"https:\/\/api.w.org\/{rel}","templated":true}]}}