{"id":202484,"date":"2023-02-01T14:28:00","date_gmt":"2023-02-01T14:28:00","guid":{"rendered":"https:\/\/www.webdo.tn\/fr\/actualite\/blog\/affaire-laarayedh-dilou-fait-etat-de-falsification\/202484\/"},"modified":"2025-05-22T11:36:18","modified_gmt":"2025-05-22T11:36:18","slug":"affaire-laarayedh-dilou-fait-etat-de-falsification","status":"publish","type":"post","link":"https:\/\/www.webdo.tn\/fr\/actualite\/national\/affaire-laarayedh-dilou-fait-etat-de-falsification\/202484\/","title":{"rendered":"Affaire Laarayedh : Dilou fait \u00e9tat de \u00ab falsification \u00bb"},"content":{"rendered":"<p>Lors d\u2019une conf\u00e9rence de presse tenue ce mercredi 1er f\u00e9vrier 2023, l\u2019avocat et activiste politique, Samir Dilou, a annonc\u00e9 l\u2019existence \u00ab de falsification \u00bb dans l\u2019affaire de son client Ali Laarayedh.<\/p>\n<p> Il \u00e9galement annonc\u00e9 que le comit\u00e9 de D\u00e9fense de Larayedh a d\u00e9pos\u00e9 une plainte pour falsification de documents officiels.\u00a0<\/p>\n<p>Et d\u2019expliquer que \u00ab le dossier de Larayedh est d\u00e9nu\u00e9 d\u2019\u00e9l\u00e9ments factuels, et la plainte qui en est \u00e0 l\u2019origine est fond\u00e9e sur des informations glan\u00e9es sur Facebook \u00bb.<\/p>\n<p>Le juge d\u2019instruction du bureau 12 du p\u00f4le judiciaire antiterroriste a \u00e9mis un mandat de d\u00e9p\u00f4t, le 19 d\u00e9cembre dernier \u00e0 l\u2019encontre de l\u2019ancien chef du gouvernement dans l\u2019affaire des r\u00e9seaux d\u2019embrigadement.<\/p>\n<p>Ali La\u00e2rayedh avait d\u00e9j\u00e0 \u00e9t\u00e9 auditionn\u00e9 dans le cadre de cette affaire d&rsquo;envoi de jeunes tunisiens dans les zones de tension. Il avait \u00e9t\u00e9 plac\u00e9 en garde \u00e0 vue le 19 septembre 2022, par le juge d&rsquo;instruction pr\u00e8s le p\u00f4le judiciaire antiterroriste avant d&rsquo;\u00eatre lib\u00e9r\u00e9 le 22 septembre. Son audience avait \u00e9t\u00e9 report\u00e9e au 19 d\u00e9cembre.<\/p>\n","protected":false},"excerpt":{"rendered":"<p>Lors d\u2019une conf\u00e9rence de presse tenue ce mercredi 1er f\u00e9vrier 2023, l\u2019avocat et activiste politique, Samir Dilou, a annonc\u00e9 l\u2019existence \u00ab de falsification \u00bb dan&#8230;<\/p>\n","protected":false},"author":3175,"featured_media":348190,"comment_status":"open","ping_status":"closed","sticky":false,"template":"","format":"standard","meta":{"footnotes":""},"categories":[44],"tags":[5322,3694,2608],"class_list":["post-202484","post","type-post","status-publish","format-standard","has-post-thumbnail","hentry","category-national","tag-affaire","tag-ali-laarayedh","tag-tunisie"],"yoast_head":"<!-- This site is optimized with the Yoast SEO Premium plugin v27.5 (Yoast SEO v27.5) - https:\/\/yoast.com\/product\/yoast-seo-premium-wordpress\/ -->\n<title>Affaire Laarayedh : Dilou fait \u00e9tat de \u00ab falsification \u00bb<\/title>\n<meta name=\"description\" content=\"Lors d\u2019une conf\u00e9rence de presse tenue ce mercredi 1er f\u00e9vrier 2023, l\u2019avocat et activiste politique, Samir Dilou, a annonc\u00e9 l\u2019existence \u00ab de falsification \u00bb dan...\" \/>\n<link rel=\"canonical\" href=\"https:\/\/www.webdo.tn\/fr\/actualite\/national-45\/affaire-laarayedh-dilou-fait-etat-de-falsification\/202484\/\" \/>\n<meta property=\"og:locale\" content=\"fr_FR\" \/>\n<meta property=\"og:type\" content=\"article\" \/>\n<meta property=\"og:title\" content=\"Affaire Laarayedh : Dilou fait \u00e9tat de \u00ab falsification \u00bb\" \/>\n<meta property=\"og:description\" content=\"Lors d\u2019une conf\u00e9rence de presse tenue ce mercredi 1er f\u00e9vrier 2023, l\u2019avocat et activiste politique, Samir Dilou, a annonc\u00e9 l\u2019existence \u00ab de falsification \u00bb dan...\" \/>\n<meta property=\"og:url\" content=\"https:\/\/www.webdo.tn\/fr\/actualite\/national-45\/affaire-laarayedh-dilou-fait-etat-de-falsification\/202484\/\" \/>\n<meta property=\"og:site_name\" content=\"webdo\" \/>\n<meta property=\"article:publisher\" content=\"https:\/\/www.facebook.com\/webdotn\" \/>\n<meta property=\"article:published_time\" content=\"2023-02-01T14:28:00+00:00\" \/>\n<meta property=\"article:modified_time\" content=\"2025-05-22T11:36:18+00:00\" \/>\n<meta property=\"og:image\" content=\"https:\/\/www.webdo.tn\/fr\/wp-content\/uploads\/2023\/02\/0cf247d1fea6079092c0c6b50f9fc590.jpg\" \/>\n\t<meta property=\"og:image:width\" content=\"750\" \/>\n\t<meta property=\"og:image:height\" content=\"400\" \/>\n\t<meta property=\"og:image:type\" content=\"image\/jpeg\" \/>\n<meta name=\"author\" content=\"CL\" \/>\n<meta name=\"twitter:card\" content=\"summary_large_image\" \/>\n<meta name=\"twitter:creator\" content=\"@webdo_tn\" \/>\n<meta name=\"twitter:site\" content=\"@webdo_tn\" \/>\n<meta name=\"twitter:label1\" content=\"\u00c9crit par\" \/>\n\t<meta name=\"twitter:data1\" content=\"CL\" \/>\n\t<meta name=\"twitter:label2\" content=\"Dur\u00e9e de lecture estim\u00e9e\" \/>\n\t<meta name=\"twitter:data2\" content=\"1 minute\" \/>\n<script type=\"application\/ld+json\" class=\"yoast-schema-graph\">{\"@context\":\"https:\\\/\\\/schema.org\",\"@graph\":[{\"@type\":\"NewsArticle\",\"@id\":\"https:\\\/\\\/www.webdo.tn\\\/fr\\\/actualite\\\/national-45\\\/affaire-laarayedh-dilou-fait-etat-de-falsification\\\/202484\\\/#article\",\"isPartOf\":{\"@id\":\"https:\\\/\\\/www.webdo.tn\\\/fr\\\/actualite\\\/national-45\\\/affaire-laarayedh-dilou-fait-etat-de-falsification\\\/202484\\\/\"},\"author\":{\"name\":\"CL\",\"@id\":\"https:\\\/\\\/www.webdo.tn\\\/fr\\\/#\\\/schema\\\/person\\\/f35b42a42c5e2511bbd282959d6385cc\"},\"headline\":\"Affaire Laarayedh : Dilou fait \u00e9tat de \u00ab falsification \u00bb\",\"datePublished\":\"2023-02-01T14:28:00+00:00\",\"dateModified\":\"2025-05-22T11:36:18+00:00\",\"mainEntityOfPage\":{\"@id\":\"https:\\\/\\\/www.webdo.tn\\\/fr\\\/actualite\\\/national-45\\\/affaire-laarayedh-dilou-fait-etat-de-falsification\\\/202484\\\/\"},\"wordCount\":195,\"commentCount\":0,\"publisher\":{\"@id\":\"https:\\\/\\\/www.webdo.tn\\\/fr\\\/#organization\"},\"image\":{\"@id\":\"https:\\\/\\\/www.webdo.tn\\\/fr\\\/actualite\\\/national-45\\\/affaire-laarayedh-dilou-fait-etat-de-falsification\\\/202484\\\/#primaryimage\"},\"thumbnailUrl\":\"https:\\\/\\\/www.webdo.tn\\\/fr\\\/wp-content\\\/uploads\\\/2023\\\/02\\\/0cf247d1fea6079092c0c6b50f9fc590.jpg\",\"keywords\":[\"Affaire\",\"Ali La\u00e2rayedh\",\"Tunisie\"],\"articleSection\":[\"National\"],\"inLanguage\":\"fr-FR\"},{\"@type\":\"WebPage\",\"@id\":\"https:\\\/\\\/www.webdo.tn\\\/fr\\\/actualite\\\/national-45\\\/affaire-laarayedh-dilou-fait-etat-de-falsification\\\/202484\\\/\",\"url\":\"https:\\\/\\\/www.webdo.tn\\\/fr\\\/actualite\\\/national-45\\\/affaire-laarayedh-dilou-fait-etat-de-falsification\\\/202484\\\/\",\"name\":\"Affaire Laarayedh : Dilou fait \u00e9tat de \u00ab falsification \u00bb\",\"isPartOf\":{\"@id\":\"https:\\\/\\\/www.webdo.tn\\\/fr\\\/#website\"},\"primaryImageOfPage\":{\"@id\":\"https:\\\/\\\/www.webdo.tn\\\/fr\\\/actualite\\\/national-45\\\/affaire-laarayedh-dilou-fait-etat-de-falsification\\\/202484\\\/#primaryimage\"},\"image\":{\"@id\":\"https:\\\/\\\/www.webdo.tn\\\/fr\\\/actualite\\\/national-45\\\/affaire-laarayedh-dilou-fait-etat-de-falsification\\\/202484\\\/#primaryimage\"},\"thumbnailUrl\":\"https:\\\/\\\/www.webdo.tn\\\/fr\\\/wp-content\\\/uploads\\\/2023\\\/02\\\/0cf247d1fea6079092c0c6b50f9fc590.jpg\",\"datePublished\":\"2023-02-01T14:28:00+00:00\",\"dateModified\":\"2025-05-22T11:36:18+00:00\",\"description\":\"Lors d\u2019une conf\u00e9rence de presse tenue ce mercredi 1er f\u00e9vrier 2023, l\u2019avocat et activiste politique, Samir Dilou, a annonc\u00e9 l\u2019existence \u00ab de falsification \u00bb dan...\",\"breadcrumb\":{\"@id\":\"https:\\\/\\\/www.webdo.tn\\\/fr\\\/actualite\\\/national-45\\\/affaire-laarayedh-dilou-fait-etat-de-falsification\\\/202484\\\/#breadcrumb\"},\"inLanguage\":\"fr-FR\",\"potentialAction\":[{\"@type\":\"ReadAction\",\"target\":[\"https:\\\/\\\/www.webdo.tn\\\/fr\\\/actualite\\\/national-45\\\/affaire-laarayedh-dilou-fait-etat-de-falsification\\\/202484\\\/\"]}]},{\"@type\":\"ImageObject\",\"inLanguage\":\"fr-FR\",\"@id\":\"https:\\\/\\\/www.webdo.tn\\\/fr\\\/actualite\\\/national-45\\\/affaire-laarayedh-dilou-fait-etat-de-falsification\\\/202484\\\/#primaryimage\",\"url\":\"https:\\\/\\\/www.webdo.tn\\\/fr\\\/wp-content\\\/uploads\\\/2023\\\/02\\\/0cf247d1fea6079092c0c6b50f9fc590.jpg\",\"contentUrl\":\"https:\\\/\\\/www.webdo.tn\\\/fr\\\/wp-content\\\/uploads\\\/2023\\\/02\\\/0cf247d1fea6079092c0c6b50f9fc590.jpg\",\"width\":750,\"height\":400,\"caption\":\"Dilou\"},{\"@type\":\"BreadcrumbList\",\"@id\":\"https:\\\/\\\/www.webdo.tn\\\/fr\\\/actualite\\\/national-45\\\/affaire-laarayedh-dilou-fait-etat-de-falsification\\\/202484\\\/#breadcrumb\",\"itemListElement\":[{\"@type\":\"ListItem\",\"position\":1,\"name\":\"Accueil\",\"item\":\"https:\\\/\\\/www.webdo.tn\\\/fr\\\/\"},{\"@type\":\"ListItem\",\"position\":2,\"name\":\"Affaire Laarayedh : Dilou fait \u00e9tat de \u00ab falsification \u00bb\"}]},{\"@type\":\"WebSite\",\"@id\":\"https:\\\/\\\/www.webdo.tn\\\/fr\\\/#website\",\"url\":\"https:\\\/\\\/www.webdo.tn\\\/fr\\\/\",\"name\":\"webdo\",\"description\":\"Tunisie - News en Tunisie et \u00e0 l&#039;international sur Webdo.tn\",\"publisher\":{\"@id\":\"https:\\\/\\\/www.webdo.tn\\\/fr\\\/#organization\"},\"potentialAction\":[{\"@type\":\"SearchAction\",\"target\":{\"@type\":\"EntryPoint\",\"urlTemplate\":\"https:\\\/\\\/www.webdo.tn\\\/fr\\\/?s={search_term_string}\"},\"query-input\":{\"@type\":\"PropertyValueSpecification\",\"valueRequired\":true,\"valueName\":\"search_term_string\"}}],\"inLanguage\":\"fr-FR\"},{\"@type\":\"Organization\",\"@id\":\"https:\\\/\\\/www.webdo.tn\\\/fr\\\/#organization\",\"name\":\"Webdo\",\"alternateName\":\"Webdo.tn\",\"url\":\"https:\\\/\\\/www.webdo.tn\\\/fr\\\/\",\"logo\":{\"@type\":\"ImageObject\",\"inLanguage\":\"fr-FR\",\"@id\":\"https:\\\/\\\/www.webdo.tn\\\/fr\\\/#\\\/schema\\\/logo\\\/image\\\/\",\"url\":\"https:\\\/\\\/www.webdo.tn\\\/fr\\\/wp-content\\\/uploads\\\/2025\\\/06\\\/Webdo-Tunisie_168377.jpg\",\"contentUrl\":\"https:\\\/\\\/www.webdo.tn\\\/fr\\\/wp-content\\\/uploads\\\/2025\\\/06\\\/Webdo-Tunisie_168377.jpg\",\"width\":301,\"height\":301,\"caption\":\"Webdo\"},\"image\":{\"@id\":\"https:\\\/\\\/www.webdo.tn\\\/fr\\\/#\\\/schema\\\/logo\\\/image\\\/\"},\"sameAs\":[\"https:\\\/\\\/www.facebook.com\\\/webdotn\",\"https:\\\/\\\/x.com\\\/webdo_tn\"],\"description\":\"Webdo est un m\u00e9dia num\u00e9rique tunisien fond\u00e9 en 2010, sp\u00e9cialis\u00e9 dans l\u2019actualit\u00e9 nationale et internationale, l\u2019\u00e9conomie, la soci\u00e9t\u00e9 et les analyses politiques. Le site s\u2019adresse \u00e0 un large public francophone et couvre l\u2019information tunisienne en temps r\u00e9el.\",\"email\":\"redac@webdo.tn\",\"legalName\":\"YNJ SARL\",\"foundingDate\":\"2010-09-06\",\"numberOfEmployees\":{\"@type\":\"QuantitativeValue\",\"minValue\":\"11\",\"maxValue\":\"50\"}},{\"@type\":\"Person\",\"@id\":\"https:\\\/\\\/www.webdo.tn\\\/fr\\\/#\\\/schema\\\/person\\\/f35b42a42c5e2511bbd282959d6385cc\",\"name\":\"CL\",\"image\":{\"@type\":\"ImageObject\",\"inLanguage\":\"fr-FR\",\"@id\":\"https:\\\/\\\/secure.gravatar.com\\\/avatar\\\/1447a49909b67aa657c488aec6512e1dd6143a480c1ecfee9b5b5cd74eb3b59e?s=96&d=mm&r=g\",\"url\":\"https:\\\/\\\/secure.gravatar.com\\\/avatar\\\/1447a49909b67aa657c488aec6512e1dd6143a480c1ecfee9b5b5cd74eb3b59e?s=96&d=mm&r=g\",\"contentUrl\":\"https:\\\/\\\/secure.gravatar.com\\\/avatar\\\/1447a49909b67aa657c488aec6512e1dd6143a480c1ecfee9b5b5cd74eb3b59e?s=96&d=mm&r=g\",\"caption\":\"CL\"},\"url\":\"https:\\\/\\\/www.webdo.tn\\\/fr\\\/actualite\\\/author\\\/cl\\\/\"}]}<\/script>\n<!-- \/ Yoast SEO Premium plugin. -->","yoast_head_json":{"title":"Affaire Laarayedh : Dilou fait \u00e9tat de \u00ab falsification \u00bb","description":"Lors d\u2019une conf\u00e9rence de presse tenue ce mercredi 1er f\u00e9vrier 2023, l\u2019avocat et activiste politique, Samir Dilou, a annonc\u00e9 l\u2019existence \u00ab de falsification \u00bb dan...","canonical":"https:\/\/www.webdo.tn\/fr\/actualite\/national-45\/affaire-laarayedh-dilou-fait-etat-de-falsification\/202484\/","og_locale":"fr_FR","og_type":"article","og_title":"Affaire Laarayedh : Dilou fait \u00e9tat de \u00ab falsification \u00bb","og_description":"Lors d\u2019une conf\u00e9rence de presse tenue ce mercredi 1er f\u00e9vrier 2023, l\u2019avocat et activiste politique, Samir Dilou, a annonc\u00e9 l\u2019existence \u00ab de falsification \u00bb dan...","og_url":"https:\/\/www.webdo.tn\/fr\/actualite\/national-45\/affaire-laarayedh-dilou-fait-etat-de-falsification\/202484\/","og_site_name":"webdo","article_publisher":"https:\/\/www.facebook.com\/webdotn","article_published_time":"2023-02-01T14:28:00+00:00","article_modified_time":"2025-05-22T11:36:18+00:00","og_image":[{"width":750,"height":400,"url":"https:\/\/www.webdo.tn\/fr\/wp-content\/uploads\/2023\/02\/0cf247d1fea6079092c0c6b50f9fc590.jpg","type":"image\/jpeg"}],"author":"CL","twitter_card":"summary_large_image","twitter_creator":"@webdo_tn","twitter_site":"@webdo_tn","twitter_misc":{"\u00c9crit par":"CL","Dur\u00e9e de lecture estim\u00e9e":"1 minute"},"schema":{"@context":"https:\/\/schema.org","@graph":[{"@type":"NewsArticle","@id":"https:\/\/www.webdo.tn\/fr\/actualite\/national-45\/affaire-laarayedh-dilou-fait-etat-de-falsification\/202484\/#article","isPartOf":{"@id":"https:\/\/www.webdo.tn\/fr\/actualite\/national-45\/affaire-laarayedh-dilou-fait-etat-de-falsification\/202484\/"},"author":{"name":"CL","@id":"https:\/\/www.webdo.tn\/fr\/#\/schema\/person\/f35b42a42c5e2511bbd282959d6385cc"},"headline":"Affaire Laarayedh : Dilou fait \u00e9tat de \u00ab falsification \u00bb","datePublished":"2023-02-01T14:28:00+00:00","dateModified":"2025-05-22T11:36:18+00:00","mainEntityOfPage":{"@id":"https:\/\/www.webdo.tn\/fr\/actualite\/national-45\/affaire-laarayedh-dilou-fait-etat-de-falsification\/202484\/"},"wordCount":195,"commentCount":0,"publisher":{"@id":"https:\/\/www.webdo.tn\/fr\/#organization"},"image":{"@id":"https:\/\/www.webdo.tn\/fr\/actualite\/national-45\/affaire-laarayedh-dilou-fait-etat-de-falsification\/202484\/#primaryimage"},"thumbnailUrl":"https:\/\/www.webdo.tn\/fr\/wp-content\/uploads\/2023\/02\/0cf247d1fea6079092c0c6b50f9fc590.jpg","keywords":["Affaire","Ali La\u00e2rayedh","Tunisie"],"articleSection":["National"],"inLanguage":"fr-FR"},{"@type":"WebPage","@id":"https:\/\/www.webdo.tn\/fr\/actualite\/national-45\/affaire-laarayedh-dilou-fait-etat-de-falsification\/202484\/","url":"https:\/\/www.webdo.tn\/fr\/actualite\/national-45\/affaire-laarayedh-dilou-fait-etat-de-falsification\/202484\/","name":"Affaire Laarayedh : Dilou fait \u00e9tat de \u00ab falsification \u00bb","isPartOf":{"@id":"https:\/\/www.webdo.tn\/fr\/#website"},"primaryImageOfPage":{"@id":"https:\/\/www.webdo.tn\/fr\/actualite\/national-45\/affaire-laarayedh-dilou-fait-etat-de-falsification\/202484\/#primaryimage"},"image":{"@id":"https:\/\/www.webdo.tn\/fr\/actualite\/national-45\/affaire-laarayedh-dilou-fait-etat-de-falsification\/202484\/#primaryimage"},"thumbnailUrl":"https:\/\/www.webdo.tn\/fr\/wp-content\/uploads\/2023\/02\/0cf247d1fea6079092c0c6b50f9fc590.jpg","datePublished":"2023-02-01T14:28:00+00:00","dateModified":"2025-05-22T11:36:18+00:00","description":"Lors d\u2019une conf\u00e9rence de presse tenue ce mercredi 1er f\u00e9vrier 2023, l\u2019avocat et activiste politique, Samir Dilou, a annonc\u00e9 l\u2019existence \u00ab de falsification \u00bb dan...","breadcrumb":{"@id":"https:\/\/www.webdo.tn\/fr\/actualite\/national-45\/affaire-laarayedh-dilou-fait-etat-de-falsification\/202484\/#breadcrumb"},"inLanguage":"fr-FR","potentialAction":[{"@type":"ReadAction","target":["https:\/\/www.webdo.tn\/fr\/actualite\/national-45\/affaire-laarayedh-dilou-fait-etat-de-falsification\/202484\/"]}]},{"@type":"ImageObject","inLanguage":"fr-FR","@id":"https:\/\/www.webdo.tn\/fr\/actualite\/national-45\/affaire-laarayedh-dilou-fait-etat-de-falsification\/202484\/#primaryimage","url":"https:\/\/www.webdo.tn\/fr\/wp-content\/uploads\/2023\/02\/0cf247d1fea6079092c0c6b50f9fc590.jpg","contentUrl":"https:\/\/www.webdo.tn\/fr\/wp-content\/uploads\/2023\/02\/0cf247d1fea6079092c0c6b50f9fc590.jpg","width":750,"height":400,"caption":"Dilou"},{"@type":"BreadcrumbList","@id":"https:\/\/www.webdo.tn\/fr\/actualite\/national-45\/affaire-laarayedh-dilou-fait-etat-de-falsification\/202484\/#breadcrumb","itemListElement":[{"@type":"ListItem","position":1,"name":"Accueil","item":"https:\/\/www.webdo.tn\/fr\/"},{"@type":"ListItem","position":2,"name":"Affaire Laarayedh : Dilou fait \u00e9tat de \u00ab falsification \u00bb"}]},{"@type":"WebSite","@id":"https:\/\/www.webdo.tn\/fr\/#website","url":"https:\/\/www.webdo.tn\/fr\/","name":"webdo","description":"Tunisie - News en Tunisie et \u00e0 l&#039;international sur Webdo.tn","publisher":{"@id":"https:\/\/www.webdo.tn\/fr\/#organization"},"potentialAction":[{"@type":"SearchAction","target":{"@type":"EntryPoint","urlTemplate":"https:\/\/www.webdo.tn\/fr\/?s={search_term_string}"},"query-input":{"@type":"PropertyValueSpecification","valueRequired":true,"valueName":"search_term_string"}}],"inLanguage":"fr-FR"},{"@type":"Organization","@id":"https:\/\/www.webdo.tn\/fr\/#organization","name":"Webdo","alternateName":"Webdo.tn","url":"https:\/\/www.webdo.tn\/fr\/","logo":{"@type":"ImageObject","inLanguage":"fr-FR","@id":"https:\/\/www.webdo.tn\/fr\/#\/schema\/logo\/image\/","url":"https:\/\/www.webdo.tn\/fr\/wp-content\/uploads\/2025\/06\/Webdo-Tunisie_168377.jpg","contentUrl":"https:\/\/www.webdo.tn\/fr\/wp-content\/uploads\/2025\/06\/Webdo-Tunisie_168377.jpg","width":301,"height":301,"caption":"Webdo"},"image":{"@id":"https:\/\/www.webdo.tn\/fr\/#\/schema\/logo\/image\/"},"sameAs":["https:\/\/www.facebook.com\/webdotn","https:\/\/x.com\/webdo_tn"],"description":"Webdo est un m\u00e9dia num\u00e9rique tunisien fond\u00e9 en 2010, sp\u00e9cialis\u00e9 dans l\u2019actualit\u00e9 nationale et internationale, l\u2019\u00e9conomie, la soci\u00e9t\u00e9 et les analyses politiques. Le site s\u2019adresse \u00e0 un large public francophone et couvre l\u2019information tunisienne en temps r\u00e9el.","email":"redac@webdo.tn","legalName":"YNJ SARL","foundingDate":"2010-09-06","numberOfEmployees":{"@type":"QuantitativeValue","minValue":"11","maxValue":"50"}},{"@type":"Person","@id":"https:\/\/www.webdo.tn\/fr\/#\/schema\/person\/f35b42a42c5e2511bbd282959d6385cc","name":"CL","image":{"@type":"ImageObject","inLanguage":"fr-FR","@id":"https:\/\/secure.gravatar.com\/avatar\/1447a49909b67aa657c488aec6512e1dd6143a480c1ecfee9b5b5cd74eb3b59e?s=96&d=mm&r=g","url":"https:\/\/secure.gravatar.com\/avatar\/1447a49909b67aa657c488aec6512e1dd6143a480c1ecfee9b5b5cd74eb3b59e?s=96&d=mm&r=g","contentUrl":"https:\/\/secure.gravatar.com\/avatar\/1447a49909b67aa657c488aec6512e1dd6143a480c1ecfee9b5b5cd74eb3b59e?s=96&d=mm&r=g","caption":"CL"},"url":"https:\/\/www.webdo.tn\/fr\/actualite\/author\/cl\/"}]}},"_links":{"self":[{"href":"https:\/\/www.webdo.tn\/fr\/wp-json\/wp\/v2\/posts\/202484","targetHints":{"allow":["GET"]}}],"collection":[{"href":"https:\/\/www.webdo.tn\/fr\/wp-json\/wp\/v2\/posts"}],"about":[{"href":"https:\/\/www.webdo.tn\/fr\/wp-json\/wp\/v2\/types\/post"}],"author":[{"embeddable":true,"href":"https:\/\/www.webdo.tn\/fr\/wp-json\/wp\/v2\/users\/3175"}],"replies":[{"embeddable":true,"href":"https:\/\/www.webdo.tn\/fr\/wp-json\/wp\/v2\/comments?post=202484"}],"version-history":[{"count":0,"href":"https:\/\/www.webdo.tn\/fr\/wp-json\/wp\/v2\/posts\/202484\/revisions"}],"wp:featuredmedia":[{"embeddable":true,"href":"https:\/\/www.webdo.tn\/fr\/wp-json\/wp\/v2\/media\/348190"}],"wp:attachment":[{"href":"https:\/\/www.webdo.tn\/fr\/wp-json\/wp\/v2\/media?parent=202484"}],"wp:term":[{"taxonomy":"category","embeddable":true,"href":"https:\/\/www.webdo.tn\/fr\/wp-json\/wp\/v2\/categories?post=202484"},{"taxonomy":"post_tag","embeddable":true,"href":"https:\/\/www.webdo.tn\/fr\/wp-json\/wp\/v2\/tags?post=202484"}],"curies":[{"name":"wp","href":"https:\/\/api.w.org\/{rel}","templated":true}]}}