{"id":202482,"date":"2023-02-01T13:51:00","date_gmt":"2023-02-01T13:51:00","guid":{"rendered":"https:\/\/www.webdo.tn\/fr\/actualite\/blog\/tunisie-l-ugtt-denonce-menace-et-appelle-a-la-mobilisation\/202482\/"},"modified":"2025-05-22T11:36:15","modified_gmt":"2025-05-22T11:36:15","slug":"tunisie-l-ugtt-denonce-menace-et-appelle-a-la-mobilisation","status":"publish","type":"post","link":"https:\/\/www.webdo.tn\/fr\/actualite\/national\/tunisie-l-ugtt-denonce-menace-et-appelle-a-la-mobilisation\/202482\/","title":{"rendered":"Tunisie : L\u2019UGTT d\u00e9nonce, menace et appelle \u00e0 la mobilisation !"},"content":{"rendered":"<p>La rupture est consomm\u00e9e entre le chef de l\u2019Etat et la centrale syndicale. Ce mercredi 1er f\u00e9vrier 2023, le bureau ex\u00e9cutif de l\u2019UGTT a tenu une r\u00e9union urgente suite \u00e0 l\u2019arrestation d\u2019un syndicaliste.<\/p>\n<p> Dans un communiqu\u00e9 rendu public ce mercredi, l\u2019UGTT a fortement fustig\u00e9 l\u2019arrestation du premier responsable du syndicat de Tunisie Autoroutes.<\/p>\n<p>L\u2019organisation met en garde conte l\u2019atteinte au droit syndical, affirmant que l\u2019UGTT fait face \u00e0 une campagne d\u2019acharnement.\u00a0<\/p>\n<p>L\u2019UGTT menace contre toute atteinte aux libert\u00e9s, appelant ses structures \u00e0 la mobilisation pour d\u00e9fendre leurs droits. Et de faire part d&rsquo;intimidations ciblant certains syndicalsites.\u00a0<\/p>\n<p>Hier, depuis la caserne de l\u2019Aouina, le chef de l\u2019Etat Kais Saied s\u2019est prononc\u00e9 sur l\u2019\u0153uvre syndicale en Tunisie. Pointant du doigt les individus qui s&rsquo;acharnent \u00e0 bloquer les routes et les voies ferr\u00e9es, le pr\u00e9sident de la R\u00e9publique a affirm\u00e9 que nul ne peut se pr\u00e9valoir d&rsquo;un quelconque motif ou argument pour commettre ces actes. Ces fauteurs ne doivent plus b\u00e9n\u00e9ficier de l&rsquo;impunit\u00e9, a-t-il encore martel\u00e9.<\/p>\n<p>\u00ab\u00a0Oui pour le droit syndical, d\u00e8s lors qu&rsquo;il est d&rsquo;un droit reconnu et garanti par la Constitution\u00a0\u00bb, a pr\u00e9cis\u00e9 le chef de l&rsquo;Etat, d\u00e9non\u00e7ant, \u00e0 ce propos, les tentatives visant \u00e0 user de ce droit \u00e0 des fins politiciennes connues par tous.<\/p>\n<p>Ces affirmations ont \u00e9t\u00e9 rapidement intercept\u00e9es par la centrale syndicale dont la r\u00e9ponse n\u2019a pas tard\u00e9. C\u2019est son secr\u00e9taire-g\u00e9n\u00e9ral adjoint Sami Tahri qui brise le silence. Il a rappel\u00e9 que ce meme discours a \u00e9t\u00e9 adopt\u00e9 par Bourguiba et Ben Ali et que par la suite des arrestations et des poursuites ont eu lieu.\u00a0<\/p>\n<p>Le secr\u00e9taire g\u00e9n\u00e9ral du syndicat des autoroutes, Anis Kaabi a \u00e9t\u00e9 arr\u00eat\u00e9, c\u2019est ce qu\u2019indique le site d\u2019information de l\u2019Union g\u00e9n\u00e9rale tunisienne du travail, Achaab News.<\/p>\n<p>Cette arrestation dont les circonstances ne sont pas connues, intervient sur fond de la gr\u00e8ve d\u00e9cid\u00e9e par les agents de Tunisie Autoroutes pour r\u00e9clamer le renouvellement de l\u2019accord d\u2019exploitation de l\u2019autoroute A1 (Hammam-Lif-M&rsquo;saken).<\/p>\n<p>La gr\u00e8ve des agents de la Soci\u00e9t\u00e9 Tunisie Autoroutes, a bel et bien d\u00e9marr\u00e9\u00a0lundi 30 janvier 2023 dans tous les stations-p\u00e9ages.<\/p>\n","protected":false},"excerpt":{"rendered":"<p>La rupture est consomm\u00e9e entre le chef de l\u2019Etat et la centrale syndicale. Ce mercredi 1er f\u00e9vrier 2023, le bureau ex\u00e9cutif de l\u2019UGTT a tenu une r\u00e9union urgente&#8230;<\/p>\n","protected":false},"author":3175,"featured_media":348188,"comment_status":"open","ping_status":"closed","sticky":false,"template":"","format":"standard","meta":{"footnotes":""},"categories":[44],"tags":[2614,2608,2649],"class_list":["post-202482","post","type-post","status-publish","format-standard","has-post-thumbnail","hentry","category-national","tag-kais-saied","tag-tunisie","tag-ugtt"],"yoast_head":"<!-- This site is optimized with the Yoast SEO Premium plugin v27.4 (Yoast SEO v27.4) - https:\/\/yoast.com\/product\/yoast-seo-premium-wordpress\/ -->\n<title>Tunisie : L\u2019UGTT d\u00e9nonce, menace et appelle \u00e0 la mobilisation !<\/title>\n<meta name=\"description\" content=\"La rupture est consomm\u00e9e entre le chef de l\u2019Etat et la centrale syndicale. Ce mercredi 1er f\u00e9vrier 2023, le bureau ex\u00e9cutif de l\u2019UGTT a tenu une r\u00e9union urgente...\" \/>\n<link rel=\"canonical\" href=\"https:\/\/www.webdo.tn\/fr\/actualite\/national-45\/tunisie-l-ugtt-denonce-menace-et-appelle-a-la-mobilisation\/202482\/\" \/>\n<meta property=\"og:locale\" content=\"fr_FR\" \/>\n<meta property=\"og:type\" content=\"article\" \/>\n<meta property=\"og:title\" content=\"Tunisie : L\u2019UGTT d\u00e9nonce, menace et appelle \u00e0 la mobilisation !\" \/>\n<meta property=\"og:description\" content=\"La rupture est consomm\u00e9e entre le chef de l\u2019Etat et la centrale syndicale. Ce mercredi 1er f\u00e9vrier 2023, le bureau ex\u00e9cutif de l\u2019UGTT a tenu une r\u00e9union urgente...\" \/>\n<meta property=\"og:url\" content=\"https:\/\/www.webdo.tn\/fr\/actualite\/national-45\/tunisie-l-ugtt-denonce-menace-et-appelle-a-la-mobilisation\/202482\/\" \/>\n<meta property=\"og:site_name\" content=\"webdo\" \/>\n<meta property=\"article:publisher\" content=\"https:\/\/www.facebook.com\/webdotn\" \/>\n<meta property=\"article:published_time\" content=\"2023-02-01T13:51:00+00:00\" \/>\n<meta property=\"article:modified_time\" content=\"2025-05-22T11:36:15+00:00\" \/>\n<meta property=\"og:image\" content=\"https:\/\/www.webdo.tn\/fr\/wp-content\/uploads\/2023\/02\/bcc70c5228f86ce2bb2a4938f698f3a0.png\" \/>\n\t<meta property=\"og:image:width\" content=\"750\" \/>\n\t<meta property=\"og:image:height\" content=\"400\" \/>\n\t<meta property=\"og:image:type\" content=\"image\/png\" \/>\n<meta name=\"author\" content=\"CL\" \/>\n<meta name=\"twitter:card\" content=\"summary_large_image\" \/>\n<meta name=\"twitter:creator\" content=\"@webdo_tn\" \/>\n<meta name=\"twitter:site\" content=\"@webdo_tn\" \/>\n<meta name=\"twitter:label1\" content=\"\u00c9crit par\" \/>\n\t<meta name=\"twitter:data1\" content=\"CL\" \/>\n\t<meta name=\"twitter:label2\" content=\"Dur\u00e9e de lecture estim\u00e9e\" \/>\n\t<meta name=\"twitter:data2\" content=\"2 minutes\" \/>\n<script type=\"application\/ld+json\" class=\"yoast-schema-graph\">{\"@context\":\"https:\\\/\\\/schema.org\",\"@graph\":[{\"@type\":\"NewsArticle\",\"@id\":\"https:\\\/\\\/www.webdo.tn\\\/fr\\\/actualite\\\/national-45\\\/tunisie-l-ugtt-denonce-menace-et-appelle-a-la-mobilisation\\\/202482\\\/#article\",\"isPartOf\":{\"@id\":\"https:\\\/\\\/www.webdo.tn\\\/fr\\\/actualite\\\/national-45\\\/tunisie-l-ugtt-denonce-menace-et-appelle-a-la-mobilisation\\\/202482\\\/\"},\"author\":{\"name\":\"CL\",\"@id\":\"https:\\\/\\\/www.webdo.tn\\\/fr\\\/#\\\/schema\\\/person\\\/f35b42a42c5e2511bbd282959d6385cc\"},\"headline\":\"Tunisie : L\u2019UGTT d\u00e9nonce, menace et appelle \u00e0 la mobilisation !\",\"datePublished\":\"2023-02-01T13:51:00+00:00\",\"dateModified\":\"2025-05-22T11:36:15+00:00\",\"mainEntityOfPage\":{\"@id\":\"https:\\\/\\\/www.webdo.tn\\\/fr\\\/actualite\\\/national-45\\\/tunisie-l-ugtt-denonce-menace-et-appelle-a-la-mobilisation\\\/202482\\\/\"},\"wordCount\":407,\"commentCount\":0,\"publisher\":{\"@id\":\"https:\\\/\\\/www.webdo.tn\\\/fr\\\/#organization\"},\"image\":{\"@id\":\"https:\\\/\\\/www.webdo.tn\\\/fr\\\/actualite\\\/national-45\\\/tunisie-l-ugtt-denonce-menace-et-appelle-a-la-mobilisation\\\/202482\\\/#primaryimage\"},\"thumbnailUrl\":\"https:\\\/\\\/www.webdo.tn\\\/fr\\\/wp-content\\\/uploads\\\/2023\\\/02\\\/bcc70c5228f86ce2bb2a4938f698f3a0.png\",\"keywords\":[\"Kais Saied\",\"Tunisie\",\"UGTT\"],\"articleSection\":[\"National\"],\"inLanguage\":\"fr-FR\"},{\"@type\":\"WebPage\",\"@id\":\"https:\\\/\\\/www.webdo.tn\\\/fr\\\/actualite\\\/national-45\\\/tunisie-l-ugtt-denonce-menace-et-appelle-a-la-mobilisation\\\/202482\\\/\",\"url\":\"https:\\\/\\\/www.webdo.tn\\\/fr\\\/actualite\\\/national-45\\\/tunisie-l-ugtt-denonce-menace-et-appelle-a-la-mobilisation\\\/202482\\\/\",\"name\":\"Tunisie : L\u2019UGTT d\u00e9nonce, menace et appelle \u00e0 la mobilisation !\",\"isPartOf\":{\"@id\":\"https:\\\/\\\/www.webdo.tn\\\/fr\\\/#website\"},\"primaryImageOfPage\":{\"@id\":\"https:\\\/\\\/www.webdo.tn\\\/fr\\\/actualite\\\/national-45\\\/tunisie-l-ugtt-denonce-menace-et-appelle-a-la-mobilisation\\\/202482\\\/#primaryimage\"},\"image\":{\"@id\":\"https:\\\/\\\/www.webdo.tn\\\/fr\\\/actualite\\\/national-45\\\/tunisie-l-ugtt-denonce-menace-et-appelle-a-la-mobilisation\\\/202482\\\/#primaryimage\"},\"thumbnailUrl\":\"https:\\\/\\\/www.webdo.tn\\\/fr\\\/wp-content\\\/uploads\\\/2023\\\/02\\\/bcc70c5228f86ce2bb2a4938f698f3a0.png\",\"datePublished\":\"2023-02-01T13:51:00+00:00\",\"dateModified\":\"2025-05-22T11:36:15+00:00\",\"description\":\"La rupture est consomm\u00e9e entre le chef de l\u2019Etat et la centrale syndicale. Ce mercredi 1er f\u00e9vrier 2023, le bureau ex\u00e9cutif de l\u2019UGTT a tenu une r\u00e9union urgente...\",\"breadcrumb\":{\"@id\":\"https:\\\/\\\/www.webdo.tn\\\/fr\\\/actualite\\\/national-45\\\/tunisie-l-ugtt-denonce-menace-et-appelle-a-la-mobilisation\\\/202482\\\/#breadcrumb\"},\"inLanguage\":\"fr-FR\",\"potentialAction\":[{\"@type\":\"ReadAction\",\"target\":[\"https:\\\/\\\/www.webdo.tn\\\/fr\\\/actualite\\\/national-45\\\/tunisie-l-ugtt-denonce-menace-et-appelle-a-la-mobilisation\\\/202482\\\/\"]}]},{\"@type\":\"ImageObject\",\"inLanguage\":\"fr-FR\",\"@id\":\"https:\\\/\\\/www.webdo.tn\\\/fr\\\/actualite\\\/national-45\\\/tunisie-l-ugtt-denonce-menace-et-appelle-a-la-mobilisation\\\/202482\\\/#primaryimage\",\"url\":\"https:\\\/\\\/www.webdo.tn\\\/fr\\\/wp-content\\\/uploads\\\/2023\\\/02\\\/bcc70c5228f86ce2bb2a4938f698f3a0.png\",\"contentUrl\":\"https:\\\/\\\/www.webdo.tn\\\/fr\\\/wp-content\\\/uploads\\\/2023\\\/02\\\/bcc70c5228f86ce2bb2a4938f698f3a0.png\",\"width\":750,\"height\":400,\"caption\":\"UGTT\"},{\"@type\":\"BreadcrumbList\",\"@id\":\"https:\\\/\\\/www.webdo.tn\\\/fr\\\/actualite\\\/national-45\\\/tunisie-l-ugtt-denonce-menace-et-appelle-a-la-mobilisation\\\/202482\\\/#breadcrumb\",\"itemListElement\":[{\"@type\":\"ListItem\",\"position\":1,\"name\":\"Accueil\",\"item\":\"https:\\\/\\\/www.webdo.tn\\\/fr\\\/\"},{\"@type\":\"ListItem\",\"position\":2,\"name\":\"Tunisie : L\u2019UGTT d\u00e9nonce, menace et appelle \u00e0 la mobilisation !\"}]},{\"@type\":\"WebSite\",\"@id\":\"https:\\\/\\\/www.webdo.tn\\\/fr\\\/#website\",\"url\":\"https:\\\/\\\/www.webdo.tn\\\/fr\\\/\",\"name\":\"webdo\",\"description\":\"Tunisie - News en Tunisie et \u00e0 l&#039;international sur Webdo.tn\",\"publisher\":{\"@id\":\"https:\\\/\\\/www.webdo.tn\\\/fr\\\/#organization\"},\"potentialAction\":[{\"@type\":\"SearchAction\",\"target\":{\"@type\":\"EntryPoint\",\"urlTemplate\":\"https:\\\/\\\/www.webdo.tn\\\/fr\\\/?s={search_term_string}\"},\"query-input\":{\"@type\":\"PropertyValueSpecification\",\"valueRequired\":true,\"valueName\":\"search_term_string\"}}],\"inLanguage\":\"fr-FR\"},{\"@type\":\"Organization\",\"@id\":\"https:\\\/\\\/www.webdo.tn\\\/fr\\\/#organization\",\"name\":\"Webdo\",\"alternateName\":\"Webdo.tn\",\"url\":\"https:\\\/\\\/www.webdo.tn\\\/fr\\\/\",\"logo\":{\"@type\":\"ImageObject\",\"inLanguage\":\"fr-FR\",\"@id\":\"https:\\\/\\\/www.webdo.tn\\\/fr\\\/#\\\/schema\\\/logo\\\/image\\\/\",\"url\":\"https:\\\/\\\/www.webdo.tn\\\/fr\\\/wp-content\\\/uploads\\\/2025\\\/06\\\/Webdo-Tunisie_168377.jpg\",\"contentUrl\":\"https:\\\/\\\/www.webdo.tn\\\/fr\\\/wp-content\\\/uploads\\\/2025\\\/06\\\/Webdo-Tunisie_168377.jpg\",\"width\":301,\"height\":301,\"caption\":\"Webdo\"},\"image\":{\"@id\":\"https:\\\/\\\/www.webdo.tn\\\/fr\\\/#\\\/schema\\\/logo\\\/image\\\/\"},\"sameAs\":[\"https:\\\/\\\/www.facebook.com\\\/webdotn\",\"https:\\\/\\\/x.com\\\/webdo_tn\"],\"description\":\"Webdo est un m\u00e9dia num\u00e9rique tunisien fond\u00e9 en 2010, sp\u00e9cialis\u00e9 dans l\u2019actualit\u00e9 nationale et internationale, l\u2019\u00e9conomie, la soci\u00e9t\u00e9 et les analyses politiques. Le site s\u2019adresse \u00e0 un large public francophone et couvre l\u2019information tunisienne en temps r\u00e9el.\",\"email\":\"redac@webdo.tn\",\"legalName\":\"YNJ SARL\",\"foundingDate\":\"2010-09-06\",\"numberOfEmployees\":{\"@type\":\"QuantitativeValue\",\"minValue\":\"11\",\"maxValue\":\"50\"}},{\"@type\":\"Person\",\"@id\":\"https:\\\/\\\/www.webdo.tn\\\/fr\\\/#\\\/schema\\\/person\\\/f35b42a42c5e2511bbd282959d6385cc\",\"name\":\"CL\",\"image\":{\"@type\":\"ImageObject\",\"inLanguage\":\"fr-FR\",\"@id\":\"https:\\\/\\\/secure.gravatar.com\\\/avatar\\\/1447a49909b67aa657c488aec6512e1dd6143a480c1ecfee9b5b5cd74eb3b59e?s=96&d=mm&r=g\",\"url\":\"https:\\\/\\\/secure.gravatar.com\\\/avatar\\\/1447a49909b67aa657c488aec6512e1dd6143a480c1ecfee9b5b5cd74eb3b59e?s=96&d=mm&r=g\",\"contentUrl\":\"https:\\\/\\\/secure.gravatar.com\\\/avatar\\\/1447a49909b67aa657c488aec6512e1dd6143a480c1ecfee9b5b5cd74eb3b59e?s=96&d=mm&r=g\",\"caption\":\"CL\"},\"url\":\"https:\\\/\\\/www.webdo.tn\\\/fr\\\/actualite\\\/author\\\/cl\\\/\"}]}<\/script>\n<!-- \/ Yoast SEO Premium plugin. -->","yoast_head_json":{"title":"Tunisie : L\u2019UGTT d\u00e9nonce, menace et appelle \u00e0 la mobilisation !","description":"La rupture est consomm\u00e9e entre le chef de l\u2019Etat et la centrale syndicale. Ce mercredi 1er f\u00e9vrier 2023, le bureau ex\u00e9cutif de l\u2019UGTT a tenu une r\u00e9union urgente...","canonical":"https:\/\/www.webdo.tn\/fr\/actualite\/national-45\/tunisie-l-ugtt-denonce-menace-et-appelle-a-la-mobilisation\/202482\/","og_locale":"fr_FR","og_type":"article","og_title":"Tunisie : L\u2019UGTT d\u00e9nonce, menace et appelle \u00e0 la mobilisation !","og_description":"La rupture est consomm\u00e9e entre le chef de l\u2019Etat et la centrale syndicale. Ce mercredi 1er f\u00e9vrier 2023, le bureau ex\u00e9cutif de l\u2019UGTT a tenu une r\u00e9union urgente...","og_url":"https:\/\/www.webdo.tn\/fr\/actualite\/national-45\/tunisie-l-ugtt-denonce-menace-et-appelle-a-la-mobilisation\/202482\/","og_site_name":"webdo","article_publisher":"https:\/\/www.facebook.com\/webdotn","article_published_time":"2023-02-01T13:51:00+00:00","article_modified_time":"2025-05-22T11:36:15+00:00","og_image":[{"width":750,"height":400,"url":"https:\/\/www.webdo.tn\/fr\/wp-content\/uploads\/2023\/02\/bcc70c5228f86ce2bb2a4938f698f3a0.png","type":"image\/png"}],"author":"CL","twitter_card":"summary_large_image","twitter_creator":"@webdo_tn","twitter_site":"@webdo_tn","twitter_misc":{"\u00c9crit par":"CL","Dur\u00e9e de lecture estim\u00e9e":"2 minutes"},"schema":{"@context":"https:\/\/schema.org","@graph":[{"@type":"NewsArticle","@id":"https:\/\/www.webdo.tn\/fr\/actualite\/national-45\/tunisie-l-ugtt-denonce-menace-et-appelle-a-la-mobilisation\/202482\/#article","isPartOf":{"@id":"https:\/\/www.webdo.tn\/fr\/actualite\/national-45\/tunisie-l-ugtt-denonce-menace-et-appelle-a-la-mobilisation\/202482\/"},"author":{"name":"CL","@id":"https:\/\/www.webdo.tn\/fr\/#\/schema\/person\/f35b42a42c5e2511bbd282959d6385cc"},"headline":"Tunisie : L\u2019UGTT d\u00e9nonce, menace et appelle \u00e0 la mobilisation !","datePublished":"2023-02-01T13:51:00+00:00","dateModified":"2025-05-22T11:36:15+00:00","mainEntityOfPage":{"@id":"https:\/\/www.webdo.tn\/fr\/actualite\/national-45\/tunisie-l-ugtt-denonce-menace-et-appelle-a-la-mobilisation\/202482\/"},"wordCount":407,"commentCount":0,"publisher":{"@id":"https:\/\/www.webdo.tn\/fr\/#organization"},"image":{"@id":"https:\/\/www.webdo.tn\/fr\/actualite\/national-45\/tunisie-l-ugtt-denonce-menace-et-appelle-a-la-mobilisation\/202482\/#primaryimage"},"thumbnailUrl":"https:\/\/www.webdo.tn\/fr\/wp-content\/uploads\/2023\/02\/bcc70c5228f86ce2bb2a4938f698f3a0.png","keywords":["Kais Saied","Tunisie","UGTT"],"articleSection":["National"],"inLanguage":"fr-FR"},{"@type":"WebPage","@id":"https:\/\/www.webdo.tn\/fr\/actualite\/national-45\/tunisie-l-ugtt-denonce-menace-et-appelle-a-la-mobilisation\/202482\/","url":"https:\/\/www.webdo.tn\/fr\/actualite\/national-45\/tunisie-l-ugtt-denonce-menace-et-appelle-a-la-mobilisation\/202482\/","name":"Tunisie : L\u2019UGTT d\u00e9nonce, menace et appelle \u00e0 la mobilisation !","isPartOf":{"@id":"https:\/\/www.webdo.tn\/fr\/#website"},"primaryImageOfPage":{"@id":"https:\/\/www.webdo.tn\/fr\/actualite\/national-45\/tunisie-l-ugtt-denonce-menace-et-appelle-a-la-mobilisation\/202482\/#primaryimage"},"image":{"@id":"https:\/\/www.webdo.tn\/fr\/actualite\/national-45\/tunisie-l-ugtt-denonce-menace-et-appelle-a-la-mobilisation\/202482\/#primaryimage"},"thumbnailUrl":"https:\/\/www.webdo.tn\/fr\/wp-content\/uploads\/2023\/02\/bcc70c5228f86ce2bb2a4938f698f3a0.png","datePublished":"2023-02-01T13:51:00+00:00","dateModified":"2025-05-22T11:36:15+00:00","description":"La rupture est consomm\u00e9e entre le chef de l\u2019Etat et la centrale syndicale. Ce mercredi 1er f\u00e9vrier 2023, le bureau ex\u00e9cutif de l\u2019UGTT a tenu une r\u00e9union urgente...","breadcrumb":{"@id":"https:\/\/www.webdo.tn\/fr\/actualite\/national-45\/tunisie-l-ugtt-denonce-menace-et-appelle-a-la-mobilisation\/202482\/#breadcrumb"},"inLanguage":"fr-FR","potentialAction":[{"@type":"ReadAction","target":["https:\/\/www.webdo.tn\/fr\/actualite\/national-45\/tunisie-l-ugtt-denonce-menace-et-appelle-a-la-mobilisation\/202482\/"]}]},{"@type":"ImageObject","inLanguage":"fr-FR","@id":"https:\/\/www.webdo.tn\/fr\/actualite\/national-45\/tunisie-l-ugtt-denonce-menace-et-appelle-a-la-mobilisation\/202482\/#primaryimage","url":"https:\/\/www.webdo.tn\/fr\/wp-content\/uploads\/2023\/02\/bcc70c5228f86ce2bb2a4938f698f3a0.png","contentUrl":"https:\/\/www.webdo.tn\/fr\/wp-content\/uploads\/2023\/02\/bcc70c5228f86ce2bb2a4938f698f3a0.png","width":750,"height":400,"caption":"UGTT"},{"@type":"BreadcrumbList","@id":"https:\/\/www.webdo.tn\/fr\/actualite\/national-45\/tunisie-l-ugtt-denonce-menace-et-appelle-a-la-mobilisation\/202482\/#breadcrumb","itemListElement":[{"@type":"ListItem","position":1,"name":"Accueil","item":"https:\/\/www.webdo.tn\/fr\/"},{"@type":"ListItem","position":2,"name":"Tunisie : L\u2019UGTT d\u00e9nonce, menace et appelle \u00e0 la mobilisation !"}]},{"@type":"WebSite","@id":"https:\/\/www.webdo.tn\/fr\/#website","url":"https:\/\/www.webdo.tn\/fr\/","name":"webdo","description":"Tunisie - News en Tunisie et \u00e0 l&#039;international sur Webdo.tn","publisher":{"@id":"https:\/\/www.webdo.tn\/fr\/#organization"},"potentialAction":[{"@type":"SearchAction","target":{"@type":"EntryPoint","urlTemplate":"https:\/\/www.webdo.tn\/fr\/?s={search_term_string}"},"query-input":{"@type":"PropertyValueSpecification","valueRequired":true,"valueName":"search_term_string"}}],"inLanguage":"fr-FR"},{"@type":"Organization","@id":"https:\/\/www.webdo.tn\/fr\/#organization","name":"Webdo","alternateName":"Webdo.tn","url":"https:\/\/www.webdo.tn\/fr\/","logo":{"@type":"ImageObject","inLanguage":"fr-FR","@id":"https:\/\/www.webdo.tn\/fr\/#\/schema\/logo\/image\/","url":"https:\/\/www.webdo.tn\/fr\/wp-content\/uploads\/2025\/06\/Webdo-Tunisie_168377.jpg","contentUrl":"https:\/\/www.webdo.tn\/fr\/wp-content\/uploads\/2025\/06\/Webdo-Tunisie_168377.jpg","width":301,"height":301,"caption":"Webdo"},"image":{"@id":"https:\/\/www.webdo.tn\/fr\/#\/schema\/logo\/image\/"},"sameAs":["https:\/\/www.facebook.com\/webdotn","https:\/\/x.com\/webdo_tn"],"description":"Webdo est un m\u00e9dia num\u00e9rique tunisien fond\u00e9 en 2010, sp\u00e9cialis\u00e9 dans l\u2019actualit\u00e9 nationale et internationale, l\u2019\u00e9conomie, la soci\u00e9t\u00e9 et les analyses politiques. Le site s\u2019adresse \u00e0 un large public francophone et couvre l\u2019information tunisienne en temps r\u00e9el.","email":"redac@webdo.tn","legalName":"YNJ SARL","foundingDate":"2010-09-06","numberOfEmployees":{"@type":"QuantitativeValue","minValue":"11","maxValue":"50"}},{"@type":"Person","@id":"https:\/\/www.webdo.tn\/fr\/#\/schema\/person\/f35b42a42c5e2511bbd282959d6385cc","name":"CL","image":{"@type":"ImageObject","inLanguage":"fr-FR","@id":"https:\/\/secure.gravatar.com\/avatar\/1447a49909b67aa657c488aec6512e1dd6143a480c1ecfee9b5b5cd74eb3b59e?s=96&d=mm&r=g","url":"https:\/\/secure.gravatar.com\/avatar\/1447a49909b67aa657c488aec6512e1dd6143a480c1ecfee9b5b5cd74eb3b59e?s=96&d=mm&r=g","contentUrl":"https:\/\/secure.gravatar.com\/avatar\/1447a49909b67aa657c488aec6512e1dd6143a480c1ecfee9b5b5cd74eb3b59e?s=96&d=mm&r=g","caption":"CL"},"url":"https:\/\/www.webdo.tn\/fr\/actualite\/author\/cl\/"}]}},"_links":{"self":[{"href":"https:\/\/www.webdo.tn\/fr\/wp-json\/wp\/v2\/posts\/202482","targetHints":{"allow":["GET"]}}],"collection":[{"href":"https:\/\/www.webdo.tn\/fr\/wp-json\/wp\/v2\/posts"}],"about":[{"href":"https:\/\/www.webdo.tn\/fr\/wp-json\/wp\/v2\/types\/post"}],"author":[{"embeddable":true,"href":"https:\/\/www.webdo.tn\/fr\/wp-json\/wp\/v2\/users\/3175"}],"replies":[{"embeddable":true,"href":"https:\/\/www.webdo.tn\/fr\/wp-json\/wp\/v2\/comments?post=202482"}],"version-history":[{"count":0,"href":"https:\/\/www.webdo.tn\/fr\/wp-json\/wp\/v2\/posts\/202482\/revisions"}],"wp:featuredmedia":[{"embeddable":true,"href":"https:\/\/www.webdo.tn\/fr\/wp-json\/wp\/v2\/media\/348188"}],"wp:attachment":[{"href":"https:\/\/www.webdo.tn\/fr\/wp-json\/wp\/v2\/media?parent=202482"}],"wp:term":[{"taxonomy":"category","embeddable":true,"href":"https:\/\/www.webdo.tn\/fr\/wp-json\/wp\/v2\/categories?post=202482"},{"taxonomy":"post_tag","embeddable":true,"href":"https:\/\/www.webdo.tn\/fr\/wp-json\/wp\/v2\/tags?post=202482"}],"curies":[{"name":"wp","href":"https:\/\/api.w.org\/{rel}","templated":true}]}}