{"id":202477,"date":"2023-02-01T13:08:00","date_gmt":"2023-02-01T13:08:00","guid":{"rendered":"https:\/\/www.webdo.tn\/fr\/blog\/premier-cas-d-ischiopagus-en-tunisie\/202477\/"},"modified":"2025-05-20T22:07:18","modified_gmt":"2025-05-20T22:07:18","slug":"premier-cas-d-ischiopagus-en-tunisie","status":"publish","type":"post","link":"https:\/\/www.webdo.tn\/fr\/actualite\/national\/premier-cas-d-ischiopagus-en-tunisie\/202477\/","title":{"rendered":"Premier cas d&rsquo;ischiopagus en Tunisie"},"content":{"rendered":"<p>Ce ph\u00e9nom\u00e8ne de malformation est tr\u00e8s rare ! Docteur Wissem Makni, chirurgien p\u00e9diatrique a r\u00e9v\u00e9l\u00e9, ce mercredi 1er f\u00e9vrier 2023 sur les ondes de Mosaique fm, qu&rsquo;un premier cas a \u00e9t\u00e9 enregistr\u00e9 en Tunisie.<\/p>\n<p>\t\t\t\t\t\t\t\t\tIl s\u2019agit de la naissance d&rsquo;un nourrisson portant son fr\u00e8re jumeau dans son ventre (jumeau parasite). Le b\u00e9b\u00e9 est n\u00e9 le 30 janvier dans une clinique priv\u00e9e de Tunis, rapporte le m\u00e9decin.<\/p>\n<p>Docteur Wissem Makni a expliqu\u00e9 que l&rsquo;\u00e9chographie avait r\u00e9v\u00e9l\u00e9, lors de la grossesse qu&rsquo;il y avait une colonne vert\u00e9brale et des os de pied dans le ventre du nourrisson.<\/p>\n<p>Il s\u2019est av\u00e9r\u00e9 que le nourrisson portait son fr\u00e8re jumeau qui s\u2019est aliment\u00e9 de son rein gauche avant de d\u00e9c\u00e9der.<\/p>\n<p>Le nouveau-n\u00e9 doit subir une op\u00e9ration pour extraire le f\u0153tus d\u00e9c\u00e9d\u00e9 et selon Docteur Wissem Makni, l&rsquo;intervention est sans danger pour le b\u00e9b\u00e9.<\/p>\n<p>Qu\u2019est-ce que l&rsquo;ischiopagus<\/p>\n<p>L&rsquo;ischiopagus d\u00e9signe un ph\u00e9nom\u00e8ne rarissime de malformation humaine, qui se produit lorsque deux f\u0153tus jumeaux s&rsquo;entrem\u00ealent, l&rsquo;un d&rsquo;eux cessant son d\u00e9veloppement.<\/p>\n<p>L&rsquo;autre f\u0153tus \u00ab absorbe \u00bb alors les membres et organes du jumeau dit parasite. Cela peut donner lieu \u00e0 des \u00eatres humains ayant quatre bras, plusieurs organes, deux colonnes vert\u00e9brales, etc.<\/p>\n<p>Cette malformation ressemble \u00e0 la pathologie des fr\u00e8res siamois, mais celle-ci est plus grave car les chances de survie sont encore moindres : les nerfs peuvent s&rsquo;entrem\u00ealer, les os fusionner (comme la colonne vert\u00e9brale), les organes s&rsquo;entrechoquer ou se parasiter, etc.<\/p>\n<p>Le cas le plus c\u00e9l\u00e8bre est celui de Lakshmi Tatma une fillette indienne, op\u00e9r\u00e9e en 2007 pour l&rsquo;ablation de deux bras et deux jambes surnum\u00e9raires.<\/p>\n<p>Si l&rsquo;op\u00e9ration s&rsquo;est bien d\u00e9roul\u00e9e, l&rsquo;\u00e9quipe m\u00e9dicale a d\u00fb faire face \u00e0 de nombreuses difficult\u00e9s comme reconstruire la r\u00e9gion pelvienne et sauver les organes, la fillette ayant \u00e9galement deux colonnes vert\u00e9brales fusionn\u00e9es, deux reins (l&rsquo;un dans son corps et l&rsquo;autre dans le corps du jumeau), deux cavit\u00e9s stomacales, deux poitrines et des nerfs emm\u00eal\u00e9s.<\/p>\n","protected":false},"excerpt":{"rendered":"<p>Ce ph\u00e9nom\u00e8ne de malformation est tr\u00e8s rare ! Docteur Wissem Makni, chirurgien p\u00e9diatrique a r\u00e9v\u00e9l\u00e9, ce mercredi 1er f\u00e9vrier 2023 sur les ondes de Mosaique fm, q&#8230;<\/p>\n","protected":false},"author":3162,"featured_media":277683,"comment_status":"open","ping_status":"closed","sticky":false,"template":"","format":"standard","meta":{"footnotes":""},"categories":[44],"tags":[9311],"class_list":["post-202477","post","type-post","status-publish","format-standard","has-post-thumbnail","hentry","category-national","tag-ischiopagus"],"yoast_head":"<!-- This site is optimized with the Yoast SEO Premium plugin v27.4 (Yoast SEO v27.5) - https:\/\/yoast.com\/product\/yoast-seo-premium-wordpress\/ -->\n<title>Premier cas d&#039;ischiopagus en Tunisie<\/title>\n<meta name=\"description\" content=\"Ce ph\u00e9nom\u00e8ne de malformation est tr\u00e8s rare ! Docteur Wissem Makni, chirurgien p\u00e9diatrique a r\u00e9v\u00e9l\u00e9, ce mercredi 1er f\u00e9vrier 2023 sur les ondes de Mosaique fm, q...\" \/>\n<link rel=\"canonical\" href=\"https:\/\/www.webdo.tn\/fr\/actualite\/national\/premier-cas-d-ischiopagus-en-tunisie\/202477\/\" \/>\n<meta property=\"og:locale\" content=\"fr_FR\" \/>\n<meta property=\"og:type\" content=\"article\" \/>\n<meta property=\"og:title\" content=\"Premier cas d&#039;ischiopagus en Tunisie\" \/>\n<meta property=\"og:description\" content=\"Ce ph\u00e9nom\u00e8ne de malformation est tr\u00e8s rare ! Docteur Wissem Makni, chirurgien p\u00e9diatrique a r\u00e9v\u00e9l\u00e9, ce mercredi 1er f\u00e9vrier 2023 sur les ondes de Mosaique fm, q...\" \/>\n<meta property=\"og:url\" content=\"https:\/\/www.webdo.tn\/fr\/actualite\/national\/premier-cas-d-ischiopagus-en-tunisie\/202477\/\" \/>\n<meta property=\"og:site_name\" content=\"webdo\" \/>\n<meta property=\"article:publisher\" content=\"https:\/\/www.facebook.com\/webdotn\" \/>\n<meta property=\"article:published_time\" content=\"2023-02-01T13:08:00+00:00\" \/>\n<meta property=\"article:modified_time\" content=\"2025-05-20T22:07:18+00:00\" \/>\n<meta property=\"og:image\" content=\"https:\/\/www.webdo.tn\/fr\/wp-content\/uploads\/2023\/02\/6e2b549b3565c980bccff7b62c198051.jpg\" \/>\n\t<meta property=\"og:image:width\" content=\"750\" \/>\n\t<meta property=\"og:image:height\" content=\"400\" \/>\n\t<meta property=\"og:image:type\" content=\"image\/jpeg\" \/>\n<meta name=\"author\" content=\"MC\" \/>\n<meta name=\"twitter:card\" content=\"summary_large_image\" \/>\n<meta name=\"twitter:creator\" content=\"@webdo_tn\" \/>\n<meta name=\"twitter:site\" content=\"@webdo_tn\" \/>\n<meta name=\"twitter:label1\" content=\"\u00c9crit par\" \/>\n\t<meta name=\"twitter:data1\" content=\"MC\" \/>\n\t<meta name=\"twitter:label2\" content=\"Dur\u00e9e de lecture estim\u00e9e\" \/>\n\t<meta name=\"twitter:data2\" content=\"2 minutes\" \/>\n<script type=\"application\/ld+json\" class=\"yoast-schema-graph\">{\"@context\":\"https:\\\/\\\/schema.org\",\"@graph\":[{\"@type\":\"NewsArticle\",\"@id\":\"https:\\\/\\\/www.webdo.tn\\\/fr\\\/actualite\\\/national\\\/premier-cas-d-ischiopagus-en-tunisie\\\/202477\\\/#article\",\"isPartOf\":{\"@id\":\"https:\\\/\\\/www.webdo.tn\\\/fr\\\/actualite\\\/national\\\/premier-cas-d-ischiopagus-en-tunisie\\\/202477\\\/\"},\"author\":{\"name\":\"MC\",\"@id\":\"https:\\\/\\\/www.webdo.tn\\\/fr\\\/#\\\/schema\\\/person\\\/2c4929cbf5a809e3bd38617c6ce150f6\"},\"headline\":\"Premier cas d&rsquo;ischiopagus en Tunisie\",\"datePublished\":\"2023-02-01T13:08:00+00:00\",\"dateModified\":\"2025-05-20T22:07:18+00:00\",\"mainEntityOfPage\":{\"@id\":\"https:\\\/\\\/www.webdo.tn\\\/fr\\\/actualite\\\/national\\\/premier-cas-d-ischiopagus-en-tunisie\\\/202477\\\/\"},\"wordCount\":382,\"commentCount\":0,\"publisher\":{\"@id\":\"https:\\\/\\\/www.webdo.tn\\\/fr\\\/#organization\"},\"image\":{\"@id\":\"https:\\\/\\\/www.webdo.tn\\\/fr\\\/actualite\\\/national\\\/premier-cas-d-ischiopagus-en-tunisie\\\/202477\\\/#primaryimage\"},\"thumbnailUrl\":\"https:\\\/\\\/www.webdo.tn\\\/fr\\\/wp-content\\\/uploads\\\/2023\\\/02\\\/6e2b549b3565c980bccff7b62c198051.jpg\",\"keywords\":[\"ischiopagus\"],\"articleSection\":[\"National\"],\"inLanguage\":\"fr-FR\"},{\"@type\":\"WebPage\",\"@id\":\"https:\\\/\\\/www.webdo.tn\\\/fr\\\/actualite\\\/national\\\/premier-cas-d-ischiopagus-en-tunisie\\\/202477\\\/\",\"url\":\"https:\\\/\\\/www.webdo.tn\\\/fr\\\/actualite\\\/national\\\/premier-cas-d-ischiopagus-en-tunisie\\\/202477\\\/\",\"name\":\"Premier cas d'ischiopagus en Tunisie\",\"isPartOf\":{\"@id\":\"https:\\\/\\\/www.webdo.tn\\\/fr\\\/#website\"},\"primaryImageOfPage\":{\"@id\":\"https:\\\/\\\/www.webdo.tn\\\/fr\\\/actualite\\\/national\\\/premier-cas-d-ischiopagus-en-tunisie\\\/202477\\\/#primaryimage\"},\"image\":{\"@id\":\"https:\\\/\\\/www.webdo.tn\\\/fr\\\/actualite\\\/national\\\/premier-cas-d-ischiopagus-en-tunisie\\\/202477\\\/#primaryimage\"},\"thumbnailUrl\":\"https:\\\/\\\/www.webdo.tn\\\/fr\\\/wp-content\\\/uploads\\\/2023\\\/02\\\/6e2b549b3565c980bccff7b62c198051.jpg\",\"datePublished\":\"2023-02-01T13:08:00+00:00\",\"dateModified\":\"2025-05-20T22:07:18+00:00\",\"description\":\"Ce ph\u00e9nom\u00e8ne de malformation est tr\u00e8s rare ! Docteur Wissem Makni, chirurgien p\u00e9diatrique a r\u00e9v\u00e9l\u00e9, ce mercredi 1er f\u00e9vrier 2023 sur les ondes de Mosaique fm, q...\",\"breadcrumb\":{\"@id\":\"https:\\\/\\\/www.webdo.tn\\\/fr\\\/actualite\\\/national\\\/premier-cas-d-ischiopagus-en-tunisie\\\/202477\\\/#breadcrumb\"},\"inLanguage\":\"fr-FR\",\"potentialAction\":[{\"@type\":\"ReadAction\",\"target\":[\"https:\\\/\\\/www.webdo.tn\\\/fr\\\/actualite\\\/national\\\/premier-cas-d-ischiopagus-en-tunisie\\\/202477\\\/\"]}]},{\"@type\":\"ImageObject\",\"inLanguage\":\"fr-FR\",\"@id\":\"https:\\\/\\\/www.webdo.tn\\\/fr\\\/actualite\\\/national\\\/premier-cas-d-ischiopagus-en-tunisie\\\/202477\\\/#primaryimage\",\"url\":\"https:\\\/\\\/www.webdo.tn\\\/fr\\\/wp-content\\\/uploads\\\/2023\\\/02\\\/6e2b549b3565c980bccff7b62c198051.jpg\",\"contentUrl\":\"https:\\\/\\\/www.webdo.tn\\\/fr\\\/wp-content\\\/uploads\\\/2023\\\/02\\\/6e2b549b3565c980bccff7b62c198051.jpg\",\"width\":750,\"height\":400,\"caption\":\"Premier cas d'ischiopagus en Tunisie\"},{\"@type\":\"BreadcrumbList\",\"@id\":\"https:\\\/\\\/www.webdo.tn\\\/fr\\\/actualite\\\/national\\\/premier-cas-d-ischiopagus-en-tunisie\\\/202477\\\/#breadcrumb\",\"itemListElement\":[{\"@type\":\"ListItem\",\"position\":1,\"name\":\"Accueil\",\"item\":\"https:\\\/\\\/www.webdo.tn\\\/fr\\\/\"},{\"@type\":\"ListItem\",\"position\":2,\"name\":\"Premier cas d&rsquo;ischiopagus en Tunisie\"}]},{\"@type\":\"WebSite\",\"@id\":\"https:\\\/\\\/www.webdo.tn\\\/fr\\\/#website\",\"url\":\"https:\\\/\\\/www.webdo.tn\\\/fr\\\/\",\"name\":\"webdo\",\"description\":\"Tunisie - News en Tunisie et \u00e0 l&#039;international sur Webdo.tn\",\"publisher\":{\"@id\":\"https:\\\/\\\/www.webdo.tn\\\/fr\\\/#organization\"},\"potentialAction\":[{\"@type\":\"SearchAction\",\"target\":{\"@type\":\"EntryPoint\",\"urlTemplate\":\"https:\\\/\\\/www.webdo.tn\\\/fr\\\/?s={search_term_string}\"},\"query-input\":{\"@type\":\"PropertyValueSpecification\",\"valueRequired\":true,\"valueName\":\"search_term_string\"}}],\"inLanguage\":\"fr-FR\"},{\"@type\":\"Organization\",\"@id\":\"https:\\\/\\\/www.webdo.tn\\\/fr\\\/#organization\",\"name\":\"Webdo\",\"alternateName\":\"Webdo.tn\",\"url\":\"https:\\\/\\\/www.webdo.tn\\\/fr\\\/\",\"logo\":{\"@type\":\"ImageObject\",\"inLanguage\":\"fr-FR\",\"@id\":\"https:\\\/\\\/www.webdo.tn\\\/fr\\\/#\\\/schema\\\/logo\\\/image\\\/\",\"url\":\"https:\\\/\\\/www.webdo.tn\\\/fr\\\/wp-content\\\/uploads\\\/2025\\\/06\\\/Webdo-Tunisie_168377.jpg\",\"contentUrl\":\"https:\\\/\\\/www.webdo.tn\\\/fr\\\/wp-content\\\/uploads\\\/2025\\\/06\\\/Webdo-Tunisie_168377.jpg\",\"width\":301,\"height\":301,\"caption\":\"Webdo\"},\"image\":{\"@id\":\"https:\\\/\\\/www.webdo.tn\\\/fr\\\/#\\\/schema\\\/logo\\\/image\\\/\"},\"sameAs\":[\"https:\\\/\\\/www.facebook.com\\\/webdotn\",\"https:\\\/\\\/x.com\\\/webdo_tn\"],\"description\":\"Webdo est un m\u00e9dia num\u00e9rique tunisien fond\u00e9 en 2010, sp\u00e9cialis\u00e9 dans l\u2019actualit\u00e9 nationale et internationale, l\u2019\u00e9conomie, la soci\u00e9t\u00e9 et les analyses politiques. Le site s\u2019adresse \u00e0 un large public francophone et couvre l\u2019information tunisienne en temps r\u00e9el.\",\"email\":\"redac@webdo.tn\",\"legalName\":\"YNJ SARL\",\"foundingDate\":\"2010-09-06\",\"numberOfEmployees\":{\"@type\":\"QuantitativeValue\",\"minValue\":\"11\",\"maxValue\":\"50\"}},{\"@type\":\"Person\",\"@id\":\"https:\\\/\\\/www.webdo.tn\\\/fr\\\/#\\\/schema\\\/person\\\/2c4929cbf5a809e3bd38617c6ce150f6\",\"name\":\"MC\",\"image\":{\"@type\":\"ImageObject\",\"inLanguage\":\"fr-FR\",\"@id\":\"https:\\\/\\\/secure.gravatar.com\\\/avatar\\\/a545bbb6f84efdd5553dbbc2895e3ca8f1d12c5215e00a041c9670b54aa9b18a?s=96&d=mm&r=g\",\"url\":\"https:\\\/\\\/secure.gravatar.com\\\/avatar\\\/a545bbb6f84efdd5553dbbc2895e3ca8f1d12c5215e00a041c9670b54aa9b18a?s=96&d=mm&r=g\",\"contentUrl\":\"https:\\\/\\\/secure.gravatar.com\\\/avatar\\\/a545bbb6f84efdd5553dbbc2895e3ca8f1d12c5215e00a041c9670b54aa9b18a?s=96&d=mm&r=g\",\"caption\":\"MC\"},\"url\":\"https:\\\/\\\/www.webdo.tn\\\/fr\\\/actualite\\\/author\\\/mc\\\/\"}]}<\/script>\n<!-- \/ Yoast SEO Premium plugin. -->","yoast_head_json":{"title":"Premier cas d'ischiopagus en Tunisie","description":"Ce ph\u00e9nom\u00e8ne de malformation est tr\u00e8s rare ! Docteur Wissem Makni, chirurgien p\u00e9diatrique a r\u00e9v\u00e9l\u00e9, ce mercredi 1er f\u00e9vrier 2023 sur les ondes de Mosaique fm, q...","canonical":"https:\/\/www.webdo.tn\/fr\/actualite\/national\/premier-cas-d-ischiopagus-en-tunisie\/202477\/","og_locale":"fr_FR","og_type":"article","og_title":"Premier cas d'ischiopagus en Tunisie","og_description":"Ce ph\u00e9nom\u00e8ne de malformation est tr\u00e8s rare ! Docteur Wissem Makni, chirurgien p\u00e9diatrique a r\u00e9v\u00e9l\u00e9, ce mercredi 1er f\u00e9vrier 2023 sur les ondes de Mosaique fm, q...","og_url":"https:\/\/www.webdo.tn\/fr\/actualite\/national\/premier-cas-d-ischiopagus-en-tunisie\/202477\/","og_site_name":"webdo","article_publisher":"https:\/\/www.facebook.com\/webdotn","article_published_time":"2023-02-01T13:08:00+00:00","article_modified_time":"2025-05-20T22:07:18+00:00","og_image":[{"width":750,"height":400,"url":"https:\/\/www.webdo.tn\/fr\/wp-content\/uploads\/2023\/02\/6e2b549b3565c980bccff7b62c198051.jpg","type":"image\/jpeg"}],"author":"MC","twitter_card":"summary_large_image","twitter_creator":"@webdo_tn","twitter_site":"@webdo_tn","twitter_misc":{"\u00c9crit par":"MC","Dur\u00e9e de lecture estim\u00e9e":"2 minutes"},"schema":{"@context":"https:\/\/schema.org","@graph":[{"@type":"NewsArticle","@id":"https:\/\/www.webdo.tn\/fr\/actualite\/national\/premier-cas-d-ischiopagus-en-tunisie\/202477\/#article","isPartOf":{"@id":"https:\/\/www.webdo.tn\/fr\/actualite\/national\/premier-cas-d-ischiopagus-en-tunisie\/202477\/"},"author":{"name":"MC","@id":"https:\/\/www.webdo.tn\/fr\/#\/schema\/person\/2c4929cbf5a809e3bd38617c6ce150f6"},"headline":"Premier cas d&rsquo;ischiopagus en Tunisie","datePublished":"2023-02-01T13:08:00+00:00","dateModified":"2025-05-20T22:07:18+00:00","mainEntityOfPage":{"@id":"https:\/\/www.webdo.tn\/fr\/actualite\/national\/premier-cas-d-ischiopagus-en-tunisie\/202477\/"},"wordCount":382,"commentCount":0,"publisher":{"@id":"https:\/\/www.webdo.tn\/fr\/#organization"},"image":{"@id":"https:\/\/www.webdo.tn\/fr\/actualite\/national\/premier-cas-d-ischiopagus-en-tunisie\/202477\/#primaryimage"},"thumbnailUrl":"https:\/\/www.webdo.tn\/fr\/wp-content\/uploads\/2023\/02\/6e2b549b3565c980bccff7b62c198051.jpg","keywords":["ischiopagus"],"articleSection":["National"],"inLanguage":"fr-FR"},{"@type":"WebPage","@id":"https:\/\/www.webdo.tn\/fr\/actualite\/national\/premier-cas-d-ischiopagus-en-tunisie\/202477\/","url":"https:\/\/www.webdo.tn\/fr\/actualite\/national\/premier-cas-d-ischiopagus-en-tunisie\/202477\/","name":"Premier cas d'ischiopagus en Tunisie","isPartOf":{"@id":"https:\/\/www.webdo.tn\/fr\/#website"},"primaryImageOfPage":{"@id":"https:\/\/www.webdo.tn\/fr\/actualite\/national\/premier-cas-d-ischiopagus-en-tunisie\/202477\/#primaryimage"},"image":{"@id":"https:\/\/www.webdo.tn\/fr\/actualite\/national\/premier-cas-d-ischiopagus-en-tunisie\/202477\/#primaryimage"},"thumbnailUrl":"https:\/\/www.webdo.tn\/fr\/wp-content\/uploads\/2023\/02\/6e2b549b3565c980bccff7b62c198051.jpg","datePublished":"2023-02-01T13:08:00+00:00","dateModified":"2025-05-20T22:07:18+00:00","description":"Ce ph\u00e9nom\u00e8ne de malformation est tr\u00e8s rare ! Docteur Wissem Makni, chirurgien p\u00e9diatrique a r\u00e9v\u00e9l\u00e9, ce mercredi 1er f\u00e9vrier 2023 sur les ondes de Mosaique fm, q...","breadcrumb":{"@id":"https:\/\/www.webdo.tn\/fr\/actualite\/national\/premier-cas-d-ischiopagus-en-tunisie\/202477\/#breadcrumb"},"inLanguage":"fr-FR","potentialAction":[{"@type":"ReadAction","target":["https:\/\/www.webdo.tn\/fr\/actualite\/national\/premier-cas-d-ischiopagus-en-tunisie\/202477\/"]}]},{"@type":"ImageObject","inLanguage":"fr-FR","@id":"https:\/\/www.webdo.tn\/fr\/actualite\/national\/premier-cas-d-ischiopagus-en-tunisie\/202477\/#primaryimage","url":"https:\/\/www.webdo.tn\/fr\/wp-content\/uploads\/2023\/02\/6e2b549b3565c980bccff7b62c198051.jpg","contentUrl":"https:\/\/www.webdo.tn\/fr\/wp-content\/uploads\/2023\/02\/6e2b549b3565c980bccff7b62c198051.jpg","width":750,"height":400,"caption":"Premier cas d'ischiopagus en Tunisie"},{"@type":"BreadcrumbList","@id":"https:\/\/www.webdo.tn\/fr\/actualite\/national\/premier-cas-d-ischiopagus-en-tunisie\/202477\/#breadcrumb","itemListElement":[{"@type":"ListItem","position":1,"name":"Accueil","item":"https:\/\/www.webdo.tn\/fr\/"},{"@type":"ListItem","position":2,"name":"Premier cas d&rsquo;ischiopagus en Tunisie"}]},{"@type":"WebSite","@id":"https:\/\/www.webdo.tn\/fr\/#website","url":"https:\/\/www.webdo.tn\/fr\/","name":"webdo","description":"Tunisie - News en Tunisie et \u00e0 l&#039;international sur Webdo.tn","publisher":{"@id":"https:\/\/www.webdo.tn\/fr\/#organization"},"potentialAction":[{"@type":"SearchAction","target":{"@type":"EntryPoint","urlTemplate":"https:\/\/www.webdo.tn\/fr\/?s={search_term_string}"},"query-input":{"@type":"PropertyValueSpecification","valueRequired":true,"valueName":"search_term_string"}}],"inLanguage":"fr-FR"},{"@type":"Organization","@id":"https:\/\/www.webdo.tn\/fr\/#organization","name":"Webdo","alternateName":"Webdo.tn","url":"https:\/\/www.webdo.tn\/fr\/","logo":{"@type":"ImageObject","inLanguage":"fr-FR","@id":"https:\/\/www.webdo.tn\/fr\/#\/schema\/logo\/image\/","url":"https:\/\/www.webdo.tn\/fr\/wp-content\/uploads\/2025\/06\/Webdo-Tunisie_168377.jpg","contentUrl":"https:\/\/www.webdo.tn\/fr\/wp-content\/uploads\/2025\/06\/Webdo-Tunisie_168377.jpg","width":301,"height":301,"caption":"Webdo"},"image":{"@id":"https:\/\/www.webdo.tn\/fr\/#\/schema\/logo\/image\/"},"sameAs":["https:\/\/www.facebook.com\/webdotn","https:\/\/x.com\/webdo_tn"],"description":"Webdo est un m\u00e9dia num\u00e9rique tunisien fond\u00e9 en 2010, sp\u00e9cialis\u00e9 dans l\u2019actualit\u00e9 nationale et internationale, l\u2019\u00e9conomie, la soci\u00e9t\u00e9 et les analyses politiques. Le site s\u2019adresse \u00e0 un large public francophone et couvre l\u2019information tunisienne en temps r\u00e9el.","email":"redac@webdo.tn","legalName":"YNJ SARL","foundingDate":"2010-09-06","numberOfEmployees":{"@type":"QuantitativeValue","minValue":"11","maxValue":"50"}},{"@type":"Person","@id":"https:\/\/www.webdo.tn\/fr\/#\/schema\/person\/2c4929cbf5a809e3bd38617c6ce150f6","name":"MC","image":{"@type":"ImageObject","inLanguage":"fr-FR","@id":"https:\/\/secure.gravatar.com\/avatar\/a545bbb6f84efdd5553dbbc2895e3ca8f1d12c5215e00a041c9670b54aa9b18a?s=96&d=mm&r=g","url":"https:\/\/secure.gravatar.com\/avatar\/a545bbb6f84efdd5553dbbc2895e3ca8f1d12c5215e00a041c9670b54aa9b18a?s=96&d=mm&r=g","contentUrl":"https:\/\/secure.gravatar.com\/avatar\/a545bbb6f84efdd5553dbbc2895e3ca8f1d12c5215e00a041c9670b54aa9b18a?s=96&d=mm&r=g","caption":"MC"},"url":"https:\/\/www.webdo.tn\/fr\/actualite\/author\/mc\/"}]}},"_links":{"self":[{"href":"https:\/\/www.webdo.tn\/fr\/wp-json\/wp\/v2\/posts\/202477","targetHints":{"allow":["GET"]}}],"collection":[{"href":"https:\/\/www.webdo.tn\/fr\/wp-json\/wp\/v2\/posts"}],"about":[{"href":"https:\/\/www.webdo.tn\/fr\/wp-json\/wp\/v2\/types\/post"}],"author":[{"embeddable":true,"href":"https:\/\/www.webdo.tn\/fr\/wp-json\/wp\/v2\/users\/3162"}],"replies":[{"embeddable":true,"href":"https:\/\/www.webdo.tn\/fr\/wp-json\/wp\/v2\/comments?post=202477"}],"version-history":[{"count":0,"href":"https:\/\/www.webdo.tn\/fr\/wp-json\/wp\/v2\/posts\/202477\/revisions"}],"wp:featuredmedia":[{"embeddable":true,"href":"https:\/\/www.webdo.tn\/fr\/wp-json\/wp\/v2\/media\/277683"}],"wp:attachment":[{"href":"https:\/\/www.webdo.tn\/fr\/wp-json\/wp\/v2\/media?parent=202477"}],"wp:term":[{"taxonomy":"category","embeddable":true,"href":"https:\/\/www.webdo.tn\/fr\/wp-json\/wp\/v2\/categories?post=202477"},{"taxonomy":"post_tag","embeddable":true,"href":"https:\/\/www.webdo.tn\/fr\/wp-json\/wp\/v2\/tags?post=202477"}],"curies":[{"name":"wp","href":"https:\/\/api.w.org\/{rel}","templated":true}]}}