{"id":202472,"date":"2023-02-01T11:29:00","date_gmt":"2023-02-01T11:29:00","guid":{"rendered":"https:\/\/www.webdo.tn\/fr\/blog\/l-ugtt-redoute-des-arrestations-dans-ses-rangs\/202472\/"},"modified":"2025-05-20T22:48:53","modified_gmt":"2025-05-20T22:48:53","slug":"l-ugtt-redoute-des-arrestations-dans-ses-rangs","status":"publish","type":"post","link":"https:\/\/www.webdo.tn\/fr\/actualite\/national\/l-ugtt-redoute-des-arrestations-dans-ses-rangs\/202472\/","title":{"rendered":"L\u2019UGTT redoute des arrestations dans ses rangs"},"content":{"rendered":"<p>Il semble que rien ne va plus entre le pr\u00e9sident de la R\u00e9publique et l\u2019UGTT. Pour certains, la prochaine \u00e9tape promet une confrontation directe entre les deux parties.<\/p>\n<p>\t\t\t\t\t\t\t\t\tHier, depuis la caserne de l\u2019Aouina, le chef de l\u2019Etat Kais Saied s\u2019est prononc\u00e9 sur l\u2019\u0153uvre syndicale en Tunisie. Pointant du doigt les individus qui s&rsquo;acharnent \u00e0 bloquer les routes et les voies ferr\u00e9es, le pr\u00e9sident de la R\u00e9publique a affirm\u00e9 que nul ne peut se pr\u00e9valoir d&rsquo;un quelconque motif ou argument pour commettre ces actes. Ces fauteurs ne doivent plus b\u00e9n\u00e9ficier de l&rsquo;impunit\u00e9, a-t-il encore martel\u00e9.<\/p>\n<p>\u00ab\u00a0Oui pour le droit syndical, d\u00e8s lors qu&rsquo;il est d&rsquo;un droit reconnu et garanti par la Constitution\u00a0\u00bb, a pr\u00e9cis\u00e9 le chef de l&rsquo;Etat, d\u00e9non\u00e7ant, \u00e0 ce propos, les tentatives visant \u00e0 user de ce droit \u00e0 des fins politiciennes connues par tous.<\/p>\n<p>Ces affirmations ont \u00e9t\u00e9 rapidement intercept\u00e9es par la centrale syndicale dont la r\u00e9ponse n\u2019a pas tard\u00e9. C\u2019est son secr\u00e9taire-g\u00e9n\u00e9ral adjoint Sami Tahri qui brise le silence. Il a rappel\u00e9 que ce meme discours a \u00e9t\u00e9 adopt\u00e9 par Bourguiba et Ben Ali et que par la suite des arrestations et des poursuites ont eu lieu.\u00a0<\/p>\n<p>Tahri a promis que l\u2019UGTT continuera de d\u00e9fendre l\u2019int\u00e9r\u00eat et les droits des Tunisiens en d\u00e9pit de ces circonstances.<\/p>\n","protected":false},"excerpt":{"rendered":"<p>Il semble que rien ne va plus entre le pr\u00e9sident de la R\u00e9publique et l\u2019UGTT. Pour certains, la prochaine \u00e9tape promet une confrontation directe entre les deux p&#8230;<\/p>\n","protected":false},"author":3175,"featured_media":277681,"comment_status":"open","ping_status":"closed","sticky":false,"template":"","format":"standard","meta":{"footnotes":""},"categories":[44],"tags":[3418,2608,2649],"class_list":["post-202472","post","type-post","status-publish","format-standard","has-post-thumbnail","hentry","category-national","tag-saied","tag-tunisie","tag-ugtt"],"yoast_head":"<!-- This site is optimized with the Yoast SEO Premium plugin v27.5 (Yoast SEO v27.5) - https:\/\/yoast.com\/product\/yoast-seo-premium-wordpress\/ -->\n<title>L\u2019UGTT redoute des arrestations dans ses rangs<\/title>\n<meta name=\"description\" content=\"Il semble que rien ne va plus entre le pr\u00e9sident de la R\u00e9publique et l\u2019UGTT. Pour certains, la prochaine \u00e9tape promet une confrontation directe entre les deux p...\" \/>\n<link rel=\"canonical\" href=\"https:\/\/www.webdo.tn\/fr\/actualite\/national\/l-ugtt-redoute-des-arrestations-dans-ses-rangs\/202472\/\" \/>\n<meta property=\"og:locale\" content=\"fr_FR\" \/>\n<meta property=\"og:type\" content=\"article\" \/>\n<meta property=\"og:title\" content=\"L\u2019UGTT redoute des arrestations dans ses rangs\" \/>\n<meta property=\"og:description\" content=\"Il semble que rien ne va plus entre le pr\u00e9sident de la R\u00e9publique et l\u2019UGTT. Pour certains, la prochaine \u00e9tape promet une confrontation directe entre les deux p...\" \/>\n<meta property=\"og:url\" content=\"https:\/\/www.webdo.tn\/fr\/actualite\/national\/l-ugtt-redoute-des-arrestations-dans-ses-rangs\/202472\/\" \/>\n<meta property=\"og:site_name\" content=\"webdo\" \/>\n<meta property=\"article:publisher\" content=\"https:\/\/www.facebook.com\/webdotn\" \/>\n<meta property=\"article:published_time\" content=\"2023-02-01T11:29:00+00:00\" \/>\n<meta property=\"article:modified_time\" content=\"2025-05-20T22:48:53+00:00\" \/>\n<meta property=\"og:image\" content=\"https:\/\/www.webdo.tn\/fr\/wp-content\/uploads\/2023\/02\/15d4c1541cf3f4aebd51e5c3b9b9e265.jpg\" \/>\n\t<meta property=\"og:image:width\" content=\"680\" \/>\n\t<meta property=\"og:image:height\" content=\"363\" \/>\n\t<meta property=\"og:image:type\" content=\"image\/jpeg\" \/>\n<meta name=\"author\" content=\"CL\" \/>\n<meta name=\"twitter:card\" content=\"summary_large_image\" \/>\n<meta name=\"twitter:creator\" content=\"@webdo_tn\" \/>\n<meta name=\"twitter:site\" content=\"@webdo_tn\" \/>\n<meta name=\"twitter:label1\" content=\"\u00c9crit par\" \/>\n\t<meta name=\"twitter:data1\" content=\"CL\" \/>\n\t<meta name=\"twitter:label2\" content=\"Dur\u00e9e de lecture estim\u00e9e\" \/>\n\t<meta name=\"twitter:data2\" content=\"1 minute\" \/>\n<script type=\"application\/ld+json\" class=\"yoast-schema-graph\">{\"@context\":\"https:\\\/\\\/schema.org\",\"@graph\":[{\"@type\":\"NewsArticle\",\"@id\":\"https:\\\/\\\/www.webdo.tn\\\/fr\\\/actualite\\\/national\\\/l-ugtt-redoute-des-arrestations-dans-ses-rangs\\\/202472\\\/#article\",\"isPartOf\":{\"@id\":\"https:\\\/\\\/www.webdo.tn\\\/fr\\\/actualite\\\/national\\\/l-ugtt-redoute-des-arrestations-dans-ses-rangs\\\/202472\\\/\"},\"author\":{\"name\":\"CL\",\"@id\":\"https:\\\/\\\/www.webdo.tn\\\/fr\\\/#\\\/schema\\\/person\\\/f35b42a42c5e2511bbd282959d6385cc\"},\"headline\":\"L\u2019UGTT redoute des arrestations dans ses rangs\",\"datePublished\":\"2023-02-01T11:29:00+00:00\",\"dateModified\":\"2025-05-20T22:48:53+00:00\",\"mainEntityOfPage\":{\"@id\":\"https:\\\/\\\/www.webdo.tn\\\/fr\\\/actualite\\\/national\\\/l-ugtt-redoute-des-arrestations-dans-ses-rangs\\\/202472\\\/\"},\"wordCount\":250,\"commentCount\":0,\"publisher\":{\"@id\":\"https:\\\/\\\/www.webdo.tn\\\/fr\\\/#organization\"},\"image\":{\"@id\":\"https:\\\/\\\/www.webdo.tn\\\/fr\\\/actualite\\\/national\\\/l-ugtt-redoute-des-arrestations-dans-ses-rangs\\\/202472\\\/#primaryimage\"},\"thumbnailUrl\":\"https:\\\/\\\/www.webdo.tn\\\/fr\\\/wp-content\\\/uploads\\\/2023\\\/02\\\/15d4c1541cf3f4aebd51e5c3b9b9e265.jpg\",\"keywords\":[\"Saied\",\"Tunisie\",\"UGTT\"],\"articleSection\":[\"National\"],\"inLanguage\":\"fr-FR\"},{\"@type\":\"WebPage\",\"@id\":\"https:\\\/\\\/www.webdo.tn\\\/fr\\\/actualite\\\/national\\\/l-ugtt-redoute-des-arrestations-dans-ses-rangs\\\/202472\\\/\",\"url\":\"https:\\\/\\\/www.webdo.tn\\\/fr\\\/actualite\\\/national\\\/l-ugtt-redoute-des-arrestations-dans-ses-rangs\\\/202472\\\/\",\"name\":\"L\u2019UGTT redoute des arrestations dans ses rangs\",\"isPartOf\":{\"@id\":\"https:\\\/\\\/www.webdo.tn\\\/fr\\\/#website\"},\"primaryImageOfPage\":{\"@id\":\"https:\\\/\\\/www.webdo.tn\\\/fr\\\/actualite\\\/national\\\/l-ugtt-redoute-des-arrestations-dans-ses-rangs\\\/202472\\\/#primaryimage\"},\"image\":{\"@id\":\"https:\\\/\\\/www.webdo.tn\\\/fr\\\/actualite\\\/national\\\/l-ugtt-redoute-des-arrestations-dans-ses-rangs\\\/202472\\\/#primaryimage\"},\"thumbnailUrl\":\"https:\\\/\\\/www.webdo.tn\\\/fr\\\/wp-content\\\/uploads\\\/2023\\\/02\\\/15d4c1541cf3f4aebd51e5c3b9b9e265.jpg\",\"datePublished\":\"2023-02-01T11:29:00+00:00\",\"dateModified\":\"2025-05-20T22:48:53+00:00\",\"description\":\"Il semble que rien ne va plus entre le pr\u00e9sident de la R\u00e9publique et l\u2019UGTT. Pour certains, la prochaine \u00e9tape promet une confrontation directe entre les deux p...\",\"breadcrumb\":{\"@id\":\"https:\\\/\\\/www.webdo.tn\\\/fr\\\/actualite\\\/national\\\/l-ugtt-redoute-des-arrestations-dans-ses-rangs\\\/202472\\\/#breadcrumb\"},\"inLanguage\":\"fr-FR\",\"potentialAction\":[{\"@type\":\"ReadAction\",\"target\":[\"https:\\\/\\\/www.webdo.tn\\\/fr\\\/actualite\\\/national\\\/l-ugtt-redoute-des-arrestations-dans-ses-rangs\\\/202472\\\/\"]}]},{\"@type\":\"ImageObject\",\"inLanguage\":\"fr-FR\",\"@id\":\"https:\\\/\\\/www.webdo.tn\\\/fr\\\/actualite\\\/national\\\/l-ugtt-redoute-des-arrestations-dans-ses-rangs\\\/202472\\\/#primaryimage\",\"url\":\"https:\\\/\\\/www.webdo.tn\\\/fr\\\/wp-content\\\/uploads\\\/2023\\\/02\\\/15d4c1541cf3f4aebd51e5c3b9b9e265.jpg\",\"contentUrl\":\"https:\\\/\\\/www.webdo.tn\\\/fr\\\/wp-content\\\/uploads\\\/2023\\\/02\\\/15d4c1541cf3f4aebd51e5c3b9b9e265.jpg\",\"width\":680,\"height\":363,\"caption\":\"Sami Tahri\"},{\"@type\":\"BreadcrumbList\",\"@id\":\"https:\\\/\\\/www.webdo.tn\\\/fr\\\/actualite\\\/national\\\/l-ugtt-redoute-des-arrestations-dans-ses-rangs\\\/202472\\\/#breadcrumb\",\"itemListElement\":[{\"@type\":\"ListItem\",\"position\":1,\"name\":\"Accueil\",\"item\":\"https:\\\/\\\/www.webdo.tn\\\/fr\\\/\"},{\"@type\":\"ListItem\",\"position\":2,\"name\":\"L\u2019UGTT redoute des arrestations dans ses rangs\"}]},{\"@type\":\"WebSite\",\"@id\":\"https:\\\/\\\/www.webdo.tn\\\/fr\\\/#website\",\"url\":\"https:\\\/\\\/www.webdo.tn\\\/fr\\\/\",\"name\":\"webdo\",\"description\":\"Tunisie - News en Tunisie et \u00e0 l&#039;international sur Webdo.tn\",\"publisher\":{\"@id\":\"https:\\\/\\\/www.webdo.tn\\\/fr\\\/#organization\"},\"potentialAction\":[{\"@type\":\"SearchAction\",\"target\":{\"@type\":\"EntryPoint\",\"urlTemplate\":\"https:\\\/\\\/www.webdo.tn\\\/fr\\\/?s={search_term_string}\"},\"query-input\":{\"@type\":\"PropertyValueSpecification\",\"valueRequired\":true,\"valueName\":\"search_term_string\"}}],\"inLanguage\":\"fr-FR\"},{\"@type\":\"Organization\",\"@id\":\"https:\\\/\\\/www.webdo.tn\\\/fr\\\/#organization\",\"name\":\"Webdo\",\"alternateName\":\"Webdo.tn\",\"url\":\"https:\\\/\\\/www.webdo.tn\\\/fr\\\/\",\"logo\":{\"@type\":\"ImageObject\",\"inLanguage\":\"fr-FR\",\"@id\":\"https:\\\/\\\/www.webdo.tn\\\/fr\\\/#\\\/schema\\\/logo\\\/image\\\/\",\"url\":\"https:\\\/\\\/www.webdo.tn\\\/fr\\\/wp-content\\\/uploads\\\/2025\\\/06\\\/Webdo-Tunisie_168377.jpg\",\"contentUrl\":\"https:\\\/\\\/www.webdo.tn\\\/fr\\\/wp-content\\\/uploads\\\/2025\\\/06\\\/Webdo-Tunisie_168377.jpg\",\"width\":301,\"height\":301,\"caption\":\"Webdo\"},\"image\":{\"@id\":\"https:\\\/\\\/www.webdo.tn\\\/fr\\\/#\\\/schema\\\/logo\\\/image\\\/\"},\"sameAs\":[\"https:\\\/\\\/www.facebook.com\\\/webdotn\",\"https:\\\/\\\/x.com\\\/webdo_tn\"],\"description\":\"Webdo est un m\u00e9dia num\u00e9rique tunisien fond\u00e9 en 2010, sp\u00e9cialis\u00e9 dans l\u2019actualit\u00e9 nationale et internationale, l\u2019\u00e9conomie, la soci\u00e9t\u00e9 et les analyses politiques. Le site s\u2019adresse \u00e0 un large public francophone et couvre l\u2019information tunisienne en temps r\u00e9el.\",\"email\":\"redac@webdo.tn\",\"legalName\":\"YNJ SARL\",\"foundingDate\":\"2010-09-06\",\"numberOfEmployees\":{\"@type\":\"QuantitativeValue\",\"minValue\":\"11\",\"maxValue\":\"50\"}},{\"@type\":\"Person\",\"@id\":\"https:\\\/\\\/www.webdo.tn\\\/fr\\\/#\\\/schema\\\/person\\\/f35b42a42c5e2511bbd282959d6385cc\",\"name\":\"CL\",\"image\":{\"@type\":\"ImageObject\",\"inLanguage\":\"fr-FR\",\"@id\":\"https:\\\/\\\/secure.gravatar.com\\\/avatar\\\/1447a49909b67aa657c488aec6512e1dd6143a480c1ecfee9b5b5cd74eb3b59e?s=96&d=mm&r=g\",\"url\":\"https:\\\/\\\/secure.gravatar.com\\\/avatar\\\/1447a49909b67aa657c488aec6512e1dd6143a480c1ecfee9b5b5cd74eb3b59e?s=96&d=mm&r=g\",\"contentUrl\":\"https:\\\/\\\/secure.gravatar.com\\\/avatar\\\/1447a49909b67aa657c488aec6512e1dd6143a480c1ecfee9b5b5cd74eb3b59e?s=96&d=mm&r=g\",\"caption\":\"CL\"},\"url\":\"https:\\\/\\\/www.webdo.tn\\\/fr\\\/actualite\\\/author\\\/cl\\\/\"}]}<\/script>\n<!-- \/ Yoast SEO Premium plugin. -->","yoast_head_json":{"title":"L\u2019UGTT redoute des arrestations dans ses rangs","description":"Il semble que rien ne va plus entre le pr\u00e9sident de la R\u00e9publique et l\u2019UGTT. Pour certains, la prochaine \u00e9tape promet une confrontation directe entre les deux p...","canonical":"https:\/\/www.webdo.tn\/fr\/actualite\/national\/l-ugtt-redoute-des-arrestations-dans-ses-rangs\/202472\/","og_locale":"fr_FR","og_type":"article","og_title":"L\u2019UGTT redoute des arrestations dans ses rangs","og_description":"Il semble que rien ne va plus entre le pr\u00e9sident de la R\u00e9publique et l\u2019UGTT. Pour certains, la prochaine \u00e9tape promet une confrontation directe entre les deux p...","og_url":"https:\/\/www.webdo.tn\/fr\/actualite\/national\/l-ugtt-redoute-des-arrestations-dans-ses-rangs\/202472\/","og_site_name":"webdo","article_publisher":"https:\/\/www.facebook.com\/webdotn","article_published_time":"2023-02-01T11:29:00+00:00","article_modified_time":"2025-05-20T22:48:53+00:00","og_image":[{"width":680,"height":363,"url":"https:\/\/www.webdo.tn\/fr\/wp-content\/uploads\/2023\/02\/15d4c1541cf3f4aebd51e5c3b9b9e265.jpg","type":"image\/jpeg"}],"author":"CL","twitter_card":"summary_large_image","twitter_creator":"@webdo_tn","twitter_site":"@webdo_tn","twitter_misc":{"\u00c9crit par":"CL","Dur\u00e9e de lecture estim\u00e9e":"1 minute"},"schema":{"@context":"https:\/\/schema.org","@graph":[{"@type":"NewsArticle","@id":"https:\/\/www.webdo.tn\/fr\/actualite\/national\/l-ugtt-redoute-des-arrestations-dans-ses-rangs\/202472\/#article","isPartOf":{"@id":"https:\/\/www.webdo.tn\/fr\/actualite\/national\/l-ugtt-redoute-des-arrestations-dans-ses-rangs\/202472\/"},"author":{"name":"CL","@id":"https:\/\/www.webdo.tn\/fr\/#\/schema\/person\/f35b42a42c5e2511bbd282959d6385cc"},"headline":"L\u2019UGTT redoute des arrestations dans ses rangs","datePublished":"2023-02-01T11:29:00+00:00","dateModified":"2025-05-20T22:48:53+00:00","mainEntityOfPage":{"@id":"https:\/\/www.webdo.tn\/fr\/actualite\/national\/l-ugtt-redoute-des-arrestations-dans-ses-rangs\/202472\/"},"wordCount":250,"commentCount":0,"publisher":{"@id":"https:\/\/www.webdo.tn\/fr\/#organization"},"image":{"@id":"https:\/\/www.webdo.tn\/fr\/actualite\/national\/l-ugtt-redoute-des-arrestations-dans-ses-rangs\/202472\/#primaryimage"},"thumbnailUrl":"https:\/\/www.webdo.tn\/fr\/wp-content\/uploads\/2023\/02\/15d4c1541cf3f4aebd51e5c3b9b9e265.jpg","keywords":["Saied","Tunisie","UGTT"],"articleSection":["National"],"inLanguage":"fr-FR"},{"@type":"WebPage","@id":"https:\/\/www.webdo.tn\/fr\/actualite\/national\/l-ugtt-redoute-des-arrestations-dans-ses-rangs\/202472\/","url":"https:\/\/www.webdo.tn\/fr\/actualite\/national\/l-ugtt-redoute-des-arrestations-dans-ses-rangs\/202472\/","name":"L\u2019UGTT redoute des arrestations dans ses rangs","isPartOf":{"@id":"https:\/\/www.webdo.tn\/fr\/#website"},"primaryImageOfPage":{"@id":"https:\/\/www.webdo.tn\/fr\/actualite\/national\/l-ugtt-redoute-des-arrestations-dans-ses-rangs\/202472\/#primaryimage"},"image":{"@id":"https:\/\/www.webdo.tn\/fr\/actualite\/national\/l-ugtt-redoute-des-arrestations-dans-ses-rangs\/202472\/#primaryimage"},"thumbnailUrl":"https:\/\/www.webdo.tn\/fr\/wp-content\/uploads\/2023\/02\/15d4c1541cf3f4aebd51e5c3b9b9e265.jpg","datePublished":"2023-02-01T11:29:00+00:00","dateModified":"2025-05-20T22:48:53+00:00","description":"Il semble que rien ne va plus entre le pr\u00e9sident de la R\u00e9publique et l\u2019UGTT. Pour certains, la prochaine \u00e9tape promet une confrontation directe entre les deux p...","breadcrumb":{"@id":"https:\/\/www.webdo.tn\/fr\/actualite\/national\/l-ugtt-redoute-des-arrestations-dans-ses-rangs\/202472\/#breadcrumb"},"inLanguage":"fr-FR","potentialAction":[{"@type":"ReadAction","target":["https:\/\/www.webdo.tn\/fr\/actualite\/national\/l-ugtt-redoute-des-arrestations-dans-ses-rangs\/202472\/"]}]},{"@type":"ImageObject","inLanguage":"fr-FR","@id":"https:\/\/www.webdo.tn\/fr\/actualite\/national\/l-ugtt-redoute-des-arrestations-dans-ses-rangs\/202472\/#primaryimage","url":"https:\/\/www.webdo.tn\/fr\/wp-content\/uploads\/2023\/02\/15d4c1541cf3f4aebd51e5c3b9b9e265.jpg","contentUrl":"https:\/\/www.webdo.tn\/fr\/wp-content\/uploads\/2023\/02\/15d4c1541cf3f4aebd51e5c3b9b9e265.jpg","width":680,"height":363,"caption":"Sami Tahri"},{"@type":"BreadcrumbList","@id":"https:\/\/www.webdo.tn\/fr\/actualite\/national\/l-ugtt-redoute-des-arrestations-dans-ses-rangs\/202472\/#breadcrumb","itemListElement":[{"@type":"ListItem","position":1,"name":"Accueil","item":"https:\/\/www.webdo.tn\/fr\/"},{"@type":"ListItem","position":2,"name":"L\u2019UGTT redoute des arrestations dans ses rangs"}]},{"@type":"WebSite","@id":"https:\/\/www.webdo.tn\/fr\/#website","url":"https:\/\/www.webdo.tn\/fr\/","name":"webdo","description":"Tunisie - News en Tunisie et \u00e0 l&#039;international sur Webdo.tn","publisher":{"@id":"https:\/\/www.webdo.tn\/fr\/#organization"},"potentialAction":[{"@type":"SearchAction","target":{"@type":"EntryPoint","urlTemplate":"https:\/\/www.webdo.tn\/fr\/?s={search_term_string}"},"query-input":{"@type":"PropertyValueSpecification","valueRequired":true,"valueName":"search_term_string"}}],"inLanguage":"fr-FR"},{"@type":"Organization","@id":"https:\/\/www.webdo.tn\/fr\/#organization","name":"Webdo","alternateName":"Webdo.tn","url":"https:\/\/www.webdo.tn\/fr\/","logo":{"@type":"ImageObject","inLanguage":"fr-FR","@id":"https:\/\/www.webdo.tn\/fr\/#\/schema\/logo\/image\/","url":"https:\/\/www.webdo.tn\/fr\/wp-content\/uploads\/2025\/06\/Webdo-Tunisie_168377.jpg","contentUrl":"https:\/\/www.webdo.tn\/fr\/wp-content\/uploads\/2025\/06\/Webdo-Tunisie_168377.jpg","width":301,"height":301,"caption":"Webdo"},"image":{"@id":"https:\/\/www.webdo.tn\/fr\/#\/schema\/logo\/image\/"},"sameAs":["https:\/\/www.facebook.com\/webdotn","https:\/\/x.com\/webdo_tn"],"description":"Webdo est un m\u00e9dia num\u00e9rique tunisien fond\u00e9 en 2010, sp\u00e9cialis\u00e9 dans l\u2019actualit\u00e9 nationale et internationale, l\u2019\u00e9conomie, la soci\u00e9t\u00e9 et les analyses politiques. Le site s\u2019adresse \u00e0 un large public francophone et couvre l\u2019information tunisienne en temps r\u00e9el.","email":"redac@webdo.tn","legalName":"YNJ SARL","foundingDate":"2010-09-06","numberOfEmployees":{"@type":"QuantitativeValue","minValue":"11","maxValue":"50"}},{"@type":"Person","@id":"https:\/\/www.webdo.tn\/fr\/#\/schema\/person\/f35b42a42c5e2511bbd282959d6385cc","name":"CL","image":{"@type":"ImageObject","inLanguage":"fr-FR","@id":"https:\/\/secure.gravatar.com\/avatar\/1447a49909b67aa657c488aec6512e1dd6143a480c1ecfee9b5b5cd74eb3b59e?s=96&d=mm&r=g","url":"https:\/\/secure.gravatar.com\/avatar\/1447a49909b67aa657c488aec6512e1dd6143a480c1ecfee9b5b5cd74eb3b59e?s=96&d=mm&r=g","contentUrl":"https:\/\/secure.gravatar.com\/avatar\/1447a49909b67aa657c488aec6512e1dd6143a480c1ecfee9b5b5cd74eb3b59e?s=96&d=mm&r=g","caption":"CL"},"url":"https:\/\/www.webdo.tn\/fr\/actualite\/author\/cl\/"}]}},"_links":{"self":[{"href":"https:\/\/www.webdo.tn\/fr\/wp-json\/wp\/v2\/posts\/202472","targetHints":{"allow":["GET"]}}],"collection":[{"href":"https:\/\/www.webdo.tn\/fr\/wp-json\/wp\/v2\/posts"}],"about":[{"href":"https:\/\/www.webdo.tn\/fr\/wp-json\/wp\/v2\/types\/post"}],"author":[{"embeddable":true,"href":"https:\/\/www.webdo.tn\/fr\/wp-json\/wp\/v2\/users\/3175"}],"replies":[{"embeddable":true,"href":"https:\/\/www.webdo.tn\/fr\/wp-json\/wp\/v2\/comments?post=202472"}],"version-history":[{"count":0,"href":"https:\/\/www.webdo.tn\/fr\/wp-json\/wp\/v2\/posts\/202472\/revisions"}],"wp:featuredmedia":[{"embeddable":true,"href":"https:\/\/www.webdo.tn\/fr\/wp-json\/wp\/v2\/media\/277681"}],"wp:attachment":[{"href":"https:\/\/www.webdo.tn\/fr\/wp-json\/wp\/v2\/media?parent=202472"}],"wp:term":[{"taxonomy":"category","embeddable":true,"href":"https:\/\/www.webdo.tn\/fr\/wp-json\/wp\/v2\/categories?post=202472"},{"taxonomy":"post_tag","embeddable":true,"href":"https:\/\/www.webdo.tn\/fr\/wp-json\/wp\/v2\/tags?post=202472"}],"curies":[{"name":"wp","href":"https:\/\/api.w.org\/{rel}","templated":true}]}}