{"id":202464,"date":"2023-02-01T09:15:00","date_gmt":"2023-02-01T09:15:00","guid":{"rendered":"https:\/\/www.webdo.tn\/fr\/blog\/mercato-neuf-joueurs-rejoignent-l-etoile-du-sahel\/202464\/"},"modified":"2025-05-20T22:07:17","modified_gmt":"2025-05-20T22:07:17","slug":"mercato-neuf-joueurs-rejoignent-l-etoile-du-sahel","status":"publish","type":"post","link":"https:\/\/www.webdo.tn\/fr\/actualite\/sport\/mercato-neuf-joueurs-rejoignent-l-etoile-du-sahel\/202464\/","title":{"rendered":"Mercato : Neuf joueurs rejoignent l&rsquo;Etoile du Sahel"},"content":{"rendered":"<p>Apr\u00e8s avoir annonc\u00e9, vendredi 27 janvier, la lev\u00e9e de la sanction d&rsquo;interdiction de recrutement qui pesait sur le club, l&rsquo;Etoile Sportive du Sahel a officialis\u00e9 l\u2019arriv\u00e9e de ses nouvelles recrues.<\/p>\n<p>\t\t\t\t\t\t\t\t\tAu total, neuf joueurs ont \u00e9t\u00e9 recrut\u00e9s pour renforcer l\u2019effectif de l\u2019\u00e9quipe premi\u00e8re au cours de ce mercato hivernal.<\/p>\n<p>Il s&rsquo;agit de Alaya Brigui, Jasser Khemiri, Fahmi Ben Romdhane, Sumaila Sidib\u00e9, Hamza Jelassi, Mohamed Hedi Jertila, Yassine Chammakhi, Youssef Abdelli et Assil Jaziri.<\/p>\n<p>Rappelons que le comit\u00e9 directeur dit avoir r\u00e9gler 8,1 millions de dinars de p\u00e9nalit\u00e9s depuis sa nomination \u00e0 la t\u00eate du club, gr\u00e2ce aux supporters, aux hommes d&rsquo;affaires, aux fonds r\u00e9colt\u00e9s de transferts de joueurs et aupr\u00e8s de la FTF.<\/p>\n","protected":false},"excerpt":{"rendered":"<p>Apr\u00e8s avoir annonc\u00e9, vendredi 27 janvier, la lev\u00e9e de la sanction d&rsquo;interdiction de recrutement qui pesait sur le club, l&rsquo;Etoile Sportive du Sahel a officialis\u00e9&#8230;<\/p>\n","protected":false},"author":3162,"featured_media":277672,"comment_status":"open","ping_status":"closed","sticky":false,"template":"","format":"standard","meta":{"footnotes":""},"categories":[2593],"tags":[3892,4505,8379,4555,9309],"class_list":["post-202464","post","type-post","status-publish","format-standard","has-post-thumbnail","hentry","category-sport","tag-es-sahel","tag-ess","tag-etoile","tag-mercato","tag-recrues"],"yoast_head":"<!-- This site is optimized with the Yoast SEO Premium plugin v27.5 (Yoast SEO v27.5) - https:\/\/yoast.com\/product\/yoast-seo-premium-wordpress\/ -->\n<title>Mercato : Neuf joueurs rejoignent l&#039;Etoile du Sahel<\/title>\n<meta name=\"description\" content=\"Apr\u00e8s avoir annonc\u00e9, vendredi 27 janvier, la lev\u00e9e de la sanction d&#039;interdiction de recrutement qui pesait sur le club, l&#039;Etoile Sportive du Sahel a officialis\u00e9...\" \/>\n<link rel=\"canonical\" href=\"https:\/\/www.webdo.tn\/fr\/actualite\/sport\/mercato-neuf-joueurs-rejoignent-l-etoile-du-sahel\/202464\/\" \/>\n<meta property=\"og:locale\" content=\"fr_FR\" \/>\n<meta property=\"og:type\" content=\"article\" \/>\n<meta property=\"og:title\" content=\"Mercato : Neuf joueurs rejoignent l&#039;Etoile du Sahel\" \/>\n<meta property=\"og:description\" content=\"Apr\u00e8s avoir annonc\u00e9, vendredi 27 janvier, la lev\u00e9e de la sanction d&#039;interdiction de recrutement qui pesait sur le club, l&#039;Etoile Sportive du Sahel a officialis\u00e9...\" \/>\n<meta property=\"og:url\" content=\"https:\/\/www.webdo.tn\/fr\/actualite\/sport\/mercato-neuf-joueurs-rejoignent-l-etoile-du-sahel\/202464\/\" \/>\n<meta property=\"og:site_name\" content=\"webdo\" \/>\n<meta property=\"article:publisher\" content=\"https:\/\/www.facebook.com\/webdotn\" \/>\n<meta property=\"article:published_time\" content=\"2023-02-01T09:15:00+00:00\" \/>\n<meta property=\"article:modified_time\" content=\"2025-05-20T22:07:17+00:00\" \/>\n<meta property=\"og:image\" content=\"https:\/\/www.webdo.tn\/fr\/wp-content\/uploads\/2023\/02\/7e70ecc5da2f814a2524adbd59fbe2ea.jpg\" \/>\n\t<meta property=\"og:image:width\" content=\"750\" \/>\n\t<meta property=\"og:image:height\" content=\"400\" \/>\n\t<meta property=\"og:image:type\" content=\"image\/jpeg\" \/>\n<meta name=\"author\" content=\"MC\" \/>\n<meta name=\"twitter:card\" content=\"summary_large_image\" \/>\n<meta name=\"twitter:creator\" content=\"@webdo_tn\" \/>\n<meta name=\"twitter:site\" content=\"@webdo_tn\" \/>\n<meta name=\"twitter:label1\" content=\"\u00c9crit par\" \/>\n\t<meta name=\"twitter:data1\" content=\"MC\" \/>\n\t<meta name=\"twitter:label2\" content=\"Dur\u00e9e de lecture estim\u00e9e\" \/>\n\t<meta name=\"twitter:data2\" content=\"1 minute\" \/>\n<script type=\"application\/ld+json\" class=\"yoast-schema-graph\">{\"@context\":\"https:\\\/\\\/schema.org\",\"@graph\":[{\"@type\":\"NewsArticle\",\"@id\":\"https:\\\/\\\/www.webdo.tn\\\/fr\\\/actualite\\\/sport\\\/mercato-neuf-joueurs-rejoignent-l-etoile-du-sahel\\\/202464\\\/#article\",\"isPartOf\":{\"@id\":\"https:\\\/\\\/www.webdo.tn\\\/fr\\\/actualite\\\/sport\\\/mercato-neuf-joueurs-rejoignent-l-etoile-du-sahel\\\/202464\\\/\"},\"author\":{\"name\":\"MC\",\"@id\":\"https:\\\/\\\/www.webdo.tn\\\/fr\\\/#\\\/schema\\\/person\\\/2c4929cbf5a809e3bd38617c6ce150f6\"},\"headline\":\"Mercato : Neuf joueurs rejoignent l&rsquo;Etoile du Sahel\",\"datePublished\":\"2023-02-01T09:15:00+00:00\",\"dateModified\":\"2025-05-20T22:07:17+00:00\",\"mainEntityOfPage\":{\"@id\":\"https:\\\/\\\/www.webdo.tn\\\/fr\\\/actualite\\\/sport\\\/mercato-neuf-joueurs-rejoignent-l-etoile-du-sahel\\\/202464\\\/\"},\"wordCount\":138,\"commentCount\":0,\"publisher\":{\"@id\":\"https:\\\/\\\/www.webdo.tn\\\/fr\\\/#organization\"},\"image\":{\"@id\":\"https:\\\/\\\/www.webdo.tn\\\/fr\\\/actualite\\\/sport\\\/mercato-neuf-joueurs-rejoignent-l-etoile-du-sahel\\\/202464\\\/#primaryimage\"},\"thumbnailUrl\":\"https:\\\/\\\/www.webdo.tn\\\/fr\\\/wp-content\\\/uploads\\\/2023\\\/02\\\/7e70ecc5da2f814a2524adbd59fbe2ea.jpg\",\"keywords\":[\"ES Sahel\",\"ESS\",\"\u00e9toile\",\"mercato\",\"recrues\"],\"articleSection\":[\"Sport\"],\"inLanguage\":\"fr-FR\"},{\"@type\":\"WebPage\",\"@id\":\"https:\\\/\\\/www.webdo.tn\\\/fr\\\/actualite\\\/sport\\\/mercato-neuf-joueurs-rejoignent-l-etoile-du-sahel\\\/202464\\\/\",\"url\":\"https:\\\/\\\/www.webdo.tn\\\/fr\\\/actualite\\\/sport\\\/mercato-neuf-joueurs-rejoignent-l-etoile-du-sahel\\\/202464\\\/\",\"name\":\"Mercato : Neuf joueurs rejoignent l'Etoile du Sahel\",\"isPartOf\":{\"@id\":\"https:\\\/\\\/www.webdo.tn\\\/fr\\\/#website\"},\"primaryImageOfPage\":{\"@id\":\"https:\\\/\\\/www.webdo.tn\\\/fr\\\/actualite\\\/sport\\\/mercato-neuf-joueurs-rejoignent-l-etoile-du-sahel\\\/202464\\\/#primaryimage\"},\"image\":{\"@id\":\"https:\\\/\\\/www.webdo.tn\\\/fr\\\/actualite\\\/sport\\\/mercato-neuf-joueurs-rejoignent-l-etoile-du-sahel\\\/202464\\\/#primaryimage\"},\"thumbnailUrl\":\"https:\\\/\\\/www.webdo.tn\\\/fr\\\/wp-content\\\/uploads\\\/2023\\\/02\\\/7e70ecc5da2f814a2524adbd59fbe2ea.jpg\",\"datePublished\":\"2023-02-01T09:15:00+00:00\",\"dateModified\":\"2025-05-20T22:07:17+00:00\",\"description\":\"Apr\u00e8s avoir annonc\u00e9, vendredi 27 janvier, la lev\u00e9e de la sanction d'interdiction de recrutement qui pesait sur le club, l'Etoile Sportive du Sahel a officialis\u00e9...\",\"breadcrumb\":{\"@id\":\"https:\\\/\\\/www.webdo.tn\\\/fr\\\/actualite\\\/sport\\\/mercato-neuf-joueurs-rejoignent-l-etoile-du-sahel\\\/202464\\\/#breadcrumb\"},\"inLanguage\":\"fr-FR\",\"potentialAction\":[{\"@type\":\"ReadAction\",\"target\":[\"https:\\\/\\\/www.webdo.tn\\\/fr\\\/actualite\\\/sport\\\/mercato-neuf-joueurs-rejoignent-l-etoile-du-sahel\\\/202464\\\/\"]}]},{\"@type\":\"ImageObject\",\"inLanguage\":\"fr-FR\",\"@id\":\"https:\\\/\\\/www.webdo.tn\\\/fr\\\/actualite\\\/sport\\\/mercato-neuf-joueurs-rejoignent-l-etoile-du-sahel\\\/202464\\\/#primaryimage\",\"url\":\"https:\\\/\\\/www.webdo.tn\\\/fr\\\/wp-content\\\/uploads\\\/2023\\\/02\\\/7e70ecc5da2f814a2524adbd59fbe2ea.jpg\",\"contentUrl\":\"https:\\\/\\\/www.webdo.tn\\\/fr\\\/wp-content\\\/uploads\\\/2023\\\/02\\\/7e70ecc5da2f814a2524adbd59fbe2ea.jpg\",\"width\":750,\"height\":400,\"caption\":\"Mercato : Neuf joueurs rejoignent l'Etoile du Sahel\"},{\"@type\":\"BreadcrumbList\",\"@id\":\"https:\\\/\\\/www.webdo.tn\\\/fr\\\/actualite\\\/sport\\\/mercato-neuf-joueurs-rejoignent-l-etoile-du-sahel\\\/202464\\\/#breadcrumb\",\"itemListElement\":[{\"@type\":\"ListItem\",\"position\":1,\"name\":\"Accueil\",\"item\":\"https:\\\/\\\/www.webdo.tn\\\/fr\\\/\"},{\"@type\":\"ListItem\",\"position\":2,\"name\":\"Mercato : Neuf joueurs rejoignent l&rsquo;Etoile du Sahel\"}]},{\"@type\":\"WebSite\",\"@id\":\"https:\\\/\\\/www.webdo.tn\\\/fr\\\/#website\",\"url\":\"https:\\\/\\\/www.webdo.tn\\\/fr\\\/\",\"name\":\"webdo\",\"description\":\"Tunisie - News en Tunisie et \u00e0 l&#039;international sur Webdo.tn\",\"publisher\":{\"@id\":\"https:\\\/\\\/www.webdo.tn\\\/fr\\\/#organization\"},\"potentialAction\":[{\"@type\":\"SearchAction\",\"target\":{\"@type\":\"EntryPoint\",\"urlTemplate\":\"https:\\\/\\\/www.webdo.tn\\\/fr\\\/?s={search_term_string}\"},\"query-input\":{\"@type\":\"PropertyValueSpecification\",\"valueRequired\":true,\"valueName\":\"search_term_string\"}}],\"inLanguage\":\"fr-FR\"},{\"@type\":\"Organization\",\"@id\":\"https:\\\/\\\/www.webdo.tn\\\/fr\\\/#organization\",\"name\":\"Webdo\",\"alternateName\":\"Webdo.tn\",\"url\":\"https:\\\/\\\/www.webdo.tn\\\/fr\\\/\",\"logo\":{\"@type\":\"ImageObject\",\"inLanguage\":\"fr-FR\",\"@id\":\"https:\\\/\\\/www.webdo.tn\\\/fr\\\/#\\\/schema\\\/logo\\\/image\\\/\",\"url\":\"https:\\\/\\\/www.webdo.tn\\\/fr\\\/wp-content\\\/uploads\\\/2025\\\/06\\\/Webdo-Tunisie_168377.jpg\",\"contentUrl\":\"https:\\\/\\\/www.webdo.tn\\\/fr\\\/wp-content\\\/uploads\\\/2025\\\/06\\\/Webdo-Tunisie_168377.jpg\",\"width\":301,\"height\":301,\"caption\":\"Webdo\"},\"image\":{\"@id\":\"https:\\\/\\\/www.webdo.tn\\\/fr\\\/#\\\/schema\\\/logo\\\/image\\\/\"},\"sameAs\":[\"https:\\\/\\\/www.facebook.com\\\/webdotn\",\"https:\\\/\\\/x.com\\\/webdo_tn\"],\"description\":\"Webdo est un m\u00e9dia num\u00e9rique tunisien fond\u00e9 en 2010, sp\u00e9cialis\u00e9 dans l\u2019actualit\u00e9 nationale et internationale, l\u2019\u00e9conomie, la soci\u00e9t\u00e9 et les analyses politiques. Le site s\u2019adresse \u00e0 un large public francophone et couvre l\u2019information tunisienne en temps r\u00e9el.\",\"email\":\"redac@webdo.tn\",\"legalName\":\"YNJ SARL\",\"foundingDate\":\"2010-09-06\",\"numberOfEmployees\":{\"@type\":\"QuantitativeValue\",\"minValue\":\"11\",\"maxValue\":\"50\"}},{\"@type\":\"Person\",\"@id\":\"https:\\\/\\\/www.webdo.tn\\\/fr\\\/#\\\/schema\\\/person\\\/2c4929cbf5a809e3bd38617c6ce150f6\",\"name\":\"MC\",\"image\":{\"@type\":\"ImageObject\",\"inLanguage\":\"fr-FR\",\"@id\":\"https:\\\/\\\/secure.gravatar.com\\\/avatar\\\/a545bbb6f84efdd5553dbbc2895e3ca8f1d12c5215e00a041c9670b54aa9b18a?s=96&d=mm&r=g\",\"url\":\"https:\\\/\\\/secure.gravatar.com\\\/avatar\\\/a545bbb6f84efdd5553dbbc2895e3ca8f1d12c5215e00a041c9670b54aa9b18a?s=96&d=mm&r=g\",\"contentUrl\":\"https:\\\/\\\/secure.gravatar.com\\\/avatar\\\/a545bbb6f84efdd5553dbbc2895e3ca8f1d12c5215e00a041c9670b54aa9b18a?s=96&d=mm&r=g\",\"caption\":\"MC\"},\"url\":\"https:\\\/\\\/www.webdo.tn\\\/fr\\\/actualite\\\/author\\\/mc\\\/\"}]}<\/script>\n<!-- \/ Yoast SEO Premium plugin. -->","yoast_head_json":{"title":"Mercato : Neuf joueurs rejoignent l'Etoile du Sahel","description":"Apr\u00e8s avoir annonc\u00e9, vendredi 27 janvier, la lev\u00e9e de la sanction d'interdiction de recrutement qui pesait sur le club, l'Etoile Sportive du Sahel a officialis\u00e9...","canonical":"https:\/\/www.webdo.tn\/fr\/actualite\/sport\/mercato-neuf-joueurs-rejoignent-l-etoile-du-sahel\/202464\/","og_locale":"fr_FR","og_type":"article","og_title":"Mercato : Neuf joueurs rejoignent l'Etoile du Sahel","og_description":"Apr\u00e8s avoir annonc\u00e9, vendredi 27 janvier, la lev\u00e9e de la sanction d'interdiction de recrutement qui pesait sur le club, l'Etoile Sportive du Sahel a officialis\u00e9...","og_url":"https:\/\/www.webdo.tn\/fr\/actualite\/sport\/mercato-neuf-joueurs-rejoignent-l-etoile-du-sahel\/202464\/","og_site_name":"webdo","article_publisher":"https:\/\/www.facebook.com\/webdotn","article_published_time":"2023-02-01T09:15:00+00:00","article_modified_time":"2025-05-20T22:07:17+00:00","og_image":[{"width":750,"height":400,"url":"https:\/\/www.webdo.tn\/fr\/wp-content\/uploads\/2023\/02\/7e70ecc5da2f814a2524adbd59fbe2ea.jpg","type":"image\/jpeg"}],"author":"MC","twitter_card":"summary_large_image","twitter_creator":"@webdo_tn","twitter_site":"@webdo_tn","twitter_misc":{"\u00c9crit par":"MC","Dur\u00e9e de lecture estim\u00e9e":"1 minute"},"schema":{"@context":"https:\/\/schema.org","@graph":[{"@type":"NewsArticle","@id":"https:\/\/www.webdo.tn\/fr\/actualite\/sport\/mercato-neuf-joueurs-rejoignent-l-etoile-du-sahel\/202464\/#article","isPartOf":{"@id":"https:\/\/www.webdo.tn\/fr\/actualite\/sport\/mercato-neuf-joueurs-rejoignent-l-etoile-du-sahel\/202464\/"},"author":{"name":"MC","@id":"https:\/\/www.webdo.tn\/fr\/#\/schema\/person\/2c4929cbf5a809e3bd38617c6ce150f6"},"headline":"Mercato : Neuf joueurs rejoignent l&rsquo;Etoile du Sahel","datePublished":"2023-02-01T09:15:00+00:00","dateModified":"2025-05-20T22:07:17+00:00","mainEntityOfPage":{"@id":"https:\/\/www.webdo.tn\/fr\/actualite\/sport\/mercato-neuf-joueurs-rejoignent-l-etoile-du-sahel\/202464\/"},"wordCount":138,"commentCount":0,"publisher":{"@id":"https:\/\/www.webdo.tn\/fr\/#organization"},"image":{"@id":"https:\/\/www.webdo.tn\/fr\/actualite\/sport\/mercato-neuf-joueurs-rejoignent-l-etoile-du-sahel\/202464\/#primaryimage"},"thumbnailUrl":"https:\/\/www.webdo.tn\/fr\/wp-content\/uploads\/2023\/02\/7e70ecc5da2f814a2524adbd59fbe2ea.jpg","keywords":["ES Sahel","ESS","\u00e9toile","mercato","recrues"],"articleSection":["Sport"],"inLanguage":"fr-FR"},{"@type":"WebPage","@id":"https:\/\/www.webdo.tn\/fr\/actualite\/sport\/mercato-neuf-joueurs-rejoignent-l-etoile-du-sahel\/202464\/","url":"https:\/\/www.webdo.tn\/fr\/actualite\/sport\/mercato-neuf-joueurs-rejoignent-l-etoile-du-sahel\/202464\/","name":"Mercato : Neuf joueurs rejoignent l'Etoile du Sahel","isPartOf":{"@id":"https:\/\/www.webdo.tn\/fr\/#website"},"primaryImageOfPage":{"@id":"https:\/\/www.webdo.tn\/fr\/actualite\/sport\/mercato-neuf-joueurs-rejoignent-l-etoile-du-sahel\/202464\/#primaryimage"},"image":{"@id":"https:\/\/www.webdo.tn\/fr\/actualite\/sport\/mercato-neuf-joueurs-rejoignent-l-etoile-du-sahel\/202464\/#primaryimage"},"thumbnailUrl":"https:\/\/www.webdo.tn\/fr\/wp-content\/uploads\/2023\/02\/7e70ecc5da2f814a2524adbd59fbe2ea.jpg","datePublished":"2023-02-01T09:15:00+00:00","dateModified":"2025-05-20T22:07:17+00:00","description":"Apr\u00e8s avoir annonc\u00e9, vendredi 27 janvier, la lev\u00e9e de la sanction d'interdiction de recrutement qui pesait sur le club, l'Etoile Sportive du Sahel a officialis\u00e9...","breadcrumb":{"@id":"https:\/\/www.webdo.tn\/fr\/actualite\/sport\/mercato-neuf-joueurs-rejoignent-l-etoile-du-sahel\/202464\/#breadcrumb"},"inLanguage":"fr-FR","potentialAction":[{"@type":"ReadAction","target":["https:\/\/www.webdo.tn\/fr\/actualite\/sport\/mercato-neuf-joueurs-rejoignent-l-etoile-du-sahel\/202464\/"]}]},{"@type":"ImageObject","inLanguage":"fr-FR","@id":"https:\/\/www.webdo.tn\/fr\/actualite\/sport\/mercato-neuf-joueurs-rejoignent-l-etoile-du-sahel\/202464\/#primaryimage","url":"https:\/\/www.webdo.tn\/fr\/wp-content\/uploads\/2023\/02\/7e70ecc5da2f814a2524adbd59fbe2ea.jpg","contentUrl":"https:\/\/www.webdo.tn\/fr\/wp-content\/uploads\/2023\/02\/7e70ecc5da2f814a2524adbd59fbe2ea.jpg","width":750,"height":400,"caption":"Mercato : Neuf joueurs rejoignent l'Etoile du Sahel"},{"@type":"BreadcrumbList","@id":"https:\/\/www.webdo.tn\/fr\/actualite\/sport\/mercato-neuf-joueurs-rejoignent-l-etoile-du-sahel\/202464\/#breadcrumb","itemListElement":[{"@type":"ListItem","position":1,"name":"Accueil","item":"https:\/\/www.webdo.tn\/fr\/"},{"@type":"ListItem","position":2,"name":"Mercato : Neuf joueurs rejoignent l&rsquo;Etoile du Sahel"}]},{"@type":"WebSite","@id":"https:\/\/www.webdo.tn\/fr\/#website","url":"https:\/\/www.webdo.tn\/fr\/","name":"webdo","description":"Tunisie - News en Tunisie et \u00e0 l&#039;international sur Webdo.tn","publisher":{"@id":"https:\/\/www.webdo.tn\/fr\/#organization"},"potentialAction":[{"@type":"SearchAction","target":{"@type":"EntryPoint","urlTemplate":"https:\/\/www.webdo.tn\/fr\/?s={search_term_string}"},"query-input":{"@type":"PropertyValueSpecification","valueRequired":true,"valueName":"search_term_string"}}],"inLanguage":"fr-FR"},{"@type":"Organization","@id":"https:\/\/www.webdo.tn\/fr\/#organization","name":"Webdo","alternateName":"Webdo.tn","url":"https:\/\/www.webdo.tn\/fr\/","logo":{"@type":"ImageObject","inLanguage":"fr-FR","@id":"https:\/\/www.webdo.tn\/fr\/#\/schema\/logo\/image\/","url":"https:\/\/www.webdo.tn\/fr\/wp-content\/uploads\/2025\/06\/Webdo-Tunisie_168377.jpg","contentUrl":"https:\/\/www.webdo.tn\/fr\/wp-content\/uploads\/2025\/06\/Webdo-Tunisie_168377.jpg","width":301,"height":301,"caption":"Webdo"},"image":{"@id":"https:\/\/www.webdo.tn\/fr\/#\/schema\/logo\/image\/"},"sameAs":["https:\/\/www.facebook.com\/webdotn","https:\/\/x.com\/webdo_tn"],"description":"Webdo est un m\u00e9dia num\u00e9rique tunisien fond\u00e9 en 2010, sp\u00e9cialis\u00e9 dans l\u2019actualit\u00e9 nationale et internationale, l\u2019\u00e9conomie, la soci\u00e9t\u00e9 et les analyses politiques. Le site s\u2019adresse \u00e0 un large public francophone et couvre l\u2019information tunisienne en temps r\u00e9el.","email":"redac@webdo.tn","legalName":"YNJ SARL","foundingDate":"2010-09-06","numberOfEmployees":{"@type":"QuantitativeValue","minValue":"11","maxValue":"50"}},{"@type":"Person","@id":"https:\/\/www.webdo.tn\/fr\/#\/schema\/person\/2c4929cbf5a809e3bd38617c6ce150f6","name":"MC","image":{"@type":"ImageObject","inLanguage":"fr-FR","@id":"https:\/\/secure.gravatar.com\/avatar\/a545bbb6f84efdd5553dbbc2895e3ca8f1d12c5215e00a041c9670b54aa9b18a?s=96&d=mm&r=g","url":"https:\/\/secure.gravatar.com\/avatar\/a545bbb6f84efdd5553dbbc2895e3ca8f1d12c5215e00a041c9670b54aa9b18a?s=96&d=mm&r=g","contentUrl":"https:\/\/secure.gravatar.com\/avatar\/a545bbb6f84efdd5553dbbc2895e3ca8f1d12c5215e00a041c9670b54aa9b18a?s=96&d=mm&r=g","caption":"MC"},"url":"https:\/\/www.webdo.tn\/fr\/actualite\/author\/mc\/"}]}},"_links":{"self":[{"href":"https:\/\/www.webdo.tn\/fr\/wp-json\/wp\/v2\/posts\/202464","targetHints":{"allow":["GET"]}}],"collection":[{"href":"https:\/\/www.webdo.tn\/fr\/wp-json\/wp\/v2\/posts"}],"about":[{"href":"https:\/\/www.webdo.tn\/fr\/wp-json\/wp\/v2\/types\/post"}],"author":[{"embeddable":true,"href":"https:\/\/www.webdo.tn\/fr\/wp-json\/wp\/v2\/users\/3162"}],"replies":[{"embeddable":true,"href":"https:\/\/www.webdo.tn\/fr\/wp-json\/wp\/v2\/comments?post=202464"}],"version-history":[{"count":0,"href":"https:\/\/www.webdo.tn\/fr\/wp-json\/wp\/v2\/posts\/202464\/revisions"}],"wp:featuredmedia":[{"embeddable":true,"href":"https:\/\/www.webdo.tn\/fr\/wp-json\/wp\/v2\/media\/277672"}],"wp:attachment":[{"href":"https:\/\/www.webdo.tn\/fr\/wp-json\/wp\/v2\/media?parent=202464"}],"wp:term":[{"taxonomy":"category","embeddable":true,"href":"https:\/\/www.webdo.tn\/fr\/wp-json\/wp\/v2\/categories?post=202464"},{"taxonomy":"post_tag","embeddable":true,"href":"https:\/\/www.webdo.tn\/fr\/wp-json\/wp\/v2\/tags?post=202464"}],"curies":[{"name":"wp","href":"https:\/\/api.w.org\/{rel}","templated":true}]}}