{"id":202461,"date":"2023-02-01T09:03:00","date_gmt":"2023-02-01T09:03:00","guid":{"rendered":"https:\/\/www.webdo.tn\/fr\/actualite\/blog\/dix-nouvelles-recrues-au-cs-sfaxien\/202461\/"},"modified":"2025-05-22T11:36:42","modified_gmt":"2025-05-22T11:36:42","slug":"dix-nouvelles-recrues-au-cs-sfaxien","status":"publish","type":"post","link":"https:\/\/www.webdo.tn\/fr\/actualite\/sport\/dix-nouvelles-recrues-au-cs-sfaxien\/202461\/","title":{"rendered":"Dix nouvelles recrues au CS Sfaxien"},"content":{"rendered":"<p>Apr\u00e8s avoir pu lever, hier la sanction d&rsquo;interdiction de recrutement dont il faisait l\u2019objet, le Club Sportif Sfaxien a annonc\u00e9, dans la foul\u00e9e de cette d\u00e9cision et \u00e0 quelques heures de la cl\u00f4ture du mercato, fix\u00e9e au 31 janvier \u00e0 minuit, le recrutement de dix nouveaux joueurs.<\/p>\n<p> Dans la nuit, le club a annonc\u00e9 la qualification de ses nouvelles recrues engag\u00e9es pour renforcer son effectif. Dix joueurs vont rejoindre l\u2019\u00e9quipe premi\u00e8re lors de ce mercato hivernal.<\/p>\n<p>Il s\u2019agit de Mohamed Ali Trabelsi (milieu &#8211; libre), Nour Zammouri (d\u00e9fenseur &#8211; libre), Mohamed Salah Mhadhebi (pivot &#8211; OB), Amenallah Haboubi (attaquant &#8211; OB), Zied Ben Salem (attaquant &#8211; CSHL), Dhahi Seghari (milieu &#8211; Luxembourg), Omar Ben Ali (attaquant &#8211; CSHL), Moussa Bala Kont\u00e9 (milieu &#8211; Guin\u00e9e), Mohamed Kont\u00e9 (attaquant &#8211; Hafia FC) et Baraket Hemidi (attaquant &#8211; SG).<\/p>\n","protected":false},"excerpt":{"rendered":"<p>Apr\u00e8s avoir pu lever, hier la sanction d&rsquo;interdiction de recrutement dont il faisait l\u2019objet, le Club Sportif Sfaxien a annonc\u00e9, dans la foul\u00e9e de cette d\u00e9cisio&#8230;<\/p>\n","protected":false},"author":3162,"featured_media":348208,"comment_status":"open","ping_status":"closed","sticky":false,"template":"","format":"standard","meta":{"footnotes":""},"categories":[2593],"tags":[4606,4914,9309,3872],"class_list":["post-202461","post","type-post","status-publish","format-standard","has-post-thumbnail","hentry","category-sport","tag-cs-sfaxien","tag-css","tag-recrues","tag-recrutement"],"yoast_head":"<!-- This site is optimized with the Yoast SEO Premium plugin v27.4 (Yoast SEO v27.5) - https:\/\/yoast.com\/product\/yoast-seo-premium-wordpress\/ -->\n<title>Dix nouvelles recrues au CS Sfaxien<\/title>\n<meta name=\"description\" content=\"Apr\u00e8s avoir pu lever, hier la sanction d&#039;interdiction de recrutement dont il faisait l\u2019objet, le Club Sportif Sfaxien a annonc\u00e9, dans la foul\u00e9e de cette d\u00e9cisio...\" \/>\n<link rel=\"canonical\" href=\"https:\/\/www.webdo.tn\/fr\/actualite\/sport\/dix-nouvelles-recrues-au-cs-sfaxien\/202461\/\" \/>\n<meta property=\"og:locale\" content=\"fr_FR\" \/>\n<meta property=\"og:type\" content=\"article\" \/>\n<meta property=\"og:title\" content=\"Dix nouvelles recrues au CS Sfaxien\" \/>\n<meta property=\"og:description\" content=\"Apr\u00e8s avoir pu lever, hier la sanction d&#039;interdiction de recrutement dont il faisait l\u2019objet, le Club Sportif Sfaxien a annonc\u00e9, dans la foul\u00e9e de cette d\u00e9cisio...\" \/>\n<meta property=\"og:url\" content=\"https:\/\/www.webdo.tn\/fr\/actualite\/sport\/dix-nouvelles-recrues-au-cs-sfaxien\/202461\/\" \/>\n<meta property=\"og:site_name\" content=\"webdo\" \/>\n<meta property=\"article:publisher\" content=\"https:\/\/www.facebook.com\/webdotn\" \/>\n<meta property=\"article:published_time\" content=\"2023-02-01T09:03:00+00:00\" \/>\n<meta property=\"article:modified_time\" content=\"2025-05-22T11:36:42+00:00\" \/>\n<meta property=\"og:image\" content=\"https:\/\/www.webdo.tn\/fr\/wp-content\/uploads\/2023\/02\/5bf2d7440907a2619f476a1ab6921f6a.jpg\" \/>\n\t<meta property=\"og:image:width\" content=\"750\" \/>\n\t<meta property=\"og:image:height\" content=\"400\" \/>\n\t<meta property=\"og:image:type\" content=\"image\/jpeg\" \/>\n<meta name=\"author\" content=\"MC\" \/>\n<meta name=\"twitter:card\" content=\"summary_large_image\" \/>\n<meta name=\"twitter:creator\" content=\"@webdo_tn\" \/>\n<meta name=\"twitter:site\" content=\"@webdo_tn\" \/>\n<meta name=\"twitter:label1\" content=\"\u00c9crit par\" \/>\n\t<meta name=\"twitter:data1\" content=\"MC\" \/>\n\t<meta name=\"twitter:label2\" content=\"Dur\u00e9e de lecture estim\u00e9e\" \/>\n\t<meta name=\"twitter:data2\" content=\"1 minute\" \/>\n<script type=\"application\/ld+json\" class=\"yoast-schema-graph\">{\"@context\":\"https:\\\/\\\/schema.org\",\"@graph\":[{\"@type\":\"NewsArticle\",\"@id\":\"https:\\\/\\\/www.webdo.tn\\\/fr\\\/actualite\\\/sport\\\/dix-nouvelles-recrues-au-cs-sfaxien\\\/202461\\\/#article\",\"isPartOf\":{\"@id\":\"https:\\\/\\\/www.webdo.tn\\\/fr\\\/actualite\\\/sport\\\/dix-nouvelles-recrues-au-cs-sfaxien\\\/202461\\\/\"},\"author\":{\"name\":\"MC\",\"@id\":\"https:\\\/\\\/www.webdo.tn\\\/fr\\\/#\\\/schema\\\/person\\\/2c4929cbf5a809e3bd38617c6ce150f6\"},\"headline\":\"Dix nouvelles recrues au CS Sfaxien\",\"datePublished\":\"2023-02-01T09:03:00+00:00\",\"dateModified\":\"2025-05-22T11:36:42+00:00\",\"mainEntityOfPage\":{\"@id\":\"https:\\\/\\\/www.webdo.tn\\\/fr\\\/actualite\\\/sport\\\/dix-nouvelles-recrues-au-cs-sfaxien\\\/202461\\\/\"},\"wordCount\":152,\"commentCount\":0,\"publisher\":{\"@id\":\"https:\\\/\\\/www.webdo.tn\\\/fr\\\/#organization\"},\"image\":{\"@id\":\"https:\\\/\\\/www.webdo.tn\\\/fr\\\/actualite\\\/sport\\\/dix-nouvelles-recrues-au-cs-sfaxien\\\/202461\\\/#primaryimage\"},\"thumbnailUrl\":\"https:\\\/\\\/www.webdo.tn\\\/fr\\\/wp-content\\\/uploads\\\/2023\\\/02\\\/5bf2d7440907a2619f476a1ab6921f6a.jpg\",\"keywords\":[\"cs sfaxien\",\"CSS\",\"recrues\",\"recrutement\"],\"articleSection\":[\"Sport\"],\"inLanguage\":\"fr-FR\"},{\"@type\":\"WebPage\",\"@id\":\"https:\\\/\\\/www.webdo.tn\\\/fr\\\/actualite\\\/sport\\\/dix-nouvelles-recrues-au-cs-sfaxien\\\/202461\\\/\",\"url\":\"https:\\\/\\\/www.webdo.tn\\\/fr\\\/actualite\\\/sport\\\/dix-nouvelles-recrues-au-cs-sfaxien\\\/202461\\\/\",\"name\":\"Dix nouvelles recrues au CS Sfaxien\",\"isPartOf\":{\"@id\":\"https:\\\/\\\/www.webdo.tn\\\/fr\\\/#website\"},\"primaryImageOfPage\":{\"@id\":\"https:\\\/\\\/www.webdo.tn\\\/fr\\\/actualite\\\/sport\\\/dix-nouvelles-recrues-au-cs-sfaxien\\\/202461\\\/#primaryimage\"},\"image\":{\"@id\":\"https:\\\/\\\/www.webdo.tn\\\/fr\\\/actualite\\\/sport\\\/dix-nouvelles-recrues-au-cs-sfaxien\\\/202461\\\/#primaryimage\"},\"thumbnailUrl\":\"https:\\\/\\\/www.webdo.tn\\\/fr\\\/wp-content\\\/uploads\\\/2023\\\/02\\\/5bf2d7440907a2619f476a1ab6921f6a.jpg\",\"datePublished\":\"2023-02-01T09:03:00+00:00\",\"dateModified\":\"2025-05-22T11:36:42+00:00\",\"description\":\"Apr\u00e8s avoir pu lever, hier la sanction d'interdiction de recrutement dont il faisait l\u2019objet, le Club Sportif Sfaxien a annonc\u00e9, dans la foul\u00e9e de cette d\u00e9cisio...\",\"breadcrumb\":{\"@id\":\"https:\\\/\\\/www.webdo.tn\\\/fr\\\/actualite\\\/sport\\\/dix-nouvelles-recrues-au-cs-sfaxien\\\/202461\\\/#breadcrumb\"},\"inLanguage\":\"fr-FR\",\"potentialAction\":[{\"@type\":\"ReadAction\",\"target\":[\"https:\\\/\\\/www.webdo.tn\\\/fr\\\/actualite\\\/sport\\\/dix-nouvelles-recrues-au-cs-sfaxien\\\/202461\\\/\"]}]},{\"@type\":\"ImageObject\",\"inLanguage\":\"fr-FR\",\"@id\":\"https:\\\/\\\/www.webdo.tn\\\/fr\\\/actualite\\\/sport\\\/dix-nouvelles-recrues-au-cs-sfaxien\\\/202461\\\/#primaryimage\",\"url\":\"https:\\\/\\\/www.webdo.tn\\\/fr\\\/wp-content\\\/uploads\\\/2023\\\/02\\\/5bf2d7440907a2619f476a1ab6921f6a.jpg\",\"contentUrl\":\"https:\\\/\\\/www.webdo.tn\\\/fr\\\/wp-content\\\/uploads\\\/2023\\\/02\\\/5bf2d7440907a2619f476a1ab6921f6a.jpg\",\"width\":750,\"height\":400,\"caption\":\"Dix nouvelles recrues au CS Sfaxien\"},{\"@type\":\"BreadcrumbList\",\"@id\":\"https:\\\/\\\/www.webdo.tn\\\/fr\\\/actualite\\\/sport\\\/dix-nouvelles-recrues-au-cs-sfaxien\\\/202461\\\/#breadcrumb\",\"itemListElement\":[{\"@type\":\"ListItem\",\"position\":1,\"name\":\"Accueil\",\"item\":\"https:\\\/\\\/www.webdo.tn\\\/fr\\\/\"},{\"@type\":\"ListItem\",\"position\":2,\"name\":\"Dix nouvelles recrues au CS Sfaxien\"}]},{\"@type\":\"WebSite\",\"@id\":\"https:\\\/\\\/www.webdo.tn\\\/fr\\\/#website\",\"url\":\"https:\\\/\\\/www.webdo.tn\\\/fr\\\/\",\"name\":\"webdo\",\"description\":\"Tunisie - News en Tunisie et \u00e0 l&#039;international sur Webdo.tn\",\"publisher\":{\"@id\":\"https:\\\/\\\/www.webdo.tn\\\/fr\\\/#organization\"},\"potentialAction\":[{\"@type\":\"SearchAction\",\"target\":{\"@type\":\"EntryPoint\",\"urlTemplate\":\"https:\\\/\\\/www.webdo.tn\\\/fr\\\/?s={search_term_string}\"},\"query-input\":{\"@type\":\"PropertyValueSpecification\",\"valueRequired\":true,\"valueName\":\"search_term_string\"}}],\"inLanguage\":\"fr-FR\"},{\"@type\":\"Organization\",\"@id\":\"https:\\\/\\\/www.webdo.tn\\\/fr\\\/#organization\",\"name\":\"Webdo\",\"alternateName\":\"Webdo.tn\",\"url\":\"https:\\\/\\\/www.webdo.tn\\\/fr\\\/\",\"logo\":{\"@type\":\"ImageObject\",\"inLanguage\":\"fr-FR\",\"@id\":\"https:\\\/\\\/www.webdo.tn\\\/fr\\\/#\\\/schema\\\/logo\\\/image\\\/\",\"url\":\"https:\\\/\\\/www.webdo.tn\\\/fr\\\/wp-content\\\/uploads\\\/2025\\\/06\\\/Webdo-Tunisie_168377.jpg\",\"contentUrl\":\"https:\\\/\\\/www.webdo.tn\\\/fr\\\/wp-content\\\/uploads\\\/2025\\\/06\\\/Webdo-Tunisie_168377.jpg\",\"width\":301,\"height\":301,\"caption\":\"Webdo\"},\"image\":{\"@id\":\"https:\\\/\\\/www.webdo.tn\\\/fr\\\/#\\\/schema\\\/logo\\\/image\\\/\"},\"sameAs\":[\"https:\\\/\\\/www.facebook.com\\\/webdotn\",\"https:\\\/\\\/x.com\\\/webdo_tn\"],\"description\":\"Webdo est un m\u00e9dia num\u00e9rique tunisien fond\u00e9 en 2010, sp\u00e9cialis\u00e9 dans l\u2019actualit\u00e9 nationale et internationale, l\u2019\u00e9conomie, la soci\u00e9t\u00e9 et les analyses politiques. Le site s\u2019adresse \u00e0 un large public francophone et couvre l\u2019information tunisienne en temps r\u00e9el.\",\"email\":\"redac@webdo.tn\",\"legalName\":\"YNJ SARL\",\"foundingDate\":\"2010-09-06\",\"numberOfEmployees\":{\"@type\":\"QuantitativeValue\",\"minValue\":\"11\",\"maxValue\":\"50\"}},{\"@type\":\"Person\",\"@id\":\"https:\\\/\\\/www.webdo.tn\\\/fr\\\/#\\\/schema\\\/person\\\/2c4929cbf5a809e3bd38617c6ce150f6\",\"name\":\"MC\",\"image\":{\"@type\":\"ImageObject\",\"inLanguage\":\"fr-FR\",\"@id\":\"https:\\\/\\\/secure.gravatar.com\\\/avatar\\\/a545bbb6f84efdd5553dbbc2895e3ca8f1d12c5215e00a041c9670b54aa9b18a?s=96&d=mm&r=g\",\"url\":\"https:\\\/\\\/secure.gravatar.com\\\/avatar\\\/a545bbb6f84efdd5553dbbc2895e3ca8f1d12c5215e00a041c9670b54aa9b18a?s=96&d=mm&r=g\",\"contentUrl\":\"https:\\\/\\\/secure.gravatar.com\\\/avatar\\\/a545bbb6f84efdd5553dbbc2895e3ca8f1d12c5215e00a041c9670b54aa9b18a?s=96&d=mm&r=g\",\"caption\":\"MC\"},\"url\":\"https:\\\/\\\/www.webdo.tn\\\/fr\\\/actualite\\\/author\\\/mc\\\/\"}]}<\/script>\n<!-- \/ Yoast SEO Premium plugin. -->","yoast_head_json":{"title":"Dix nouvelles recrues au CS Sfaxien","description":"Apr\u00e8s avoir pu lever, hier la sanction d'interdiction de recrutement dont il faisait l\u2019objet, le Club Sportif Sfaxien a annonc\u00e9, dans la foul\u00e9e de cette d\u00e9cisio...","canonical":"https:\/\/www.webdo.tn\/fr\/actualite\/sport\/dix-nouvelles-recrues-au-cs-sfaxien\/202461\/","og_locale":"fr_FR","og_type":"article","og_title":"Dix nouvelles recrues au CS Sfaxien","og_description":"Apr\u00e8s avoir pu lever, hier la sanction d'interdiction de recrutement dont il faisait l\u2019objet, le Club Sportif Sfaxien a annonc\u00e9, dans la foul\u00e9e de cette d\u00e9cisio...","og_url":"https:\/\/www.webdo.tn\/fr\/actualite\/sport\/dix-nouvelles-recrues-au-cs-sfaxien\/202461\/","og_site_name":"webdo","article_publisher":"https:\/\/www.facebook.com\/webdotn","article_published_time":"2023-02-01T09:03:00+00:00","article_modified_time":"2025-05-22T11:36:42+00:00","og_image":[{"width":750,"height":400,"url":"https:\/\/www.webdo.tn\/fr\/wp-content\/uploads\/2023\/02\/5bf2d7440907a2619f476a1ab6921f6a.jpg","type":"image\/jpeg"}],"author":"MC","twitter_card":"summary_large_image","twitter_creator":"@webdo_tn","twitter_site":"@webdo_tn","twitter_misc":{"\u00c9crit par":"MC","Dur\u00e9e de lecture estim\u00e9e":"1 minute"},"schema":{"@context":"https:\/\/schema.org","@graph":[{"@type":"NewsArticle","@id":"https:\/\/www.webdo.tn\/fr\/actualite\/sport\/dix-nouvelles-recrues-au-cs-sfaxien\/202461\/#article","isPartOf":{"@id":"https:\/\/www.webdo.tn\/fr\/actualite\/sport\/dix-nouvelles-recrues-au-cs-sfaxien\/202461\/"},"author":{"name":"MC","@id":"https:\/\/www.webdo.tn\/fr\/#\/schema\/person\/2c4929cbf5a809e3bd38617c6ce150f6"},"headline":"Dix nouvelles recrues au CS Sfaxien","datePublished":"2023-02-01T09:03:00+00:00","dateModified":"2025-05-22T11:36:42+00:00","mainEntityOfPage":{"@id":"https:\/\/www.webdo.tn\/fr\/actualite\/sport\/dix-nouvelles-recrues-au-cs-sfaxien\/202461\/"},"wordCount":152,"commentCount":0,"publisher":{"@id":"https:\/\/www.webdo.tn\/fr\/#organization"},"image":{"@id":"https:\/\/www.webdo.tn\/fr\/actualite\/sport\/dix-nouvelles-recrues-au-cs-sfaxien\/202461\/#primaryimage"},"thumbnailUrl":"https:\/\/www.webdo.tn\/fr\/wp-content\/uploads\/2023\/02\/5bf2d7440907a2619f476a1ab6921f6a.jpg","keywords":["cs sfaxien","CSS","recrues","recrutement"],"articleSection":["Sport"],"inLanguage":"fr-FR"},{"@type":"WebPage","@id":"https:\/\/www.webdo.tn\/fr\/actualite\/sport\/dix-nouvelles-recrues-au-cs-sfaxien\/202461\/","url":"https:\/\/www.webdo.tn\/fr\/actualite\/sport\/dix-nouvelles-recrues-au-cs-sfaxien\/202461\/","name":"Dix nouvelles recrues au CS Sfaxien","isPartOf":{"@id":"https:\/\/www.webdo.tn\/fr\/#website"},"primaryImageOfPage":{"@id":"https:\/\/www.webdo.tn\/fr\/actualite\/sport\/dix-nouvelles-recrues-au-cs-sfaxien\/202461\/#primaryimage"},"image":{"@id":"https:\/\/www.webdo.tn\/fr\/actualite\/sport\/dix-nouvelles-recrues-au-cs-sfaxien\/202461\/#primaryimage"},"thumbnailUrl":"https:\/\/www.webdo.tn\/fr\/wp-content\/uploads\/2023\/02\/5bf2d7440907a2619f476a1ab6921f6a.jpg","datePublished":"2023-02-01T09:03:00+00:00","dateModified":"2025-05-22T11:36:42+00:00","description":"Apr\u00e8s avoir pu lever, hier la sanction d'interdiction de recrutement dont il faisait l\u2019objet, le Club Sportif Sfaxien a annonc\u00e9, dans la foul\u00e9e de cette d\u00e9cisio...","breadcrumb":{"@id":"https:\/\/www.webdo.tn\/fr\/actualite\/sport\/dix-nouvelles-recrues-au-cs-sfaxien\/202461\/#breadcrumb"},"inLanguage":"fr-FR","potentialAction":[{"@type":"ReadAction","target":["https:\/\/www.webdo.tn\/fr\/actualite\/sport\/dix-nouvelles-recrues-au-cs-sfaxien\/202461\/"]}]},{"@type":"ImageObject","inLanguage":"fr-FR","@id":"https:\/\/www.webdo.tn\/fr\/actualite\/sport\/dix-nouvelles-recrues-au-cs-sfaxien\/202461\/#primaryimage","url":"https:\/\/www.webdo.tn\/fr\/wp-content\/uploads\/2023\/02\/5bf2d7440907a2619f476a1ab6921f6a.jpg","contentUrl":"https:\/\/www.webdo.tn\/fr\/wp-content\/uploads\/2023\/02\/5bf2d7440907a2619f476a1ab6921f6a.jpg","width":750,"height":400,"caption":"Dix nouvelles recrues au CS Sfaxien"},{"@type":"BreadcrumbList","@id":"https:\/\/www.webdo.tn\/fr\/actualite\/sport\/dix-nouvelles-recrues-au-cs-sfaxien\/202461\/#breadcrumb","itemListElement":[{"@type":"ListItem","position":1,"name":"Accueil","item":"https:\/\/www.webdo.tn\/fr\/"},{"@type":"ListItem","position":2,"name":"Dix nouvelles recrues au CS Sfaxien"}]},{"@type":"WebSite","@id":"https:\/\/www.webdo.tn\/fr\/#website","url":"https:\/\/www.webdo.tn\/fr\/","name":"webdo","description":"Tunisie - News en Tunisie et \u00e0 l&#039;international sur Webdo.tn","publisher":{"@id":"https:\/\/www.webdo.tn\/fr\/#organization"},"potentialAction":[{"@type":"SearchAction","target":{"@type":"EntryPoint","urlTemplate":"https:\/\/www.webdo.tn\/fr\/?s={search_term_string}"},"query-input":{"@type":"PropertyValueSpecification","valueRequired":true,"valueName":"search_term_string"}}],"inLanguage":"fr-FR"},{"@type":"Organization","@id":"https:\/\/www.webdo.tn\/fr\/#organization","name":"Webdo","alternateName":"Webdo.tn","url":"https:\/\/www.webdo.tn\/fr\/","logo":{"@type":"ImageObject","inLanguage":"fr-FR","@id":"https:\/\/www.webdo.tn\/fr\/#\/schema\/logo\/image\/","url":"https:\/\/www.webdo.tn\/fr\/wp-content\/uploads\/2025\/06\/Webdo-Tunisie_168377.jpg","contentUrl":"https:\/\/www.webdo.tn\/fr\/wp-content\/uploads\/2025\/06\/Webdo-Tunisie_168377.jpg","width":301,"height":301,"caption":"Webdo"},"image":{"@id":"https:\/\/www.webdo.tn\/fr\/#\/schema\/logo\/image\/"},"sameAs":["https:\/\/www.facebook.com\/webdotn","https:\/\/x.com\/webdo_tn"],"description":"Webdo est un m\u00e9dia num\u00e9rique tunisien fond\u00e9 en 2010, sp\u00e9cialis\u00e9 dans l\u2019actualit\u00e9 nationale et internationale, l\u2019\u00e9conomie, la soci\u00e9t\u00e9 et les analyses politiques. Le site s\u2019adresse \u00e0 un large public francophone et couvre l\u2019information tunisienne en temps r\u00e9el.","email":"redac@webdo.tn","legalName":"YNJ SARL","foundingDate":"2010-09-06","numberOfEmployees":{"@type":"QuantitativeValue","minValue":"11","maxValue":"50"}},{"@type":"Person","@id":"https:\/\/www.webdo.tn\/fr\/#\/schema\/person\/2c4929cbf5a809e3bd38617c6ce150f6","name":"MC","image":{"@type":"ImageObject","inLanguage":"fr-FR","@id":"https:\/\/secure.gravatar.com\/avatar\/a545bbb6f84efdd5553dbbc2895e3ca8f1d12c5215e00a041c9670b54aa9b18a?s=96&d=mm&r=g","url":"https:\/\/secure.gravatar.com\/avatar\/a545bbb6f84efdd5553dbbc2895e3ca8f1d12c5215e00a041c9670b54aa9b18a?s=96&d=mm&r=g","contentUrl":"https:\/\/secure.gravatar.com\/avatar\/a545bbb6f84efdd5553dbbc2895e3ca8f1d12c5215e00a041c9670b54aa9b18a?s=96&d=mm&r=g","caption":"MC"},"url":"https:\/\/www.webdo.tn\/fr\/actualite\/author\/mc\/"}]}},"_links":{"self":[{"href":"https:\/\/www.webdo.tn\/fr\/wp-json\/wp\/v2\/posts\/202461","targetHints":{"allow":["GET"]}}],"collection":[{"href":"https:\/\/www.webdo.tn\/fr\/wp-json\/wp\/v2\/posts"}],"about":[{"href":"https:\/\/www.webdo.tn\/fr\/wp-json\/wp\/v2\/types\/post"}],"author":[{"embeddable":true,"href":"https:\/\/www.webdo.tn\/fr\/wp-json\/wp\/v2\/users\/3162"}],"replies":[{"embeddable":true,"href":"https:\/\/www.webdo.tn\/fr\/wp-json\/wp\/v2\/comments?post=202461"}],"version-history":[{"count":0,"href":"https:\/\/www.webdo.tn\/fr\/wp-json\/wp\/v2\/posts\/202461\/revisions"}],"wp:featuredmedia":[{"embeddable":true,"href":"https:\/\/www.webdo.tn\/fr\/wp-json\/wp\/v2\/media\/348208"}],"wp:attachment":[{"href":"https:\/\/www.webdo.tn\/fr\/wp-json\/wp\/v2\/media?parent=202461"}],"wp:term":[{"taxonomy":"category","embeddable":true,"href":"https:\/\/www.webdo.tn\/fr\/wp-json\/wp\/v2\/categories?post=202461"},{"taxonomy":"post_tag","embeddable":true,"href":"https:\/\/www.webdo.tn\/fr\/wp-json\/wp\/v2\/tags?post=202461"}],"curies":[{"name":"wp","href":"https:\/\/api.w.org\/{rel}","templated":true}]}}