{"id":202452,"date":"2023-01-31T19:58:00","date_gmt":"2023-01-31T19:58:00","guid":{"rendered":"https:\/\/www.webdo.tn\/fr\/actualite\/blog\/l-etat-d-urgence-prolonge-jusqu-au-31-decembre-2023\/202452\/"},"modified":"2025-05-22T11:36:41","modified_gmt":"2025-05-22T11:36:41","slug":"l-etat-d-urgence-prolonge-jusqu-au-31-decembre-2023","status":"publish","type":"post","link":"https:\/\/www.webdo.tn\/fr\/actualite\/national\/l-etat-d-urgence-prolonge-jusqu-au-31-decembre-2023\/202452\/","title":{"rendered":"L&rsquo;\u00e9tat d&rsquo;urgence prolong\u00e9 jusqu&rsquo;au 31 d\u00e9cembre 2023"},"content":{"rendered":"<p>Le pr\u00e9sident de la R\u00e9publique, Kais Saied, a d\u00e9cid\u00e9 de prolonger l&rsquo;\u00e9tat d&rsquo;urgence jusqu&rsquo;au 31 d\u00e9cembre 2023, selon ce qui a \u00e9t\u00e9 publi\u00e9 au Journal officiel de la R\u00e9publique tunisienne en date du 31 janvier 2023.<\/p>\n<p> C&rsquo;est en novembre 2015, que la Tunisie avait d\u00e9cr\u00e9t\u00e9 l\u2019\u00e9tat d\u2019urgence \u00e0 la suite de l\u2019attaque terroriste contre un bus de la Garde pr\u00e9sidentielle, qui avait fait 12 morts et 16 bless\u00e9s.<\/p>\n<p>Depuis, l\u2019\u00e9tat d\u2019urgence a \u00e9t\u00e9 prolong\u00e9 \u00e0 plusieurs reprises. La derni\u00e8re, date du 1er janvier 2023 lorsqu&rsquo;il avait \u00e9t\u00e9 prolong\u00e9 d&rsquo;un mois.<\/p>\n","protected":false},"excerpt":{"rendered":"<p>Le pr\u00e9sident de la R\u00e9publique, Kais Saied, a d\u00e9cid\u00e9 de prolonger l&rsquo;\u00e9tat d&rsquo;urgence jusqu&rsquo;au 31 d\u00e9cembre 2023, selon ce qui a \u00e9t\u00e9 publi\u00e9 au Journal officiel de la&#8230;<\/p>\n","protected":false},"author":3162,"featured_media":348207,"comment_status":"open","ping_status":"closed","sticky":false,"template":"","format":"standard","meta":{"footnotes":""},"categories":[44],"tags":[4179,2608],"class_list":["post-202452","post","type-post","status-publish","format-standard","has-post-thumbnail","hentry","category-national","tag-etat-durgence","tag-tunisie"],"yoast_head":"<!-- This site is optimized with the Yoast SEO Premium plugin v27.4 (Yoast SEO v27.5) - https:\/\/yoast.com\/product\/yoast-seo-premium-wordpress\/ -->\n<title>L&#039;\u00e9tat d&#039;urgence prolong\u00e9 jusqu&#039;au 31 d\u00e9cembre 2023<\/title>\n<meta name=\"description\" content=\"Le pr\u00e9sident de la R\u00e9publique, Kais Saied, a d\u00e9cid\u00e9 de prolonger l&#039;\u00e9tat d&#039;urgence jusqu&#039;au 31 d\u00e9cembre 2023, selon ce qui a \u00e9t\u00e9 publi\u00e9 au Journal officiel de la...\" \/>\n<link rel=\"canonical\" href=\"https:\/\/www.webdo.tn\/fr\/actualite\/national-45\/l-etat-d-urgence-prolonge-jusqu-au-31-decembre-2023\/202452\/\" \/>\n<meta property=\"og:locale\" content=\"fr_FR\" \/>\n<meta property=\"og:type\" content=\"article\" \/>\n<meta property=\"og:title\" content=\"L&#039;\u00e9tat d&#039;urgence prolong\u00e9 jusqu&#039;au 31 d\u00e9cembre 2023\" \/>\n<meta property=\"og:description\" content=\"Le pr\u00e9sident de la R\u00e9publique, Kais Saied, a d\u00e9cid\u00e9 de prolonger l&#039;\u00e9tat d&#039;urgence jusqu&#039;au 31 d\u00e9cembre 2023, selon ce qui a \u00e9t\u00e9 publi\u00e9 au Journal officiel de la...\" \/>\n<meta property=\"og:url\" content=\"https:\/\/www.webdo.tn\/fr\/actualite\/national-45\/l-etat-d-urgence-prolonge-jusqu-au-31-decembre-2023\/202452\/\" \/>\n<meta property=\"og:site_name\" content=\"webdo\" \/>\n<meta property=\"article:publisher\" content=\"https:\/\/www.facebook.com\/webdotn\" \/>\n<meta property=\"article:published_time\" content=\"2023-01-31T19:58:00+00:00\" \/>\n<meta property=\"article:modified_time\" content=\"2025-05-22T11:36:41+00:00\" \/>\n<meta property=\"og:image\" content=\"https:\/\/www.webdo.tn\/fr\/wp-content\/uploads\/2023\/01\/c3b6010d0688264922010273c2010216.png\" \/>\n\t<meta property=\"og:image:width\" content=\"750\" \/>\n\t<meta property=\"og:image:height\" content=\"400\" \/>\n\t<meta property=\"og:image:type\" content=\"image\/png\" \/>\n<meta name=\"author\" content=\"MC\" \/>\n<meta name=\"twitter:card\" content=\"summary_large_image\" \/>\n<meta name=\"twitter:creator\" content=\"@webdo_tn\" \/>\n<meta name=\"twitter:site\" content=\"@webdo_tn\" \/>\n<meta name=\"twitter:label1\" content=\"\u00c9crit par\" \/>\n\t<meta name=\"twitter:data1\" content=\"MC\" \/>\n<script type=\"application\/ld+json\" class=\"yoast-schema-graph\">{\"@context\":\"https:\\\/\\\/schema.org\",\"@graph\":[{\"@type\":\"NewsArticle\",\"@id\":\"https:\\\/\\\/www.webdo.tn\\\/fr\\\/actualite\\\/national-45\\\/l-etat-d-urgence-prolonge-jusqu-au-31-decembre-2023\\\/202452\\\/#article\",\"isPartOf\":{\"@id\":\"https:\\\/\\\/www.webdo.tn\\\/fr\\\/actualite\\\/national-45\\\/l-etat-d-urgence-prolonge-jusqu-au-31-decembre-2023\\\/202452\\\/\"},\"author\":{\"name\":\"MC\",\"@id\":\"https:\\\/\\\/www.webdo.tn\\\/fr\\\/#\\\/schema\\\/person\\\/2c4929cbf5a809e3bd38617c6ce150f6\"},\"headline\":\"L&rsquo;\u00e9tat d&rsquo;urgence prolong\u00e9 jusqu&rsquo;au 31 d\u00e9cembre 2023\",\"datePublished\":\"2023-01-31T19:58:00+00:00\",\"dateModified\":\"2025-05-22T11:36:41+00:00\",\"mainEntityOfPage\":{\"@id\":\"https:\\\/\\\/www.webdo.tn\\\/fr\\\/actualite\\\/national-45\\\/l-etat-d-urgence-prolonge-jusqu-au-31-decembre-2023\\\/202452\\\/\"},\"wordCount\":110,\"commentCount\":0,\"publisher\":{\"@id\":\"https:\\\/\\\/www.webdo.tn\\\/fr\\\/#organization\"},\"image\":{\"@id\":\"https:\\\/\\\/www.webdo.tn\\\/fr\\\/actualite\\\/national-45\\\/l-etat-d-urgence-prolonge-jusqu-au-31-decembre-2023\\\/202452\\\/#primaryimage\"},\"thumbnailUrl\":\"https:\\\/\\\/www.webdo.tn\\\/fr\\\/wp-content\\\/uploads\\\/2023\\\/01\\\/c3b6010d0688264922010273c2010216.png\",\"keywords\":[\"\u00e9tat d'urgence\",\"Tunisie\"],\"articleSection\":[\"National\"],\"inLanguage\":\"fr-FR\"},{\"@type\":\"WebPage\",\"@id\":\"https:\\\/\\\/www.webdo.tn\\\/fr\\\/actualite\\\/national-45\\\/l-etat-d-urgence-prolonge-jusqu-au-31-decembre-2023\\\/202452\\\/\",\"url\":\"https:\\\/\\\/www.webdo.tn\\\/fr\\\/actualite\\\/national-45\\\/l-etat-d-urgence-prolonge-jusqu-au-31-decembre-2023\\\/202452\\\/\",\"name\":\"L'\u00e9tat d'urgence prolong\u00e9 jusqu'au 31 d\u00e9cembre 2023\",\"isPartOf\":{\"@id\":\"https:\\\/\\\/www.webdo.tn\\\/fr\\\/#website\"},\"primaryImageOfPage\":{\"@id\":\"https:\\\/\\\/www.webdo.tn\\\/fr\\\/actualite\\\/national-45\\\/l-etat-d-urgence-prolonge-jusqu-au-31-decembre-2023\\\/202452\\\/#primaryimage\"},\"image\":{\"@id\":\"https:\\\/\\\/www.webdo.tn\\\/fr\\\/actualite\\\/national-45\\\/l-etat-d-urgence-prolonge-jusqu-au-31-decembre-2023\\\/202452\\\/#primaryimage\"},\"thumbnailUrl\":\"https:\\\/\\\/www.webdo.tn\\\/fr\\\/wp-content\\\/uploads\\\/2023\\\/01\\\/c3b6010d0688264922010273c2010216.png\",\"datePublished\":\"2023-01-31T19:58:00+00:00\",\"dateModified\":\"2025-05-22T11:36:41+00:00\",\"description\":\"Le pr\u00e9sident de la R\u00e9publique, Kais Saied, a d\u00e9cid\u00e9 de prolonger l'\u00e9tat d'urgence jusqu'au 31 d\u00e9cembre 2023, selon ce qui a \u00e9t\u00e9 publi\u00e9 au Journal officiel de la...\",\"breadcrumb\":{\"@id\":\"https:\\\/\\\/www.webdo.tn\\\/fr\\\/actualite\\\/national-45\\\/l-etat-d-urgence-prolonge-jusqu-au-31-decembre-2023\\\/202452\\\/#breadcrumb\"},\"inLanguage\":\"fr-FR\",\"potentialAction\":[{\"@type\":\"ReadAction\",\"target\":[\"https:\\\/\\\/www.webdo.tn\\\/fr\\\/actualite\\\/national-45\\\/l-etat-d-urgence-prolonge-jusqu-au-31-decembre-2023\\\/202452\\\/\"]}]},{\"@type\":\"ImageObject\",\"inLanguage\":\"fr-FR\",\"@id\":\"https:\\\/\\\/www.webdo.tn\\\/fr\\\/actualite\\\/national-45\\\/l-etat-d-urgence-prolonge-jusqu-au-31-decembre-2023\\\/202452\\\/#primaryimage\",\"url\":\"https:\\\/\\\/www.webdo.tn\\\/fr\\\/wp-content\\\/uploads\\\/2023\\\/01\\\/c3b6010d0688264922010273c2010216.png\",\"contentUrl\":\"https:\\\/\\\/www.webdo.tn\\\/fr\\\/wp-content\\\/uploads\\\/2023\\\/01\\\/c3b6010d0688264922010273c2010216.png\",\"width\":750,\"height\":400,\"caption\":\"L'\u00e9tat d'urgence prolong\u00e9 jusqu'au 31 d\u00e9cembre 2023\"},{\"@type\":\"BreadcrumbList\",\"@id\":\"https:\\\/\\\/www.webdo.tn\\\/fr\\\/actualite\\\/national-45\\\/l-etat-d-urgence-prolonge-jusqu-au-31-decembre-2023\\\/202452\\\/#breadcrumb\",\"itemListElement\":[{\"@type\":\"ListItem\",\"position\":1,\"name\":\"Accueil\",\"item\":\"https:\\\/\\\/www.webdo.tn\\\/fr\\\/\"},{\"@type\":\"ListItem\",\"position\":2,\"name\":\"L&rsquo;\u00e9tat d&rsquo;urgence prolong\u00e9 jusqu&rsquo;au 31 d\u00e9cembre 2023\"}]},{\"@type\":\"WebSite\",\"@id\":\"https:\\\/\\\/www.webdo.tn\\\/fr\\\/#website\",\"url\":\"https:\\\/\\\/www.webdo.tn\\\/fr\\\/\",\"name\":\"webdo\",\"description\":\"Tunisie - News en Tunisie et \u00e0 l&#039;international sur Webdo.tn\",\"publisher\":{\"@id\":\"https:\\\/\\\/www.webdo.tn\\\/fr\\\/#organization\"},\"potentialAction\":[{\"@type\":\"SearchAction\",\"target\":{\"@type\":\"EntryPoint\",\"urlTemplate\":\"https:\\\/\\\/www.webdo.tn\\\/fr\\\/?s={search_term_string}\"},\"query-input\":{\"@type\":\"PropertyValueSpecification\",\"valueRequired\":true,\"valueName\":\"search_term_string\"}}],\"inLanguage\":\"fr-FR\"},{\"@type\":\"Organization\",\"@id\":\"https:\\\/\\\/www.webdo.tn\\\/fr\\\/#organization\",\"name\":\"Webdo\",\"alternateName\":\"Webdo.tn\",\"url\":\"https:\\\/\\\/www.webdo.tn\\\/fr\\\/\",\"logo\":{\"@type\":\"ImageObject\",\"inLanguage\":\"fr-FR\",\"@id\":\"https:\\\/\\\/www.webdo.tn\\\/fr\\\/#\\\/schema\\\/logo\\\/image\\\/\",\"url\":\"https:\\\/\\\/www.webdo.tn\\\/fr\\\/wp-content\\\/uploads\\\/2025\\\/06\\\/Webdo-Tunisie_168377.jpg\",\"contentUrl\":\"https:\\\/\\\/www.webdo.tn\\\/fr\\\/wp-content\\\/uploads\\\/2025\\\/06\\\/Webdo-Tunisie_168377.jpg\",\"width\":301,\"height\":301,\"caption\":\"Webdo\"},\"image\":{\"@id\":\"https:\\\/\\\/www.webdo.tn\\\/fr\\\/#\\\/schema\\\/logo\\\/image\\\/\"},\"sameAs\":[\"https:\\\/\\\/www.facebook.com\\\/webdotn\",\"https:\\\/\\\/x.com\\\/webdo_tn\"],\"description\":\"Webdo est un m\u00e9dia num\u00e9rique tunisien fond\u00e9 en 2010, sp\u00e9cialis\u00e9 dans l\u2019actualit\u00e9 nationale et internationale, l\u2019\u00e9conomie, la soci\u00e9t\u00e9 et les analyses politiques. Le site s\u2019adresse \u00e0 un large public francophone et couvre l\u2019information tunisienne en temps r\u00e9el.\",\"email\":\"redac@webdo.tn\",\"legalName\":\"YNJ SARL\",\"foundingDate\":\"2010-09-06\",\"numberOfEmployees\":{\"@type\":\"QuantitativeValue\",\"minValue\":\"11\",\"maxValue\":\"50\"}},{\"@type\":\"Person\",\"@id\":\"https:\\\/\\\/www.webdo.tn\\\/fr\\\/#\\\/schema\\\/person\\\/2c4929cbf5a809e3bd38617c6ce150f6\",\"name\":\"MC\",\"image\":{\"@type\":\"ImageObject\",\"inLanguage\":\"fr-FR\",\"@id\":\"https:\\\/\\\/secure.gravatar.com\\\/avatar\\\/a545bbb6f84efdd5553dbbc2895e3ca8f1d12c5215e00a041c9670b54aa9b18a?s=96&d=mm&r=g\",\"url\":\"https:\\\/\\\/secure.gravatar.com\\\/avatar\\\/a545bbb6f84efdd5553dbbc2895e3ca8f1d12c5215e00a041c9670b54aa9b18a?s=96&d=mm&r=g\",\"contentUrl\":\"https:\\\/\\\/secure.gravatar.com\\\/avatar\\\/a545bbb6f84efdd5553dbbc2895e3ca8f1d12c5215e00a041c9670b54aa9b18a?s=96&d=mm&r=g\",\"caption\":\"MC\"},\"url\":\"https:\\\/\\\/www.webdo.tn\\\/fr\\\/actualite\\\/author\\\/mc\\\/\"}]}<\/script>\n<!-- \/ Yoast SEO Premium plugin. -->","yoast_head_json":{"title":"L'\u00e9tat d'urgence prolong\u00e9 jusqu'au 31 d\u00e9cembre 2023","description":"Le pr\u00e9sident de la R\u00e9publique, Kais Saied, a d\u00e9cid\u00e9 de prolonger l'\u00e9tat d'urgence jusqu'au 31 d\u00e9cembre 2023, selon ce qui a \u00e9t\u00e9 publi\u00e9 au Journal officiel de la...","canonical":"https:\/\/www.webdo.tn\/fr\/actualite\/national-45\/l-etat-d-urgence-prolonge-jusqu-au-31-decembre-2023\/202452\/","og_locale":"fr_FR","og_type":"article","og_title":"L'\u00e9tat d'urgence prolong\u00e9 jusqu'au 31 d\u00e9cembre 2023","og_description":"Le pr\u00e9sident de la R\u00e9publique, Kais Saied, a d\u00e9cid\u00e9 de prolonger l'\u00e9tat d'urgence jusqu'au 31 d\u00e9cembre 2023, selon ce qui a \u00e9t\u00e9 publi\u00e9 au Journal officiel de la...","og_url":"https:\/\/www.webdo.tn\/fr\/actualite\/national-45\/l-etat-d-urgence-prolonge-jusqu-au-31-decembre-2023\/202452\/","og_site_name":"webdo","article_publisher":"https:\/\/www.facebook.com\/webdotn","article_published_time":"2023-01-31T19:58:00+00:00","article_modified_time":"2025-05-22T11:36:41+00:00","og_image":[{"width":750,"height":400,"url":"https:\/\/www.webdo.tn\/fr\/wp-content\/uploads\/2023\/01\/c3b6010d0688264922010273c2010216.png","type":"image\/png"}],"author":"MC","twitter_card":"summary_large_image","twitter_creator":"@webdo_tn","twitter_site":"@webdo_tn","twitter_misc":{"\u00c9crit par":"MC"},"schema":{"@context":"https:\/\/schema.org","@graph":[{"@type":"NewsArticle","@id":"https:\/\/www.webdo.tn\/fr\/actualite\/national-45\/l-etat-d-urgence-prolonge-jusqu-au-31-decembre-2023\/202452\/#article","isPartOf":{"@id":"https:\/\/www.webdo.tn\/fr\/actualite\/national-45\/l-etat-d-urgence-prolonge-jusqu-au-31-decembre-2023\/202452\/"},"author":{"name":"MC","@id":"https:\/\/www.webdo.tn\/fr\/#\/schema\/person\/2c4929cbf5a809e3bd38617c6ce150f6"},"headline":"L&rsquo;\u00e9tat d&rsquo;urgence prolong\u00e9 jusqu&rsquo;au 31 d\u00e9cembre 2023","datePublished":"2023-01-31T19:58:00+00:00","dateModified":"2025-05-22T11:36:41+00:00","mainEntityOfPage":{"@id":"https:\/\/www.webdo.tn\/fr\/actualite\/national-45\/l-etat-d-urgence-prolonge-jusqu-au-31-decembre-2023\/202452\/"},"wordCount":110,"commentCount":0,"publisher":{"@id":"https:\/\/www.webdo.tn\/fr\/#organization"},"image":{"@id":"https:\/\/www.webdo.tn\/fr\/actualite\/national-45\/l-etat-d-urgence-prolonge-jusqu-au-31-decembre-2023\/202452\/#primaryimage"},"thumbnailUrl":"https:\/\/www.webdo.tn\/fr\/wp-content\/uploads\/2023\/01\/c3b6010d0688264922010273c2010216.png","keywords":["\u00e9tat d'urgence","Tunisie"],"articleSection":["National"],"inLanguage":"fr-FR"},{"@type":"WebPage","@id":"https:\/\/www.webdo.tn\/fr\/actualite\/national-45\/l-etat-d-urgence-prolonge-jusqu-au-31-decembre-2023\/202452\/","url":"https:\/\/www.webdo.tn\/fr\/actualite\/national-45\/l-etat-d-urgence-prolonge-jusqu-au-31-decembre-2023\/202452\/","name":"L'\u00e9tat d'urgence prolong\u00e9 jusqu'au 31 d\u00e9cembre 2023","isPartOf":{"@id":"https:\/\/www.webdo.tn\/fr\/#website"},"primaryImageOfPage":{"@id":"https:\/\/www.webdo.tn\/fr\/actualite\/national-45\/l-etat-d-urgence-prolonge-jusqu-au-31-decembre-2023\/202452\/#primaryimage"},"image":{"@id":"https:\/\/www.webdo.tn\/fr\/actualite\/national-45\/l-etat-d-urgence-prolonge-jusqu-au-31-decembre-2023\/202452\/#primaryimage"},"thumbnailUrl":"https:\/\/www.webdo.tn\/fr\/wp-content\/uploads\/2023\/01\/c3b6010d0688264922010273c2010216.png","datePublished":"2023-01-31T19:58:00+00:00","dateModified":"2025-05-22T11:36:41+00:00","description":"Le pr\u00e9sident de la R\u00e9publique, Kais Saied, a d\u00e9cid\u00e9 de prolonger l'\u00e9tat d'urgence jusqu'au 31 d\u00e9cembre 2023, selon ce qui a \u00e9t\u00e9 publi\u00e9 au Journal officiel de la...","breadcrumb":{"@id":"https:\/\/www.webdo.tn\/fr\/actualite\/national-45\/l-etat-d-urgence-prolonge-jusqu-au-31-decembre-2023\/202452\/#breadcrumb"},"inLanguage":"fr-FR","potentialAction":[{"@type":"ReadAction","target":["https:\/\/www.webdo.tn\/fr\/actualite\/national-45\/l-etat-d-urgence-prolonge-jusqu-au-31-decembre-2023\/202452\/"]}]},{"@type":"ImageObject","inLanguage":"fr-FR","@id":"https:\/\/www.webdo.tn\/fr\/actualite\/national-45\/l-etat-d-urgence-prolonge-jusqu-au-31-decembre-2023\/202452\/#primaryimage","url":"https:\/\/www.webdo.tn\/fr\/wp-content\/uploads\/2023\/01\/c3b6010d0688264922010273c2010216.png","contentUrl":"https:\/\/www.webdo.tn\/fr\/wp-content\/uploads\/2023\/01\/c3b6010d0688264922010273c2010216.png","width":750,"height":400,"caption":"L'\u00e9tat d'urgence prolong\u00e9 jusqu'au 31 d\u00e9cembre 2023"},{"@type":"BreadcrumbList","@id":"https:\/\/www.webdo.tn\/fr\/actualite\/national-45\/l-etat-d-urgence-prolonge-jusqu-au-31-decembre-2023\/202452\/#breadcrumb","itemListElement":[{"@type":"ListItem","position":1,"name":"Accueil","item":"https:\/\/www.webdo.tn\/fr\/"},{"@type":"ListItem","position":2,"name":"L&rsquo;\u00e9tat d&rsquo;urgence prolong\u00e9 jusqu&rsquo;au 31 d\u00e9cembre 2023"}]},{"@type":"WebSite","@id":"https:\/\/www.webdo.tn\/fr\/#website","url":"https:\/\/www.webdo.tn\/fr\/","name":"webdo","description":"Tunisie - News en Tunisie et \u00e0 l&#039;international sur Webdo.tn","publisher":{"@id":"https:\/\/www.webdo.tn\/fr\/#organization"},"potentialAction":[{"@type":"SearchAction","target":{"@type":"EntryPoint","urlTemplate":"https:\/\/www.webdo.tn\/fr\/?s={search_term_string}"},"query-input":{"@type":"PropertyValueSpecification","valueRequired":true,"valueName":"search_term_string"}}],"inLanguage":"fr-FR"},{"@type":"Organization","@id":"https:\/\/www.webdo.tn\/fr\/#organization","name":"Webdo","alternateName":"Webdo.tn","url":"https:\/\/www.webdo.tn\/fr\/","logo":{"@type":"ImageObject","inLanguage":"fr-FR","@id":"https:\/\/www.webdo.tn\/fr\/#\/schema\/logo\/image\/","url":"https:\/\/www.webdo.tn\/fr\/wp-content\/uploads\/2025\/06\/Webdo-Tunisie_168377.jpg","contentUrl":"https:\/\/www.webdo.tn\/fr\/wp-content\/uploads\/2025\/06\/Webdo-Tunisie_168377.jpg","width":301,"height":301,"caption":"Webdo"},"image":{"@id":"https:\/\/www.webdo.tn\/fr\/#\/schema\/logo\/image\/"},"sameAs":["https:\/\/www.facebook.com\/webdotn","https:\/\/x.com\/webdo_tn"],"description":"Webdo est un m\u00e9dia num\u00e9rique tunisien fond\u00e9 en 2010, sp\u00e9cialis\u00e9 dans l\u2019actualit\u00e9 nationale et internationale, l\u2019\u00e9conomie, la soci\u00e9t\u00e9 et les analyses politiques. Le site s\u2019adresse \u00e0 un large public francophone et couvre l\u2019information tunisienne en temps r\u00e9el.","email":"redac@webdo.tn","legalName":"YNJ SARL","foundingDate":"2010-09-06","numberOfEmployees":{"@type":"QuantitativeValue","minValue":"11","maxValue":"50"}},{"@type":"Person","@id":"https:\/\/www.webdo.tn\/fr\/#\/schema\/person\/2c4929cbf5a809e3bd38617c6ce150f6","name":"MC","image":{"@type":"ImageObject","inLanguage":"fr-FR","@id":"https:\/\/secure.gravatar.com\/avatar\/a545bbb6f84efdd5553dbbc2895e3ca8f1d12c5215e00a041c9670b54aa9b18a?s=96&d=mm&r=g","url":"https:\/\/secure.gravatar.com\/avatar\/a545bbb6f84efdd5553dbbc2895e3ca8f1d12c5215e00a041c9670b54aa9b18a?s=96&d=mm&r=g","contentUrl":"https:\/\/secure.gravatar.com\/avatar\/a545bbb6f84efdd5553dbbc2895e3ca8f1d12c5215e00a041c9670b54aa9b18a?s=96&d=mm&r=g","caption":"MC"},"url":"https:\/\/www.webdo.tn\/fr\/actualite\/author\/mc\/"}]}},"_links":{"self":[{"href":"https:\/\/www.webdo.tn\/fr\/wp-json\/wp\/v2\/posts\/202452","targetHints":{"allow":["GET"]}}],"collection":[{"href":"https:\/\/www.webdo.tn\/fr\/wp-json\/wp\/v2\/posts"}],"about":[{"href":"https:\/\/www.webdo.tn\/fr\/wp-json\/wp\/v2\/types\/post"}],"author":[{"embeddable":true,"href":"https:\/\/www.webdo.tn\/fr\/wp-json\/wp\/v2\/users\/3162"}],"replies":[{"embeddable":true,"href":"https:\/\/www.webdo.tn\/fr\/wp-json\/wp\/v2\/comments?post=202452"}],"version-history":[{"count":0,"href":"https:\/\/www.webdo.tn\/fr\/wp-json\/wp\/v2\/posts\/202452\/revisions"}],"wp:featuredmedia":[{"embeddable":true,"href":"https:\/\/www.webdo.tn\/fr\/wp-json\/wp\/v2\/media\/348207"}],"wp:attachment":[{"href":"https:\/\/www.webdo.tn\/fr\/wp-json\/wp\/v2\/media?parent=202452"}],"wp:term":[{"taxonomy":"category","embeddable":true,"href":"https:\/\/www.webdo.tn\/fr\/wp-json\/wp\/v2\/categories?post=202452"},{"taxonomy":"post_tag","embeddable":true,"href":"https:\/\/www.webdo.tn\/fr\/wp-json\/wp\/v2\/tags?post=202452"}],"curies":[{"name":"wp","href":"https:\/\/api.w.org\/{rel}","templated":true}]}}