{"id":202451,"date":"2023-01-31T19:47:00","date_gmt":"2023-01-31T19:47:00","guid":{"rendered":"https:\/\/www.webdo.tn\/fr\/actualite\/blog\/les-libyens-et-les-algeriens-dispenses-de-fourriere-mais-pas-de-sabot\/202451\/"},"modified":"2025-05-22T11:36:37","modified_gmt":"2025-05-22T11:36:37","slug":"les-libyens-et-les-algeriens-dispenses-de-fourriere-mais-pas-de-sabot","status":"publish","type":"post","link":"https:\/\/www.webdo.tn\/fr\/actualite\/national\/les-libyens-et-les-algeriens-dispenses-de-fourriere-mais-pas-de-sabot\/202451\/","title":{"rendered":"Les Libyens et les Alg\u00e9riens dispens\u00e9s de fourri\u00e8re, mais pas de sabot !"},"content":{"rendered":"<p>\u00c7a pr\u00eate \u00e0 questionnement. Pourquoi les voitures particuli\u00e8res des Libyens et des Alg\u00e9riens, en stationnement interdit, ne sont pas mises en fourri\u00e8re mais sont bloqu\u00e9s par des sabots de Denver ?<\/p>\n<p> La d\u00e9cision de ne pas sanctionner les touristes alg\u00e9riens et libyens, en stationnement interdit, pr\u00eate toujours \u00e0 \u00e9quivoque chez nous.<\/p>\n<p>Pourquoi ? Primo, du point de vue du principe. La loi devant \u00eatre appliqu\u00e9e \u00e0 tous sans distinction d\u2019aucun ordre, nous ne comprenons pas pourquoi des nationalit\u00e9s sont exempt\u00e9es et pas d\u2019autres.<\/p>\n<p>Passe des Tunisiens qui sont attendus au tournant. Pourquoi les Europ\u00e9ens, \u00e0 titre d\u2019exemple, ne sont-ils pas log\u00e9s \u00e0 la m\u00eame enseigne et ne b\u00e9n\u00e9ficient pas de passe-droit ?<\/p>\n<p>Secundo : pourquoi nos voisins alg\u00e9riens et libyens sont-ils dispens\u00e9s de fourri\u00e8re quand ils garent dans des endroits interdits, mais pas de sabots ?! Alors que le r\u00e9sultat est identique en ce sens qu\u2019ils se trouvent dans l\u2019impossibilit\u00e9 de circuler.<\/p>\n<p>S\u2019ils doivent b\u00e9n\u00e9ficier d\u2019un privil\u00e8ge, autant le leur accorder pleinement. Est-ce parce que la mise en fourri\u00e8re revient \u00e0 payer 45 dinars alors que le sabot co\u00fbte moins cher ? L\u2019on ne sait pas exactement la philosophie de cette mesure, sinon qu\u2019elle est absurde.<\/p>\n<p>Rappelons que le ministre tunisien de l\u2019Int\u00e9rieur, Taoufik Charfeddine et son homologue alg\u00e9rien Kamel Beljoud, s\u2019\u00e9taient rencontr\u00e9s le lundi 11 juillet 2022, sur la fronti\u00e8re au niveau du poste frontalier d\u2019Oum Teboul de la Wilaya d\u2019El Tarf, c\u00f4t\u00e9 alg\u00e9rien.<\/p>\n<p>Lors de cette rencontre, Charfeddine a annonc\u00e9 que les automobilistes alg\u00e9riens pourront se garer o\u00f9 bon leur semble sans \u00eatre inqui\u00e9t\u00e9s par les grues de fourri\u00e8re.<\/p>\n","protected":false},"excerpt":{"rendered":"<p>\u00c7a pr\u00eate \u00e0 questionnement. Pourquoi les voitures particuli\u00e8res des Libyens et des Alg\u00e9riens, en stationnement interdit, ne sont pas mises en fourri\u00e8re mais sont&#8230;<\/p>\n","protected":false},"author":3188,"featured_media":348205,"comment_status":"open","ping_status":"closed","sticky":false,"template":"","format":"standard","meta":{"footnotes":""},"categories":[44],"tags":[11401,3751],"class_list":["post-202451","post","type-post","status-publish","format-standard","has-post-thumbnail","hentry","category-national","tag-fourriere","tag-sabot"],"yoast_head":"<!-- This site is optimized with the Yoast SEO Premium plugin v27.4 (Yoast SEO v27.5) - https:\/\/yoast.com\/product\/yoast-seo-premium-wordpress\/ -->\n<title>Les Libyens et les Alg\u00e9riens dispens\u00e9s de fourri\u00e8re, mais pas de sabot !<\/title>\n<meta name=\"description\" content=\"\u00c7a pr\u00eate \u00e0 questionnement. Pourquoi les voitures particuli\u00e8res des Libyens et des Alg\u00e9riens, en stationnement interdit, ne sont pas mises en fourri\u00e8re mais sont...\" \/>\n<link rel=\"canonical\" href=\"https:\/\/www.webdo.tn\/fr\/actualite\/national-45\/les-libyens-et-les-algeriens-dispenses-de-fourriere-mais-pas-de-sabot\/202451\/\" \/>\n<meta property=\"og:locale\" content=\"fr_FR\" \/>\n<meta property=\"og:type\" content=\"article\" \/>\n<meta property=\"og:title\" content=\"Les Libyens et les Alg\u00e9riens dispens\u00e9s de fourri\u00e8re, mais pas de sabot !\" \/>\n<meta property=\"og:description\" content=\"\u00c7a pr\u00eate \u00e0 questionnement. Pourquoi les voitures particuli\u00e8res des Libyens et des Alg\u00e9riens, en stationnement interdit, ne sont pas mises en fourri\u00e8re mais sont...\" \/>\n<meta property=\"og:url\" content=\"https:\/\/www.webdo.tn\/fr\/actualite\/national-45\/les-libyens-et-les-algeriens-dispenses-de-fourriere-mais-pas-de-sabot\/202451\/\" \/>\n<meta property=\"og:site_name\" content=\"webdo\" \/>\n<meta property=\"article:publisher\" content=\"https:\/\/www.facebook.com\/webdotn\" \/>\n<meta property=\"article:published_time\" content=\"2023-01-31T19:47:00+00:00\" \/>\n<meta property=\"article:modified_time\" content=\"2025-05-22T11:36:37+00:00\" \/>\n<meta property=\"og:image\" content=\"https:\/\/www.webdo.tn\/fr\/wp-content\/uploads\/2023\/01\/1f21a777de20a6b64d010640e1e18be2.jpg\" \/>\n\t<meta property=\"og:image:width\" content=\"750\" \/>\n\t<meta property=\"og:image:height\" content=\"400\" \/>\n\t<meta property=\"og:image:type\" content=\"image\/jpeg\" \/>\n<meta name=\"author\" content=\"Ramzi\" \/>\n<meta name=\"twitter:card\" content=\"summary_large_image\" \/>\n<meta name=\"twitter:creator\" content=\"@webdo_tn\" \/>\n<meta name=\"twitter:site\" content=\"@webdo_tn\" \/>\n<meta name=\"twitter:label1\" content=\"\u00c9crit par\" \/>\n\t<meta name=\"twitter:data1\" content=\"Ramzi\" \/>\n\t<meta name=\"twitter:label2\" content=\"Dur\u00e9e de lecture estim\u00e9e\" \/>\n\t<meta name=\"twitter:data2\" content=\"1 minute\" \/>\n<script type=\"application\/ld+json\" class=\"yoast-schema-graph\">{\"@context\":\"https:\\\/\\\/schema.org\",\"@graph\":[{\"@type\":\"NewsArticle\",\"@id\":\"https:\\\/\\\/www.webdo.tn\\\/fr\\\/actualite\\\/national-45\\\/les-libyens-et-les-algeriens-dispenses-de-fourriere-mais-pas-de-sabot\\\/202451\\\/#article\",\"isPartOf\":{\"@id\":\"https:\\\/\\\/www.webdo.tn\\\/fr\\\/actualite\\\/national-45\\\/les-libyens-et-les-algeriens-dispenses-de-fourriere-mais-pas-de-sabot\\\/202451\\\/\"},\"author\":{\"name\":\"Ramzi\",\"@id\":\"https:\\\/\\\/www.webdo.tn\\\/fr\\\/#\\\/schema\\\/person\\\/590cb5f81adcfde6385530fdbdf468e2\"},\"headline\":\"Les Libyens et les Alg\u00e9riens dispens\u00e9s de fourri\u00e8re, mais pas de sabot !\",\"datePublished\":\"2023-01-31T19:47:00+00:00\",\"dateModified\":\"2025-05-22T11:36:37+00:00\",\"mainEntityOfPage\":{\"@id\":\"https:\\\/\\\/www.webdo.tn\\\/fr\\\/actualite\\\/national-45\\\/les-libyens-et-les-algeriens-dispenses-de-fourriere-mais-pas-de-sabot\\\/202451\\\/\"},\"wordCount\":309,\"commentCount\":0,\"publisher\":{\"@id\":\"https:\\\/\\\/www.webdo.tn\\\/fr\\\/#organization\"},\"image\":{\"@id\":\"https:\\\/\\\/www.webdo.tn\\\/fr\\\/actualite\\\/national-45\\\/les-libyens-et-les-algeriens-dispenses-de-fourriere-mais-pas-de-sabot\\\/202451\\\/#primaryimage\"},\"thumbnailUrl\":\"https:\\\/\\\/www.webdo.tn\\\/fr\\\/wp-content\\\/uploads\\\/2023\\\/01\\\/1f21a777de20a6b64d010640e1e18be2.jpg\",\"keywords\":[\"fourri\u00e8re\",\"sabot\"],\"articleSection\":[\"National\"],\"inLanguage\":\"fr-FR\"},{\"@type\":\"WebPage\",\"@id\":\"https:\\\/\\\/www.webdo.tn\\\/fr\\\/actualite\\\/national-45\\\/les-libyens-et-les-algeriens-dispenses-de-fourriere-mais-pas-de-sabot\\\/202451\\\/\",\"url\":\"https:\\\/\\\/www.webdo.tn\\\/fr\\\/actualite\\\/national-45\\\/les-libyens-et-les-algeriens-dispenses-de-fourriere-mais-pas-de-sabot\\\/202451\\\/\",\"name\":\"Les Libyens et les Alg\u00e9riens dispens\u00e9s de fourri\u00e8re, mais pas de sabot !\",\"isPartOf\":{\"@id\":\"https:\\\/\\\/www.webdo.tn\\\/fr\\\/#website\"},\"primaryImageOfPage\":{\"@id\":\"https:\\\/\\\/www.webdo.tn\\\/fr\\\/actualite\\\/national-45\\\/les-libyens-et-les-algeriens-dispenses-de-fourriere-mais-pas-de-sabot\\\/202451\\\/#primaryimage\"},\"image\":{\"@id\":\"https:\\\/\\\/www.webdo.tn\\\/fr\\\/actualite\\\/national-45\\\/les-libyens-et-les-algeriens-dispenses-de-fourriere-mais-pas-de-sabot\\\/202451\\\/#primaryimage\"},\"thumbnailUrl\":\"https:\\\/\\\/www.webdo.tn\\\/fr\\\/wp-content\\\/uploads\\\/2023\\\/01\\\/1f21a777de20a6b64d010640e1e18be2.jpg\",\"datePublished\":\"2023-01-31T19:47:00+00:00\",\"dateModified\":\"2025-05-22T11:36:37+00:00\",\"description\":\"\u00c7a pr\u00eate \u00e0 questionnement. Pourquoi les voitures particuli\u00e8res des Libyens et des Alg\u00e9riens, en stationnement interdit, ne sont pas mises en fourri\u00e8re mais sont...\",\"breadcrumb\":{\"@id\":\"https:\\\/\\\/www.webdo.tn\\\/fr\\\/actualite\\\/national-45\\\/les-libyens-et-les-algeriens-dispenses-de-fourriere-mais-pas-de-sabot\\\/202451\\\/#breadcrumb\"},\"inLanguage\":\"fr-FR\",\"potentialAction\":[{\"@type\":\"ReadAction\",\"target\":[\"https:\\\/\\\/www.webdo.tn\\\/fr\\\/actualite\\\/national-45\\\/les-libyens-et-les-algeriens-dispenses-de-fourriere-mais-pas-de-sabot\\\/202451\\\/\"]}]},{\"@type\":\"ImageObject\",\"inLanguage\":\"fr-FR\",\"@id\":\"https:\\\/\\\/www.webdo.tn\\\/fr\\\/actualite\\\/national-45\\\/les-libyens-et-les-algeriens-dispenses-de-fourriere-mais-pas-de-sabot\\\/202451\\\/#primaryimage\",\"url\":\"https:\\\/\\\/www.webdo.tn\\\/fr\\\/wp-content\\\/uploads\\\/2023\\\/01\\\/1f21a777de20a6b64d010640e1e18be2.jpg\",\"contentUrl\":\"https:\\\/\\\/www.webdo.tn\\\/fr\\\/wp-content\\\/uploads\\\/2023\\\/01\\\/1f21a777de20a6b64d010640e1e18be2.jpg\",\"width\":750,\"height\":400,\"caption\":\"Les Libyens et les Alg\u00e9riens dispens\u00e9s de fourri\u00e8re, mais pas de sabot !\"},{\"@type\":\"BreadcrumbList\",\"@id\":\"https:\\\/\\\/www.webdo.tn\\\/fr\\\/actualite\\\/national-45\\\/les-libyens-et-les-algeriens-dispenses-de-fourriere-mais-pas-de-sabot\\\/202451\\\/#breadcrumb\",\"itemListElement\":[{\"@type\":\"ListItem\",\"position\":1,\"name\":\"Accueil\",\"item\":\"https:\\\/\\\/www.webdo.tn\\\/fr\\\/\"},{\"@type\":\"ListItem\",\"position\":2,\"name\":\"Les Libyens et les Alg\u00e9riens dispens\u00e9s de fourri\u00e8re, mais pas de sabot !\"}]},{\"@type\":\"WebSite\",\"@id\":\"https:\\\/\\\/www.webdo.tn\\\/fr\\\/#website\",\"url\":\"https:\\\/\\\/www.webdo.tn\\\/fr\\\/\",\"name\":\"webdo\",\"description\":\"Tunisie - News en Tunisie et \u00e0 l&#039;international sur Webdo.tn\",\"publisher\":{\"@id\":\"https:\\\/\\\/www.webdo.tn\\\/fr\\\/#organization\"},\"potentialAction\":[{\"@type\":\"SearchAction\",\"target\":{\"@type\":\"EntryPoint\",\"urlTemplate\":\"https:\\\/\\\/www.webdo.tn\\\/fr\\\/?s={search_term_string}\"},\"query-input\":{\"@type\":\"PropertyValueSpecification\",\"valueRequired\":true,\"valueName\":\"search_term_string\"}}],\"inLanguage\":\"fr-FR\"},{\"@type\":\"Organization\",\"@id\":\"https:\\\/\\\/www.webdo.tn\\\/fr\\\/#organization\",\"name\":\"Webdo\",\"alternateName\":\"Webdo.tn\",\"url\":\"https:\\\/\\\/www.webdo.tn\\\/fr\\\/\",\"logo\":{\"@type\":\"ImageObject\",\"inLanguage\":\"fr-FR\",\"@id\":\"https:\\\/\\\/www.webdo.tn\\\/fr\\\/#\\\/schema\\\/logo\\\/image\\\/\",\"url\":\"https:\\\/\\\/www.webdo.tn\\\/fr\\\/wp-content\\\/uploads\\\/2025\\\/06\\\/Webdo-Tunisie_168377.jpg\",\"contentUrl\":\"https:\\\/\\\/www.webdo.tn\\\/fr\\\/wp-content\\\/uploads\\\/2025\\\/06\\\/Webdo-Tunisie_168377.jpg\",\"width\":301,\"height\":301,\"caption\":\"Webdo\"},\"image\":{\"@id\":\"https:\\\/\\\/www.webdo.tn\\\/fr\\\/#\\\/schema\\\/logo\\\/image\\\/\"},\"sameAs\":[\"https:\\\/\\\/www.facebook.com\\\/webdotn\",\"https:\\\/\\\/x.com\\\/webdo_tn\"],\"description\":\"Webdo est un m\u00e9dia num\u00e9rique tunisien fond\u00e9 en 2010, sp\u00e9cialis\u00e9 dans l\u2019actualit\u00e9 nationale et internationale, l\u2019\u00e9conomie, la soci\u00e9t\u00e9 et les analyses politiques. Le site s\u2019adresse \u00e0 un large public francophone et couvre l\u2019information tunisienne en temps r\u00e9el.\",\"email\":\"redac@webdo.tn\",\"legalName\":\"YNJ SARL\",\"foundingDate\":\"2010-09-06\",\"numberOfEmployees\":{\"@type\":\"QuantitativeValue\",\"minValue\":\"11\",\"maxValue\":\"50\"}},{\"@type\":\"Person\",\"@id\":\"https:\\\/\\\/www.webdo.tn\\\/fr\\\/#\\\/schema\\\/person\\\/590cb5f81adcfde6385530fdbdf468e2\",\"name\":\"Ramzi\",\"image\":{\"@type\":\"ImageObject\",\"inLanguage\":\"fr-FR\",\"@id\":\"https:\\\/\\\/secure.gravatar.com\\\/avatar\\\/48df7d18915e10cf866ba8e27604c81ff9243fd52704a1d210c3e387e1cb8d87?s=96&d=mm&r=g\",\"url\":\"https:\\\/\\\/secure.gravatar.com\\\/avatar\\\/48df7d18915e10cf866ba8e27604c81ff9243fd52704a1d210c3e387e1cb8d87?s=96&d=mm&r=g\",\"contentUrl\":\"https:\\\/\\\/secure.gravatar.com\\\/avatar\\\/48df7d18915e10cf866ba8e27604c81ff9243fd52704a1d210c3e387e1cb8d87?s=96&d=mm&r=g\",\"caption\":\"Ramzi\"},\"url\":\"https:\\\/\\\/www.webdo.tn\\\/fr\\\/actualite\\\/author\\\/ramzi\\\/\"}]}<\/script>\n<!-- \/ Yoast SEO Premium plugin. -->","yoast_head_json":{"title":"Les Libyens et les Alg\u00e9riens dispens\u00e9s de fourri\u00e8re, mais pas de sabot !","description":"\u00c7a pr\u00eate \u00e0 questionnement. Pourquoi les voitures particuli\u00e8res des Libyens et des Alg\u00e9riens, en stationnement interdit, ne sont pas mises en fourri\u00e8re mais sont...","canonical":"https:\/\/www.webdo.tn\/fr\/actualite\/national-45\/les-libyens-et-les-algeriens-dispenses-de-fourriere-mais-pas-de-sabot\/202451\/","og_locale":"fr_FR","og_type":"article","og_title":"Les Libyens et les Alg\u00e9riens dispens\u00e9s de fourri\u00e8re, mais pas de sabot !","og_description":"\u00c7a pr\u00eate \u00e0 questionnement. Pourquoi les voitures particuli\u00e8res des Libyens et des Alg\u00e9riens, en stationnement interdit, ne sont pas mises en fourri\u00e8re mais sont...","og_url":"https:\/\/www.webdo.tn\/fr\/actualite\/national-45\/les-libyens-et-les-algeriens-dispenses-de-fourriere-mais-pas-de-sabot\/202451\/","og_site_name":"webdo","article_publisher":"https:\/\/www.facebook.com\/webdotn","article_published_time":"2023-01-31T19:47:00+00:00","article_modified_time":"2025-05-22T11:36:37+00:00","og_image":[{"width":750,"height":400,"url":"https:\/\/www.webdo.tn\/fr\/wp-content\/uploads\/2023\/01\/1f21a777de20a6b64d010640e1e18be2.jpg","type":"image\/jpeg"}],"author":"Ramzi","twitter_card":"summary_large_image","twitter_creator":"@webdo_tn","twitter_site":"@webdo_tn","twitter_misc":{"\u00c9crit par":"Ramzi","Dur\u00e9e de lecture estim\u00e9e":"1 minute"},"schema":{"@context":"https:\/\/schema.org","@graph":[{"@type":"NewsArticle","@id":"https:\/\/www.webdo.tn\/fr\/actualite\/national-45\/les-libyens-et-les-algeriens-dispenses-de-fourriere-mais-pas-de-sabot\/202451\/#article","isPartOf":{"@id":"https:\/\/www.webdo.tn\/fr\/actualite\/national-45\/les-libyens-et-les-algeriens-dispenses-de-fourriere-mais-pas-de-sabot\/202451\/"},"author":{"name":"Ramzi","@id":"https:\/\/www.webdo.tn\/fr\/#\/schema\/person\/590cb5f81adcfde6385530fdbdf468e2"},"headline":"Les Libyens et les Alg\u00e9riens dispens\u00e9s de fourri\u00e8re, mais pas de sabot !","datePublished":"2023-01-31T19:47:00+00:00","dateModified":"2025-05-22T11:36:37+00:00","mainEntityOfPage":{"@id":"https:\/\/www.webdo.tn\/fr\/actualite\/national-45\/les-libyens-et-les-algeriens-dispenses-de-fourriere-mais-pas-de-sabot\/202451\/"},"wordCount":309,"commentCount":0,"publisher":{"@id":"https:\/\/www.webdo.tn\/fr\/#organization"},"image":{"@id":"https:\/\/www.webdo.tn\/fr\/actualite\/national-45\/les-libyens-et-les-algeriens-dispenses-de-fourriere-mais-pas-de-sabot\/202451\/#primaryimage"},"thumbnailUrl":"https:\/\/www.webdo.tn\/fr\/wp-content\/uploads\/2023\/01\/1f21a777de20a6b64d010640e1e18be2.jpg","keywords":["fourri\u00e8re","sabot"],"articleSection":["National"],"inLanguage":"fr-FR"},{"@type":"WebPage","@id":"https:\/\/www.webdo.tn\/fr\/actualite\/national-45\/les-libyens-et-les-algeriens-dispenses-de-fourriere-mais-pas-de-sabot\/202451\/","url":"https:\/\/www.webdo.tn\/fr\/actualite\/national-45\/les-libyens-et-les-algeriens-dispenses-de-fourriere-mais-pas-de-sabot\/202451\/","name":"Les Libyens et les Alg\u00e9riens dispens\u00e9s de fourri\u00e8re, mais pas de sabot !","isPartOf":{"@id":"https:\/\/www.webdo.tn\/fr\/#website"},"primaryImageOfPage":{"@id":"https:\/\/www.webdo.tn\/fr\/actualite\/national-45\/les-libyens-et-les-algeriens-dispenses-de-fourriere-mais-pas-de-sabot\/202451\/#primaryimage"},"image":{"@id":"https:\/\/www.webdo.tn\/fr\/actualite\/national-45\/les-libyens-et-les-algeriens-dispenses-de-fourriere-mais-pas-de-sabot\/202451\/#primaryimage"},"thumbnailUrl":"https:\/\/www.webdo.tn\/fr\/wp-content\/uploads\/2023\/01\/1f21a777de20a6b64d010640e1e18be2.jpg","datePublished":"2023-01-31T19:47:00+00:00","dateModified":"2025-05-22T11:36:37+00:00","description":"\u00c7a pr\u00eate \u00e0 questionnement. Pourquoi les voitures particuli\u00e8res des Libyens et des Alg\u00e9riens, en stationnement interdit, ne sont pas mises en fourri\u00e8re mais sont...","breadcrumb":{"@id":"https:\/\/www.webdo.tn\/fr\/actualite\/national-45\/les-libyens-et-les-algeriens-dispenses-de-fourriere-mais-pas-de-sabot\/202451\/#breadcrumb"},"inLanguage":"fr-FR","potentialAction":[{"@type":"ReadAction","target":["https:\/\/www.webdo.tn\/fr\/actualite\/national-45\/les-libyens-et-les-algeriens-dispenses-de-fourriere-mais-pas-de-sabot\/202451\/"]}]},{"@type":"ImageObject","inLanguage":"fr-FR","@id":"https:\/\/www.webdo.tn\/fr\/actualite\/national-45\/les-libyens-et-les-algeriens-dispenses-de-fourriere-mais-pas-de-sabot\/202451\/#primaryimage","url":"https:\/\/www.webdo.tn\/fr\/wp-content\/uploads\/2023\/01\/1f21a777de20a6b64d010640e1e18be2.jpg","contentUrl":"https:\/\/www.webdo.tn\/fr\/wp-content\/uploads\/2023\/01\/1f21a777de20a6b64d010640e1e18be2.jpg","width":750,"height":400,"caption":"Les Libyens et les Alg\u00e9riens dispens\u00e9s de fourri\u00e8re, mais pas de sabot !"},{"@type":"BreadcrumbList","@id":"https:\/\/www.webdo.tn\/fr\/actualite\/national-45\/les-libyens-et-les-algeriens-dispenses-de-fourriere-mais-pas-de-sabot\/202451\/#breadcrumb","itemListElement":[{"@type":"ListItem","position":1,"name":"Accueil","item":"https:\/\/www.webdo.tn\/fr\/"},{"@type":"ListItem","position":2,"name":"Les Libyens et les Alg\u00e9riens dispens\u00e9s de fourri\u00e8re, mais pas de sabot !"}]},{"@type":"WebSite","@id":"https:\/\/www.webdo.tn\/fr\/#website","url":"https:\/\/www.webdo.tn\/fr\/","name":"webdo","description":"Tunisie - News en Tunisie et \u00e0 l&#039;international sur Webdo.tn","publisher":{"@id":"https:\/\/www.webdo.tn\/fr\/#organization"},"potentialAction":[{"@type":"SearchAction","target":{"@type":"EntryPoint","urlTemplate":"https:\/\/www.webdo.tn\/fr\/?s={search_term_string}"},"query-input":{"@type":"PropertyValueSpecification","valueRequired":true,"valueName":"search_term_string"}}],"inLanguage":"fr-FR"},{"@type":"Organization","@id":"https:\/\/www.webdo.tn\/fr\/#organization","name":"Webdo","alternateName":"Webdo.tn","url":"https:\/\/www.webdo.tn\/fr\/","logo":{"@type":"ImageObject","inLanguage":"fr-FR","@id":"https:\/\/www.webdo.tn\/fr\/#\/schema\/logo\/image\/","url":"https:\/\/www.webdo.tn\/fr\/wp-content\/uploads\/2025\/06\/Webdo-Tunisie_168377.jpg","contentUrl":"https:\/\/www.webdo.tn\/fr\/wp-content\/uploads\/2025\/06\/Webdo-Tunisie_168377.jpg","width":301,"height":301,"caption":"Webdo"},"image":{"@id":"https:\/\/www.webdo.tn\/fr\/#\/schema\/logo\/image\/"},"sameAs":["https:\/\/www.facebook.com\/webdotn","https:\/\/x.com\/webdo_tn"],"description":"Webdo est un m\u00e9dia num\u00e9rique tunisien fond\u00e9 en 2010, sp\u00e9cialis\u00e9 dans l\u2019actualit\u00e9 nationale et internationale, l\u2019\u00e9conomie, la soci\u00e9t\u00e9 et les analyses politiques. Le site s\u2019adresse \u00e0 un large public francophone et couvre l\u2019information tunisienne en temps r\u00e9el.","email":"redac@webdo.tn","legalName":"YNJ SARL","foundingDate":"2010-09-06","numberOfEmployees":{"@type":"QuantitativeValue","minValue":"11","maxValue":"50"}},{"@type":"Person","@id":"https:\/\/www.webdo.tn\/fr\/#\/schema\/person\/590cb5f81adcfde6385530fdbdf468e2","name":"Ramzi","image":{"@type":"ImageObject","inLanguage":"fr-FR","@id":"https:\/\/secure.gravatar.com\/avatar\/48df7d18915e10cf866ba8e27604c81ff9243fd52704a1d210c3e387e1cb8d87?s=96&d=mm&r=g","url":"https:\/\/secure.gravatar.com\/avatar\/48df7d18915e10cf866ba8e27604c81ff9243fd52704a1d210c3e387e1cb8d87?s=96&d=mm&r=g","contentUrl":"https:\/\/secure.gravatar.com\/avatar\/48df7d18915e10cf866ba8e27604c81ff9243fd52704a1d210c3e387e1cb8d87?s=96&d=mm&r=g","caption":"Ramzi"},"url":"https:\/\/www.webdo.tn\/fr\/actualite\/author\/ramzi\/"}]}},"_links":{"self":[{"href":"https:\/\/www.webdo.tn\/fr\/wp-json\/wp\/v2\/posts\/202451","targetHints":{"allow":["GET"]}}],"collection":[{"href":"https:\/\/www.webdo.tn\/fr\/wp-json\/wp\/v2\/posts"}],"about":[{"href":"https:\/\/www.webdo.tn\/fr\/wp-json\/wp\/v2\/types\/post"}],"author":[{"embeddable":true,"href":"https:\/\/www.webdo.tn\/fr\/wp-json\/wp\/v2\/users\/3188"}],"replies":[{"embeddable":true,"href":"https:\/\/www.webdo.tn\/fr\/wp-json\/wp\/v2\/comments?post=202451"}],"version-history":[{"count":0,"href":"https:\/\/www.webdo.tn\/fr\/wp-json\/wp\/v2\/posts\/202451\/revisions"}],"wp:featuredmedia":[{"embeddable":true,"href":"https:\/\/www.webdo.tn\/fr\/wp-json\/wp\/v2\/media\/348205"}],"wp:attachment":[{"href":"https:\/\/www.webdo.tn\/fr\/wp-json\/wp\/v2\/media?parent=202451"}],"wp:term":[{"taxonomy":"category","embeddable":true,"href":"https:\/\/www.webdo.tn\/fr\/wp-json\/wp\/v2\/categories?post=202451"},{"taxonomy":"post_tag","embeddable":true,"href":"https:\/\/www.webdo.tn\/fr\/wp-json\/wp\/v2\/tags?post=202451"}],"curies":[{"name":"wp","href":"https:\/\/api.w.org\/{rel}","templated":true}]}}