{"id":202449,"date":"2023-01-31T19:39:00","date_gmt":"2023-01-31T19:39:00","guid":{"rendered":"https:\/\/www.webdo.tn\/fr\/actualite\/blog\/levee-de-l-interdiction-de-recrutement-pour-le-cs-sfaxien\/202449\/"},"modified":"2025-05-22T11:36:36","modified_gmt":"2025-05-22T11:36:36","slug":"levee-de-l-interdiction-de-recrutement-pour-le-cs-sfaxien","status":"publish","type":"post","link":"https:\/\/www.webdo.tn\/fr\/actualite\/sport\/levee-de-l-interdiction-de-recrutement-pour-le-cs-sfaxien\/202449\/","title":{"rendered":"Lev\u00e9e de l&rsquo;interdiction de recrutement pour le CS Sfaxien"},"content":{"rendered":"<p>Le Club Sportif Sfaxien a annonc\u00e9, mardi 31 janvier 2023, \u00e0 quelques heures de la cl\u00f4turre du mercato, la concluion du seul dossier de litige restant aupr\u00e8s de la FIFA et ainsi la lev\u00e9e de la sanction d&rsquo;interdiction de recrutement.<\/p>\n<p> Le club indique, dans un communiqu\u00e9 publi\u00e9 sur sa page officielle facebook, qu&rsquo;il est d\u00e9sormais capable de qualifier les nouvelles recrues engag\u00e9es pour renforcer son effectif.<\/p>\n","protected":false},"excerpt":{"rendered":"<p>Le Club Sportif Sfaxien a annonc\u00e9, mardi 31 janvier 2023, \u00e0 quelques heures de la cl\u00f4turre du mercato, la concluion du seul dossier de litige restant aupr\u00e8s de&#8230;<\/p>\n","protected":false},"author":3162,"featured_media":348204,"comment_status":"open","ping_status":"closed","sticky":false,"template":"","format":"standard","meta":{"footnotes":""},"categories":[2593],"tags":[4606,4914,11400,4555],"class_list":["post-202449","post","type-post","status-publish","format-standard","has-post-thumbnail","hentry","category-sport","tag-cs-sfaxien","tag-css","tag-inrediction-de-recrutement","tag-mercato"],"yoast_head":"<!-- This site is optimized with the Yoast SEO Premium plugin v27.4 (Yoast SEO v27.5) - https:\/\/yoast.com\/product\/yoast-seo-premium-wordpress\/ -->\n<title>Lev\u00e9e de l&#039;interdiction de recrutement pour le CS Sfaxien<\/title>\n<meta name=\"description\" content=\"Le Club Sportif Sfaxien a annonc\u00e9, mardi 31 janvier 2023, \u00e0 quelques heures de la cl\u00f4turre du mercato, la concluion du seul dossier de litige restant aupr\u00e8s de...\" \/>\n<link rel=\"canonical\" href=\"https:\/\/www.webdo.tn\/fr\/actualite\/sport\/levee-de-l-interdiction-de-recrutement-pour-le-cs-sfaxien\/202449\/\" \/>\n<meta property=\"og:locale\" content=\"fr_FR\" \/>\n<meta property=\"og:type\" content=\"article\" \/>\n<meta property=\"og:title\" content=\"Lev\u00e9e de l&#039;interdiction de recrutement pour le CS Sfaxien\" \/>\n<meta property=\"og:description\" content=\"Le Club Sportif Sfaxien a annonc\u00e9, mardi 31 janvier 2023, \u00e0 quelques heures de la cl\u00f4turre du mercato, la concluion du seul dossier de litige restant aupr\u00e8s de...\" \/>\n<meta property=\"og:url\" content=\"https:\/\/www.webdo.tn\/fr\/actualite\/sport\/levee-de-l-interdiction-de-recrutement-pour-le-cs-sfaxien\/202449\/\" \/>\n<meta property=\"og:site_name\" content=\"webdo\" \/>\n<meta property=\"article:publisher\" content=\"https:\/\/www.facebook.com\/webdotn\" \/>\n<meta property=\"article:published_time\" content=\"2023-01-31T19:39:00+00:00\" \/>\n<meta property=\"article:modified_time\" content=\"2025-05-22T11:36:36+00:00\" \/>\n<meta property=\"og:image\" content=\"https:\/\/www.webdo.tn\/fr\/wp-content\/uploads\/2023\/01\/99c45132db650dd56bec39850f8af1c3.jpg\" \/>\n\t<meta property=\"og:image:width\" content=\"750\" \/>\n\t<meta property=\"og:image:height\" content=\"400\" \/>\n\t<meta property=\"og:image:type\" content=\"image\/jpeg\" \/>\n<meta name=\"author\" content=\"MC\" \/>\n<meta name=\"twitter:card\" content=\"summary_large_image\" \/>\n<meta name=\"twitter:creator\" content=\"@webdo_tn\" \/>\n<meta name=\"twitter:site\" content=\"@webdo_tn\" \/>\n<meta name=\"twitter:label1\" content=\"\u00c9crit par\" \/>\n\t<meta name=\"twitter:data1\" content=\"MC\" \/>\n<script type=\"application\/ld+json\" class=\"yoast-schema-graph\">{\"@context\":\"https:\\\/\\\/schema.org\",\"@graph\":[{\"@type\":\"NewsArticle\",\"@id\":\"https:\\\/\\\/www.webdo.tn\\\/fr\\\/actualite\\\/sport\\\/levee-de-l-interdiction-de-recrutement-pour-le-cs-sfaxien\\\/202449\\\/#article\",\"isPartOf\":{\"@id\":\"https:\\\/\\\/www.webdo.tn\\\/fr\\\/actualite\\\/sport\\\/levee-de-l-interdiction-de-recrutement-pour-le-cs-sfaxien\\\/202449\\\/\"},\"author\":{\"name\":\"MC\",\"@id\":\"https:\\\/\\\/www.webdo.tn\\\/fr\\\/#\\\/schema\\\/person\\\/2c4929cbf5a809e3bd38617c6ce150f6\"},\"headline\":\"Lev\u00e9e de l&rsquo;interdiction de recrutement pour le CS Sfaxien\",\"datePublished\":\"2023-01-31T19:39:00+00:00\",\"dateModified\":\"2025-05-22T11:36:36+00:00\",\"mainEntityOfPage\":{\"@id\":\"https:\\\/\\\/www.webdo.tn\\\/fr\\\/actualite\\\/sport\\\/levee-de-l-interdiction-de-recrutement-pour-le-cs-sfaxien\\\/202449\\\/\"},\"wordCount\":81,\"commentCount\":0,\"publisher\":{\"@id\":\"https:\\\/\\\/www.webdo.tn\\\/fr\\\/#organization\"},\"image\":{\"@id\":\"https:\\\/\\\/www.webdo.tn\\\/fr\\\/actualite\\\/sport\\\/levee-de-l-interdiction-de-recrutement-pour-le-cs-sfaxien\\\/202449\\\/#primaryimage\"},\"thumbnailUrl\":\"https:\\\/\\\/www.webdo.tn\\\/fr\\\/wp-content\\\/uploads\\\/2023\\\/01\\\/99c45132db650dd56bec39850f8af1c3.jpg\",\"keywords\":[\"cs sfaxien\",\"CSS\",\"inrediction de recrutement\",\"mercato\"],\"articleSection\":[\"Sport\"],\"inLanguage\":\"fr-FR\"},{\"@type\":\"WebPage\",\"@id\":\"https:\\\/\\\/www.webdo.tn\\\/fr\\\/actualite\\\/sport\\\/levee-de-l-interdiction-de-recrutement-pour-le-cs-sfaxien\\\/202449\\\/\",\"url\":\"https:\\\/\\\/www.webdo.tn\\\/fr\\\/actualite\\\/sport\\\/levee-de-l-interdiction-de-recrutement-pour-le-cs-sfaxien\\\/202449\\\/\",\"name\":\"Lev\u00e9e de l'interdiction de recrutement pour le CS Sfaxien\",\"isPartOf\":{\"@id\":\"https:\\\/\\\/www.webdo.tn\\\/fr\\\/#website\"},\"primaryImageOfPage\":{\"@id\":\"https:\\\/\\\/www.webdo.tn\\\/fr\\\/actualite\\\/sport\\\/levee-de-l-interdiction-de-recrutement-pour-le-cs-sfaxien\\\/202449\\\/#primaryimage\"},\"image\":{\"@id\":\"https:\\\/\\\/www.webdo.tn\\\/fr\\\/actualite\\\/sport\\\/levee-de-l-interdiction-de-recrutement-pour-le-cs-sfaxien\\\/202449\\\/#primaryimage\"},\"thumbnailUrl\":\"https:\\\/\\\/www.webdo.tn\\\/fr\\\/wp-content\\\/uploads\\\/2023\\\/01\\\/99c45132db650dd56bec39850f8af1c3.jpg\",\"datePublished\":\"2023-01-31T19:39:00+00:00\",\"dateModified\":\"2025-05-22T11:36:36+00:00\",\"description\":\"Le Club Sportif Sfaxien a annonc\u00e9, mardi 31 janvier 2023, \u00e0 quelques heures de la cl\u00f4turre du mercato, la concluion du seul dossier de litige restant aupr\u00e8s de...\",\"breadcrumb\":{\"@id\":\"https:\\\/\\\/www.webdo.tn\\\/fr\\\/actualite\\\/sport\\\/levee-de-l-interdiction-de-recrutement-pour-le-cs-sfaxien\\\/202449\\\/#breadcrumb\"},\"inLanguage\":\"fr-FR\",\"potentialAction\":[{\"@type\":\"ReadAction\",\"target\":[\"https:\\\/\\\/www.webdo.tn\\\/fr\\\/actualite\\\/sport\\\/levee-de-l-interdiction-de-recrutement-pour-le-cs-sfaxien\\\/202449\\\/\"]}]},{\"@type\":\"ImageObject\",\"inLanguage\":\"fr-FR\",\"@id\":\"https:\\\/\\\/www.webdo.tn\\\/fr\\\/actualite\\\/sport\\\/levee-de-l-interdiction-de-recrutement-pour-le-cs-sfaxien\\\/202449\\\/#primaryimage\",\"url\":\"https:\\\/\\\/www.webdo.tn\\\/fr\\\/wp-content\\\/uploads\\\/2023\\\/01\\\/99c45132db650dd56bec39850f8af1c3.jpg\",\"contentUrl\":\"https:\\\/\\\/www.webdo.tn\\\/fr\\\/wp-content\\\/uploads\\\/2023\\\/01\\\/99c45132db650dd56bec39850f8af1c3.jpg\",\"width\":750,\"height\":400,\"caption\":\"Lev\u00e9e de l'interdiction de recrutement pour le CS Sfaxien\"},{\"@type\":\"BreadcrumbList\",\"@id\":\"https:\\\/\\\/www.webdo.tn\\\/fr\\\/actualite\\\/sport\\\/levee-de-l-interdiction-de-recrutement-pour-le-cs-sfaxien\\\/202449\\\/#breadcrumb\",\"itemListElement\":[{\"@type\":\"ListItem\",\"position\":1,\"name\":\"Accueil\",\"item\":\"https:\\\/\\\/www.webdo.tn\\\/fr\\\/\"},{\"@type\":\"ListItem\",\"position\":2,\"name\":\"Lev\u00e9e de l&rsquo;interdiction de recrutement pour le CS Sfaxien\"}]},{\"@type\":\"WebSite\",\"@id\":\"https:\\\/\\\/www.webdo.tn\\\/fr\\\/#website\",\"url\":\"https:\\\/\\\/www.webdo.tn\\\/fr\\\/\",\"name\":\"webdo\",\"description\":\"Tunisie - News en Tunisie et \u00e0 l&#039;international sur Webdo.tn\",\"publisher\":{\"@id\":\"https:\\\/\\\/www.webdo.tn\\\/fr\\\/#organization\"},\"potentialAction\":[{\"@type\":\"SearchAction\",\"target\":{\"@type\":\"EntryPoint\",\"urlTemplate\":\"https:\\\/\\\/www.webdo.tn\\\/fr\\\/?s={search_term_string}\"},\"query-input\":{\"@type\":\"PropertyValueSpecification\",\"valueRequired\":true,\"valueName\":\"search_term_string\"}}],\"inLanguage\":\"fr-FR\"},{\"@type\":\"Organization\",\"@id\":\"https:\\\/\\\/www.webdo.tn\\\/fr\\\/#organization\",\"name\":\"Webdo\",\"alternateName\":\"Webdo.tn\",\"url\":\"https:\\\/\\\/www.webdo.tn\\\/fr\\\/\",\"logo\":{\"@type\":\"ImageObject\",\"inLanguage\":\"fr-FR\",\"@id\":\"https:\\\/\\\/www.webdo.tn\\\/fr\\\/#\\\/schema\\\/logo\\\/image\\\/\",\"url\":\"https:\\\/\\\/www.webdo.tn\\\/fr\\\/wp-content\\\/uploads\\\/2025\\\/06\\\/Webdo-Tunisie_168377.jpg\",\"contentUrl\":\"https:\\\/\\\/www.webdo.tn\\\/fr\\\/wp-content\\\/uploads\\\/2025\\\/06\\\/Webdo-Tunisie_168377.jpg\",\"width\":301,\"height\":301,\"caption\":\"Webdo\"},\"image\":{\"@id\":\"https:\\\/\\\/www.webdo.tn\\\/fr\\\/#\\\/schema\\\/logo\\\/image\\\/\"},\"sameAs\":[\"https:\\\/\\\/www.facebook.com\\\/webdotn\",\"https:\\\/\\\/x.com\\\/webdo_tn\"],\"description\":\"Webdo est un m\u00e9dia num\u00e9rique tunisien fond\u00e9 en 2010, sp\u00e9cialis\u00e9 dans l\u2019actualit\u00e9 nationale et internationale, l\u2019\u00e9conomie, la soci\u00e9t\u00e9 et les analyses politiques. Le site s\u2019adresse \u00e0 un large public francophone et couvre l\u2019information tunisienne en temps r\u00e9el.\",\"email\":\"redac@webdo.tn\",\"legalName\":\"YNJ SARL\",\"foundingDate\":\"2010-09-06\",\"numberOfEmployees\":{\"@type\":\"QuantitativeValue\",\"minValue\":\"11\",\"maxValue\":\"50\"}},{\"@type\":\"Person\",\"@id\":\"https:\\\/\\\/www.webdo.tn\\\/fr\\\/#\\\/schema\\\/person\\\/2c4929cbf5a809e3bd38617c6ce150f6\",\"name\":\"MC\",\"image\":{\"@type\":\"ImageObject\",\"inLanguage\":\"fr-FR\",\"@id\":\"https:\\\/\\\/secure.gravatar.com\\\/avatar\\\/a545bbb6f84efdd5553dbbc2895e3ca8f1d12c5215e00a041c9670b54aa9b18a?s=96&d=mm&r=g\",\"url\":\"https:\\\/\\\/secure.gravatar.com\\\/avatar\\\/a545bbb6f84efdd5553dbbc2895e3ca8f1d12c5215e00a041c9670b54aa9b18a?s=96&d=mm&r=g\",\"contentUrl\":\"https:\\\/\\\/secure.gravatar.com\\\/avatar\\\/a545bbb6f84efdd5553dbbc2895e3ca8f1d12c5215e00a041c9670b54aa9b18a?s=96&d=mm&r=g\",\"caption\":\"MC\"},\"url\":\"https:\\\/\\\/www.webdo.tn\\\/fr\\\/actualite\\\/author\\\/mc\\\/\"}]}<\/script>\n<!-- \/ Yoast SEO Premium plugin. -->","yoast_head_json":{"title":"Lev\u00e9e de l'interdiction de recrutement pour le CS Sfaxien","description":"Le Club Sportif Sfaxien a annonc\u00e9, mardi 31 janvier 2023, \u00e0 quelques heures de la cl\u00f4turre du mercato, la concluion du seul dossier de litige restant aupr\u00e8s de...","canonical":"https:\/\/www.webdo.tn\/fr\/actualite\/sport\/levee-de-l-interdiction-de-recrutement-pour-le-cs-sfaxien\/202449\/","og_locale":"fr_FR","og_type":"article","og_title":"Lev\u00e9e de l'interdiction de recrutement pour le CS Sfaxien","og_description":"Le Club Sportif Sfaxien a annonc\u00e9, mardi 31 janvier 2023, \u00e0 quelques heures de la cl\u00f4turre du mercato, la concluion du seul dossier de litige restant aupr\u00e8s de...","og_url":"https:\/\/www.webdo.tn\/fr\/actualite\/sport\/levee-de-l-interdiction-de-recrutement-pour-le-cs-sfaxien\/202449\/","og_site_name":"webdo","article_publisher":"https:\/\/www.facebook.com\/webdotn","article_published_time":"2023-01-31T19:39:00+00:00","article_modified_time":"2025-05-22T11:36:36+00:00","og_image":[{"width":750,"height":400,"url":"https:\/\/www.webdo.tn\/fr\/wp-content\/uploads\/2023\/01\/99c45132db650dd56bec39850f8af1c3.jpg","type":"image\/jpeg"}],"author":"MC","twitter_card":"summary_large_image","twitter_creator":"@webdo_tn","twitter_site":"@webdo_tn","twitter_misc":{"\u00c9crit par":"MC"},"schema":{"@context":"https:\/\/schema.org","@graph":[{"@type":"NewsArticle","@id":"https:\/\/www.webdo.tn\/fr\/actualite\/sport\/levee-de-l-interdiction-de-recrutement-pour-le-cs-sfaxien\/202449\/#article","isPartOf":{"@id":"https:\/\/www.webdo.tn\/fr\/actualite\/sport\/levee-de-l-interdiction-de-recrutement-pour-le-cs-sfaxien\/202449\/"},"author":{"name":"MC","@id":"https:\/\/www.webdo.tn\/fr\/#\/schema\/person\/2c4929cbf5a809e3bd38617c6ce150f6"},"headline":"Lev\u00e9e de l&rsquo;interdiction de recrutement pour le CS Sfaxien","datePublished":"2023-01-31T19:39:00+00:00","dateModified":"2025-05-22T11:36:36+00:00","mainEntityOfPage":{"@id":"https:\/\/www.webdo.tn\/fr\/actualite\/sport\/levee-de-l-interdiction-de-recrutement-pour-le-cs-sfaxien\/202449\/"},"wordCount":81,"commentCount":0,"publisher":{"@id":"https:\/\/www.webdo.tn\/fr\/#organization"},"image":{"@id":"https:\/\/www.webdo.tn\/fr\/actualite\/sport\/levee-de-l-interdiction-de-recrutement-pour-le-cs-sfaxien\/202449\/#primaryimage"},"thumbnailUrl":"https:\/\/www.webdo.tn\/fr\/wp-content\/uploads\/2023\/01\/99c45132db650dd56bec39850f8af1c3.jpg","keywords":["cs sfaxien","CSS","inrediction de recrutement","mercato"],"articleSection":["Sport"],"inLanguage":"fr-FR"},{"@type":"WebPage","@id":"https:\/\/www.webdo.tn\/fr\/actualite\/sport\/levee-de-l-interdiction-de-recrutement-pour-le-cs-sfaxien\/202449\/","url":"https:\/\/www.webdo.tn\/fr\/actualite\/sport\/levee-de-l-interdiction-de-recrutement-pour-le-cs-sfaxien\/202449\/","name":"Lev\u00e9e de l'interdiction de recrutement pour le CS Sfaxien","isPartOf":{"@id":"https:\/\/www.webdo.tn\/fr\/#website"},"primaryImageOfPage":{"@id":"https:\/\/www.webdo.tn\/fr\/actualite\/sport\/levee-de-l-interdiction-de-recrutement-pour-le-cs-sfaxien\/202449\/#primaryimage"},"image":{"@id":"https:\/\/www.webdo.tn\/fr\/actualite\/sport\/levee-de-l-interdiction-de-recrutement-pour-le-cs-sfaxien\/202449\/#primaryimage"},"thumbnailUrl":"https:\/\/www.webdo.tn\/fr\/wp-content\/uploads\/2023\/01\/99c45132db650dd56bec39850f8af1c3.jpg","datePublished":"2023-01-31T19:39:00+00:00","dateModified":"2025-05-22T11:36:36+00:00","description":"Le Club Sportif Sfaxien a annonc\u00e9, mardi 31 janvier 2023, \u00e0 quelques heures de la cl\u00f4turre du mercato, la concluion du seul dossier de litige restant aupr\u00e8s de...","breadcrumb":{"@id":"https:\/\/www.webdo.tn\/fr\/actualite\/sport\/levee-de-l-interdiction-de-recrutement-pour-le-cs-sfaxien\/202449\/#breadcrumb"},"inLanguage":"fr-FR","potentialAction":[{"@type":"ReadAction","target":["https:\/\/www.webdo.tn\/fr\/actualite\/sport\/levee-de-l-interdiction-de-recrutement-pour-le-cs-sfaxien\/202449\/"]}]},{"@type":"ImageObject","inLanguage":"fr-FR","@id":"https:\/\/www.webdo.tn\/fr\/actualite\/sport\/levee-de-l-interdiction-de-recrutement-pour-le-cs-sfaxien\/202449\/#primaryimage","url":"https:\/\/www.webdo.tn\/fr\/wp-content\/uploads\/2023\/01\/99c45132db650dd56bec39850f8af1c3.jpg","contentUrl":"https:\/\/www.webdo.tn\/fr\/wp-content\/uploads\/2023\/01\/99c45132db650dd56bec39850f8af1c3.jpg","width":750,"height":400,"caption":"Lev\u00e9e de l'interdiction de recrutement pour le CS Sfaxien"},{"@type":"BreadcrumbList","@id":"https:\/\/www.webdo.tn\/fr\/actualite\/sport\/levee-de-l-interdiction-de-recrutement-pour-le-cs-sfaxien\/202449\/#breadcrumb","itemListElement":[{"@type":"ListItem","position":1,"name":"Accueil","item":"https:\/\/www.webdo.tn\/fr\/"},{"@type":"ListItem","position":2,"name":"Lev\u00e9e de l&rsquo;interdiction de recrutement pour le CS Sfaxien"}]},{"@type":"WebSite","@id":"https:\/\/www.webdo.tn\/fr\/#website","url":"https:\/\/www.webdo.tn\/fr\/","name":"webdo","description":"Tunisie - News en Tunisie et \u00e0 l&#039;international sur Webdo.tn","publisher":{"@id":"https:\/\/www.webdo.tn\/fr\/#organization"},"potentialAction":[{"@type":"SearchAction","target":{"@type":"EntryPoint","urlTemplate":"https:\/\/www.webdo.tn\/fr\/?s={search_term_string}"},"query-input":{"@type":"PropertyValueSpecification","valueRequired":true,"valueName":"search_term_string"}}],"inLanguage":"fr-FR"},{"@type":"Organization","@id":"https:\/\/www.webdo.tn\/fr\/#organization","name":"Webdo","alternateName":"Webdo.tn","url":"https:\/\/www.webdo.tn\/fr\/","logo":{"@type":"ImageObject","inLanguage":"fr-FR","@id":"https:\/\/www.webdo.tn\/fr\/#\/schema\/logo\/image\/","url":"https:\/\/www.webdo.tn\/fr\/wp-content\/uploads\/2025\/06\/Webdo-Tunisie_168377.jpg","contentUrl":"https:\/\/www.webdo.tn\/fr\/wp-content\/uploads\/2025\/06\/Webdo-Tunisie_168377.jpg","width":301,"height":301,"caption":"Webdo"},"image":{"@id":"https:\/\/www.webdo.tn\/fr\/#\/schema\/logo\/image\/"},"sameAs":["https:\/\/www.facebook.com\/webdotn","https:\/\/x.com\/webdo_tn"],"description":"Webdo est un m\u00e9dia num\u00e9rique tunisien fond\u00e9 en 2010, sp\u00e9cialis\u00e9 dans l\u2019actualit\u00e9 nationale et internationale, l\u2019\u00e9conomie, la soci\u00e9t\u00e9 et les analyses politiques. Le site s\u2019adresse \u00e0 un large public francophone et couvre l\u2019information tunisienne en temps r\u00e9el.","email":"redac@webdo.tn","legalName":"YNJ SARL","foundingDate":"2010-09-06","numberOfEmployees":{"@type":"QuantitativeValue","minValue":"11","maxValue":"50"}},{"@type":"Person","@id":"https:\/\/www.webdo.tn\/fr\/#\/schema\/person\/2c4929cbf5a809e3bd38617c6ce150f6","name":"MC","image":{"@type":"ImageObject","inLanguage":"fr-FR","@id":"https:\/\/secure.gravatar.com\/avatar\/a545bbb6f84efdd5553dbbc2895e3ca8f1d12c5215e00a041c9670b54aa9b18a?s=96&d=mm&r=g","url":"https:\/\/secure.gravatar.com\/avatar\/a545bbb6f84efdd5553dbbc2895e3ca8f1d12c5215e00a041c9670b54aa9b18a?s=96&d=mm&r=g","contentUrl":"https:\/\/secure.gravatar.com\/avatar\/a545bbb6f84efdd5553dbbc2895e3ca8f1d12c5215e00a041c9670b54aa9b18a?s=96&d=mm&r=g","caption":"MC"},"url":"https:\/\/www.webdo.tn\/fr\/actualite\/author\/mc\/"}]}},"_links":{"self":[{"href":"https:\/\/www.webdo.tn\/fr\/wp-json\/wp\/v2\/posts\/202449","targetHints":{"allow":["GET"]}}],"collection":[{"href":"https:\/\/www.webdo.tn\/fr\/wp-json\/wp\/v2\/posts"}],"about":[{"href":"https:\/\/www.webdo.tn\/fr\/wp-json\/wp\/v2\/types\/post"}],"author":[{"embeddable":true,"href":"https:\/\/www.webdo.tn\/fr\/wp-json\/wp\/v2\/users\/3162"}],"replies":[{"embeddable":true,"href":"https:\/\/www.webdo.tn\/fr\/wp-json\/wp\/v2\/comments?post=202449"}],"version-history":[{"count":0,"href":"https:\/\/www.webdo.tn\/fr\/wp-json\/wp\/v2\/posts\/202449\/revisions"}],"wp:featuredmedia":[{"embeddable":true,"href":"https:\/\/www.webdo.tn\/fr\/wp-json\/wp\/v2\/media\/348204"}],"wp:attachment":[{"href":"https:\/\/www.webdo.tn\/fr\/wp-json\/wp\/v2\/media?parent=202449"}],"wp:term":[{"taxonomy":"category","embeddable":true,"href":"https:\/\/www.webdo.tn\/fr\/wp-json\/wp\/v2\/categories?post=202449"},{"taxonomy":"post_tag","embeddable":true,"href":"https:\/\/www.webdo.tn\/fr\/wp-json\/wp\/v2\/tags?post=202449"}],"curies":[{"name":"wp","href":"https:\/\/api.w.org\/{rel}","templated":true}]}}