{"id":202423,"date":"2023-01-31T09:50:00","date_gmt":"2023-01-31T09:50:00","guid":{"rendered":"https:\/\/www.webdo.tn\/fr\/blog\/portrait-khorma-le-rappeur-de-la-new-wave\/202423\/"},"modified":"2025-05-14T10:45:45","modified_gmt":"2025-05-14T10:45:45","slug":"portrait-khorma-le-rappeur-de-la-new-wave","status":"publish","type":"post","link":"https:\/\/www.webdo.tn\/fr\/actualite\/chroniques\/portrait-khorma-le-rappeur-de-la-new-wave\/202423\/","title":{"rendered":"Portrait : Khorma, le rappeur de la new wave"},"content":{"rendered":"<p>Malek Yakoubi compte parmi ces jeunes, venus au rap par vocation et aussi par choix musical et po\u00e9tique. Khorma est son nom de sc\u00e8ne et il fait un v\u00e9ritable tabac sur les r\u00e9seaux sociaux.<\/p>\n<p>\t\t\t\t\t\t\t\t\tQuatre de ses clips ont accumul\u00e9 des dizaines de milliers de vues sur YouTube alors que le producteur Vinyl diffuse \u00e9galement sa musique.<\/p>\n<p>Khorma \u00e9volue dans le milieu du rap depuis 2018. Ce jeune d&rsquo;origine keffoise est n\u00e9 \u00e0 Bhar Lazreg o\u00f9 il est consid\u00e9r\u00e9 comme un artiste accompli.<\/p>\n<p>Il \u00e9crit ses chansons et les compose avec des inspirations qui racontent son entourage, le lieu o\u00f9 il vit et aussi l&rsquo;espoir qui chez lui est un leitmotiv.<\/p>\n<p>En effet, Khorma chante pour les jeunes qui pourraient perdre le sens de leur vie. Sur un rythme chaloup\u00e9, il les invite \u00e0 garder le cap, positiver et quand il le faut, faire contre mauvaise fortune bon c\u0153ur.<\/p>\n<p>En une quinzaine de chansons, Khorma brosse un univers urbain plut\u00f4t v\u00e9ridique, \u00e9manant d&rsquo;un v\u00e9cu qu&rsquo;il d\u00e9crit dans ses d\u00e9tails, ses peines et ses joies.<\/p>\n<p>Sa chanson \u00ab\u00a0Skhana bellil\u00a0\u00bb est un v\u00e9ritable tube de la sc\u00e8ne underground. Ce titre qu&rsquo;on pourrait traduire par \u00ab\u00a0Dans la chaleur de la nuit\u00a0\u00bb n&rsquo;est pas son seul succ\u00e8s puisque \u00ab\u00a0Nice\u00a0\u00bb ou \u00ab\u00a0Kioufi\u00a0\u00bb (respectivement \u00ab\u00a0Joli\u00a0\u00bb et \u00ab\u00a0Mes kifs\u00a0\u00bb) remportent aussi un v\u00e9ritable triomphe parmi le jeune public.<\/p>\n<p>Plusieurs titres ont \u00e9galement \u00e9t\u00e9 d\u00e9velopp\u00e9s avec d&rsquo;autres artistes \u00e0 l&rsquo;instar de Hanta ou Toutou, deux alias qui sont eux-m\u00eames tr\u00e8s suivis par le public.<\/p>\n<p>Apr\u00e8s un passage par le Rap Lab de Monastir et une diffusion sur Ribat Fm, Khorma vise plus haut et voudrait engranger de nouveaux succ\u00e8s \u00e0 l&rsquo;international.<\/p>\n<p>Ses projets actuels sont de deux ordres. En premier lieu, il doit tourner deux nouveaux clips dans les prochains jours. Ensuite, il pourrait rejoindre d&rsquo;autres artistes tunisiens sous le label d&rsquo;un producteur europ\u00e9en.<\/p>\n<p>Malek Yakoubi a bien s\u00fbr besoin de soutiens et s&rsquo;il les trouve dans son premier cercle, il les cherche aussi \u00e0 d&rsquo;autres niveaux, notamment institutionnels.<\/p>\n<p>Il croit en sa bonne \u00e9toile et ne voudrait pas s&#8217;embourber dans un parcours sans objectifs. Avec beaucoup d&rsquo;ardeur et de conviction, il brasse l&rsquo;\u00e9cume des jours pour la mettre en chansons et t\u00e9moigner par le rap que les jeunes peuvent r\u00eaver d&rsquo;un autre monde.<\/p>\n<p>Khorma croit en la r\u00e9alit\u00e9 de ses r\u00eaves et en la texture \u00e9mouvante de ses chansons. Il avance \u00e0 petits pas assur\u00e9s tout en posant un regard g\u00e9n\u00e9reux et optimiste sur les r\u00e9alit\u00e9s qui l&rsquo;entourent.<\/p>\n<p>Un artiste authentique qui cherche sa voie et m\u00e9rite l&rsquo;appui des instances culturelles qui sont appel\u00e9es \u00e0 penser des m\u00e9canismes qui puissent relayer ces tr\u00e8s nombreux et talentueux jeunes des banlieues populaires.<\/p>\n","protected":false},"excerpt":{"rendered":"<p>Malek Yakoubi compte parmi ces jeunes, venus au rap par vocation et aussi par choix musical et po\u00e9tique. Khorma est son nom de sc\u00e8ne et il fait un v\u00e9ritable tab&#8230;<\/p>\n","protected":false},"author":3229,"featured_media":252355,"comment_status":"open","ping_status":"closed","sticky":false,"template":"","format":"standard","meta":{"footnotes":""},"categories":[2596],"tags":[8831,8830,2608],"class_list":["post-202423","post","type-post","status-publish","format-standard","has-post-thumbnail","hentry","category-chroniques","tag-malek-yakoubi","tag-rap","tag-tunisie"],"yoast_head":"<!-- This site is optimized with the Yoast SEO Premium plugin v27.5 (Yoast SEO v27.5) - https:\/\/yoast.com\/product\/yoast-seo-premium-wordpress\/ -->\n<title>Portrait : Khorma, le rappeur de la new wave<\/title>\n<meta name=\"description\" content=\"Malek Yakoubi compte parmi ces jeunes, venus au rap par vocation et aussi par choix musical et po\u00e9tique. Khorma est son nom de sc\u00e8ne et il fait un v\u00e9ritable tab...\" \/>\n<link rel=\"canonical\" href=\"https:\/\/www.webdo.tn\/fr\/actualite\/chroniques\/portrait-khorma-le-rappeur-de-la-new-wave\/202423\/\" \/>\n<meta property=\"og:locale\" content=\"fr_FR\" \/>\n<meta property=\"og:type\" content=\"article\" \/>\n<meta property=\"og:title\" content=\"Portrait : Khorma, le rappeur de la new wave\" \/>\n<meta property=\"og:description\" content=\"Malek Yakoubi compte parmi ces jeunes, venus au rap par vocation et aussi par choix musical et po\u00e9tique. Khorma est son nom de sc\u00e8ne et il fait un v\u00e9ritable tab...\" \/>\n<meta property=\"og:url\" content=\"https:\/\/www.webdo.tn\/fr\/actualite\/chroniques\/portrait-khorma-le-rappeur-de-la-new-wave\/202423\/\" \/>\n<meta property=\"og:site_name\" content=\"webdo\" \/>\n<meta property=\"article:publisher\" content=\"https:\/\/www.facebook.com\/webdotn\" \/>\n<meta property=\"article:author\" content=\"https:\/\/www.facebook.com\/hatem.bourial.2025\" \/>\n<meta property=\"article:published_time\" content=\"2023-01-31T09:50:00+00:00\" \/>\n<meta property=\"article:modified_time\" content=\"2025-05-14T10:45:45+00:00\" \/>\n<meta property=\"og:image\" content=\"https:\/\/www.webdo.tn\/fr\/wp-content\/uploads\/2023\/01\/afe2f3fd1496b93527aa3eaf917ba1bb.jpg\" \/>\n\t<meta property=\"og:image:width\" content=\"750\" \/>\n\t<meta property=\"og:image:height\" content=\"400\" \/>\n\t<meta property=\"og:image:type\" content=\"image\/jpeg\" \/>\n<meta name=\"author\" content=\"Hatem Bourial\" \/>\n<meta name=\"twitter:card\" content=\"summary_large_image\" \/>\n<meta name=\"twitter:creator\" content=\"@webdo_tn\" \/>\n<meta name=\"twitter:site\" content=\"@webdo_tn\" \/>\n<meta name=\"twitter:label1\" content=\"\u00c9crit par\" \/>\n\t<meta name=\"twitter:data1\" content=\"Hatem Bourial\" \/>\n\t<meta name=\"twitter:label2\" content=\"Dur\u00e9e de lecture estim\u00e9e\" \/>\n\t<meta name=\"twitter:data2\" content=\"2 minutes\" \/>\n<script type=\"application\/ld+json\" class=\"yoast-schema-graph\">{\"@context\":\"https:\\\/\\\/schema.org\",\"@graph\":[{\"@type\":\"NewsArticle\",\"@id\":\"https:\\\/\\\/www.webdo.tn\\\/fr\\\/actualite\\\/chroniques\\\/portrait-khorma-le-rappeur-de-la-new-wave\\\/202423\\\/#article\",\"isPartOf\":{\"@id\":\"https:\\\/\\\/www.webdo.tn\\\/fr\\\/actualite\\\/chroniques\\\/portrait-khorma-le-rappeur-de-la-new-wave\\\/202423\\\/\"},\"author\":{\"name\":\"Hatem Bourial\",\"@id\":\"https:\\\/\\\/www.webdo.tn\\\/fr\\\/#\\\/schema\\\/person\\\/6bc0beba2cd23aec27cb5df85ca2554f\"},\"headline\":\"Portrait : Khorma, le rappeur de la new wave\",\"datePublished\":\"2023-01-31T09:50:00+00:00\",\"dateModified\":\"2025-05-14T10:45:45+00:00\",\"mainEntityOfPage\":{\"@id\":\"https:\\\/\\\/www.webdo.tn\\\/fr\\\/actualite\\\/chroniques\\\/portrait-khorma-le-rappeur-de-la-new-wave\\\/202423\\\/\"},\"wordCount\":498,\"commentCount\":0,\"publisher\":{\"@id\":\"https:\\\/\\\/www.webdo.tn\\\/fr\\\/#organization\"},\"image\":{\"@id\":\"https:\\\/\\\/www.webdo.tn\\\/fr\\\/actualite\\\/chroniques\\\/portrait-khorma-le-rappeur-de-la-new-wave\\\/202423\\\/#primaryimage\"},\"thumbnailUrl\":\"https:\\\/\\\/www.webdo.tn\\\/fr\\\/wp-content\\\/uploads\\\/2023\\\/01\\\/afe2f3fd1496b93527aa3eaf917ba1bb.jpg\",\"keywords\":[\"Malek Yakoubi\",\"rap\",\"Tunisie\"],\"articleSection\":[\"Chroniques\"],\"inLanguage\":\"fr-FR\"},{\"@type\":\"WebPage\",\"@id\":\"https:\\\/\\\/www.webdo.tn\\\/fr\\\/actualite\\\/chroniques\\\/portrait-khorma-le-rappeur-de-la-new-wave\\\/202423\\\/\",\"url\":\"https:\\\/\\\/www.webdo.tn\\\/fr\\\/actualite\\\/chroniques\\\/portrait-khorma-le-rappeur-de-la-new-wave\\\/202423\\\/\",\"name\":\"Portrait : Khorma, le rappeur de la new wave\",\"isPartOf\":{\"@id\":\"https:\\\/\\\/www.webdo.tn\\\/fr\\\/#website\"},\"primaryImageOfPage\":{\"@id\":\"https:\\\/\\\/www.webdo.tn\\\/fr\\\/actualite\\\/chroniques\\\/portrait-khorma-le-rappeur-de-la-new-wave\\\/202423\\\/#primaryimage\"},\"image\":{\"@id\":\"https:\\\/\\\/www.webdo.tn\\\/fr\\\/actualite\\\/chroniques\\\/portrait-khorma-le-rappeur-de-la-new-wave\\\/202423\\\/#primaryimage\"},\"thumbnailUrl\":\"https:\\\/\\\/www.webdo.tn\\\/fr\\\/wp-content\\\/uploads\\\/2023\\\/01\\\/afe2f3fd1496b93527aa3eaf917ba1bb.jpg\",\"datePublished\":\"2023-01-31T09:50:00+00:00\",\"dateModified\":\"2025-05-14T10:45:45+00:00\",\"description\":\"Malek Yakoubi compte parmi ces jeunes, venus au rap par vocation et aussi par choix musical et po\u00e9tique. Khorma est son nom de sc\u00e8ne et il fait un v\u00e9ritable tab...\",\"breadcrumb\":{\"@id\":\"https:\\\/\\\/www.webdo.tn\\\/fr\\\/actualite\\\/chroniques\\\/portrait-khorma-le-rappeur-de-la-new-wave\\\/202423\\\/#breadcrumb\"},\"inLanguage\":\"fr-FR\",\"potentialAction\":[{\"@type\":\"ReadAction\",\"target\":[\"https:\\\/\\\/www.webdo.tn\\\/fr\\\/actualite\\\/chroniques\\\/portrait-khorma-le-rappeur-de-la-new-wave\\\/202423\\\/\"]}]},{\"@type\":\"ImageObject\",\"inLanguage\":\"fr-FR\",\"@id\":\"https:\\\/\\\/www.webdo.tn\\\/fr\\\/actualite\\\/chroniques\\\/portrait-khorma-le-rappeur-de-la-new-wave\\\/202423\\\/#primaryimage\",\"url\":\"https:\\\/\\\/www.webdo.tn\\\/fr\\\/wp-content\\\/uploads\\\/2023\\\/01\\\/afe2f3fd1496b93527aa3eaf917ba1bb.jpg\",\"contentUrl\":\"https:\\\/\\\/www.webdo.tn\\\/fr\\\/wp-content\\\/uploads\\\/2023\\\/01\\\/afe2f3fd1496b93527aa3eaf917ba1bb.jpg\",\"width\":750,\"height\":400,\"caption\":\"Portrait : Khorma, le rappeur de la new wave\"},{\"@type\":\"BreadcrumbList\",\"@id\":\"https:\\\/\\\/www.webdo.tn\\\/fr\\\/actualite\\\/chroniques\\\/portrait-khorma-le-rappeur-de-la-new-wave\\\/202423\\\/#breadcrumb\",\"itemListElement\":[{\"@type\":\"ListItem\",\"position\":1,\"name\":\"Accueil\",\"item\":\"https:\\\/\\\/www.webdo.tn\\\/fr\\\/\"},{\"@type\":\"ListItem\",\"position\":2,\"name\":\"Portrait : Khorma, le rappeur de la new wave\"}]},{\"@type\":\"WebSite\",\"@id\":\"https:\\\/\\\/www.webdo.tn\\\/fr\\\/#website\",\"url\":\"https:\\\/\\\/www.webdo.tn\\\/fr\\\/\",\"name\":\"webdo\",\"description\":\"Tunisie - News en Tunisie et \u00e0 l&#039;international sur Webdo.tn\",\"publisher\":{\"@id\":\"https:\\\/\\\/www.webdo.tn\\\/fr\\\/#organization\"},\"potentialAction\":[{\"@type\":\"SearchAction\",\"target\":{\"@type\":\"EntryPoint\",\"urlTemplate\":\"https:\\\/\\\/www.webdo.tn\\\/fr\\\/?s={search_term_string}\"},\"query-input\":{\"@type\":\"PropertyValueSpecification\",\"valueRequired\":true,\"valueName\":\"search_term_string\"}}],\"inLanguage\":\"fr-FR\"},{\"@type\":\"Organization\",\"@id\":\"https:\\\/\\\/www.webdo.tn\\\/fr\\\/#organization\",\"name\":\"Webdo\",\"alternateName\":\"Webdo.tn\",\"url\":\"https:\\\/\\\/www.webdo.tn\\\/fr\\\/\",\"logo\":{\"@type\":\"ImageObject\",\"inLanguage\":\"fr-FR\",\"@id\":\"https:\\\/\\\/www.webdo.tn\\\/fr\\\/#\\\/schema\\\/logo\\\/image\\\/\",\"url\":\"https:\\\/\\\/www.webdo.tn\\\/fr\\\/wp-content\\\/uploads\\\/2025\\\/06\\\/Webdo-Tunisie_168377.jpg\",\"contentUrl\":\"https:\\\/\\\/www.webdo.tn\\\/fr\\\/wp-content\\\/uploads\\\/2025\\\/06\\\/Webdo-Tunisie_168377.jpg\",\"width\":301,\"height\":301,\"caption\":\"Webdo\"},\"image\":{\"@id\":\"https:\\\/\\\/www.webdo.tn\\\/fr\\\/#\\\/schema\\\/logo\\\/image\\\/\"},\"sameAs\":[\"https:\\\/\\\/www.facebook.com\\\/webdotn\",\"https:\\\/\\\/x.com\\\/webdo_tn\"],\"description\":\"Webdo est un m\u00e9dia num\u00e9rique tunisien fond\u00e9 en 2010, sp\u00e9cialis\u00e9 dans l\u2019actualit\u00e9 nationale et internationale, l\u2019\u00e9conomie, la soci\u00e9t\u00e9 et les analyses politiques. Le site s\u2019adresse \u00e0 un large public francophone et couvre l\u2019information tunisienne en temps r\u00e9el.\",\"email\":\"redac@webdo.tn\",\"legalName\":\"YNJ SARL\",\"foundingDate\":\"2010-09-06\",\"numberOfEmployees\":{\"@type\":\"QuantitativeValue\",\"minValue\":\"11\",\"maxValue\":\"50\"}},{\"@type\":\"Person\",\"@id\":\"https:\\\/\\\/www.webdo.tn\\\/fr\\\/#\\\/schema\\\/person\\\/6bc0beba2cd23aec27cb5df85ca2554f\",\"name\":\"Hatem Bourial\",\"image\":{\"@type\":\"ImageObject\",\"inLanguage\":\"fr-FR\",\"@id\":\"https:\\\/\\\/www.webdo.tn\\\/fr\\\/wp-content\\\/uploads\\\/2026\\\/04\\\/hatem-bourial_avatar-96x96.jpg\",\"url\":\"https:\\\/\\\/www.webdo.tn\\\/fr\\\/wp-content\\\/uploads\\\/2026\\\/04\\\/hatem-bourial_avatar-96x96.jpg\",\"contentUrl\":\"https:\\\/\\\/www.webdo.tn\\\/fr\\\/wp-content\\\/uploads\\\/2026\\\/04\\\/hatem-bourial_avatar-96x96.jpg\",\"caption\":\"Hatem Bourial\"},\"description\":\"Hatem Bourial est journaliste, \u00e9crivain et chroniqueur tunisien. Actif depuis plusieurs d\u00e9cennies, il s\u2019est impos\u00e9 comme un observateur attentif de la soci\u00e9t\u00e9 tunisienne, m\u00ealant dans ses \u00e9crits m\u00e9moire, culture et analyse du quotidien. Auteur de nombreux ouvrages, il d\u00e9veloppe une \u0153uvre \u00e0 la crois\u00e9e du r\u00e9cit, de la po\u00e9sie et de l\u2019observation sociologique. Parall\u00e8lement \u00e0 ses contributions dans la presse, il intervient r\u00e9guli\u00e8rement \u00e0 la radio et dans des espaces culturels, o\u00f9 il explore les enjeux li\u00e9s au patrimoine, \u00e0 l\u2019identit\u00e9 et aux transformations du monde contemporain. \u00c0 travers ses chroniques, Hatem Bourial propose une lecture sensible et approfondie de l\u2019actualit\u00e9, nourrie par une exp\u00e9rience journalistique et litt\u00e9raire reconnue. \ud83d\udd17 Facebook : https:\\\/\\\/www.facebook.com\\\/hatem.bourial.2025\",\"sameAs\":[\"https:\\\/\\\/www.facebook.com\\\/hatem.bourial.2025\",\"https:\\\/\\\/fr.wikipedia.org\\\/wiki\\\/Fichier:Hatem_Bourial.jpg\"],\"knowsAbout\":[\"Culture & patrimoine tunisien\",\"Chronique soci\u00e9tale\",\"Litt\u00e9rature & m\u00e9moire\",\"Cin\u00e9ma & critique culturelle\",\"Identit\u00e9 & mutations sociales\"],\"knowsLanguage\":[\"Arabe\",\"Fran\u00e7ais\",\"Anglais\",\"Italien\",\"Polonais\"],\"jobTitle\":\"Journaliste, \u00e9crivain et chroniqueur culturel\",\"worksFor\":\"Webdo\",\"url\":\"https:\\\/\\\/www.webdo.tn\\\/fr\\\/actualite\\\/author\\\/hatem-bourial-2\\\/\"}]}<\/script>\n<!-- \/ Yoast SEO Premium plugin. -->","yoast_head_json":{"title":"Portrait : Khorma, le rappeur de la new wave","description":"Malek Yakoubi compte parmi ces jeunes, venus au rap par vocation et aussi par choix musical et po\u00e9tique. Khorma est son nom de sc\u00e8ne et il fait un v\u00e9ritable tab...","canonical":"https:\/\/www.webdo.tn\/fr\/actualite\/chroniques\/portrait-khorma-le-rappeur-de-la-new-wave\/202423\/","og_locale":"fr_FR","og_type":"article","og_title":"Portrait : Khorma, le rappeur de la new wave","og_description":"Malek Yakoubi compte parmi ces jeunes, venus au rap par vocation et aussi par choix musical et po\u00e9tique. Khorma est son nom de sc\u00e8ne et il fait un v\u00e9ritable tab...","og_url":"https:\/\/www.webdo.tn\/fr\/actualite\/chroniques\/portrait-khorma-le-rappeur-de-la-new-wave\/202423\/","og_site_name":"webdo","article_publisher":"https:\/\/www.facebook.com\/webdotn","article_author":"https:\/\/www.facebook.com\/hatem.bourial.2025","article_published_time":"2023-01-31T09:50:00+00:00","article_modified_time":"2025-05-14T10:45:45+00:00","og_image":[{"width":750,"height":400,"url":"https:\/\/www.webdo.tn\/fr\/wp-content\/uploads\/2023\/01\/afe2f3fd1496b93527aa3eaf917ba1bb.jpg","type":"image\/jpeg"}],"author":"Hatem Bourial","twitter_card":"summary_large_image","twitter_creator":"@webdo_tn","twitter_site":"@webdo_tn","twitter_misc":{"\u00c9crit par":"Hatem Bourial","Dur\u00e9e de lecture estim\u00e9e":"2 minutes"},"schema":{"@context":"https:\/\/schema.org","@graph":[{"@type":"NewsArticle","@id":"https:\/\/www.webdo.tn\/fr\/actualite\/chroniques\/portrait-khorma-le-rappeur-de-la-new-wave\/202423\/#article","isPartOf":{"@id":"https:\/\/www.webdo.tn\/fr\/actualite\/chroniques\/portrait-khorma-le-rappeur-de-la-new-wave\/202423\/"},"author":{"name":"Hatem Bourial","@id":"https:\/\/www.webdo.tn\/fr\/#\/schema\/person\/6bc0beba2cd23aec27cb5df85ca2554f"},"headline":"Portrait : Khorma, le rappeur de la new wave","datePublished":"2023-01-31T09:50:00+00:00","dateModified":"2025-05-14T10:45:45+00:00","mainEntityOfPage":{"@id":"https:\/\/www.webdo.tn\/fr\/actualite\/chroniques\/portrait-khorma-le-rappeur-de-la-new-wave\/202423\/"},"wordCount":498,"commentCount":0,"publisher":{"@id":"https:\/\/www.webdo.tn\/fr\/#organization"},"image":{"@id":"https:\/\/www.webdo.tn\/fr\/actualite\/chroniques\/portrait-khorma-le-rappeur-de-la-new-wave\/202423\/#primaryimage"},"thumbnailUrl":"https:\/\/www.webdo.tn\/fr\/wp-content\/uploads\/2023\/01\/afe2f3fd1496b93527aa3eaf917ba1bb.jpg","keywords":["Malek Yakoubi","rap","Tunisie"],"articleSection":["Chroniques"],"inLanguage":"fr-FR"},{"@type":"WebPage","@id":"https:\/\/www.webdo.tn\/fr\/actualite\/chroniques\/portrait-khorma-le-rappeur-de-la-new-wave\/202423\/","url":"https:\/\/www.webdo.tn\/fr\/actualite\/chroniques\/portrait-khorma-le-rappeur-de-la-new-wave\/202423\/","name":"Portrait : Khorma, le rappeur de la new wave","isPartOf":{"@id":"https:\/\/www.webdo.tn\/fr\/#website"},"primaryImageOfPage":{"@id":"https:\/\/www.webdo.tn\/fr\/actualite\/chroniques\/portrait-khorma-le-rappeur-de-la-new-wave\/202423\/#primaryimage"},"image":{"@id":"https:\/\/www.webdo.tn\/fr\/actualite\/chroniques\/portrait-khorma-le-rappeur-de-la-new-wave\/202423\/#primaryimage"},"thumbnailUrl":"https:\/\/www.webdo.tn\/fr\/wp-content\/uploads\/2023\/01\/afe2f3fd1496b93527aa3eaf917ba1bb.jpg","datePublished":"2023-01-31T09:50:00+00:00","dateModified":"2025-05-14T10:45:45+00:00","description":"Malek Yakoubi compte parmi ces jeunes, venus au rap par vocation et aussi par choix musical et po\u00e9tique. Khorma est son nom de sc\u00e8ne et il fait un v\u00e9ritable tab...","breadcrumb":{"@id":"https:\/\/www.webdo.tn\/fr\/actualite\/chroniques\/portrait-khorma-le-rappeur-de-la-new-wave\/202423\/#breadcrumb"},"inLanguage":"fr-FR","potentialAction":[{"@type":"ReadAction","target":["https:\/\/www.webdo.tn\/fr\/actualite\/chroniques\/portrait-khorma-le-rappeur-de-la-new-wave\/202423\/"]}]},{"@type":"ImageObject","inLanguage":"fr-FR","@id":"https:\/\/www.webdo.tn\/fr\/actualite\/chroniques\/portrait-khorma-le-rappeur-de-la-new-wave\/202423\/#primaryimage","url":"https:\/\/www.webdo.tn\/fr\/wp-content\/uploads\/2023\/01\/afe2f3fd1496b93527aa3eaf917ba1bb.jpg","contentUrl":"https:\/\/www.webdo.tn\/fr\/wp-content\/uploads\/2023\/01\/afe2f3fd1496b93527aa3eaf917ba1bb.jpg","width":750,"height":400,"caption":"Portrait : Khorma, le rappeur de la new wave"},{"@type":"BreadcrumbList","@id":"https:\/\/www.webdo.tn\/fr\/actualite\/chroniques\/portrait-khorma-le-rappeur-de-la-new-wave\/202423\/#breadcrumb","itemListElement":[{"@type":"ListItem","position":1,"name":"Accueil","item":"https:\/\/www.webdo.tn\/fr\/"},{"@type":"ListItem","position":2,"name":"Portrait : Khorma, le rappeur de la new wave"}]},{"@type":"WebSite","@id":"https:\/\/www.webdo.tn\/fr\/#website","url":"https:\/\/www.webdo.tn\/fr\/","name":"webdo","description":"Tunisie - News en Tunisie et \u00e0 l&#039;international sur Webdo.tn","publisher":{"@id":"https:\/\/www.webdo.tn\/fr\/#organization"},"potentialAction":[{"@type":"SearchAction","target":{"@type":"EntryPoint","urlTemplate":"https:\/\/www.webdo.tn\/fr\/?s={search_term_string}"},"query-input":{"@type":"PropertyValueSpecification","valueRequired":true,"valueName":"search_term_string"}}],"inLanguage":"fr-FR"},{"@type":"Organization","@id":"https:\/\/www.webdo.tn\/fr\/#organization","name":"Webdo","alternateName":"Webdo.tn","url":"https:\/\/www.webdo.tn\/fr\/","logo":{"@type":"ImageObject","inLanguage":"fr-FR","@id":"https:\/\/www.webdo.tn\/fr\/#\/schema\/logo\/image\/","url":"https:\/\/www.webdo.tn\/fr\/wp-content\/uploads\/2025\/06\/Webdo-Tunisie_168377.jpg","contentUrl":"https:\/\/www.webdo.tn\/fr\/wp-content\/uploads\/2025\/06\/Webdo-Tunisie_168377.jpg","width":301,"height":301,"caption":"Webdo"},"image":{"@id":"https:\/\/www.webdo.tn\/fr\/#\/schema\/logo\/image\/"},"sameAs":["https:\/\/www.facebook.com\/webdotn","https:\/\/x.com\/webdo_tn"],"description":"Webdo est un m\u00e9dia num\u00e9rique tunisien fond\u00e9 en 2010, sp\u00e9cialis\u00e9 dans l\u2019actualit\u00e9 nationale et internationale, l\u2019\u00e9conomie, la soci\u00e9t\u00e9 et les analyses politiques. Le site s\u2019adresse \u00e0 un large public francophone et couvre l\u2019information tunisienne en temps r\u00e9el.","email":"redac@webdo.tn","legalName":"YNJ SARL","foundingDate":"2010-09-06","numberOfEmployees":{"@type":"QuantitativeValue","minValue":"11","maxValue":"50"}},{"@type":"Person","@id":"https:\/\/www.webdo.tn\/fr\/#\/schema\/person\/6bc0beba2cd23aec27cb5df85ca2554f","name":"Hatem Bourial","image":{"@type":"ImageObject","inLanguage":"fr-FR","@id":"https:\/\/www.webdo.tn\/fr\/wp-content\/uploads\/2026\/04\/hatem-bourial_avatar-96x96.jpg","url":"https:\/\/www.webdo.tn\/fr\/wp-content\/uploads\/2026\/04\/hatem-bourial_avatar-96x96.jpg","contentUrl":"https:\/\/www.webdo.tn\/fr\/wp-content\/uploads\/2026\/04\/hatem-bourial_avatar-96x96.jpg","caption":"Hatem Bourial"},"description":"Hatem Bourial est journaliste, \u00e9crivain et chroniqueur tunisien. Actif depuis plusieurs d\u00e9cennies, il s\u2019est impos\u00e9 comme un observateur attentif de la soci\u00e9t\u00e9 tunisienne, m\u00ealant dans ses \u00e9crits m\u00e9moire, culture et analyse du quotidien. Auteur de nombreux ouvrages, il d\u00e9veloppe une \u0153uvre \u00e0 la crois\u00e9e du r\u00e9cit, de la po\u00e9sie et de l\u2019observation sociologique. Parall\u00e8lement \u00e0 ses contributions dans la presse, il intervient r\u00e9guli\u00e8rement \u00e0 la radio et dans des espaces culturels, o\u00f9 il explore les enjeux li\u00e9s au patrimoine, \u00e0 l\u2019identit\u00e9 et aux transformations du monde contemporain. \u00c0 travers ses chroniques, Hatem Bourial propose une lecture sensible et approfondie de l\u2019actualit\u00e9, nourrie par une exp\u00e9rience journalistique et litt\u00e9raire reconnue. \ud83d\udd17 Facebook : https:\/\/www.facebook.com\/hatem.bourial.2025","sameAs":["https:\/\/www.facebook.com\/hatem.bourial.2025","https:\/\/fr.wikipedia.org\/wiki\/Fichier:Hatem_Bourial.jpg"],"knowsAbout":["Culture & patrimoine tunisien","Chronique soci\u00e9tale","Litt\u00e9rature & m\u00e9moire","Cin\u00e9ma & critique culturelle","Identit\u00e9 & mutations sociales"],"knowsLanguage":["Arabe","Fran\u00e7ais","Anglais","Italien","Polonais"],"jobTitle":"Journaliste, \u00e9crivain et chroniqueur culturel","worksFor":"Webdo","url":"https:\/\/www.webdo.tn\/fr\/actualite\/author\/hatem-bourial-2\/"}]}},"_links":{"self":[{"href":"https:\/\/www.webdo.tn\/fr\/wp-json\/wp\/v2\/posts\/202423","targetHints":{"allow":["GET"]}}],"collection":[{"href":"https:\/\/www.webdo.tn\/fr\/wp-json\/wp\/v2\/posts"}],"about":[{"href":"https:\/\/www.webdo.tn\/fr\/wp-json\/wp\/v2\/types\/post"}],"author":[{"embeddable":true,"href":"https:\/\/www.webdo.tn\/fr\/wp-json\/wp\/v2\/users\/3229"}],"replies":[{"embeddable":true,"href":"https:\/\/www.webdo.tn\/fr\/wp-json\/wp\/v2\/comments?post=202423"}],"version-history":[{"count":0,"href":"https:\/\/www.webdo.tn\/fr\/wp-json\/wp\/v2\/posts\/202423\/revisions"}],"wp:featuredmedia":[{"embeddable":true,"href":"https:\/\/www.webdo.tn\/fr\/wp-json\/wp\/v2\/media\/252355"}],"wp:attachment":[{"href":"https:\/\/www.webdo.tn\/fr\/wp-json\/wp\/v2\/media?parent=202423"}],"wp:term":[{"taxonomy":"category","embeddable":true,"href":"https:\/\/www.webdo.tn\/fr\/wp-json\/wp\/v2\/categories?post=202423"},{"taxonomy":"post_tag","embeddable":true,"href":"https:\/\/www.webdo.tn\/fr\/wp-json\/wp\/v2\/tags?post=202423"}],"curies":[{"name":"wp","href":"https:\/\/api.w.org\/{rel}","templated":true}]}}