{"id":202406,"date":"2023-01-30T18:23:00","date_gmt":"2023-01-30T18:23:00","guid":{"rendered":"https:\/\/www.webdo.tn\/fr\/blog\/neji-jalloul-propose-de-doubler-les-salaires-pour-sortir-de-la-crise\/202406\/"},"modified":"2025-05-20T22:45:43","modified_gmt":"2025-05-20T22:45:43","slug":"neji-jalloul-propose-de-doubler-les-salaires-pour-sortir-de-la-crise","status":"publish","type":"post","link":"https:\/\/www.webdo.tn\/fr\/actualite\/national\/neji-jalloul-propose-de-doubler-les-salaires-pour-sortir-de-la-crise\/202406\/","title":{"rendered":"Neji Jalloul propose de doubler les salaires pour sortir de la crise"},"content":{"rendered":"<p>La Tunisie fait face \u00e0 une crise \u00e9conomique et financi\u00e8re sans pr\u00e9c\u00e9dent. Apr\u00e8s une nouvelle d\u00e9gradation de la note souveraine, les risques de d\u00e9faut de paiement sont devenus bien r\u00e9els, estiment les \u00e9conomistes.<\/p>\n<p>Face \u00e0 cette situation, l\u2019ancien ministre et politicien Neji Jalloul a propos\u00e9 quelques solutions pour sortir de la crise. Il sugg\u00e8re d\u2019ailleurs de doubler les salaires des Tunisiens pour booster la consommation.\u00a0<\/p>\n<p>\u00ab La situation est difficile mais n\u2019est pas dramatique tant que l\u2019Etat est toujours l\u00e0 \u00bb, a-t-il estim\u00e9, ajoutant que le dialogue est d\u00e9sormais n\u00e9cessaire.\u00a0<\/p>\n<p>Affirmant que la hausse des salaires booste la consommation et par cons\u00e9quent l\u2019investissement et le d\u00e9veloppement, il a jug\u00e9 n\u00e9cessaire de franchir ce pas.<\/p>\n","protected":false},"excerpt":{"rendered":"<p>La Tunisie fait face \u00e0 une crise \u00e9conomique et financi\u00e8re sans pr\u00e9c\u00e9dent. Apr\u00e8s une nouvelle d\u00e9gradation de la note souveraine, les risques de d\u00e9faut de paiemen&#8230;<\/p>\n","protected":false},"author":3175,"featured_media":252344,"comment_status":"open","ping_status":"closed","sticky":false,"template":"","format":"standard","meta":{"footnotes":""},"categories":[44],"tags":[3343,3154,6686,2608],"class_list":["post-202406","post","type-post","status-publish","format-standard","has-post-thumbnail","hentry","category-national","tag-crise","tag-economie","tag-salaires","tag-tunisie"],"yoast_head":"<!-- This site is optimized with the Yoast SEO Premium plugin v27.4 (Yoast SEO v27.5) - https:\/\/yoast.com\/product\/yoast-seo-premium-wordpress\/ -->\n<title>Neji Jalloul propose de doubler les salaires pour sortir de la crise<\/title>\n<meta name=\"description\" content=\"La Tunisie fait face \u00e0 une crise \u00e9conomique et financi\u00e8re sans pr\u00e9c\u00e9dent. Apr\u00e8s une nouvelle d\u00e9gradation de la note souveraine, les risques de d\u00e9faut de paiemen...\" \/>\n<link rel=\"canonical\" href=\"https:\/\/www.webdo.tn\/fr\/actualite\/national\/neji-jalloul-propose-de-doubler-les-salaires-pour-sortir-de-la-crise\/202406\/\" \/>\n<meta property=\"og:locale\" content=\"fr_FR\" \/>\n<meta property=\"og:type\" content=\"article\" \/>\n<meta property=\"og:title\" content=\"Neji Jalloul propose de doubler les salaires pour sortir de la crise\" \/>\n<meta property=\"og:description\" content=\"La Tunisie fait face \u00e0 une crise \u00e9conomique et financi\u00e8re sans pr\u00e9c\u00e9dent. Apr\u00e8s une nouvelle d\u00e9gradation de la note souveraine, les risques de d\u00e9faut de paiemen...\" \/>\n<meta property=\"og:url\" content=\"https:\/\/www.webdo.tn\/fr\/actualite\/national\/neji-jalloul-propose-de-doubler-les-salaires-pour-sortir-de-la-crise\/202406\/\" \/>\n<meta property=\"og:site_name\" content=\"webdo\" \/>\n<meta property=\"article:publisher\" content=\"https:\/\/www.facebook.com\/webdotn\" \/>\n<meta property=\"article:published_time\" content=\"2023-01-30T18:23:00+00:00\" \/>\n<meta property=\"article:modified_time\" content=\"2025-05-20T22:45:43+00:00\" \/>\n<meta property=\"og:image\" content=\"https:\/\/www.webdo.tn\/fr\/wp-content\/uploads\/2023\/01\/48d5f7044d12e24fa28513bd015108cf.png\" \/>\n\t<meta property=\"og:image:width\" content=\"750\" \/>\n\t<meta property=\"og:image:height\" content=\"400\" \/>\n\t<meta property=\"og:image:type\" content=\"image\/png\" \/>\n<meta name=\"author\" content=\"CL\" \/>\n<meta name=\"twitter:card\" content=\"summary_large_image\" \/>\n<meta name=\"twitter:creator\" content=\"@webdo_tn\" \/>\n<meta name=\"twitter:site\" content=\"@webdo_tn\" \/>\n<meta name=\"twitter:label1\" content=\"\u00c9crit par\" \/>\n\t<meta name=\"twitter:data1\" content=\"CL\" \/>\n\t<meta name=\"twitter:label2\" content=\"Dur\u00e9e de lecture estim\u00e9e\" \/>\n\t<meta name=\"twitter:data2\" content=\"1 minute\" \/>\n<script type=\"application\/ld+json\" class=\"yoast-schema-graph\">{\"@context\":\"https:\\\/\\\/schema.org\",\"@graph\":[{\"@type\":\"NewsArticle\",\"@id\":\"https:\\\/\\\/www.webdo.tn\\\/fr\\\/actualite\\\/national\\\/neji-jalloul-propose-de-doubler-les-salaires-pour-sortir-de-la-crise\\\/202406\\\/#article\",\"isPartOf\":{\"@id\":\"https:\\\/\\\/www.webdo.tn\\\/fr\\\/actualite\\\/national\\\/neji-jalloul-propose-de-doubler-les-salaires-pour-sortir-de-la-crise\\\/202406\\\/\"},\"author\":{\"name\":\"CL\",\"@id\":\"https:\\\/\\\/www.webdo.tn\\\/fr\\\/#\\\/schema\\\/person\\\/f35b42a42c5e2511bbd282959d6385cc\"},\"headline\":\"Neji Jalloul propose de doubler les salaires pour sortir de la crise\",\"datePublished\":\"2023-01-30T18:23:00+00:00\",\"dateModified\":\"2025-05-20T22:45:43+00:00\",\"mainEntityOfPage\":{\"@id\":\"https:\\\/\\\/www.webdo.tn\\\/fr\\\/actualite\\\/national\\\/neji-jalloul-propose-de-doubler-les-salaires-pour-sortir-de-la-crise\\\/202406\\\/\"},\"wordCount\":140,\"commentCount\":0,\"publisher\":{\"@id\":\"https:\\\/\\\/www.webdo.tn\\\/fr\\\/#organization\"},\"image\":{\"@id\":\"https:\\\/\\\/www.webdo.tn\\\/fr\\\/actualite\\\/national\\\/neji-jalloul-propose-de-doubler-les-salaires-pour-sortir-de-la-crise\\\/202406\\\/#primaryimage\"},\"thumbnailUrl\":\"https:\\\/\\\/www.webdo.tn\\\/fr\\\/wp-content\\\/uploads\\\/2023\\\/01\\\/48d5f7044d12e24fa28513bd015108cf.png\",\"keywords\":[\"crise\",\"\u00e9conomie\",\"Salaires\",\"Tunisie\"],\"articleSection\":[\"National\"],\"inLanguage\":\"fr-FR\"},{\"@type\":\"WebPage\",\"@id\":\"https:\\\/\\\/www.webdo.tn\\\/fr\\\/actualite\\\/national\\\/neji-jalloul-propose-de-doubler-les-salaires-pour-sortir-de-la-crise\\\/202406\\\/\",\"url\":\"https:\\\/\\\/www.webdo.tn\\\/fr\\\/actualite\\\/national\\\/neji-jalloul-propose-de-doubler-les-salaires-pour-sortir-de-la-crise\\\/202406\\\/\",\"name\":\"Neji Jalloul propose de doubler les salaires pour sortir de la crise\",\"isPartOf\":{\"@id\":\"https:\\\/\\\/www.webdo.tn\\\/fr\\\/#website\"},\"primaryImageOfPage\":{\"@id\":\"https:\\\/\\\/www.webdo.tn\\\/fr\\\/actualite\\\/national\\\/neji-jalloul-propose-de-doubler-les-salaires-pour-sortir-de-la-crise\\\/202406\\\/#primaryimage\"},\"image\":{\"@id\":\"https:\\\/\\\/www.webdo.tn\\\/fr\\\/actualite\\\/national\\\/neji-jalloul-propose-de-doubler-les-salaires-pour-sortir-de-la-crise\\\/202406\\\/#primaryimage\"},\"thumbnailUrl\":\"https:\\\/\\\/www.webdo.tn\\\/fr\\\/wp-content\\\/uploads\\\/2023\\\/01\\\/48d5f7044d12e24fa28513bd015108cf.png\",\"datePublished\":\"2023-01-30T18:23:00+00:00\",\"dateModified\":\"2025-05-20T22:45:43+00:00\",\"description\":\"La Tunisie fait face \u00e0 une crise \u00e9conomique et financi\u00e8re sans pr\u00e9c\u00e9dent. Apr\u00e8s une nouvelle d\u00e9gradation de la note souveraine, les risques de d\u00e9faut de paiemen...\",\"breadcrumb\":{\"@id\":\"https:\\\/\\\/www.webdo.tn\\\/fr\\\/actualite\\\/national\\\/neji-jalloul-propose-de-doubler-les-salaires-pour-sortir-de-la-crise\\\/202406\\\/#breadcrumb\"},\"inLanguage\":\"fr-FR\",\"potentialAction\":[{\"@type\":\"ReadAction\",\"target\":[\"https:\\\/\\\/www.webdo.tn\\\/fr\\\/actualite\\\/national\\\/neji-jalloul-propose-de-doubler-les-salaires-pour-sortir-de-la-crise\\\/202406\\\/\"]}]},{\"@type\":\"ImageObject\",\"inLanguage\":\"fr-FR\",\"@id\":\"https:\\\/\\\/www.webdo.tn\\\/fr\\\/actualite\\\/national\\\/neji-jalloul-propose-de-doubler-les-salaires-pour-sortir-de-la-crise\\\/202406\\\/#primaryimage\",\"url\":\"https:\\\/\\\/www.webdo.tn\\\/fr\\\/wp-content\\\/uploads\\\/2023\\\/01\\\/48d5f7044d12e24fa28513bd015108cf.png\",\"contentUrl\":\"https:\\\/\\\/www.webdo.tn\\\/fr\\\/wp-content\\\/uploads\\\/2023\\\/01\\\/48d5f7044d12e24fa28513bd015108cf.png\",\"width\":750,\"height\":400,\"caption\":\"Neji Jalloul\"},{\"@type\":\"BreadcrumbList\",\"@id\":\"https:\\\/\\\/www.webdo.tn\\\/fr\\\/actualite\\\/national\\\/neji-jalloul-propose-de-doubler-les-salaires-pour-sortir-de-la-crise\\\/202406\\\/#breadcrumb\",\"itemListElement\":[{\"@type\":\"ListItem\",\"position\":1,\"name\":\"Accueil\",\"item\":\"https:\\\/\\\/www.webdo.tn\\\/fr\\\/\"},{\"@type\":\"ListItem\",\"position\":2,\"name\":\"Neji Jalloul propose de doubler les salaires pour sortir de la crise\"}]},{\"@type\":\"WebSite\",\"@id\":\"https:\\\/\\\/www.webdo.tn\\\/fr\\\/#website\",\"url\":\"https:\\\/\\\/www.webdo.tn\\\/fr\\\/\",\"name\":\"webdo\",\"description\":\"Tunisie - News en Tunisie et \u00e0 l&#039;international sur Webdo.tn\",\"publisher\":{\"@id\":\"https:\\\/\\\/www.webdo.tn\\\/fr\\\/#organization\"},\"potentialAction\":[{\"@type\":\"SearchAction\",\"target\":{\"@type\":\"EntryPoint\",\"urlTemplate\":\"https:\\\/\\\/www.webdo.tn\\\/fr\\\/?s={search_term_string}\"},\"query-input\":{\"@type\":\"PropertyValueSpecification\",\"valueRequired\":true,\"valueName\":\"search_term_string\"}}],\"inLanguage\":\"fr-FR\"},{\"@type\":\"Organization\",\"@id\":\"https:\\\/\\\/www.webdo.tn\\\/fr\\\/#organization\",\"name\":\"Webdo\",\"alternateName\":\"Webdo.tn\",\"url\":\"https:\\\/\\\/www.webdo.tn\\\/fr\\\/\",\"logo\":{\"@type\":\"ImageObject\",\"inLanguage\":\"fr-FR\",\"@id\":\"https:\\\/\\\/www.webdo.tn\\\/fr\\\/#\\\/schema\\\/logo\\\/image\\\/\",\"url\":\"https:\\\/\\\/www.webdo.tn\\\/fr\\\/wp-content\\\/uploads\\\/2025\\\/06\\\/Webdo-Tunisie_168377.jpg\",\"contentUrl\":\"https:\\\/\\\/www.webdo.tn\\\/fr\\\/wp-content\\\/uploads\\\/2025\\\/06\\\/Webdo-Tunisie_168377.jpg\",\"width\":301,\"height\":301,\"caption\":\"Webdo\"},\"image\":{\"@id\":\"https:\\\/\\\/www.webdo.tn\\\/fr\\\/#\\\/schema\\\/logo\\\/image\\\/\"},\"sameAs\":[\"https:\\\/\\\/www.facebook.com\\\/webdotn\",\"https:\\\/\\\/x.com\\\/webdo_tn\"],\"description\":\"Webdo est un m\u00e9dia num\u00e9rique tunisien fond\u00e9 en 2010, sp\u00e9cialis\u00e9 dans l\u2019actualit\u00e9 nationale et internationale, l\u2019\u00e9conomie, la soci\u00e9t\u00e9 et les analyses politiques. Le site s\u2019adresse \u00e0 un large public francophone et couvre l\u2019information tunisienne en temps r\u00e9el.\",\"email\":\"redac@webdo.tn\",\"legalName\":\"YNJ SARL\",\"foundingDate\":\"2010-09-06\",\"numberOfEmployees\":{\"@type\":\"QuantitativeValue\",\"minValue\":\"11\",\"maxValue\":\"50\"}},{\"@type\":\"Person\",\"@id\":\"https:\\\/\\\/www.webdo.tn\\\/fr\\\/#\\\/schema\\\/person\\\/f35b42a42c5e2511bbd282959d6385cc\",\"name\":\"CL\",\"image\":{\"@type\":\"ImageObject\",\"inLanguage\":\"fr-FR\",\"@id\":\"https:\\\/\\\/secure.gravatar.com\\\/avatar\\\/1447a49909b67aa657c488aec6512e1dd6143a480c1ecfee9b5b5cd74eb3b59e?s=96&d=mm&r=g\",\"url\":\"https:\\\/\\\/secure.gravatar.com\\\/avatar\\\/1447a49909b67aa657c488aec6512e1dd6143a480c1ecfee9b5b5cd74eb3b59e?s=96&d=mm&r=g\",\"contentUrl\":\"https:\\\/\\\/secure.gravatar.com\\\/avatar\\\/1447a49909b67aa657c488aec6512e1dd6143a480c1ecfee9b5b5cd74eb3b59e?s=96&d=mm&r=g\",\"caption\":\"CL\"},\"url\":\"https:\\\/\\\/www.webdo.tn\\\/fr\\\/actualite\\\/author\\\/cl\\\/\"}]}<\/script>\n<!-- \/ Yoast SEO Premium plugin. -->","yoast_head_json":{"title":"Neji Jalloul propose de doubler les salaires pour sortir de la crise","description":"La Tunisie fait face \u00e0 une crise \u00e9conomique et financi\u00e8re sans pr\u00e9c\u00e9dent. Apr\u00e8s une nouvelle d\u00e9gradation de la note souveraine, les risques de d\u00e9faut de paiemen...","canonical":"https:\/\/www.webdo.tn\/fr\/actualite\/national\/neji-jalloul-propose-de-doubler-les-salaires-pour-sortir-de-la-crise\/202406\/","og_locale":"fr_FR","og_type":"article","og_title":"Neji Jalloul propose de doubler les salaires pour sortir de la crise","og_description":"La Tunisie fait face \u00e0 une crise \u00e9conomique et financi\u00e8re sans pr\u00e9c\u00e9dent. Apr\u00e8s une nouvelle d\u00e9gradation de la note souveraine, les risques de d\u00e9faut de paiemen...","og_url":"https:\/\/www.webdo.tn\/fr\/actualite\/national\/neji-jalloul-propose-de-doubler-les-salaires-pour-sortir-de-la-crise\/202406\/","og_site_name":"webdo","article_publisher":"https:\/\/www.facebook.com\/webdotn","article_published_time":"2023-01-30T18:23:00+00:00","article_modified_time":"2025-05-20T22:45:43+00:00","og_image":[{"width":750,"height":400,"url":"https:\/\/www.webdo.tn\/fr\/wp-content\/uploads\/2023\/01\/48d5f7044d12e24fa28513bd015108cf.png","type":"image\/png"}],"author":"CL","twitter_card":"summary_large_image","twitter_creator":"@webdo_tn","twitter_site":"@webdo_tn","twitter_misc":{"\u00c9crit par":"CL","Dur\u00e9e de lecture estim\u00e9e":"1 minute"},"schema":{"@context":"https:\/\/schema.org","@graph":[{"@type":"NewsArticle","@id":"https:\/\/www.webdo.tn\/fr\/actualite\/national\/neji-jalloul-propose-de-doubler-les-salaires-pour-sortir-de-la-crise\/202406\/#article","isPartOf":{"@id":"https:\/\/www.webdo.tn\/fr\/actualite\/national\/neji-jalloul-propose-de-doubler-les-salaires-pour-sortir-de-la-crise\/202406\/"},"author":{"name":"CL","@id":"https:\/\/www.webdo.tn\/fr\/#\/schema\/person\/f35b42a42c5e2511bbd282959d6385cc"},"headline":"Neji Jalloul propose de doubler les salaires pour sortir de la crise","datePublished":"2023-01-30T18:23:00+00:00","dateModified":"2025-05-20T22:45:43+00:00","mainEntityOfPage":{"@id":"https:\/\/www.webdo.tn\/fr\/actualite\/national\/neji-jalloul-propose-de-doubler-les-salaires-pour-sortir-de-la-crise\/202406\/"},"wordCount":140,"commentCount":0,"publisher":{"@id":"https:\/\/www.webdo.tn\/fr\/#organization"},"image":{"@id":"https:\/\/www.webdo.tn\/fr\/actualite\/national\/neji-jalloul-propose-de-doubler-les-salaires-pour-sortir-de-la-crise\/202406\/#primaryimage"},"thumbnailUrl":"https:\/\/www.webdo.tn\/fr\/wp-content\/uploads\/2023\/01\/48d5f7044d12e24fa28513bd015108cf.png","keywords":["crise","\u00e9conomie","Salaires","Tunisie"],"articleSection":["National"],"inLanguage":"fr-FR"},{"@type":"WebPage","@id":"https:\/\/www.webdo.tn\/fr\/actualite\/national\/neji-jalloul-propose-de-doubler-les-salaires-pour-sortir-de-la-crise\/202406\/","url":"https:\/\/www.webdo.tn\/fr\/actualite\/national\/neji-jalloul-propose-de-doubler-les-salaires-pour-sortir-de-la-crise\/202406\/","name":"Neji Jalloul propose de doubler les salaires pour sortir de la crise","isPartOf":{"@id":"https:\/\/www.webdo.tn\/fr\/#website"},"primaryImageOfPage":{"@id":"https:\/\/www.webdo.tn\/fr\/actualite\/national\/neji-jalloul-propose-de-doubler-les-salaires-pour-sortir-de-la-crise\/202406\/#primaryimage"},"image":{"@id":"https:\/\/www.webdo.tn\/fr\/actualite\/national\/neji-jalloul-propose-de-doubler-les-salaires-pour-sortir-de-la-crise\/202406\/#primaryimage"},"thumbnailUrl":"https:\/\/www.webdo.tn\/fr\/wp-content\/uploads\/2023\/01\/48d5f7044d12e24fa28513bd015108cf.png","datePublished":"2023-01-30T18:23:00+00:00","dateModified":"2025-05-20T22:45:43+00:00","description":"La Tunisie fait face \u00e0 une crise \u00e9conomique et financi\u00e8re sans pr\u00e9c\u00e9dent. Apr\u00e8s une nouvelle d\u00e9gradation de la note souveraine, les risques de d\u00e9faut de paiemen...","breadcrumb":{"@id":"https:\/\/www.webdo.tn\/fr\/actualite\/national\/neji-jalloul-propose-de-doubler-les-salaires-pour-sortir-de-la-crise\/202406\/#breadcrumb"},"inLanguage":"fr-FR","potentialAction":[{"@type":"ReadAction","target":["https:\/\/www.webdo.tn\/fr\/actualite\/national\/neji-jalloul-propose-de-doubler-les-salaires-pour-sortir-de-la-crise\/202406\/"]}]},{"@type":"ImageObject","inLanguage":"fr-FR","@id":"https:\/\/www.webdo.tn\/fr\/actualite\/national\/neji-jalloul-propose-de-doubler-les-salaires-pour-sortir-de-la-crise\/202406\/#primaryimage","url":"https:\/\/www.webdo.tn\/fr\/wp-content\/uploads\/2023\/01\/48d5f7044d12e24fa28513bd015108cf.png","contentUrl":"https:\/\/www.webdo.tn\/fr\/wp-content\/uploads\/2023\/01\/48d5f7044d12e24fa28513bd015108cf.png","width":750,"height":400,"caption":"Neji Jalloul"},{"@type":"BreadcrumbList","@id":"https:\/\/www.webdo.tn\/fr\/actualite\/national\/neji-jalloul-propose-de-doubler-les-salaires-pour-sortir-de-la-crise\/202406\/#breadcrumb","itemListElement":[{"@type":"ListItem","position":1,"name":"Accueil","item":"https:\/\/www.webdo.tn\/fr\/"},{"@type":"ListItem","position":2,"name":"Neji Jalloul propose de doubler les salaires pour sortir de la crise"}]},{"@type":"WebSite","@id":"https:\/\/www.webdo.tn\/fr\/#website","url":"https:\/\/www.webdo.tn\/fr\/","name":"webdo","description":"Tunisie - News en Tunisie et \u00e0 l&#039;international sur Webdo.tn","publisher":{"@id":"https:\/\/www.webdo.tn\/fr\/#organization"},"potentialAction":[{"@type":"SearchAction","target":{"@type":"EntryPoint","urlTemplate":"https:\/\/www.webdo.tn\/fr\/?s={search_term_string}"},"query-input":{"@type":"PropertyValueSpecification","valueRequired":true,"valueName":"search_term_string"}}],"inLanguage":"fr-FR"},{"@type":"Organization","@id":"https:\/\/www.webdo.tn\/fr\/#organization","name":"Webdo","alternateName":"Webdo.tn","url":"https:\/\/www.webdo.tn\/fr\/","logo":{"@type":"ImageObject","inLanguage":"fr-FR","@id":"https:\/\/www.webdo.tn\/fr\/#\/schema\/logo\/image\/","url":"https:\/\/www.webdo.tn\/fr\/wp-content\/uploads\/2025\/06\/Webdo-Tunisie_168377.jpg","contentUrl":"https:\/\/www.webdo.tn\/fr\/wp-content\/uploads\/2025\/06\/Webdo-Tunisie_168377.jpg","width":301,"height":301,"caption":"Webdo"},"image":{"@id":"https:\/\/www.webdo.tn\/fr\/#\/schema\/logo\/image\/"},"sameAs":["https:\/\/www.facebook.com\/webdotn","https:\/\/x.com\/webdo_tn"],"description":"Webdo est un m\u00e9dia num\u00e9rique tunisien fond\u00e9 en 2010, sp\u00e9cialis\u00e9 dans l\u2019actualit\u00e9 nationale et internationale, l\u2019\u00e9conomie, la soci\u00e9t\u00e9 et les analyses politiques. Le site s\u2019adresse \u00e0 un large public francophone et couvre l\u2019information tunisienne en temps r\u00e9el.","email":"redac@webdo.tn","legalName":"YNJ SARL","foundingDate":"2010-09-06","numberOfEmployees":{"@type":"QuantitativeValue","minValue":"11","maxValue":"50"}},{"@type":"Person","@id":"https:\/\/www.webdo.tn\/fr\/#\/schema\/person\/f35b42a42c5e2511bbd282959d6385cc","name":"CL","image":{"@type":"ImageObject","inLanguage":"fr-FR","@id":"https:\/\/secure.gravatar.com\/avatar\/1447a49909b67aa657c488aec6512e1dd6143a480c1ecfee9b5b5cd74eb3b59e?s=96&d=mm&r=g","url":"https:\/\/secure.gravatar.com\/avatar\/1447a49909b67aa657c488aec6512e1dd6143a480c1ecfee9b5b5cd74eb3b59e?s=96&d=mm&r=g","contentUrl":"https:\/\/secure.gravatar.com\/avatar\/1447a49909b67aa657c488aec6512e1dd6143a480c1ecfee9b5b5cd74eb3b59e?s=96&d=mm&r=g","caption":"CL"},"url":"https:\/\/www.webdo.tn\/fr\/actualite\/author\/cl\/"}]}},"_links":{"self":[{"href":"https:\/\/www.webdo.tn\/fr\/wp-json\/wp\/v2\/posts\/202406","targetHints":{"allow":["GET"]}}],"collection":[{"href":"https:\/\/www.webdo.tn\/fr\/wp-json\/wp\/v2\/posts"}],"about":[{"href":"https:\/\/www.webdo.tn\/fr\/wp-json\/wp\/v2\/types\/post"}],"author":[{"embeddable":true,"href":"https:\/\/www.webdo.tn\/fr\/wp-json\/wp\/v2\/users\/3175"}],"replies":[{"embeddable":true,"href":"https:\/\/www.webdo.tn\/fr\/wp-json\/wp\/v2\/comments?post=202406"}],"version-history":[{"count":0,"href":"https:\/\/www.webdo.tn\/fr\/wp-json\/wp\/v2\/posts\/202406\/revisions"}],"wp:featuredmedia":[{"embeddable":true,"href":"https:\/\/www.webdo.tn\/fr\/wp-json\/wp\/v2\/media\/252344"}],"wp:attachment":[{"href":"https:\/\/www.webdo.tn\/fr\/wp-json\/wp\/v2\/media?parent=202406"}],"wp:term":[{"taxonomy":"category","embeddable":true,"href":"https:\/\/www.webdo.tn\/fr\/wp-json\/wp\/v2\/categories?post=202406"},{"taxonomy":"post_tag","embeddable":true,"href":"https:\/\/www.webdo.tn\/fr\/wp-json\/wp\/v2\/tags?post=202406"}],"curies":[{"name":"wp","href":"https:\/\/api.w.org\/{rel}","templated":true}]}}