{"id":202404,"date":"2023-01-30T16:32:00","date_gmt":"2023-01-30T16:32:00","guid":{"rendered":"https:\/\/www.webdo.tn\/fr\/blog\/projet-des-zones-blanches-au-deuxieme-tour\/202404\/"},"modified":"2023-01-30T16:32:00","modified_gmt":"2023-01-30T16:32:00","slug":"projet-des-zones-blanches-au-deuxieme-tour","status":"publish","type":"post","link":"https:\/\/www.webdo.tn\/fr\/actualite\/national\/projet-des-zones-blanches-au-deuxieme-tour\/202404\/","title":{"rendered":"Projet des  zones  blanches : au deuxi\u00e8me tour !"},"content":{"rendered":"<p>Le minist\u00e8re des technologies de la communication annonce qu\u2019il a entam\u00e9 la pr\u00e9paration de la deuxi\u00e8me phase du projet des zones blanches pour assurer la couverture de 112 secteurs.<\/p>\n<p>\t\t\t\t\t\t\t\t\tIl est \u00e0 noter que l&rsquo;op\u00e9rateur national, Tunisie Telecom, avait achev\u00e9 avec un franc succ\u00e8s en 2022 le projet de couverture des zones blanches dans sa premi\u00e8re phase \u00e0 travers 94 secteurs r\u00e9partis sur 15 gouvernorats, assurant les services de la voix et de la Data avec acc\u00e8s Internet \u00e0 164 \u00e9coles, 59 centre de sant\u00e9 de base et au profit de 180.000 habitants.<\/p>\n<p>Le minist\u00e8re souligne dans ce contexte que l\u2019infrastructure d\u00e9di\u00e9e \u00e0 la t\u00e9l\u00e9phonie mobile s\u2019est renforc\u00e9e en 2022. Chiffres \u00e0 l\u2019appui, le minist\u00e8re avance 5903 stations mobiles \u00e0 fin de 2022 pour 5679 stations en 2021.<\/p>\n","protected":false},"excerpt":{"rendered":"<p>Le minist\u00e8re des technologies de la communication annonce qu\u2019il a entam\u00e9 la pr\u00e9paration de la deuxi\u00e8me phase du projet des zones blanches pour assurer la couver&#8230;<\/p>\n","protected":false},"author":4780,"featured_media":252334,"comment_status":"open","ping_status":"closed","sticky":false,"template":"","format":"standard","meta":{"footnotes":""},"categories":[44],"tags":[8827,2931,8828],"class_list":["post-202404","post","type-post","status-publish","format-standard","has-post-thumbnail","hentry","category-national","tag-telephonie-mobile","tag-tunisie-telecom","tag-zones-blanches"],"yoast_head":"<!-- This site is optimized with the Yoast SEO Premium plugin v27.4 (Yoast SEO v27.5) - https:\/\/yoast.com\/product\/yoast-seo-premium-wordpress\/ -->\n<title>Projet des zones blanches : au deuxi\u00e8me tour !<\/title>\n<meta name=\"description\" content=\"Le minist\u00e8re des technologies de la communication annonce qu\u2019il a entam\u00e9 la pr\u00e9paration de la deuxi\u00e8me phase du projet des zones blanches pour assurer la couver...\" \/>\n<link rel=\"canonical\" href=\"https:\/\/www.webdo.tn\/fr\/actualite\/national\/projet-des-zones-blanches-au-deuxieme-tour\/202404\/\" \/>\n<meta property=\"og:locale\" content=\"fr_FR\" \/>\n<meta property=\"og:type\" content=\"article\" \/>\n<meta property=\"og:title\" content=\"Projet des zones blanches : au deuxi\u00e8me tour !\" \/>\n<meta property=\"og:description\" content=\"Le minist\u00e8re des technologies de la communication annonce qu\u2019il a entam\u00e9 la pr\u00e9paration de la deuxi\u00e8me phase du projet des zones blanches pour assurer la couver...\" \/>\n<meta property=\"og:url\" content=\"https:\/\/www.webdo.tn\/fr\/actualite\/national\/projet-des-zones-blanches-au-deuxieme-tour\/202404\/\" \/>\n<meta property=\"og:site_name\" content=\"webdo\" \/>\n<meta property=\"article:publisher\" content=\"https:\/\/www.facebook.com\/webdotn\" \/>\n<meta property=\"article:published_time\" content=\"2023-01-30T16:32:00+00:00\" \/>\n<meta property=\"og:image\" content=\"https:\/\/www.webdo.tn\/fr\/wp-content\/uploads\/2023\/01\/23aab584761f770df3be919aa0bf138e-1.jpg\" \/>\n\t<meta property=\"og:image:width\" content=\"750\" \/>\n\t<meta property=\"og:image:height\" content=\"400\" \/>\n\t<meta property=\"og:image:type\" content=\"image\/jpeg\" \/>\n<meta name=\"author\" content=\"Monia Bamri\" \/>\n<meta name=\"twitter:card\" content=\"summary_large_image\" \/>\n<meta name=\"twitter:creator\" content=\"@webdo_tn\" \/>\n<meta name=\"twitter:site\" content=\"@webdo_tn\" \/>\n<meta name=\"twitter:label1\" content=\"\u00c9crit par\" \/>\n\t<meta name=\"twitter:data1\" content=\"Monia Bamri\" \/>\n\t<meta name=\"twitter:label2\" content=\"Dur\u00e9e de lecture estim\u00e9e\" \/>\n\t<meta name=\"twitter:data2\" content=\"1 minute\" \/>\n<script type=\"application\/ld+json\" class=\"yoast-schema-graph\">{\"@context\":\"https:\\\/\\\/schema.org\",\"@graph\":[{\"@type\":\"NewsArticle\",\"@id\":\"https:\\\/\\\/www.webdo.tn\\\/fr\\\/actualite\\\/national\\\/projet-des-zones-blanches-au-deuxieme-tour\\\/202404\\\/#article\",\"isPartOf\":{\"@id\":\"https:\\\/\\\/www.webdo.tn\\\/fr\\\/actualite\\\/national\\\/projet-des-zones-blanches-au-deuxieme-tour\\\/202404\\\/\"},\"author\":{\"name\":\"Monia Bamri\",\"@id\":\"https:\\\/\\\/www.webdo.tn\\\/fr\\\/#\\\/schema\\\/person\\\/d1da0176a9d8f1249ef4e693c4b29d76\"},\"headline\":\"Projet des zones blanches : au deuxi\u00e8me tour !\",\"datePublished\":\"2023-01-30T16:32:00+00:00\",\"mainEntityOfPage\":{\"@id\":\"https:\\\/\\\/www.webdo.tn\\\/fr\\\/actualite\\\/national\\\/projet-des-zones-blanches-au-deuxieme-tour\\\/202404\\\/\"},\"wordCount\":138,\"commentCount\":0,\"publisher\":{\"@id\":\"https:\\\/\\\/www.webdo.tn\\\/fr\\\/#organization\"},\"image\":{\"@id\":\"https:\\\/\\\/www.webdo.tn\\\/fr\\\/actualite\\\/national\\\/projet-des-zones-blanches-au-deuxieme-tour\\\/202404\\\/#primaryimage\"},\"thumbnailUrl\":\"https:\\\/\\\/www.webdo.tn\\\/fr\\\/wp-content\\\/uploads\\\/2023\\\/01\\\/23aab584761f770df3be919aa0bf138e-1.jpg\",\"keywords\":[\"t\u00e9l\u00e9phonie mobile\",\"Tunisie Telecom\",\"zones blanches\"],\"articleSection\":[\"National\"],\"inLanguage\":\"fr-FR\"},{\"@type\":\"WebPage\",\"@id\":\"https:\\\/\\\/www.webdo.tn\\\/fr\\\/actualite\\\/national\\\/projet-des-zones-blanches-au-deuxieme-tour\\\/202404\\\/\",\"url\":\"https:\\\/\\\/www.webdo.tn\\\/fr\\\/actualite\\\/national\\\/projet-des-zones-blanches-au-deuxieme-tour\\\/202404\\\/\",\"name\":\"Projet des zones blanches : au deuxi\u00e8me tour !\",\"isPartOf\":{\"@id\":\"https:\\\/\\\/www.webdo.tn\\\/fr\\\/#website\"},\"primaryImageOfPage\":{\"@id\":\"https:\\\/\\\/www.webdo.tn\\\/fr\\\/actualite\\\/national\\\/projet-des-zones-blanches-au-deuxieme-tour\\\/202404\\\/#primaryimage\"},\"image\":{\"@id\":\"https:\\\/\\\/www.webdo.tn\\\/fr\\\/actualite\\\/national\\\/projet-des-zones-blanches-au-deuxieme-tour\\\/202404\\\/#primaryimage\"},\"thumbnailUrl\":\"https:\\\/\\\/www.webdo.tn\\\/fr\\\/wp-content\\\/uploads\\\/2023\\\/01\\\/23aab584761f770df3be919aa0bf138e-1.jpg\",\"datePublished\":\"2023-01-30T16:32:00+00:00\",\"description\":\"Le minist\u00e8re des technologies de la communication annonce qu\u2019il a entam\u00e9 la pr\u00e9paration de la deuxi\u00e8me phase du projet des zones blanches pour assurer la couver...\",\"breadcrumb\":{\"@id\":\"https:\\\/\\\/www.webdo.tn\\\/fr\\\/actualite\\\/national\\\/projet-des-zones-blanches-au-deuxieme-tour\\\/202404\\\/#breadcrumb\"},\"inLanguage\":\"fr-FR\",\"potentialAction\":[{\"@type\":\"ReadAction\",\"target\":[\"https:\\\/\\\/www.webdo.tn\\\/fr\\\/actualite\\\/national\\\/projet-des-zones-blanches-au-deuxieme-tour\\\/202404\\\/\"]}]},{\"@type\":\"ImageObject\",\"inLanguage\":\"fr-FR\",\"@id\":\"https:\\\/\\\/www.webdo.tn\\\/fr\\\/actualite\\\/national\\\/projet-des-zones-blanches-au-deuxieme-tour\\\/202404\\\/#primaryimage\",\"url\":\"https:\\\/\\\/www.webdo.tn\\\/fr\\\/wp-content\\\/uploads\\\/2023\\\/01\\\/23aab584761f770df3be919aa0bf138e-1.jpg\",\"contentUrl\":\"https:\\\/\\\/www.webdo.tn\\\/fr\\\/wp-content\\\/uploads\\\/2023\\\/01\\\/23aab584761f770df3be919aa0bf138e-1.jpg\",\"width\":750,\"height\":400,\"caption\":\"Projet des zones blanches : au deuxi\u00e8me tour !\"},{\"@type\":\"BreadcrumbList\",\"@id\":\"https:\\\/\\\/www.webdo.tn\\\/fr\\\/actualite\\\/national\\\/projet-des-zones-blanches-au-deuxieme-tour\\\/202404\\\/#breadcrumb\",\"itemListElement\":[{\"@type\":\"ListItem\",\"position\":1,\"name\":\"Accueil\",\"item\":\"https:\\\/\\\/www.webdo.tn\\\/fr\\\/\"},{\"@type\":\"ListItem\",\"position\":2,\"name\":\"Projet des zones blanches : au deuxi\u00e8me tour !\"}]},{\"@type\":\"WebSite\",\"@id\":\"https:\\\/\\\/www.webdo.tn\\\/fr\\\/#website\",\"url\":\"https:\\\/\\\/www.webdo.tn\\\/fr\\\/\",\"name\":\"webdo\",\"description\":\"Tunisie - News en Tunisie et \u00e0 l&#039;international sur Webdo.tn\",\"publisher\":{\"@id\":\"https:\\\/\\\/www.webdo.tn\\\/fr\\\/#organization\"},\"potentialAction\":[{\"@type\":\"SearchAction\",\"target\":{\"@type\":\"EntryPoint\",\"urlTemplate\":\"https:\\\/\\\/www.webdo.tn\\\/fr\\\/?s={search_term_string}\"},\"query-input\":{\"@type\":\"PropertyValueSpecification\",\"valueRequired\":true,\"valueName\":\"search_term_string\"}}],\"inLanguage\":\"fr-FR\"},{\"@type\":\"Organization\",\"@id\":\"https:\\\/\\\/www.webdo.tn\\\/fr\\\/#organization\",\"name\":\"Webdo\",\"alternateName\":\"Webdo.tn\",\"url\":\"https:\\\/\\\/www.webdo.tn\\\/fr\\\/\",\"logo\":{\"@type\":\"ImageObject\",\"inLanguage\":\"fr-FR\",\"@id\":\"https:\\\/\\\/www.webdo.tn\\\/fr\\\/#\\\/schema\\\/logo\\\/image\\\/\",\"url\":\"https:\\\/\\\/www.webdo.tn\\\/fr\\\/wp-content\\\/uploads\\\/2025\\\/06\\\/Webdo-Tunisie_168377.jpg\",\"contentUrl\":\"https:\\\/\\\/www.webdo.tn\\\/fr\\\/wp-content\\\/uploads\\\/2025\\\/06\\\/Webdo-Tunisie_168377.jpg\",\"width\":301,\"height\":301,\"caption\":\"Webdo\"},\"image\":{\"@id\":\"https:\\\/\\\/www.webdo.tn\\\/fr\\\/#\\\/schema\\\/logo\\\/image\\\/\"},\"sameAs\":[\"https:\\\/\\\/www.facebook.com\\\/webdotn\",\"https:\\\/\\\/x.com\\\/webdo_tn\"],\"description\":\"Webdo est un m\u00e9dia num\u00e9rique tunisien fond\u00e9 en 2010, sp\u00e9cialis\u00e9 dans l\u2019actualit\u00e9 nationale et internationale, l\u2019\u00e9conomie, la soci\u00e9t\u00e9 et les analyses politiques. Le site s\u2019adresse \u00e0 un large public francophone et couvre l\u2019information tunisienne en temps r\u00e9el.\",\"email\":\"redac@webdo.tn\",\"legalName\":\"YNJ SARL\",\"foundingDate\":\"2010-09-06\",\"numberOfEmployees\":{\"@type\":\"QuantitativeValue\",\"minValue\":\"11\",\"maxValue\":\"50\"}},{\"@type\":\"Person\",\"@id\":\"https:\\\/\\\/www.webdo.tn\\\/fr\\\/#\\\/schema\\\/person\\\/d1da0176a9d8f1249ef4e693c4b29d76\",\"name\":\"Monia Bamri\",\"image\":{\"@type\":\"ImageObject\",\"inLanguage\":\"fr-FR\",\"@id\":\"https:\\\/\\\/secure.gravatar.com\\\/avatar\\\/c58780455a919732b490d5fecdfd7a031f652d4d8fc4a988ed16599fe2e07b0c?s=96&d=mm&r=g\",\"url\":\"https:\\\/\\\/secure.gravatar.com\\\/avatar\\\/c58780455a919732b490d5fecdfd7a031f652d4d8fc4a988ed16599fe2e07b0c?s=96&d=mm&r=g\",\"contentUrl\":\"https:\\\/\\\/secure.gravatar.com\\\/avatar\\\/c58780455a919732b490d5fecdfd7a031f652d4d8fc4a988ed16599fe2e07b0c?s=96&d=mm&r=g\",\"caption\":\"Monia Bamri\"},\"url\":\"https:\\\/\\\/www.webdo.tn\\\/fr\\\/actualite\\\/author\\\/monia-bamri\\\/\"}]}<\/script>\n<!-- \/ Yoast SEO Premium plugin. -->","yoast_head_json":{"title":"Projet des zones blanches : au deuxi\u00e8me tour !","description":"Le minist\u00e8re des technologies de la communication annonce qu\u2019il a entam\u00e9 la pr\u00e9paration de la deuxi\u00e8me phase du projet des zones blanches pour assurer la couver...","canonical":"https:\/\/www.webdo.tn\/fr\/actualite\/national\/projet-des-zones-blanches-au-deuxieme-tour\/202404\/","og_locale":"fr_FR","og_type":"article","og_title":"Projet des zones blanches : au deuxi\u00e8me tour !","og_description":"Le minist\u00e8re des technologies de la communication annonce qu\u2019il a entam\u00e9 la pr\u00e9paration de la deuxi\u00e8me phase du projet des zones blanches pour assurer la couver...","og_url":"https:\/\/www.webdo.tn\/fr\/actualite\/national\/projet-des-zones-blanches-au-deuxieme-tour\/202404\/","og_site_name":"webdo","article_publisher":"https:\/\/www.facebook.com\/webdotn","article_published_time":"2023-01-30T16:32:00+00:00","og_image":[{"width":750,"height":400,"url":"https:\/\/www.webdo.tn\/fr\/wp-content\/uploads\/2023\/01\/23aab584761f770df3be919aa0bf138e-1.jpg","type":"image\/jpeg"}],"author":"Monia Bamri","twitter_card":"summary_large_image","twitter_creator":"@webdo_tn","twitter_site":"@webdo_tn","twitter_misc":{"\u00c9crit par":"Monia Bamri","Dur\u00e9e de lecture estim\u00e9e":"1 minute"},"schema":{"@context":"https:\/\/schema.org","@graph":[{"@type":"NewsArticle","@id":"https:\/\/www.webdo.tn\/fr\/actualite\/national\/projet-des-zones-blanches-au-deuxieme-tour\/202404\/#article","isPartOf":{"@id":"https:\/\/www.webdo.tn\/fr\/actualite\/national\/projet-des-zones-blanches-au-deuxieme-tour\/202404\/"},"author":{"name":"Monia Bamri","@id":"https:\/\/www.webdo.tn\/fr\/#\/schema\/person\/d1da0176a9d8f1249ef4e693c4b29d76"},"headline":"Projet des zones blanches : au deuxi\u00e8me tour !","datePublished":"2023-01-30T16:32:00+00:00","mainEntityOfPage":{"@id":"https:\/\/www.webdo.tn\/fr\/actualite\/national\/projet-des-zones-blanches-au-deuxieme-tour\/202404\/"},"wordCount":138,"commentCount":0,"publisher":{"@id":"https:\/\/www.webdo.tn\/fr\/#organization"},"image":{"@id":"https:\/\/www.webdo.tn\/fr\/actualite\/national\/projet-des-zones-blanches-au-deuxieme-tour\/202404\/#primaryimage"},"thumbnailUrl":"https:\/\/www.webdo.tn\/fr\/wp-content\/uploads\/2023\/01\/23aab584761f770df3be919aa0bf138e-1.jpg","keywords":["t\u00e9l\u00e9phonie mobile","Tunisie Telecom","zones blanches"],"articleSection":["National"],"inLanguage":"fr-FR"},{"@type":"WebPage","@id":"https:\/\/www.webdo.tn\/fr\/actualite\/national\/projet-des-zones-blanches-au-deuxieme-tour\/202404\/","url":"https:\/\/www.webdo.tn\/fr\/actualite\/national\/projet-des-zones-blanches-au-deuxieme-tour\/202404\/","name":"Projet des zones blanches : au deuxi\u00e8me tour !","isPartOf":{"@id":"https:\/\/www.webdo.tn\/fr\/#website"},"primaryImageOfPage":{"@id":"https:\/\/www.webdo.tn\/fr\/actualite\/national\/projet-des-zones-blanches-au-deuxieme-tour\/202404\/#primaryimage"},"image":{"@id":"https:\/\/www.webdo.tn\/fr\/actualite\/national\/projet-des-zones-blanches-au-deuxieme-tour\/202404\/#primaryimage"},"thumbnailUrl":"https:\/\/www.webdo.tn\/fr\/wp-content\/uploads\/2023\/01\/23aab584761f770df3be919aa0bf138e-1.jpg","datePublished":"2023-01-30T16:32:00+00:00","description":"Le minist\u00e8re des technologies de la communication annonce qu\u2019il a entam\u00e9 la pr\u00e9paration de la deuxi\u00e8me phase du projet des zones blanches pour assurer la couver...","breadcrumb":{"@id":"https:\/\/www.webdo.tn\/fr\/actualite\/national\/projet-des-zones-blanches-au-deuxieme-tour\/202404\/#breadcrumb"},"inLanguage":"fr-FR","potentialAction":[{"@type":"ReadAction","target":["https:\/\/www.webdo.tn\/fr\/actualite\/national\/projet-des-zones-blanches-au-deuxieme-tour\/202404\/"]}]},{"@type":"ImageObject","inLanguage":"fr-FR","@id":"https:\/\/www.webdo.tn\/fr\/actualite\/national\/projet-des-zones-blanches-au-deuxieme-tour\/202404\/#primaryimage","url":"https:\/\/www.webdo.tn\/fr\/wp-content\/uploads\/2023\/01\/23aab584761f770df3be919aa0bf138e-1.jpg","contentUrl":"https:\/\/www.webdo.tn\/fr\/wp-content\/uploads\/2023\/01\/23aab584761f770df3be919aa0bf138e-1.jpg","width":750,"height":400,"caption":"Projet des zones blanches : au deuxi\u00e8me tour !"},{"@type":"BreadcrumbList","@id":"https:\/\/www.webdo.tn\/fr\/actualite\/national\/projet-des-zones-blanches-au-deuxieme-tour\/202404\/#breadcrumb","itemListElement":[{"@type":"ListItem","position":1,"name":"Accueil","item":"https:\/\/www.webdo.tn\/fr\/"},{"@type":"ListItem","position":2,"name":"Projet des zones blanches : au deuxi\u00e8me tour !"}]},{"@type":"WebSite","@id":"https:\/\/www.webdo.tn\/fr\/#website","url":"https:\/\/www.webdo.tn\/fr\/","name":"webdo","description":"Tunisie - News en Tunisie et \u00e0 l&#039;international sur Webdo.tn","publisher":{"@id":"https:\/\/www.webdo.tn\/fr\/#organization"},"potentialAction":[{"@type":"SearchAction","target":{"@type":"EntryPoint","urlTemplate":"https:\/\/www.webdo.tn\/fr\/?s={search_term_string}"},"query-input":{"@type":"PropertyValueSpecification","valueRequired":true,"valueName":"search_term_string"}}],"inLanguage":"fr-FR"},{"@type":"Organization","@id":"https:\/\/www.webdo.tn\/fr\/#organization","name":"Webdo","alternateName":"Webdo.tn","url":"https:\/\/www.webdo.tn\/fr\/","logo":{"@type":"ImageObject","inLanguage":"fr-FR","@id":"https:\/\/www.webdo.tn\/fr\/#\/schema\/logo\/image\/","url":"https:\/\/www.webdo.tn\/fr\/wp-content\/uploads\/2025\/06\/Webdo-Tunisie_168377.jpg","contentUrl":"https:\/\/www.webdo.tn\/fr\/wp-content\/uploads\/2025\/06\/Webdo-Tunisie_168377.jpg","width":301,"height":301,"caption":"Webdo"},"image":{"@id":"https:\/\/www.webdo.tn\/fr\/#\/schema\/logo\/image\/"},"sameAs":["https:\/\/www.facebook.com\/webdotn","https:\/\/x.com\/webdo_tn"],"description":"Webdo est un m\u00e9dia num\u00e9rique tunisien fond\u00e9 en 2010, sp\u00e9cialis\u00e9 dans l\u2019actualit\u00e9 nationale et internationale, l\u2019\u00e9conomie, la soci\u00e9t\u00e9 et les analyses politiques. Le site s\u2019adresse \u00e0 un large public francophone et couvre l\u2019information tunisienne en temps r\u00e9el.","email":"redac@webdo.tn","legalName":"YNJ SARL","foundingDate":"2010-09-06","numberOfEmployees":{"@type":"QuantitativeValue","minValue":"11","maxValue":"50"}},{"@type":"Person","@id":"https:\/\/www.webdo.tn\/fr\/#\/schema\/person\/d1da0176a9d8f1249ef4e693c4b29d76","name":"Monia Bamri","image":{"@type":"ImageObject","inLanguage":"fr-FR","@id":"https:\/\/secure.gravatar.com\/avatar\/c58780455a919732b490d5fecdfd7a031f652d4d8fc4a988ed16599fe2e07b0c?s=96&d=mm&r=g","url":"https:\/\/secure.gravatar.com\/avatar\/c58780455a919732b490d5fecdfd7a031f652d4d8fc4a988ed16599fe2e07b0c?s=96&d=mm&r=g","contentUrl":"https:\/\/secure.gravatar.com\/avatar\/c58780455a919732b490d5fecdfd7a031f652d4d8fc4a988ed16599fe2e07b0c?s=96&d=mm&r=g","caption":"Monia Bamri"},"url":"https:\/\/www.webdo.tn\/fr\/actualite\/author\/monia-bamri\/"}]}},"_links":{"self":[{"href":"https:\/\/www.webdo.tn\/fr\/wp-json\/wp\/v2\/posts\/202404","targetHints":{"allow":["GET"]}}],"collection":[{"href":"https:\/\/www.webdo.tn\/fr\/wp-json\/wp\/v2\/posts"}],"about":[{"href":"https:\/\/www.webdo.tn\/fr\/wp-json\/wp\/v2\/types\/post"}],"author":[{"embeddable":true,"href":"https:\/\/www.webdo.tn\/fr\/wp-json\/wp\/v2\/users\/4780"}],"replies":[{"embeddable":true,"href":"https:\/\/www.webdo.tn\/fr\/wp-json\/wp\/v2\/comments?post=202404"}],"version-history":[{"count":0,"href":"https:\/\/www.webdo.tn\/fr\/wp-json\/wp\/v2\/posts\/202404\/revisions"}],"wp:featuredmedia":[{"embeddable":true,"href":"https:\/\/www.webdo.tn\/fr\/wp-json\/wp\/v2\/media\/252334"}],"wp:attachment":[{"href":"https:\/\/www.webdo.tn\/fr\/wp-json\/wp\/v2\/media?parent=202404"}],"wp:term":[{"taxonomy":"category","embeddable":true,"href":"https:\/\/www.webdo.tn\/fr\/wp-json\/wp\/v2\/categories?post=202404"},{"taxonomy":"post_tag","embeddable":true,"href":"https:\/\/www.webdo.tn\/fr\/wp-json\/wp\/v2\/tags?post=202404"}],"curies":[{"name":"wp","href":"https:\/\/api.w.org\/{rel}","templated":true}]}}