{"id":202395,"date":"2023-01-30T14:31:00","date_gmt":"2023-01-30T14:31:00","guid":{"rendered":"https:\/\/www.webdo.tn\/fr\/blog\/le-campanile-ouvre-ses-portes-a-tunis\/202395\/"},"modified":"2025-05-20T23:02:18","modified_gmt":"2025-05-20T23:02:18","slug":"le-campanile-ouvre-ses-portes-a-tunis","status":"publish","type":"post","link":"https:\/\/www.webdo.tn\/fr\/actualite\/national\/le-campanile-ouvre-ses-portes-a-tunis\/202395\/","title":{"rendered":"Le Campanile ouvre ses portes \u00e0 Tunis"},"content":{"rendered":"<p>C\u2019est sous la houlette du groupe franco-tunisien \u00ab\u00a0Alliance\u00a0\u00bb qu\u2019une nouvelle unit\u00e9 h\u00f4teli\u00e8re au sein du Golden Tulip El Mechtel, le \u00ab\u00a0Campanile El Mechtel\u00a0\u00bb, vient de voir le jour.<\/p>\n<p>\t\t\t\t\t\t\t\t\tLe grand Opening et le lancement de la cha\u00eene h\u00f4teli\u00e8re fran\u00e7aise Campanile en Tunisie, ont eu lieu lors d\u2019une c\u00e9r\u00e9monie officielle, tenue le 26 janvier, et ce, sous l\u2019\u00e9gide du ministre du Tourisme et de l\u2019Artisanat, M. Mohamed Moez Ben Hassine.<\/p>\n<p>Samir Jaieb, pr\u00e9sident de \u00ab\u00a0Alliance\u00a0\u00bb a fait plusieurs annonces lors de cette soir\u00e9e de lancement, mettant l\u2019accent sur l\u2019engagement de son groupe \u00e0 promouvoir le tourisme tunisien par les investissements consentis dans le secteur et rappelant que le groupe a d\u2019autres projets d\u2019envergure.<\/p>\n<p>Il s\u2019agit en premier lieu de la Ville Nouvelle de Tunis Bay (une r\u00e9sidence golfique comptant pas moins de 500 villas situ\u00e9es en Banlieue nord), ainsi que le centre commercial et d\u2019habitations le \u00ab Vicomte \u00bb \u00e0 Sousse.<\/p>\n<p>Il a rappel\u00e9 \u00e0 ce sujet que la r\u00e9habilitation du Golden Tulip El Mechtel et la r\u00e9alisation du \u00ab\u00a0Campanile El Mechtel\u00a0\u00bb ont n\u00e9cessit\u00e9 un investissement de l\u2019ordre de 30 millions de dinars.<\/p>\n<p>Pour sa part, M. Mohamed Moez Ben Hassine, ministre du Tourisme et de l\u2019Artisanat, a mis en relief l\u2019importance de cet investissement et la r\u00e9alisation de ce projet de r\u00e9novation et le lancement du \u00ab Campanile \u00bb, cette cha\u00eene h\u00f4teli\u00e8re de renomm\u00e9e qui fait ainsi son entr\u00e9e dans nos contr\u00e9es.<\/p>\n<p>Une nouvelle unit\u00e9 qui vise \u00e0 diversifier l\u2019attractivit\u00e9 touristique de la capitale Tunis, ajoutant que cet investissement est une preuve suppl\u00e9mentaire de la confiance des investisseurs tunisiens et internationaux en notre destination et en notre pays.<\/p>\n","protected":false},"excerpt":{"rendered":"<p>C\u2019est sous la houlette du groupe franco-tunisien  Alliance  qu\u2019une nouvelle unit\u00e9 h\u00f4teli\u00e8re au sein du Golden Tulip El Mechtel, le  Campanile El Mechtel , vient&#8230;<\/p>\n","protected":false},"author":3198,"featured_media":277661,"comment_status":"open","ping_status":"closed","sticky":false,"template":"","format":"standard","meta":{"footnotes":""},"categories":[44],"tags":[9307,6555,2640],"class_list":["post-202395","post","type-post","status-publish","format-standard","has-post-thumbnail","hentry","category-national","tag-campanile","tag-hotel","tag-tunis"],"yoast_head":"<!-- This site is optimized with the Yoast SEO Premium plugin v27.5 (Yoast SEO v27.5) - https:\/\/yoast.com\/product\/yoast-seo-premium-wordpress\/ -->\n<title>Le Campanile ouvre ses portes \u00e0 Tunis<\/title>\n<meta name=\"description\" content=\"C\u2019est sous la houlette du groupe franco-tunisien Alliance qu\u2019une nouvelle unit\u00e9 h\u00f4teli\u00e8re au sein du Golden Tulip El Mechtel, le Campanile El Mechtel , vient...\" \/>\n<link rel=\"canonical\" href=\"https:\/\/www.webdo.tn\/fr\/actualite\/national\/le-campanile-ouvre-ses-portes-a-tunis\/202395\/\" \/>\n<meta property=\"og:locale\" content=\"fr_FR\" \/>\n<meta property=\"og:type\" content=\"article\" \/>\n<meta property=\"og:title\" content=\"Le Campanile ouvre ses portes \u00e0 Tunis\" \/>\n<meta property=\"og:description\" content=\"C\u2019est sous la houlette du groupe franco-tunisien Alliance qu\u2019une nouvelle unit\u00e9 h\u00f4teli\u00e8re au sein du Golden Tulip El Mechtel, le Campanile El Mechtel , vient...\" \/>\n<meta property=\"og:url\" content=\"https:\/\/www.webdo.tn\/fr\/actualite\/national\/le-campanile-ouvre-ses-portes-a-tunis\/202395\/\" \/>\n<meta property=\"og:site_name\" content=\"webdo\" \/>\n<meta property=\"article:publisher\" content=\"https:\/\/www.facebook.com\/webdotn\" \/>\n<meta property=\"article:published_time\" content=\"2023-01-30T14:31:00+00:00\" \/>\n<meta property=\"article:modified_time\" content=\"2025-05-20T23:02:18+00:00\" \/>\n<meta property=\"og:image\" content=\"https:\/\/www.webdo.tn\/fr\/wp-content\/uploads\/2023\/01\/5dbc7d26ab09e3a793d971a4fabdc3f0.jpg\" \/>\n\t<meta property=\"og:image:width\" content=\"696\" \/>\n\t<meta property=\"og:image:height\" content=\"371\" \/>\n\t<meta property=\"og:image:type\" content=\"image\/jpeg\" \/>\n<meta name=\"author\" content=\"Jameleddine Ben Abdessamad\" \/>\n<meta name=\"twitter:card\" content=\"summary_large_image\" \/>\n<meta name=\"twitter:creator\" content=\"@webdo_tn\" \/>\n<meta name=\"twitter:site\" content=\"@webdo_tn\" \/>\n<meta name=\"twitter:label1\" content=\"\u00c9crit par\" \/>\n\t<meta name=\"twitter:data1\" content=\"Jameleddine Ben Abdessamad\" \/>\n\t<meta name=\"twitter:label2\" content=\"Dur\u00e9e de lecture estim\u00e9e\" \/>\n\t<meta name=\"twitter:data2\" content=\"1 minute\" \/>\n<script type=\"application\/ld+json\" class=\"yoast-schema-graph\">{\"@context\":\"https:\\\/\\\/schema.org\",\"@graph\":[{\"@type\":\"NewsArticle\",\"@id\":\"https:\\\/\\\/www.webdo.tn\\\/fr\\\/actualite\\\/national\\\/le-campanile-ouvre-ses-portes-a-tunis\\\/202395\\\/#article\",\"isPartOf\":{\"@id\":\"https:\\\/\\\/www.webdo.tn\\\/fr\\\/actualite\\\/national\\\/le-campanile-ouvre-ses-portes-a-tunis\\\/202395\\\/\"},\"author\":{\"name\":\"Jameleddine Ben Abdessamad\",\"@id\":\"https:\\\/\\\/www.webdo.tn\\\/fr\\\/#\\\/schema\\\/person\\\/3cd59ecdbfd3f2d825166ec61f70700f\"},\"headline\":\"Le Campanile ouvre ses portes \u00e0 Tunis\",\"datePublished\":\"2023-01-30T14:31:00+00:00\",\"dateModified\":\"2025-05-20T23:02:18+00:00\",\"mainEntityOfPage\":{\"@id\":\"https:\\\/\\\/www.webdo.tn\\\/fr\\\/actualite\\\/national\\\/le-campanile-ouvre-ses-portes-a-tunis\\\/202395\\\/\"},\"wordCount\":302,\"commentCount\":0,\"publisher\":{\"@id\":\"https:\\\/\\\/www.webdo.tn\\\/fr\\\/#organization\"},\"image\":{\"@id\":\"https:\\\/\\\/www.webdo.tn\\\/fr\\\/actualite\\\/national\\\/le-campanile-ouvre-ses-portes-a-tunis\\\/202395\\\/#primaryimage\"},\"thumbnailUrl\":\"https:\\\/\\\/www.webdo.tn\\\/fr\\\/wp-content\\\/uploads\\\/2023\\\/01\\\/5dbc7d26ab09e3a793d971a4fabdc3f0.jpg\",\"keywords\":[\"campanile\",\"h\u00f4tel\",\"Tunis\"],\"articleSection\":[\"National\"],\"inLanguage\":\"fr-FR\"},{\"@type\":\"WebPage\",\"@id\":\"https:\\\/\\\/www.webdo.tn\\\/fr\\\/actualite\\\/national\\\/le-campanile-ouvre-ses-portes-a-tunis\\\/202395\\\/\",\"url\":\"https:\\\/\\\/www.webdo.tn\\\/fr\\\/actualite\\\/national\\\/le-campanile-ouvre-ses-portes-a-tunis\\\/202395\\\/\",\"name\":\"Le Campanile ouvre ses portes \u00e0 Tunis\",\"isPartOf\":{\"@id\":\"https:\\\/\\\/www.webdo.tn\\\/fr\\\/#website\"},\"primaryImageOfPage\":{\"@id\":\"https:\\\/\\\/www.webdo.tn\\\/fr\\\/actualite\\\/national\\\/le-campanile-ouvre-ses-portes-a-tunis\\\/202395\\\/#primaryimage\"},\"image\":{\"@id\":\"https:\\\/\\\/www.webdo.tn\\\/fr\\\/actualite\\\/national\\\/le-campanile-ouvre-ses-portes-a-tunis\\\/202395\\\/#primaryimage\"},\"thumbnailUrl\":\"https:\\\/\\\/www.webdo.tn\\\/fr\\\/wp-content\\\/uploads\\\/2023\\\/01\\\/5dbc7d26ab09e3a793d971a4fabdc3f0.jpg\",\"datePublished\":\"2023-01-30T14:31:00+00:00\",\"dateModified\":\"2025-05-20T23:02:18+00:00\",\"description\":\"C\u2019est sous la houlette du groupe franco-tunisien Alliance qu\u2019une nouvelle unit\u00e9 h\u00f4teli\u00e8re au sein du Golden Tulip El Mechtel, le Campanile El Mechtel , vient...\",\"breadcrumb\":{\"@id\":\"https:\\\/\\\/www.webdo.tn\\\/fr\\\/actualite\\\/national\\\/le-campanile-ouvre-ses-portes-a-tunis\\\/202395\\\/#breadcrumb\"},\"inLanguage\":\"fr-FR\",\"potentialAction\":[{\"@type\":\"ReadAction\",\"target\":[\"https:\\\/\\\/www.webdo.tn\\\/fr\\\/actualite\\\/national\\\/le-campanile-ouvre-ses-portes-a-tunis\\\/202395\\\/\"]}]},{\"@type\":\"ImageObject\",\"inLanguage\":\"fr-FR\",\"@id\":\"https:\\\/\\\/www.webdo.tn\\\/fr\\\/actualite\\\/national\\\/le-campanile-ouvre-ses-portes-a-tunis\\\/202395\\\/#primaryimage\",\"url\":\"https:\\\/\\\/www.webdo.tn\\\/fr\\\/wp-content\\\/uploads\\\/2023\\\/01\\\/5dbc7d26ab09e3a793d971a4fabdc3f0.jpg\",\"contentUrl\":\"https:\\\/\\\/www.webdo.tn\\\/fr\\\/wp-content\\\/uploads\\\/2023\\\/01\\\/5dbc7d26ab09e3a793d971a4fabdc3f0.jpg\",\"width\":696,\"height\":371,\"caption\":\"Inauguration du premier \\\"Campanile\\\" en Tunisie\"},{\"@type\":\"BreadcrumbList\",\"@id\":\"https:\\\/\\\/www.webdo.tn\\\/fr\\\/actualite\\\/national\\\/le-campanile-ouvre-ses-portes-a-tunis\\\/202395\\\/#breadcrumb\",\"itemListElement\":[{\"@type\":\"ListItem\",\"position\":1,\"name\":\"Accueil\",\"item\":\"https:\\\/\\\/www.webdo.tn\\\/fr\\\/\"},{\"@type\":\"ListItem\",\"position\":2,\"name\":\"Le Campanile ouvre ses portes \u00e0 Tunis\"}]},{\"@type\":\"WebSite\",\"@id\":\"https:\\\/\\\/www.webdo.tn\\\/fr\\\/#website\",\"url\":\"https:\\\/\\\/www.webdo.tn\\\/fr\\\/\",\"name\":\"webdo\",\"description\":\"Tunisie - News en Tunisie et \u00e0 l&#039;international sur Webdo.tn\",\"publisher\":{\"@id\":\"https:\\\/\\\/www.webdo.tn\\\/fr\\\/#organization\"},\"potentialAction\":[{\"@type\":\"SearchAction\",\"target\":{\"@type\":\"EntryPoint\",\"urlTemplate\":\"https:\\\/\\\/www.webdo.tn\\\/fr\\\/?s={search_term_string}\"},\"query-input\":{\"@type\":\"PropertyValueSpecification\",\"valueRequired\":true,\"valueName\":\"search_term_string\"}}],\"inLanguage\":\"fr-FR\"},{\"@type\":\"Organization\",\"@id\":\"https:\\\/\\\/www.webdo.tn\\\/fr\\\/#organization\",\"name\":\"Webdo\",\"alternateName\":\"Webdo.tn\",\"url\":\"https:\\\/\\\/www.webdo.tn\\\/fr\\\/\",\"logo\":{\"@type\":\"ImageObject\",\"inLanguage\":\"fr-FR\",\"@id\":\"https:\\\/\\\/www.webdo.tn\\\/fr\\\/#\\\/schema\\\/logo\\\/image\\\/\",\"url\":\"https:\\\/\\\/www.webdo.tn\\\/fr\\\/wp-content\\\/uploads\\\/2025\\\/06\\\/Webdo-Tunisie_168377.jpg\",\"contentUrl\":\"https:\\\/\\\/www.webdo.tn\\\/fr\\\/wp-content\\\/uploads\\\/2025\\\/06\\\/Webdo-Tunisie_168377.jpg\",\"width\":301,\"height\":301,\"caption\":\"Webdo\"},\"image\":{\"@id\":\"https:\\\/\\\/www.webdo.tn\\\/fr\\\/#\\\/schema\\\/logo\\\/image\\\/\"},\"sameAs\":[\"https:\\\/\\\/www.facebook.com\\\/webdotn\",\"https:\\\/\\\/x.com\\\/webdo_tn\"],\"description\":\"Webdo est un m\u00e9dia num\u00e9rique tunisien fond\u00e9 en 2010, sp\u00e9cialis\u00e9 dans l\u2019actualit\u00e9 nationale et internationale, l\u2019\u00e9conomie, la soci\u00e9t\u00e9 et les analyses politiques. Le site s\u2019adresse \u00e0 un large public francophone et couvre l\u2019information tunisienne en temps r\u00e9el.\",\"email\":\"redac@webdo.tn\",\"legalName\":\"YNJ SARL\",\"foundingDate\":\"2010-09-06\",\"numberOfEmployees\":{\"@type\":\"QuantitativeValue\",\"minValue\":\"11\",\"maxValue\":\"50\"}},{\"@type\":\"Person\",\"@id\":\"https:\\\/\\\/www.webdo.tn\\\/fr\\\/#\\\/schema\\\/person\\\/3cd59ecdbfd3f2d825166ec61f70700f\",\"name\":\"Jameleddine Ben Abdessamad\",\"image\":{\"@type\":\"ImageObject\",\"inLanguage\":\"fr-FR\",\"@id\":\"https:\\\/\\\/secure.gravatar.com\\\/avatar\\\/8eabb53a0af340c3db0a37d7542bc401008f3dcfcbb40d8c9e06694f6b8edfae?s=96&d=mm&r=g\",\"url\":\"https:\\\/\\\/secure.gravatar.com\\\/avatar\\\/8eabb53a0af340c3db0a37d7542bc401008f3dcfcbb40d8c9e06694f6b8edfae?s=96&d=mm&r=g\",\"contentUrl\":\"https:\\\/\\\/secure.gravatar.com\\\/avatar\\\/8eabb53a0af340c3db0a37d7542bc401008f3dcfcbb40d8c9e06694f6b8edfae?s=96&d=mm&r=g\",\"caption\":\"Jameleddine Ben Abdessamad\"},\"url\":\"https:\\\/\\\/www.webdo.tn\\\/fr\\\/actualite\\\/author\\\/jameleddine-ben-abdessamad\\\/\"}]}<\/script>\n<!-- \/ Yoast SEO Premium plugin. -->","yoast_head_json":{"title":"Le Campanile ouvre ses portes \u00e0 Tunis","description":"C\u2019est sous la houlette du groupe franco-tunisien Alliance qu\u2019une nouvelle unit\u00e9 h\u00f4teli\u00e8re au sein du Golden Tulip El Mechtel, le Campanile El Mechtel , vient...","canonical":"https:\/\/www.webdo.tn\/fr\/actualite\/national\/le-campanile-ouvre-ses-portes-a-tunis\/202395\/","og_locale":"fr_FR","og_type":"article","og_title":"Le Campanile ouvre ses portes \u00e0 Tunis","og_description":"C\u2019est sous la houlette du groupe franco-tunisien Alliance qu\u2019une nouvelle unit\u00e9 h\u00f4teli\u00e8re au sein du Golden Tulip El Mechtel, le Campanile El Mechtel , vient...","og_url":"https:\/\/www.webdo.tn\/fr\/actualite\/national\/le-campanile-ouvre-ses-portes-a-tunis\/202395\/","og_site_name":"webdo","article_publisher":"https:\/\/www.facebook.com\/webdotn","article_published_time":"2023-01-30T14:31:00+00:00","article_modified_time":"2025-05-20T23:02:18+00:00","og_image":[{"width":696,"height":371,"url":"https:\/\/www.webdo.tn\/fr\/wp-content\/uploads\/2023\/01\/5dbc7d26ab09e3a793d971a4fabdc3f0.jpg","type":"image\/jpeg"}],"author":"Jameleddine Ben Abdessamad","twitter_card":"summary_large_image","twitter_creator":"@webdo_tn","twitter_site":"@webdo_tn","twitter_misc":{"\u00c9crit par":"Jameleddine Ben Abdessamad","Dur\u00e9e de lecture estim\u00e9e":"1 minute"},"schema":{"@context":"https:\/\/schema.org","@graph":[{"@type":"NewsArticle","@id":"https:\/\/www.webdo.tn\/fr\/actualite\/national\/le-campanile-ouvre-ses-portes-a-tunis\/202395\/#article","isPartOf":{"@id":"https:\/\/www.webdo.tn\/fr\/actualite\/national\/le-campanile-ouvre-ses-portes-a-tunis\/202395\/"},"author":{"name":"Jameleddine Ben Abdessamad","@id":"https:\/\/www.webdo.tn\/fr\/#\/schema\/person\/3cd59ecdbfd3f2d825166ec61f70700f"},"headline":"Le Campanile ouvre ses portes \u00e0 Tunis","datePublished":"2023-01-30T14:31:00+00:00","dateModified":"2025-05-20T23:02:18+00:00","mainEntityOfPage":{"@id":"https:\/\/www.webdo.tn\/fr\/actualite\/national\/le-campanile-ouvre-ses-portes-a-tunis\/202395\/"},"wordCount":302,"commentCount":0,"publisher":{"@id":"https:\/\/www.webdo.tn\/fr\/#organization"},"image":{"@id":"https:\/\/www.webdo.tn\/fr\/actualite\/national\/le-campanile-ouvre-ses-portes-a-tunis\/202395\/#primaryimage"},"thumbnailUrl":"https:\/\/www.webdo.tn\/fr\/wp-content\/uploads\/2023\/01\/5dbc7d26ab09e3a793d971a4fabdc3f0.jpg","keywords":["campanile","h\u00f4tel","Tunis"],"articleSection":["National"],"inLanguage":"fr-FR"},{"@type":"WebPage","@id":"https:\/\/www.webdo.tn\/fr\/actualite\/national\/le-campanile-ouvre-ses-portes-a-tunis\/202395\/","url":"https:\/\/www.webdo.tn\/fr\/actualite\/national\/le-campanile-ouvre-ses-portes-a-tunis\/202395\/","name":"Le Campanile ouvre ses portes \u00e0 Tunis","isPartOf":{"@id":"https:\/\/www.webdo.tn\/fr\/#website"},"primaryImageOfPage":{"@id":"https:\/\/www.webdo.tn\/fr\/actualite\/national\/le-campanile-ouvre-ses-portes-a-tunis\/202395\/#primaryimage"},"image":{"@id":"https:\/\/www.webdo.tn\/fr\/actualite\/national\/le-campanile-ouvre-ses-portes-a-tunis\/202395\/#primaryimage"},"thumbnailUrl":"https:\/\/www.webdo.tn\/fr\/wp-content\/uploads\/2023\/01\/5dbc7d26ab09e3a793d971a4fabdc3f0.jpg","datePublished":"2023-01-30T14:31:00+00:00","dateModified":"2025-05-20T23:02:18+00:00","description":"C\u2019est sous la houlette du groupe franco-tunisien Alliance qu\u2019une nouvelle unit\u00e9 h\u00f4teli\u00e8re au sein du Golden Tulip El Mechtel, le Campanile El Mechtel , vient...","breadcrumb":{"@id":"https:\/\/www.webdo.tn\/fr\/actualite\/national\/le-campanile-ouvre-ses-portes-a-tunis\/202395\/#breadcrumb"},"inLanguage":"fr-FR","potentialAction":[{"@type":"ReadAction","target":["https:\/\/www.webdo.tn\/fr\/actualite\/national\/le-campanile-ouvre-ses-portes-a-tunis\/202395\/"]}]},{"@type":"ImageObject","inLanguage":"fr-FR","@id":"https:\/\/www.webdo.tn\/fr\/actualite\/national\/le-campanile-ouvre-ses-portes-a-tunis\/202395\/#primaryimage","url":"https:\/\/www.webdo.tn\/fr\/wp-content\/uploads\/2023\/01\/5dbc7d26ab09e3a793d971a4fabdc3f0.jpg","contentUrl":"https:\/\/www.webdo.tn\/fr\/wp-content\/uploads\/2023\/01\/5dbc7d26ab09e3a793d971a4fabdc3f0.jpg","width":696,"height":371,"caption":"Inauguration du premier \"Campanile\" en Tunisie"},{"@type":"BreadcrumbList","@id":"https:\/\/www.webdo.tn\/fr\/actualite\/national\/le-campanile-ouvre-ses-portes-a-tunis\/202395\/#breadcrumb","itemListElement":[{"@type":"ListItem","position":1,"name":"Accueil","item":"https:\/\/www.webdo.tn\/fr\/"},{"@type":"ListItem","position":2,"name":"Le Campanile ouvre ses portes \u00e0 Tunis"}]},{"@type":"WebSite","@id":"https:\/\/www.webdo.tn\/fr\/#website","url":"https:\/\/www.webdo.tn\/fr\/","name":"webdo","description":"Tunisie - News en Tunisie et \u00e0 l&#039;international sur Webdo.tn","publisher":{"@id":"https:\/\/www.webdo.tn\/fr\/#organization"},"potentialAction":[{"@type":"SearchAction","target":{"@type":"EntryPoint","urlTemplate":"https:\/\/www.webdo.tn\/fr\/?s={search_term_string}"},"query-input":{"@type":"PropertyValueSpecification","valueRequired":true,"valueName":"search_term_string"}}],"inLanguage":"fr-FR"},{"@type":"Organization","@id":"https:\/\/www.webdo.tn\/fr\/#organization","name":"Webdo","alternateName":"Webdo.tn","url":"https:\/\/www.webdo.tn\/fr\/","logo":{"@type":"ImageObject","inLanguage":"fr-FR","@id":"https:\/\/www.webdo.tn\/fr\/#\/schema\/logo\/image\/","url":"https:\/\/www.webdo.tn\/fr\/wp-content\/uploads\/2025\/06\/Webdo-Tunisie_168377.jpg","contentUrl":"https:\/\/www.webdo.tn\/fr\/wp-content\/uploads\/2025\/06\/Webdo-Tunisie_168377.jpg","width":301,"height":301,"caption":"Webdo"},"image":{"@id":"https:\/\/www.webdo.tn\/fr\/#\/schema\/logo\/image\/"},"sameAs":["https:\/\/www.facebook.com\/webdotn","https:\/\/x.com\/webdo_tn"],"description":"Webdo est un m\u00e9dia num\u00e9rique tunisien fond\u00e9 en 2010, sp\u00e9cialis\u00e9 dans l\u2019actualit\u00e9 nationale et internationale, l\u2019\u00e9conomie, la soci\u00e9t\u00e9 et les analyses politiques. Le site s\u2019adresse \u00e0 un large public francophone et couvre l\u2019information tunisienne en temps r\u00e9el.","email":"redac@webdo.tn","legalName":"YNJ SARL","foundingDate":"2010-09-06","numberOfEmployees":{"@type":"QuantitativeValue","minValue":"11","maxValue":"50"}},{"@type":"Person","@id":"https:\/\/www.webdo.tn\/fr\/#\/schema\/person\/3cd59ecdbfd3f2d825166ec61f70700f","name":"Jameleddine Ben Abdessamad","image":{"@type":"ImageObject","inLanguage":"fr-FR","@id":"https:\/\/secure.gravatar.com\/avatar\/8eabb53a0af340c3db0a37d7542bc401008f3dcfcbb40d8c9e06694f6b8edfae?s=96&d=mm&r=g","url":"https:\/\/secure.gravatar.com\/avatar\/8eabb53a0af340c3db0a37d7542bc401008f3dcfcbb40d8c9e06694f6b8edfae?s=96&d=mm&r=g","contentUrl":"https:\/\/secure.gravatar.com\/avatar\/8eabb53a0af340c3db0a37d7542bc401008f3dcfcbb40d8c9e06694f6b8edfae?s=96&d=mm&r=g","caption":"Jameleddine Ben Abdessamad"},"url":"https:\/\/www.webdo.tn\/fr\/actualite\/author\/jameleddine-ben-abdessamad\/"}]}},"_links":{"self":[{"href":"https:\/\/www.webdo.tn\/fr\/wp-json\/wp\/v2\/posts\/202395","targetHints":{"allow":["GET"]}}],"collection":[{"href":"https:\/\/www.webdo.tn\/fr\/wp-json\/wp\/v2\/posts"}],"about":[{"href":"https:\/\/www.webdo.tn\/fr\/wp-json\/wp\/v2\/types\/post"}],"author":[{"embeddable":true,"href":"https:\/\/www.webdo.tn\/fr\/wp-json\/wp\/v2\/users\/3198"}],"replies":[{"embeddable":true,"href":"https:\/\/www.webdo.tn\/fr\/wp-json\/wp\/v2\/comments?post=202395"}],"version-history":[{"count":0,"href":"https:\/\/www.webdo.tn\/fr\/wp-json\/wp\/v2\/posts\/202395\/revisions"}],"wp:featuredmedia":[{"embeddable":true,"href":"https:\/\/www.webdo.tn\/fr\/wp-json\/wp\/v2\/media\/277661"}],"wp:attachment":[{"href":"https:\/\/www.webdo.tn\/fr\/wp-json\/wp\/v2\/media?parent=202395"}],"wp:term":[{"taxonomy":"category","embeddable":true,"href":"https:\/\/www.webdo.tn\/fr\/wp-json\/wp\/v2\/categories?post=202395"},{"taxonomy":"post_tag","embeddable":true,"href":"https:\/\/www.webdo.tn\/fr\/wp-json\/wp\/v2\/tags?post=202395"}],"curies":[{"name":"wp","href":"https:\/\/api.w.org\/{rel}","templated":true}]}}