{"id":202390,"date":"2023-01-30T12:28:00","date_gmt":"2023-01-30T12:28:00","guid":{"rendered":"https:\/\/www.webdo.tn\/fr\/blog\/autoroute-tunis-bizerte-travaux-de-refection-ou-travaux-de-degradation\/202390\/"},"modified":"2025-05-20T22:59:09","modified_gmt":"2025-05-20T22:59:09","slug":"autoroute-tunis-bizerte-travaux-de-refection-ou-travaux-de-degradation","status":"publish","type":"post","link":"https:\/\/www.webdo.tn\/fr\/actualite\/regions\/autoroute-tunis-bizerte-travaux-de-refection-ou-travaux-de-degradation\/202390\/","title":{"rendered":"Autoroute Tunis-Bizerte : travaux de r\u00e9fection ou travaux de d\u00e9gradation !?"},"content":{"rendered":"<p>Depuis une semaine, la soci\u00e9t\u00e9 Tunisie autoroutes proc\u00e8de \u00e0 des travaux de r\u00e9fection de tron\u00e7ons de l\u2019autoroute A4 Tunis-Bizerte. L\u2019\u00e9tat du premier tron\u00e7on am\u00e9nag\u00e9 nous semble de moindre qualit\u00e9 par rapport \u00e0 celui avant travaux !<\/p>\n<p>\t\t\t\t\t\t\t\t\tLes automobilistes qui empruntent, quotidiennement, l\u2019autoroute A4 Tunis-Bizerte se sont f\u00e9licit\u00e9s des travaux de r\u00e9fection de l\u2019asphalte de l\u2019autoroute A4 Tunis-Bizerte, entam\u00e9s depuis une semaine.<\/p>\n<p>En effet, la soci\u00e9t\u00e9 Tunisie autoroutes a mobilis\u00e9 de gros engins pour ces travaux, align\u00e9s sur une distance d\u2019une centaine de m\u00e8tres, \u00e0 l\u2019entr\u00e9e de l\u2019autoroute au niveau de la station p\u00e9age de Sidi Thabet.<\/p>\n<p>Un premier tron\u00e7on d\u2019une trentaine de m\u00e8tres a \u00e9t\u00e9 am\u00e9nag\u00e9 en fin de semaine et ouvert, promptement, \u00e0 la circulation. Mais paradoxalement, les automobilistes qui l\u2019ont emprunt\u00e9 ont \u00e9t\u00e9 d\u00e9sagr\u00e9ablement surpris par son \u00e9tat apr\u00e8s r\u00e9fection.<\/p>\n<p>En effet, sur ce tron\u00e7on de trente m\u00e8tres, la route reste toujours affaiss\u00e9e par endroits, ce qui nous renvoie \u00e0 la qualit\u00e9 des travaux. Ceci est d\u2019autant plus inadmissible que le nombre d\u2019engins et agents de voiries mobilis\u00e9s est impressionnant.<\/p>\n<p>Actuellement, un deuxi\u00e8me tron\u00e7on, distant de trois \u00e0 quatre kilom\u00e8tres du premier tron\u00e7on, sujet de notre propos, est en train d\u2019\u00eatre am\u00e9nag\u00e9. Pour ne l\u2019avoir pas emprunt\u00e9, nous ne pouvons pas avancer des pronostics quant \u00e0 la qualit\u00e9 des travaux entrepris !<\/p>\n<p>Ceci dit, si nous nous f\u00e9licitons que la soci\u00e9t\u00e9 Tunisie autoroutes appelle, \u00e0 l\u2019occasion des travaux, les usagers \u00e0 \u00eatre vigilants et \u00e0 respecter les panneaux de signalisation mis sur place, nous aimerions que les ing\u00e9nieurs du g\u00e9nie civil fassent preuve de plus de justesse.<\/p>\n<p>Et s\u2019il faille am\u00e9nager de nouveau le tron\u00e7on \u00ab am\u00e9nag\u00e9 \u00bb, le plus t\u00f4t sera le mieux !<\/p>\n","protected":false},"excerpt":{"rendered":"<p>Depuis une semaine, la soci\u00e9t\u00e9 Tunisie autoroutes proc\u00e8de \u00e0 des travaux de r\u00e9fection de tron\u00e7ons de l\u2019autoroute A4 Tunis-Bizerte. L\u2019\u00e9tat du premier tron\u00e7on am\u00e9n&#8230;<\/p>\n","protected":false},"author":3188,"featured_media":277652,"comment_status":"open","ping_status":"closed","sticky":false,"template":"","format":"standard","meta":{"footnotes":""},"categories":[2595],"tags":[4163,2707,3926,2640],"class_list":["post-202390","post","type-post","status-publish","format-standard","has-post-thumbnail","hentry","category-regions","tag-autoroute","tag-bizerte","tag-travaux","tag-tunis"],"yoast_head":"<!-- This site is optimized with the Yoast SEO Premium plugin v27.5 (Yoast SEO v27.5) - https:\/\/yoast.com\/product\/yoast-seo-premium-wordpress\/ -->\n<title>Autoroute Tunis-Bizerte : travaux de r\u00e9fection ou travaux de d\u00e9gradation !?<\/title>\n<meta name=\"description\" content=\"Depuis une semaine, la soci\u00e9t\u00e9 Tunisie autoroutes proc\u00e8de \u00e0 des travaux de r\u00e9fection de tron\u00e7ons de l\u2019autoroute A4 Tunis-Bizerte. L\u2019\u00e9tat du premier tron\u00e7on am\u00e9n...\" \/>\n<link rel=\"canonical\" href=\"https:\/\/www.webdo.tn\/fr\/actualite\/regions\/autoroute-tunis-bizerte-travaux-de-refection-ou-travaux-de-degradation\/202390\/\" \/>\n<meta property=\"og:locale\" content=\"fr_FR\" \/>\n<meta property=\"og:type\" content=\"article\" \/>\n<meta property=\"og:title\" content=\"Autoroute Tunis-Bizerte : travaux de r\u00e9fection ou travaux de d\u00e9gradation !?\" \/>\n<meta property=\"og:description\" content=\"Depuis une semaine, la soci\u00e9t\u00e9 Tunisie autoroutes proc\u00e8de \u00e0 des travaux de r\u00e9fection de tron\u00e7ons de l\u2019autoroute A4 Tunis-Bizerte. L\u2019\u00e9tat du premier tron\u00e7on am\u00e9n...\" \/>\n<meta property=\"og:url\" content=\"https:\/\/www.webdo.tn\/fr\/actualite\/regions\/autoroute-tunis-bizerte-travaux-de-refection-ou-travaux-de-degradation\/202390\/\" \/>\n<meta property=\"og:site_name\" content=\"webdo\" \/>\n<meta property=\"article:publisher\" content=\"https:\/\/www.facebook.com\/webdotn\" \/>\n<meta property=\"article:published_time\" content=\"2023-01-30T12:28:00+00:00\" \/>\n<meta property=\"article:modified_time\" content=\"2025-05-20T22:59:09+00:00\" \/>\n<meta property=\"og:image\" content=\"https:\/\/www.webdo.tn\/fr\/wp-content\/uploads\/2023\/01\/9bb97bdd96492a851ad1f097b394132d.jpg\" \/>\n\t<meta property=\"og:image:width\" content=\"684\" \/>\n\t<meta property=\"og:image:height\" content=\"365\" \/>\n\t<meta property=\"og:image:type\" content=\"image\/jpeg\" \/>\n<meta name=\"author\" content=\"Ramzi\" \/>\n<meta name=\"twitter:card\" content=\"summary_large_image\" \/>\n<meta name=\"twitter:creator\" content=\"@webdo_tn\" \/>\n<meta name=\"twitter:site\" content=\"@webdo_tn\" \/>\n<meta name=\"twitter:label1\" content=\"\u00c9crit par\" \/>\n\t<meta name=\"twitter:data1\" content=\"Ramzi\" \/>\n\t<meta name=\"twitter:label2\" content=\"Dur\u00e9e de lecture estim\u00e9e\" \/>\n\t<meta name=\"twitter:data2\" content=\"2 minutes\" \/>\n<script type=\"application\/ld+json\" class=\"yoast-schema-graph\">{\"@context\":\"https:\\\/\\\/schema.org\",\"@graph\":[{\"@type\":\"NewsArticle\",\"@id\":\"https:\\\/\\\/www.webdo.tn\\\/fr\\\/actualite\\\/regions\\\/autoroute-tunis-bizerte-travaux-de-refection-ou-travaux-de-degradation\\\/202390\\\/#article\",\"isPartOf\":{\"@id\":\"https:\\\/\\\/www.webdo.tn\\\/fr\\\/actualite\\\/regions\\\/autoroute-tunis-bizerte-travaux-de-refection-ou-travaux-de-degradation\\\/202390\\\/\"},\"author\":{\"name\":\"Ramzi\",\"@id\":\"https:\\\/\\\/www.webdo.tn\\\/fr\\\/#\\\/schema\\\/person\\\/590cb5f81adcfde6385530fdbdf468e2\"},\"headline\":\"Autoroute Tunis-Bizerte : travaux de r\u00e9fection ou travaux de d\u00e9gradation !?\",\"datePublished\":\"2023-01-30T12:28:00+00:00\",\"dateModified\":\"2025-05-20T22:59:09+00:00\",\"mainEntityOfPage\":{\"@id\":\"https:\\\/\\\/www.webdo.tn\\\/fr\\\/actualite\\\/regions\\\/autoroute-tunis-bizerte-travaux-de-refection-ou-travaux-de-degradation\\\/202390\\\/\"},\"wordCount\":328,\"commentCount\":0,\"publisher\":{\"@id\":\"https:\\\/\\\/www.webdo.tn\\\/fr\\\/#organization\"},\"image\":{\"@id\":\"https:\\\/\\\/www.webdo.tn\\\/fr\\\/actualite\\\/regions\\\/autoroute-tunis-bizerte-travaux-de-refection-ou-travaux-de-degradation\\\/202390\\\/#primaryimage\"},\"thumbnailUrl\":\"https:\\\/\\\/www.webdo.tn\\\/fr\\\/wp-content\\\/uploads\\\/2023\\\/01\\\/9bb97bdd96492a851ad1f097b394132d.jpg\",\"keywords\":[\"Autoroute\",\"Bizerte\",\"travaux\",\"Tunis\"],\"articleSection\":[\"regions\"],\"inLanguage\":\"fr-FR\"},{\"@type\":\"WebPage\",\"@id\":\"https:\\\/\\\/www.webdo.tn\\\/fr\\\/actualite\\\/regions\\\/autoroute-tunis-bizerte-travaux-de-refection-ou-travaux-de-degradation\\\/202390\\\/\",\"url\":\"https:\\\/\\\/www.webdo.tn\\\/fr\\\/actualite\\\/regions\\\/autoroute-tunis-bizerte-travaux-de-refection-ou-travaux-de-degradation\\\/202390\\\/\",\"name\":\"Autoroute Tunis-Bizerte : travaux de r\u00e9fection ou travaux de d\u00e9gradation !?\",\"isPartOf\":{\"@id\":\"https:\\\/\\\/www.webdo.tn\\\/fr\\\/#website\"},\"primaryImageOfPage\":{\"@id\":\"https:\\\/\\\/www.webdo.tn\\\/fr\\\/actualite\\\/regions\\\/autoroute-tunis-bizerte-travaux-de-refection-ou-travaux-de-degradation\\\/202390\\\/#primaryimage\"},\"image\":{\"@id\":\"https:\\\/\\\/www.webdo.tn\\\/fr\\\/actualite\\\/regions\\\/autoroute-tunis-bizerte-travaux-de-refection-ou-travaux-de-degradation\\\/202390\\\/#primaryimage\"},\"thumbnailUrl\":\"https:\\\/\\\/www.webdo.tn\\\/fr\\\/wp-content\\\/uploads\\\/2023\\\/01\\\/9bb97bdd96492a851ad1f097b394132d.jpg\",\"datePublished\":\"2023-01-30T12:28:00+00:00\",\"dateModified\":\"2025-05-20T22:59:09+00:00\",\"description\":\"Depuis une semaine, la soci\u00e9t\u00e9 Tunisie autoroutes proc\u00e8de \u00e0 des travaux de r\u00e9fection de tron\u00e7ons de l\u2019autoroute A4 Tunis-Bizerte. L\u2019\u00e9tat du premier tron\u00e7on am\u00e9n...\",\"breadcrumb\":{\"@id\":\"https:\\\/\\\/www.webdo.tn\\\/fr\\\/actualite\\\/regions\\\/autoroute-tunis-bizerte-travaux-de-refection-ou-travaux-de-degradation\\\/202390\\\/#breadcrumb\"},\"inLanguage\":\"fr-FR\",\"potentialAction\":[{\"@type\":\"ReadAction\",\"target\":[\"https:\\\/\\\/www.webdo.tn\\\/fr\\\/actualite\\\/regions\\\/autoroute-tunis-bizerte-travaux-de-refection-ou-travaux-de-degradation\\\/202390\\\/\"]}]},{\"@type\":\"ImageObject\",\"inLanguage\":\"fr-FR\",\"@id\":\"https:\\\/\\\/www.webdo.tn\\\/fr\\\/actualite\\\/regions\\\/autoroute-tunis-bizerte-travaux-de-refection-ou-travaux-de-degradation\\\/202390\\\/#primaryimage\",\"url\":\"https:\\\/\\\/www.webdo.tn\\\/fr\\\/wp-content\\\/uploads\\\/2023\\\/01\\\/9bb97bdd96492a851ad1f097b394132d.jpg\",\"contentUrl\":\"https:\\\/\\\/www.webdo.tn\\\/fr\\\/wp-content\\\/uploads\\\/2023\\\/01\\\/9bb97bdd96492a851ad1f097b394132d.jpg\",\"width\":684,\"height\":365,\"caption\":\"Autoroute Tunis-Bizerte : travaux de r\u00e9fection ou travaux de d\u00e9gradation !?\"},{\"@type\":\"BreadcrumbList\",\"@id\":\"https:\\\/\\\/www.webdo.tn\\\/fr\\\/actualite\\\/regions\\\/autoroute-tunis-bizerte-travaux-de-refection-ou-travaux-de-degradation\\\/202390\\\/#breadcrumb\",\"itemListElement\":[{\"@type\":\"ListItem\",\"position\":1,\"name\":\"Accueil\",\"item\":\"https:\\\/\\\/www.webdo.tn\\\/fr\\\/\"},{\"@type\":\"ListItem\",\"position\":2,\"name\":\"Autoroute Tunis-Bizerte : travaux de r\u00e9fection ou travaux de d\u00e9gradation !?\"}]},{\"@type\":\"WebSite\",\"@id\":\"https:\\\/\\\/www.webdo.tn\\\/fr\\\/#website\",\"url\":\"https:\\\/\\\/www.webdo.tn\\\/fr\\\/\",\"name\":\"webdo\",\"description\":\"Tunisie - News en Tunisie et \u00e0 l&#039;international sur Webdo.tn\",\"publisher\":{\"@id\":\"https:\\\/\\\/www.webdo.tn\\\/fr\\\/#organization\"},\"potentialAction\":[{\"@type\":\"SearchAction\",\"target\":{\"@type\":\"EntryPoint\",\"urlTemplate\":\"https:\\\/\\\/www.webdo.tn\\\/fr\\\/?s={search_term_string}\"},\"query-input\":{\"@type\":\"PropertyValueSpecification\",\"valueRequired\":true,\"valueName\":\"search_term_string\"}}],\"inLanguage\":\"fr-FR\"},{\"@type\":\"Organization\",\"@id\":\"https:\\\/\\\/www.webdo.tn\\\/fr\\\/#organization\",\"name\":\"Webdo\",\"alternateName\":\"Webdo.tn\",\"url\":\"https:\\\/\\\/www.webdo.tn\\\/fr\\\/\",\"logo\":{\"@type\":\"ImageObject\",\"inLanguage\":\"fr-FR\",\"@id\":\"https:\\\/\\\/www.webdo.tn\\\/fr\\\/#\\\/schema\\\/logo\\\/image\\\/\",\"url\":\"https:\\\/\\\/www.webdo.tn\\\/fr\\\/wp-content\\\/uploads\\\/2025\\\/06\\\/Webdo-Tunisie_168377.jpg\",\"contentUrl\":\"https:\\\/\\\/www.webdo.tn\\\/fr\\\/wp-content\\\/uploads\\\/2025\\\/06\\\/Webdo-Tunisie_168377.jpg\",\"width\":301,\"height\":301,\"caption\":\"Webdo\"},\"image\":{\"@id\":\"https:\\\/\\\/www.webdo.tn\\\/fr\\\/#\\\/schema\\\/logo\\\/image\\\/\"},\"sameAs\":[\"https:\\\/\\\/www.facebook.com\\\/webdotn\",\"https:\\\/\\\/x.com\\\/webdo_tn\"],\"description\":\"Webdo est un m\u00e9dia num\u00e9rique tunisien fond\u00e9 en 2010, sp\u00e9cialis\u00e9 dans l\u2019actualit\u00e9 nationale et internationale, l\u2019\u00e9conomie, la soci\u00e9t\u00e9 et les analyses politiques. Le site s\u2019adresse \u00e0 un large public francophone et couvre l\u2019information tunisienne en temps r\u00e9el.\",\"email\":\"redac@webdo.tn\",\"legalName\":\"YNJ SARL\",\"foundingDate\":\"2010-09-06\",\"numberOfEmployees\":{\"@type\":\"QuantitativeValue\",\"minValue\":\"11\",\"maxValue\":\"50\"}},{\"@type\":\"Person\",\"@id\":\"https:\\\/\\\/www.webdo.tn\\\/fr\\\/#\\\/schema\\\/person\\\/590cb5f81adcfde6385530fdbdf468e2\",\"name\":\"Ramzi\",\"image\":{\"@type\":\"ImageObject\",\"inLanguage\":\"fr-FR\",\"@id\":\"https:\\\/\\\/secure.gravatar.com\\\/avatar\\\/48df7d18915e10cf866ba8e27604c81ff9243fd52704a1d210c3e387e1cb8d87?s=96&d=mm&r=g\",\"url\":\"https:\\\/\\\/secure.gravatar.com\\\/avatar\\\/48df7d18915e10cf866ba8e27604c81ff9243fd52704a1d210c3e387e1cb8d87?s=96&d=mm&r=g\",\"contentUrl\":\"https:\\\/\\\/secure.gravatar.com\\\/avatar\\\/48df7d18915e10cf866ba8e27604c81ff9243fd52704a1d210c3e387e1cb8d87?s=96&d=mm&r=g\",\"caption\":\"Ramzi\"},\"url\":\"https:\\\/\\\/www.webdo.tn\\\/fr\\\/actualite\\\/author\\\/ramzi\\\/\"}]}<\/script>\n<!-- \/ Yoast SEO Premium plugin. -->","yoast_head_json":{"title":"Autoroute Tunis-Bizerte : travaux de r\u00e9fection ou travaux de d\u00e9gradation !?","description":"Depuis une semaine, la soci\u00e9t\u00e9 Tunisie autoroutes proc\u00e8de \u00e0 des travaux de r\u00e9fection de tron\u00e7ons de l\u2019autoroute A4 Tunis-Bizerte. L\u2019\u00e9tat du premier tron\u00e7on am\u00e9n...","canonical":"https:\/\/www.webdo.tn\/fr\/actualite\/regions\/autoroute-tunis-bizerte-travaux-de-refection-ou-travaux-de-degradation\/202390\/","og_locale":"fr_FR","og_type":"article","og_title":"Autoroute Tunis-Bizerte : travaux de r\u00e9fection ou travaux de d\u00e9gradation !?","og_description":"Depuis une semaine, la soci\u00e9t\u00e9 Tunisie autoroutes proc\u00e8de \u00e0 des travaux de r\u00e9fection de tron\u00e7ons de l\u2019autoroute A4 Tunis-Bizerte. L\u2019\u00e9tat du premier tron\u00e7on am\u00e9n...","og_url":"https:\/\/www.webdo.tn\/fr\/actualite\/regions\/autoroute-tunis-bizerte-travaux-de-refection-ou-travaux-de-degradation\/202390\/","og_site_name":"webdo","article_publisher":"https:\/\/www.facebook.com\/webdotn","article_published_time":"2023-01-30T12:28:00+00:00","article_modified_time":"2025-05-20T22:59:09+00:00","og_image":[{"width":684,"height":365,"url":"https:\/\/www.webdo.tn\/fr\/wp-content\/uploads\/2023\/01\/9bb97bdd96492a851ad1f097b394132d.jpg","type":"image\/jpeg"}],"author":"Ramzi","twitter_card":"summary_large_image","twitter_creator":"@webdo_tn","twitter_site":"@webdo_tn","twitter_misc":{"\u00c9crit par":"Ramzi","Dur\u00e9e de lecture estim\u00e9e":"2 minutes"},"schema":{"@context":"https:\/\/schema.org","@graph":[{"@type":"NewsArticle","@id":"https:\/\/www.webdo.tn\/fr\/actualite\/regions\/autoroute-tunis-bizerte-travaux-de-refection-ou-travaux-de-degradation\/202390\/#article","isPartOf":{"@id":"https:\/\/www.webdo.tn\/fr\/actualite\/regions\/autoroute-tunis-bizerte-travaux-de-refection-ou-travaux-de-degradation\/202390\/"},"author":{"name":"Ramzi","@id":"https:\/\/www.webdo.tn\/fr\/#\/schema\/person\/590cb5f81adcfde6385530fdbdf468e2"},"headline":"Autoroute Tunis-Bizerte : travaux de r\u00e9fection ou travaux de d\u00e9gradation !?","datePublished":"2023-01-30T12:28:00+00:00","dateModified":"2025-05-20T22:59:09+00:00","mainEntityOfPage":{"@id":"https:\/\/www.webdo.tn\/fr\/actualite\/regions\/autoroute-tunis-bizerte-travaux-de-refection-ou-travaux-de-degradation\/202390\/"},"wordCount":328,"commentCount":0,"publisher":{"@id":"https:\/\/www.webdo.tn\/fr\/#organization"},"image":{"@id":"https:\/\/www.webdo.tn\/fr\/actualite\/regions\/autoroute-tunis-bizerte-travaux-de-refection-ou-travaux-de-degradation\/202390\/#primaryimage"},"thumbnailUrl":"https:\/\/www.webdo.tn\/fr\/wp-content\/uploads\/2023\/01\/9bb97bdd96492a851ad1f097b394132d.jpg","keywords":["Autoroute","Bizerte","travaux","Tunis"],"articleSection":["regions"],"inLanguage":"fr-FR"},{"@type":"WebPage","@id":"https:\/\/www.webdo.tn\/fr\/actualite\/regions\/autoroute-tunis-bizerte-travaux-de-refection-ou-travaux-de-degradation\/202390\/","url":"https:\/\/www.webdo.tn\/fr\/actualite\/regions\/autoroute-tunis-bizerte-travaux-de-refection-ou-travaux-de-degradation\/202390\/","name":"Autoroute Tunis-Bizerte : travaux de r\u00e9fection ou travaux de d\u00e9gradation !?","isPartOf":{"@id":"https:\/\/www.webdo.tn\/fr\/#website"},"primaryImageOfPage":{"@id":"https:\/\/www.webdo.tn\/fr\/actualite\/regions\/autoroute-tunis-bizerte-travaux-de-refection-ou-travaux-de-degradation\/202390\/#primaryimage"},"image":{"@id":"https:\/\/www.webdo.tn\/fr\/actualite\/regions\/autoroute-tunis-bizerte-travaux-de-refection-ou-travaux-de-degradation\/202390\/#primaryimage"},"thumbnailUrl":"https:\/\/www.webdo.tn\/fr\/wp-content\/uploads\/2023\/01\/9bb97bdd96492a851ad1f097b394132d.jpg","datePublished":"2023-01-30T12:28:00+00:00","dateModified":"2025-05-20T22:59:09+00:00","description":"Depuis une semaine, la soci\u00e9t\u00e9 Tunisie autoroutes proc\u00e8de \u00e0 des travaux de r\u00e9fection de tron\u00e7ons de l\u2019autoroute A4 Tunis-Bizerte. L\u2019\u00e9tat du premier tron\u00e7on am\u00e9n...","breadcrumb":{"@id":"https:\/\/www.webdo.tn\/fr\/actualite\/regions\/autoroute-tunis-bizerte-travaux-de-refection-ou-travaux-de-degradation\/202390\/#breadcrumb"},"inLanguage":"fr-FR","potentialAction":[{"@type":"ReadAction","target":["https:\/\/www.webdo.tn\/fr\/actualite\/regions\/autoroute-tunis-bizerte-travaux-de-refection-ou-travaux-de-degradation\/202390\/"]}]},{"@type":"ImageObject","inLanguage":"fr-FR","@id":"https:\/\/www.webdo.tn\/fr\/actualite\/regions\/autoroute-tunis-bizerte-travaux-de-refection-ou-travaux-de-degradation\/202390\/#primaryimage","url":"https:\/\/www.webdo.tn\/fr\/wp-content\/uploads\/2023\/01\/9bb97bdd96492a851ad1f097b394132d.jpg","contentUrl":"https:\/\/www.webdo.tn\/fr\/wp-content\/uploads\/2023\/01\/9bb97bdd96492a851ad1f097b394132d.jpg","width":684,"height":365,"caption":"Autoroute Tunis-Bizerte : travaux de r\u00e9fection ou travaux de d\u00e9gradation !?"},{"@type":"BreadcrumbList","@id":"https:\/\/www.webdo.tn\/fr\/actualite\/regions\/autoroute-tunis-bizerte-travaux-de-refection-ou-travaux-de-degradation\/202390\/#breadcrumb","itemListElement":[{"@type":"ListItem","position":1,"name":"Accueil","item":"https:\/\/www.webdo.tn\/fr\/"},{"@type":"ListItem","position":2,"name":"Autoroute Tunis-Bizerte : travaux de r\u00e9fection ou travaux de d\u00e9gradation !?"}]},{"@type":"WebSite","@id":"https:\/\/www.webdo.tn\/fr\/#website","url":"https:\/\/www.webdo.tn\/fr\/","name":"webdo","description":"Tunisie - News en Tunisie et \u00e0 l&#039;international sur Webdo.tn","publisher":{"@id":"https:\/\/www.webdo.tn\/fr\/#organization"},"potentialAction":[{"@type":"SearchAction","target":{"@type":"EntryPoint","urlTemplate":"https:\/\/www.webdo.tn\/fr\/?s={search_term_string}"},"query-input":{"@type":"PropertyValueSpecification","valueRequired":true,"valueName":"search_term_string"}}],"inLanguage":"fr-FR"},{"@type":"Organization","@id":"https:\/\/www.webdo.tn\/fr\/#organization","name":"Webdo","alternateName":"Webdo.tn","url":"https:\/\/www.webdo.tn\/fr\/","logo":{"@type":"ImageObject","inLanguage":"fr-FR","@id":"https:\/\/www.webdo.tn\/fr\/#\/schema\/logo\/image\/","url":"https:\/\/www.webdo.tn\/fr\/wp-content\/uploads\/2025\/06\/Webdo-Tunisie_168377.jpg","contentUrl":"https:\/\/www.webdo.tn\/fr\/wp-content\/uploads\/2025\/06\/Webdo-Tunisie_168377.jpg","width":301,"height":301,"caption":"Webdo"},"image":{"@id":"https:\/\/www.webdo.tn\/fr\/#\/schema\/logo\/image\/"},"sameAs":["https:\/\/www.facebook.com\/webdotn","https:\/\/x.com\/webdo_tn"],"description":"Webdo est un m\u00e9dia num\u00e9rique tunisien fond\u00e9 en 2010, sp\u00e9cialis\u00e9 dans l\u2019actualit\u00e9 nationale et internationale, l\u2019\u00e9conomie, la soci\u00e9t\u00e9 et les analyses politiques. Le site s\u2019adresse \u00e0 un large public francophone et couvre l\u2019information tunisienne en temps r\u00e9el.","email":"redac@webdo.tn","legalName":"YNJ SARL","foundingDate":"2010-09-06","numberOfEmployees":{"@type":"QuantitativeValue","minValue":"11","maxValue":"50"}},{"@type":"Person","@id":"https:\/\/www.webdo.tn\/fr\/#\/schema\/person\/590cb5f81adcfde6385530fdbdf468e2","name":"Ramzi","image":{"@type":"ImageObject","inLanguage":"fr-FR","@id":"https:\/\/secure.gravatar.com\/avatar\/48df7d18915e10cf866ba8e27604c81ff9243fd52704a1d210c3e387e1cb8d87?s=96&d=mm&r=g","url":"https:\/\/secure.gravatar.com\/avatar\/48df7d18915e10cf866ba8e27604c81ff9243fd52704a1d210c3e387e1cb8d87?s=96&d=mm&r=g","contentUrl":"https:\/\/secure.gravatar.com\/avatar\/48df7d18915e10cf866ba8e27604c81ff9243fd52704a1d210c3e387e1cb8d87?s=96&d=mm&r=g","caption":"Ramzi"},"url":"https:\/\/www.webdo.tn\/fr\/actualite\/author\/ramzi\/"}]}},"_links":{"self":[{"href":"https:\/\/www.webdo.tn\/fr\/wp-json\/wp\/v2\/posts\/202390","targetHints":{"allow":["GET"]}}],"collection":[{"href":"https:\/\/www.webdo.tn\/fr\/wp-json\/wp\/v2\/posts"}],"about":[{"href":"https:\/\/www.webdo.tn\/fr\/wp-json\/wp\/v2\/types\/post"}],"author":[{"embeddable":true,"href":"https:\/\/www.webdo.tn\/fr\/wp-json\/wp\/v2\/users\/3188"}],"replies":[{"embeddable":true,"href":"https:\/\/www.webdo.tn\/fr\/wp-json\/wp\/v2\/comments?post=202390"}],"version-history":[{"count":0,"href":"https:\/\/www.webdo.tn\/fr\/wp-json\/wp\/v2\/posts\/202390\/revisions"}],"wp:featuredmedia":[{"embeddable":true,"href":"https:\/\/www.webdo.tn\/fr\/wp-json\/wp\/v2\/media\/277652"}],"wp:attachment":[{"href":"https:\/\/www.webdo.tn\/fr\/wp-json\/wp\/v2\/media?parent=202390"}],"wp:term":[{"taxonomy":"category","embeddable":true,"href":"https:\/\/www.webdo.tn\/fr\/wp-json\/wp\/v2\/categories?post=202390"},{"taxonomy":"post_tag","embeddable":true,"href":"https:\/\/www.webdo.tn\/fr\/wp-json\/wp\/v2\/tags?post=202390"}],"curies":[{"name":"wp","href":"https:\/\/api.w.org\/{rel}","templated":true}]}}