{"id":202388,"date":"2023-01-30T12:10:00","date_gmt":"2023-01-30T12:10:00","guid":{"rendered":"https:\/\/www.webdo.tn\/fr\/blog\/une-standing-ovation-a-chikhaoui-a-la-17eme-minute-de-ess-est\/202388\/"},"modified":"2025-05-20T22:59:09","modified_gmt":"2025-05-20T22:59:09","slug":"une-standing-ovation-a-chikhaoui-a-la-17eme-minute-de-ess-est","status":"publish","type":"post","link":"https:\/\/www.webdo.tn\/fr\/actualite\/sport\/une-standing-ovation-a-chikhaoui-a-la-17eme-minute-de-ess-est\/202388\/","title":{"rendered":"Une standing ovation \u00e0 Chikhaoui \u00e0 la 17\u00e8me minute de ESS-EST !"},"content":{"rendered":"<p>Le public \u00e9toil\u00e9 compte faire, cet apr\u00e8s-midi, exactement \u00e0 la 17\u00e8me minute du match ESS-EST, une standing ovation \u00e0 Yassine Chikhaoui, bless\u00e9 aux ligaments crois\u00e9s le mercredi face au CSS.<\/p>\n<p>\t\t\t\t\t\t\t\t\tC\u2019est le message que se partagent les fans \u00e9toil\u00e9s sur les r\u00e9seaux sociaux du club quelques heures avant le grand sommet de cette 11\u00e8me journ\u00e9e entre l\u2019ESS et l\u2019EST.<\/p>\n<p>En guise d\u2019encouragements et de gratitude envers leur capitaine, les supporteurs des \u00ab Rouge \u00bb ont pr\u00e9vu une standing ovation \u00e0 Chikhaoui, \u00e0 la 17\u00e8me minute du match.<\/p>\n<p>Pourquoi \u00e0 la 17\u2019 ? Parce que la coqueluche du public \u00e9toil\u00e9 porte le maillot N\u00b017 et parce qu\u2019\u00e0 travers ce geste les supporteurs veulent exprimer leur gratitude et celui du club \u00e0 l\u2019un de leurs principaux porte-drapeaux.<\/p>\n<p>Yassine Chikhaoui qui en est \u00e0 sa troisi\u00e8me blessure aux ligaments crois\u00e9s depuis le d\u00e9but de sa carri\u00e8re, sera indisponible jusqu\u2019\u00e0 la fin de saison. Il sera pr\u00e9sent, cet apr\u00e8s-midi, en tant que spectateur.<\/p>\n<p>Nous lui souhaitons prompt r\u00e9tablissement.<\/p>\n","protected":false},"excerpt":{"rendered":"<p>Le public \u00e9toil\u00e9 compte faire, cet apr\u00e8s-midi, exactement \u00e0 la 17\u00e8me minute du match ESS-EST, une standing ovation \u00e0 Yassine Chikhaoui, bless\u00e9 aux ligaments cro&#8230;<\/p>\n","protected":false},"author":3188,"featured_media":277654,"comment_status":"open","ping_status":"closed","sticky":false,"template":"","format":"standard","meta":{"footnotes":""},"categories":[2593],"tags":[4493,6914,9299],"class_list":["post-202388","post","type-post","status-publish","format-standard","has-post-thumbnail","hentry","category-sport","tag-clasico","tag-etoile-du-sahel","tag-yassine-chikhaoui"],"yoast_head":"<!-- This site is optimized with the Yoast SEO Premium plugin v27.5 (Yoast SEO v27.5) - https:\/\/yoast.com\/product\/yoast-seo-premium-wordpress\/ -->\n<title>Une standing ovation \u00e0 Chikhaoui \u00e0 la 17\u00e8me minute de ESS-EST !<\/title>\n<meta name=\"description\" content=\"Le public \u00e9toil\u00e9 compte faire, cet apr\u00e8s-midi, exactement \u00e0 la 17\u00e8me minute du match ESS-EST, une standing ovation \u00e0 Yassine Chikhaoui, bless\u00e9 aux ligaments cro...\" \/>\n<link rel=\"canonical\" href=\"https:\/\/www.webdo.tn\/fr\/actualite\/sport\/une-standing-ovation-a-chikhaoui-a-la-17eme-minute-de-ess-est\/202388\/\" \/>\n<meta property=\"og:locale\" content=\"fr_FR\" \/>\n<meta property=\"og:type\" content=\"article\" \/>\n<meta property=\"og:title\" content=\"Une standing ovation \u00e0 Chikhaoui \u00e0 la 17\u00e8me minute de ESS-EST !\" \/>\n<meta property=\"og:description\" content=\"Le public \u00e9toil\u00e9 compte faire, cet apr\u00e8s-midi, exactement \u00e0 la 17\u00e8me minute du match ESS-EST, une standing ovation \u00e0 Yassine Chikhaoui, bless\u00e9 aux ligaments cro...\" \/>\n<meta property=\"og:url\" content=\"https:\/\/www.webdo.tn\/fr\/actualite\/sport\/une-standing-ovation-a-chikhaoui-a-la-17eme-minute-de-ess-est\/202388\/\" \/>\n<meta property=\"og:site_name\" content=\"webdo\" \/>\n<meta property=\"article:publisher\" content=\"https:\/\/www.facebook.com\/webdotn\" \/>\n<meta property=\"article:published_time\" content=\"2023-01-30T12:10:00+00:00\" \/>\n<meta property=\"article:modified_time\" content=\"2025-05-20T22:59:09+00:00\" \/>\n<meta property=\"og:image\" content=\"https:\/\/www.webdo.tn\/fr\/wp-content\/uploads\/2023\/01\/db10f334dd938fb848e64f035eb6d6dc.jpg\" \/>\n\t<meta property=\"og:image:width\" content=\"750\" \/>\n\t<meta property=\"og:image:height\" content=\"400\" \/>\n\t<meta property=\"og:image:type\" content=\"image\/jpeg\" \/>\n<meta name=\"author\" content=\"Ramzi\" \/>\n<meta name=\"twitter:card\" content=\"summary_large_image\" \/>\n<meta name=\"twitter:creator\" content=\"@webdo_tn\" \/>\n<meta name=\"twitter:site\" content=\"@webdo_tn\" \/>\n<meta name=\"twitter:label1\" content=\"\u00c9crit par\" \/>\n\t<meta name=\"twitter:data1\" content=\"Ramzi\" \/>\n\t<meta name=\"twitter:label2\" content=\"Dur\u00e9e de lecture estim\u00e9e\" \/>\n\t<meta name=\"twitter:data2\" content=\"1 minute\" \/>\n<script type=\"application\/ld+json\" class=\"yoast-schema-graph\">{\"@context\":\"https:\\\/\\\/schema.org\",\"@graph\":[{\"@type\":\"NewsArticle\",\"@id\":\"https:\\\/\\\/www.webdo.tn\\\/fr\\\/actualite\\\/sport\\\/une-standing-ovation-a-chikhaoui-a-la-17eme-minute-de-ess-est\\\/202388\\\/#article\",\"isPartOf\":{\"@id\":\"https:\\\/\\\/www.webdo.tn\\\/fr\\\/actualite\\\/sport\\\/une-standing-ovation-a-chikhaoui-a-la-17eme-minute-de-ess-est\\\/202388\\\/\"},\"author\":{\"name\":\"Ramzi\",\"@id\":\"https:\\\/\\\/www.webdo.tn\\\/fr\\\/#\\\/schema\\\/person\\\/590cb5f81adcfde6385530fdbdf468e2\"},\"headline\":\"Une standing ovation \u00e0 Chikhaoui \u00e0 la 17\u00e8me minute de ESS-EST !\",\"datePublished\":\"2023-01-30T12:10:00+00:00\",\"dateModified\":\"2025-05-20T22:59:09+00:00\",\"mainEntityOfPage\":{\"@id\":\"https:\\\/\\\/www.webdo.tn\\\/fr\\\/actualite\\\/sport\\\/une-standing-ovation-a-chikhaoui-a-la-17eme-minute-de-ess-est\\\/202388\\\/\"},\"wordCount\":180,\"commentCount\":0,\"publisher\":{\"@id\":\"https:\\\/\\\/www.webdo.tn\\\/fr\\\/#organization\"},\"image\":{\"@id\":\"https:\\\/\\\/www.webdo.tn\\\/fr\\\/actualite\\\/sport\\\/une-standing-ovation-a-chikhaoui-a-la-17eme-minute-de-ess-est\\\/202388\\\/#primaryimage\"},\"thumbnailUrl\":\"https:\\\/\\\/www.webdo.tn\\\/fr\\\/wp-content\\\/uploads\\\/2023\\\/01\\\/db10f334dd938fb848e64f035eb6d6dc.jpg\",\"keywords\":[\"clasico\",\"\u00e9toile du sahel\",\"yassine chikhaoui\"],\"articleSection\":[\"Sport\"],\"inLanguage\":\"fr-FR\"},{\"@type\":\"WebPage\",\"@id\":\"https:\\\/\\\/www.webdo.tn\\\/fr\\\/actualite\\\/sport\\\/une-standing-ovation-a-chikhaoui-a-la-17eme-minute-de-ess-est\\\/202388\\\/\",\"url\":\"https:\\\/\\\/www.webdo.tn\\\/fr\\\/actualite\\\/sport\\\/une-standing-ovation-a-chikhaoui-a-la-17eme-minute-de-ess-est\\\/202388\\\/\",\"name\":\"Une standing ovation \u00e0 Chikhaoui \u00e0 la 17\u00e8me minute de ESS-EST !\",\"isPartOf\":{\"@id\":\"https:\\\/\\\/www.webdo.tn\\\/fr\\\/#website\"},\"primaryImageOfPage\":{\"@id\":\"https:\\\/\\\/www.webdo.tn\\\/fr\\\/actualite\\\/sport\\\/une-standing-ovation-a-chikhaoui-a-la-17eme-minute-de-ess-est\\\/202388\\\/#primaryimage\"},\"image\":{\"@id\":\"https:\\\/\\\/www.webdo.tn\\\/fr\\\/actualite\\\/sport\\\/une-standing-ovation-a-chikhaoui-a-la-17eme-minute-de-ess-est\\\/202388\\\/#primaryimage\"},\"thumbnailUrl\":\"https:\\\/\\\/www.webdo.tn\\\/fr\\\/wp-content\\\/uploads\\\/2023\\\/01\\\/db10f334dd938fb848e64f035eb6d6dc.jpg\",\"datePublished\":\"2023-01-30T12:10:00+00:00\",\"dateModified\":\"2025-05-20T22:59:09+00:00\",\"description\":\"Le public \u00e9toil\u00e9 compte faire, cet apr\u00e8s-midi, exactement \u00e0 la 17\u00e8me minute du match ESS-EST, une standing ovation \u00e0 Yassine Chikhaoui, bless\u00e9 aux ligaments cro...\",\"breadcrumb\":{\"@id\":\"https:\\\/\\\/www.webdo.tn\\\/fr\\\/actualite\\\/sport\\\/une-standing-ovation-a-chikhaoui-a-la-17eme-minute-de-ess-est\\\/202388\\\/#breadcrumb\"},\"inLanguage\":\"fr-FR\",\"potentialAction\":[{\"@type\":\"ReadAction\",\"target\":[\"https:\\\/\\\/www.webdo.tn\\\/fr\\\/actualite\\\/sport\\\/une-standing-ovation-a-chikhaoui-a-la-17eme-minute-de-ess-est\\\/202388\\\/\"]}]},{\"@type\":\"ImageObject\",\"inLanguage\":\"fr-FR\",\"@id\":\"https:\\\/\\\/www.webdo.tn\\\/fr\\\/actualite\\\/sport\\\/une-standing-ovation-a-chikhaoui-a-la-17eme-minute-de-ess-est\\\/202388\\\/#primaryimage\",\"url\":\"https:\\\/\\\/www.webdo.tn\\\/fr\\\/wp-content\\\/uploads\\\/2023\\\/01\\\/db10f334dd938fb848e64f035eb6d6dc.jpg\",\"contentUrl\":\"https:\\\/\\\/www.webdo.tn\\\/fr\\\/wp-content\\\/uploads\\\/2023\\\/01\\\/db10f334dd938fb848e64f035eb6d6dc.jpg\",\"width\":750,\"height\":400,\"caption\":\"Une standing ovation \u00e0 Chikhaoui \u00e0 la 17\u00e8me minute de ESS-EST !\"},{\"@type\":\"BreadcrumbList\",\"@id\":\"https:\\\/\\\/www.webdo.tn\\\/fr\\\/actualite\\\/sport\\\/une-standing-ovation-a-chikhaoui-a-la-17eme-minute-de-ess-est\\\/202388\\\/#breadcrumb\",\"itemListElement\":[{\"@type\":\"ListItem\",\"position\":1,\"name\":\"Accueil\",\"item\":\"https:\\\/\\\/www.webdo.tn\\\/fr\\\/\"},{\"@type\":\"ListItem\",\"position\":2,\"name\":\"Une standing ovation \u00e0 Chikhaoui \u00e0 la 17\u00e8me minute de ESS-EST !\"}]},{\"@type\":\"WebSite\",\"@id\":\"https:\\\/\\\/www.webdo.tn\\\/fr\\\/#website\",\"url\":\"https:\\\/\\\/www.webdo.tn\\\/fr\\\/\",\"name\":\"webdo\",\"description\":\"Tunisie - News en Tunisie et \u00e0 l&#039;international sur Webdo.tn\",\"publisher\":{\"@id\":\"https:\\\/\\\/www.webdo.tn\\\/fr\\\/#organization\"},\"potentialAction\":[{\"@type\":\"SearchAction\",\"target\":{\"@type\":\"EntryPoint\",\"urlTemplate\":\"https:\\\/\\\/www.webdo.tn\\\/fr\\\/?s={search_term_string}\"},\"query-input\":{\"@type\":\"PropertyValueSpecification\",\"valueRequired\":true,\"valueName\":\"search_term_string\"}}],\"inLanguage\":\"fr-FR\"},{\"@type\":\"Organization\",\"@id\":\"https:\\\/\\\/www.webdo.tn\\\/fr\\\/#organization\",\"name\":\"Webdo\",\"alternateName\":\"Webdo.tn\",\"url\":\"https:\\\/\\\/www.webdo.tn\\\/fr\\\/\",\"logo\":{\"@type\":\"ImageObject\",\"inLanguage\":\"fr-FR\",\"@id\":\"https:\\\/\\\/www.webdo.tn\\\/fr\\\/#\\\/schema\\\/logo\\\/image\\\/\",\"url\":\"https:\\\/\\\/www.webdo.tn\\\/fr\\\/wp-content\\\/uploads\\\/2025\\\/06\\\/Webdo-Tunisie_168377.jpg\",\"contentUrl\":\"https:\\\/\\\/www.webdo.tn\\\/fr\\\/wp-content\\\/uploads\\\/2025\\\/06\\\/Webdo-Tunisie_168377.jpg\",\"width\":301,\"height\":301,\"caption\":\"Webdo\"},\"image\":{\"@id\":\"https:\\\/\\\/www.webdo.tn\\\/fr\\\/#\\\/schema\\\/logo\\\/image\\\/\"},\"sameAs\":[\"https:\\\/\\\/www.facebook.com\\\/webdotn\",\"https:\\\/\\\/x.com\\\/webdo_tn\"],\"description\":\"Webdo est un m\u00e9dia num\u00e9rique tunisien fond\u00e9 en 2010, sp\u00e9cialis\u00e9 dans l\u2019actualit\u00e9 nationale et internationale, l\u2019\u00e9conomie, la soci\u00e9t\u00e9 et les analyses politiques. Le site s\u2019adresse \u00e0 un large public francophone et couvre l\u2019information tunisienne en temps r\u00e9el.\",\"email\":\"redac@webdo.tn\",\"legalName\":\"YNJ SARL\",\"foundingDate\":\"2010-09-06\",\"numberOfEmployees\":{\"@type\":\"QuantitativeValue\",\"minValue\":\"11\",\"maxValue\":\"50\"}},{\"@type\":\"Person\",\"@id\":\"https:\\\/\\\/www.webdo.tn\\\/fr\\\/#\\\/schema\\\/person\\\/590cb5f81adcfde6385530fdbdf468e2\",\"name\":\"Ramzi\",\"image\":{\"@type\":\"ImageObject\",\"inLanguage\":\"fr-FR\",\"@id\":\"https:\\\/\\\/secure.gravatar.com\\\/avatar\\\/48df7d18915e10cf866ba8e27604c81ff9243fd52704a1d210c3e387e1cb8d87?s=96&d=mm&r=g\",\"url\":\"https:\\\/\\\/secure.gravatar.com\\\/avatar\\\/48df7d18915e10cf866ba8e27604c81ff9243fd52704a1d210c3e387e1cb8d87?s=96&d=mm&r=g\",\"contentUrl\":\"https:\\\/\\\/secure.gravatar.com\\\/avatar\\\/48df7d18915e10cf866ba8e27604c81ff9243fd52704a1d210c3e387e1cb8d87?s=96&d=mm&r=g\",\"caption\":\"Ramzi\"},\"url\":\"https:\\\/\\\/www.webdo.tn\\\/fr\\\/actualite\\\/author\\\/ramzi\\\/\"}]}<\/script>\n<!-- \/ Yoast SEO Premium plugin. -->","yoast_head_json":{"title":"Une standing ovation \u00e0 Chikhaoui \u00e0 la 17\u00e8me minute de ESS-EST !","description":"Le public \u00e9toil\u00e9 compte faire, cet apr\u00e8s-midi, exactement \u00e0 la 17\u00e8me minute du match ESS-EST, une standing ovation \u00e0 Yassine Chikhaoui, bless\u00e9 aux ligaments cro...","canonical":"https:\/\/www.webdo.tn\/fr\/actualite\/sport\/une-standing-ovation-a-chikhaoui-a-la-17eme-minute-de-ess-est\/202388\/","og_locale":"fr_FR","og_type":"article","og_title":"Une standing ovation \u00e0 Chikhaoui \u00e0 la 17\u00e8me minute de ESS-EST !","og_description":"Le public \u00e9toil\u00e9 compte faire, cet apr\u00e8s-midi, exactement \u00e0 la 17\u00e8me minute du match ESS-EST, une standing ovation \u00e0 Yassine Chikhaoui, bless\u00e9 aux ligaments cro...","og_url":"https:\/\/www.webdo.tn\/fr\/actualite\/sport\/une-standing-ovation-a-chikhaoui-a-la-17eme-minute-de-ess-est\/202388\/","og_site_name":"webdo","article_publisher":"https:\/\/www.facebook.com\/webdotn","article_published_time":"2023-01-30T12:10:00+00:00","article_modified_time":"2025-05-20T22:59:09+00:00","og_image":[{"width":750,"height":400,"url":"https:\/\/www.webdo.tn\/fr\/wp-content\/uploads\/2023\/01\/db10f334dd938fb848e64f035eb6d6dc.jpg","type":"image\/jpeg"}],"author":"Ramzi","twitter_card":"summary_large_image","twitter_creator":"@webdo_tn","twitter_site":"@webdo_tn","twitter_misc":{"\u00c9crit par":"Ramzi","Dur\u00e9e de lecture estim\u00e9e":"1 minute"},"schema":{"@context":"https:\/\/schema.org","@graph":[{"@type":"NewsArticle","@id":"https:\/\/www.webdo.tn\/fr\/actualite\/sport\/une-standing-ovation-a-chikhaoui-a-la-17eme-minute-de-ess-est\/202388\/#article","isPartOf":{"@id":"https:\/\/www.webdo.tn\/fr\/actualite\/sport\/une-standing-ovation-a-chikhaoui-a-la-17eme-minute-de-ess-est\/202388\/"},"author":{"name":"Ramzi","@id":"https:\/\/www.webdo.tn\/fr\/#\/schema\/person\/590cb5f81adcfde6385530fdbdf468e2"},"headline":"Une standing ovation \u00e0 Chikhaoui \u00e0 la 17\u00e8me minute de ESS-EST !","datePublished":"2023-01-30T12:10:00+00:00","dateModified":"2025-05-20T22:59:09+00:00","mainEntityOfPage":{"@id":"https:\/\/www.webdo.tn\/fr\/actualite\/sport\/une-standing-ovation-a-chikhaoui-a-la-17eme-minute-de-ess-est\/202388\/"},"wordCount":180,"commentCount":0,"publisher":{"@id":"https:\/\/www.webdo.tn\/fr\/#organization"},"image":{"@id":"https:\/\/www.webdo.tn\/fr\/actualite\/sport\/une-standing-ovation-a-chikhaoui-a-la-17eme-minute-de-ess-est\/202388\/#primaryimage"},"thumbnailUrl":"https:\/\/www.webdo.tn\/fr\/wp-content\/uploads\/2023\/01\/db10f334dd938fb848e64f035eb6d6dc.jpg","keywords":["clasico","\u00e9toile du sahel","yassine chikhaoui"],"articleSection":["Sport"],"inLanguage":"fr-FR"},{"@type":"WebPage","@id":"https:\/\/www.webdo.tn\/fr\/actualite\/sport\/une-standing-ovation-a-chikhaoui-a-la-17eme-minute-de-ess-est\/202388\/","url":"https:\/\/www.webdo.tn\/fr\/actualite\/sport\/une-standing-ovation-a-chikhaoui-a-la-17eme-minute-de-ess-est\/202388\/","name":"Une standing ovation \u00e0 Chikhaoui \u00e0 la 17\u00e8me minute de ESS-EST !","isPartOf":{"@id":"https:\/\/www.webdo.tn\/fr\/#website"},"primaryImageOfPage":{"@id":"https:\/\/www.webdo.tn\/fr\/actualite\/sport\/une-standing-ovation-a-chikhaoui-a-la-17eme-minute-de-ess-est\/202388\/#primaryimage"},"image":{"@id":"https:\/\/www.webdo.tn\/fr\/actualite\/sport\/une-standing-ovation-a-chikhaoui-a-la-17eme-minute-de-ess-est\/202388\/#primaryimage"},"thumbnailUrl":"https:\/\/www.webdo.tn\/fr\/wp-content\/uploads\/2023\/01\/db10f334dd938fb848e64f035eb6d6dc.jpg","datePublished":"2023-01-30T12:10:00+00:00","dateModified":"2025-05-20T22:59:09+00:00","description":"Le public \u00e9toil\u00e9 compte faire, cet apr\u00e8s-midi, exactement \u00e0 la 17\u00e8me minute du match ESS-EST, une standing ovation \u00e0 Yassine Chikhaoui, bless\u00e9 aux ligaments cro...","breadcrumb":{"@id":"https:\/\/www.webdo.tn\/fr\/actualite\/sport\/une-standing-ovation-a-chikhaoui-a-la-17eme-minute-de-ess-est\/202388\/#breadcrumb"},"inLanguage":"fr-FR","potentialAction":[{"@type":"ReadAction","target":["https:\/\/www.webdo.tn\/fr\/actualite\/sport\/une-standing-ovation-a-chikhaoui-a-la-17eme-minute-de-ess-est\/202388\/"]}]},{"@type":"ImageObject","inLanguage":"fr-FR","@id":"https:\/\/www.webdo.tn\/fr\/actualite\/sport\/une-standing-ovation-a-chikhaoui-a-la-17eme-minute-de-ess-est\/202388\/#primaryimage","url":"https:\/\/www.webdo.tn\/fr\/wp-content\/uploads\/2023\/01\/db10f334dd938fb848e64f035eb6d6dc.jpg","contentUrl":"https:\/\/www.webdo.tn\/fr\/wp-content\/uploads\/2023\/01\/db10f334dd938fb848e64f035eb6d6dc.jpg","width":750,"height":400,"caption":"Une standing ovation \u00e0 Chikhaoui \u00e0 la 17\u00e8me minute de ESS-EST !"},{"@type":"BreadcrumbList","@id":"https:\/\/www.webdo.tn\/fr\/actualite\/sport\/une-standing-ovation-a-chikhaoui-a-la-17eme-minute-de-ess-est\/202388\/#breadcrumb","itemListElement":[{"@type":"ListItem","position":1,"name":"Accueil","item":"https:\/\/www.webdo.tn\/fr\/"},{"@type":"ListItem","position":2,"name":"Une standing ovation \u00e0 Chikhaoui \u00e0 la 17\u00e8me minute de ESS-EST !"}]},{"@type":"WebSite","@id":"https:\/\/www.webdo.tn\/fr\/#website","url":"https:\/\/www.webdo.tn\/fr\/","name":"webdo","description":"Tunisie - News en Tunisie et \u00e0 l&#039;international sur Webdo.tn","publisher":{"@id":"https:\/\/www.webdo.tn\/fr\/#organization"},"potentialAction":[{"@type":"SearchAction","target":{"@type":"EntryPoint","urlTemplate":"https:\/\/www.webdo.tn\/fr\/?s={search_term_string}"},"query-input":{"@type":"PropertyValueSpecification","valueRequired":true,"valueName":"search_term_string"}}],"inLanguage":"fr-FR"},{"@type":"Organization","@id":"https:\/\/www.webdo.tn\/fr\/#organization","name":"Webdo","alternateName":"Webdo.tn","url":"https:\/\/www.webdo.tn\/fr\/","logo":{"@type":"ImageObject","inLanguage":"fr-FR","@id":"https:\/\/www.webdo.tn\/fr\/#\/schema\/logo\/image\/","url":"https:\/\/www.webdo.tn\/fr\/wp-content\/uploads\/2025\/06\/Webdo-Tunisie_168377.jpg","contentUrl":"https:\/\/www.webdo.tn\/fr\/wp-content\/uploads\/2025\/06\/Webdo-Tunisie_168377.jpg","width":301,"height":301,"caption":"Webdo"},"image":{"@id":"https:\/\/www.webdo.tn\/fr\/#\/schema\/logo\/image\/"},"sameAs":["https:\/\/www.facebook.com\/webdotn","https:\/\/x.com\/webdo_tn"],"description":"Webdo est un m\u00e9dia num\u00e9rique tunisien fond\u00e9 en 2010, sp\u00e9cialis\u00e9 dans l\u2019actualit\u00e9 nationale et internationale, l\u2019\u00e9conomie, la soci\u00e9t\u00e9 et les analyses politiques. Le site s\u2019adresse \u00e0 un large public francophone et couvre l\u2019information tunisienne en temps r\u00e9el.","email":"redac@webdo.tn","legalName":"YNJ SARL","foundingDate":"2010-09-06","numberOfEmployees":{"@type":"QuantitativeValue","minValue":"11","maxValue":"50"}},{"@type":"Person","@id":"https:\/\/www.webdo.tn\/fr\/#\/schema\/person\/590cb5f81adcfde6385530fdbdf468e2","name":"Ramzi","image":{"@type":"ImageObject","inLanguage":"fr-FR","@id":"https:\/\/secure.gravatar.com\/avatar\/48df7d18915e10cf866ba8e27604c81ff9243fd52704a1d210c3e387e1cb8d87?s=96&d=mm&r=g","url":"https:\/\/secure.gravatar.com\/avatar\/48df7d18915e10cf866ba8e27604c81ff9243fd52704a1d210c3e387e1cb8d87?s=96&d=mm&r=g","contentUrl":"https:\/\/secure.gravatar.com\/avatar\/48df7d18915e10cf866ba8e27604c81ff9243fd52704a1d210c3e387e1cb8d87?s=96&d=mm&r=g","caption":"Ramzi"},"url":"https:\/\/www.webdo.tn\/fr\/actualite\/author\/ramzi\/"}]}},"_links":{"self":[{"href":"https:\/\/www.webdo.tn\/fr\/wp-json\/wp\/v2\/posts\/202388","targetHints":{"allow":["GET"]}}],"collection":[{"href":"https:\/\/www.webdo.tn\/fr\/wp-json\/wp\/v2\/posts"}],"about":[{"href":"https:\/\/www.webdo.tn\/fr\/wp-json\/wp\/v2\/types\/post"}],"author":[{"embeddable":true,"href":"https:\/\/www.webdo.tn\/fr\/wp-json\/wp\/v2\/users\/3188"}],"replies":[{"embeddable":true,"href":"https:\/\/www.webdo.tn\/fr\/wp-json\/wp\/v2\/comments?post=202388"}],"version-history":[{"count":0,"href":"https:\/\/www.webdo.tn\/fr\/wp-json\/wp\/v2\/posts\/202388\/revisions"}],"wp:featuredmedia":[{"embeddable":true,"href":"https:\/\/www.webdo.tn\/fr\/wp-json\/wp\/v2\/media\/277654"}],"wp:attachment":[{"href":"https:\/\/www.webdo.tn\/fr\/wp-json\/wp\/v2\/media?parent=202388"}],"wp:term":[{"taxonomy":"category","embeddable":true,"href":"https:\/\/www.webdo.tn\/fr\/wp-json\/wp\/v2\/categories?post=202388"},{"taxonomy":"post_tag","embeddable":true,"href":"https:\/\/www.webdo.tn\/fr\/wp-json\/wp\/v2\/tags?post=202388"}],"curies":[{"name":"wp","href":"https:\/\/api.w.org\/{rel}","templated":true}]}}